{"id":253652,"date":"2022-01-12T16:02:00","date_gmt":"2022-01-12T15:02:00","guid":{"rendered":"https:\/\/www.radiopiu.net\/wordpress\/?p=253652"},"modified":"2022-01-12T16:02:01","modified_gmt":"2022-01-12T15:02:01","slug":"covid-19-e-montagna-lupi-in-audizione-per-misure-a-favore-del-turismo","status":"publish","type":"post","link":"https:\/\/www.radiopiu.net\/wordpress\/covid-19-e-montagna-lupi-in-audizione-per-misure-a-favore-del-turismo\/","title":{"rendered":"COVID 19 E MONTAGNA: L\u2019UPI IN AUDIZIONE PER MISURE A FAVORE DEL TURISMO"},"content":{"rendered":"<p><a href=\"https:\/\/www.radiopiu.net\/wordpress\/covid-19-e-montagna-lupi-in-audizione-per-misure-a-favore-del-turismo\/049695f3-ca3c-44c6-9be9-b2a604920970\/\" rel=\"attachment wp-att-253653\"><img loading=\"lazy\" decoding=\"async\" class=\"size-medium wp-image-253653 alignleft\" src=\"https:\/\/www.radiopiu.net\/wordpress\/wp-content\/uploads\/2022\/01\/049695f3-ca3c-44c6-9be9-b2a604920970-300x225.jpg\" alt=\"\" width=\"300\" height=\"225\" srcset=\"https:\/\/www.radiopiu.net\/wordpress\/wp-content\/uploads\/2022\/01\/049695f3-ca3c-44c6-9be9-b2a604920970-300x225.jpg 300w, https:\/\/www.radiopiu.net\/wordpress\/wp-content\/uploads\/2022\/01\/049695f3-ca3c-44c6-9be9-b2a604920970-768x576.jpg 768w, https:\/\/www.radiopiu.net\/wordpress\/wp-content\/uploads\/2022\/01\/049695f3-ca3c-44c6-9be9-b2a604920970.jpg 1024w\" sizes=\"auto, (max-width: 300px) 100vw, 300px\" \/><\/a>\u201c<em>L\u2019impatto della pandemia da Covid19 sulla Montagna ha prodotto effetti devastanti per le economie locali, andando ad aggravare una situazione di crisi che purtroppo gi\u00e0 pesava sulle comunit\u00e0 e sui sistemi imprenditoriali locali. Occorrono interventi di massima urgenza per sostenere le imprese nella fase critica, evitando chiusure e impoverimento del tessuto produttivo: chiediamo a Governo e Parlamento di istituire un fondo con risorse adeguate rispetto al fabbisogno effettivo rilevato, dedicato alle misure a sostegno delle attivit\u00e0 produttive del turismo montano<\/em>\u201d. Lo ha detto il Presidente della Provincia di Belluno, Roberto Padrin, intervenendo in rappresentanza dell\u2019Unione delle Province d\u2019Italia alla Commissione turismo della Camera dei deputati nell\u2019ambito dell\u2019indagine conoscitiva sulle proposte per la ripresa economica delle attivit\u00e0 turistico-ricettive della Montagna invernale, in funzione delle riaperture previste a partire dalla stagione 2021\/2022. \u201c<em>Occorre agire su pi\u00f9 fronti \u2013 ha detto Padrin. Dobbiamo garantire sostegno alle imprese, altrimenti rischiamo che non riescano a resistere alla crisi, ma dobbiamo anche offrire agli operatori turistici strumenti che consentano di assicurare la piena assistenza dal punto di vista sanitario. Proponiamo la definizione di protocolli e convenzioni tra Province, Ulss e consorzi degli impiantisti per realizzare specifici modelli di sorveglianza sanitaria e assistenza dedicato ai frequentatori delle piste da sci. <a href=\"https:\/\/www.radiopiu.net\/wordpress\/covid-19-e-montagna-lupi-in-audizione-per-misure-a-favore-del-turismo\/cbe91353-2986-4f08-b568-efbfbac686e5\/\" rel=\"attachment wp-att-253664\"><img loading=\"lazy\" decoding=\"async\" class=\"size-medium wp-image-253664 alignright\" src=\"https:\/\/www.radiopiu.net\/wordpress\/wp-content\/uploads\/2022\/01\/cbe91353-2986-4f08-b568-efbfbac686e5-300x225.jpg\" alt=\"\" width=\"300\" height=\"225\" srcset=\"https:\/\/www.radiopiu.net\/wordpress\/wp-content\/uploads\/2022\/01\/cbe91353-2986-4f08-b568-efbfbac686e5-300x225.jpg 300w, https:\/\/www.radiopiu.net\/wordpress\/wp-content\/uploads\/2022\/01\/cbe91353-2986-4f08-b568-efbfbac686e5-768x576.jpg 768w, https:\/\/www.radiopiu.net\/wordpress\/wp-content\/uploads\/2022\/01\/cbe91353-2986-4f08-b568-efbfbac686e5.jpg 1024w\" sizes=\"auto, (max-width: 300px) 100vw, 300px\" \/><\/a>Questo consentir\u00e0 non solo di monitorare con tempestivit\u00e0 la condizione sanitaria, ma sar\u00e0 promosso come servizio agli utenti per consentire la ripartenza dello sci, in massima sicurezza, aumentando la qualit\u00e0 del livello dell\u2019offerta ai turisti, in particolare a quelli stranieri. E\u2019 poi urgente \u2013 ha aggiunto &#8211; un coordinamento a livello comunitario per \u201cnormalizzare\u201d la durata dei green pass, che oggi vede notevoli differenze tra diversi Paesi europei, con la conseguenza che il turismo montano italiano sta registrando le disdette degli ospiti stranieri<\/em>\u201d. \u201c<em>Oltre all\u2019emergenza \u2013 ha concluso poi il Presidente della Provincia di Belluno \u2013 occorre accelerare sugli interventi strutturali, a partire dalla Legge sulla Montagna per garantire strumenti in grado di promuovere una crescita stabile e duratura e contrastare lo spopolamento delle aree montane, fenomeno che ha assunto dimensioni tali da rappresentare ormai una vera emergenza. Ricordo che quando un paese si spopola, le ricadute negative &#8211; fatte di abbandono, assenza di manutenzioni del territorio e perdita di presidi in quota &#8211; si ripercuotono anche a valle<\/em>\u201d.<\/p>\n<p>&nbsp;<\/p>\n<div style=\"width: 848px;\" class=\"wp-video\"><video class=\"wp-video-shortcode\" id=\"video-253652-1\" width=\"848\" height=\"480\" preload=\"metadata\" controls=\"controls\"><source type=\"video\/mp4\" src=\"https:\/\/www.radiopiu.net\/wordpress\/wp-content\/uploads\/2022\/01\/VIDEO-2022-01-12-15-58-39.mp4?_=1\" \/><a href=\"https:\/\/www.radiopiu.net\/wordpress\/wp-content\/uploads\/2022\/01\/VIDEO-2022-01-12-15-58-39.mp4\">https:\/\/www.radiopiu.net\/wordpress\/wp-content\/uploads\/2022\/01\/VIDEO-2022-01-12-15-58-39.mp4<\/a><\/video><\/div>\n<p>*****<\/p>\n","protected":false},"excerpt":{"rendered":"<p>\u201cL\u2019impatto della pandemia da Covid19 sulla Montagna ha prodotto effetti devastanti per le economie locali, andando ad aggravare una situazione di crisi che purtroppo gi\u00e0 pesava sulle comunit\u00e0 e sui sistemi imprenditoriali locali. Occorrono interventi di massima urgenza per sostenere le imprese nella fase critica, evitando chiusure e impoverimento del tessuto produttivo: chiediamo a Governo&hellip;<\/p>\n","protected":false},"author":4,"featured_media":253653,"comment_status":"closed","ping_status":"open","sticky":false,"template":"","format":"standard","meta":{"_monsterinsights_skip_tracking":false,"_monsterinsights_sitenote_active":false,"_monsterinsights_sitenote_note":"","_monsterinsights_sitenote_category":0,"footnotes":""},"categories":[51,49],"tags":[],"class_list":["post-253652","post","type-post","status-publish","format-standard","has-post-thumbnail","hentry","category-evidenza-top","category-news-18","category-51","category-49","description-off"],"img_url":"https:\/\/www.radiopiu.net\/wordpress\/wp-content\/uploads\/2022\/01\/049695f3-ca3c-44c6-9be9-b2a604920970.jpg","_links":{"self":[{"href":"https:\/\/www.radiopiu.net\/wordpress\/wp-json\/wp\/v2\/posts\/253652","targetHints":{"allow":["GET"]}}],"collection":[{"href":"https:\/\/www.radiopiu.net\/wordpress\/wp-json\/wp\/v2\/posts"}],"about":[{"href":"https:\/\/www.radiopiu.net\/wordpress\/wp-json\/wp\/v2\/types\/post"}],"author":[{"embeddable":true,"href":"https:\/\/www.radiopiu.net\/wordpress\/wp-json\/wp\/v2\/users\/4"}],"replies":[{"embeddable":true,"href":"https:\/\/www.radiopiu.net\/wordpress\/wp-json\/wp\/v2\/comments?post=253652"}],"version-history":[{"count":0,"href":"https:\/\/www.radiopiu.net\/wordpress\/wp-json\/wp\/v2\/posts\/253652\/revisions"}],"wp:featuredmedia":[{"embeddable":true,"href":"https:\/\/www.radiopiu.net\/wordpress\/wp-json\/wp\/v2\/media\/253653"}],"wp:attachment":[{"href":"https:\/\/www.radiopiu.net\/wordpress\/wp-json\/wp\/v2\/media?parent=253652"}],"wp:term":[{"taxonomy":"category","embeddable":true,"href":"https:\/\/www.radiopiu.net\/wordpress\/wp-json\/wp\/v2\/categories?post=253652"},{"taxonomy":"post_tag","embeddable":true,"href":"https:\/\/www.radiopiu.net\/wordpress\/wp-json\/wp\/v2\/tags?post=253652"}],"curies":[{"name":"wp","href":"https:\/\/api.w.org\/{rel}","templated":true}]}}