{"id":253663,"date":"2022-01-12T16:12:08","date_gmt":"2022-01-12T15:12:08","guid":{"rendered":"https:\/\/www.radiopiu.net\/wordpress\/?p=253663"},"modified":"2022-01-12T16:14:32","modified_gmt":"2022-01-12T15:14:32","slug":"aggiornamento-dellulss-1-dolomiti-sulla-campagna-vaccinale-l832-della-popolazione-bellunese","status":"publish","type":"post","link":"https:\/\/www.radiopiu.net\/wordpress\/aggiornamento-dellulss-1-dolomiti-sulla-campagna-vaccinale-l832-della-popolazione-bellunese\/","title":{"rendered":"AGGIORNAMENTO DELL&#8217;ULSS 1 DOLOMITI SULLA CAMPAGNA VACCINALE. L&#8217;83,2% DELLA POPOLAZIONE BELLUNESE HA RICEVUTO IL PRIMO CICLO"},"content":{"rendered":"<p><strong><a href=\"https:\/\/www.radiopiu.net\/wordpress\/open-day-vaccinazioni-pediatriche-domenica-a-sedico\/vaccino-bambini\/\" rel=\"attachment wp-att-252796\"><img loading=\"lazy\" decoding=\"async\" class=\"size-medium wp-image-252796 alignleft\" src=\"https:\/\/www.radiopiu.net\/wordpress\/wp-content\/uploads\/2022\/01\/VACCINO-BAMBINI-300x215.png\" alt=\"\" width=\"300\" height=\"215\" srcset=\"https:\/\/www.radiopiu.net\/wordpress\/wp-content\/uploads\/2022\/01\/VACCINO-BAMBINI-300x215.png 300w, https:\/\/www.radiopiu.net\/wordpress\/wp-content\/uploads\/2022\/01\/VACCINO-BAMBINI-1024x734.png 1024w, https:\/\/www.radiopiu.net\/wordpress\/wp-content\/uploads\/2022\/01\/VACCINO-BAMBINI-768x550.png 768w, https:\/\/www.radiopiu.net\/wordpress\/wp-content\/uploads\/2022\/01\/VACCINO-BAMBINI.png 1280w\" sizes=\"auto, (max-width: 300px) 100vw, 300px\" \/><\/a>BELLUNO<\/strong> Aggiornamento settimanale dell&#8217;Ulss 1 Dolomiti sulla campagna vaccinale anti covid in provincia di Belluno. Totale dosi somministrate: 398.521, l&#8217;83,2% \u2013 160.903 persone vaccinate con primo ciclo over 5, l&#8217;80,6% &#8211; 155.781 persone con ciclo completo over 5, 32. 377 persone ancora da vaccinare over 5 anni. Risultano vaccinati con almeno una dose: Il 19,4% dei 5-11 enni (2.117), l\u201981,1% \u00a0% dei 12- 19 enni (11.527 persone), l\u2019 84,8 % dei 20-29enni (16.060), l\u2019 80,7 % dei 30-39enni (16.015), l\u2019 80,1% dei 40-49enni (22.017), l\u201986,7% dei 50-59enni (28.788), l\u201989,2\u00a0 % dei 60-69enni (24.904), il 93,6% dei 70-79enni (22.240), circa il 100% degli over 80 (17.242). Le persone ancora da vaccinare sono cos\u00ec suddivise: 5-11 anni: 8.771 (80,6%), 12-19 anni: 2.680 (18,9%), 20-29 anni: 2.889 (15,2%), 30-39 anni: 3.833 (19,3%), 40-49 anni: 5.475 (19,9%), 50-59 anni: 4.430 (13,3%), 60-69 anni: 3.021 (10,8%), 70 79 anni: 1.533 (6,4%) <strong>TERZE DOSI\/dosi booster <\/strong>95.154 terze dosi gi\u00e0 somministrate, l&#8217;86,1 % degli over 80 eleggibili gi\u00e0 vaccinati con dose booster, l&#8217;87,1% dei 70-79enni eleggibili gi\u00e0 vaccinati con dose booster, il 76,8% della popolazione totale eleggibile gi\u00e0 vaccinato con dose booster. Sono stati aperti ulteriori posti in tutte le sedi vaccinali, oltre alle numerose sedute ad accesso libero programmate. Da luned\u00ec 10 gennaio \u00e8 stato anticipato a 4 mesi l\u2019intervallo tra la conclusione del ciclo primario e la possibile somministrazione della dose booster. <strong>VACCINAZIONI PEDIATRICHE 5-11 ANNI <\/strong>I pediatri ospedalieri sono disponibili per rispondere ai dubbi dei genitori attraverso degli incontri. Per informazioni inviare una mail alla pediatria di Belluno: <a href=\"mailto:pediatria.bl@aulss1.veneto.it\">pediatria.bl@aulss1.veneto.it<\/a> o alla Pediatria di Feltre <a href=\"mailto:pediatria.fe@aulss1.veneto.it\">pediatria.fe@aulss1.veneto.it<\/a> . Nel weekend sono in programma due sedute vaccinali per bambini ad accesso libero: sabato 15 gennaio dalle 9.00 alle 18.00 al Palaskating di Sedico, domenica 16 gennaio dalle 15.00 alle 18.30 al Centro prelievi di Feltre.<\/p>\n<p>&nbsp;<\/p>\n<p>&nbsp;<\/p>\n<p>&nbsp;<\/p>\n<p>*****<\/p>\n","protected":false},"excerpt":{"rendered":"<p>BELLUNO Aggiornamento settimanale dell&#8217;Ulss 1 Dolomiti sulla campagna vaccinale anti covid in provincia di Belluno. Totale dosi somministrate: 398.521, l&#8217;83,2% \u2013 160.903 persone vaccinate con primo ciclo over 5, l&#8217;80,6% &#8211; 155.781 persone con ciclo completo over 5, 32. 377 persone ancora da vaccinare over 5 anni. Risultano vaccinati con almeno una dose: Il 19,4%&hellip;<\/p>\n","protected":false},"author":4,"featured_media":252796,"comment_status":"closed","ping_status":"open","sticky":false,"template":"","format":"standard","meta":{"_monsterinsights_skip_tracking":false,"_monsterinsights_sitenote_active":false,"_monsterinsights_sitenote_note":"","_monsterinsights_sitenote_category":0,"footnotes":""},"categories":[49],"tags":[],"class_list":["post-253663","post","type-post","status-publish","format-standard","has-post-thumbnail","hentry","category-news-18","category-49","description-off"],"img_url":"https:\/\/www.radiopiu.net\/wordpress\/wp-content\/uploads\/2022\/01\/VACCINO-BAMBINI.png","_links":{"self":[{"href":"https:\/\/www.radiopiu.net\/wordpress\/wp-json\/wp\/v2\/posts\/253663","targetHints":{"allow":["GET"]}}],"collection":[{"href":"https:\/\/www.radiopiu.net\/wordpress\/wp-json\/wp\/v2\/posts"}],"about":[{"href":"https:\/\/www.radiopiu.net\/wordpress\/wp-json\/wp\/v2\/types\/post"}],"author":[{"embeddable":true,"href":"https:\/\/www.radiopiu.net\/wordpress\/wp-json\/wp\/v2\/users\/4"}],"replies":[{"embeddable":true,"href":"https:\/\/www.radiopiu.net\/wordpress\/wp-json\/wp\/v2\/comments?post=253663"}],"version-history":[{"count":0,"href":"https:\/\/www.radiopiu.net\/wordpress\/wp-json\/wp\/v2\/posts\/253663\/revisions"}],"wp:featuredmedia":[{"embeddable":true,"href":"https:\/\/www.radiopiu.net\/wordpress\/wp-json\/wp\/v2\/media\/252796"}],"wp:attachment":[{"href":"https:\/\/www.radiopiu.net\/wordpress\/wp-json\/wp\/v2\/media?parent=253663"}],"wp:term":[{"taxonomy":"category","embeddable":true,"href":"https:\/\/www.radiopiu.net\/wordpress\/wp-json\/wp\/v2\/categories?post=253663"},{"taxonomy":"post_tag","embeddable":true,"href":"https:\/\/www.radiopiu.net\/wordpress\/wp-json\/wp\/v2\/tags?post=253663"}],"curies":[{"name":"wp","href":"https:\/\/api.w.org\/{rel}","templated":true}]}}