{"id":253756,"date":"2022-01-13T10:58:35","date_gmt":"2022-01-13T09:58:35","guid":{"rendered":"https:\/\/www.radiopiu.net\/wordpress\/?p=253756"},"modified":"2022-01-13T10:58:35","modified_gmt":"2022-01-13T09:58:35","slug":"nuoto-quinto-posto-per-i-bellunesi-al-casa-di-caccia","status":"publish","type":"post","link":"https:\/\/www.radiopiu.net\/wordpress\/nuoto-quinto-posto-per-i-bellunesi-al-casa-di-caccia\/","title":{"rendered":"NUOTO, QUINTO POSTO PER I BELLUNESI AL &#8220;CASA DI CACCIA&#8221;"},"content":{"rendered":"<h2><span style=\"color: #0000ff;\"><strong><span id=\"page2R_mcid6\" class=\"markedContent\"><span dir=\"ltr\" role=\"presentation\">NUOTO PARALIMPICO<\/span><\/span><\/strong><\/span><\/h2>\n<p><strong>BELLUNO<\/strong>\u00a0 <span class=\"markedContent\"><span dir=\"ltr\" role=\"presentation\">I Master della Sportivamente Belluno\u00a0 protagonisti a Monastier di Treviso, dove lo <\/span><br role=\"presentation\" \/><span dir=\"ltr\" role=\"presentation\">scorso fine se<\/span><\/span><span id=\"page2R_mcid4\" class=\"markedContent\"><span dir=\"ltr\" role=\"presentation\">ttimana \u00e8 andato in scena il \u201cTrofeo Casa di caccia\u201d. <\/span><\/span><span id=\"page2R_mcid5\" class=\"markedContent\"><span dir=\"ltr\" role=\"presentation\">Alla manifestazione, spalmata su due giornate di prove, i bellunesi hanno partecipato con <\/span><span dir=\"ltr\" role=\"presentation\">diciassette elementi e si sono classificati al quinto posto assoluto, nella classifica generale delle <\/span><span dir=\"ltr\" role=\"presentation\">societ\u00e0. <\/span><\/span><span id=\"page2R_mcid6\" class=\"markedContent\"><span dir=\"ltr\" role=\"presentation\">\u00a0Daniela Belletti ed <\/span><span dir=\"ltr\" role=\"presentation\">Eleonora Dal Paos:\u00a0 entrambe si sono cimentate nei 50 dorso, con rilevamenti cronometrici di tutto <\/span><span dir=\"ltr\" role=\"presentation\">rispetto, mentre Dal Paos ha aggiunto pure la specialit\u00e0 dei 100 stile. <\/span><em><span dir=\"ltr\" role=\"presentation\">\u00abAl di l\u00e0 della tenacia dell\u2019atleta &#8211; <\/span><span dir=\"ltr\" role=\"presentation\">afferma il tecnico Silvia Casagrande &#8211; va sottolineato il fatto che, su una vasca che misura il doppio <\/span><\/em><span dir=\"ltr\" role=\"presentation\"><em>rispetto a quella di Belluno, Eleonora \u00e8 riuscita a completare la prova con un buonissimo tempo.<\/em> <\/span><em><span dir=\"ltr\" role=\"presentation\">\u00a0<\/span><\/em><\/span><span id=\"page2R_mcid7\" class=\"markedContent\"><span dir=\"ltr\" role=\"presentation\"><em>Il nuoto paralimpico \u00e8 una realt\u00e0 sempre pi\u00f9 solida all\u2019interno della societ\u00e0 del capoluogo&#8221; <\/em>L<\/span><\/span><span id=\"page2R_mcid8\" class=\"markedContent\"><span dir=\"ltr\" role=\"presentation\">a Sportivamente ha ben figurato pure nelle quattro staffette, <\/span><span dir=\"ltr\" role=\"presentation\">terzo posto della mistaffetta 4&#215;200 stile libero (Bonsembiante, Donatucci,<\/span><span dir=\"ltr\" role=\"presentation\">De Bona, Bortot). <em>\u00abIl nuoto unisce &#8211; sono le parole dell\u2019allenatrice Maria Elena Canova &#8211; e, nel <\/em><\/span><em><span dir=\"ltr\" role=\"presentation\">rispetto delle norme anti-contagio, ci permette di stare insieme e di condividere valori e momenti di <\/span><\/em><span dir=\"ltr\" role=\"presentation\"><em>grande emozione\u00bb<\/em>.\u00a0<\/span><\/span><\/p>\n\n\t\t\t<style type='text\/css'>\n\t\t\t\t#gallery-1 {\n\t\t\t\t\tmargin: auto;\n\t\t\t\t}\n\t\t\t\t#gallery-1 .gallery-item {\n\t\t\t\t\tfloat: left;\n\t\t\t\t\tmargin-top: 10px;\n\t\t\t\t\ttext-align: center;\n\t\t\t\t\twidth: 33%;\n\t\t\t\t}\n\t\t\t\t#gallery-1 img {\n\t\t\t\t\tborder: 2px solid #cfcfcf;\n\t\t\t\t}\n\t\t\t\t#gallery-1 .gallery-caption {\n\t\t\t\t\tmargin-left: 0;\n\t\t\t\t}\n\t\t\t\t\/* see gallery_shortcode() in wp-includes\/media.php *\/\n\t\t\t<\/style>\n\t\t<div id='gallery-1' class='dt-gallery-container gallery galleryid-253756 gallery-columns-3 gallery-size-thumbnail'><dl class='gallery-item'>\n\t\t\t\t<dt class='gallery-icon landscape'>\n\t\t\t\t\t<a class=\"rollover rollover-zoom dt-pswp-item\" title=\"Belletti_e_Dal_Paos\" data-dt-img-description=\"\" data-large_image_width=\"1600\" data-large_image_height=\"900\"href='https:\/\/www.radiopiu.net\/wordpress\/wp-content\/uploads\/2022\/01\/Belletti_e_Dal_Paos.jpg'><img loading=\"lazy\" decoding=\"async\" width=\"150\" height=\"150\" src=\"https:\/\/www.radiopiu.net\/wordpress\/wp-content\/uploads\/2022\/01\/Belletti_e_Dal_Paos-150x150.jpg\" class=\"attachment-thumbnail size-thumbnail\" alt=\"\" \/><\/a>\n\t\t\t\t<\/dt><\/dl><dl class='gallery-item'>\n\t\t\t\t<dt class='gallery-icon landscape'>\n\t\t\t\t\t<a class=\"rollover rollover-zoom dt-pswp-item\" title=\"Master_Belluno\" data-dt-img-description=\"\" data-large_image_width=\"1600\" data-large_image_height=\"1200\"href='https:\/\/www.radiopiu.net\/wordpress\/wp-content\/uploads\/2022\/01\/Master_Belluno.jpg'><img loading=\"lazy\" decoding=\"async\" width=\"150\" height=\"150\" src=\"https:\/\/www.radiopiu.net\/wordpress\/wp-content\/uploads\/2022\/01\/Master_Belluno-150x150.jpg\" class=\"attachment-thumbnail size-thumbnail\" alt=\"\" \/><\/a>\n\t\t\t\t<\/dt><\/dl><dl class='gallery-item'>\n\t\t\t\t<dt class='gallery-icon landscape'>\n\t\t\t\t\t<a class=\"rollover rollover-zoom dt-pswp-item\" title=\"Dal_Paos_Casagrande_Belletti\" data-dt-img-description=\"\" data-large_image_width=\"1600\" data-large_image_height=\"1201\"href='https:\/\/www.radiopiu.net\/wordpress\/wp-content\/uploads\/2022\/01\/Dal_Paos_Casagrande_Belletti.jpg'><img loading=\"lazy\" decoding=\"async\" width=\"150\" height=\"150\" src=\"https:\/\/www.radiopiu.net\/wordpress\/wp-content\/uploads\/2022\/01\/Dal_Paos_Casagrande_Belletti-150x150.jpg\" class=\"attachment-thumbnail size-thumbnail\" alt=\"\" \/><\/a>\n\t\t\t\t<\/dt><\/dl><br style=\"clear: both\" \/>\n\t\t\t<\/div>\n\n","protected":false},"excerpt":{"rendered":"<p>NUOTO PARALIMPICO BELLUNO\u00a0 I Master della Sportivamente Belluno\u00a0 protagonisti a Monastier di Treviso, dove lo scorso fine settimana \u00e8 andato in scena il \u201cTrofeo Casa di caccia\u201d. Alla manifestazione, spalmata su due giornate di prove, i bellunesi hanno partecipato con diciassette elementi e si sono classificati al quinto posto assoluto, nella classifica generale delle societ\u00e0.&hellip;<\/p>\n","protected":false},"author":4,"featured_media":253757,"comment_status":"closed","ping_status":"open","sticky":false,"template":"","format":"standard","meta":{"_monsterinsights_skip_tracking":false,"_monsterinsights_sitenote_active":false,"_monsterinsights_sitenote_note":"","_monsterinsights_sitenote_category":0,"footnotes":""},"categories":[104,49],"tags":[],"class_list":["post-253756","post","type-post","status-publish","format-standard","has-post-thumbnail","hentry","category-evidenza_3","category-news-18","category-104","category-49","description-off"],"img_url":"https:\/\/www.radiopiu.net\/wordpress\/wp-content\/uploads\/2022\/01\/Belletti_e_Dal_Paos.jpg","_links":{"self":[{"href":"https:\/\/www.radiopiu.net\/wordpress\/wp-json\/wp\/v2\/posts\/253756","targetHints":{"allow":["GET"]}}],"collection":[{"href":"https:\/\/www.radiopiu.net\/wordpress\/wp-json\/wp\/v2\/posts"}],"about":[{"href":"https:\/\/www.radiopiu.net\/wordpress\/wp-json\/wp\/v2\/types\/post"}],"author":[{"embeddable":true,"href":"https:\/\/www.radiopiu.net\/wordpress\/wp-json\/wp\/v2\/users\/4"}],"replies":[{"embeddable":true,"href":"https:\/\/www.radiopiu.net\/wordpress\/wp-json\/wp\/v2\/comments?post=253756"}],"version-history":[{"count":0,"href":"https:\/\/www.radiopiu.net\/wordpress\/wp-json\/wp\/v2\/posts\/253756\/revisions"}],"wp:featuredmedia":[{"embeddable":true,"href":"https:\/\/www.radiopiu.net\/wordpress\/wp-json\/wp\/v2\/media\/253757"}],"wp:attachment":[{"href":"https:\/\/www.radiopiu.net\/wordpress\/wp-json\/wp\/v2\/media?parent=253756"}],"wp:term":[{"taxonomy":"category","embeddable":true,"href":"https:\/\/www.radiopiu.net\/wordpress\/wp-json\/wp\/v2\/categories?post=253756"},{"taxonomy":"post_tag","embeddable":true,"href":"https:\/\/www.radiopiu.net\/wordpress\/wp-json\/wp\/v2\/tags?post=253756"}],"curies":[{"name":"wp","href":"https:\/\/api.w.org\/{rel}","templated":true}]}}