{"id":253769,"date":"2022-01-13T12:36:47","date_gmt":"2022-01-13T11:36:47","guid":{"rendered":"https:\/\/www.radiopiu.net\/wordpress\/?p=253769"},"modified":"2022-01-13T14:13:18","modified_gmt":"2022-01-13T13:13:18","slug":"contagi-in-aumento-la-regione-verso-il-picco-da-venezia-luca-zaia","status":"publish","type":"post","link":"https:\/\/www.radiopiu.net\/wordpress\/contagi-in-aumento-la-regione-verso-il-picco-da-venezia-luca-zaia\/","title":{"rendered":"CONTAGI IN AUMENTO, LA REGIONE VERSO IL PICCO. DA VENEZIA LUCA ZAIA"},"content":{"rendered":"<h3><span style=\"color: #ff0000;\">aggiornamento in tempo reale ricaricando la pagina<\/span><\/h3>\n<p><strong>VENEZIA<\/strong>\u00a0 Punto stampa da Marghera con il Presidente Luca Zaia<\/p>\n<p>&nbsp;<\/p>\n<p><strong>TAMPONI<\/strong> 14milioni rapidi, 8,6 Milioni molecolari TOTALE TAMPONI 23.259.000\u00a0<strong> NUOVI POSITIVI <\/strong>17.9567 \u00a0<strong> POSITIVI ATTUALI <\/strong>244.145 \u00a0<strong>\u00a0 POSITIVI DA INIZIO EPIDEMIA<\/strong> 830517\u00a0<strong> \u00a0 \u00a0INCIDENZA <\/strong>11,71% (scende da alcuni giorni, aveva gi\u00e0 toccato quota 20)<strong>\u00a0 \u00a0RICOVERI TOTALI\u00a0 <\/strong>1808 (+32 meno ricoveri dei giorni scorsi)<strong>\u00a0 RICOVERI IN AREA NON CRITICA\u00a0 <\/strong>1602 (+36)<strong>\u00a0 \u00a0RICOVERI IN TERAPIA INTENSIVA\u00a0 <\/strong>206 (-4)<strong>\u00a0 TERAPIA NON COVID <\/strong>273 <strong>DECESSI <\/strong>12.659 (+38)<\/p>\n<p>&nbsp;<\/p>\n<blockquote>\n<h3>LEGGI LA CONFERENZA STAMPA DI LUCA ZAIA<\/h3>\n<p><strong>MANUELA LANZARIN:<\/strong> su 1.039 classi venete, 254 sono in quarantena, ovvero 20.700 alunni<\/p><\/blockquote>\n<p><strong>ARANCIONE<\/strong> I dati ci dicono che non siamo arancioni 1,34 Rt (sforato),\u00a0 20% terapia intensiva (sforato), 25% in area medica, mancano quindi 5 punti in percentuale per raggiungere l&#8217;arancione, non \u00e8 escluso che se il trand continuasse cos\u00ec ci sia il rischio di avvicinarci all&#8217;arancione. Incidenza 2238,8 su 100 mila abitanti <strong>CALCOLI, METODI DA CAMBIARE<\/strong> \u00a0si definisce &#8220;caso&#8221; quando un paziente viene detto paziente covid &#8211; quando il soggetto \u00e8 ammalato (malattia respiratoria acuta o sindrome simil influenzale), o quando il tampone \u00e8 positivo, antigenico o molecolare.\u00a0 Il paziente senza sintomi o il paziente che ha sintomi ma non \u00e8 positivo, questi non sono &#8220;casi&#8221;. Questo cambia tutto &#8211; ha commentato Zaia, le Regioni\u00a0 chiederanno, di adottare le linee guida Ecdc sui &#8220;casi&#8221;. Altro dato \u00e8 quello sui ricoveri ospedalieri:\u00a0 al ricoverato per altri motivi che risulta essere Covid, chiediamo che questa quota venga depennata dalle statistiche e non vengano conteggiati. <strong>IN TERAPIA INTENSIVA I NO VAX<\/strong> nei primi 13 giorni di gennaio +41% delle presenze di non vaccinati nelle terapie intensive e -8% di vaccinati. Se togliessimo i non vaccinati dalle terapie intensive il Veneto sarebbe oggi in zona bianca con 42 pazienti vaccinati ricoverati in intensiva, visto che i non vaccinati sono oltre l&#8217;80% dei ricoverati in questo reparto. <strong>CURE A CASA<\/strong> ma non da soli, pazienti che arrivano in ospedale all&#8217;ultimo istante e il 25% perde la vita in terapia intensiva, ma il dato allarmante \u00e8 che arrivano sempre pi\u00f9 pazienti che chiamano il 118, poi mettono gi\u00f9 e dicono richiamer\u00f2 e alla fine gli operatori vanno a prenderseli a casa quando non respirano pi\u00f9. \u00a0<strong>FINE QUARANTENE<\/strong> tampone in farmacia a pagamento, costo 15 euro.<strong> SCUOLE PRIMARIE<\/strong> una su quattro in isolamento: i bambini positivi stiano a casa, come si faceva una volta con il morbillo, isolamento per bimbo per una settimana o 10 giorni. Io non \u00e8 che dica no alle vaccinazioni nelle scuole. <strong>BAMBINI\u00a0<\/strong> Siamo avanti con le vaccinazioni per i bambini, non credo inve\u00a0 sia facile far arrivare i genitori nelle scuole al momento del vaccino, visto che i minori 5-11 anni devono essere accompagnati. I bimbi sono al 25,5% di vaccinazioni, un quarto degli aventi diritto si \u00e8 gi\u00e0 vaccinato.<\/p>\n<p><strong>TRE SFIDE OLIMPICHE<\/strong> Prima delle conferenza\u00a0 Zaia ha avuto una lunga riunione con i direttori generali delle Ulss venete, e una videoconferenza con Gelmini e Vezzali e tutti gli interlocutori coinvolti nella sfida delle Olimpiadi invernali Milano-Cortina. Obiettivo: riuscire a realizzare tutti gli interventi e le opere, come villaggio olimpico e trampolino, l&#8217;incoming turistico e coinvolgere tutta la popolazione. Martedi 18 registrazione con 40 figuranti del messaggio promozionale dell&#8217;evento Olimpiadi. <strong>ZAIA A LEZIONE DI CINESE<\/strong> Faro&#8217; un messaggio in cinese (nel video la prova generale).<\/p>\n<p>&nbsp;<\/p>\n<p><a href=\"https:\/\/www.facebook.com\/zaiaufficiale\/videos\/459815319197032\">https:\/\/www.facebook.com\/zaiaufficiale\/videos\/459815319197032<\/a><\/p>\n<p>&nbsp;<\/p>\n","protected":false},"excerpt":{"rendered":"<p>aggiornamento in tempo reale ricaricando la pagina VENEZIA\u00a0 Punto stampa da Marghera con il Presidente Luca Zaia &nbsp; TAMPONI 14milioni rapidi, 8,6 Milioni molecolari TOTALE TAMPONI 23.259.000\u00a0 NUOVI POSITIVI 17.9567 \u00a0 POSITIVI ATTUALI 244.145 \u00a0\u00a0 POSITIVI DA INIZIO EPIDEMIA 830517\u00a0 \u00a0 \u00a0INCIDENZA 11,71% (scende da alcuni giorni, aveva gi\u00e0 toccato quota 20)\u00a0 \u00a0RICOVERI TOTALI\u00a0 1808&hellip;<\/p>\n","protected":false},"author":4,"featured_media":253770,"comment_status":"closed","ping_status":"open","sticky":false,"template":"","format":"standard","meta":{"_monsterinsights_skip_tracking":false,"_monsterinsights_sitenote_active":false,"_monsterinsights_sitenote_note":"","_monsterinsights_sitenote_category":0,"footnotes":""},"categories":[51,49],"tags":[],"class_list":["post-253769","post","type-post","status-publish","format-standard","has-post-thumbnail","hentry","category-evidenza-top","category-news-18","category-51","category-49","description-off"],"img_url":"https:\/\/www.radiopiu.net\/wordpress\/wp-content\/uploads\/2022\/01\/271753840_1979017848966787_4677402284780728266_n.jpg","_links":{"self":[{"href":"https:\/\/www.radiopiu.net\/wordpress\/wp-json\/wp\/v2\/posts\/253769","targetHints":{"allow":["GET"]}}],"collection":[{"href":"https:\/\/www.radiopiu.net\/wordpress\/wp-json\/wp\/v2\/posts"}],"about":[{"href":"https:\/\/www.radiopiu.net\/wordpress\/wp-json\/wp\/v2\/types\/post"}],"author":[{"embeddable":true,"href":"https:\/\/www.radiopiu.net\/wordpress\/wp-json\/wp\/v2\/users\/4"}],"replies":[{"embeddable":true,"href":"https:\/\/www.radiopiu.net\/wordpress\/wp-json\/wp\/v2\/comments?post=253769"}],"version-history":[{"count":0,"href":"https:\/\/www.radiopiu.net\/wordpress\/wp-json\/wp\/v2\/posts\/253769\/revisions"}],"wp:featuredmedia":[{"embeddable":true,"href":"https:\/\/www.radiopiu.net\/wordpress\/wp-json\/wp\/v2\/media\/253770"}],"wp:attachment":[{"href":"https:\/\/www.radiopiu.net\/wordpress\/wp-json\/wp\/v2\/media?parent=253769"}],"wp:term":[{"taxonomy":"category","embeddable":true,"href":"https:\/\/www.radiopiu.net\/wordpress\/wp-json\/wp\/v2\/categories?post=253769"},{"taxonomy":"post_tag","embeddable":true,"href":"https:\/\/www.radiopiu.net\/wordpress\/wp-json\/wp\/v2\/tags?post=253769"}],"curies":[{"name":"wp","href":"https:\/\/api.w.org\/{rel}","templated":true}]}}