{"id":253783,"date":"2022-01-13T12:24:21","date_gmt":"2022-01-13T11:24:21","guid":{"rendered":"https:\/\/www.radiopiu.net\/wordpress\/?p=253783"},"modified":"2022-01-13T14:24:51","modified_gmt":"2022-01-13T13:24:51","slug":"frana-di-perarolo-bottacin-la-regione-del-veneto-punta-sulla-sicurezza","status":"publish","type":"post","link":"https:\/\/www.radiopiu.net\/wordpress\/frana-di-perarolo-bottacin-la-regione-del-veneto-punta-sulla-sicurezza\/","title":{"rendered":"FRANA DI PERAROLO. BOTTACIN: \u201cLA REGIONE DEL VENETO PUNTA SULLA SICUREZZA\u00a0"},"content":{"rendered":"<p><strong><a href=\"https:\/\/www.radiopiu.net\/wordpress\/importante-riunione-a-valle-di-cadore-per-i-noti-problemi-che-riguardano-la-chiesa-ma-non-solo\/bottacin-63\/\" rel=\"attachment wp-att-196477\"><img loading=\"lazy\" decoding=\"async\" class=\"size-medium wp-image-196477 alignleft\" src=\"https:\/\/www.radiopiu.net\/wordpress\/wp-content\/uploads\/2021\/03\/BOTTACIN-300x203.png\" alt=\"\" width=\"300\" height=\"203\" srcset=\"https:\/\/www.radiopiu.net\/wordpress\/wp-content\/uploads\/2021\/03\/BOTTACIN-300x203.png 300w, https:\/\/www.radiopiu.net\/wordpress\/wp-content\/uploads\/2021\/03\/BOTTACIN-1024x693.png 1024w, https:\/\/www.radiopiu.net\/wordpress\/wp-content\/uploads\/2021\/03\/BOTTACIN-768x520.png 768w, https:\/\/www.radiopiu.net\/wordpress\/wp-content\/uploads\/2021\/03\/BOTTACIN-1536x1040.png 1536w, https:\/\/www.radiopiu.net\/wordpress\/wp-content\/uploads\/2021\/03\/BOTTACIN.png 1542w\" sizes=\"auto, (max-width: 300px) 100vw, 300px\" \/><\/a>VENEZIA<\/strong> <em>\u201cAl primo posto c\u2019\u00e8 la sicurezza e, per garantirla, scommettiamo tantissimo sulla prevenzione. La frana di Sant\u2019Andrea, detta anche frana della Busa del Cristo, di Perarolo di Cadore (nel bellunese), \u00e8 una frana storica minacciosa, su cui insiste la nostra lente di ingrandimento che si avvale di continui e ampi monitoraggi e interventi\u201d. <\/em>Con queste parole l\u2019Assessore all\u2019Ambiente e al Dissesto Idrogeologico della Regione del Veneto, Gianpaolo Bottacin, inquadra lo scenario in cui persiste la frana bellunese attenzionata dalla Regione del Veneto e dal Comune di Perarolo per illustrare successivamente i recenti risultati riportati nel report di monitoraggio dei mesi di novembre e dicembre scorsi&#8221;. La frana\u00a0 ha spiegato l\u2019Assessore\u00a0 ha registrato delle variazioni nei valori di velocit\u00e0 media rispetto al bimestre precedente: dopo due giorni in cui si era colta un\u2019accelerazione appena percettibile causata dalle piogge, il valore ha poi subito un decremento tanto da ridurre notevolmente la velocit\u00e0 degli spostamenti della frana. Fondamentali sono state le azioni messe in campo, tra cui le attivit\u00e0 di rimodellazione con esplosivo, grazie a cui la frana ha subito una generale e progressiva diminuzione della velocit\u00e0 ormai da circa sei mesi. <em>\u201cL\u2019anno scorso \u2013dice Bottacin\u00a0 \u2013 c\u2019\u00e8 stato un lavoro importante per il monitoraggio dei cinematismi. Da elencare anche le azioni efficaci della Protezione Civile secondo il Piano comunale e gli interventi significativi realizzati dagli Enti interessati che hanno rappresentato un notevole effetto di mitigazione: il rallentamento generalizzato dei cinematismi, i quali al momento si sono riportati ad un andamento controllabile\u201d.\u00a0\u00a0<\/em><\/p>\n<p>ALLA RADIO<\/p>\n<audio class=\"wp-audio-shortcode\" id=\"audio-253783-1\" preload=\"none\" style=\"width: 100%;\" controls=\"controls\"><source type=\"audio\/mpeg\" src=\"https:\/\/www.radiopiu.net\/wordpress\/wp-content\/uploads\/2022\/01\/BOTTACIN.mp3?_=1\" \/><a href=\"https:\/\/www.radiopiu.net\/wordpress\/wp-content\/uploads\/2022\/01\/BOTTACIN.mp3\">https:\/\/www.radiopiu.net\/wordpress\/wp-content\/uploads\/2022\/01\/BOTTACIN.mp3<\/a><\/audio>\n<p>&nbsp;<\/p>\n<p>**<\/p>\n","protected":false},"excerpt":{"rendered":"<p>VENEZIA \u201cAl primo posto c\u2019\u00e8 la sicurezza e, per garantirla, scommettiamo tantissimo sulla prevenzione. La frana di Sant\u2019Andrea, detta anche frana della Busa del Cristo, di Perarolo di Cadore (nel bellunese), \u00e8 una frana storica minacciosa, su cui insiste la nostra lente di ingrandimento che si avvale di continui e ampi monitoraggi e interventi\u201d. Con&hellip;<\/p>\n","protected":false},"author":4,"featured_media":43304,"comment_status":"closed","ping_status":"open","sticky":false,"template":"","format":"standard","meta":{"_monsterinsights_skip_tracking":false,"_monsterinsights_sitenote_active":false,"_monsterinsights_sitenote_note":"","_monsterinsights_sitenote_category":0,"footnotes":""},"categories":[49],"tags":[],"class_list":["post-253783","post","type-post","status-publish","format-standard","has-post-thumbnail","hentry","category-news-18","category-49","description-off"],"img_url":"https:\/\/www.radiopiu.net\/wordpress\/wp-content\/uploads\/2018\/02\/PERAROLO.jpg","_links":{"self":[{"href":"https:\/\/www.radiopiu.net\/wordpress\/wp-json\/wp\/v2\/posts\/253783","targetHints":{"allow":["GET"]}}],"collection":[{"href":"https:\/\/www.radiopiu.net\/wordpress\/wp-json\/wp\/v2\/posts"}],"about":[{"href":"https:\/\/www.radiopiu.net\/wordpress\/wp-json\/wp\/v2\/types\/post"}],"author":[{"embeddable":true,"href":"https:\/\/www.radiopiu.net\/wordpress\/wp-json\/wp\/v2\/users\/4"}],"replies":[{"embeddable":true,"href":"https:\/\/www.radiopiu.net\/wordpress\/wp-json\/wp\/v2\/comments?post=253783"}],"version-history":[{"count":0,"href":"https:\/\/www.radiopiu.net\/wordpress\/wp-json\/wp\/v2\/posts\/253783\/revisions"}],"wp:featuredmedia":[{"embeddable":true,"href":"https:\/\/www.radiopiu.net\/wordpress\/wp-json\/wp\/v2\/media\/43304"}],"wp:attachment":[{"href":"https:\/\/www.radiopiu.net\/wordpress\/wp-json\/wp\/v2\/media?parent=253783"}],"wp:term":[{"taxonomy":"category","embeddable":true,"href":"https:\/\/www.radiopiu.net\/wordpress\/wp-json\/wp\/v2\/categories?post=253783"},{"taxonomy":"post_tag","embeddable":true,"href":"https:\/\/www.radiopiu.net\/wordpress\/wp-json\/wp\/v2\/tags?post=253783"}],"curies":[{"name":"wp","href":"https:\/\/api.w.org\/{rel}","templated":true}]}}