{"id":253811,"date":"2022-01-13T14:37:29","date_gmt":"2022-01-13T13:37:29","guid":{"rendered":"https:\/\/www.radiopiu.net\/wordpress\/?p=253811"},"modified":"2022-01-13T14:56:03","modified_gmt":"2022-01-13T13:56:03","slug":"ulss1as","status":"publish","type":"post","link":"https:\/\/www.radiopiu.net\/wordpress\/ulss1as\/","title":{"rendered":"LA PRESA IN CARICO DEI POSITIVI AL TEST IN FARMACIA, LE ULTIME NOTIZIE. conferenza stampa"},"content":{"rendered":"<p><span style=\"color: #ff0000;\"><strong>aggiornamento continuo, ricaricare la pagina<\/strong><\/span><\/p>\n<p><strong>BELLUNO<\/strong> Conferenza stampa del direttore generale Maria Grazia Carraro<\/p>\n<p>&nbsp;<\/p>\n<blockquote>\n<h3>LEGGI LA CONFERENZA STAMPA<\/h3>\n<\/blockquote>\n<p>L&#8217;importanza delle Farmacie nella campagna tamponi. Dati e numeri con il direttore della Ulss1 Maria Grazia Carraro. da settembre a dicembre un&#8217;ascesa continua, da 10 mila a quasi 65 mila in quattro mesi, quasi 10mila nei primi giorni dell&#8217;anno 2022. Sono 218mila le persone che usufruiscono di questo servizio. Ora sono cambiate le regole ed \u00e8 opportuno presentarlo perch\u00e9 la novit\u00e0 interesser\u00e0 nei prossimi giorni le farmacia che hanno aderito. I positivi riscontrati in Farmacia verranno informati (anche con qr code)\u00a0 degli obblighi con precise indicazioni: isolamento a domicilio, avvisare il\u00a0 medico e i contatti stretti. Sabato dalle 14.30 alle 18.30 punto tamponi a Paludi per persone con sintomatologia covid. Il 15 e 16 gennaio due sedute vaccinale per i bambini dai 5 agli 11 anni ad accesso libero, il 15 dalle 9 alle 18 a Sedico, il 16 dalle 15 alle 18.30 centro prelievi di Feltre. <strong>UN POSITIVO AL TAMPONE IN FARMACIA<\/strong> Il tampone positivo viene registrato come positivo e la persona va messa in isolamento non deve fare ulteriori tamponi. Il tampone di uscita dai medici di base oppure ai covid point.<\/p>\n<p><a href=\"https:\/\/www.facebook.com\/radiopiu\/videos\/953098082269418\">https:\/\/www.facebook.com\/radiopiu\/videos\/953098082269418<\/a><\/p>\n<p>&nbsp;<\/p>\n<p>***<\/p>\n","protected":false},"excerpt":{"rendered":"<p>aggiornamento continuo, ricaricare la pagina BELLUNO Conferenza stampa del direttore generale Maria Grazia Carraro &nbsp; LEGGI LA CONFERENZA STAMPA L&#8217;importanza delle Farmacie nella campagna tamponi. Dati e numeri con il direttore della Ulss1 Maria Grazia Carraro. da settembre a dicembre un&#8217;ascesa continua, da 10 mila a quasi 65 mila in quattro mesi, quasi 10mila nei&hellip;<\/p>\n","protected":false},"author":4,"featured_media":194640,"comment_status":"closed","ping_status":"open","sticky":false,"template":"","format":"standard","meta":{"_monsterinsights_skip_tracking":false,"_monsterinsights_sitenote_active":false,"_monsterinsights_sitenote_note":"","_monsterinsights_sitenote_category":0,"footnotes":""},"categories":[51,49],"tags":[],"class_list":["post-253811","post","type-post","status-publish","format-standard","has-post-thumbnail","hentry","category-evidenza-top","category-news-18","category-51","category-49","description-off"],"img_url":"https:\/\/www.radiopiu.net\/wordpress\/wp-content\/uploads\/2021\/03\/Carraro-7-300x225-1.jpg","_links":{"self":[{"href":"https:\/\/www.radiopiu.net\/wordpress\/wp-json\/wp\/v2\/posts\/253811","targetHints":{"allow":["GET"]}}],"collection":[{"href":"https:\/\/www.radiopiu.net\/wordpress\/wp-json\/wp\/v2\/posts"}],"about":[{"href":"https:\/\/www.radiopiu.net\/wordpress\/wp-json\/wp\/v2\/types\/post"}],"author":[{"embeddable":true,"href":"https:\/\/www.radiopiu.net\/wordpress\/wp-json\/wp\/v2\/users\/4"}],"replies":[{"embeddable":true,"href":"https:\/\/www.radiopiu.net\/wordpress\/wp-json\/wp\/v2\/comments?post=253811"}],"version-history":[{"count":0,"href":"https:\/\/www.radiopiu.net\/wordpress\/wp-json\/wp\/v2\/posts\/253811\/revisions"}],"wp:featuredmedia":[{"embeddable":true,"href":"https:\/\/www.radiopiu.net\/wordpress\/wp-json\/wp\/v2\/media\/194640"}],"wp:attachment":[{"href":"https:\/\/www.radiopiu.net\/wordpress\/wp-json\/wp\/v2\/media?parent=253811"}],"wp:term":[{"taxonomy":"category","embeddable":true,"href":"https:\/\/www.radiopiu.net\/wordpress\/wp-json\/wp\/v2\/categories?post=253811"},{"taxonomy":"post_tag","embeddable":true,"href":"https:\/\/www.radiopiu.net\/wordpress\/wp-json\/wp\/v2\/tags?post=253811"}],"curies":[{"name":"wp","href":"https:\/\/api.w.org\/{rel}","templated":true}]}}