{"id":253889,"date":"2022-12-13T05:30:52","date_gmt":"2022-12-13T04:30:52","guid":{"rendered":"https:\/\/www.radiopiu.net\/wordpress\/?p=253889"},"modified":"2022-12-13T05:49:07","modified_gmt":"2022-12-13T04:49:07","slug":"ad-agordo-problema-noto-da-quasi-un-anno","status":"publish","type":"post","link":"https:\/\/www.radiopiu.net\/wordpress\/ad-agordo-problema-noto-da-quasi-un-anno\/","title":{"rendered":"\u00a0AD AGORDO PROBLEMA NOTO DA\u00a0UN ANNO"},"content":{"rendered":"<p>&nbsp;<\/p>\n<p>&nbsp;<\/p>\n<p><strong>AGORDO <\/strong>Se spesso l&#8217;ufficio tecnico arriva tardi o non arriva c&#8217;\u00e8 una motivazione che \u00e8 nota dallo scorso anno, dopo una riunione di Giunta convocata dall&#8217;assessore competente, Giulio Favretti. Situazione che si ripercuote sull&#8217;attivit\u00e0 amministrativa.<\/p>\n<p><strong><a href=\"https:\/\/www.radiopiu.net\/wordpress\/una-semplice\/a6f2e1ab-3eee-4bd8-94c2-1e61077f1e91\/\" rel=\"attachment wp-att-151435\"><img loading=\"lazy\" decoding=\"async\" class=\"size-medium wp-image-151435 alignleft\" src=\"https:\/\/www.radiopiu.net\/wordpress\/wp-content\/uploads\/2020\/07\/a6f2e1ab-3eee-4bd8-94c2-1e61077f1e91-300x225.jpg\" alt=\"\" width=\"300\" height=\"225\" srcset=\"https:\/\/www.radiopiu.net\/wordpress\/wp-content\/uploads\/2020\/07\/a6f2e1ab-3eee-4bd8-94c2-1e61077f1e91-300x225.jpg 300w, https:\/\/www.radiopiu.net\/wordpress\/wp-content\/uploads\/2020\/07\/a6f2e1ab-3eee-4bd8-94c2-1e61077f1e91-768x576.jpg 768w, https:\/\/www.radiopiu.net\/wordpress\/wp-content\/uploads\/2020\/07\/a6f2e1ab-3eee-4bd8-94c2-1e61077f1e91.jpg 960w\" sizes=\"auto, (max-width: 300px) 100vw, 300px\" \/><\/a>AGORDO<\/strong><\/p>\n<p>di Gianni Santomaso<\/p>\n<audio class=\"wp-audio-shortcode\" id=\"audio-253889-1\" preload=\"none\" style=\"width: 100%;\" controls=\"controls\"><source type=\"audio\/mpeg\" src=\"https:\/\/www.radiopiu.net\/wordpress\/wp-content\/uploads\/2022\/01\/GIANNI-UFFICIO-TECNICO-AGORDO.mp3?_=1\" \/><a href=\"https:\/\/www.radiopiu.net\/wordpress\/wp-content\/uploads\/2022\/01\/GIANNI-UFFICIO-TECNICO-AGORDO.mp3\">https:\/\/www.radiopiu.net\/wordpress\/wp-content\/uploads\/2022\/01\/GIANNI-UFFICIO-TECNICO-AGORDO.mp3<\/a><\/audio>\n<p>&nbsp;<\/p>\n<h1><span style=\"color: #ff0000;\">IERI ALLA RADIO<\/span><\/h1>\n<div class=\"page-title-head hgroup\">\n<blockquote>\n<h3 class=\"entry-title\">UNA PERICOLOSA PERDITA D\u2019ACQUA SULLA STRADA DI CROSTOLIN<\/h3>\n<p><strong>AGORDO<\/strong> Il problema \u00e8 cronico, si ripresenta puntualmente,\u00a0 ma d&#8217;inverno \u00e8 anche peggio perch\u00e9 si forma uno spesso strato di ghiaccio che mette a rischio l&#8217;incolumit\u00e0 dei pedoni. Tra l&#8217;altro la strada\u00a0 in esame &#8211; privata- non risulta illuminata, l&#8217;unica luce filtra dalle abitazioni e dal parcheggio della vicina Pizzeria da Meto, quando le serrande non sono abbassate. Stiamo parlando della perdita d&#8217;acqua a Crostolin di Agordo, la traversa alla regionale 347 del Duran e Cereda che da Agordo porta a La Valle Agordina. Un abitante ha scritto a Gsp, che gi\u00e0 la scorsa estate \u00e8 pi\u00f9 volte intervenuto in zona,\u00a0 chiedendo per l&#8217;ennesima volta una risposta <em>&#8220;Avviso della perdita d&#8217;acqua dall&#8217;acquedotto con conseguenze versamento d&#8217;acqua lungo la strada di via Crostolin, fronte parcheggio pizzeria da Meto. La perdita insiste da un anno e mezzo. Chiediamo pertanto un intervento di sistemazione in modo da evitare disagi, particolarmente nel periodo invernale quando si forma uno strato di ghiaccio&#8221;<\/em>. Gsp a stretto giro di posta elettronica ha risposto, inviando la mail per conoscenza all&#8217;ufficio tecnico comunale<em> &#8220;La perdita in oggetto non ha origine dalle tubazioni dell&#8217;acquedotto gestito da Gestione Servizi Pubblici come gi\u00e0 comunicato dal tecnico di zona, abbiamo provveduto ad informare i tecnici competenti del Comune di Agordo. Trattandosi di acque meteoriche siamo spiacenti di comunicare che non possiamo intervenire alla problematica segnalata&#8221;. <\/em>Quindi il problema rimane, gli abitanti della zona di Crostolin dovranno imparare a convivere con la speranza che nessuno prima o poi scivoli e batta la testa, ma in quel caso, sicuramente, ci saranno le opportune indagini per stabilire competenze e responsabilit\u00e0.<em><br \/>\n<\/em><\/p>\n<p><em>foto 12 dicembre 2022<\/em><\/p>\n\n\t\t\t<style type='text\/css'>\n\t\t\t\t#gallery-1 {\n\t\t\t\t\tmargin: auto;\n\t\t\t\t}\n\t\t\t\t#gallery-1 .gallery-item {\n\t\t\t\t\tfloat: left;\n\t\t\t\t\tmargin-top: 10px;\n\t\t\t\t\ttext-align: center;\n\t\t\t\t\twidth: 33%;\n\t\t\t\t}\n\t\t\t\t#gallery-1 img {\n\t\t\t\t\tborder: 2px solid #cfcfcf;\n\t\t\t\t}\n\t\t\t\t#gallery-1 .gallery-caption {\n\t\t\t\t\tmargin-left: 0;\n\t\t\t\t}\n\t\t\t\t\/* see gallery_shortcode() in wp-includes\/media.php *\/\n\t\t\t<\/style>\n\t\t<div id='gallery-1' class='dt-gallery-container gallery galleryid-253889 gallery-columns-3 gallery-size-thumbnail'><dl class='gallery-item'>\n\t\t\t\t<dt class='gallery-icon portrait'>\n\t\t\t\t\t<a class=\"rollover rollover-zoom dt-pswp-item\" title=\"6169e7e3-2968-4b8d-8a70-255a0af6ec50\" data-dt-img-description=\"\" data-large_image_width=\"1200\" data-large_image_height=\"1600\"href='https:\/\/www.radiopiu.net\/wordpress\/wp-content\/uploads\/2022\/12\/6169e7e3-2968-4b8d-8a70-255a0af6ec50.jpg'><img loading=\"lazy\" decoding=\"async\" width=\"150\" height=\"150\" src=\"https:\/\/www.radiopiu.net\/wordpress\/wp-content\/uploads\/2022\/12\/6169e7e3-2968-4b8d-8a70-255a0af6ec50-150x150.jpg\" class=\"attachment-thumbnail size-thumbnail\" alt=\"\" \/><\/a>\n\t\t\t\t<\/dt><\/dl><dl class='gallery-item'>\n\t\t\t\t<dt class='gallery-icon landscape'>\n\t\t\t\t\t<a class=\"rollover rollover-zoom dt-pswp-item\" title=\"472e53af-f253-4626-8502-52a953ae8303\" data-dt-img-description=\"\" data-large_image_width=\"1600\" data-large_image_height=\"1200\"href='https:\/\/www.radiopiu.net\/wordpress\/wp-content\/uploads\/2022\/12\/472e53af-f253-4626-8502-52a953ae8303.jpg'><img loading=\"lazy\" decoding=\"async\" width=\"150\" height=\"150\" src=\"https:\/\/www.radiopiu.net\/wordpress\/wp-content\/uploads\/2022\/12\/472e53af-f253-4626-8502-52a953ae8303-150x150.jpg\" class=\"attachment-thumbnail size-thumbnail\" alt=\"\" \/><\/a>\n\t\t\t\t<\/dt><\/dl><dl class='gallery-item'>\n\t\t\t\t<dt class='gallery-icon landscape'>\n\t\t\t\t\t<a class=\"rollover rollover-zoom dt-pswp-item\" title=\"57a79d93-d3ce-473d-bb5b-261a4a148bac\" data-dt-img-description=\"\" data-large_image_width=\"1600\" data-large_image_height=\"1200\"href='https:\/\/www.radiopiu.net\/wordpress\/wp-content\/uploads\/2022\/12\/57a79d93-d3ce-473d-bb5b-261a4a148bac.jpg'><img loading=\"lazy\" decoding=\"async\" width=\"150\" height=\"150\" src=\"https:\/\/www.radiopiu.net\/wordpress\/wp-content\/uploads\/2022\/12\/57a79d93-d3ce-473d-bb5b-261a4a148bac-150x150.jpg\" class=\"attachment-thumbnail size-thumbnail\" alt=\"\" \/><\/a>\n\t\t\t\t<\/dt><\/dl><br style=\"clear: both\" \/>\n\t\t\t<\/div>\n\n<p>&nbsp;<\/p>\n<p><em>\u00a0<\/em><\/p><\/blockquote>\n<\/div>\n<p>&nbsp;<\/p>\n<p>*****<\/p>\n","protected":false},"excerpt":{"rendered":"<p>&nbsp; &nbsp; AGORDO Se spesso l&#8217;ufficio tecnico arriva tardi o non arriva c&#8217;\u00e8 una motivazione che \u00e8 nota dallo scorso anno, dopo una riunione di Giunta convocata dall&#8217;assessore competente, Giulio Favretti. Situazione che si ripercuote sull&#8217;attivit\u00e0 amministrativa. AGORDO di Gianni Santomaso &nbsp; IERI ALLA RADIO UNA PERICOLOSA PERDITA D\u2019ACQUA SULLA STRADA DI CROSTOLIN AGORDO Il&hellip;<\/p>\n","protected":false},"author":4,"featured_media":151435,"comment_status":"closed","ping_status":"closed","sticky":false,"template":"","format":"standard","meta":{"_monsterinsights_skip_tracking":false,"_monsterinsights_sitenote_active":false,"_monsterinsights_sitenote_note":"","_monsterinsights_sitenote_category":0,"footnotes":""},"categories":[51,49],"tags":[],"class_list":["post-253889","post","type-post","status-publish","format-standard","has-post-thumbnail","hentry","category-evidenza-top","category-news-18","category-51","category-49","description-off"],"img_url":"https:\/\/www.radiopiu.net\/wordpress\/wp-content\/uploads\/2020\/07\/a6f2e1ab-3eee-4bd8-94c2-1e61077f1e91.jpg","_links":{"self":[{"href":"https:\/\/www.radiopiu.net\/wordpress\/wp-json\/wp\/v2\/posts\/253889","targetHints":{"allow":["GET"]}}],"collection":[{"href":"https:\/\/www.radiopiu.net\/wordpress\/wp-json\/wp\/v2\/posts"}],"about":[{"href":"https:\/\/www.radiopiu.net\/wordpress\/wp-json\/wp\/v2\/types\/post"}],"author":[{"embeddable":true,"href":"https:\/\/www.radiopiu.net\/wordpress\/wp-json\/wp\/v2\/users\/4"}],"replies":[{"embeddable":true,"href":"https:\/\/www.radiopiu.net\/wordpress\/wp-json\/wp\/v2\/comments?post=253889"}],"version-history":[{"count":0,"href":"https:\/\/www.radiopiu.net\/wordpress\/wp-json\/wp\/v2\/posts\/253889\/revisions"}],"wp:featuredmedia":[{"embeddable":true,"href":"https:\/\/www.radiopiu.net\/wordpress\/wp-json\/wp\/v2\/media\/151435"}],"wp:attachment":[{"href":"https:\/\/www.radiopiu.net\/wordpress\/wp-json\/wp\/v2\/media?parent=253889"}],"wp:term":[{"taxonomy":"category","embeddable":true,"href":"https:\/\/www.radiopiu.net\/wordpress\/wp-json\/wp\/v2\/categories?post=253889"},{"taxonomy":"post_tag","embeddable":true,"href":"https:\/\/www.radiopiu.net\/wordpress\/wp-json\/wp\/v2\/tags?post=253889"}],"curies":[{"name":"wp","href":"https:\/\/api.w.org\/{rel}","templated":true}]}}