{"id":253922,"date":"2022-01-15T06:00:17","date_gmt":"2022-01-15T05:00:17","guid":{"rendered":"https:\/\/www.radiopiu.net\/wordpress\/?p=253922"},"modified":"2022-01-16T10:19:29","modified_gmt":"2022-01-16T09:19:29","slug":"giornale-radiopiu-15-gennaio-2022-direttore-mirko-mezzacasa","status":"publish","type":"post","link":"https:\/\/www.radiopiu.net\/wordpress\/giornale-radiopiu-15-gennaio-2022-direttore-mirko-mezzacasa\/","title":{"rendered":"GIORNALE RADIOPIU 15 GENNAIO 2022 DIRETTORE MIRKO MEZZACASA"},"content":{"rendered":"<h3 class=\"kvgmc6g5 cxmmr5t8 oygrvhab hcukyx3x c1et5uql\"><span style=\"color: #0000ff;\"><strong>INFORMAZIONE il canale su TELEGRAM informazione di prima mano e in tempo reale. iscriviti ed aiutaci a farlo conoscere\u00a0<\/strong><\/span><\/h3>\n<p>&nbsp;<\/p>\n<p>&nbsp;<\/p>\n<hr \/>\n<p>&nbsp;<\/p>\n<blockquote>\n<h3><span style=\"color: #ff0000;\">LA CROCE VERDE VAL BIOIS COMUNICA I DISSERVIZI PER IL MESE DI GENNAIO 2022<\/span><\/h3>\n<\/blockquote>\n<p><strong><a href=\"https:\/\/www.radiopiu.net\/wordpress\/lassessore-gianpaolo-bottacin-ribatte-alle-accuse-del-presidente-della-croce-verde-val-biois-stefano-murer\/croce-verde-val-biois-2\/\" rel=\"attachment wp-att-153811\"><img loading=\"lazy\" decoding=\"async\" class=\" wp-image-153811 alignleft\" src=\"https:\/\/www.radiopiu.net\/wordpress\/wp-content\/uploads\/2020\/08\/CROCE-VERDE-VAL-BIOIS-300x225.jpg\" alt=\"\" width=\"157\" height=\"118\" srcset=\"https:\/\/www.radiopiu.net\/wordpress\/wp-content\/uploads\/2020\/08\/CROCE-VERDE-VAL-BIOIS-300x225.jpg 300w, https:\/\/www.radiopiu.net\/wordpress\/wp-content\/uploads\/2020\/08\/CROCE-VERDE-VAL-BIOIS-1024x768.jpg 1024w, https:\/\/www.radiopiu.net\/wordpress\/wp-content\/uploads\/2020\/08\/CROCE-VERDE-VAL-BIOIS-768x576.jpg 768w, https:\/\/www.radiopiu.net\/wordpress\/wp-content\/uploads\/2020\/08\/CROCE-VERDE-VAL-BIOIS-1536x1153.jpg 1536w, https:\/\/www.radiopiu.net\/wordpress\/wp-content\/uploads\/2020\/08\/CROCE-VERDE-VAL-BIOIS.jpg 1599w\" sizes=\"auto, (max-width: 157px) 100vw, 157px\" \/><\/a>FALCADE<\/strong> Anche nel mese di gennaio la Croce Verde Val Biois non assicura l&#8217;assistenza in alcune giornate. A comunicarlo il presidente Stefano Murer. Queste le date dei disservizi: VENERDI&#8217; 21 GENNAIO dalle\u00a0 6 alle 20; SABATO 22 GENNAIO dalle\u00a0 6 alle\u00a0 20; DOMENICA 23 GENNAIO dalle\u00a0 20:00 alle 6 di LUNEDI&#8217; 24 GENNAIO; VENERDI&#8217; 28 GENNAIO dalle 6:00 alle 20:00; SABATO 29 GENNAIO dalle 6:00 alle\u00a0 20:00.<\/p>\n<p>&nbsp;<\/p>\n<p>&nbsp;<\/p>\n<hr \/>\n<p>&nbsp;<\/p>\n<p>&nbsp;<\/p>\n<blockquote>\n<h3>IVAN E&#8217; MORTO TRA LE FIAMME MENTRE TENTAVA DI SPEGNERE L&#8217;INCENDIO<\/h3>\n<p><strong>\u00a0IL MESSAGGIO D&#8217;AMORE della moglie Cristina<\/strong>&#8230;.<em>Mi giro e non ci sei&#8230;. Sei un marito fantastico, un grande amico,\u00a0 splendido pap\u00e0 di Davide e Luca ma anche di Viola e Valentina, ma eri, no sei anche un orgoglioso nonno. Tu sei qui con noi, &#8230;. Sei accanto a me <span style=\"color: #0000ff;\"><strong><a style=\"color: #0000ff;\" href=\"https:\/\/www.facebook.com\/100056304182685\/videos\/923476364970914\">CLICCA QUI\u00a0<\/a><\/strong><\/span><\/em><\/p>\n<p>&nbsp;<\/p><\/blockquote>\n<p><strong><a href=\"https:\/\/www.radiopiu.net\/wordpress\/48f4a9d0-c65f-48a1-b85c-ad17b0f1a803\/\"><img loading=\"lazy\" decoding=\"async\" class=\"size-medium wp-image-254189 alignleft\" src=\"https:\/\/www.radiopiu.net\/wordpress\/wp-content\/uploads\/2022\/01\/48f4a9d0-c65f-48a1-b85c-ad17b0f1a803-300x169.jpg\" alt=\"\" width=\"300\" height=\"169\" srcset=\"https:\/\/www.radiopiu.net\/wordpress\/wp-content\/uploads\/2022\/01\/48f4a9d0-c65f-48a1-b85c-ad17b0f1a803-300x169.jpg 300w, https:\/\/www.radiopiu.net\/wordpress\/wp-content\/uploads\/2022\/01\/48f4a9d0-c65f-48a1-b85c-ad17b0f1a803-1024x578.jpg 1024w, https:\/\/www.radiopiu.net\/wordpress\/wp-content\/uploads\/2022\/01\/48f4a9d0-c65f-48a1-b85c-ad17b0f1a803-768x433.jpg 768w, https:\/\/www.radiopiu.net\/wordpress\/wp-content\/uploads\/2022\/01\/48f4a9d0-c65f-48a1-b85c-ad17b0f1a803-1536x866.jpg 1536w, https:\/\/www.radiopiu.net\/wordpress\/wp-content\/uploads\/2022\/01\/48f4a9d0-c65f-48a1-b85c-ad17b0f1a803.jpg 2000w\" sizes=\"auto, (max-width: 300px) 100vw, 300px\" \/><\/a> <\/strong><\/p>\n<p><strong>\u00a0<\/strong><\/p>\n<p><strong>FELTRE<\/strong> Nel servizio di Moreno Gioli la ricostruzione di quanto accaduto ieri nel primo pomeriggio a Feltre. La cronaca, le testimonianze.<\/p>\n<p>&nbsp;<\/p>\n<p><strong>DI MORENO GIOLI\u00a0<\/strong><\/p>\n<audio class=\"wp-audio-shortcode\" id=\"audio-253922-1\" preload=\"none\" style=\"width: 100%;\" controls=\"controls\"><source type=\"audio\/mpeg\" src=\"https:\/\/www.radiopiu.net\/wordpress\/wp-content\/uploads\/2022\/01\/GIOLI-INCENDIO-FELTRE.mp3?_=1\" \/><a href=\"https:\/\/www.radiopiu.net\/wordpress\/wp-content\/uploads\/2022\/01\/GIOLI-INCENDIO-FELTRE.mp3\">https:\/\/www.radiopiu.net\/wordpress\/wp-content\/uploads\/2022\/01\/GIOLI-INCENDIO-FELTRE.mp3<\/a><\/audio>\n<p>&nbsp;<\/p>\n<p><strong>FELTRE\u00a0<\/strong> E\u2019 purtroppo drammatico l\u2019epilogo dell\u2019incendio del primo pomeriggio di ieri. Un uomo, Ivan Gaio 52 anni, residente a Pedavena\u00a0 ha perso la vita tra le fiamme. Entrato nel garage-deposito adibito a ricovero attrezzi e legnaia,\u00a0 nessuno lo ha pi\u00f9 visto visto uscire n\u00e8 prima, n\u00e8 dopo l\u2019inferno. Il corpo carbonizzato \u00e8 stato ritrovato, una volta spente le furiose fiamme, dai vigili del fuoco. Era entrato nella struttura per spegnere\u00a0 quell\u2019incendio servendosi di un estintore. Ivan dipendente della Maitex lascia la moglie e due figli piccoli di 7 e 10 anni, era amato e stimato anche per il suo grande impegno nella protezione civile e portava sempre con orgoglio il cappello Alpino. In quel garage-magazzino, Ivan teneva le sue cose, anche l\u2019auto.<\/p>\n<p>Alle 13.15 i vigili del fuoco di Feltre, Belluno, con i volontari del Basso Feltrino\u00a0 (15 uomini con 7 mezzi)\u00a0 si sono mossi verso Farra, direzione \u201cTonin\u201d in via Fosse, sopra Farra una densa colonna di fumo. A fuoco una struttura affiancata ad un altro edificio\u00a0 (ex Mobili Sanson) sulla strada che da Farra porta a Mugnai.\u00a0 I pompieri \u00a0hanno spento le fiamme della struttura,\u00a0 all\u2019interno in parte collassata, rinvenendo il corpo privo di vita dell\u2019uomo. Le operazioni di soccorso hanno scongiurato il coinvolgimento dell\u2019attigua abitazione. Sul posto il personale del SUEM e i carabinieri. Le cause dell\u2019incendio sono al vaglio dei tecnici dei vigili del fuoco.<\/p>\n<p><strong>FOTO<\/strong> Sonia Comiotto (facebook, ARTICOLO 21) Diego Fent e Francesca Gabrieli<\/p>\n\n\t\t\t<style type='text\/css'>\n\t\t\t\t#gallery-1 {\n\t\t\t\t\tmargin: auto;\n\t\t\t\t}\n\t\t\t\t#gallery-1 .gallery-item {\n\t\t\t\t\tfloat: left;\n\t\t\t\t\tmargin-top: 10px;\n\t\t\t\t\ttext-align: center;\n\t\t\t\t\twidth: 33%;\n\t\t\t\t}\n\t\t\t\t#gallery-1 img {\n\t\t\t\t\tborder: 2px solid #cfcfcf;\n\t\t\t\t}\n\t\t\t\t#gallery-1 .gallery-caption {\n\t\t\t\t\tmargin-left: 0;\n\t\t\t\t}\n\t\t\t\t\/* see gallery_shortcode() in wp-includes\/media.php *\/\n\t\t\t<\/style>\n\t\t<div id='gallery-1' class='dt-gallery-container gallery galleryid-253922 gallery-columns-3 gallery-size-thumbnail'><dl class='gallery-item'>\n\t\t\t\t<dt class='gallery-icon portrait'>\n\t\t\t\t\t<a class=\"rollover rollover-zoom dt-pswp-item\" title=\"0098efc9-787d-41c4-b1c8-99f749efee17\" data-dt-img-description=\"\" data-large_image_width=\"1200\" data-large_image_height=\"1600\"href='https:\/\/www.radiopiu.net\/wordpress\/wp-content\/uploads\/2022\/01\/0098efc9-787d-41c4-b1c8-99f749efee17.jpg'><img loading=\"lazy\" decoding=\"async\" width=\"150\" height=\"150\" src=\"https:\/\/www.radiopiu.net\/wordpress\/wp-content\/uploads\/2022\/01\/0098efc9-787d-41c4-b1c8-99f749efee17-150x150.jpg\" class=\"attachment-thumbnail size-thumbnail\" alt=\"\" aria-describedby=\"gallery-1-254092\" \/><\/a>\n\t\t\t\t<\/dt>\n\t\t\t\t\t<dd class='wp-caption-text gallery-caption' id='gallery-1-254092'>\n\t\t\t\t\tRenato\n\t\t\t\t\t<\/dd><\/dl><dl class='gallery-item'>\n\t\t\t\t<dt class='gallery-icon portrait'>\n\t\t\t\t\t<a class=\"rollover rollover-zoom dt-pswp-item\" title=\"095466e4-3f17-4d60-b881-8faa54f6646f\" data-dt-img-description=\"\" data-large_image_width=\"1200\" data-large_image_height=\"1600\"href='https:\/\/www.radiopiu.net\/wordpress\/wp-content\/uploads\/2022\/01\/095466e4-3f17-4d60-b881-8faa54f6646f.jpg'><img loading=\"lazy\" decoding=\"async\" width=\"150\" height=\"150\" src=\"https:\/\/www.radiopiu.net\/wordpress\/wp-content\/uploads\/2022\/01\/095466e4-3f17-4d60-b881-8faa54f6646f-150x150.jpg\" class=\"attachment-thumbnail size-thumbnail\" alt=\"\" aria-describedby=\"gallery-1-254091\" \/><\/a>\n\t\t\t\t<\/dt>\n\t\t\t\t\t<dd class='wp-caption-text gallery-caption' id='gallery-1-254091'>\n\t\t\t\t\tRenato\n\t\t\t\t\t<\/dd><\/dl><dl class='gallery-item'>\n\t\t\t\t<dt class='gallery-icon portrait'>\n\t\t\t\t\t<a class=\"rollover rollover-zoom dt-pswp-item\" title=\"271857328_2880981652201378_7492445297428839121_n\" data-dt-img-description=\"\" data-large_image_width=\"526\" data-large_image_height=\"935\"href='https:\/\/www.radiopiu.net\/wordpress\/wp-content\/uploads\/2022\/01\/271857328_2880981652201378_7492445297428839121_n-1.jpg'><img loading=\"lazy\" decoding=\"async\" width=\"150\" height=\"150\" src=\"https:\/\/www.radiopiu.net\/wordpress\/wp-content\/uploads\/2022\/01\/271857328_2880981652201378_7492445297428839121_n-1-150x150.jpg\" class=\"attachment-thumbnail size-thumbnail\" alt=\"\" aria-describedby=\"gallery-1-254085\" \/><\/a>\n\t\t\t\t<\/dt>\n\t\t\t\t\t<dd class='wp-caption-text gallery-caption' id='gallery-1-254085'>\n\t\t\t\t\tDiego\n\t\t\t\t\t<\/dd><\/dl><br style=\"clear: both\" \/><dl class='gallery-item'>\n\t\t\t\t<dt class='gallery-icon landscape'>\n\t\t\t\t\t<a class=\"rollover rollover-zoom dt-pswp-item\" title=\"271865849_10221003690266434_1271612099426319208_n\" data-dt-img-description=\"\" data-large_image_width=\"261\" data-large_image_height=\"120\"href='https:\/\/www.radiopiu.net\/wordpress\/wp-content\/uploads\/2022\/01\/271865849_10221003690266434_1271612099426319208_n-1.jpg'><img loading=\"lazy\" decoding=\"async\" width=\"150\" height=\"120\" src=\"https:\/\/www.radiopiu.net\/wordpress\/wp-content\/uploads\/2022\/01\/271865849_10221003690266434_1271612099426319208_n-1-150x120.jpg\" class=\"attachment-thumbnail size-thumbnail\" alt=\"\" aria-describedby=\"gallery-1-254084\" \/><\/a>\n\t\t\t\t<\/dt>\n\t\t\t\t\t<dd class='wp-caption-text gallery-caption' id='gallery-1-254084'>\n\t\t\t\t\tFrancesca\n\t\t\t\t\t<\/dd><\/dl><dl class='gallery-item'>\n\t\t\t\t<dt class='gallery-icon portrait'>\n\t\t\t\t\t<a class=\"rollover rollover-zoom dt-pswp-item\" title=\"271296755_232814198913114_7700865272241413502_n\" data-dt-img-description=\"\" data-large_image_width=\"720\" data-large_image_height=\"960\"href='https:\/\/www.radiopiu.net\/wordpress\/wp-content\/uploads\/2022\/01\/271296755_232814198913114_7700865272241413502_n.jpg'><img loading=\"lazy\" decoding=\"async\" width=\"150\" height=\"150\" src=\"https:\/\/www.radiopiu.net\/wordpress\/wp-content\/uploads\/2022\/01\/271296755_232814198913114_7700865272241413502_n-150x150.jpg\" class=\"attachment-thumbnail size-thumbnail\" alt=\"\" aria-describedby=\"gallery-1-254086\" \/><\/a>\n\t\t\t\t<\/dt>\n\t\t\t\t\t<dd class='wp-caption-text gallery-caption' id='gallery-1-254086'>\n\t\t\t\t\tFOTO ARTICOLO 21 SU FACEBOOK\n\t\t\t\t\t<\/dd><\/dl><dl class='gallery-item'>\n\t\t\t\t<dt class='gallery-icon portrait'>\n\t\t\t\t\t<a class=\"rollover rollover-zoom dt-pswp-item\" title=\"271182739_381805070417296_7441406221035729928_n\" data-dt-img-description=\"\" data-large_image_width=\"720\" data-large_image_height=\"960\"href='https:\/\/www.radiopiu.net\/wordpress\/wp-content\/uploads\/2022\/01\/271182739_381805070417296_7441406221035729928_n.jpg'><img loading=\"lazy\" decoding=\"async\" width=\"150\" height=\"150\" src=\"https:\/\/www.radiopiu.net\/wordpress\/wp-content\/uploads\/2022\/01\/271182739_381805070417296_7441406221035729928_n-150x150.jpg\" class=\"attachment-thumbnail size-thumbnail\" alt=\"\" aria-describedby=\"gallery-1-254087\" \/><\/a>\n\t\t\t\t<\/dt>\n\t\t\t\t\t<dd class='wp-caption-text gallery-caption' id='gallery-1-254087'>\n\t\t\t\t\tFOTO ARTICOLO 21 SU FACEBOOK di Sonia Comiotto\n\t\t\t\t\t<\/dd><\/dl><br style=\"clear: both\" \/><dl class='gallery-item'>\n\t\t\t\t<dt class='gallery-icon landscape'>\n\t\t\t\t\t<a class=\"rollover rollover-zoom dt-pswp-item\" title=\"4d9d216c-0941-4a43-90ba-b689f93a4258\" data-dt-img-description=\"\" data-large_image_width=\"1280\" data-large_image_height=\"960\"href='https:\/\/www.radiopiu.net\/wordpress\/wp-content\/uploads\/2022\/01\/4d9d216c-0941-4a43-90ba-b689f93a4258.jpg'><img loading=\"lazy\" decoding=\"async\" width=\"150\" height=\"150\" src=\"https:\/\/www.radiopiu.net\/wordpress\/wp-content\/uploads\/2022\/01\/4d9d216c-0941-4a43-90ba-b689f93a4258-150x150.jpg\" class=\"attachment-thumbnail size-thumbnail\" alt=\"\" \/><\/a>\n\t\t\t\t<\/dt><\/dl><dl class='gallery-item'>\n\t\t\t\t<dt class='gallery-icon landscape'>\n\t\t\t\t\t<a class=\"rollover rollover-zoom dt-pswp-item\" title=\"185cc4bc-5c62-4d0d-98b8-c6832efbdd3f\" data-dt-img-description=\"\" data-large_image_width=\"1280\" data-large_image_height=\"837\"href='https:\/\/www.radiopiu.net\/wordpress\/wp-content\/uploads\/2022\/01\/185cc4bc-5c62-4d0d-98b8-c6832efbdd3f.jpg'><img loading=\"lazy\" decoding=\"async\" width=\"150\" height=\"150\" src=\"https:\/\/www.radiopiu.net\/wordpress\/wp-content\/uploads\/2022\/01\/185cc4bc-5c62-4d0d-98b8-c6832efbdd3f-150x150.jpg\" class=\"attachment-thumbnail size-thumbnail\" alt=\"\" \/><\/a>\n\t\t\t\t<\/dt><\/dl><dl class='gallery-item'>\n\t\t\t\t<dt class='gallery-icon landscape'>\n\t\t\t\t\t<a class=\"rollover rollover-zoom dt-pswp-item\" title=\"b0e0b6aa-87dc-4017-b644-766513321970\" data-dt-img-description=\"\" data-large_image_width=\"1280\" data-large_image_height=\"960\"href='https:\/\/www.radiopiu.net\/wordpress\/wp-content\/uploads\/2022\/01\/b0e0b6aa-87dc-4017-b644-766513321970.jpg'><img loading=\"lazy\" decoding=\"async\" width=\"150\" height=\"150\" src=\"https:\/\/www.radiopiu.net\/wordpress\/wp-content\/uploads\/2022\/01\/b0e0b6aa-87dc-4017-b644-766513321970-150x150.jpg\" class=\"attachment-thumbnail size-thumbnail\" alt=\"\" \/><\/a>\n\t\t\t\t<\/dt><\/dl><br style=\"clear: both\" \/><dl class='gallery-item'>\n\t\t\t\t<dt class='gallery-icon landscape'>\n\t\t\t\t\t<a class=\"rollover rollover-zoom dt-pswp-item\" title=\"cf84b9e3-797c-4bec-9909-4d882d2433c9\" data-dt-img-description=\"\" data-large_image_width=\"1280\" data-large_image_height=\"873\"href='https:\/\/www.radiopiu.net\/wordpress\/wp-content\/uploads\/2022\/01\/cf84b9e3-797c-4bec-9909-4d882d2433c9.jpg'><img loading=\"lazy\" decoding=\"async\" width=\"150\" height=\"150\" src=\"https:\/\/www.radiopiu.net\/wordpress\/wp-content\/uploads\/2022\/01\/cf84b9e3-797c-4bec-9909-4d882d2433c9-150x150.jpg\" class=\"attachment-thumbnail size-thumbnail\" alt=\"\" \/><\/a>\n\t\t\t\t<\/dt><\/dl><dl class='gallery-item'>\n\t\t\t\t<dt class='gallery-icon landscape'>\n\t\t\t\t\t<a class=\"rollover rollover-zoom dt-pswp-item\" title=\"62e9ae2e-3eab-4219-b0a8-c4acbb95b9d3\" data-dt-img-description=\"\" data-large_image_width=\"1280\" data-large_image_height=\"960\"href='https:\/\/www.radiopiu.net\/wordpress\/wp-content\/uploads\/2022\/01\/62e9ae2e-3eab-4219-b0a8-c4acbb95b9d3.jpg'><img loading=\"lazy\" decoding=\"async\" width=\"150\" height=\"150\" src=\"https:\/\/www.radiopiu.net\/wordpress\/wp-content\/uploads\/2022\/01\/62e9ae2e-3eab-4219-b0a8-c4acbb95b9d3-150x150.jpg\" class=\"attachment-thumbnail size-thumbnail\" alt=\"\" \/><\/a>\n\t\t\t\t<\/dt><\/dl><dl class='gallery-item'>\n\t\t\t\t<dt class='gallery-icon landscape'>\n\t\t\t\t\t<a class=\"rollover rollover-zoom dt-pswp-item\" title=\"75cd7812-b841-4dd9-a6f2-9ef0539ef02c\" data-dt-img-description=\"\" data-large_image_width=\"1280\" data-large_image_height=\"858\"href='https:\/\/www.radiopiu.net\/wordpress\/wp-content\/uploads\/2022\/01\/75cd7812-b841-4dd9-a6f2-9ef0539ef02c.jpg'><img loading=\"lazy\" decoding=\"async\" width=\"150\" height=\"150\" src=\"https:\/\/www.radiopiu.net\/wordpress\/wp-content\/uploads\/2022\/01\/75cd7812-b841-4dd9-a6f2-9ef0539ef02c-150x150.jpg\" class=\"attachment-thumbnail size-thumbnail\" alt=\"\" \/><\/a>\n\t\t\t\t<\/dt><\/dl><br style=\"clear: both\" \/>\n\t\t\t<\/div>\n\n<p><strong>\u00a0\u00a0<\/strong><\/p>\n<hr \/>\n<p>&nbsp;<\/p>\n<blockquote>\n<h3>ADIS ZATTA RICORDA L&#8217;AMICO IVAN<\/h3>\n<\/blockquote>\n<p><strong><a href=\"https:\/\/www.radiopiu.net\/wordpress\/aggfeaaaasdasd\/f588b0aa-6568-4e73-a197-3cd14ac699af\/\" rel=\"attachment wp-att-254148\"><img loading=\"lazy\" decoding=\"async\" class=\" wp-image-254148 alignleft\" src=\"https:\/\/www.radiopiu.net\/wordpress\/wp-content\/uploads\/2022\/01\/f588b0aa-6568-4e73-a197-3cd14ac699af-291x300.jpg\" alt=\"\" width=\"191\" height=\"197\" srcset=\"https:\/\/www.radiopiu.net\/wordpress\/wp-content\/uploads\/2022\/01\/f588b0aa-6568-4e73-a197-3cd14ac699af-291x300.jpg 291w, https:\/\/www.radiopiu.net\/wordpress\/wp-content\/uploads\/2022\/01\/f588b0aa-6568-4e73-a197-3cd14ac699af-993x1024.jpg 993w, https:\/\/www.radiopiu.net\/wordpress\/wp-content\/uploads\/2022\/01\/f588b0aa-6568-4e73-a197-3cd14ac699af-768x792.jpg 768w, https:\/\/www.radiopiu.net\/wordpress\/wp-content\/uploads\/2022\/01\/f588b0aa-6568-4e73-a197-3cd14ac699af.jpg 1079w\" sizes=\"auto, (max-width: 191px) 100vw, 191px\" \/><\/a>FELTRE<\/strong> Adis Zatta, assessore del comune di Feltre alla Protezione Civile, ricorda l&#8217;amico Ivan Gaio, l&#8217;uomo che ha perso la vita nell&#8217;incendio del pomeriggio<\/p>\n<audio class=\"wp-audio-shortcode\" id=\"audio-253922-2\" preload=\"none\" style=\"width: 100%;\" controls=\"controls\"><source type=\"audio\/mpeg\" src=\"https:\/\/www.radiopiu.net\/wordpress\/wp-content\/uploads\/2022\/01\/ZATTA-RICORDA-IVAN.mp3?_=2\" \/><a href=\"https:\/\/www.radiopiu.net\/wordpress\/wp-content\/uploads\/2022\/01\/ZATTA-RICORDA-IVAN.mp3\">https:\/\/www.radiopiu.net\/wordpress\/wp-content\/uploads\/2022\/01\/ZATTA-RICORDA-IVAN.mp3<\/a><\/audio>\n<p>&nbsp;<\/p>\n<hr \/>\n<p>&nbsp;<\/p>\n<blockquote>\n<h3 class=\"entry-title\">DAI CAMPI DI CALCIO AL CIELO DEGLI ANGELI \u201cINSEGNERA\u2019 ANCHE A LORO A GIOCARE A CALCIO, LO SAPEVA FARE BENE\u201d<\/h3>\n<\/blockquote>\n<p><strong><a href=\"https:\/\/www.radiopiu.net\/wordpress\/dai-campi-di-calcio-al-cielo-degli-angeli-insegnera-anche-a-loro-a-giocare-a-calcio-lo-sapeva-fare-bene\/d7e8150f-7422-4d83-a5b9-f31666b785b1\/\" rel=\"attachment wp-att-254129\"><img loading=\"lazy\" decoding=\"async\" class=\" wp-image-254129 alignleft\" src=\"https:\/\/www.radiopiu.net\/wordpress\/wp-content\/uploads\/2022\/01\/d7e8150f-7422-4d83-a5b9-f31666b785b1-226x300.jpg\" sizes=\"auto, (max-width: 226px) 100vw, 226px\" srcset=\"https:\/\/www.radiopiu.net\/wordpress\/wp-content\/uploads\/2022\/01\/d7e8150f-7422-4d83-a5b9-f31666b785b1-226x300.jpg 226w, https:\/\/www.radiopiu.net\/wordpress\/wp-content\/uploads\/2022\/01\/d7e8150f-7422-4d83-a5b9-f31666b785b1-768x1020.jpg 768w, https:\/\/www.radiopiu.net\/wordpress\/wp-content\/uploads\/2022\/01\/d7e8150f-7422-4d83-a5b9-f31666b785b1.jpg 771w\" alt=\"\" width=\"211\" height=\"280\" \/><\/a>ALLEGHE<\/strong>\u00a0Quella passione per il calcio, quello degli altri e quello dei suoi figli,\u00a0 uguale all\u2019amore per l\u2019Alleghe Hockey. Serio quanto basta per farsi ascoltare, sorridente da sotto i baffi nel momento di fare festa. Questo era Giovanni, mancato all\u2019et\u00e0 di 72 anni in Sicilia dove viveva da anni. Giovanni Vinciprova e chi non se lo ricorda a Caprile, o in Val Cordevole dove aveva fondato la squadra di calcio US Rocca Pietore, ma anche allenato le giovanili della Val Cordevole con l\u2019amico \u201cIzzo\u201d. Un amore sviscerato per lo sport, poi trasmesso ai figli.<\/p>\n<p>Poi l\u2019altra passione, il ballo, con Donata \u00a0faceva divertire la gente con i passi\u00a0 ritmati dalla musica. Giovanni da tempo si era trasferito\u00a0 in Sicilia,\u00a0 suo paese di origine,\u00a0 a Leonforte in provincia di Enna, con la compagna Alida. Lascia un vuoto incolmabile tra i tanti che ne hanno apprezzato il carattere e la schiettezza.\u00a0 \u201cO<em>ra insegner\u00e0 anche agli angeli a giocare a calcio, cosa che sapeva fare molto bene\u201d<\/em>, ci confessa il figlio Francesco con emozione, e con lui il fratello Marco, Ivana e\u00a0 Donata. Un abbraccio a chi resta e un dolce ricordo per Giovanni, con noi a Villach nelle celebrazione della vittoria del nostro Alleghe Hockey92.<\/p>\n<p>&nbsp;<\/p>\n<p>&nbsp;<\/p>\n<p>&nbsp;<\/p>\n<p>&nbsp;<\/p>\n<hr \/>\n<p>&nbsp;<\/p>\n<p><strong><a href=\"https:\/\/www.radiopiu.net\/wordpress\/giornale-radiopiu-15-gennaio-2022-direttore-mirko-mezzacasa\/775a0dfd-a4b1-4b9e-ae26-c2c5b7396e1e\/\" rel=\"attachment wp-att-254230\"><img loading=\"lazy\" decoding=\"async\" class=\" wp-image-254230 alignleft\" src=\"https:\/\/www.radiopiu.net\/wordpress\/wp-content\/uploads\/2022\/01\/775a0dfd-a4b1-4b9e-ae26-c2c5b7396e1e-300x169.jpg\" alt=\"\" width=\"218\" height=\"123\" srcset=\"https:\/\/www.radiopiu.net\/wordpress\/wp-content\/uploads\/2022\/01\/775a0dfd-a4b1-4b9e-ae26-c2c5b7396e1e-300x169.jpg 300w, https:\/\/www.radiopiu.net\/wordpress\/wp-content\/uploads\/2022\/01\/775a0dfd-a4b1-4b9e-ae26-c2c5b7396e1e-1024x576.jpg 1024w, https:\/\/www.radiopiu.net\/wordpress\/wp-content\/uploads\/2022\/01\/775a0dfd-a4b1-4b9e-ae26-c2c5b7396e1e-768x432.jpg 768w, https:\/\/www.radiopiu.net\/wordpress\/wp-content\/uploads\/2022\/01\/775a0dfd-a4b1-4b9e-ae26-c2c5b7396e1e-1536x864.jpg 1536w, https:\/\/www.radiopiu.net\/wordpress\/wp-content\/uploads\/2022\/01\/775a0dfd-a4b1-4b9e-ae26-c2c5b7396e1e.jpg 1920w\" sizes=\"auto, (max-width: 218px) 100vw, 218px\" \/><\/a>IL LUTTO, lunedi i funerali di Maria a San Gervasio<\/strong><\/p>\n<p><strong>BELLUNO<\/strong>\u00a0 Maria Bruni originaria di Roncade (Treviso) \u00e8 scomparsa a 91 anni.\u00a0 Con la sorella\u00a0 aveva una\u00a0 bottega di alimentari, situata poco prima della curva di via San Lorenzo, di fronte all&#8217;istituto Brustolon. Una drogheria\u00a0 aperta fin dagli anni Sessanta e rimasta poi attiva, a partire dalla prima met\u00e0 degli anni Novanta, con un&#8217;altra gestione fino a tre anni fa.\u00a0 I funerali sono previsti luned\u00ec 17 alle ore 10 nella chiesa parrocchiale di San Gervasio.<\/p>\n<p>&nbsp;<\/p>\n<hr \/>\n<p>&nbsp;<\/p>\n<blockquote>\n<h3>IN CENTINAIA A FELTRE PER L&#8217;ULTIMO SALUTO AL PORTIERONE LUCA<\/h3>\n<\/blockquote>\n<p><em>In prima linea i suoi alpini, i compagni di squadra del figlio Filippo portiere come il pap\u00e0<\/em><\/p>\n<p><strong><a href=\"https:\/\/www.radiopiu.net\/wordpress\/giornale-radiopiu-15-gennaio-2022-direttore-mirko-mezzacasa\/morte-luca-depaoli-400x267\/\" rel=\"attachment wp-att-254240\"><img loading=\"lazy\" decoding=\"async\" class=\"size-medium wp-image-254240 alignleft\" src=\"https:\/\/www.radiopiu.net\/wordpress\/wp-content\/uploads\/2022\/01\/morte-Luca-DePaoli-400x267-1-300x200.png\" alt=\"\" width=\"300\" height=\"200\" srcset=\"https:\/\/www.radiopiu.net\/wordpress\/wp-content\/uploads\/2022\/01\/morte-Luca-DePaoli-400x267-1-300x200.png 300w, https:\/\/www.radiopiu.net\/wordpress\/wp-content\/uploads\/2022\/01\/morte-Luca-DePaoli-400x267-1.png 400w\" sizes=\"auto, (max-width: 300px) 100vw, 300px\" \/><\/a>FELTRE<\/strong>\u00a0 Ieri i funerali di\u00a0 Luca De Paoli l&#8217;ex portiere, morto improvvisamente domenica scorsa in casa a 49 anni. La chiesa del Boscariz non \u00e8 stata in grado di ospitare tutti quelli che hanno avuto la fortuna di incontrarlo, sono stati in tanti quelli che hanno ascoltato la funzione all&#8217;esterno, sul sagrato, grazie agli altoparlanti che hanno rimandato la voce del parroco don Umberto Antoniol, che per Luca speso parole di affetto non nascondendo il fatto che la vita di De Paoli sia stata tutt&#8217;altro che una passeggiata: <em>\u00abLa sua vita in terra \u00e8 stata un purgatorio. Sono certo che il Signore abbia aperto a Luca le porte del paradiso\u00bb\u00a0<\/em><\/p>\n<p><strong>Il vicepresidente di Dolomiti Bellunesi, Nicola Giusti:<\/strong><\/p>\n<blockquote><p><em>\u00abEra un amico che avevo frequentato assiduamente per un lungo periodo. Luca era una persona eccezionale, che mi aveva colpito per la sua grande umanit\u00e0 e per la sua disponibilit\u00e0. Ha tre figli, due dei quali, Tommaso e Filippo, ne stanno seguendo le tracce e hanno iniziato la trafila all\u2019interno delle formazioni giovanili del nostro club. Ho appreso della notizia con grande dolore e sconforto, anche perch\u00e9 non sapevo del suo stato di salute precario\u00bb.<\/em><\/p><\/blockquote>\n<p>&nbsp;<\/p>\n<hr \/>\n<p>&nbsp;<\/p>\n<p>&nbsp;<\/p>\n<p>&nbsp;<\/p>\n<blockquote>\n<h3>LEGNAIA A FUOCO A SANTA GIUSTINA, CANNA FUMARIA A TRICHIANA<\/h3>\n<\/blockquote>\n<p><strong>SANTA GIUSTINA<\/strong>\u00a0 ieri a mezzogiorno intervento dei vigili del fuoco a Santa Giustina per lo spegnimento di una legnaia in legno in via Luciani, un altro incendio come a Feltre con diverso esito, non ci sono infatti persone coinvolte. L&#8217;allarme \u00e8 stato dato da un vicino di casa dopo aver visto io fumo,\u00a0 i proprietari che non si erano accorti di nulla. Stava bruciando la casetta, di 40 metri quadrati. I vigili del fuoco di Belluno sono intervenuti anche a Trichiana per spegnere la canna fumaria<\/p>\n\n\t\t\t<style type='text\/css'>\n\t\t\t\t#gallery-2 {\n\t\t\t\t\tmargin: auto;\n\t\t\t\t}\n\t\t\t\t#gallery-2 .gallery-item {\n\t\t\t\t\tfloat: left;\n\t\t\t\t\tmargin-top: 10px;\n\t\t\t\t\ttext-align: center;\n\t\t\t\t\twidth: 25%;\n\t\t\t\t}\n\t\t\t\t#gallery-2 img {\n\t\t\t\t\tborder: 2px solid #cfcfcf;\n\t\t\t\t}\n\t\t\t\t#gallery-2 .gallery-caption {\n\t\t\t\t\tmargin-left: 0;\n\t\t\t\t}\n\t\t\t\t\/* see gallery_shortcode() in wp-includes\/media.php *\/\n\t\t\t<\/style>\n\t\t<div id='gallery-2' class='dt-gallery-container gallery galleryid-253922 gallery-columns-4 gallery-size-thumbnail'><dl class='gallery-item'>\n\t\t\t\t<dt class='gallery-icon landscape'>\n\t\t\t\t\t<a class=\"rollover rollover-zoom dt-pswp-item\" title=\"e3a4284e-169b-4fa5-86ab-07a62892723e\" data-dt-img-description=\"\" data-large_image_width=\"1280\" data-large_image_height=\"960\"href='https:\/\/www.radiopiu.net\/wordpress\/wp-content\/uploads\/2022\/01\/e3a4284e-169b-4fa5-86ab-07a62892723e.jpg'><img loading=\"lazy\" decoding=\"async\" width=\"150\" height=\"150\" src=\"https:\/\/www.radiopiu.net\/wordpress\/wp-content\/uploads\/2022\/01\/e3a4284e-169b-4fa5-86ab-07a62892723e-150x150.jpg\" class=\"attachment-thumbnail size-thumbnail\" alt=\"\" \/><\/a>\n\t\t\t\t<\/dt><\/dl><dl class='gallery-item'>\n\t\t\t\t<dt class='gallery-icon landscape'>\n\t\t\t\t\t<a class=\"rollover rollover-zoom dt-pswp-item\" title=\"4c8e18f3-49bb-4588-af02-11eef8b1bd36\" data-dt-img-description=\"\" data-large_image_width=\"1280\" data-large_image_height=\"960\"href='https:\/\/www.radiopiu.net\/wordpress\/wp-content\/uploads\/2022\/01\/4c8e18f3-49bb-4588-af02-11eef8b1bd36.jpg'><img loading=\"lazy\" decoding=\"async\" width=\"150\" height=\"150\" src=\"https:\/\/www.radiopiu.net\/wordpress\/wp-content\/uploads\/2022\/01\/4c8e18f3-49bb-4588-af02-11eef8b1bd36-150x150.jpg\" class=\"attachment-thumbnail size-thumbnail\" alt=\"\" \/><\/a>\n\t\t\t\t<\/dt><\/dl><dl class='gallery-item'>\n\t\t\t\t<dt class='gallery-icon landscape'>\n\t\t\t\t\t<a class=\"rollover rollover-zoom dt-pswp-item\" title=\"db51d600-9c3d-4eb3-a9ed-9087a520fb1f\" data-dt-img-description=\"\" data-large_image_width=\"1280\" data-large_image_height=\"960\"href='https:\/\/www.radiopiu.net\/wordpress\/wp-content\/uploads\/2022\/01\/db51d600-9c3d-4eb3-a9ed-9087a520fb1f.jpg'><img loading=\"lazy\" decoding=\"async\" width=\"150\" height=\"150\" src=\"https:\/\/www.radiopiu.net\/wordpress\/wp-content\/uploads\/2022\/01\/db51d600-9c3d-4eb3-a9ed-9087a520fb1f-150x150.jpg\" class=\"attachment-thumbnail size-thumbnail\" alt=\"\" \/><\/a>\n\t\t\t\t<\/dt><\/dl><dl class='gallery-item'>\n\t\t\t\t<dt class='gallery-icon landscape'>\n\t\t\t\t\t<a class=\"rollover rollover-zoom dt-pswp-item\" title=\"fcdb6dec-1347-451d-a2ae-ea68ade8b436\" data-dt-img-description=\"\" data-large_image_width=\"1280\" data-large_image_height=\"960\"href='https:\/\/www.radiopiu.net\/wordpress\/wp-content\/uploads\/2022\/01\/fcdb6dec-1347-451d-a2ae-ea68ade8b436.jpg'><img loading=\"lazy\" decoding=\"async\" width=\"150\" height=\"150\" src=\"https:\/\/www.radiopiu.net\/wordpress\/wp-content\/uploads\/2022\/01\/fcdb6dec-1347-451d-a2ae-ea68ade8b436-150x150.jpg\" class=\"attachment-thumbnail size-thumbnail\" alt=\"\" \/><\/a>\n\t\t\t\t<\/dt><\/dl><br style=\"clear: both\" \/><dl class='gallery-item'>\n\t\t\t\t<dt class='gallery-icon landscape'>\n\t\t\t\t\t<a class=\"rollover rollover-zoom dt-pswp-item\" title=\"0a16bd40-b1ff-4bfa-be79-a65a1fe580b3\" data-dt-img-description=\"\" data-large_image_width=\"1280\" data-large_image_height=\"960\"href='https:\/\/www.radiopiu.net\/wordpress\/wp-content\/uploads\/2022\/01\/0a16bd40-b1ff-4bfa-be79-a65a1fe580b3.jpg'><img loading=\"lazy\" decoding=\"async\" width=\"150\" height=\"150\" src=\"https:\/\/www.radiopiu.net\/wordpress\/wp-content\/uploads\/2022\/01\/0a16bd40-b1ff-4bfa-be79-a65a1fe580b3-150x150.jpg\" class=\"attachment-thumbnail size-thumbnail\" alt=\"\" \/><\/a>\n\t\t\t\t<\/dt><\/dl><dl class='gallery-item'>\n\t\t\t\t<dt class='gallery-icon landscape'>\n\t\t\t\t\t<a class=\"rollover rollover-zoom dt-pswp-item\" title=\"a6dc5994-69a0-4190-9636-11edd9245aa2\" data-dt-img-description=\"\" data-large_image_width=\"1280\" data-large_image_height=\"960\"href='https:\/\/www.radiopiu.net\/wordpress\/wp-content\/uploads\/2022\/01\/a6dc5994-69a0-4190-9636-11edd9245aa2.jpg'><img loading=\"lazy\" decoding=\"async\" width=\"150\" height=\"150\" src=\"https:\/\/www.radiopiu.net\/wordpress\/wp-content\/uploads\/2022\/01\/a6dc5994-69a0-4190-9636-11edd9245aa2-150x150.jpg\" class=\"attachment-thumbnail size-thumbnail\" alt=\"\" \/><\/a>\n\t\t\t\t<\/dt><\/dl><dl class='gallery-item'>\n\t\t\t\t<dt class='gallery-icon landscape'>\n\t\t\t\t\t<a class=\"rollover rollover-zoom dt-pswp-item\" title=\"741e76ca-2eb3-41fa-8396-34d209356714\" data-dt-img-description=\"\" data-large_image_width=\"1280\" data-large_image_height=\"960\"href='https:\/\/www.radiopiu.net\/wordpress\/wp-content\/uploads\/2022\/01\/741e76ca-2eb3-41fa-8396-34d209356714.jpg'><img loading=\"lazy\" decoding=\"async\" width=\"150\" height=\"150\" src=\"https:\/\/www.radiopiu.net\/wordpress\/wp-content\/uploads\/2022\/01\/741e76ca-2eb3-41fa-8396-34d209356714-150x150.jpg\" class=\"attachment-thumbnail size-thumbnail\" alt=\"\" \/><\/a>\n\t\t\t\t<\/dt><\/dl>\n\t\t\t\t<br style='clear: both' \/>\n\t\t\t<\/div>\n\n<p>&nbsp;<\/p>\n<p>&nbsp;<\/p>\n<p>&nbsp;<\/p>\n<p>&nbsp;<\/p>\n<hr \/>\n<blockquote>\n<h3><strong>\u00a0<\/strong><\/h3>\n<h3><strong>LAVORO. IL 2021 SI CHIUDE CON 40 MILA POSTI DI LAVORO IN PI\u00d9 IN VENETO. RESTANO LE INCOGNITE PER IL 2022.<\/strong><\/h3>\n<\/blockquote>\n<p><strong><a href=\"https:\/\/www.radiopiu.net\/wordpress\/scuola-edile-belluno-centro-formazione-sicurezza\/consulenza-formazione-sicurezza-sul-lavoro-4\/\" rel=\"attachment wp-att-237753\"><img loading=\"lazy\" decoding=\"async\" class=\"wp-image-237753 alignleft\" src=\"https:\/\/www.radiopiu.net\/wordpress\/wp-content\/uploads\/2021\/10\/consulenza-formazione-sicurezza-sul-lavoro-4-300x225.jpg\" alt=\"\" width=\"157\" height=\"118\" srcset=\"https:\/\/www.radiopiu.net\/wordpress\/wp-content\/uploads\/2021\/10\/consulenza-formazione-sicurezza-sul-lavoro-4-300x225.jpg 300w, https:\/\/www.radiopiu.net\/wordpress\/wp-content\/uploads\/2021\/10\/consulenza-formazione-sicurezza-sul-lavoro-4.jpg 600w\" sizes=\"auto, (max-width: 157px) 100vw, 157px\" \/><\/a>VENEZIA<\/strong> Il 2021 si chiude in Veneto con un saldo occupazionale positivo per 39.700 posti di lavoro dipendente, grazie soprattutto all\u2019andamento della seconda met\u00e0 dell\u2019anno quando il tanto atteso rimbalzo economico seguito al crollo del 2020 ha spinto anche il mercato del lavoro regionale.\u00a0 \u00c8 quanto emerge dai dati della Bussola di Veneto Lavoro, che consentono di stilare un primo bilancio di quanto accaduto nell\u2019anno appena concluso.\u00a0 A crescere non sono solo i contratti a termine (+38.500),\u00a0 ma anche i rapporti di lavoro a tempo indeterminato. La domanda di lavoro si \u00e8 invece fermata su volumi inferiori al 2019, con un calo delle assunzioni pari al 9%. La flessione si \u00e8 concentrata in alcuni settori produttivi quali occhialeria (-30%), turismo (-22%), ma non sono mancati comparti che hanno registrato incrementi anche rilevanti: dalle macchine elettriche (+17%) all\u2019industria chimica e plastica (+11%), dalle attivit\u00e0 culturali (+12%) ai servizi finanziari (+11%). Il mese di dicembre ha confermato l\u2019inversione di tendenza della seconda parte dell\u2019anno e ha fatto registrare un aumento delle assunzioni pari al 5%.\u00a0Per questo inizio di 2022 permangono le incognite che hanno caratterizzato la chiusura dell\u2019anno. Tutti i dati sull\u2019andamento del mercato del lavoro veneto nel 2021 sono disponibili nella\u00a0<a href=\"http:\/\/www.venetolavoro.it\/bussola\">Bussola<\/a>\u00a0di Veneto Lavoro pubblicata nella sezione dedicata del sito\u00a0<a href=\"http:\/\/www.venetolavoro.it\/\">www.venetolavoro.it<\/a>.<\/p>\n<p>&nbsp;<\/p>\n<p>&nbsp;<\/p>\n<hr \/>\n<p>&nbsp;<\/p>\n<p>&nbsp;<\/p>\n<blockquote>\n<h3>CONCLUSO IL MARCIAPIEDE TRA CALVI E RENIER<\/h3>\n<\/blockquote>\n<p><strong>BELLUNO<\/strong> Si sono conclusi\u00a0 i lavori del nuovo passaggio pedonale tra l\u2019istituto Renier e la ragioneria Calvi, nella zona di Mier. Si tratta di un marciapiede di collegamento tra le due scuole, richiesto da tempo per risolvere almeno in parte la pericolosa commistione tra traffico auto, pullman in manovra e pedoni. \u00a0Il marciapiede \u00e8 stato realizzato in una piccola area prato tra le due scuole. Con l\u2019asfaltatura finale, il cantiere \u00e8 stato tolto. Il passaggio pedonale \u00e8 largo 2 metri e mezzo; l\u2019investimento della Provincia \u00e8 di 27.500 euro. <em>\u00abIn questo modo rispondiamo a una richiesta precisa degli istituti scolastici e anche di Dolomitibus, che ci chiedeva maggiore sicurezza per gli spazi di manovra &#8211; spiega il presidente della Provincia, Roberto Padrin -. Il traffico pedonale nel transito tra le due scuole non passer\u00e0 pi\u00f9 per la strada. In un secondo momento dovremo ragionare insieme al Comune di Belluno anche sul traffico auto, che diventa particolarmente intenso negli orari di punta, quando cio\u00e8 molti genitori raggiungono l\u2019area per andare a prendere i figli\u00bb.<\/em><\/p>\n\n\t\t\t<style type='text\/css'>\n\t\t\t\t#gallery-3 {\n\t\t\t\t\tmargin: auto;\n\t\t\t\t}\n\t\t\t\t#gallery-3 .gallery-item {\n\t\t\t\t\tfloat: left;\n\t\t\t\t\tmargin-top: 10px;\n\t\t\t\t\ttext-align: center;\n\t\t\t\t\twidth: 33%;\n\t\t\t\t}\n\t\t\t\t#gallery-3 img {\n\t\t\t\t\tborder: 2px solid #cfcfcf;\n\t\t\t\t}\n\t\t\t\t#gallery-3 .gallery-caption {\n\t\t\t\t\tmargin-left: 0;\n\t\t\t\t}\n\t\t\t\t\/* see gallery_shortcode() in wp-includes\/media.php *\/\n\t\t\t<\/style>\n\t\t<div id='gallery-3' class='dt-gallery-container gallery galleryid-253922 gallery-columns-3 gallery-size-thumbnail'><dl class='gallery-item'>\n\t\t\t\t<dt class='gallery-icon landscape'>\n\t\t\t\t\t<a class=\"rollover rollover-zoom dt-pswp-item\" title=\"lavori Calvi-Renier 1\" data-dt-img-description=\"\" data-large_image_width=\"1600\" data-large_image_height=\"1200\"href='https:\/\/www.radiopiu.net\/wordpress\/wp-content\/uploads\/2022\/01\/lavori-Calvi-Renier-1.jpg'><img loading=\"lazy\" decoding=\"async\" width=\"150\" height=\"150\" src=\"https:\/\/www.radiopiu.net\/wordpress\/wp-content\/uploads\/2022\/01\/lavori-Calvi-Renier-1-150x150.jpg\" class=\"attachment-thumbnail size-thumbnail\" alt=\"\" \/><\/a>\n\t\t\t\t<\/dt><\/dl><dl class='gallery-item'>\n\t\t\t\t<dt class='gallery-icon landscape'>\n\t\t\t\t\t<a class=\"rollover rollover-zoom dt-pswp-item\" title=\"lavori Calvi-Renier 3\" data-dt-img-description=\"\" data-large_image_width=\"1600\" data-large_image_height=\"1200\"href='https:\/\/www.radiopiu.net\/wordpress\/wp-content\/uploads\/2022\/01\/lavori-Calvi-Renier-3.jpg'><img loading=\"lazy\" decoding=\"async\" width=\"150\" height=\"150\" src=\"https:\/\/www.radiopiu.net\/wordpress\/wp-content\/uploads\/2022\/01\/lavori-Calvi-Renier-3-150x150.jpg\" class=\"attachment-thumbnail size-thumbnail\" alt=\"\" \/><\/a>\n\t\t\t\t<\/dt><\/dl><dl class='gallery-item'>\n\t\t\t\t<dt class='gallery-icon landscape'>\n\t\t\t\t\t<a class=\"rollover rollover-zoom dt-pswp-item\" title=\"lavori Calvi-Renier 2\" data-dt-img-description=\"\" data-large_image_width=\"2048\" data-large_image_height=\"1536\"href='https:\/\/www.radiopiu.net\/wordpress\/wp-content\/uploads\/2022\/01\/lavori-Calvi-Renier-2.jpg'><img loading=\"lazy\" decoding=\"async\" width=\"150\" height=\"150\" src=\"https:\/\/www.radiopiu.net\/wordpress\/wp-content\/uploads\/2022\/01\/lavori-Calvi-Renier-2-150x150.jpg\" class=\"attachment-thumbnail size-thumbnail\" alt=\"\" \/><\/a>\n\t\t\t\t<\/dt><\/dl><br style=\"clear: both\" \/>\n\t\t\t<\/div>\n\n<p><em>\u00a0<\/em><\/p>\n<p>&nbsp;<\/p>\n<hr \/>\n<p>&nbsp;<\/p>\n<blockquote>\n<h3>A DISTANZA DI SETTIMANA IL PARCHEGGIO PER DISABILI E&#8217; SEMPRE INAGIBILE PER LA NEVE<\/h3>\n<\/blockquote>\n<p><a href=\"https:\/\/www.radiopiu.net\/wordpress\/giornale-radiopiu-15-gennaio-2022-direttore-mirko-mezzacasa\/9fd10d41-dc5a-46a5-9f7a-3104023f3532\/\" rel=\"attachment wp-att-254231\"><img loading=\"lazy\" decoding=\"async\" class=\"wp-image-254231 alignleft\" src=\"https:\/\/www.radiopiu.net\/wordpress\/wp-content\/uploads\/2022\/01\/9fd10d41-dc5a-46a5-9f7a-3104023f3532-300x169.jpg\" alt=\"\" width=\"249\" height=\"140\" srcset=\"https:\/\/www.radiopiu.net\/wordpress\/wp-content\/uploads\/2022\/01\/9fd10d41-dc5a-46a5-9f7a-3104023f3532-300x169.jpg 300w, https:\/\/www.radiopiu.net\/wordpress\/wp-content\/uploads\/2022\/01\/9fd10d41-dc5a-46a5-9f7a-3104023f3532-1024x576.jpg 1024w, https:\/\/www.radiopiu.net\/wordpress\/wp-content\/uploads\/2022\/01\/9fd10d41-dc5a-46a5-9f7a-3104023f3532-768x432.jpg 768w, https:\/\/www.radiopiu.net\/wordpress\/wp-content\/uploads\/2022\/01\/9fd10d41-dc5a-46a5-9f7a-3104023f3532-1536x864.jpg 1536w, https:\/\/www.radiopiu.net\/wordpress\/wp-content\/uploads\/2022\/01\/9fd10d41-dc5a-46a5-9f7a-3104023f3532.jpg 1920w\" sizes=\"auto, (max-width: 249px) 100vw, 249px\" \/><\/a><br \/>\n<strong>BELLUNO<\/strong> Dall&#8217;8 dicembre, giorno dell&#8217;Immacolata, cio\u00e8 pi\u00f9 di un mese fa\u00a0 il parcheggio riservato alle persone disabili davanti allo stadio Polisportivo \u00e8 ancora ricoperto da un cumulo di neve. <em>\u00abQuesto episodio dimostra la reale attenzione dell&#8217;amministrazione per la nostra citt\u00e0\u00bb<\/em>, denuncia il consigliere comunale Raffaele Addamiano, che ha segnalato il caso anche allo Sportello del cittadino<em>. \u00ab\u00c8 passato oltre un mese dalla nevicata, non \u00e8 tollerabile che un parcheggio riservato a persone con disabilit\u00e0 non sia agibile\u00bb<\/em><\/p>\n<p>&nbsp;<\/p>\n<p>&nbsp;<\/p>\n<p>&nbsp;<\/p>\n<hr \/>\n<p>&nbsp;<\/p>\n<blockquote>\n<h3>TRENTINO TRASPORTI CANCELLA LE CORSE, TURNISTI COSTRETTI ALL&#8217;AUTOSTOP<\/h3>\n<p><em>Comunicazione arrivata pochi minuti fa (alle 9 di venerdi 14). Sospeso il trasporto turnisti dal Primiero. Con &#8220;grande preavviso&#8221; agli utenti per potersi organizzare.<\/em><\/p><\/blockquote>\n<p><strong>AGORDO<\/strong>\u00a0 In un altro servizio sottolineiamo i disagi per i lavoratori della Luxottica del Primiero, quotidianamente in viaggio verso lo stabilimento in localit\u00e0 Valcozzena. I disagi per i turnisti sono anche peggio dei giornalieri. Infatti Trentino Trasporti giustificando le scelte con le conseguenze della pandemia comunica che lunedi 17 gennaio sono sospese le corse da e per Luxottica (come riportato nel comunicato con relativa tabella con le corse cancellate), ma potrebbe essere solo l&#8217;inizio, Trentino Trasporti mette le mani avanti:<em> &#8220;Consultate l&#8217;elenco delle corse sospese, viene aggiornato ogni giorno alle 15&#8221;\u00a0\u00a0<\/em><\/p>\n<p><strong>DI GIANNI SANTOMASO &#8211; CORRIERE ALPI<\/strong><\/p>\n<audio class=\"wp-audio-shortcode\" id=\"audio-253922-3\" preload=\"none\" style=\"width: 100%;\" controls=\"controls\"><source type=\"audio\/mpeg\" src=\"https:\/\/www.radiopiu.net\/wordpress\/wp-content\/uploads\/2022\/01\/giani-pezzo.mp3?_=3\" \/><a href=\"https:\/\/www.radiopiu.net\/wordpress\/wp-content\/uploads\/2022\/01\/giani-pezzo.mp3\">https:\/\/www.radiopiu.net\/wordpress\/wp-content\/uploads\/2022\/01\/giani-pezzo.mp3<\/a><\/audio>\n<p>&nbsp;<\/p>\n<p>&nbsp;<\/p>\n<hr \/>\n<p>&nbsp;<\/p>\n<blockquote>\n<h3><span style=\"color: #ff0000;\">ieri alla radio<\/span><\/h3>\n<h3>CONTINUANO I DISAGI PER GLI OPERAI A GIORNATA CHE ARRIVANO DAL PRIMIERO<\/h3>\n<\/blockquote>\n<p><strong><a href=\"https:\/\/www.radiopiu.net\/wordpress\/contratto-accordo-luxottica-valentino-fino-a-giugno-2022\/luxottica-framont\/\" rel=\"attachment wp-att-246066\"><img loading=\"lazy\" decoding=\"async\" class=\" wp-image-246066 alignleft\" src=\"https:\/\/www.radiopiu.net\/wordpress\/wp-content\/uploads\/2021\/12\/LUXOTTICA-FRAMONT-300x225.jpg\" alt=\"\" width=\"243\" height=\"182\" srcset=\"https:\/\/www.radiopiu.net\/wordpress\/wp-content\/uploads\/2021\/12\/LUXOTTICA-FRAMONT-300x225.jpg 300w, https:\/\/www.radiopiu.net\/wordpress\/wp-content\/uploads\/2021\/12\/LUXOTTICA-FRAMONT-1024x768.jpg 1024w, https:\/\/www.radiopiu.net\/wordpress\/wp-content\/uploads\/2021\/12\/LUXOTTICA-FRAMONT-768x576.jpg 768w, https:\/\/www.radiopiu.net\/wordpress\/wp-content\/uploads\/2021\/12\/LUXOTTICA-FRAMONT-1536x1152.jpg 1536w, https:\/\/www.radiopiu.net\/wordpress\/wp-content\/uploads\/2021\/12\/LUXOTTICA-FRAMONT.jpg 2048w\" sizes=\"auto, (max-width: 243px) 100vw, 243px\" \/><\/a>AGORDO<\/strong><\/p>\n<p>di Gianni Santomaso<\/p>\n<audio class=\"wp-audio-shortcode\" id=\"audio-253922-4\" preload=\"none\" style=\"width: 100%;\" controls=\"controls\"><source type=\"audio\/mpeg\" src=\"https:\/\/www.radiopiu.net\/wordpress\/wp-content\/uploads\/2022\/01\/GIANNI-LUXOTTICA-OPERAI-PRIMIERO.mp3?_=4\" \/><a href=\"https:\/\/www.radiopiu.net\/wordpress\/wp-content\/uploads\/2022\/01\/GIANNI-LUXOTTICA-OPERAI-PRIMIERO.mp3\">https:\/\/www.radiopiu.net\/wordpress\/wp-content\/uploads\/2022\/01\/GIANNI-LUXOTTICA-OPERAI-PRIMIERO.mp3<\/a><\/audio>\n<p>&nbsp;<\/p>\n<p>&nbsp;<\/p>\n<p>&nbsp;<\/p>\n<hr \/>\n<p>&nbsp;<\/p>\n<blockquote>\n<h3 class=\"entry-title\">A DIFESA DEI NEGOZI DI VICINATO \u201cPERCHE\u2019 NON MUOIA IL PAESE\u201d<\/h3>\n<\/blockquote>\n<p><strong><a href=\"https:\/\/www.radiopiu.net\/wordpress\/a-difesa-dei-negozi-di-vicinato-perche-non-muoia-il-paese\/supermarket-5202138_960_720\/\" rel=\"attachment wp-att-254196\"><img loading=\"lazy\" decoding=\"async\" class=\" wp-image-254196 alignleft\" src=\"https:\/\/www.radiopiu.net\/wordpress\/wp-content\/uploads\/2022\/01\/supermarket-5202138_960_720-300x200.webp\" sizes=\"auto, (max-width: 266px) 100vw, 266px\" srcset=\"https:\/\/www.radiopiu.net\/wordpress\/wp-content\/uploads\/2022\/01\/supermarket-5202138_960_720-300x200.webp 300w, https:\/\/www.radiopiu.net\/wordpress\/wp-content\/uploads\/2022\/01\/supermarket-5202138_960_720-768x512.webp 768w, https:\/\/www.radiopiu.net\/wordpress\/wp-content\/uploads\/2022\/01\/supermarket-5202138_960_720.webp 960w\" alt=\"\" width=\"266\" height=\"177\" \/><\/a>BELLUNO<\/strong>\u00a0In diverse aree della citt\u00e0 s\u2019abbassano le saracinesche, le vetrine si impolverano giorno dopo giorno e i nuovi imprenditori della partita iva latitano anche nella somministrazione di generi alimentari come a Salce e Cavarzano. In alcune aree di Belluno presto ci saranno due nuovi supermercati (via Lungardo e Baldenich). Belluno si prepara quindi ad entrare nella hit delle citt\u00e0 con maggiore concentrazione di strutture adibite alla grande distribuzione, 7 supermercati in tre chilometri. Al secondo posto Agordo con 5 in due chilometri. La conseguenza per Belluno: il centro si svuota, la periferia litiga con l\u2019aumento del traffico sempre pi\u00f9 insostenibile. Problematica che merita di essere portata nella sede istituzionale deputata, ne sono convinti i consiglieri di Obiettivo Belluno-Fratelli d\u2019Itaila, Raffaele Addamiano e Andrea Stella. che hanno chiesto la convocazione della I Commissione con sindaco e assessori competenti.\u00a0<em>\u201cChiediamo\u00a0 attenzione privilegiata al piccolo commercio \u2013 dice Addamiano \u2013\u00a0 oggi purtroppo in grande sofferenza, negozi di vicinato, veri baluardi contro lo spopolamento e fondamentali presidi di socializzazione, massimamente in questi difficili tempi di pandemia cinese. Come affermava di recente Marco Bussone, Presidente Uncem: Quando chiude una bottega, spesso chiude un paese\u201d.\u00a0<\/em>I consiglieri si appellano anche alla legge regionale del 2012 che promuove lo sviluppo del settore relativo al commercio mediante l\u2019attivazione di specifiche misure finanziarie destinate ai Comuni e agli operatori del settore nei centri storici e urbani in periodi in cui\u00a0 la grande distribuzione \u00e8 cresciuta del 9,8% mentre i negozi di vicinato\u00a0 hanno subito un calo del\u00a0 6% in termini di consistenza numerica e ancora si deve calcolare il danno legato alla pandemia.<\/p>\n<p>&nbsp;<\/p>\n<hr \/>\n<p>&nbsp;<\/p>\n<blockquote>\n<h3>CASPARETHA, LA SFIDA: RINVIO A FEBBRAIO<\/h3>\n<\/blockquote>\n<p><a href=\"https:\/\/www.radiopiu.net\/wordpress\/casparetha-la-sfida-rinvio-a-febbraio\/269798708_1561040320928984_1386323577856839675_n\/\" rel=\"attachment wp-att-254233\"><img loading=\"lazy\" decoding=\"async\" class=\" wp-image-254233 alignleft\" src=\"https:\/\/www.radiopiu.net\/wordpress\/wp-content\/uploads\/2022\/01\/269798708_1561040320928984_1386323577856839675_n-273x300.jpg\" alt=\"\" width=\"192\" height=\"211\" srcset=\"https:\/\/www.radiopiu.net\/wordpress\/wp-content\/uploads\/2022\/01\/269798708_1561040320928984_1386323577856839675_n-273x300.jpg 273w, https:\/\/www.radiopiu.net\/wordpress\/wp-content\/uploads\/2022\/01\/269798708_1561040320928984_1386323577856839675_n.jpg 526w\" sizes=\"auto, (max-width: 192px) 100vw, 192px\" \/><\/a><strong>CANALE D&#8217;AGORDO<\/strong> Slitta a febbraio la Casparetha,\u00a0 singolare competeizione con sci e ciaspe sul tracciato innevato che collega Piazza Papa Luciani a Canale d&#8217;Agordo con la localit\u00e0 di Pian de Sabion, in Valle di Gares. L&#8217;edizione 2022 era fissata infatti gi\u00e0 da tempo per il 5 febbraio, con l&#8217;apertura delle iscrizioni programmata per il 10 gennaio. Nei giorni scorsi, per\u00f2, \u00e8 arrivata la decisione di rinviare l&#8217;appuntamento pi\u00f9 avanti, al 26 febbraio. Una stringata comunicazione degli organizzatori, sulla pagina Facebook dell&#8217;evento, ha sottolineato che la decisione \u00e8 stata presa alla luce delle nuove restrizioni legate alla situazione pandemica.<\/p>\n<p>&nbsp;<\/p>\n<p>&nbsp;<\/p>\n<p>&nbsp;<\/p>\n<p>&nbsp;<\/p>\n<p>&nbsp;<\/p>\n<p>&nbsp;<\/p>\n<hr \/>\n<p>&nbsp;<\/p>\n<blockquote>\n<h3>ALLE ASSOCIAZIONI DI AGORDO I POSTI AUTO PER TRE ANNI IN COMODATO GRATUITO, RESPINTA LA RICHIESTA DI AD AGORDO PROLOCO<\/h3>\n<\/blockquote>\n<p>&nbsp;<\/p>\n<p><strong><a href=\"https:\/\/www.radiopiu.net\/wordpress\/giornale-radiopiu-15-gennaio-2022-direttore-mirko-mezzacasa\/th-291\/\" rel=\"attachment wp-att-254237\"><img loading=\"lazy\" decoding=\"async\" class=\" wp-image-254237 alignleft\" src=\"https:\/\/www.radiopiu.net\/wordpress\/wp-content\/uploads\/2022\/01\/th-9.jpg\" alt=\"\" width=\"193\" height=\"129\" \/><\/a>AGORDO<\/strong> Assegnati alle associazioni agordine sette degli otto posti macchina coperti realizzati dal Comune in via Tiss. Al circolo\u00a0 Auser &#8220;El Broi&#8221;\u00a0 \u00a0tre posti auto per ricovero mezzi destinati alla consegna dei pasti agli anziani a domicilio e all&#8217;accompagnamento sociale degli anziani, due al\u00a0 Soccorso Alpino per il ricovero mezzi e altrettanti alla cooperativa onlus Societ\u00e0 Nuova per i\u00a0 mezzi utilizzati per il trasporto di persone con disabilit\u00e0 che frequentano il centro diurno Altrosenso di Agordo. Non \u00e8 stata accolta invece la richiesta presentata dall&#8217;associazione turistica Ad Agordo Pro Loco, che aveva chiesto uno dei posti macchina al coperto per parcheggiarvi l&#8217;auto di propriet\u00e0.<\/p>\n<p>&nbsp;<\/p>\n<p>&nbsp;<\/p>\n<hr \/>\n<p>&nbsp;<\/p>\n<blockquote>\n<h3>E LUCE FU &#8230; AL CRISTO DELLE PIANIZZE<\/h3>\n<\/blockquote>\n\n\t\t\t<style type='text\/css'>\n\t\t\t\t#gallery-4 {\n\t\t\t\t\tmargin: auto;\n\t\t\t\t}\n\t\t\t\t#gallery-4 .gallery-item {\n\t\t\t\t\tfloat: left;\n\t\t\t\t\tmargin-top: 10px;\n\t\t\t\t\ttext-align: center;\n\t\t\t\t\twidth: 50%;\n\t\t\t\t}\n\t\t\t\t#gallery-4 img {\n\t\t\t\t\tborder: 2px solid #cfcfcf;\n\t\t\t\t}\n\t\t\t\t#gallery-4 .gallery-caption {\n\t\t\t\t\tmargin-left: 0;\n\t\t\t\t}\n\t\t\t\t\/* see gallery_shortcode() in wp-includes\/media.php *\/\n\t\t\t<\/style>\n\t\t<div id='gallery-4' class='dt-gallery-container gallery galleryid-253922 gallery-columns-2 gallery-size-thumbnail'><dl class='gallery-item'>\n\t\t\t\t<dt class='gallery-icon portrait'>\n\t\t\t\t\t<a class=\"rollover rollover-zoom dt-pswp-item\" title=\"f2eda04d-40d8-42aa-aca6-9ba9496c9ff1\" data-dt-img-description=\"\" data-large_image_width=\"922\" data-large_image_height=\"2000\"href='https:\/\/www.radiopiu.net\/wordpress\/wp-content\/uploads\/2022\/01\/f2eda04d-40d8-42aa-aca6-9ba9496c9ff1.jpg'><img loading=\"lazy\" decoding=\"async\" width=\"150\" height=\"150\" src=\"https:\/\/www.radiopiu.net\/wordpress\/wp-content\/uploads\/2022\/01\/f2eda04d-40d8-42aa-aca6-9ba9496c9ff1-150x150.jpg\" class=\"attachment-thumbnail size-thumbnail\" alt=\"\" \/><\/a>\n\t\t\t\t<\/dt><\/dl><dl class='gallery-item'>\n\t\t\t\t<dt class='gallery-icon landscape'>\n\t\t\t\t\t<a class=\"rollover rollover-zoom dt-pswp-item\" title=\"4b652a9e-9fb4-409a-99d8-0605fc110f22\" data-dt-img-description=\"\" data-large_image_width=\"1600\" data-large_image_height=\"747\"href='https:\/\/www.radiopiu.net\/wordpress\/wp-content\/uploads\/2022\/01\/4b652a9e-9fb4-409a-99d8-0605fc110f22.jpg'><img loading=\"lazy\" decoding=\"async\" width=\"150\" height=\"150\" src=\"https:\/\/www.radiopiu.net\/wordpress\/wp-content\/uploads\/2022\/01\/4b652a9e-9fb4-409a-99d8-0605fc110f22-150x150.jpg\" class=\"attachment-thumbnail size-thumbnail\" alt=\"\" \/><\/a>\n\t\t\t\t<\/dt><\/dl><br style=\"clear: both\" \/>\n\t\t\t<\/div>\n\n<p><strong>AGORDO<\/strong> Pochi giorni fa Roberto segnalava il black out al capitello del Cristo delle Pianizze sulla strada per Voltago. Da ieri ecco tornata l&#8217;illuminazione con il grazie a chi ha provveduto.<\/p>\n<p>&nbsp;<\/p>\n<p>&nbsp;<\/p>\n<hr \/>\n<p>&nbsp;<\/p>\n<blockquote>\n<h3>ulls1 NEGLI OSPEDALI BELLUNESI 58 PAZIENTI, DOVE ANDIAMO? IL PUNTO DEL DIRETTORE CARRARO<\/h3>\n<\/blockquote>\n<p><strong>di Moreno Gioli<\/strong><\/p>\n<audio class=\"wp-audio-shortcode\" id=\"audio-253922-5\" preload=\"none\" style=\"width: 100%;\" controls=\"controls\"><source type=\"audio\/mpeg\" src=\"https:\/\/www.radiopiu.net\/wordpress\/wp-content\/uploads\/2022\/01\/GIOLI-CONFERENZA-ULSS.mp3?_=5\" \/><a href=\"https:\/\/www.radiopiu.net\/wordpress\/wp-content\/uploads\/2022\/01\/GIOLI-CONFERENZA-ULSS.mp3\">https:\/\/www.radiopiu.net\/wordpress\/wp-content\/uploads\/2022\/01\/GIOLI-CONFERENZA-ULSS.mp3<\/a><\/audio>\n<p>&nbsp;<\/p>\n<blockquote><p><span style=\"color: #ff0000;\"><strong>oggi INCIDENZA SETTIMANA 2122 OGNI 100 MILA ABITANTI, DA OGGI SOPRA LA MEDIA NAZIONALE\u00a01975<\/strong><\/span><\/p>\n<p><strong>NUOVI POSITIVI 704,\u00a0 \u00a0POSITIVI ATTUALI 7169,\u00a0 \u00a0RICOVERATI IN\u00a0 AREA NON CRITICA\u00a0 41 (5 no covid), TERAPIA INTENSIVA 6\u00a0<\/strong><\/p><\/blockquote>\n<blockquote>\n<h3>LEGGI LA CONFERENZA STAMPA DEL DIRETTORE MARIA GRAZIA CARRARO<\/h3>\n<p><em>16,5 ricoveri ogni 100mila vaccinati et\u00e0 media 77,2; 88,5 ricoveri per 100mila non vaccinati et\u00e0 media 70.9. Domani 15 gennaio dalle 9 alle 18 vaccinazione con accesso libero al Palaskating per le persone over 50, il 16 gennaio dalle 15 alle 18.30 a Feltre centro prelievi. Sabato a domenica dalle 14.30 alle 18.30 punto tamponi a Paludi per persone con sintomatologia covid, sar\u00e0 presente un medico.\u00a0 Sul territorio c&#8217;\u00e8 un&#8217;altra concentrazione di covid19, serve grande responsabilit\u00e0. Di qui l&#8217;appello accorato del direttore generale &#8220;Questo territorio ha gi\u00e0 dato, non dobbiamo cadere in errori, che prevalga la prudenza nei rapporti con le altre persone e si osservi l&#8217;isolamento con attenzione ai contatti stretti&#8221;.<\/em><\/p><\/blockquote>\n<p>La Carraro mette in evidenza nei numeri come siano tanti i vaccinati attualmente nelle spire del virus. L&#8217;83% degli infetti \u00e8 interessato dalla variante Omicron\u00a0 ma c&#8217;e&#8217; sempre un 20% circa di variante Delta, meno contagiosa ma che da problemi critici pi\u00f9 complessi. Il confronto con lo scorso anno con il picco dei ricoveri a cavallo tra novembre e dicembre. Da inizio dicembre escalation importante. Mai stati tanti positivi come in questo momento. Sul fronte dei ricoveri invece a fronte di tanti positivi ci sono molti meno ricoveri anche se in costante aumento. Nelle scuole ieri giorno impegnativo con 33 classi prese in carico, in totale in carico 73 classi, 23 in quarantena, 36 in automonitoraggio 14 monitoraggio con testing. Trentatre&#8217; in una giornata \u00e8 un dato che colpisce. Vaccinazioni: somministrate 401 mila dosi, 83% almeno una dose (161mila) 81% due cosi (156 mila) 16,6% non ancora vaccinati (32mila persone), 98mila terza dose, 86% over 80, 88% tra 70 e i 79 anni, 78,4% popolazione totale eleggibile vaccinata. La popolazione meno coperta \u00e8 la pi\u00f9 giovane, dai 5 agli 1 anni vaccinato il 20% circa. Vanno bene i ragazzi ventenni ma c&#8217;\u00e8 una buona fetta di quarantenni che non hanno aderito alla vaccinazione.<\/p>\n<p><strong>OSPITE IL DOTTOR STEFANO CALABRO DAL MINUTO <\/strong>26.32&#8243; Rimarco il dato dei non vaccinati e i ricoveri che mettono in evidenza il ruolo della vaccinazione. Abbiamo due situazioni, la vaccinazione e l&#8217;uso della mascherina ffp2. Circa il 40% dei ricoverati \u00e8 grave. Dobbiamo convincere la gente a vaccinarsi, ci sono diverse categorie di no vax, alcune per mancata informazione. Con i colleghi anche Calabro dedica il proprio tempo libero al servizio della comunit\u00e0, fino alle 21-22 di sera per vaccinare\u00a0 volontariamente i bellunesi.<\/p>\n<p>&nbsp;<\/p>\n<p><a href=\"https:\/\/www.facebook.com\/radiopiu\/videos\/674180150405457\">https:\/\/www.facebook.com\/radiopiu\/videos\/674180150405457<\/a><\/p>\n<p>&nbsp;<\/p>\n<p>&nbsp;<\/p>\n<hr \/>\n<p>&nbsp;<\/p>\n<blockquote class=\"wp-embedded-content\" data-secret=\"hkxNM8HJKD\"><p><a href=\"https:\/\/www.radiopiu.net\/wordpress\/aggiornamentonaz2022gen14\/\">CORONAVIRUS: AGGIORNAMENTO NAZIONALE 14 GENNAIO 2022<\/a><\/p><\/blockquote>\n<p><iframe loading=\"lazy\" class=\"wp-embedded-content\" sandbox=\"allow-scripts\" security=\"restricted\" style=\"position: absolute; clip: rect(1px, 1px, 1px, 1px);\" title=\"&#8220;CORONAVIRUS: AGGIORNAMENTO NAZIONALE 14 GENNAIO 2022&#8221; &#8212; Radio Pi\u00f9\" src=\"https:\/\/www.radiopiu.net\/wordpress\/aggiornamentonaz2022gen14\/embed\/#?secret=hkxNM8HJKD\" data-secret=\"hkxNM8HJKD\" width=\"600\" height=\"338\" frameborder=\"0\" marginwidth=\"0\" marginheight=\"0\" scrolling=\"no\"><\/iframe><\/p>\n<p>&nbsp;<\/p>\n<blockquote class=\"wp-embedded-content\" data-secret=\"s2hlLQiLjJ\"><p><a href=\"https:\/\/www.radiopiu.net\/wordpress\/boll14\/\">PICCO DI RICOVERI IN AREA NON CRITICA +106 E L&#8217;ARANCIONE E&#8217; SEMPRE PIU&#8217; VICINO<\/a><\/p><\/blockquote>\n<p><iframe loading=\"lazy\" class=\"wp-embedded-content\" sandbox=\"allow-scripts\" security=\"restricted\" style=\"position: absolute; clip: rect(1px, 1px, 1px, 1px);\" title=\"&#8220;PICCO DI RICOVERI IN AREA NON CRITICA +106 E L&#8217;ARANCIONE E&#8217; SEMPRE PIU&#8217; VICINO&#8221; &#8212; Radio Pi\u00f9\" src=\"https:\/\/www.radiopiu.net\/wordpress\/boll14\/embed\/#?secret=s2hlLQiLjJ\" data-secret=\"s2hlLQiLjJ\" width=\"600\" height=\"338\" frameborder=\"0\" marginwidth=\"0\" marginheight=\"0\" scrolling=\"no\"><\/iframe><\/p>\n<p>&nbsp;<\/p>\n<h2>I GRAFICI DI TIZIANO DE COL<\/h2>\n\n\t\t\t<style type='text\/css'>\n\t\t\t\t#gallery-5 {\n\t\t\t\t\tmargin: auto;\n\t\t\t\t}\n\t\t\t\t#gallery-5 .gallery-item {\n\t\t\t\t\tfloat: left;\n\t\t\t\t\tmargin-top: 10px;\n\t\t\t\t\ttext-align: center;\n\t\t\t\t\twidth: 33%;\n\t\t\t\t}\n\t\t\t\t#gallery-5 img {\n\t\t\t\t\tborder: 2px solid #cfcfcf;\n\t\t\t\t}\n\t\t\t\t#gallery-5 .gallery-caption {\n\t\t\t\t\tmargin-left: 0;\n\t\t\t\t}\n\t\t\t\t\/* see gallery_shortcode() in wp-includes\/media.php *\/\n\t\t\t<\/style>\n\t\t<div id='gallery-5' class='dt-gallery-container gallery galleryid-253922 gallery-columns-3 gallery-size-thumbnail'><dl class='gallery-item'>\n\t\t\t\t<dt class='gallery-icon landscape'>\n\t\t\t\t\t<a class=\"rollover rollover-zoom dt-pswp-item\" title=\"d2813605-7089-4976-b5f3-d4775d3b7954\" data-dt-img-description=\"\" data-large_image_width=\"602\" data-large_image_height=\"357\"href='https:\/\/www.radiopiu.net\/wordpress\/wp-content\/uploads\/2022\/01\/d2813605-7089-4976-b5f3-d4775d3b7954.jpg'><img loading=\"lazy\" decoding=\"async\" width=\"150\" height=\"150\" src=\"https:\/\/www.radiopiu.net\/wordpress\/wp-content\/uploads\/2022\/01\/d2813605-7089-4976-b5f3-d4775d3b7954-150x150.jpg\" class=\"attachment-thumbnail size-thumbnail\" alt=\"\" \/><\/a>\n\t\t\t\t<\/dt><\/dl><dl class='gallery-item'>\n\t\t\t\t<dt class='gallery-icon landscape'>\n\t\t\t\t\t<a class=\"rollover rollover-zoom dt-pswp-item\" title=\"a6c4dc38-0ad0-44bc-bfc6-04f130018245\" data-dt-img-description=\"\" data-large_image_width=\"614\" data-large_image_height=\"353\"href='https:\/\/www.radiopiu.net\/wordpress\/wp-content\/uploads\/2022\/01\/a6c4dc38-0ad0-44bc-bfc6-04f130018245.jpg'><img loading=\"lazy\" decoding=\"async\" width=\"150\" height=\"150\" src=\"https:\/\/www.radiopiu.net\/wordpress\/wp-content\/uploads\/2022\/01\/a6c4dc38-0ad0-44bc-bfc6-04f130018245-150x150.jpg\" class=\"attachment-thumbnail size-thumbnail\" alt=\"\" \/><\/a>\n\t\t\t\t<\/dt><\/dl><dl class='gallery-item'>\n\t\t\t\t<dt class='gallery-icon landscape'>\n\t\t\t\t\t<a class=\"rollover rollover-zoom dt-pswp-item\" title=\"e7c1d027-98f5-4024-8a17-79c7c24ce3d5\" data-dt-img-description=\"\" data-large_image_width=\"608\" data-large_image_height=\"350\"href='https:\/\/www.radiopiu.net\/wordpress\/wp-content\/uploads\/2022\/01\/e7c1d027-98f5-4024-8a17-79c7c24ce3d5.jpg'><img loading=\"lazy\" decoding=\"async\" width=\"150\" height=\"150\" src=\"https:\/\/www.radiopiu.net\/wordpress\/wp-content\/uploads\/2022\/01\/e7c1d027-98f5-4024-8a17-79c7c24ce3d5-150x150.jpg\" class=\"attachment-thumbnail size-thumbnail\" alt=\"\" \/><\/a>\n\t\t\t\t<\/dt><\/dl><br style=\"clear: both\" \/><dl class='gallery-item'>\n\t\t\t\t<dt class='gallery-icon landscape'>\n\t\t\t\t\t<a class=\"rollover rollover-zoom dt-pswp-item\" title=\"fb635876-e2b3-42f2-aae6-14680aabe569\" data-dt-img-description=\"\" data-large_image_width=\"614\" data-large_image_height=\"354\"href='https:\/\/www.radiopiu.net\/wordpress\/wp-content\/uploads\/2022\/01\/fb635876-e2b3-42f2-aae6-14680aabe569.jpg'><img loading=\"lazy\" decoding=\"async\" width=\"150\" height=\"150\" src=\"https:\/\/www.radiopiu.net\/wordpress\/wp-content\/uploads\/2022\/01\/fb635876-e2b3-42f2-aae6-14680aabe569-150x150.jpg\" class=\"attachment-thumbnail size-thumbnail\" alt=\"\" \/><\/a>\n\t\t\t\t<\/dt><\/dl><dl class='gallery-item'>\n\t\t\t\t<dt class='gallery-icon landscape'>\n\t\t\t\t\t<a class=\"rollover rollover-zoom dt-pswp-item\" title=\"94026419-d195-43b2-b623-18f5bb87820b\" data-dt-img-description=\"\" data-large_image_width=\"624\" data-large_image_height=\"359\"href='https:\/\/www.radiopiu.net\/wordpress\/wp-content\/uploads\/2022\/01\/94026419-d195-43b2-b623-18f5bb87820b.jpg'><img loading=\"lazy\" decoding=\"async\" width=\"150\" height=\"150\" src=\"https:\/\/www.radiopiu.net\/wordpress\/wp-content\/uploads\/2022\/01\/94026419-d195-43b2-b623-18f5bb87820b-150x150.jpg\" class=\"attachment-thumbnail size-thumbnail\" alt=\"\" \/><\/a>\n\t\t\t\t<\/dt><\/dl>\n\t\t\t\t<br style='clear: both' \/>\n\t\t\t<\/div>\n\n<p>&nbsp;<\/p>\n<hr \/>\n<p>&nbsp;<\/p>\n<blockquote>\n<h3>COVID. RICERCA PER MISURARE I RISCHI DEL CONTAGIO. ZAIA, \u201cSCIENZA VICINA AI DUBBI DELLA GENTE. GRAZIE ALL\u2019UNIVERSITA\u2019 DI PADOVA\u201d<\/h3>\n<\/blockquote>\n<p><strong><a href=\"https:\/\/www.radiopiu.net\/wordpress\/le-ultime-da-azienda-zero-i-dati-in-attesa-del-bollettino-ufficiale\/covid-19\/\" rel=\"attachment wp-att-173248\"><img loading=\"lazy\" decoding=\"async\" class=\"size-medium wp-image-173248 alignleft\" src=\"https:\/\/www.radiopiu.net\/wordpress\/wp-content\/uploads\/2020\/11\/covid-19-300x200.jpg\" alt=\"\" width=\"300\" height=\"200\" srcset=\"https:\/\/www.radiopiu.net\/wordpress\/wp-content\/uploads\/2020\/11\/covid-19-300x200.jpg 300w, https:\/\/www.radiopiu.net\/wordpress\/wp-content\/uploads\/2020\/11\/covid-19-1024x683.jpg 1024w, https:\/\/www.radiopiu.net\/wordpress\/wp-content\/uploads\/2020\/11\/covid-19-768x512.jpg 768w, https:\/\/www.radiopiu.net\/wordpress\/wp-content\/uploads\/2020\/11\/covid-19-1536x1024.jpg 1536w, https:\/\/www.radiopiu.net\/wordpress\/wp-content\/uploads\/2020\/11\/covid-19.jpg 1920w\" sizes=\"auto, (max-width: 300px) 100vw, 300px\" \/><\/a>VENEZIA <\/strong>\u201c<em>La ricerca svolge un ruolo fondamentale nella lotta che tutti stiamo conducendo contro il Covid. Come veneto sono orgoglioso che la nostra Universit\u00e0 di Padova sia tra i protagonisti di uno studio estremamente significativo, che punta a dare risposte alle domande che tutti ci poniamo sulle modalit\u00e0 di diffusione del virus sull\u2019efficacia delle protezioni, a cominciare dalle mascherine e dalle misure di distanziamento da rispettare. Ringrazio per il prezioso lavoro fatto l\u2019ateneo patavino e il gruppo di ricerca del professor Francesco Picano del Dipartimento di Ingegneria Industriale dell&#8217;Universita&#8217; di Padova, in squadra con le Universit\u00e0 di Udine, Vienna e Chalmers<\/em>\u201d. Lo dice il Presidente della Regione del Veneto, Luca Zaia, rispetto alle conclusioni di uno studio, pubblicato sul Journal of the Royal Society Interface, che punta a dare una misura del rischio che si corre in base alla distanza tra le persone, alla temperatura e l\u2019umidit\u00e0, al tipo di respirazione, all\u2019effetto delle mascherine.<\/p>\n<p>&nbsp;<\/p>\n<p>&nbsp;<\/p>\n<hr \/>\n<p>&nbsp;<\/p>\n<blockquote>\n<h3>VACCINI ANTI COVID. IN VENETO OPEN DAY PER BIMBI 5-11 ANNI<\/h3>\n<\/blockquote>\n<p><strong>VENEZIA <\/strong>Week end dedicato alla vaccinazione anti Covid per i bambini dai 5 agli 11 oggi e domani in Veneto. In tutte le Ulss e Aziende Ospedaliere, i genitori che riterranno opportuno vaccinare i propri figli potranno accedere a numerosi punti vaccinali senza necessit\u00e0 di prenotazione. Ulss 1<strong>: <\/strong>oggi: dalle 9 alle 18 al Palaskating di Sedico, domani 16\/1: dalle 15 alle 18.30 al Centro prelievi di Feltre<\/p>\n<p>&nbsp;<\/p>\n<p>&nbsp;<\/p>\n<hr \/>\n<p>&nbsp;<\/p>\n<p><a href=\"https:\/\/www.radiopiu.net\/wordpress\/giornale-radiopiu-15-gennaio-2022-direttore-mirko-mezzacasa\/24a0948b-0035-4c7b-b27e-56248179157a\/\" rel=\"attachment wp-att-254412\"><img loading=\"lazy\" decoding=\"async\" class=\"alignnone size-medium wp-image-254412\" src=\"https:\/\/www.radiopiu.net\/wordpress\/wp-content\/uploads\/2022\/01\/24a0948b-0035-4c7b-b27e-56248179157a-212x300.jpg\" alt=\"\" width=\"212\" height=\"300\" srcset=\"https:\/\/www.radiopiu.net\/wordpress\/wp-content\/uploads\/2022\/01\/24a0948b-0035-4c7b-b27e-56248179157a-212x300.jpg 212w, https:\/\/www.radiopiu.net\/wordpress\/wp-content\/uploads\/2022\/01\/24a0948b-0035-4c7b-b27e-56248179157a.jpg 724w\" sizes=\"auto, (max-width: 212px) 100vw, 212px\" \/><\/a><\/p>\n<hr \/>\n<p>&nbsp;<\/p>\n<blockquote>\n<h3>FONDI DEL PNRR. MONTANARIELLO &#8220;LA REGIONE GUARDI AL BELLUNESE&#8221;<\/h3>\n<\/blockquote>\n<p><a href=\"https:\/\/www.radiopiu.net\/wordpress\/giornale-radiopiu-15-gennaio-2022-direttore-mirko-mezzacasa\/montanariello\/\" rel=\"attachment wp-att-254159\"><img loading=\"lazy\" decoding=\"async\" class=\"wp-image-254159 alignleft\" src=\"https:\/\/www.radiopiu.net\/wordpress\/wp-content\/uploads\/2022\/01\/MONTANARIELLO-218x300.jpg\" alt=\"\" width=\"159\" height=\"219\" srcset=\"https:\/\/www.radiopiu.net\/wordpress\/wp-content\/uploads\/2022\/01\/MONTANARIELLO-218x300.jpg 218w, https:\/\/www.radiopiu.net\/wordpress\/wp-content\/uploads\/2022\/01\/MONTANARIELLO.jpg 255w\" sizes=\"auto, (max-width: 159px) 100vw, 159px\" \/><\/a><strong>VENEZIA<\/strong> \u201c<em>Sono pienamente d\u2019accordo con l\u2019onorevole De Menech: visto che i fondi del Pnrr dovranno servire anche a potenziare la sanit\u00e0 territoriale, \u00e8 assolutamente indispensabile che la Regione li utilizzi per realizzare un Ospedale di comunit\u00e0 nel Comelico, ad oggi l\u2019area del Bellunese pi\u00f9 in difficolt\u00e0<\/em>\u201d. A sostenere la richiesta del deputato dem \u00e8 il consigliere del Partito Democratico Veneto Jonatan Montanariello.<span class=\"gmail-Apple-converted-space\">\u00a0 <\/span>\u201c<em>Arriveranno quasi 600 milioni destinati alla sanit\u00e0, di cui 270 per queste strutture. \u00c8 assurdo che la Regione non pensi a rivedere il piano sociosanitario. Il diritto alla salute deve essere ugualmente accessibile per tutti i veneti e le istituzioni dovrebbero lavorare in tal senso, cercando di ridurre disparit\u00e0 inaccettabili. Anche perch\u00e9 senza servizi, e quelli sociosanitari sono i pi\u00f9 importanti, lo spopolamento della montagna e delle aree rurali \u00e8 destinato a crescere ulteriormente. Ma non \u00e8 un tema che sembra appassionare Zaia e la Lega: basti pensare alla legge sull\u2019autonomia di Belluno del 2014 rimasta ancora un contenitore vuoto e, in tempi pi\u00f9 recenti, alla bocciatura in bilancio della nostra proposta sulle risorse a fondo perduto da destinare a chi decide di andare a vivere in montagna<\/em>\u201d.<\/p>\n<p>&nbsp;<\/p>\n<p>&nbsp;<\/p>\n<hr \/>\n<p>&nbsp;<\/p>\n<blockquote>\n<h3 class=\"p1\"><span class=\"s1\">SANIT\u00c0, BOND: \u201cGESTIONE COVID FUORI DAGLI OSPEDALI CON LA MISSIONE 6 DEL PNRR\u201d<\/span><\/h3>\n<\/blockquote>\n<p class=\"p1\"><span class=\"s1\"><strong><a href=\"https:\/\/www.radiopiu.net\/wordpress\/giornale-radiopiu-16-luglio-2020-direttore-mirko-mezzacasa\/bond-roma-2\/\" rel=\"attachment wp-att-149602\"><img loading=\"lazy\" decoding=\"async\" class=\"wp-image-149602 alignleft\" src=\"https:\/\/www.radiopiu.net\/wordpress\/wp-content\/uploads\/2020\/07\/BOND-ROMA-300x300.jpg\" alt=\"\" width=\"170\" height=\"170\" srcset=\"https:\/\/www.radiopiu.net\/wordpress\/wp-content\/uploads\/2020\/07\/BOND-ROMA-300x300.jpg 300w, https:\/\/www.radiopiu.net\/wordpress\/wp-content\/uploads\/2020\/07\/BOND-ROMA-150x150.jpg 150w, https:\/\/www.radiopiu.net\/wordpress\/wp-content\/uploads\/2020\/07\/BOND-ROMA.jpg 640w\" sizes=\"auto, (max-width: 170px) 100vw, 170px\" \/><\/a>ROMA <\/strong>\u201c<em>Bisogna riportare gli ospedali alla piena operativit\u00e0, soprattutto per quanto riguarda patologie cardiache e oncologiche. Quindi, \u00e8 necessario portare tutta la gestione del Covid fuori dalle strutture ospedaliere, con i fondi della Missione 6 del Pnrr che ammontano a 18 miliardi di euro<\/em>\u201d. Cos\u00ec in una nota il deputato Dario Bond. <\/span><span class=\"s1\">\u201c<em>Tutti ci auguriamo di non avere altre pandemie e di archiviare il SarsCov-2 prima possibile. Ma la situazione attuale \u00e8 che molti ospedali, in Veneto ma non solo, hanno la normale attivit\u00e0 congestionata dal Covid. In questo momento diventa difficile gestire certe patologie cardiologiche e oncologiche perch\u00e9 anestesisti e sale di terapia intensiva sono bloccate dalla pandemia. Cos\u00ec si rischia di perdere vite umane e di avere un conto sociale e sanitario salatissimo tra qualche anno. \u00c8 necessario creare ospedali di comunit\u00e0 e altre strutture di accoglienza, in modo da scindere la gestione Covid dalla normale attivit\u00e0 ospedaliera. Strutture che poi in montagna resterebbero a tutto vantaggio delle comunit\u00e0 locali una volta che ci saremo lasciati alle spalle questa pandemia. Una mossa possibile grazie ai fondi del Pnrr<\/em>\u201d.<\/span><\/p>\n<p>&nbsp;<\/p>\n<p>&nbsp;<\/p>\n<hr \/>\n<p>&nbsp;<\/p>\n<blockquote><p><strong>AGGIORNATO IL PIANO DI INCENDI BOSCHIVI. BOTTACIN: \u201cLA STRATEGIA REGIONALE RIMANE UNA DELLE ARMI PI\u00d9 POTENTI\u201d<\/strong><\/p><\/blockquote>\n<p><strong><a href=\"https:\/\/www.radiopiu.net\/wordpress\/fiamme-a-lamon-intervento-dei-vigili-del-fuoco-e-carabinieri\/incendio-lamon-3\/\" rel=\"attachment wp-att-149832\"><img loading=\"lazy\" decoding=\"async\" class=\" wp-image-149832 alignleft\" src=\"https:\/\/www.radiopiu.net\/wordpress\/wp-content\/uploads\/2020\/07\/Incendio-Lamon-3-300x225.jpg\" alt=\"\" width=\"207\" height=\"155\" srcset=\"https:\/\/www.radiopiu.net\/wordpress\/wp-content\/uploads\/2020\/07\/Incendio-Lamon-3-300x225.jpg 300w, https:\/\/www.radiopiu.net\/wordpress\/wp-content\/uploads\/2020\/07\/Incendio-Lamon-3-1024x768.jpg 1024w, https:\/\/www.radiopiu.net\/wordpress\/wp-content\/uploads\/2020\/07\/Incendio-Lamon-3-768x576.jpg 768w, https:\/\/www.radiopiu.net\/wordpress\/wp-content\/uploads\/2020\/07\/Incendio-Lamon-3.jpg 1280w\" sizes=\"auto, (max-width: 207px) 100vw, 207px\" \/><\/a>VENEZIA\u00a0<\/strong> <em>\u201cLa strategia regionale, composta da tre ingredienti fondamentali \u2013 previsione, prevenzione e lotta attiva &#8211; rimane una delle armi pi\u00f9 potenti che detiene il Veneto per contrastare gli incendi boschivi. Lo dimostrano i numeri: si \u00e8 passati, infatti, da una madia di 122 incendi all&#8217;anno, nel periodo antecedente al 2000, a una media di 62 incendi all&#8217;anno (-50%), nel periodo successivo al 2000. Non solo: si \u00e8 registrata anche una notevole riduzione dell&#8217;estensione media degli incendi, che \u00e8 passata da 8 ettari a 3,6 ettari (-55%). Inoltre, il personale intervenuto, sia regionale che volontario, \u00e8 costantemente calato nel tempo per la miglior organizzazione del sistema, cos\u00ec come si sono ridotte le ore di intervento degli elicotteri regionali, con un valor medio registrato di 107 ore\/anno\u201d<\/em>. L\u2019Assessore della Regione del Veneto all\u2019Ambiente e alla Protezione Civile, Gianpaolo Bottacin, snocciola numeri importanti che mostrano, senza mezzi termini, l\u2019efficacia e l\u2019efficienza di un Piano Regionale Antincendi Boschivi che \u00e8 stato aggiornato, questa settimana, con delibera regionale. Il continuo monitoraggio e studio scientifico del fenomeno, ha permesso di evidenziare come, in Veneto, i periodi a maggior rischio di incendi boschivi, negli ultimi venti anni, siano stati registrati nei mesi di febbraio (253), marzo (364) e agosto (201). Le cause di origine degli incendi sono state principalmente di tipo dolose (38%), a seguire di origine colposa (25%) e naturale (5%). Il 32% delle cause rimangono classificate come dubbie.<\/p>\n<p>&nbsp;<\/p>\n<p>&nbsp;<\/p>\n<p>&nbsp;<\/p>\n<hr \/>\n<p>&nbsp;<\/p>\n<blockquote>\n<h3>PD: PIANO FAUNISTICO VENATORIO, L&#8217;INTERGRUPPO &#8220;TUTELA ANIMALI&#8221; SCRIVE A ZAIA<\/h3>\n<\/blockquote>\n<p><strong>VENEZIA <\/strong>\u201cFacciamo appello al suo ruolo istituzionale di rappresentante di tutti i cittadini del Veneto, al fine di poter vedere accolte alcune nostre ragionevoli proposte migliorative, utili a ritrovare il giusto equilibrio tra le istanze dei diversi mondi coinvolti dal Piano faunistico venatorio regionale\u201d.Alla vigilia della discussione in aula del provvedimento atteso da un decennio, i consiglieri dell\u2019Intergruppo per la tutela degli animali e la conservazione della natura, Andrea Zanoni e Anna Maria Bigon del PD e Cristina Guarda di Europa Verde, hanno inviato una lettera a Zaia, sottoscritta anche dalla collega Elena Ostanel del Veneto che Vogliamo e dal portavoce dell\u2019opposizione Arturo Lorenzoni.<\/p>\n<p>&nbsp;<\/p>\n<p>&nbsp;<\/p>\n<p>&nbsp;<\/p>\n<hr \/>\n<p>&nbsp;<\/p>\n<blockquote>\n<h2>Nuovo Assegno unico: la Cisl apre le agende per le prenotazioni<\/h2>\n<\/blockquote>\n<p><a href=\"https:\/\/www.radiopiu.net\/wordpress\/cisl-belluno-treviso-deleghe-collegate-per-la-nuova-squadra\/massimiliano-paglini-2020-min\/\" rel=\"attachment wp-att-175135\"><img loading=\"lazy\" decoding=\"async\" class=\"wp-image-175135 alignleft\" src=\"https:\/\/www.radiopiu.net\/wordpress\/wp-content\/uploads\/2020\/11\/Massimiliano-Paglini-2020-min-300x225.jpg\" alt=\"\" width=\"197\" height=\"148\" srcset=\"https:\/\/www.radiopiu.net\/wordpress\/wp-content\/uploads\/2020\/11\/Massimiliano-Paglini-2020-min-300x225.jpg 300w, https:\/\/www.radiopiu.net\/wordpress\/wp-content\/uploads\/2020\/11\/Massimiliano-Paglini-2020-min-1024x768.jpg 1024w, https:\/\/www.radiopiu.net\/wordpress\/wp-content\/uploads\/2020\/11\/Massimiliano-Paglini-2020-min-768x576.jpg 768w, https:\/\/www.radiopiu.net\/wordpress\/wp-content\/uploads\/2020\/11\/Massimiliano-Paglini-2020-min-1536x1152.jpg 1536w, https:\/\/www.radiopiu.net\/wordpress\/wp-content\/uploads\/2020\/11\/Massimiliano-Paglini-2020-min-2048x1536.jpg 2048w\" sizes=\"auto, (max-width: 197px) 100vw, 197px\" \/><\/a><\/p>\n<p><strong>BELLUNO TREVISO<\/strong> Dal 1\u00b0 gennaio di quest\u2019anno le famiglie\u00a0 possono chiedere l\u2019Assegno unico, il nuovo strumento di supporto che andr\u00e0 a sostituire, da marzo, tutte le altre forme di sostegno economico alla natalit\u00e0 e che andr\u00e0 da un minimo di 25 a un massimo di 175 euro a figlio (in base all\u2019Isee). Il patronato Inas Cisl, intermediario abilitato per l\u2019inoltro delle richieste all\u2019Inps, aprir\u00e0 le agende per la prenotazioni luned\u00ec 17 gennaio. Per agevolare l\u2019utenza, \u00e8 stata istituita una linea dedicata del numero unico 0422 1660661 e una pagina web del sito www.cislbellunotreviso.it<\/p>\n<blockquote><p><em> \u201cDopo una lunga carenza di politiche sociali per la famiglia -commenta il segretario generale della Cisl Belluno Treviso Massimiliano Paglini &#8211; l\u2019arrivo dell\u2019Assegno unico \u00e8 una buona notizia che va nel solco delle priorit\u00e0 che da tempo sollecitiamo&#8221;<\/em><\/p>\n<p>audio<\/p>\n<audio class=\"wp-audio-shortcode\" id=\"audio-253922-6\" preload=\"none\" style=\"width: 100%;\" controls=\"controls\"><source type=\"audio\/mpeg\" src=\"https:\/\/www.radiopiu.net\/wordpress\/wp-content\/uploads\/2022\/01\/cisl.mp3?_=6\" \/><a href=\"https:\/\/www.radiopiu.net\/wordpress\/wp-content\/uploads\/2022\/01\/cisl.mp3\">https:\/\/www.radiopiu.net\/wordpress\/wp-content\/uploads\/2022\/01\/cisl.mp3<\/a><\/audio><\/blockquote>\n<p>&nbsp;<\/p>\n<p>&nbsp;<\/p>\n<hr \/>\n<p>&nbsp;<\/p>\n<blockquote>\n<h3>MARTEDI&#8217; LA PRESENTAZIONE DEL PROGETTO &#8220;SICURAMENTE GUIDA SICURA<\/h3>\n<\/blockquote>\n<p><strong><a href=\"https:\/\/www.radiopiu.net\/wordpress\/giornale-radiopiu-24-ottobre-2018-direttore-mirko-mezzacasa\/rotary\/\" rel=\"attachment wp-att-64882\"><img loading=\"lazy\" decoding=\"async\" class=\"size-full wp-image-64882 alignleft\" src=\"https:\/\/www.radiopiu.net\/wordpress\/wp-content\/uploads\/2018\/10\/ROTARY.png\" alt=\"\" width=\"200\" height=\"200\" srcset=\"https:\/\/www.radiopiu.net\/wordpress\/wp-content\/uploads\/2018\/10\/ROTARY.png 200w, https:\/\/www.radiopiu.net\/wordpress\/wp-content\/uploads\/2018\/10\/ROTARY-150x150.png 150w\" sizes=\"auto, (max-width: 200px) 100vw, 200px\" \/><\/a>BELLUNO<\/strong> \u00c8 in programma\u00a0 marted\u00ec 18 gennaio alle 12.30 nella sede della Provincia di Belluno, sala &#8220;Piloni&#8221;. Verranno illusrate nel novit\u00e0 del progetto del Rotary Club Belluno &#8220;SicuraMente Guida Sicura&#8221;, che per l&#8217;edizione 2022 coinvolger\u00e0 1324 studenti della provincia di Belluno iscritti ai seguenti Istituti superiori: IIS Follador Agordo, ITC Calvi Belluno, IIS Catullo\u00a0 Belluno, IIS Galilei Tiziano Belluno, IIS Renier Belluno, Ipssar Dolomieu Longarone, IIS Segato Brustolon Belluno, IIS Omnicomprensivo Valboite, Liceo Dal Piaz Feltre, IIS\u00a0 Feltre, IIS Fermi Pieve di Cadore e Istituto\u00a0 L. da Vinci di Belluno. Il progetto prevede di coinvolgere i ragazzi frequentanti le quinte superiori attraverso giornate di approfondimento ed educazione nelle scuole e prove pratiche su percorsi appositamente predisposti; l\u2019obiettivo e\u0300 quello di far toccare con mano ai ragazzi coinvolti quali possono essere le conseguenze di ogni distrazione, anche la piu\u0300 semplice ma soprattutto come reagire nel caso dovessero capitare degli imprevisti (l\u2019attraversamento della fauna selvatica, il manto stradale scivoloso, un ostacolo inaspettato etc). Per fare questo saranno necessarie due mattine, una per la parte teorica da tenersi presso un istituto del plesso e sul quale far confluire tutte le classi che avranno aderito ed un altra per la parte pratica che verr\u00e0 svolta in un piazzale della zona della Provincia (pi\u00f9 possibile vicino agli Istituti partecipanti).<\/p>\n<p>&nbsp;<\/p>\n<p>&nbsp;<\/p>\n<hr \/>\n<p>&nbsp;<\/p>\n<blockquote>\n<h3>VENERDI&#8217; IL CONSIGLIO COMUNALE DI CANALE D&#8217;AGORDO<\/h3>\n<\/blockquote>\n<p><strong>CANALE D&#8217;AGORDO<\/strong> Il sindaco di Canale D&#8217;Agordo Flavio Colgergnan ha convocato il consiglio comunale per venerd\u00ec alle 19 presso la sala Lina Zand\u00f2. Quattro punti in discussione tra cui la nomina del revisore dei conti per il triennio 2022-2025 e l&#8217;approvazione del bilancio di ASCA.<\/p>\n<p>&nbsp;<\/p>\n<p>&nbsp;<\/p>\n<hr \/>\n<p>&nbsp;<\/p>\n<blockquote>\n<h3>SELVA DI CADORE. CASE, STALLE E FIENILI NEL LIBRO DI DON DELL\u2019ANDREA CON FOTO<\/h3>\n<\/blockquote>\n<p><strong>di RENATO BONA<\/strong><\/p>\n<p>\u201cNel nostro paese la casa \u00e8 sempre stata considerata un bene fondamentale, anzi il pi\u00f9 grande bene di cui potesse disporre una persona. Anche i pi\u00f9 poveri possedevano una casa. Magari piccola disagiata, ma sempre una casa. Chi non possedeva una casa faceva di tutto per costruirsela\u2026\u201d. Si apre cos\u00ec il capitolo \u201cCase, stalle e fienili\u201d nel libro \u201cSelva di Cadore come era. Selva da nosak\u00e0n\u201d, realizzato dall\u2019agordino di Selva prof. don Lorenzo Dell\u2019Andrea nel novembre del 1993 con la bellunese tipografia Piave ad iniziativa dell\u2019Union de i Ladi\u00f1 de Selva. Prima di passare alla descrizione di una serie di splendide, preziose immagini, Dell\u2019Andrea concludeva: \u201cPer i giovani queste fotografe saranno un\u2019occasione per conoscere alcune caratteristiche dell\u2019architettura del proprio paese. E volesse il cielo che, per i giovani e per gli anziani, la \u2018lettura\u2019 di queste fotografie fosse anche un\u2019occasione e uno stimolo per dare finalmente il via ad uno studio serio delle caratteristiche costruttive \u2018classiche\u2019 di Selva di Cadore e per applicarle rigorosamente (e anche \u2018obbligatoriamente\u2019) nella progettazione di nuovi edifici e nella ristrutturazione di quelli esistenti\u201d. Partiamo dunque dalla pagina 42 dell\u2019ottimo libro con la foto (raccolta Aristide Bonifacio) di Santa Fosca verso il Cernera, attorno al 1950 la cui dicitura spiega: \u201cE\u2019 iniziata l\u2019attivit\u00e0 edilizia: alla \u2018Villa Einbenstein\u2019, costruita sopra la strada di Perazze,con davanti un campo da tennis privato, si \u00e8 aggiunta la \u2018Pensione Pelmo\u2019, che per qualche tempo ospit\u00f2 anche il panificio di Angelo Bonifacio \u2018de i Proti, Forn\u00e8r\u2019. In alto a sinistra il villaggio di Toffol. Ben visibile il \u2018tri\u00f3l de la boa\u2019 che faceva da scorciatoia per chi scendeva da L\u2019Andria e da Toffol al \u2018kaselo de Santa Fosca\u201d. Restiamo a Santa Fosca per l\u2019immagine (foto raccolta L. Dell\u2019Andrea) del 1975 che mostra come \u201cAttorno all\u2019Istituto elioterapico \u00e8 cresciuto un fitto bosco. Sono sorte abitazioni e seconde case dappertutto. La vecchia osteria di Teo \u00e8 stata ampliata ed \u00e8 divenuta un albergo. E\u2019 stata costruita una piazza (di cui \u00e8 chiaramente visibile l\u2019ampio muro di sostegno). In alto a destra l\u2019edificio delle nuove scuole elementari \u2018don Natale Talamini\u201d. Tocca ora a Pescul verso la fine degli anni 30: la foto (Soia, raccolta Maria Monico) mostra \u201cnumerosi \u2018fa\u00e8r\u2019 carichi di fava ad essiccare; nei campi si vedono covoni di grano. In primo piano, ai piedi delle Coste, i pali della linea elettrica che partiva dalla centrale idroelettrica del Cordon e forniva energia a Selva di Cadore e Colle Santa Lucia. A sinistra la strada delle Crignole e in alto la chiazza del \u2018bosk neger\u2019, tagliato a raso per una malattia delle piante\u201d. Sempre Pescul, verso il 1920: in primo piano della foto (Fedele Crizzolin, raccolta Union de i Ladin de Selva) a sinistra la segheria de \u2018i Ziger\u2019 sul torrente Fiorentina. In mezzo al villaggio, in cui case e fienili, con i tetti in scandole, sono tutti mescolati, la chiesetta di San Rocco. Subito oltre le case e i fienili del Norsia, la Chiesa di Santa Fosca. Numerosi i fa\u00e8r\u201d. E siamo a Fertazza con l\u2019immagine (raccolta L. Dell\u2019Andrea) accompagnata da una lunga didascalia in cui \u00e8 scritto: \u201cUn \u2018tabie da mont\u2019, con i tipici \u2018le\u00f1 butai\u2019 squadrati e non al naturale come nei periodi pi\u00f9 lontani in stato di abbandono nel 1976. I \u2018tabie da mont\u2019 sorgevano numerosi in Fertazza; ve n\u2019erano in Possedera e \u2018inte la Mont de l fen\u2019: il \u2018tabie de le Ordene\u2019 e, pi\u00f9 famosop di tutti, il \u2018tabie de l sindako\u2019, poco distante dall\u2019attuale Rifugio Aquileia. I \u2018tabie da mont\u2019 avevano un duplice scopo: ospitare la gente durante il periodo della fienagione per evitare il lungo cammino del ritorno a casa e, in particolare per i \u2018tabie\u2019 di Fertazza, conservare il fieno fino a quando fosse stato possibile trasportarlo con la slitta. Anch\u2019essi, assieme alle attivit\u00e0 lavorative a loro connesse, hanno costituito un aspetto caratteristico del territorio. Ora accanto ai \u2018tabie de Fertaza\u2019 passano gli skilift. Il \u2018tabie\u2019 ridotto ad elemento tipico del paesaggio, \u00e8 testimone per la nostra gente di un passato di fatiche, di un presente di benessere, di un futuro di speranze\u201d. Ci spostiamo a Toffol dove la foto (raccolta L. Dell\u2019Andrea) ci mostra \u201cla vecchia \u2018ciesa de i Deve\u00f1\u2019. Molto antica nella parte centrale (forse le strutture originarie sono del secolo XVI) ha subito varie modificazioni, tra cui in epoca lontana l\u2019aggiunta di tutta la parte anteriore a sinistra). L\u2019immagine del 1960 circa presenta la situazione prima dell\u2019incendio dell\u2019aprile 1967, che port\u00f2 a varie ristrutturazioni e all\u2019alterazione delle caratteristiche originarie proprie delle case di tipologia ladina: vi si nota il poggiolo su due lati (motivo continuato nell\u2019aggiunta a sinistra); una scala sul davanti dava ad un piccolo poggiolo nel sottotetto. Davanti alla casa l\u2019orto con la \u2018palade\u2019 (che sono un altro elemento tipico ladino)\u201d. Nella stessa localit\u00e0 (raccolta Museo di Selva) l\u2019immagine con \u201cla ciesa de ki de Kol\u00f2\u2019. Originariamente non c\u2019era la parte bassa a destra (\u2018ciesa de i For\u00e8 o de la maestra Cadorin\u2019.Costruita a due piani, ha il tipico corridoio centrale, sul quale si aprono lateralmente i locali interni. Il poggiolo \u00e8 al primo piano e occupa solo una parte della facciata. Da notare l\u2019ampia sporgenza delle \u2018ale de l ku\u00e8rt\u2019\u201d. Ci avviamo a conclusione con la foto (raccolta Museo di Selva di Cadore) del \u201cportone in legno, tipico per lavorazione massiccia, per i grossi stipiti in legno e per la costruzione a volta dell\u2019entrata nel corridoio centrale al pianterreno\u201d. Poi c\u2019\u00e8 quella del \u201cPortone della \u2018ciesa de i Tampoi\u2019: \u00e8 stato intagliato in legno da Santo Dell\u2019Andrea e presenta ornamenti anche sugli stipiti pure in legno. Da notare in alto il doppio uso dell\u2019architrave per la porta e dell\u2019arco per la struttura in muratura. A sinistra il tetto della \u2018rotonda\u2019 della cucina. Sul tetto della \u2018rotonda\u2019 la \u2018luoda da mol\u00ecn\u2019, la speciale slitta che serviva per portare al molino i cereali e riportarne la farina \u2018inte i foi\u2019\u201d. Ultima immagine (raccolta L. Dell\u2019Andrea) che proponiamo in questo servizio: \u201cUs de la ci\u00e9sa da l Gusto\u2019 a Fiorentina. Gli stipiti sono in legno, la soglia \u00e8 in pietra, il battente \u00e8 in legno, solido con un\u2019unica specchiatura centrale in legno. Una piccola finestra accanto alla porta serve a dare luce al corridoio. Sopra la porta \u00e8 appesa una mandibola di maiale (gramola de porz\u00e8l) conservata per estrarre la \u2018m\u00e9gola\u2019 a scopo terapeutico.<\/p>\n\n\t\t\t<style type='text\/css'>\n\t\t\t\t#gallery-6 {\n\t\t\t\t\tmargin: auto;\n\t\t\t\t}\n\t\t\t\t#gallery-6 .gallery-item {\n\t\t\t\t\tfloat: left;\n\t\t\t\t\tmargin-top: 10px;\n\t\t\t\t\ttext-align: center;\n\t\t\t\t\twidth: 20%;\n\t\t\t\t}\n\t\t\t\t#gallery-6 img {\n\t\t\t\t\tborder: 2px solid #cfcfcf;\n\t\t\t\t}\n\t\t\t\t#gallery-6 .gallery-caption {\n\t\t\t\t\tmargin-left: 0;\n\t\t\t\t}\n\t\t\t\t\/* see gallery_shortcode() in wp-includes\/media.php *\/\n\t\t\t<\/style>\n\t\t<div id='gallery-6' class='dt-gallery-container gallery galleryid-253922 gallery-columns-5 gallery-size-thumbnail'><dl class='gallery-item'>\n\t\t\t\t<dt class='gallery-icon portrait'>\n\t\t\t\t\t<a class=\"rollover rollover-zoom dt-pswp-item\" title=\"269938669_662286038343310_5453715091403023222_n\" data-dt-img-description=\"\" data-large_image_width=\"167\" data-large_image_height=\"206\"href='https:\/\/www.radiopiu.net\/wordpress\/wp-content\/uploads\/2022\/01\/269938669_662286038343310_5453715091403023222_n.jpg'><img loading=\"lazy\" decoding=\"async\" width=\"150\" height=\"150\" src=\"https:\/\/www.radiopiu.net\/wordpress\/wp-content\/uploads\/2022\/01\/269938669_662286038343310_5453715091403023222_n-150x150.jpg\" class=\"attachment-thumbnail size-thumbnail\" alt=\"\" \/><\/a>\n\t\t\t\t<\/dt><\/dl><dl class='gallery-item'>\n\t\t\t\t<dt class='gallery-icon landscape'>\n\t\t\t\t\t<a class=\"rollover rollover-zoom dt-pswp-item\" title=\"271661493_899802884063394_1747635611174571832_n\" data-dt-img-description=\"\" data-large_image_width=\"223\" data-large_image_height=\"206\"href='https:\/\/www.radiopiu.net\/wordpress\/wp-content\/uploads\/2022\/01\/271661493_899802884063394_1747635611174571832_n.jpg'><img loading=\"lazy\" decoding=\"async\" width=\"150\" height=\"150\" src=\"https:\/\/www.radiopiu.net\/wordpress\/wp-content\/uploads\/2022\/01\/271661493_899802884063394_1747635611174571832_n-150x150.jpg\" class=\"attachment-thumbnail size-thumbnail\" alt=\"\" \/><\/a>\n\t\t\t\t<\/dt><\/dl><dl class='gallery-item'>\n\t\t\t\t<dt class='gallery-icon landscape'>\n\t\t\t\t\t<a class=\"rollover rollover-zoom dt-pswp-item\" title=\"270734022_1041048049787642_3829481073929885994_n\" data-dt-img-description=\"\" data-large_image_width=\"313\" data-large_image_height=\"206\"href='https:\/\/www.radiopiu.net\/wordpress\/wp-content\/uploads\/2022\/01\/270734022_1041048049787642_3829481073929885994_n.jpg'><img loading=\"lazy\" decoding=\"async\" width=\"150\" height=\"150\" src=\"https:\/\/www.radiopiu.net\/wordpress\/wp-content\/uploads\/2022\/01\/270734022_1041048049787642_3829481073929885994_n-150x150.jpg\" class=\"attachment-thumbnail size-thumbnail\" alt=\"\" \/><\/a>\n\t\t\t\t<\/dt><\/dl><dl class='gallery-item'>\n\t\t\t\t<dt class='gallery-icon landscape'>\n\t\t\t\t\t<a class=\"rollover rollover-zoom dt-pswp-item\" title=\"266087542_634956427709710_6787154622984640850_n\" data-dt-img-description=\"\" data-large_image_width=\"308\" data-large_image_height=\"206\"href='https:\/\/www.radiopiu.net\/wordpress\/wp-content\/uploads\/2022\/01\/266087542_634956427709710_6787154622984640850_n.jpg'><img loading=\"lazy\" decoding=\"async\" width=\"150\" height=\"150\" src=\"https:\/\/www.radiopiu.net\/wordpress\/wp-content\/uploads\/2022\/01\/266087542_634956427709710_6787154622984640850_n-150x150.jpg\" class=\"attachment-thumbnail size-thumbnail\" alt=\"\" \/><\/a>\n\t\t\t\t<\/dt><\/dl><dl class='gallery-item'>\n\t\t\t\t<dt class='gallery-icon landscape'>\n\t\t\t\t\t<a class=\"rollover rollover-zoom dt-pswp-item\" title=\"270154367_4833038673401336_3270906970945322110_n\" data-dt-img-description=\"\" data-large_image_width=\"320\" data-large_image_height=\"200\"href='https:\/\/www.radiopiu.net\/wordpress\/wp-content\/uploads\/2022\/01\/270154367_4833038673401336_3270906970945322110_n.jpg'><img loading=\"lazy\" decoding=\"async\" width=\"150\" height=\"150\" src=\"https:\/\/www.radiopiu.net\/wordpress\/wp-content\/uploads\/2022\/01\/270154367_4833038673401336_3270906970945322110_n-150x150.jpg\" class=\"attachment-thumbnail size-thumbnail\" alt=\"\" \/><\/a>\n\t\t\t\t<\/dt><\/dl><br style=\"clear: both\" \/><dl class='gallery-item'>\n\t\t\t\t<dt class='gallery-icon portrait'>\n\t\t\t\t\t<a class=\"rollover rollover-zoom dt-pswp-item\" title=\"271445731_1105960693508195_815271785491425468_n\" data-dt-img-description=\"\" data-large_image_width=\"160\" data-large_image_height=\"221\"href='https:\/\/www.radiopiu.net\/wordpress\/wp-content\/uploads\/2022\/01\/271445731_1105960693508195_815271785491425468_n.jpg'><img loading=\"lazy\" decoding=\"async\" width=\"150\" height=\"150\" src=\"https:\/\/www.radiopiu.net\/wordpress\/wp-content\/uploads\/2022\/01\/271445731_1105960693508195_815271785491425468_n-150x150.jpg\" class=\"attachment-thumbnail size-thumbnail\" alt=\"\" \/><\/a>\n\t\t\t\t<\/dt><\/dl><dl class='gallery-item'>\n\t\t\t\t<dt class='gallery-icon portrait'>\n\t\t\t\t\t<a class=\"rollover rollover-zoom dt-pswp-item\" title=\"271574821_1281373909036974_1655563949375701445_n\" data-dt-img-description=\"\" data-large_image_width=\"158\" data-large_image_height=\"225\"href='https:\/\/www.radiopiu.net\/wordpress\/wp-content\/uploads\/2022\/01\/271574821_1281373909036974_1655563949375701445_n.jpg'><img loading=\"lazy\" decoding=\"async\" width=\"150\" height=\"150\" src=\"https:\/\/www.radiopiu.net\/wordpress\/wp-content\/uploads\/2022\/01\/271574821_1281373909036974_1655563949375701445_n-150x150.jpg\" class=\"attachment-thumbnail size-thumbnail\" alt=\"\" \/><\/a>\n\t\t\t\t<\/dt><\/dl><dl class='gallery-item'>\n\t\t\t\t<dt class='gallery-icon portrait'>\n\t\t\t\t\t<a class=\"rollover rollover-zoom dt-pswp-item\" title=\"271518648_943566629894858_1417941360799534361_n\" data-dt-img-description=\"\" data-large_image_width=\"199\" data-large_image_height=\"206\"href='https:\/\/www.radiopiu.net\/wordpress\/wp-content\/uploads\/2022\/01\/271518648_943566629894858_1417941360799534361_n.jpg'><img loading=\"lazy\" decoding=\"async\" width=\"150\" height=\"150\" src=\"https:\/\/www.radiopiu.net\/wordpress\/wp-content\/uploads\/2022\/01\/271518648_943566629894858_1417941360799534361_n-150x150.jpg\" class=\"attachment-thumbnail size-thumbnail\" alt=\"\" \/><\/a>\n\t\t\t\t<\/dt><\/dl><dl class='gallery-item'>\n\t\t\t\t<dt class='gallery-icon portrait'>\n\t\t\t\t\t<a class=\"rollover rollover-zoom dt-pswp-item\" title=\"269790126_430489428770969_2406590445877214598_n\" data-dt-img-description=\"\" data-large_image_width=\"158\" data-large_image_height=\"225\"href='https:\/\/www.radiopiu.net\/wordpress\/wp-content\/uploads\/2022\/01\/269790126_430489428770969_2406590445877214598_n.jpg'><img loading=\"lazy\" decoding=\"async\" width=\"150\" height=\"150\" src=\"https:\/\/www.radiopiu.net\/wordpress\/wp-content\/uploads\/2022\/01\/269790126_430489428770969_2406590445877214598_n-150x150.jpg\" class=\"attachment-thumbnail size-thumbnail\" alt=\"\" \/><\/a>\n\t\t\t\t<\/dt><\/dl><dl class='gallery-item'>\n\t\t\t\t<dt class='gallery-icon portrait'>\n\t\t\t\t\t<a class=\"rollover rollover-zoom dt-pswp-item\" title=\"270301805_3212396109083648_3602089431072042720_n\" data-dt-img-description=\"\" data-large_image_width=\"153\" data-large_image_height=\"225\"href='https:\/\/www.radiopiu.net\/wordpress\/wp-content\/uploads\/2022\/01\/270301805_3212396109083648_3602089431072042720_n.jpg'><img loading=\"lazy\" decoding=\"async\" width=\"150\" height=\"150\" src=\"https:\/\/www.radiopiu.net\/wordpress\/wp-content\/uploads\/2022\/01\/270301805_3212396109083648_3602089431072042720_n-150x150.jpg\" class=\"attachment-thumbnail size-thumbnail\" alt=\"\" \/><\/a>\n\t\t\t\t<\/dt><\/dl><br style=\"clear: both\" \/>\n\t\t\t<\/div>\n\n<p>&nbsp;<\/p>\n<hr \/>\n<p>&nbsp;<\/p>\n<blockquote>\n<h3>ADOLE\u2013SCIENZA: INCONTRI ONLINE PER GENITORI<\/h3>\n<\/blockquote>\n<p><strong>BELLUNO <\/strong>Dal 28 gennaio Il Dipartimento Dipendenze dell\u2019Ulss Dolomiti ha organizzato una serie di incontri per genitori e adulti di riferimento di ragazzi adolescenti. Gli incontri si terranno online dalle 20.30 alle 22.00.<\/p>\n<p>&nbsp;<\/p>\n<hr \/>\n<p>&nbsp;<\/p>\n<blockquote>\n<h3><a href=\"https:\/\/www.radiopiu.net\/wordpress\/169-anniversario-di-fondazione-della-polizia-di-stato\/img-20210207-wa0009\/\" rel=\"attachment wp-att-202223\"><img loading=\"lazy\" decoding=\"async\" class=\"wp-image-202223 alignleft\" src=\"https:\/\/www.radiopiu.net\/wordpress\/wp-content\/uploads\/2021\/04\/IMG-20210207-WA0009-300x225.jpg\" alt=\"\" width=\"172\" height=\"129\" srcset=\"https:\/\/www.radiopiu.net\/wordpress\/wp-content\/uploads\/2021\/04\/IMG-20210207-WA0009-300x225.jpg 300w, https:\/\/www.radiopiu.net\/wordpress\/wp-content\/uploads\/2021\/04\/IMG-20210207-WA0009-1024x768.jpg 1024w, https:\/\/www.radiopiu.net\/wordpress\/wp-content\/uploads\/2021\/04\/IMG-20210207-WA0009-768x576.jpg 768w, https:\/\/www.radiopiu.net\/wordpress\/wp-content\/uploads\/2021\/04\/IMG-20210207-WA0009-1536x1152.jpg 1536w, https:\/\/www.radiopiu.net\/wordpress\/wp-content\/uploads\/2021\/04\/IMG-20210207-WA0009.jpg 1632w\" sizes=\"auto, (max-width: 172px) 100vw, 172px\" \/><\/a>LA POLIZIA DI STATO CERCA QUARANTA MEDICI<\/h3>\n<\/blockquote>\n<p><b>BELLUNO <\/b>E&#8217; stato pubblicato il concorso per titoli ed esami per l&#8217;assunzione di 40 medici per la Polizia di Stato. La domanda di partecipazione al concorso deve essere compilato entro 30 giorni attraverso il sito www.poliziadistato.it<\/p>\n<p>&nbsp;<\/p>\n<p>&nbsp;<\/p>\n<p>&nbsp;<\/p>\n<p>&nbsp;<\/p>\n<hr \/>\n<p>&nbsp;<\/p>\n<blockquote>\n<h3><br role=\"presentation\" \/><span dir=\"ltr\" role=\"presentation\">GUARDIA DI FINANZA: PUBBLICATA LA PROCEDURA DI SELEZIONE DEGLI ATLETI CON <\/span><span dir=\"ltr\" role=\"presentation\">DISABILIT\u00c0 FISICHE E SENSORIALI <\/span><\/h3>\n<\/blockquote>\n<p><strong>BELLUNO<\/strong> <span dir=\"ltr\" role=\"presentation\">Sul portale concorsi online della Guardia di Finanza, per la prima volta nella storia del Corpo \u00e8 stato pubblicato <\/span><span dir=\"ltr\" role=\"presentation\">il bando di concorso, per soli titoli, per la selezione di 6 atleti con disabilit\u00e0 fisiche e sensoriali, distinti per <\/span><span dir=\"ltr\" role=\"presentation\">discipline sportive, che faranno parte della Sezione Paralimpica Fiamme Gialle, istituita nell\u2019ambito dei Gruppi <\/span><span dir=\"ltr\" role=\"presentation\">Sportivi Fiamme Gialle. Al concorso possono partecipare coloro che abbiano, alla data di scadenza del termine per la presentazione della <br role=\"presentation\" \/>domanda, compiuto il 17\u00b0 anno e non abbiano superato il giorno di compimento del 35\u00b0 anno di et\u00e0 e che abbiano conseguito nella propria disciplina risultati agonistici di livello almeno nazionale, regolarmente certificati dal Comitato Italiano Paralimpico (C.I.P.) <\/span><span dir=\"ltr\" role=\"presentation\">La domanda di partecipazione al concorso, da presentare entro le ore 24.00 del 31 gennaio 2022, dovr\u00e0 essere <\/span><span dir=\"ltr\" role=\"presentation\">compilata <\/span><span dir=\"ltr\" role=\"presentation\">esclusivamente <\/span><span dir=\"ltr\" role=\"presentation\">mediante <\/span><span dir=\"ltr\" role=\"presentation\">la <\/span><span dir=\"ltr\" role=\"presentation\">procedura <\/span><span dir=\"ltr\" role=\"presentation\">telematica <\/span><span dir=\"ltr\" role=\"presentation\">disponibile <\/span><span dir=\"ltr\" role=\"presentation\">sul <\/span><span dir=\"ltr\" role=\"presentation\">portale <\/span><span dir=\"ltr\" role=\"presentation\">attivo <\/span><span dir=\"ltr\" role=\"presentation\">all\u2019indirizzo <\/span><br role=\"presentation\" \/><span dir=\"ltr\" role=\"presentation\">concorsi.gdf.gov.it\u00a0<\/span><\/p>\n<p>&nbsp;<\/p>\n<hr \/>\n<p>&nbsp;<\/p>\n<p>&nbsp;<\/p>\n<blockquote>\n<h3>SFIDA ACCESSIBILI, TAVOLA ROTONDA SULLE OPPORTUNITA&#8217; OLIMPIADI E PARALIMPIADI CON LA MINISTRA ERIKA STEFANI<\/h3>\n<\/blockquote>\n<p><strong>BELLUNO\u00a0<\/strong> \u201cSfide accessibili, verso Olimpiadi e Paralimpiadi\u201d. \u00c8 il titolo della tavola rotonda che Confartigianato Belluno organizza in vista dei due grandi eventi del 2026, \u00a0\u00e8 in programma per luned\u00ec\u00a0 dalle 10 alle 12.30. Nella sede di Confartigianato Belluno, ma con possibilit\u00e0 di seguire i lavori anche in modalit\u00e0 webinar. Interverr\u00e0 la ministra per la disabilit\u00e0 Erika Stefani,\u00a0 l\u2019architetto Marco Giacuzzo, l\u2019assessore regionale Gianpaolo Bottacin\u00a0 e Oscar De Pellegrin. Parteciperanno per dare il loro contributo ai lavori anche il vice sindaco di Cortina Luigi Alver\u00e0; il sindaco di Belluno Jacopo Massaro; e il presidente della Provincia Roberto Padrin. Concluderanno la presidente Scarzanella e il direttore di Confartigianato Belluno Michele Basso.<\/p>\n<p>&nbsp;<\/p>\n<p>&nbsp;<\/p>\n<hr \/>\n<p>&nbsp;<\/p>\n<blockquote>\n<h3>SERVIZIO CIVILE UNIVERSALE PROGETTO \u201cABBRACCIO<\/h3>\n<\/blockquote>\n<p><strong><a href=\"https:\/\/www.radiopiu.net\/wordpress\/giornale-radiopiu-12-gennaio-2022-direttore-mirko-mezzacasa\/tree-97986_960_720\/\" rel=\"attachment wp-att-253452\"><img loading=\"lazy\" decoding=\"async\" class=\"wp-image-253452 alignleft\" src=\"https:\/\/www.radiopiu.net\/wordpress\/wp-content\/uploads\/2022\/01\/tree-97986_960_720-300x225.jpg\" alt=\"\" width=\"113\" height=\"85\" srcset=\"https:\/\/www.radiopiu.net\/wordpress\/wp-content\/uploads\/2022\/01\/tree-97986_960_720-300x225.jpg 300w, https:\/\/www.radiopiu.net\/wordpress\/wp-content\/uploads\/2022\/01\/tree-97986_960_720-768x575.jpg 768w, https:\/\/www.radiopiu.net\/wordpress\/wp-content\/uploads\/2022\/01\/tree-97986_960_720.jpg 960w\" sizes=\"auto, (max-width: 113px) 100vw, 113px\" \/><\/a>\u00a0BELLUNO<\/strong> Il Centro Italiano Solidariet\u00e0 di Belluno (Ceis) seleziona\u00a0 10\u00a0 volontari per il progetto di contrasto alle dipendente. Le domande vanno presentate entro il 26 gennaio. rivolgersi al Ce.I.S.,\u00a0 telefono: 0437 950895 \u2013 mail: info@ceisbelluno.org. Ulteriori informazioni anche su: www.ceisbelluno.org<\/p>\n<p>&nbsp;<\/p>\n<p>&nbsp;<\/p>\n<hr \/>\n<p>&nbsp;<\/p>\n<blockquote>\n<h3>WORLD SNOW DAY, IL 16 GENNAIO NELLA SKI AREA SAN PELLEGRINO<\/h3>\n<\/blockquote>\n<p><strong><a href=\"https:\/\/www.radiopiu.net\/wordpress\/world-snow-day-il-16-gennaio-nella-ski-area-san-pellegrino\/lezioni-di-sci-per-bambini-a-falcade\/\" rel=\"attachment wp-att-253395\"><img loading=\"lazy\" decoding=\"async\" class=\" wp-image-253395 alignleft\" src=\"https:\/\/www.radiopiu.net\/wordpress\/wp-content\/uploads\/2022\/01\/lezioni-di-sci-per-bambini-a-Falcade-300x200.jpg\" alt=\"\" width=\"188\" height=\"125\" srcset=\"https:\/\/www.radiopiu.net\/wordpress\/wp-content\/uploads\/2022\/01\/lezioni-di-sci-per-bambini-a-Falcade-300x200.jpg 300w, https:\/\/www.radiopiu.net\/wordpress\/wp-content\/uploads\/2022\/01\/lezioni-di-sci-per-bambini-a-Falcade-768x512.jpg 768w, https:\/\/www.radiopiu.net\/wordpress\/wp-content\/uploads\/2022\/01\/lezioni-di-sci-per-bambini-a-Falcade.jpg 800w\" sizes=\"auto, (max-width: 188px) 100vw, 188px\" \/><\/a>FALCADE<\/strong> Domani Falcade ospiter\u00e0 l\u2019undicesima edizione della giornata mondiale dedicata alla neve, WORLD SNOW DAY, evento a livello internazionale che si prefigge l\u2019obiettivo di avvicinare i bambini alla neve in modo divertente e originale. Con\u00a0 la Scuola Sci &amp; Snowboard Equipe,<\/p>\n<p>FOTO sito www.scuolasciequipe.it<\/p>\n<p>&nbsp;<\/p>\n<p>&nbsp;<\/p>\n<hr \/>\n<p>&nbsp;<\/p>\n<blockquote>\n<h3>MERCOLEDI&#8217; A LA VALLE L&#8217;HOCKEY DEDICATO AI BAMBINI<\/h3>\n<\/blockquote>\n<p><strong>LA VALLE<\/strong> L&#8217;Alleghe Hockey e il La Valle Ghiaccio organizzano per mercoled\u00ec una serata di hockey dedicata ai bambini. Un motivo in pi\u00f9 per avvicinare i giovani al mondo dell&#8217;hockey su ghiaccio. Ci saranno i giovani atleti delle civette che faranno vedere e provare lo sport dell&#8217;hockey su ghiaccio. Iniziativa dedicata a tutti i bambini dai 6 anni in su. Ritrovo allo stadio del ghiaccio di La Valle in localit\u00e0 Conaggia con possibilit\u00e0 di noleggio pattini e attrezzatura.<\/p>\n<p>&nbsp;<\/p>\n<p>&nbsp;<\/p>\n<hr \/>\n<p>&nbsp;<\/p>\n<blockquote><p><span style=\"color: #ff0000;\"><strong>IL LIBRO<\/strong><\/span><\/p>\n<blockquote>\n<h3>DAL DOMINIO VISCONTEO ALLA PRIMA DEDIZIONE A VENEZIA<\/h3>\n<\/blockquote>\n<p><strong><a href=\"https:\/\/www.radiopiu.net\/wordpress\/giornale-radiopiu-26-01-2018-direttore-mirko-mezzacasa\/marco-perale-2\/\" rel=\"attachment wp-att-42325\"><img loading=\"lazy\" decoding=\"async\" class=\" wp-image-42325 alignleft\" src=\"https:\/\/www.radiopiu.net\/wordpress\/wp-content\/uploads\/2018\/01\/Marco-Perale-200x300.jpg\" alt=\"\" width=\"67\" height=\"101\" srcset=\"https:\/\/www.radiopiu.net\/wordpress\/wp-content\/uploads\/2018\/01\/Marco-Perale-200x300.jpg 200w, https:\/\/www.radiopiu.net\/wordpress\/wp-content\/uploads\/2018\/01\/Marco-Perale-768x1152.jpg 768w, https:\/\/www.radiopiu.net\/wordpress\/wp-content\/uploads\/2018\/01\/Marco-Perale-683x1024.jpg 683w\" sizes=\"auto, (max-width: 67px) 100vw, 67px\" \/><\/a>BELLUNO<\/strong> Si terr\u00e0 venerd\u00ec 21 gennaio alle 17 nella Sala Bianchi di viale Fantuzzi la presentazione del libro &#8220;Belluno. Dal dominio visconteo alla prima dedizione a Venezia (1404)&#8221;, il nuovo studio di Enrico Bacchetti, fresco di stampa per l\u2019Istituto Veneto di Scienze, Lettere ed Arti e tratto dalle fonti dell\u2019Archivio storico comunale. L&#8217;introduzione sar\u00e0 curata da Marco Perale, assessore alla Cultura del Comune di Belluno. Interverranno l&#8217;autore, Enrico Bacchetti, e il professor Gian Maria Varanini dell\u2019Universit\u00e0 di Verona. Il libro si occupa di quanto avvenne a Belluno nella primavera del 1404, quando, caduto il precedente dominio dei Visconti, per la prima volta la Citt\u00e0 e il suo territorio pattuirono di entrare a far parte della Repubblica di Venezia.\u00a0 <em>\u00abQuesto volume &#8211; commenta l&#8217;assessore alla cultura Marco Perale &#8211; non ci permette solo di ricostruire una fase storica importante della nostra citt\u00e0, ma \u00e8 anche il modo storico e documentato con cui Belluno partecipa alle celebrazioni per i 1600 anni di fondazione della citt\u00e0 di Venezia\u00bb.<\/em><\/p><\/blockquote>\n<p>&nbsp;<\/p>\n<p>&nbsp;<\/p>\n<hr \/>\n<p>&nbsp;<\/p>\n<blockquote>\n<h3>A BREVE SU RADIO PIU&#8217; IL NUOVO PROGRAMMA: 160 BATTUTE<\/h3>\n<\/blockquote>\n<p><strong><a href=\"https:\/\/www.radiopiu.net\/wordpress\/libro-sostene-schena\/\"><img loading=\"lazy\" decoding=\"async\" class=\" wp-image-253655 alignleft\" src=\"https:\/\/www.radiopiu.net\/wordpress\/wp-content\/uploads\/2022\/01\/LIBRO-SOSTENE-SCHENA-300x300.jpg\" alt=\"\" width=\"189\" height=\"189\" srcset=\"https:\/\/www.radiopiu.net\/wordpress\/wp-content\/uploads\/2022\/01\/LIBRO-SOSTENE-SCHENA-300x300.jpg 300w, https:\/\/www.radiopiu.net\/wordpress\/wp-content\/uploads\/2022\/01\/LIBRO-SOSTENE-SCHENA-150x150.jpg 150w, https:\/\/www.radiopiu.net\/wordpress\/wp-content\/uploads\/2022\/01\/LIBRO-SOSTENE-SCHENA-768x768.jpg 768w, https:\/\/www.radiopiu.net\/wordpress\/wp-content\/uploads\/2022\/01\/LIBRO-SOSTENE-SCHENA.jpg 1024w\" sizes=\"auto, (max-width: 189px) 100vw, 189px\" \/><\/a>REDAZIONE\u00a0<\/strong> Marilisa Luchetta legge Sostene Schena, gli sms in rima. &#8220;Dedicato ai giovani per salvare la lingua italiana&#8221;. Tutti i giorni alla radio alle nove del mattino, la sera alle 21.<\/p>\n<blockquote><p><em>Che cosa c&#8217;\u00e8 di pi\u00f9 leggero di una poesia in rima?<\/em><\/p><\/blockquote>\n<p>Il nuovo programma nasce con la collaborazione del giornalista Sostene Schena di Belluno, che ha rivoluzionato il concetto di Sms. Un vero e proprio modo di reinventare la comunicazione interpersonale &#8220;Non pi\u00f9 abbreviazioni assurde &#8211; dice Sostene &#8211; parole di sole consonanti tipo lingua slava, vocabili inesistenti, ma piccole composizioni di 160 caratteri (battute), piacevoli, facili da leggere&#8221;<\/p>\n<blockquote><p><em>Giornalista professionista dal 1960, <strong>S\u00f2stene Schena<\/strong>\u00a0ha lavorato per \u201cIl Corriere Lombardo\u201d e \u201cIl Giorno\u201d; quindi con \u201cIl Gazzettino\u201d di Venezia fino alla pensione, nel 1995. Si \u00e8 occupato di tutti i settori del giornalismo e negli ultimi anni in modo particolare di enogastronomia (\u00e8 anche Sommelier Ais e Degustatore ufficiale regionale). Ha creato le riviste \u201cConvivium 2000\u201d (dal 2000 anche online) e \u201cIl Sommelier Veneto\u201d. Avendo casa in Croazia, dal 1997, ha scritto tre guide ai ristoranti di quel Paese, tra cui\u00a0Conosco un posticino in Croazia\u00a0e\u00a0Viaggiare e mangiare in Croazia. Ha collaborato anche alla seconda edizione del libro\u00a0Come mangiavamo a Fiume (nell\u2019Imperial regia cucina asburgica)\u00a0e ha scritto il libro\u00a0In principio fu l\u2019uovo (l\u2019arte di fare le frittate e altre meraviglie). Nel 2013 ha scritto il primo libro\u00a0In 160 battute 500 sms in rima. Nel 2015 ha scritto\u00a0Mille SMS in rime libere. Nel 2013 ha creato il\u00a0<a href=\"http:\/\/convivium2000.blogspot.com\/\" target=\"_blank\" rel=\"noopener noreferrer\"><strong>blog<\/strong>: convivium2000.blogspot.com<\/a>\u00a0che tuttora si occupa di enogastronomia, turismo, Made in Italy, astrologia e tanti altri argomenti. Prosegue con il progetto di salvaguardia della lingua italiana e interazione con il pubblico giovanile con la pubblicazione, nel 2018, di\u00a0160 battute \u2013 1000 e pi\u00f9 sms in rima. Tuttora collabora con diversi giornali e riviste.<\/em><\/p><\/blockquote>\n<p>&nbsp;<\/p>\n<hr \/>\n<p>&nbsp;<\/p>\n<p>&nbsp;<\/p>\n<blockquote class=\"wp-embedded-content\" data-secret=\"0p3ZzH2hT0\"><p><a href=\"https:\/\/www.radiopiu.net\/wordpress\/mongol\/\">MONGOLFIERE IN TRANSITO&#8230; MA ANCHE ALLA FERMATA DI AGORDO PRAGRANDE E  NOACH<\/a><\/p><\/blockquote>\n<p><iframe loading=\"lazy\" class=\"wp-embedded-content\" sandbox=\"allow-scripts\" security=\"restricted\" style=\"position: absolute; clip: rect(1px, 1px, 1px, 1px);\" title=\"&#8220;MONGOLFIERE IN TRANSITO&#8230; MA ANCHE ALLA FERMATA DI AGORDO PRAGRANDE E  NOACH&#8221; &#8212; Radio Pi\u00f9\" src=\"https:\/\/www.radiopiu.net\/wordpress\/mongol\/embed\/#?secret=0p3ZzH2hT0\" data-secret=\"0p3ZzH2hT0\" width=\"600\" height=\"338\" frameborder=\"0\" marginwidth=\"0\" marginheight=\"0\" scrolling=\"no\"><\/iframe><\/p>\n<p>&nbsp;<\/p>\n<hr \/>\n<p>&nbsp;<\/p>\n<p>&nbsp;<\/p>\n<blockquote class=\"wp-embedded-content\" data-secret=\"LkdOwMSpsG\"><p><a href=\"https:\/\/www.radiopiu.net\/wordpress\/propieta-e-confinazioni-antiche-sul-passo-duran-di-tiziano-de-col\/\">PROPIETA&#8217; E CONFINAZIONI ANTICHE SUL PASSO DURAN, di TIZIANO DE COL<\/a><\/p><\/blockquote>\n<p><iframe loading=\"lazy\" class=\"wp-embedded-content\" sandbox=\"allow-scripts\" security=\"restricted\" style=\"position: absolute; clip: rect(1px, 1px, 1px, 1px);\" title=\"&#8220;PROPIETA&#8217; E CONFINAZIONI ANTICHE SUL PASSO DURAN, di TIZIANO DE COL&#8221; &#8212; Radio Pi\u00f9\" src=\"https:\/\/www.radiopiu.net\/wordpress\/propieta-e-confinazioni-antiche-sul-passo-duran-di-tiziano-de-col\/embed\/#?secret=LkdOwMSpsG\" data-secret=\"LkdOwMSpsG\" width=\"600\" height=\"338\" frameborder=\"0\" marginwidth=\"0\" marginheight=\"0\" scrolling=\"no\"><\/iframe><\/p>\n<p>&nbsp;<\/p>\n<hr \/>\n<p>&nbsp;<\/p>\n<h2><span style=\"color: #ff0000;\">IERI ALLA RADIO\u00a0<\/span><\/h2>\n<blockquote>\n<h3>INVERNO 2022: LO ZERO TERMICO E&#8217;&#8230;.A RADIO PIU&#8217;.<\/h3>\n<p><span style=\"color: #ff0000;\"><em><a href=\"https:\/\/www.radiopiu.net\/wordpress\/giornale-radiopiu-11-maggio-2021-direttore-mirko-mezzacasa\/anselmo-cagnati_cani-slitta_06\/\" rel=\"attachment wp-att-208962\"><img loading=\"lazy\" decoding=\"async\" class=\"wp-image-208962 alignleft\" src=\"https:\/\/www.radiopiu.net\/wordpress\/wp-content\/uploads\/2021\/05\/Anselmo-Cagnati_cani-slitta_06-300x200.jpg\" alt=\"\" width=\"230\" height=\"153\" srcset=\"https:\/\/www.radiopiu.net\/wordpress\/wp-content\/uploads\/2021\/05\/Anselmo-Cagnati_cani-slitta_06-300x200.jpg 300w, https:\/\/www.radiopiu.net\/wordpress\/wp-content\/uploads\/2021\/05\/Anselmo-Cagnati_cani-slitta_06-1024x683.jpg 1024w, https:\/\/www.radiopiu.net\/wordpress\/wp-content\/uploads\/2021\/05\/Anselmo-Cagnati_cani-slitta_06-768x512.jpg 768w, https:\/\/www.radiopiu.net\/wordpress\/wp-content\/uploads\/2021\/05\/Anselmo-Cagnati_cani-slitta_06.jpg 1200w\" sizes=\"auto, (max-width: 230px) 100vw, 230px\" \/><\/a>ZERO TERMICO E&#8217; UN VIAGGIO ALLA SCOPERTA DEL NOSTRO TERRITORIO, DALLA VOCE DEI PROTAGONISTI. TURISMO, SPORT, EVENTI, CULTURA, INTRATTENIMENTO. DAL LUNEDI&#8217; AL VENERDI ALLE 15.10 ALLE 20.30. ZERO TERMICO. UN APPUNTAMENTO IN COLLABORAZIONE CON: SPORT 203. LA NATURALE PORTA D&#8217;INGRESSO&#8230;.VERSO LO ZERO TERMICO. LOCALITA&#8217; LE CAMPE STRADA AGORDO BBELLUNO. ABBIGLIAMENTO E ATTREZZATURA&#8230;.DEDICATI A CHI AMA LA MONTAGNA.<\/em><\/span><\/p><\/blockquote>\n<p><strong>di Claudio Fontanive<\/strong><\/p>\n<p><strong>PUNTATA 05 DEL 14 GENNAIO 2022, OSPITE\u00a0 ANSELMO CAGNATI\u00a0\u00a0<\/strong><\/p>\n<audio class=\"wp-audio-shortcode\" id=\"audio-253922-7\" preload=\"none\" style=\"width: 100%;\" controls=\"controls\"><source type=\"audio\/mpeg\" src=\"https:\/\/www.radiopiu.net\/wordpress\/wp-content\/uploads\/2022\/01\/anselmo-cagnati-14-gennaio.mp3?_=7\" \/><a href=\"https:\/\/www.radiopiu.net\/wordpress\/wp-content\/uploads\/2022\/01\/anselmo-cagnati-14-gennaio.mp3\">https:\/\/www.radiopiu.net\/wordpress\/wp-content\/uploads\/2022\/01\/anselmo-cagnati-14-gennaio.mp3<\/a><\/audio>\n<p>&nbsp;<\/p>\n<p>&nbsp;<\/p>\n<p>&nbsp;<\/p>\n<hr \/>\n<p>&nbsp;<\/p>\n<div>\n<div class=\"b654a4as d2edcug0\">\n<div class=\"rq0escxv hkbzh7o3 jwdofwj8 n8tt0mok r8blr3vg hyh9befq\">\n<p><a class=\"dt-pswp-item\" href=\"https:\/\/www.radiopiu.net\/wordpress\/wp-content\/uploads\/2020\/10\/pp.jpg\" data-dt-img-description=\"\" data-large_image_width=\"640\" data-large_image_height=\"640\"><img loading=\"lazy\" decoding=\"async\" class=\"wp-image-163678 alignleft\" src=\"https:\/\/www.radiopiu.net\/wordpress\/wp-content\/uploads\/2020\/10\/pp-300x300.jpg\" alt=\"\" width=\"106\" height=\"106\" srcset=\"https:\/\/www.radiopiu.net\/wordpress\/wp-content\/uploads\/2020\/10\/pp-300x300.jpg 300w, https:\/\/www.radiopiu.net\/wordpress\/wp-content\/uploads\/2020\/10\/pp-150x150.jpg 150w, https:\/\/www.radiopiu.net\/wordpress\/wp-content\/uploads\/2020\/10\/pp-125x125.jpg 125w, https:\/\/www.radiopiu.net\/wordpress\/wp-content\/uploads\/2020\/10\/pp-200x200.jpg 200w, https:\/\/www.radiopiu.net\/wordpress\/wp-content\/uploads\/2020\/10\/pp-80x80.jpg 80w, https:\/\/www.radiopiu.net\/wordpress\/wp-content\/uploads\/2020\/10\/pp-480x480.jpg 480w, https:\/\/www.radiopiu.net\/wordpress\/wp-content\/uploads\/2020\/10\/pp.jpg 640w\" sizes=\"auto, (max-width: 106px) 100vw, 106px\" \/><\/a><\/p>\n<\/div>\n<\/div>\n<\/div>\n<div>\n<div class=\"page-title-head hgroup\">\n<div class=\"page-title-head hgroup\">\n<div class=\"b654a4as d2edcug0\">\n<div class=\"j83agx80 btwxx1t3 lhclo0ds hop8lmos nkwizq5d scwd0bx6 roh60bw9\">\n<div class=\"rq0escxv hkbzh7o3 jwdofwj8 n8tt0mok r8blr3vg hyh9befq\">\n<div class=\"do00u71z l9j0dhe7 k4urcfbm\">\n<h2><span style=\"color: #000080;\">\u00a0<\/span><\/h2>\n<h2><span style=\"color: #000080;\">DON CESARE, IL PENSIERO DEL GIORNO. ALLA RADIO ALLE 7 DEL MATTINO E ALLE 19.30 DELLA SERA.<\/span><\/h2>\n<audio class=\"wp-audio-shortcode\" id=\"audio-253922-8\" preload=\"none\" style=\"width: 100%;\" controls=\"controls\"><source type=\"audio\/mpeg\" src=\"https:\/\/www.radiopiu.net\/wordpress\/wp-content\/uploads\/2022\/01\/cesare-6.mp3?_=8\" \/><a href=\"https:\/\/www.radiopiu.net\/wordpress\/wp-content\/uploads\/2022\/01\/cesare-6.mp3\">https:\/\/www.radiopiu.net\/wordpress\/wp-content\/uploads\/2022\/01\/cesare-6.mp3<\/a><\/audio>\n<h2><span style=\"color: #000080;\">\u00a0<\/span><\/h2>\n<\/div>\n<div class=\"do00u71z l9j0dhe7 k4urcfbm\">\n<p>&nbsp;<\/p>\n<p>&nbsp;<\/p>\n<div>\n<div class=\"page-title-head hgroup\">\n<div class=\"page-title-head hgroup\">\n<div class=\"b654a4as d2edcug0\">\n<div class=\"j83agx80 btwxx1t3 lhclo0ds hop8lmos nkwizq5d scwd0bx6 roh60bw9\">\n<div class=\"rq0escxv hkbzh7o3 jwdofwj8 n8tt0mok r8blr3vg hyh9befq\">\n<div class=\"do00u71z l9j0dhe7 k4urcfbm\">\n<hr \/>\n<p>&nbsp;<\/p>\n<div>\n<div class=\"page-title-head hgroup\">\n<div class=\"page-title-head hgroup\">\n<div class=\"b654a4as d2edcug0\">\n<div class=\"j83agx80 btwxx1t3 lhclo0ds hop8lmos nkwizq5d scwd0bx6 roh60bw9\">\n<div class=\"rq0escxv hkbzh7o3 jwdofwj8 n8tt0mok r8blr3vg hyh9befq\">\n<div class=\"do00u71z l9j0dhe7 k4urcfbm\">\n<div class=\"ecm0bbzt e5nlhep0 a8c37x1j\">\n<div class=\"kvgmc6g5 cxmmr5t8 oygrvhab hcukyx3x c1et5uql\">\n<div class=\"gmail-kvgmc6g5 gmail-cxmmr5t8 gmail-oygrvhab gmail-hcukyx3x gmail-c1et5uql gmail-ii04i59q\">\n<div class=\"page-title-head hgroup\">\n<div class=\"page-title-head hgroup\">\n<div class=\"b654a4as d2edcug0\">\n<div class=\"j83agx80 btwxx1t3 lhclo0ds hop8lmos nkwizq5d scwd0bx6 roh60bw9\">\n<div class=\"rq0escxv hkbzh7o3 jwdofwj8 n8tt0mok r8blr3vg hyh9befq\">\n<div class=\"do00u71z l9j0dhe7 k4urcfbm\">\n<h3 class=\"kvgmc6g5 cxmmr5t8 oygrvhab hcukyx3x c1et5uql\"><span style=\"color: #0000ff;\"><strong>INFORMAZIONE il canale su TELEGRAM informazione di prima mano e in tempo reale. iscriviti ed aiutaci a farlo conoscere\u00a0\u00a0<\/strong><\/span><\/h3>\n<p>&nbsp;<\/p>\n<p>&nbsp;<\/p>\n<hr \/>\n<blockquote>\n<h3><\/h3>\n<h3>IN VIVO VERSO, SETTIMA STAGIONE CON BRUNELLA MORO, DAL LUNEDI AL VENERDI ALLE 7.10, 10.10 E 18.50<\/h3>\n<\/blockquote>\n<p><strong>AUDIO<\/strong><\/p>\n<audio class=\"wp-audio-shortcode\" id=\"audio-253922-9\" preload=\"none\" style=\"width: 100%;\" controls=\"controls\"><source type=\"audio\/mpeg\" src=\"https:\/\/www.radiopiu.net\/wordpress\/wp-content\/uploads\/2022\/01\/5-ALDO-IORIO-VERSO-LA-LUCE.mp3?_=9\" \/><a href=\"https:\/\/www.radiopiu.net\/wordpress\/wp-content\/uploads\/2022\/01\/5-ALDO-IORIO-VERSO-LA-LUCE.mp3\">https:\/\/www.radiopiu.net\/wordpress\/wp-content\/uploads\/2022\/01\/5-ALDO-IORIO-VERSO-LA-LUCE.mp3<\/a><\/audio>\n<p>&nbsp;<\/p>\n<p><strong>VERSO LA LUCE di ALDO IORIO<\/strong><\/p>\n<p><a href=\"https:\/\/www.radiopiu.net\/wordpress\/verso-la-luce-di-aldo-iorio\/5-aldo-iorio\/\" rel=\"attachment wp-att-254061\"><img loading=\"lazy\" decoding=\"async\" class=\"size-medium wp-image-254061 alignleft\" src=\"https:\/\/www.radiopiu.net\/wordpress\/wp-content\/uploads\/2022\/01\/5-ALDO-IORIO-239x300.jpg\" alt=\"\" width=\"239\" height=\"300\" srcset=\"https:\/\/www.radiopiu.net\/wordpress\/wp-content\/uploads\/2022\/01\/5-ALDO-IORIO-239x300.jpg 239w, https:\/\/www.radiopiu.net\/wordpress\/wp-content\/uploads\/2022\/01\/5-ALDO-IORIO-768x964.jpg 768w, https:\/\/www.radiopiu.net\/wordpress\/wp-content\/uploads\/2022\/01\/5-ALDO-IORIO.jpg 816w\" sizes=\"auto, (max-width: 239px) 100vw, 239px\" \/><\/a>Osservo compassionevolmente<br \/>\nquesto corpo, appassirsi!<br \/>\nChi sei, che muti ad ogni istante?<br \/>\nOgni riga \u00e8 una battaglia vinta o persa?<br \/>\nSvanisce il profumo di giovent\u00f9,<br \/>\ne pi\u00f9 si rafforza la riflessione<br \/>\ne la consapevolezza che tutto svanisce.<br \/>\nL&#8217;inutilit\u00e0 della vanit\u00e0.<br \/>\nL&#8217;affievolirsi del tepore degli affetti!<br \/>\nE cos\u00ec, ti rifugi nell&#8217;anima,<br \/>\nche sola ti fa volare dove non hai visto mai,<br \/>\ndove finalmente ti placherai,<br \/>\ne tutto sar\u00e0 pi\u00f9 chiaro.<br \/>\nLa luce, t&#8217;inondera&#8217;.<\/p>\n<p><strong>LA RACCOLTA COMPLETA\u00a0 \u00a0<\/strong><\/p>\n<blockquote class=\"wp-embedded-content\" data-secret=\"KixUNMWJ0e\"><p><a href=\"https:\/\/www.radiopiu.net\/wordpress\/in-vivo-verso\/\">In Vivo Verso<\/a><\/p><\/blockquote>\n<p><iframe loading=\"lazy\" class=\"wp-embedded-content\" sandbox=\"allow-scripts\" security=\"restricted\" style=\"position: absolute; clip: rect(1px, 1px, 1px, 1px);\" title=\"&#8220;In Vivo Verso&#8221; &#8212; Radio Pi\u00f9\" src=\"https:\/\/www.radiopiu.net\/wordpress\/in-vivo-verso\/embed\/#?secret=KixUNMWJ0e\" data-secret=\"KixUNMWJ0e\" width=\"600\" height=\"338\" frameborder=\"0\" marginwidth=\"0\" marginheight=\"0\" scrolling=\"no\"><\/iframe><\/p>\n<p>&nbsp;<\/p>\n<p>&nbsp;<\/p>\n<p>&nbsp;<\/p>\n<hr \/>\n<p>&nbsp;<\/p>\n<h2><span style=\"color: #808000;\">GOCCE DI FILOSOFIA<\/span><\/h2>\n<p><strong>PUNTATA 115 DEL 14 GENNAIO 2022<\/strong><\/p>\n<audio class=\"wp-audio-shortcode\" id=\"audio-253922-10\" preload=\"none\" style=\"width: 100%;\" controls=\"controls\"><source type=\"audio\/mpeg\" src=\"https:\/\/www.radiopiu.net\/wordpress\/wp-content\/uploads\/2022\/01\/FI5-1.mp3?_=10\" \/><a href=\"https:\/\/www.radiopiu.net\/wordpress\/wp-content\/uploads\/2022\/01\/FI5-1.mp3\">https:\/\/www.radiopiu.net\/wordpress\/wp-content\/uploads\/2022\/01\/FI5-1.mp3<\/a><\/audio>\n<p><strong>\u00a0<\/strong><\/p>\n<p><strong>raccolta completa<\/strong><\/p>\n<blockquote class=\"wp-embedded-content\" data-secret=\"TGXVh4Rgga\"><p><a href=\"https:\/\/www.radiopiu.net\/wordpress\/gocce-filosofia\/\">Gocce di filosofia, PRIMA E SECONDA STAGIONE 2022<\/a><\/p><\/blockquote>\n<p><iframe loading=\"lazy\" class=\"wp-embedded-content\" sandbox=\"allow-scripts\" security=\"restricted\" style=\"position: absolute; clip: rect(1px, 1px, 1px, 1px);\" title=\"&#8220;Gocce di filosofia, PRIMA E SECONDA STAGIONE 2022&#8221; &#8212; Radio Pi\u00f9\" src=\"https:\/\/www.radiopiu.net\/wordpress\/gocce-filosofia\/embed\/#?secret=TGXVh4Rgga\" data-secret=\"TGXVh4Rgga\" width=\"600\" height=\"338\" frameborder=\"0\" marginwidth=\"0\" marginheight=\"0\" scrolling=\"no\"><\/iframe><\/p>\n<p>&nbsp;<\/p>\n<hr \/>\n<p>&nbsp;<\/p>\n<p><span style=\"color: #0000ff;\">MUSICA PIU&#8217;\u00a0<\/span><\/p>\n<p><a href=\"https:\/\/www.radiopiu.net\/wordpress\/giornale-radiopiu-20-settembre-2021-direttore-mirko-mezzacasa\/pp-79\/\" rel=\"attachment wp-att-232921\"><img loading=\"lazy\" decoding=\"async\" class=\"wp-image-232921 alignleft\" src=\"https:\/\/www.radiopiu.net\/wordpress\/wp-content\/uploads\/2021\/09\/pp-1-300x300.jpg\" alt=\"\" width=\"135\" height=\"135\" srcset=\"https:\/\/www.radiopiu.net\/wordpress\/wp-content\/uploads\/2021\/09\/pp-1-300x300.jpg 300w, https:\/\/www.radiopiu.net\/wordpress\/wp-content\/uploads\/2021\/09\/pp-1-150x150.jpg 150w, https:\/\/www.radiopiu.net\/wordpress\/wp-content\/uploads\/2021\/09\/pp-1.jpg 640w\" sizes=\"auto, (max-width: 135px) 100vw, 135px\" \/><\/a><\/p>\n<div class=\"mkdf-post-text\">\n<div class=\"mkdf-post-text-inner\">\n<div class=\"mkdf-post-text-main\">\n<div class=\"mkdf-post-text\">\n<div class=\"mkdf-post-text-inner\">\n<div class=\"mkdf-post-text-main\">\n<div class=\"mkdf-post-text\">\n<div class=\"mkdf-post-text-inner\">\n<div class=\"mkdf-post-text-main\">\n<div class=\"page-title-head hgroup\">\n<div class=\"page-title-head hgroup\">\n<div class=\"mkdf-post-text\">\n<div class=\"mkdf-post-text-inner\">\n<div class=\"mkdf-post-text-main\">\n<div class=\"mkdf-post-text\">\n<div class=\"mkdf-post-text-inner\">\n<div class=\"mkdf-post-text-main\">\n<div class=\"page-title-head hgroup\">\n<div class=\"page-title-head hgroup\">\n<div class=\"page-title-head hgroup\">\n<div class=\"page-title-head hgroup\">\n<div class=\"b654a4as d2edcug0\">\n<div class=\"page-title-head hgroup\">\n<div class=\"page-title-head hgroup\">\n<div class=\"page-title-head hgroup\">\n<div class=\"page-title-head hgroup\">\n<div class=\"b654a4as d2edcug0\">\n<div class=\"page-title-head hgroup\">\n<div class=\"page-title-head hgroup\">\n<div class=\"page-title-head hgroup\">\n<div class=\"page-title-head hgroup\">\n<div class=\"b654a4as d2edcug0\">\n<div class=\"mkdf-post-text\">\n<div class=\"mkdf-post-text-inner\">\n<div class=\"mkdf-post-text-main\">\n<div class=\"mkdf-post-text\">\n<div class=\"mkdf-post-text-inner\">\n<div class=\"mkdf-post-text-main\">\n<div class=\"mkdf-post-text\">\n<div class=\"mkdf-post-text-inner\">\n<div class=\"mkdf-post-text-main\">\n<div class=\"page-title-head hgroup\">\n<div class=\"page-title-head hgroup\">\n<div class=\"mkdf-post-text\">\n<div class=\"mkdf-post-text-inner\">\n<div class=\"mkdf-post-text-main\">\n<div class=\"mkdf-post-text\">\n<div class=\"mkdf-post-text-inner\">\n<div class=\"mkdf-post-text-main\">\n<div class=\"page-title-head hgroup\">\n<div class=\"page-title-head hgroup\">\n<div class=\"page-title-head hgroup\">\n<div class=\"page-title-head hgroup\">\n<div class=\"b654a4as d2edcug0\">\n<div class=\"page-title-head hgroup\">\n<div class=\"page-title-head hgroup\">\n<div class=\"page-title-head hgroup\">\n<div class=\"page-title-head hgroup\">\n<div class=\"b654a4as d2edcug0\">\n<div class=\"page-title-head hgroup\">\n<div class=\"page-title-head hgroup\">\n<div class=\"page-title-head hgroup\">\n<div class=\"page-title-head hgroup\">\n<div class=\"b654a4as d2edcug0\">\n<div><\/div>\n<div><\/div>\n<div>\n<p><strong>MUSICA ALLA RADIO, IL PROGRAMMA DI LORIS SCUSSEL &#8220;COLLAGE OPERAZIONE NOSTALGIA&#8221; DAL LUNEDI AL VENERDI ALLE 16.00\u00a0 E ALLE 23\u00a0<\/strong><\/p>\n<\/div>\n<p><strong>\u00a0<\/strong><\/p>\n<p><strong>PUNTATA 520 DEL 14 GENNAIO<\/strong><\/p>\n<\/div>\n<\/div>\n<\/div>\n<\/div>\n<\/div>\n<\/div>\n<\/div>\n<\/div>\n<\/div>\n<\/div>\n<\/div>\n<\/div>\n<\/div>\n<\/div>\n<\/div>\n<\/div>\n<\/div>\n<\/div>\n<\/div>\n<\/div>\n<\/div>\n<\/div>\n<\/div>\n<\/div>\n<\/div>\n<\/div>\n<\/div>\n<\/div>\n<\/div>\n<\/div>\n<\/div>\n<\/div>\n<\/div>\n<\/div>\n<\/div>\n<\/div>\n<\/div>\n<\/div>\n<\/div>\n<\/div>\n<\/div>\n<\/div>\n<\/div>\n<\/div>\n<\/div>\n<\/div>\n<\/div>\n<\/div>\n<\/div>\n<\/div>\n<\/div>\n<\/div>\n<\/div>\n<\/div>\n<\/div>\n<\/div>\n<\/div>\n<\/div>\n<\/div>\n<\/div>\n<\/div>\n<\/div>\n<\/div>\n<\/div>\n<audio class=\"wp-audio-shortcode\" id=\"audio-253922-11\" preload=\"none\" style=\"width: 100%;\" controls=\"controls\"><source type=\"audio\/mpeg\" src=\"https:\/\/www.radiopiu.net\/wordpress\/wp-content\/uploads\/2022\/01\/Collage-520.mp3?_=11\" \/><a href=\"https:\/\/www.radiopiu.net\/wordpress\/wp-content\/uploads\/2022\/01\/Collage-520.mp3\">https:\/\/www.radiopiu.net\/wordpress\/wp-content\/uploads\/2022\/01\/Collage-520.mp3<\/a><\/audio>\n<p>&nbsp;<\/p>\n<hr \/>\n<p>&nbsp;<\/p>\n<p>&nbsp;<\/p>\n<blockquote class=\"wp-embedded-content\" data-secret=\"wiPk3Fn3tB\"><p><a href=\"https:\/\/www.radiopiu.net\/wordpress\/freemix-la-liberta-musicale-mixata-da-dj-athos-e-raccontata-da-dj-jack\/\">FREEMIX, LA LIBERTA&#8217; MUSICALE MIXATA DA DJ ATHOS E RACCONTATA DA DJ JACK<\/a><\/p><\/blockquote>\n<p><iframe loading=\"lazy\" class=\"wp-embedded-content\" sandbox=\"allow-scripts\" security=\"restricted\" style=\"position: absolute; clip: rect(1px, 1px, 1px, 1px);\" title=\"&#8220;FREEMIX, LA LIBERTA&#8217; MUSICALE MIXATA DA DJ ATHOS E RACCONTATA DA DJ JACK&#8221; &#8212; Radio Pi\u00f9\" src=\"https:\/\/www.radiopiu.net\/wordpress\/freemix-la-liberta-musicale-mixata-da-dj-athos-e-raccontata-da-dj-jack\/embed\/#?secret=wiPk3Fn3tB\" data-secret=\"wiPk3Fn3tB\" width=\"600\" height=\"338\" frameborder=\"0\" marginwidth=\"0\" marginheight=\"0\" scrolling=\"no\"><\/iframe><\/p>\n<p>&nbsp;<\/p>\n<blockquote class=\"wp-embedded-content\" data-secret=\"olMEAHLwr0\"><p><a href=\"https:\/\/www.radiopiu.net\/wordpress\/da-ieri-alla-radio-in-palinsesto-loris-e-maurizio-con-la-grande-musica\/\">IL BLUES ALLA RADIO &#8230; COME NON L&#8217;AVETE MAI SENTITO PRIMA<\/a><\/p><\/blockquote>\n<p><iframe loading=\"lazy\" class=\"wp-embedded-content\" sandbox=\"allow-scripts\" security=\"restricted\" style=\"position: absolute; clip: rect(1px, 1px, 1px, 1px);\" title=\"&#8220;IL BLUES ALLA RADIO &#8230; COME NON L&#8217;AVETE MAI SENTITO PRIMA&#8221; &#8212; Radio Pi\u00f9\" src=\"https:\/\/www.radiopiu.net\/wordpress\/da-ieri-alla-radio-in-palinsesto-loris-e-maurizio-con-la-grande-musica\/embed\/#?secret=olMEAHLwr0\" data-secret=\"olMEAHLwr0\" width=\"600\" height=\"338\" frameborder=\"0\" marginwidth=\"0\" marginheight=\"0\" scrolling=\"no\"><\/iframe><\/p>\n<p>&nbsp;<\/p>\n<hr \/>\n<p>&nbsp;<\/p>\n<blockquote>\n<h3><span style=\"color: #0000ff;\">INFORMAZIONE il canale su TELEGRAM informazione di prima mano e in tempo reale. iscriviti ed aiutaci a farlo conoscere\u00a0\u00a0<\/span><\/h3>\n<\/blockquote>\n<div>\n<div class=\"page-title-head hgroup\">\n<div class=\"page-title-head hgroup\">\n<div class=\"page-title-head hgroup\">\n<div class=\"page-title-head hgroup\">\n<div class=\"b654a4as d2edcug0\">\n<div class=\"page-title-head hgroup\">\n<div class=\"page-title-head hgroup\">\n<div class=\"page-title-head hgroup\">\n<div class=\"page-title-head hgroup\">\n<div class=\"b654a4as d2edcug0\">\n<div class=\"page-title-head hgroup\">\n<div class=\"page-title-head hgroup\">\n<div class=\"page-title-head hgroup\">\n<div class=\"page-title-head hgroup\">\n<div class=\"page-title-head hgroup\">\n<div class=\"page-title-head hgroup\">\n<div class=\"page-title-head hgroup\">\n<div class=\"page-title-head hgroup\">\n<div class=\"page-title-head hgroup\">\n<div class=\"b654a4as d2edcug0\">\n<div class=\"page-title-head hgroup\">\n<div class=\"page-title-head hgroup\">\n<div class=\"page-title-head hgroup\">\n<div class=\"page-title-head hgroup\">\n<div class=\"b654a4as d2edcug0\">\n<div>\n<p>&nbsp;<\/p>\n<\/div>\n<div>\n<div class=\"page-title-head hgroup\">\n<div class=\"page-title-head hgroup\">\n<div class=\"page-title-head hgroup\">\n<div class=\"page-title-head hgroup\">\n<div class=\"page-title-head hgroup\">\n<div class=\"b654a4as d2edcug0\">\n<div>\n<hr \/>\n<\/div>\n<\/div>\n<div>\n<div>\n<p>&nbsp;<\/p>\n<\/div>\n<div>\n<div>\n<p>&nbsp;<\/p>\n<\/div>\n<div>\n<div>\n<p><strong>DUE MINUTI UN LIBRO, TUTTI I GIORNI ALLA RADIO ALLE 9.40 E ALLE 17.50<\/strong><\/p>\n<div>\n<div>\n<p><strong>LA RACCOLTA COMPLETA\u00a0\u00a0<\/strong><\/p>\n<\/div>\n<div>\n<blockquote class=\"wp-embedded-content\" data-secret=\"dlhOm8Z7KJ\"><p><a href=\"https:\/\/www.radiopiu.net\/wordpress\/due-minuti-un-libro\/\">Due minuti un libro<\/a><\/p><\/blockquote>\n<p><iframe loading=\"lazy\" class=\"wp-embedded-content\" sandbox=\"allow-scripts\" security=\"restricted\" style=\"position: absolute; clip: rect(1px, 1px, 1px, 1px);\" title=\"&#8220;Due minuti un libro&#8221; &#8212; Radio Pi\u00f9\" src=\"https:\/\/www.radiopiu.net\/wordpress\/due-minuti-un-libro\/embed\/#?secret=dlhOm8Z7KJ\" data-secret=\"dlhOm8Z7KJ\" width=\"600\" height=\"338\" frameborder=\"0\" marginwidth=\"0\" marginheight=\"0\" scrolling=\"no\"><\/iframe><\/p>\n<\/div>\n<\/div>\n<\/div>\n<div class=\"mkdf-post-text\">\n<div class=\"mkdf-post-text-inner\">\n<div class=\"mkdf-post-text-main\">\n<div class=\"mkdf-post-text\">\n<div class=\"mkdf-post-text-inner\">\n<div class=\"mkdf-post-text-main\">\n<div class=\"mkdf-post-text\">\n<div class=\"mkdf-post-text-inner\">\n<div class=\"mkdf-post-text-main\">\n<div class=\"page-title-head hgroup\">\n<div class=\"page-title-head hgroup\">\n<div class=\"mkdf-post-text\">\n<div class=\"mkdf-post-text-inner\">\n<div class=\"mkdf-post-text-main\">\n<div class=\"mkdf-post-text\">\n<div class=\"mkdf-post-text-inner\">\n<div class=\"mkdf-post-text-main\">\n<div class=\"page-title-head hgroup\">\n<div class=\"page-title-head hgroup\">\n<div class=\"page-title-head hgroup\">\n<div class=\"page-title-head hgroup\">\n<div class=\"b654a4as d2edcug0\">\n<div class=\"page-title-head hgroup\">\n<div class=\"page-title-head hgroup\">\n<div class=\"page-title-head hgroup\">\n<div class=\"page-title-head hgroup\">\n<div class=\"b654a4as d2edcug0\">\n<div class=\"page-title-head hgroup\">\n<div class=\"page-title-head hgroup\">\n<div class=\"page-title-head hgroup\">\n<div class=\"page-title-head hgroup\">\n<div class=\"b654a4as d2edcug0\">\n<div>\n<p>&nbsp;<\/p>\n<\/div>\n<div>\n<hr \/>\n<p>&nbsp;<\/p>\n<\/div>\n<h2><span style=\"color: #808000;\">L&#8217;ALMANACCO LADINO\u00a0\u00a0<\/span><\/h2>\n<p><strong>LA RACCOLTA<\/strong><\/p>\n<blockquote class=\"wp-embedded-content\" data-secret=\"CsEWmP76KN\"><p><a href=\"https:\/\/www.radiopiu.net\/wordpress\/almanacco-ladino\/\">Almanacco Ladino<\/a><\/p><\/blockquote>\n<p><iframe loading=\"lazy\" class=\"wp-embedded-content\" sandbox=\"allow-scripts\" security=\"restricted\" style=\"position: absolute; clip: rect(1px, 1px, 1px, 1px);\" title=\"&#8220;Almanacco Ladino&#8221; &#8212; Radio Pi\u00f9\" src=\"https:\/\/www.radiopiu.net\/wordpress\/almanacco-ladino\/embed\/#?secret=CsEWmP76KN\" data-secret=\"CsEWmP76KN\" width=\"600\" height=\"338\" frameborder=\"0\" marginwidth=\"0\" marginheight=\"0\" scrolling=\"no\"><\/iframe><\/p>\n<p>&nbsp;<\/p>\n<hr \/>\n<p>&nbsp;<\/p>\n<h2><span style=\"color: #33cccc;\">LA RASSEGNA STAMPA DA L&#8217;AMICO DEL POPOLO<\/span><\/h2>\n<p><strong>LA RACCOLTA COMPLETA<\/strong><\/p>\n<blockquote class=\"wp-embedded-content\" data-secret=\"JByFHQ4FOQ\"><p><a href=\"https:\/\/www.radiopiu.net\/wordpress\/rassegna-stampa-di-gianni-santomaso\/\">Rassegna stampa da l&#8217;amico del popolo &#8211; di Gianni Santomaso<\/a><\/p><\/blockquote>\n<p><iframe loading=\"lazy\" class=\"wp-embedded-content\" sandbox=\"allow-scripts\" security=\"restricted\" style=\"position: absolute; clip: rect(1px, 1px, 1px, 1px);\" title=\"&#8220;Rassegna stampa da l&#8217;amico del popolo &#8211; di Gianni Santomaso&#8221; &#8212; Radio Pi\u00f9\" src=\"https:\/\/www.radiopiu.net\/wordpress\/rassegna-stampa-di-gianni-santomaso\/embed\/#?secret=JByFHQ4FOQ\" data-secret=\"JByFHQ4FOQ\" width=\"600\" height=\"338\" frameborder=\"0\" marginwidth=\"0\" marginheight=\"0\" scrolling=\"no\"><\/iframe><\/p>\n<p>&nbsp;<\/p>\n<hr \/>\n<p>&nbsp;<\/p>\n<h2><span style=\"color: #800080;\">I RACCONTI DI PAOLO SOPPELSA\u00a0<\/span><\/h2>\n<p><strong>LA RACCOLTA COMPLETA<\/strong><\/p>\n<blockquote class=\"wp-embedded-content\" data-secret=\"KSYg76FxVG\"><p><a href=\"https:\/\/www.radiopiu.net\/wordpress\/i-racconti-di-paolo-soppelsa\/\">I racconti di Paolo Soppelsa<\/a><\/p><\/blockquote>\n<p><iframe loading=\"lazy\" class=\"wp-embedded-content\" sandbox=\"allow-scripts\" security=\"restricted\" style=\"position: absolute; clip: rect(1px, 1px, 1px, 1px);\" title=\"&#8220;I racconti di Paolo Soppelsa&#8221; &#8212; Radio Pi\u00f9\" src=\"https:\/\/www.radiopiu.net\/wordpress\/i-racconti-di-paolo-soppelsa\/embed\/#?secret=KSYg76FxVG\" data-secret=\"KSYg76FxVG\" width=\"600\" height=\"338\" frameborder=\"0\" marginwidth=\"0\" marginheight=\"0\" scrolling=\"no\"><\/iframe><\/p>\n<p>&nbsp;<\/p>\n<hr \/>\n<\/div>\n<div class=\"b654a4as d2edcug0\">\n<p>&nbsp;<\/p>\n<p><a href=\"https:\/\/www.radiopiu.net\/wordpress\/giornale-radiopiu-26-settembre-2018-direttore-mirko-mezzacasa\/viabilita-2\/\" rel=\"attachment wp-att-61954\"><img loading=\"lazy\" decoding=\"async\" class=\"aligncenter wp-image-61954 size-full\" src=\"https:\/\/www.radiopiu.net\/wordpress\/wp-content\/uploads\/2018\/09\/viabilita.jpeg\" sizes=\"auto, (max-width: 800px) 100vw, 800px\" srcset=\"https:\/\/www.radiopiu.net\/wordpress\/wp-content\/uploads\/2018\/09\/viabilita.jpeg 800w, https:\/\/www.radiopiu.net\/wordpress\/wp-content\/uploads\/2018\/09\/viabilita-300x38.jpeg 300w, https:\/\/www.radiopiu.net\/wordpress\/wp-content\/uploads\/2018\/09\/viabilita-768x96.jpeg 768w\" alt=\"\" width=\"800\" height=\"100\" \/><\/a><\/p>\n<div class=\"ecm0bbzt e5nlhep0 a8c37x1j\">\n<div class=\"kvgmc6g5 cxmmr5t8 oygrvhab hcukyx3x c1et5uql\">\n<div class=\"gmail-kvgmc6g5 gmail-cxmmr5t8 gmail-oygrvhab gmail-hcukyx3x gmail-c1et5uql gmail-ii04i59q\">\n<div class=\"page-title-head hgroup\">\n<div class=\"page-title-head hgroup\">\n<div class=\"b654a4as d2edcug0\">\n<div class=\"j83agx80 btwxx1t3 lhclo0ds hop8lmos nkwizq5d scwd0bx6 roh60bw9\">\n<div class=\"rq0escxv hkbzh7o3 jwdofwj8 n8tt0mok r8blr3vg hyh9befq\">\n<div class=\"do00u71z l9j0dhe7 k4urcfbm\">\n<div class=\"page-title-head hgroup\">\n<div class=\"page-title-head hgroup\">\n<div class=\"page-title-head hgroup\">\n<div class=\"page-title-head hgroup\">\n<div class=\"b654a4as d2edcug0\">\n<div class=\"page-title-head hgroup\">\n<div class=\"page-title-head hgroup\">\n<div class=\"page-title-head hgroup\">\n<div class=\"page-title-head hgroup\">\n<div class=\"b654a4as d2edcug0\">\n<div class=\"page-title-head hgroup\">\n<div class=\"page-title-head hgroup\">\n<div class=\"page-title-head hgroup\">\n<div class=\"page-title-head hgroup\">\n<div class=\"page-title-head hgroup\">\n<div class=\"page-title-head hgroup\">\n<div class=\"page-title-head hgroup\">\n<div class=\"page-title-head hgroup\">\n<div class=\"page-title-head hgroup\">\n<div class=\"b654a4as d2edcug0\">\n<div class=\"page-title-head hgroup\">\n<div class=\"page-title-head hgroup\">\n<div class=\"page-title-head hgroup\">\n<div class=\"page-title-head hgroup\">\n<div class=\"b654a4as d2edcug0\">\n<div class=\"page-title-head hgroup\">\n<div class=\"page-title-head hgroup\">\n<div class=\"page-title-head hgroup\">\n<div class=\"page-title-head hgroup\">\n<div class=\"page-title-head hgroup\">\n<div class=\"mkdf-post-text\">\n<div class=\"mkdf-post-text-inner\">\n<div class=\"mkdf-post-text-main\">\n<div class=\"mkdf-post-text\">\n<div class=\"mkdf-post-text-inner\">\n<div class=\"mkdf-post-text-main\">\n<div class=\"mkdf-post-text\">\n<div class=\"mkdf-post-text-inner\">\n<div class=\"mkdf-post-text-main\">\n<div class=\"page-title-head hgroup\">\n<div class=\"page-title-head hgroup\">\n<div class=\"mkdf-post-text\">\n<div class=\"mkdf-post-text-inner\">\n<div class=\"mkdf-post-text-main\">\n<div class=\"mkdf-post-text\">\n<div class=\"mkdf-post-text-inner\">\n<div class=\"mkdf-post-text-main\">\n<div class=\"page-title-head hgroup\">\n<div class=\"page-title-head hgroup\">\n<div class=\"page-title-head hgroup\">\n<div class=\"page-title-head hgroup\">\n<div class=\"b654a4as d2edcug0\">\n<div class=\"page-title-head hgroup\">\n<div class=\"page-title-head hgroup\">\n<div class=\"page-title-head hgroup\">\n<div class=\"page-title-head hgroup\">\n<div class=\"b654a4as d2edcug0\">\n<div class=\"page-title-head hgroup\">\n<div class=\"page-title-head hgroup\">\n<div class=\"page-title-head hgroup\">\n<div class=\"page-title-head hgroup\">\n<div class=\"b654a4as d2edcug0\">\n<div class=\"chat-input\">\n<div class=\"chat-input-container\">\n<div class=\"rows-wrapper chat-input-wrapper\">\n<div class=\"reply-wrapper\">\n<div class=\"btn-menu\">\n<div class=\"btn-menu-item tgico-replace rp\">\n<div class=\"c-ripple\">\n<div class=\"bubbles scrolled-down\">\n<div class=\"scrollable scrollable-y\">\n<div class=\"bubbles-inner has-rights is-chat is-channel\">\n<div class=\"bubbles-date-group\">\n<div class=\"bubble hide-name is-out can-have-tail is-group-first is-group-last is-read\" data-mid=\"5377294335\" data-peer-id=\"-1478820725\" data-timestamp=\"1638437407\">\n<div class=\"bubble-content-wrapper\">\n<div class=\"bubble-content\">\n<p class=\"message\" dir=\"auto\"><strong>\u00a0<\/strong><\/p>\n<\/div>\n<\/div>\n<\/div>\n<\/div>\n<\/div>\n<\/div>\n<\/div>\n<\/div>\n<\/div>\n<\/div>\n<\/div>\n<\/div>\n<\/div>\n<\/div>\n<\/div>\n<\/div>\n<\/div>\n<\/div>\n<\/div>\n<\/div>\n<\/div>\n<\/div>\n<\/div>\n<\/div>\n<\/div>\n<\/div>\n<\/div>\n<\/div>\n<\/div>\n<\/div>\n<\/div>\n<\/div>\n<\/div>\n<\/div>\n<\/div>\n<\/div>\n<\/div>\n<\/div>\n<\/div>\n<\/div>\n<\/div>\n<\/div>\n<\/div>\n<\/div>\n<\/div>\n<\/div>\n<\/div>\n<\/div>\n<\/div>\n<\/div>\n<\/div>\n<\/div>\n<\/div>\n<\/div>\n<\/div>\n<\/div>\n<\/div>\n<\/div>\n<\/div>\n<\/div>\n<\/div>\n<\/div>\n<\/div>\n<\/div>\n<\/div>\n<\/div>\n<\/div>\n<\/div>\n<\/div>\n<\/div>\n<\/div>\n<\/div>\n<\/div>\n<\/div>\n<\/div>\n<\/div>\n<\/div>\n<\/div>\n<\/div>\n<\/div>\n<\/div>\n<\/div>\n<\/div>\n<\/div>\n<\/div>\n<\/div>\n<\/div>\n<\/div>\n<\/div>\n<\/div>\n<\/div>\n<\/div>\n<\/div>\n<\/div>\n<\/div>\n<\/div>\n<\/div>\n<\/div>\n<\/div>\n<\/div>\n<\/div>\n<\/div>\n<\/div>\n<\/div>\n<\/div>\n<\/div>\n<\/div>\n<\/div>\n<\/div>\n<\/div>\n<\/div>\n<\/div>\n<\/div>\n<\/div>\n<\/div>\n<\/div>\n<\/div>\n<\/div>\n<\/div>\n<\/div>\n<\/div>\n<\/div>\n<\/div>\n<\/div>\n<\/div>\n<\/div>\n<\/div>\n<\/div>\n<\/div>\n<\/div>\n<\/div>\n<\/div>\n<\/div>\n<\/div>\n<\/div>\n<\/div>\n<\/div>\n<\/div>\n<\/div>\n<\/div>\n<\/div>\n<\/div>\n<\/div>\n<\/div>\n<\/div>\n<\/div>\n<\/div>\n<\/div>\n<\/div>\n<\/div>\n<\/div>\n<\/div>\n<\/div>\n<\/div>\n<\/div>\n<\/div>\n<\/div>\n<\/div>\n<\/div>\n<\/div>\n<\/div>\n<\/div>\n<\/div>\n<\/div>\n<\/div>\n<\/div>\n<\/div>\n<\/div>\n<div>\n<div class=\"page-title-head hgroup\">\n<div class=\"page-title-head hgroup\">\n<div class=\"b654a4as d2edcug0\">\n<div class=\"j83agx80 btwxx1t3 lhclo0ds hop8lmos nkwizq5d scwd0bx6 roh60bw9\">\n<div class=\"rq0escxv hkbzh7o3 jwdofwj8 n8tt0mok r8blr3vg hyh9befq\">\n<div class=\"do00u71z l9j0dhe7 k4urcfbm\">\n<div class=\"ecm0bbzt e5nlhep0 a8c37x1j\">\n<div class=\"kvgmc6g5 cxmmr5t8 oygrvhab hcukyx3x c1et5uql\">\n<div class=\"gmail-kvgmc6g5 gmail-cxmmr5t8 gmail-oygrvhab gmail-hcukyx3x gmail-c1et5uql gmail-ii04i59q\">\n<div class=\"page-title-head hgroup\">\n<div class=\"page-title-head hgroup\">\n<div class=\"b654a4as d2edcug0\">\n<div class=\"j83agx80 btwxx1t3 lhclo0ds hop8lmos nkwizq5d scwd0bx6 roh60bw9\">\n<div class=\"rq0escxv hkbzh7o3 jwdofwj8 n8tt0mok r8blr3vg hyh9befq\">\n<div class=\"do00u71z l9j0dhe7 k4urcfbm\">\n<div class=\"page-title-head hgroup\">\n<div class=\"page-title-head hgroup\">\n<div class=\"page-title-head hgroup\">\n<div class=\"page-title-head hgroup\">\n<div class=\"b654a4as d2edcug0\">\n<div class=\"page-title-head hgroup\">\n<div class=\"page-title-head hgroup\">\n<div class=\"page-title-head hgroup\">\n<div class=\"page-title-head hgroup\">\n<div class=\"b654a4as d2edcug0\">\n<div class=\"page-title-head hgroup\">\n<div class=\"page-title-head hgroup\">\n<div class=\"page-title-head hgroup\">\n<div class=\"page-title-head hgroup\">\n<div class=\"page-title-head hgroup\">\n<div class=\"page-title-head hgroup\">\n<div class=\"page-title-head hgroup\">\n<div class=\"page-title-head hgroup\">\n<div class=\"page-title-head hgroup\">\n<div class=\"b654a4as d2edcug0\">\n<div class=\"page-title-head hgroup\">\n<div class=\"page-title-head hgroup\">\n<div class=\"page-title-head hgroup\">\n<div class=\"page-title-head hgroup\">\n<div class=\"b654a4as d2edcug0\">\n<div class=\"page-title-head hgroup\">\n<div class=\"page-title-head hgroup\">\n<div class=\"page-title-head hgroup\">\n<div class=\"page-title-head hgroup\">\n<div class=\"page-title-head hgroup\">\n<div class=\"mkdf-post-text\">\n<div class=\"mkdf-post-text-inner\">\n<div class=\"mkdf-post-text-main\">\n<div class=\"mkdf-post-text\">\n<div class=\"mkdf-post-text-inner\">\n<div class=\"mkdf-post-text-main\">\n<div class=\"mkdf-post-text\">\n<div class=\"mkdf-post-text-inner\">\n<div class=\"mkdf-post-text-main\">\n<div class=\"page-title-head hgroup\">\n<div class=\"page-title-head hgroup\">\n<div class=\"mkdf-post-text\">\n<div class=\"mkdf-post-text-inner\">\n<div class=\"mkdf-post-text-main\">\n<div class=\"mkdf-post-text\">\n<div class=\"mkdf-post-text-inner\">\n<div class=\"mkdf-post-text-main\">\n<div class=\"page-title-head hgroup\">\n<div class=\"page-title-head hgroup\">\n<div class=\"page-title-head hgroup\">\n<div class=\"page-title-head hgroup\">\n<div class=\"b654a4as d2edcug0\">\n<div class=\"page-title-head hgroup\">\n<div class=\"page-title-head hgroup\">\n<div class=\"page-title-head hgroup\">\n<div class=\"page-title-head hgroup\">\n<div class=\"b654a4as d2edcug0\">\n<div class=\"page-title-head hgroup\">\n<div class=\"page-title-head hgroup\">\n<div class=\"page-title-head hgroup\">\n<div class=\"page-title-head hgroup\">\n<div class=\"b654a4as d2edcug0\">\n<div class=\"ecm0bbzt e5nlhep0 a8c37x1j\">\n<div class=\"kvgmc6g5 cxmmr5t8 oygrvhab hcukyx3x c1et5uql\">\n<div class=\"gmail-kvgmc6g5 gmail-cxmmr5t8 gmail-oygrvhab gmail-hcukyx3x gmail-c1et5uql gmail-ii04i59q\">\n<div class=\"page-title-head hgroup\">\n<div class=\"page-title-head hgroup\">\n<div class=\"b654a4as d2edcug0\">\n<div class=\"j83agx80 btwxx1t3 lhclo0ds hop8lmos nkwizq5d scwd0bx6 roh60bw9\">\n<div class=\"rq0escxv hkbzh7o3 jwdofwj8 n8tt0mok r8blr3vg hyh9befq\">\n<div class=\"do00u71z l9j0dhe7 k4urcfbm\">\n<div class=\"page-title-head hgroup\">\n<div class=\"page-title-head hgroup\">\n<div class=\"page-title-head hgroup\">\n<div class=\"page-title-head hgroup\">\n<div class=\"b654a4as d2edcug0\">\n<div class=\"page-title-head hgroup\">\n<div class=\"page-title-head hgroup\">\n<div class=\"page-title-head hgroup\">\n<div class=\"page-title-head hgroup\">\n<div class=\"b654a4as d2edcug0\">\n<div class=\"page-title-head hgroup\">\n<div class=\"page-title-head hgroup\">\n<div class=\"page-title-head hgroup\">\n<div class=\"page-title-head hgroup\">\n<div class=\"page-title-head hgroup\">\n<div class=\"page-title-head hgroup\">\n<div class=\"page-title-head hgroup\">\n<div class=\"page-title-head hgroup\">\n<div class=\"page-title-head hgroup\">\n<div class=\"b654a4as d2edcug0\">\n<div class=\"page-title-head hgroup\">\n<div class=\"page-title-head hgroup\">\n<div class=\"page-title-head hgroup\">\n<div class=\"page-title-head hgroup\">\n<div class=\"b654a4as d2edcug0\">\n<div class=\"page-title-head hgroup\">\n<div class=\"page-title-head hgroup\">\n<div class=\"page-title-head hgroup\">\n<div class=\"page-title-head hgroup\">\n<div class=\"page-title-head hgroup\">\n<div class=\"mkdf-post-text\">\n<div class=\"mkdf-post-text-inner\">\n<div class=\"mkdf-post-text-main\">\n<div class=\"mkdf-post-text\">\n<div class=\"mkdf-post-text-inner\">\n<div class=\"mkdf-post-text-main\">\n<div class=\"mkdf-post-text\">\n<div class=\"mkdf-post-text-inner\">\n<div class=\"mkdf-post-text-main\">\n<div class=\"page-title-head hgroup\">\n<div class=\"page-title-head hgroup\">\n<div class=\"mkdf-post-text\">\n<div class=\"mkdf-post-text-inner\">\n<div class=\"mkdf-post-text-main\">\n<div class=\"mkdf-post-text\">\n<div class=\"mkdf-post-text-inner\">\n<div class=\"mkdf-post-text-main\">\n<div class=\"page-title-head hgroup\">\n<div class=\"page-title-head hgroup\">\n<div class=\"page-title-head hgroup\">\n<div class=\"page-title-head hgroup\">\n<div class=\"b654a4as d2edcug0\">\n<div class=\"page-title-head hgroup\">\n<div class=\"page-title-head hgroup\">\n<div class=\"page-title-head hgroup\">\n<div class=\"page-title-head hgroup\">\n<div class=\"b654a4as d2edcug0\">\n<div class=\"page-title-head hgroup\">\n<div class=\"page-title-head hgroup\">\n<div class=\"page-title-head hgroup\">\n<div class=\"page-title-head hgroup\">\n<div class=\"b654a4as d2edcug0\">\n<blockquote class=\"wp-embedded-content\" data-secret=\"7TP4bvt3Mn\"><p><a href=\"https:\/\/www.radiopiu.net\/wordpress\/viabilita\/\">viabilita<\/a><\/p><\/blockquote>\n<p><iframe loading=\"lazy\" class=\"wp-embedded-content\" sandbox=\"allow-scripts\" security=\"restricted\" style=\"position: absolute; clip: rect(1px, 1px, 1px, 1px);\" title=\"&#8220;viabilita&#8221; &#8212; Radio Pi\u00f9\" src=\"https:\/\/www.radiopiu.net\/wordpress\/viabilita\/embed\/#?secret=7TP4bvt3Mn\" data-secret=\"7TP4bvt3Mn\" width=\"600\" height=\"338\" frameborder=\"0\" marginwidth=\"0\" marginheight=\"0\" scrolling=\"no\"><\/iframe><\/p>\n<p>&nbsp;<\/p>\n<hr \/>\n<p>&nbsp;<\/p>\n<\/div>\n<div class=\"b654a4as d2edcug0\">\n<div class=\"ecm0bbzt e5nlhep0 a8c37x1j\">\n<div class=\"kvgmc6g5 cxmmr5t8 oygrvhab hcukyx3x c1et5uql\">\n<div class=\"gmail-kvgmc6g5 gmail-cxmmr5t8 gmail-oygrvhab gmail-hcukyx3x gmail-c1et5uql gmail-ii04i59q\">\n<div>\n<div class=\"page-title-head hgroup\">\n<div class=\"page-title-head hgroup\">\n<div class=\"b654a4as d2edcug0\">\n<div class=\"j83agx80 btwxx1t3 lhclo0ds hop8lmos nkwizq5d scwd0bx6 roh60bw9\">\n<div class=\"rq0escxv hkbzh7o3 jwdofwj8 n8tt0mok r8blr3vg hyh9befq\">\n<div class=\"do00u71z l9j0dhe7 k4urcfbm\">\n<div>\n<div class=\"page-title-head hgroup\">\n<div class=\"page-title-head hgroup\">\n<div class=\"page-title-head hgroup\">\n<div class=\"page-title-head hgroup\">\n<div class=\"b654a4as d2edcug0\">\n<div class=\"page-title-head hgroup\">\n<div class=\"page-title-head hgroup\">\n<div class=\"page-title-head hgroup\">\n<div class=\"page-title-head hgroup\">\n<div class=\"b654a4as d2edcug0\">\n<div class=\"page-title-head hgroup\">\n<div class=\"page-title-head hgroup\">\n<div class=\"page-title-head hgroup\">\n<div class=\"page-title-head hgroup\">\n<div class=\"page-title-head hgroup\">\n<div class=\"mkdf-post-text\">\n<div class=\"mkdf-post-text-inner\">\n<div class=\"mkdf-post-text-main\">\n<div class=\"mkdf-post-text\">\n<div class=\"mkdf-post-text-inner\">\n<div class=\"mkdf-post-text-main\">\n<div class=\"mkdf-post-text\">\n<div class=\"mkdf-post-text-inner\">\n<div class=\"mkdf-post-text-main\">\n<div class=\"page-title-head hgroup\">\n<div class=\"page-title-head hgroup\">\n<div class=\"mkdf-post-text\">\n<div class=\"mkdf-post-text-inner\">\n<div class=\"mkdf-post-text-main\">\n<div class=\"mkdf-post-text\">\n<div class=\"mkdf-post-text-inner\">\n<div class=\"mkdf-post-text-main\">\n<div>\n<div class=\"page-title-head hgroup\">\n<div class=\"page-title-head hgroup\">\n<div>\n<div class=\"page-title-head hgroup\">\n<div class=\"page-title-head hgroup\">\n<div class=\"b654a4as d2edcug0\">\n<div>\n<div class=\"page-title-head hgroup\" style=\"text-align: left;\">\n<div class=\"page-title-head hgroup\">\n<div dir=\"auto\">\n<p><a class=\"dt-pswp-item pspw-wrap-ready\" href=\"https:\/\/i0.wp.com\/www.radiopiu.net\/wordpress\/wp-content\/uploads\/2018\/09\/WhatsApp-Image-2018-09-20-at-16.04.06.jpeg?ssl=1\" data-dt-img-description=\"\" data-large_image_width=\"800\" data-large_image_height=\"100\"><img loading=\"lazy\" decoding=\"async\" class=\"aligncenter wp-image-61378 size-full jetpack-lazy-image jetpack-lazy-image--handled\" src=\"https:\/\/i0.wp.com\/www.radiopiu.net\/wordpress\/wp-content\/uploads\/2018\/09\/WhatsApp-Image-2018-09-20-at-16.04.06.jpeg?resize=800%2C100&amp;ssl=1\" sizes=\"auto, (max-width: 800px) 100vw, 800px\" srcset=\"https:\/\/i0.wp.com\/www.radiopiu.net\/wordpress\/wp-content\/uploads\/2018\/09\/WhatsApp-Image-2018-09-20-at-16.04.06.jpeg?w=800&amp;ssl=1 800w, https:\/\/i0.wp.com\/www.radiopiu.net\/wordpress\/wp-content\/uploads\/2018\/09\/WhatsApp-Image-2018-09-20-at-16.04.06.jpeg?resize=300%2C38&amp;ssl=1 300w, https:\/\/i0.wp.com\/www.radiopiu.net\/wordpress\/wp-content\/uploads\/2018\/09\/WhatsApp-Image-2018-09-20-at-16.04.06.jpeg?resize=768%2C96&amp;ssl=1 768w\" alt=\"\" width=\"800\" height=\"100\" data-lazy-loaded=\"1\" \/><\/a><\/p>\n<\/div>\n<\/div>\n<\/div>\n<\/div>\n<\/div>\n<\/div>\n<\/div>\n<\/div>\n<\/div>\n<\/div>\n<\/div>\n<\/div>\n<\/div>\n<\/div>\n<\/div>\n<\/div>\n<\/div>\n<\/div>\n<\/div>\n<\/div>\n<\/div>\n<\/div>\n<\/div>\n<\/div>\n<\/div>\n<\/div>\n<\/div>\n<\/div>\n<\/div>\n<\/div>\n<\/div>\n<\/div>\n<\/div>\n<\/div>\n<\/div>\n<\/div>\n<\/div>\n<\/div>\n<\/div>\n<\/div>\n<\/div>\n<\/div>\n<\/div>\n<\/div>\n<p>&nbsp;<\/p>\n<\/div>\n<\/div>\n<\/div>\n<\/div>\n<\/div>\n<\/div>\n<\/div>\n<\/div>\n<\/div>\n<\/div>\n<\/div>\n<\/div>\n<\/div>\n<\/div>\n<\/div>\n<\/div>\n<\/div>\n<\/div>\n<\/div>\n<\/div>\n<\/div>\n<\/div>\n<\/div>\n<\/div>\n<\/div>\n<\/div>\n<\/div>\n<\/div>\n<\/div>\n<\/div>\n<\/div>\n<\/div>\n<\/div>\n<\/div>\n<\/div>\n<\/div>\n<\/div>\n<\/div>\n<\/div>\n<\/div>\n<\/div>\n<\/div>\n<\/div>\n<\/div>\n<\/div>\n<\/div>\n<\/div>\n<\/div>\n<\/div>\n<\/div>\n<\/div>\n<\/div>\n<\/div>\n<\/div>\n<\/div>\n<\/div>\n<\/div>\n<\/div>\n<\/div>\n<\/div>\n<\/div>\n<\/div>\n<\/div>\n<\/div>\n<\/div>\n<\/div>\n<\/div>\n<\/div>\n<\/div>\n<\/div>\n<\/div>\n<\/div>\n<\/div>\n<\/div>\n<\/div>\n<\/div>\n<\/div>\n<\/div>\n<\/div>\n<\/div>\n<\/div>\n<\/div>\n<\/div>\n<\/div>\n<\/div>\n<\/div>\n<\/div>\n<\/div>\n<\/div>\n<\/div>\n<\/div>\n<\/div>\n<\/div>\n<\/div>\n<\/div>\n<\/div>\n<\/div>\n<\/div>\n<\/div>\n<\/div>\n<\/div>\n<\/div>\n<\/div>\n<\/div>\n<\/div>\n<\/div>\n<\/div>\n<\/div>\n<\/div>\n<\/div>\n<\/div>\n<\/div>\n<\/div>\n<\/div>\n<\/div>\n<\/div>\n<\/div>\n<\/div>\n<\/div>\n<\/div>\n<\/div>\n<\/div>\n<\/div>\n<\/div>\n<\/div>\n<\/div>\n<\/div>\n<\/div>\n<\/div>\n<\/div>\n<\/div>\n<\/div>\n<\/div>\n<\/div>\n<\/div>\n<\/div>\n<\/div>\n<\/div>\n<\/div>\n<\/div>\n<\/div>\n<\/div>\n<\/div>\n<\/div>\n<\/div>\n<\/div>\n<\/div>\n<\/div>\n<\/div>\n<\/div>\n<\/div>\n<\/div>\n<\/div>\n<\/div>\n<\/div>\n<\/div>\n<\/div>\n<\/div>\n<\/div>\n<\/div>\n<\/div>\n<\/div>\n<\/div>\n<\/div>\n<\/div>\n<\/div>\n<p><center><b>Sabato 15<\/b><\/center><b>Tempo atteso: <\/b>Tempo stabile con cielo in prevalenza sereno e con ottima visibilit\u00e0 a tutte le quote. Clima diurno ancora mite per il periodo, specie in quota e nelle valli orientate a favore del soleggiamento.<br \/>\n<b>Precipitazioni: <\/b>Assenti (0%).<br \/>\n<b>Temperature: <\/b>In generale lieve o contenuto rialzo, salvo delle diminuzioni in quota delle massime e ancora superiori alla media del periodo; marcata inversione termica nelle valli e altipiani nelle ore pi\u00f9 fredde ed elevata escursione termica giornaliera nelle valli ben soleggiate. Su Prealpi a 1500 m min 4\u00b0C, max 8\u00b0C; a 2000 m min 2\u00b0C, max 7\u00b0C. Su Dolomiti a 2000 m min 2\u00b0C, max 7\u00b0C; a 3000 m min -4\u00b0C, max 1\u00b0C.<br \/>\n<b>Venti: <\/b>Deboli variabili nelle valli; in quota deboli o moderati settentrionali, a 5-15 km\/h a 2000 m, a 15-20 km\/h a 3000 m.<\/p>\n<hr \/>\n<p><center><b>Domenica 16<\/b><\/center><b>Tempo atteso: <\/b>Persistono le condizioni di tempo stabile con cielo sereno, o al pi\u00f9 poco a tratti parzialmente nuvoloso per qualche passaggio di nubi alte o medio-alte nella seconda parte della giornata, specie nel tardo pomeriggio; ottima visibilit\u00e0 a tutte le quote. Clima diurno ancora mite anche se un po&#8217; meno rispetto a sabato.<br \/>\n<b>Precipitazioni: <\/b>Assenti (0%).<br \/>\n<b>Temperature: <\/b>In calo, specie in quota dove le minime saranno misurate a fine giornata; persistenza dell&#8217;inversione termica nelle valli nelle ore pi\u00f9 fredde, anche se risulter\u00e0 pi\u00f9 attenuata rispetto ai giorni precedenti, e di una significativa escursione termica giornaliera nelle valli. In quota clima diurno ancora mite, ma un po&#8217; pi\u00f9 freddo rispetto ai giorni precedenti; nelle valli clima tipicamente invernale nella notte e al primo mattino, ancora mite di giorno, specie nelle valli interessate da un prolungato soleggiamento. Su Prealpi a 1500 m, min 1\u00b0C, max 6\u00b0C; a 2000 m, min -3\u00b0C, max 5\u00b0C. Su Dolomiti a 2000 m, min -5\u00b0C, max 5\u00b0C; a 3000 m min -12\u00b0C, max 0\u00b0C.<br \/>\n<b>Venti: <\/b>Deboli variabili nelle valli, in quota moderati anche tesi dai quadranti occidentali, a 15-25 km\/h a 2000 m, a 25-35 km\/h a 3000 m.<\/p>\n<hr \/>\n<p><center><b>Lunedi 17<\/b><\/center>Ancora tempo soleggiato e stabile, specie al mattino con temporaneo e modesto aumento della nuvolosit\u00e0 nel corso del pomeriggio per nubi perlopi\u00f9 medio-alte, ma senza fenomeni. Ulteriore calo termico, specie in quota, e attenuazione dell&#8217;inversione termica nelle valli. Venti in alta montagna in rinforzo da moderati a forti settentrionali.<\/p>\n<hr \/>\n<p><center><b>Martedi 18<\/b><\/center>Tempo ancora ben soleggiato e stabile, a tratti parzialmente soleggiato nel corso della giornata per transito di nubi medio-alte, ma senza determinare precipitazioni. Temperature in ripresa e superiori alla norma. Modesta o moderata intensificazione dell&#8217;inversione termica giornaliera nelle ore pi\u00f9 fredde ed elevata escursione termica giornaliera nelle valli. Venti in quota moderati anche tesi settentrionali. Previsore: M.Padoan<\/p>\n<p>&nbsp;<\/p>\n<hr \/>\n<p>&nbsp;<\/p>\n<p><a href=\"https:\/\/www.radiopiu.net\/wordpress\/giornale-radiopiu-15-settembre-2018-direttore-mirko-mezzacasa\/sport-7\/\" rel=\"attachment wp-att-60761\"><img loading=\"lazy\" decoding=\"async\" class=\"wp-image-60761 size-full aligncenter\" src=\"https:\/\/www.radiopiu.net\/wordpress\/wp-content\/uploads\/2018\/09\/sport.jpg\" alt=\"\" width=\"800\" height=\"100\" srcset=\"https:\/\/www.radiopiu.net\/wordpress\/wp-content\/uploads\/2018\/09\/sport.jpg 800w, https:\/\/www.radiopiu.net\/wordpress\/wp-content\/uploads\/2018\/09\/sport-300x38.jpg 300w, https:\/\/www.radiopiu.net\/wordpress\/wp-content\/uploads\/2018\/09\/sport-768x96.jpg 768w\" sizes=\"auto, (max-width: 800px) 100vw, 800px\" \/><\/a><\/p>\n<p>&nbsp;<\/p>\n<p><span style=\"color: #0000ff;\"><strong>HOCLEY SU GHIACCIO<\/strong><\/span><\/p>\n<blockquote>\n<h3>ALLEGHE A PERGINE PER LA TERZA GIORNATA DEL MASTER ROUND IHL<\/h3>\n<\/blockquote>\n<p><strong><a href=\"https:\/\/www.radiopiu.net\/wordpress\/lalleghe-a-cavalese-per-continuare-la-striscia-positiva-di-vittorie\/alleghe-hockey-1\/\" rel=\"attachment wp-att-247056\"><img loading=\"lazy\" decoding=\"async\" class=\"size-medium wp-image-247056 alignleft\" src=\"https:\/\/www.radiopiu.net\/wordpress\/wp-content\/uploads\/2021\/12\/ALLEGHE-HOCKEY-1-300x200.jpg\" alt=\"\" width=\"300\" height=\"200\" srcset=\"https:\/\/www.radiopiu.net\/wordpress\/wp-content\/uploads\/2021\/12\/ALLEGHE-HOCKEY-1-300x200.jpg 300w, https:\/\/www.radiopiu.net\/wordpress\/wp-content\/uploads\/2021\/12\/ALLEGHE-HOCKEY-1-768x511.jpg 768w, https:\/\/www.radiopiu.net\/wordpress\/wp-content\/uploads\/2021\/12\/ALLEGHE-HOCKEY-1.jpg 1000w\" sizes=\"auto, (max-width: 300px) 100vw, 300px\" \/><\/a>di Roberto Miana, portavoce dell&#8217;Alleghe Hockey<\/strong><\/p>\n<p><strong>ALLEGHE <\/strong>Terza giornata di master round dell&#8217;Italian Hockey League. Sabato 15 gennaio alle ore 18:45 l&#8217;Alleghe gioca a Pergine. <strong>ALLEGHE:<\/strong> nella seconda giornata, giocata sabato scorso, le Civette hanno osservato il turno di riposo, mentre nel primo turno di questa seconda fase i Biancorossi hanno dovuto cedere il passo 0-3 al Caldaro. Le cinque assenze in casa Alleghe (De Toni, Testori, De Val, Damin e Lorenzini) si sono fatte sentire pesando nell\u2019economia dell\u2019incontro, considerando che si affrontava una delle migliori squadre del torneo. Vittoria meritata quella dei Lucci al \u201cDe Toni\u201d, in grado di portarsi sul triplice vantaggio, con il goalie altoatesino Andergassen che ha letteralmente blindato la propria gabbia vanificando ogni occasione da rete creata dai biancorossi. Nella prossima trasferta di sabato in Valsugana contro le Linci, gli Agordini affronteranno una avversario in salute e sicuramente desideroso di riscatto dopo aver perso entrambi i precedenti stagionali contro le Civette. <strong>PERGINE:<\/strong> il Pergine \u00e8 reduce dall\u2019importante vittoria 4-2 ottenuta nella seconda giornata sul difficile ghiaccio della Raiffeisen Arena di Caldaro. Buon successo per le Linci, che sono per\u00f2 riuscite solo nel finale di gara ad aver ragione dei Lucci, nonostante una maggiore pressione offensiva esercitata per tutta la partita. Nei nostri prossimi avversari il pericolo pubblico numero uno \u00e8 senza dubbio il ventottenne italo-canadese Connor Sanvido#88 che, arrivato ai primi di dicembre ad indossare la maglia delle Linci, nelle otto gare fin qui disputate ha messe a referto 7 reti e altrettanti assist, senza dimenticare anche il trentino Davide Conci#54, top scorer del Pergine in regular season.<br \/>\n<strong>STATISTICHE<\/strong> Pergine vs Alleghe: dalla stagione 2013\/2014, da quando Pergine e Alleghe si affrontano nel campionato cadetto (IHL), le Civette hanno incrociato le stecche con le Linci 18 volte. Il bilancio conta 10 successi Alleghesi, 7 dei Trentini e 1 pareggio. Considerando le sole gare disputate alla Sapiens Arena, in 9 partite i Biancorossi hanno violato il ghiaccio ospite in cinque occasioni, mentre i padroni di casa si sono imposti 4 volte. In questa stagione di regular season gli Agordini hanno vinto contro il Pergine sia in trasferta 6-3 ai primi di novembre che al &#8220;De Toni&#8221; 5-1 a fine dicembre. Conteggiando le reti totali tra le due squadre si contano 71 marcature dell\u2019Alleghe e 55 del Pergine.<\/p>\n<p><strong>Hockey PERGINE Sapiens &#8211; ALLEGHE Hockey<\/strong><br \/>\nSabato 15 gennaio ore 18:45 \u2013 Sapiens Arena di Pergine (Tn), Arbitri:\u200b Fabio Lottaroli e Patrick Theo Gruber con giudici di linea Paolo Brondi e Alberto Plancher. Collegamenti in DIRETTA RADIOFONICA su Radio Pi\u00f9 (www.radiopiu.net) con \u201cHockey al punto giusto\u201d, in studio Marco Gaz e da Pergine interventi di Federico Paganin<\/p>\n<\/div>\n<\/div>\n<\/div>\n<\/div>\n<\/div>\n<\/div>\n<\/div>\n","protected":false},"excerpt":{"rendered":"<p>INFORMAZIONE il canale su TELEGRAM informazione di prima mano e in tempo reale. iscriviti ed aiutaci a farlo conoscere\u00a0 &nbsp; &nbsp; &nbsp; LA CROCE VERDE VAL BIOIS COMUNICA I DISSERVIZI PER IL MESE DI GENNAIO 2022 FALCADE Anche nel mese di gennaio la Croce Verde Val Biois non assicura l&#8217;assistenza in alcune giornate. A comunicarlo&hellip;<\/p>\n","protected":false},"author":4,"featured_media":254211,"comment_status":"closed","ping_status":"open","sticky":false,"template":"","format":"standard","meta":{"_monsterinsights_skip_tracking":false,"_monsterinsights_sitenote_active":false,"_monsterinsights_sitenote_note":"","_monsterinsights_sitenote_category":0,"footnotes":""},"categories":[104,86,49],"tags":[],"class_list":["post-253922","post","type-post","status-publish","format-standard","has-post-thumbnail","hentry","category-evidenza_3","category-gr","category-news-18","category-104","category-86","category-49","description-off"],"img_url":"https:\/\/www.radiopiu.net\/wordpress\/wp-content\/uploads\/2022\/01\/db51d600-9c3d-4eb3-a9ed-9087a520fb1f.jpg","_links":{"self":[{"href":"https:\/\/www.radiopiu.net\/wordpress\/wp-json\/wp\/v2\/posts\/253922","targetHints":{"allow":["GET"]}}],"collection":[{"href":"https:\/\/www.radiopiu.net\/wordpress\/wp-json\/wp\/v2\/posts"}],"about":[{"href":"https:\/\/www.radiopiu.net\/wordpress\/wp-json\/wp\/v2\/types\/post"}],"author":[{"embeddable":true,"href":"https:\/\/www.radiopiu.net\/wordpress\/wp-json\/wp\/v2\/users\/4"}],"replies":[{"embeddable":true,"href":"https:\/\/www.radiopiu.net\/wordpress\/wp-json\/wp\/v2\/comments?post=253922"}],"version-history":[{"count":0,"href":"https:\/\/www.radiopiu.net\/wordpress\/wp-json\/wp\/v2\/posts\/253922\/revisions"}],"wp:featuredmedia":[{"embeddable":true,"href":"https:\/\/www.radiopiu.net\/wordpress\/wp-json\/wp\/v2\/media\/254211"}],"wp:attachment":[{"href":"https:\/\/www.radiopiu.net\/wordpress\/wp-json\/wp\/v2\/media?parent=253922"}],"wp:term":[{"taxonomy":"category","embeddable":true,"href":"https:\/\/www.radiopiu.net\/wordpress\/wp-json\/wp\/v2\/categories?post=253922"},{"taxonomy":"post_tag","embeddable":true,"href":"https:\/\/www.radiopiu.net\/wordpress\/wp-json\/wp\/v2\/tags?post=253922"}],"curies":[{"name":"wp","href":"https:\/\/api.w.org\/{rel}","templated":true}]}}