{"id":253957,"date":"2022-01-14T06:00:26","date_gmt":"2022-01-14T05:00:26","guid":{"rendered":"https:\/\/www.radiopiu.net\/wordpress\/?p=253957"},"modified":"2022-01-14T06:31:13","modified_gmt":"2022-01-14T05:31:13","slug":"il-post-su-dolomitici-facebook-nel-ricordo-di-sergio-e-david","status":"publish","type":"post","link":"https:\/\/www.radiopiu.net\/wordpress\/il-post-su-dolomitici-facebook-nel-ricordo-di-sergio-e-david\/","title":{"rendered":"IL POST SU &#8220;DOLOMITICI!&#8221;\u00a0 (FACEBOOK)\u00a0 NEL RICORDO DI SERGIO E DAVID"},"content":{"rendered":"<div class=\"qzhwtbm6 knvmm38d\">\n<p><a href=\"https:\/\/www.radiopiu.net\/wordpress\/giornale-radiopiu-14-gennaio-2022-direttore-mirko-mezzacasa\/271735947_10221769004277732_7420752072018991870_n\/\" rel=\"attachment wp-att-253954\"><img loading=\"lazy\" decoding=\"async\" class=\" wp-image-253954 alignleft\" src=\"https:\/\/www.radiopiu.net\/wordpress\/wp-content\/uploads\/2022\/01\/271735947_10221769004277732_7420752072018991870_n-300x290.jpg\" alt=\"\" width=\"153\" height=\"148\" srcset=\"https:\/\/www.radiopiu.net\/wordpress\/wp-content\/uploads\/2022\/01\/271735947_10221769004277732_7420752072018991870_n-300x290.jpg 300w, https:\/\/www.radiopiu.net\/wordpress\/wp-content\/uploads\/2022\/01\/271735947_10221769004277732_7420752072018991870_n.jpg 526w\" sizes=\"auto, (max-width: 153px) 100vw, 153px\" \/><\/a><em>di Irma Visalli con una altrettanto bella immagine per ricordare due splendide e gentili persone:<\/em><\/p>\n<div dir=\"auto\"><em>Sergio Reolon e David Sassoli<\/em><\/div>\n<p>E si, ti ricordo quel giorno , quella sera con il teatro pieno e il tuo stupore quando sapesti che Sergio non ce l&#8217; aveva fatta. Eri veramente un compagno di strada. Anche se poi il tuo ruolo non diede mai pi\u00f9 la possibilit\u00e0 di incontrarci qui tra le Dolomiti.\u00a0 La.speranza che esista un aldil\u00e0 oggi \u00e8 pi\u00f9 forte. La voglia di saperti tra amici e nel tuo girovagare magari scorgere la faccia amica di Sergio&#8230;.ciao David.<\/p>\n<p>&nbsp;<\/p>\n<\/div>\n<p>&nbsp;<\/p>\n","protected":false},"excerpt":{"rendered":"<p>di Irma Visalli con una altrettanto bella immagine per ricordare due splendide e gentili persone: Sergio Reolon e David Sassoli E si, ti ricordo quel giorno , quella sera con il teatro pieno e il tuo stupore quando sapesti che Sergio non ce l&#8217; aveva fatta. Eri veramente un compagno di strada. Anche se poi&hellip;<\/p>\n","protected":false},"author":4,"featured_media":253954,"comment_status":"closed","ping_status":"open","sticky":false,"template":"","format":"standard","meta":{"_monsterinsights_skip_tracking":false,"_monsterinsights_sitenote_active":false,"_monsterinsights_sitenote_note":"","_monsterinsights_sitenote_category":0,"footnotes":""},"categories":[49],"tags":[],"class_list":["post-253957","post","type-post","status-publish","format-standard","has-post-thumbnail","hentry","category-news-18","category-49","description-off"],"img_url":"https:\/\/www.radiopiu.net\/wordpress\/wp-content\/uploads\/2022\/01\/271735947_10221769004277732_7420752072018991870_n.jpg","_links":{"self":[{"href":"https:\/\/www.radiopiu.net\/wordpress\/wp-json\/wp\/v2\/posts\/253957","targetHints":{"allow":["GET"]}}],"collection":[{"href":"https:\/\/www.radiopiu.net\/wordpress\/wp-json\/wp\/v2\/posts"}],"about":[{"href":"https:\/\/www.radiopiu.net\/wordpress\/wp-json\/wp\/v2\/types\/post"}],"author":[{"embeddable":true,"href":"https:\/\/www.radiopiu.net\/wordpress\/wp-json\/wp\/v2\/users\/4"}],"replies":[{"embeddable":true,"href":"https:\/\/www.radiopiu.net\/wordpress\/wp-json\/wp\/v2\/comments?post=253957"}],"version-history":[{"count":0,"href":"https:\/\/www.radiopiu.net\/wordpress\/wp-json\/wp\/v2\/posts\/253957\/revisions"}],"wp:featuredmedia":[{"embeddable":true,"href":"https:\/\/www.radiopiu.net\/wordpress\/wp-json\/wp\/v2\/media\/253954"}],"wp:attachment":[{"href":"https:\/\/www.radiopiu.net\/wordpress\/wp-json\/wp\/v2\/media?parent=253957"}],"wp:term":[{"taxonomy":"category","embeddable":true,"href":"https:\/\/www.radiopiu.net\/wordpress\/wp-json\/wp\/v2\/categories?post=253957"},{"taxonomy":"post_tag","embeddable":true,"href":"https:\/\/www.radiopiu.net\/wordpress\/wp-json\/wp\/v2\/tags?post=253957"}],"curies":[{"name":"wp","href":"https:\/\/api.w.org\/{rel}","templated":true}]}}