{"id":254060,"date":"2022-01-14T12:14:35","date_gmt":"2022-01-14T11:14:35","guid":{"rendered":"https:\/\/www.radiopiu.net\/wordpress\/?p=254060"},"modified":"2022-01-14T12:14:36","modified_gmt":"2022-01-14T11:14:36","slug":"verso-la-luce-di-aldo-iorio","status":"publish","type":"post","link":"https:\/\/www.radiopiu.net\/wordpress\/verso-la-luce-di-aldo-iorio\/","title":{"rendered":"VERSO LA LUCE  di  ALDO IORIO"},"content":{"rendered":"<p><strong>AUDIO<\/strong><\/p>\n<audio class=\"wp-audio-shortcode\" id=\"audio-254060-1\" preload=\"none\" style=\"width: 100%;\" controls=\"controls\"><source type=\"audio\/mpeg\" src=\"https:\/\/www.radiopiu.net\/wordpress\/wp-content\/uploads\/2022\/01\/5-ALDO-IORIO-VERSO-LA-LUCE.mp3?_=1\" \/><a href=\"https:\/\/www.radiopiu.net\/wordpress\/wp-content\/uploads\/2022\/01\/5-ALDO-IORIO-VERSO-LA-LUCE.mp3\">https:\/\/www.radiopiu.net\/wordpress\/wp-content\/uploads\/2022\/01\/5-ALDO-IORIO-VERSO-LA-LUCE.mp3<\/a><\/audio>\n<p>&nbsp;<\/p>\n<p><strong>VERSO LA LUCE<\/strong><\/p>\n<p><a href=\"https:\/\/www.radiopiu.net\/wordpress\/verso-la-luce-di-aldo-iorio\/5-aldo-iorio\/\" rel=\"attachment wp-att-254061\"><img loading=\"lazy\" decoding=\"async\" class=\"size-medium wp-image-254061 alignleft\" src=\"https:\/\/www.radiopiu.net\/wordpress\/wp-content\/uploads\/2022\/01\/5-ALDO-IORIO-239x300.jpg\" alt=\"\" width=\"239\" height=\"300\" srcset=\"https:\/\/www.radiopiu.net\/wordpress\/wp-content\/uploads\/2022\/01\/5-ALDO-IORIO-239x300.jpg 239w, https:\/\/www.radiopiu.net\/wordpress\/wp-content\/uploads\/2022\/01\/5-ALDO-IORIO-768x964.jpg 768w, https:\/\/www.radiopiu.net\/wordpress\/wp-content\/uploads\/2022\/01\/5-ALDO-IORIO.jpg 816w\" sizes=\"auto, (max-width: 239px) 100vw, 239px\" \/><\/a>Osservo compassionevolmente<br \/>\nquesto corpo, appassirsi!<br \/>\nChi sei, che muti ad ogni istante?<br \/>\nOgni riga \u00e8 una battaglia vinta o persa?<br \/>\nSvanisce il profumo di giovent\u00f9,<br \/>\ne pi\u00f9 si rafforza la riflessione<br \/>\ne la consapevolezza che tutto svanisce.<br \/>\nL&#8217;inutilit\u00e0 della vanit\u00e0.<br \/>\nL&#8217;affievolirsi del tepore degli affetti!<br \/>\nE cos\u00ec, ti rifugi nell&#8217;anima,<br \/>\nche sola ti fa volare dove non hai visto mai,<br \/>\ndove finalmente ti placherai,<br \/>\ne tutto sar\u00e0 pi\u00f9 chiaro.<br \/>\nLa luce, t&#8217;inondera&#8217;.<\/p>\n<p>&nbsp;<\/p>\n<p>&nbsp;<\/p>\n<p><strong>LA RACCOLTA COMPLETA\u00a0 \u00a0<\/strong><\/p>\n<blockquote class=\"wp-embedded-content\" data-secret=\"63kP9Mwb9N\"><p><a href=\"https:\/\/www.radiopiu.net\/wordpress\/in-vivo-verso\/\">In Vivo Verso<\/a><\/p><\/blockquote>\n<p><iframe loading=\"lazy\" class=\"wp-embedded-content\" sandbox=\"allow-scripts\" security=\"restricted\" style=\"position: absolute; clip: rect(1px, 1px, 1px, 1px);\" title=\"&#8220;In Vivo Verso&#8221; &#8212; Radio Pi\u00f9\" src=\"https:\/\/www.radiopiu.net\/wordpress\/in-vivo-verso\/embed\/#?secret=63kP9Mwb9N\" data-secret=\"63kP9Mwb9N\" width=\"600\" height=\"338\" frameborder=\"0\" marginwidth=\"0\" marginheight=\"0\" scrolling=\"no\"><\/iframe><\/p>\n<p>&nbsp;<\/p>\n<p>&nbsp;<\/p>\n<p>***<\/p>\n","protected":false},"excerpt":{"rendered":"<p>AUDIO &nbsp; VERSO LA LUCE Osservo compassionevolmente questo corpo, appassirsi! Chi sei, che muti ad ogni istante? Ogni riga \u00e8 una battaglia vinta o persa? Svanisce il profumo di giovent\u00f9, e pi\u00f9 si rafforza la riflessione e la consapevolezza che tutto svanisce. L&#8217;inutilit\u00e0 della vanit\u00e0. L&#8217;affievolirsi del tepore degli affetti! E cos\u00ec, ti rifugi nell&#8217;anima,&hellip;<\/p>\n","protected":false},"author":4,"featured_media":254061,"comment_status":"closed","ping_status":"open","sticky":false,"template":"","format":"standard","meta":{"_monsterinsights_skip_tracking":false,"_monsterinsights_sitenote_active":false,"_monsterinsights_sitenote_note":"","_monsterinsights_sitenote_category":0,"footnotes":""},"categories":[22,49],"tags":[],"class_list":["post-254060","post","type-post","status-publish","format-standard","has-post-thumbnail","hentry","category-invivoverso","category-news-18","category-22","category-49","description-off"],"img_url":"https:\/\/www.radiopiu.net\/wordpress\/wp-content\/uploads\/2022\/01\/5-ALDO-IORIO.jpg","_links":{"self":[{"href":"https:\/\/www.radiopiu.net\/wordpress\/wp-json\/wp\/v2\/posts\/254060","targetHints":{"allow":["GET"]}}],"collection":[{"href":"https:\/\/www.radiopiu.net\/wordpress\/wp-json\/wp\/v2\/posts"}],"about":[{"href":"https:\/\/www.radiopiu.net\/wordpress\/wp-json\/wp\/v2\/types\/post"}],"author":[{"embeddable":true,"href":"https:\/\/www.radiopiu.net\/wordpress\/wp-json\/wp\/v2\/users\/4"}],"replies":[{"embeddable":true,"href":"https:\/\/www.radiopiu.net\/wordpress\/wp-json\/wp\/v2\/comments?post=254060"}],"version-history":[{"count":0,"href":"https:\/\/www.radiopiu.net\/wordpress\/wp-json\/wp\/v2\/posts\/254060\/revisions"}],"wp:featuredmedia":[{"embeddable":true,"href":"https:\/\/www.radiopiu.net\/wordpress\/wp-json\/wp\/v2\/media\/254061"}],"wp:attachment":[{"href":"https:\/\/www.radiopiu.net\/wordpress\/wp-json\/wp\/v2\/media?parent=254060"}],"wp:term":[{"taxonomy":"category","embeddable":true,"href":"https:\/\/www.radiopiu.net\/wordpress\/wp-json\/wp\/v2\/categories?post=254060"},{"taxonomy":"post_tag","embeddable":true,"href":"https:\/\/www.radiopiu.net\/wordpress\/wp-json\/wp\/v2\/tags?post=254060"}],"curies":[{"name":"wp","href":"https:\/\/api.w.org\/{rel}","templated":true}]}}