{"id":254065,"date":"2022-01-14T12:31:29","date_gmt":"2022-01-14T11:31:29","guid":{"rendered":"https:\/\/www.radiopiu.net\/wordpress\/?p=254065"},"modified":"2022-01-14T13:06:48","modified_gmt":"2022-01-14T12:06:48","slug":"ulls1-negli-ospedali-bellunesi-58-pazienti-dove-andiamo-il-punto-del-direttore-carraro","status":"publish","type":"post","link":"https:\/\/www.radiopiu.net\/wordpress\/ulls1-negli-ospedali-bellunesi-58-pazienti-dove-andiamo-il-punto-del-direttore-carraro\/","title":{"rendered":"ulls1 NEGLI OSPEDALI BELLUNESI 58 PAZIENTI, DOVE ANDIAMO? IL PUNTO DEL DIRETTORE CARRARO"},"content":{"rendered":"<blockquote><p><span style=\"color: #ff0000;\"><strong>oggi INCIDENZA SETTIMANA 2122 OGNI 100 MILA ABITANTI, DA OGGI SOPRA LA MEDIA NAZIONALE\u00a01975<\/strong><\/span><\/p>\n<p><strong>NUOVI POSITIVI 704,\u00a0 \u00a0POSITIVI ATTUALI 7169,\u00a0 \u00a0RICOVERATI IN\u00a0 AREA NON CRITICA\u00a0 41 (5 no covid), TERAPIA INTENSIVA 6\u00a0<\/strong><\/p><\/blockquote>\n<p>&nbsp;<\/p>\n<blockquote>\n<h3>LEGGI LA CONFERENZA STAMPA DEL DIRETTORE MARIA GRAZIA CARRARO<\/h3>\n<p><em>16,5 ricoveri ogni 100mila vaccinati et\u00e0 media 77,2; 88,5 ricoveri per 100mila non vaccinati et\u00e0 media 70.9. Domani 15 gennaio dalle 9 alle 18 vaccinazione con accesso libero al Palaskating per le persone over 50, il 16 gennaio dalle 15 alle 18.30 a Feltre centro prelievi. Sabato a domenica dalle 14.30 alle 18.30 punto tamponi a Paludi per persone con sintomatologia covid, sar\u00e0 presente un medico.\u00a0 Sul territorio c&#8217;\u00e8 un&#8217;altra concentrazione di covid19, serve grande responsabilit\u00e0. Di qui l&#8217;appello accorato del direttore generale &#8220;Questo territorio ha gi\u00e0 dato, non dobbiamo cadere in errori, che prevalga la prudenza nei rapporti con le altre persone e si osservi l&#8217;isolamento con attenzione ai contatti stretti&#8221;.<\/em><\/p><\/blockquote>\n<p>La Carraro mette in evidenza nei numeri come siano tanti i vaccinati attualmente nelle spire del virus. L&#8217;83% degli infetti \u00e8 interessato dalla variante Omicron\u00a0 ma c&#8217;e&#8217; sempre un 20% circa di variante Delta, meno contagiosa ma che da problemi critici pi\u00f9 complessi. Il confronto con lo scorso anno con il picco dei ricoveri a cavallo tra novembre e dicembre. Da inizio dicembre escalation importante. Mai stati tanti positivi come in questo momento. Sul fronte dei ricoveri invece a fronte di tanti positivi ci sono molti meno ricoveri anche se in costante aumento. Nelle scuole ieri giorno impegnativo con 33 classi prese in carico, in totale in carico 73 classi, 23 in quarantena, 36 in automonitoraggio 14 monitoraggio con testing. Trentatre&#8217; in una giornata \u00e8 un dato che colpisce. Vaccinazioni: somministrate 401 mila dosi, 83% almeno una dose (161mila) 81% due cosi (156 mila) 16,6% non ancora vaccinati (32mila persone), 98mila terza dose, 86% over 80, 88% tra 70 e i 79 anni, 78,4% popolazione totale eleggibile vaccinata. La popolazione meno coperta \u00e8 la pi\u00f9 giovane, dai 5 agli 1 anni vaccinato il 20% circa. Vanno bene i ragazzi ventenni ma c&#8217;\u00e8 una buona fetta di quarantenni che non hanno aderito alla vaccinazione.<\/p>\n<p><strong>OSPITE IL DOTTOR STEFANO CALABRO DAL MINUTO <\/strong>26.32&#8243; Rimarco il dato dei non vaccinati e i ricoveri che mettono in evidenza il ruolo della vaccinazione. Abbiamo due situazioni, la vaccinazione e l&#8217;uso della mascherina ffp2. Circa il 40% dei ricoverati \u00e8 grave. Dobbiamo convincere la gente a vaccinarsi, ci sono diverse categorie di no vax, alcune per mancata informazione. Con i colleghi anche Calabro dedica il proprio tempo libero al servizio della comunit\u00e0, fino alle 21-22 di sera per vaccinare\u00a0 volontariamente i bellunesi.<\/p>\n<p>&nbsp;<\/p>\n<p><a href=\"https:\/\/www.facebook.com\/radiopiu\/videos\/674180150405457\">https:\/\/www.facebook.com\/radiopiu\/videos\/674180150405457<\/a><\/p>\n<p>&nbsp;<\/p>\n<p>***<\/p>\n","protected":false},"excerpt":{"rendered":"<p>oggi INCIDENZA SETTIMANA 2122 OGNI 100 MILA ABITANTI, DA OGGI SOPRA LA MEDIA NAZIONALE\u00a01975 NUOVI POSITIVI 704,\u00a0 \u00a0POSITIVI ATTUALI 7169,\u00a0 \u00a0RICOVERATI IN\u00a0 AREA NON CRITICA\u00a0 41 (5 no covid), TERAPIA INTENSIVA 6\u00a0 &nbsp; LEGGI LA CONFERENZA STAMPA DEL DIRETTORE MARIA GRAZIA CARRARO 16,5 ricoveri ogni 100mila vaccinati et\u00e0 media 77,2; 88,5 ricoveri per 100mila non&hellip;<\/p>\n","protected":false},"author":4,"featured_media":57211,"comment_status":"closed","ping_status":"open","sticky":false,"template":"","format":"standard","meta":{"_monsterinsights_skip_tracking":false,"_monsterinsights_sitenote_active":false,"_monsterinsights_sitenote_note":"","_monsterinsights_sitenote_category":0,"footnotes":""},"categories":[49],"tags":[],"class_list":["post-254065","post","type-post","status-publish","format-standard","has-post-thumbnail","hentry","category-news-18","category-49","description-off"],"img_url":"https:\/\/www.radiopiu.net\/wordpress\/wp-content\/uploads\/2018\/08\/ULSS1-DOLOMITI.jpeg","_links":{"self":[{"href":"https:\/\/www.radiopiu.net\/wordpress\/wp-json\/wp\/v2\/posts\/254065","targetHints":{"allow":["GET"]}}],"collection":[{"href":"https:\/\/www.radiopiu.net\/wordpress\/wp-json\/wp\/v2\/posts"}],"about":[{"href":"https:\/\/www.radiopiu.net\/wordpress\/wp-json\/wp\/v2\/types\/post"}],"author":[{"embeddable":true,"href":"https:\/\/www.radiopiu.net\/wordpress\/wp-json\/wp\/v2\/users\/4"}],"replies":[{"embeddable":true,"href":"https:\/\/www.radiopiu.net\/wordpress\/wp-json\/wp\/v2\/comments?post=254065"}],"version-history":[{"count":0,"href":"https:\/\/www.radiopiu.net\/wordpress\/wp-json\/wp\/v2\/posts\/254065\/revisions"}],"wp:featuredmedia":[{"embeddable":true,"href":"https:\/\/www.radiopiu.net\/wordpress\/wp-json\/wp\/v2\/media\/57211"}],"wp:attachment":[{"href":"https:\/\/www.radiopiu.net\/wordpress\/wp-json\/wp\/v2\/media?parent=254065"}],"wp:term":[{"taxonomy":"category","embeddable":true,"href":"https:\/\/www.radiopiu.net\/wordpress\/wp-json\/wp\/v2\/categories?post=254065"},{"taxonomy":"post_tag","embeddable":true,"href":"https:\/\/www.radiopiu.net\/wordpress\/wp-json\/wp\/v2\/tags?post=254065"}],"curies":[{"name":"wp","href":"https:\/\/api.w.org\/{rel}","templated":true}]}}