{"id":254156,"date":"2022-01-14T16:54:54","date_gmt":"2022-01-14T15:54:54","guid":{"rendered":"https:\/\/www.radiopiu.net\/wordpress\/?p=254156"},"modified":"2022-01-14T17:00:20","modified_gmt":"2022-01-14T16:00:20","slug":"adis-zatta-ricorda-lamico-ivan","status":"publish","type":"post","link":"https:\/\/www.radiopiu.net\/wordpress\/adis-zatta-ricorda-lamico-ivan\/","title":{"rendered":"ZATTA &#8220;ABBIAMO PERSO UN PADRE, UN VOLONTARIO, UN AMICO&#8221;"},"content":{"rendered":"<p><strong><a href=\"https:\/\/www.radiopiu.net\/wordpress\/aggfeaaaasdasd\/f588b0aa-6568-4e73-a197-3cd14ac699af\/\" rel=\"attachment wp-att-254148\"><img loading=\"lazy\" decoding=\"async\" class=\" wp-image-254148 alignleft\" src=\"https:\/\/www.radiopiu.net\/wordpress\/wp-content\/uploads\/2022\/01\/f588b0aa-6568-4e73-a197-3cd14ac699af-291x300.jpg\" alt=\"\" width=\"134\" height=\"138\" srcset=\"https:\/\/www.radiopiu.net\/wordpress\/wp-content\/uploads\/2022\/01\/f588b0aa-6568-4e73-a197-3cd14ac699af-291x300.jpg 291w, https:\/\/www.radiopiu.net\/wordpress\/wp-content\/uploads\/2022\/01\/f588b0aa-6568-4e73-a197-3cd14ac699af-993x1024.jpg 993w, https:\/\/www.radiopiu.net\/wordpress\/wp-content\/uploads\/2022\/01\/f588b0aa-6568-4e73-a197-3cd14ac699af-768x792.jpg 768w, https:\/\/www.radiopiu.net\/wordpress\/wp-content\/uploads\/2022\/01\/f588b0aa-6568-4e73-a197-3cd14ac699af.jpg 1079w\" sizes=\"auto, (max-width: 134px) 100vw, 134px\" \/><\/a><\/strong><\/p>\n<p><strong>FELTRE<\/strong> Adis Zatta, assessore del comune di Feltre alla Protezione Civile, ricorda l&#8217;amico Ivan Gaio, l&#8217;uomo che ha perso la vita nell&#8217;incendio del pomeriggio<\/p>\n<audio class=\"wp-audio-shortcode\" id=\"audio-254156-1\" preload=\"none\" style=\"width: 100%;\" controls=\"controls\"><source type=\"audio\/mpeg\" src=\"https:\/\/www.radiopiu.net\/wordpress\/wp-content\/uploads\/2022\/01\/ZATTA-RICORDA-IVAN.mp3?_=1\" \/><a href=\"https:\/\/www.radiopiu.net\/wordpress\/wp-content\/uploads\/2022\/01\/ZATTA-RICORDA-IVAN.mp3\">https:\/\/www.radiopiu.net\/wordpress\/wp-content\/uploads\/2022\/01\/ZATTA-RICORDA-IVAN.mp3<\/a><\/audio>\n<p>&nbsp;<\/p>\n<blockquote>\n<h3><em>Nel tentativo di spegnere l&#8217;incendio muore sopraffatto dal fumo<\/em><\/h3>\n<\/blockquote>\n<p><strong>FELTRE\u00a0<\/strong> E&#8217; purtroppo drammatico l&#8217;epilogo dell&#8217;incendio del primo pomeriggio. Un uomo Ivan Gaio 52 anni, residente a Pedavena\u00a0 ha perso la vita tra le fiamme. Entrato nel garage-deposito adibito a ricovero attrezzi e legnaia,\u00a0 nessuno lo ha pi\u00f9 visto visto uscire n\u00e8 prima, n\u00e8 dopo l&#8217;inferno. Il corpo carbonizzato \u00e8 stato ritrovato, una volta spente le furiose fiamme, dai vigili del fuoco. Era entrato nella struttura per spegnere\u00a0 quell&#8217;incendio servendosi di un estintore. Ivan dipendente della Maitex lascia la moglie e due figli piccoli, era amato e stimato anche per il suo grande impegno nella protezione civile e portava sempre con orgoglio il cappello Alpino.<\/p>\n<p>Alle 13.15 i vigili del fuoco di Feltre, Belluno, con i volontari del Basso Feltrino\u00a0 (15 uomini con 7 mezzi)\u00a0 si sono mossi verso Farra, direzione &#8220;Tonin&#8221; in via Fosse, sopra Farra una densa colonna di fumo. A fuoco una struttura affiancata ad un altro edificio\u00a0 (ex Mobili Sanson) sulla strada che da Farra porta a Mugnai.\u00a0 I pompieri \u00a0hanno spento le fiamme della struttura,\u00a0 all\u2019interno in parte collassata, rinvenendo il corpo privo di vita dell\u2019uomo. Le operazioni di soccorso hanno scongiurato il coinvolgimento dell\u2019attigua abitazione. Sul posto il personale del SUEM e i carabinieri. Le cause dell\u2019incendio sono al vaglio dei tecnici dei vigili del fuoco.<\/p>\n<p><strong>FOTO<\/strong> Sonia Comiotto (facebook, ARTICOLO 21) Diego Fent e Francesca Gabrieli<\/p>\n\n\t\t\t<style type='text\/css'>\n\t\t\t\t#gallery-1 {\n\t\t\t\t\tmargin: auto;\n\t\t\t\t}\n\t\t\t\t#gallery-1 .gallery-item {\n\t\t\t\t\tfloat: left;\n\t\t\t\t\tmargin-top: 10px;\n\t\t\t\t\ttext-align: center;\n\t\t\t\t\twidth: 33%;\n\t\t\t\t}\n\t\t\t\t#gallery-1 img {\n\t\t\t\t\tborder: 2px solid #cfcfcf;\n\t\t\t\t}\n\t\t\t\t#gallery-1 .gallery-caption {\n\t\t\t\t\tmargin-left: 0;\n\t\t\t\t}\n\t\t\t\t\/* see gallery_shortcode() in wp-includes\/media.php *\/\n\t\t\t<\/style>\n\t\t<div id='gallery-1' class='dt-gallery-container gallery galleryid-254156 gallery-columns-3 gallery-size-thumbnail'><dl class='gallery-item'>\n\t\t\t\t<dt class='gallery-icon portrait'>\n\t\t\t\t\t<a class=\"rollover rollover-zoom dt-pswp-item\" title=\"0098efc9-787d-41c4-b1c8-99f749efee17\" data-dt-img-description=\"\" data-large_image_width=\"1200\" data-large_image_height=\"1600\"href='https:\/\/www.radiopiu.net\/wordpress\/wp-content\/uploads\/2022\/01\/0098efc9-787d-41c4-b1c8-99f749efee17.jpg'><img loading=\"lazy\" decoding=\"async\" width=\"150\" height=\"150\" src=\"https:\/\/www.radiopiu.net\/wordpress\/wp-content\/uploads\/2022\/01\/0098efc9-787d-41c4-b1c8-99f749efee17-150x150.jpg\" class=\"attachment-thumbnail size-thumbnail\" alt=\"\" aria-describedby=\"gallery-1-254092\" \/><\/a>\n\t\t\t\t<\/dt>\n\t\t\t\t\t<dd class='wp-caption-text gallery-caption' id='gallery-1-254092'>\n\t\t\t\t\tRenato\n\t\t\t\t\t<\/dd><\/dl><dl class='gallery-item'>\n\t\t\t\t<dt class='gallery-icon portrait'>\n\t\t\t\t\t<a class=\"rollover rollover-zoom dt-pswp-item\" title=\"095466e4-3f17-4d60-b881-8faa54f6646f\" data-dt-img-description=\"\" data-large_image_width=\"1200\" data-large_image_height=\"1600\"href='https:\/\/www.radiopiu.net\/wordpress\/wp-content\/uploads\/2022\/01\/095466e4-3f17-4d60-b881-8faa54f6646f.jpg'><img loading=\"lazy\" decoding=\"async\" width=\"150\" height=\"150\" src=\"https:\/\/www.radiopiu.net\/wordpress\/wp-content\/uploads\/2022\/01\/095466e4-3f17-4d60-b881-8faa54f6646f-150x150.jpg\" class=\"attachment-thumbnail size-thumbnail\" alt=\"\" aria-describedby=\"gallery-1-254091\" \/><\/a>\n\t\t\t\t<\/dt>\n\t\t\t\t\t<dd class='wp-caption-text gallery-caption' id='gallery-1-254091'>\n\t\t\t\t\tRenato\n\t\t\t\t\t<\/dd><\/dl><dl class='gallery-item'>\n\t\t\t\t<dt class='gallery-icon portrait'>\n\t\t\t\t\t<a class=\"rollover rollover-zoom dt-pswp-item\" title=\"271857328_2880981652201378_7492445297428839121_n\" data-dt-img-description=\"\" data-large_image_width=\"526\" data-large_image_height=\"935\"href='https:\/\/www.radiopiu.net\/wordpress\/wp-content\/uploads\/2022\/01\/271857328_2880981652201378_7492445297428839121_n-1.jpg'><img loading=\"lazy\" decoding=\"async\" width=\"150\" height=\"150\" src=\"https:\/\/www.radiopiu.net\/wordpress\/wp-content\/uploads\/2022\/01\/271857328_2880981652201378_7492445297428839121_n-1-150x150.jpg\" class=\"attachment-thumbnail size-thumbnail\" alt=\"\" aria-describedby=\"gallery-1-254085\" \/><\/a>\n\t\t\t\t<\/dt>\n\t\t\t\t\t<dd class='wp-caption-text gallery-caption' id='gallery-1-254085'>\n\t\t\t\t\tDiego\n\t\t\t\t\t<\/dd><\/dl><br style=\"clear: both\" \/><dl class='gallery-item'>\n\t\t\t\t<dt class='gallery-icon landscape'>\n\t\t\t\t\t<a class=\"rollover rollover-zoom dt-pswp-item\" title=\"271865849_10221003690266434_1271612099426319208_n\" data-dt-img-description=\"\" data-large_image_width=\"261\" data-large_image_height=\"120\"href='https:\/\/www.radiopiu.net\/wordpress\/wp-content\/uploads\/2022\/01\/271865849_10221003690266434_1271612099426319208_n-1.jpg'><img loading=\"lazy\" decoding=\"async\" width=\"150\" height=\"120\" src=\"https:\/\/www.radiopiu.net\/wordpress\/wp-content\/uploads\/2022\/01\/271865849_10221003690266434_1271612099426319208_n-1-150x120.jpg\" class=\"attachment-thumbnail size-thumbnail\" alt=\"\" aria-describedby=\"gallery-1-254084\" \/><\/a>\n\t\t\t\t<\/dt>\n\t\t\t\t\t<dd class='wp-caption-text gallery-caption' id='gallery-1-254084'>\n\t\t\t\t\tFrancesca\n\t\t\t\t\t<\/dd><\/dl><dl class='gallery-item'>\n\t\t\t\t<dt class='gallery-icon portrait'>\n\t\t\t\t\t<a class=\"rollover rollover-zoom dt-pswp-item\" title=\"271296755_232814198913114_7700865272241413502_n\" data-dt-img-description=\"\" data-large_image_width=\"720\" data-large_image_height=\"960\"href='https:\/\/www.radiopiu.net\/wordpress\/wp-content\/uploads\/2022\/01\/271296755_232814198913114_7700865272241413502_n.jpg'><img loading=\"lazy\" decoding=\"async\" width=\"150\" height=\"150\" src=\"https:\/\/www.radiopiu.net\/wordpress\/wp-content\/uploads\/2022\/01\/271296755_232814198913114_7700865272241413502_n-150x150.jpg\" class=\"attachment-thumbnail size-thumbnail\" alt=\"\" aria-describedby=\"gallery-1-254086\" \/><\/a>\n\t\t\t\t<\/dt>\n\t\t\t\t\t<dd class='wp-caption-text gallery-caption' id='gallery-1-254086'>\n\t\t\t\t\tFOTO ARTICOLO 21 SU FACEBOOK\n\t\t\t\t\t<\/dd><\/dl><dl class='gallery-item'>\n\t\t\t\t<dt class='gallery-icon portrait'>\n\t\t\t\t\t<a class=\"rollover rollover-zoom dt-pswp-item\" title=\"271182739_381805070417296_7441406221035729928_n\" data-dt-img-description=\"\" data-large_image_width=\"720\" data-large_image_height=\"960\"href='https:\/\/www.radiopiu.net\/wordpress\/wp-content\/uploads\/2022\/01\/271182739_381805070417296_7441406221035729928_n.jpg'><img loading=\"lazy\" decoding=\"async\" width=\"150\" height=\"150\" src=\"https:\/\/www.radiopiu.net\/wordpress\/wp-content\/uploads\/2022\/01\/271182739_381805070417296_7441406221035729928_n-150x150.jpg\" class=\"attachment-thumbnail size-thumbnail\" alt=\"\" aria-describedby=\"gallery-1-254087\" \/><\/a>\n\t\t\t\t<\/dt>\n\t\t\t\t\t<dd class='wp-caption-text gallery-caption' id='gallery-1-254087'>\n\t\t\t\t\tFOTO ARTICOLO 21 SU FACEBOOK di Sonia Comiotto\n\t\t\t\t\t<\/dd><\/dl><br style=\"clear: both\" \/><dl class='gallery-item'>\n\t\t\t\t<dt class='gallery-icon landscape'>\n\t\t\t\t\t<a class=\"rollover rollover-zoom dt-pswp-item\" title=\"4d9d216c-0941-4a43-90ba-b689f93a4258\" data-dt-img-description=\"\" data-large_image_width=\"1280\" data-large_image_height=\"960\"href='https:\/\/www.radiopiu.net\/wordpress\/wp-content\/uploads\/2022\/01\/4d9d216c-0941-4a43-90ba-b689f93a4258.jpg'><img loading=\"lazy\" decoding=\"async\" width=\"150\" height=\"150\" src=\"https:\/\/www.radiopiu.net\/wordpress\/wp-content\/uploads\/2022\/01\/4d9d216c-0941-4a43-90ba-b689f93a4258-150x150.jpg\" class=\"attachment-thumbnail size-thumbnail\" alt=\"\" \/><\/a>\n\t\t\t\t<\/dt><\/dl><dl class='gallery-item'>\n\t\t\t\t<dt class='gallery-icon landscape'>\n\t\t\t\t\t<a class=\"rollover rollover-zoom dt-pswp-item\" title=\"185cc4bc-5c62-4d0d-98b8-c6832efbdd3f\" data-dt-img-description=\"\" data-large_image_width=\"1280\" data-large_image_height=\"837\"href='https:\/\/www.radiopiu.net\/wordpress\/wp-content\/uploads\/2022\/01\/185cc4bc-5c62-4d0d-98b8-c6832efbdd3f.jpg'><img loading=\"lazy\" decoding=\"async\" width=\"150\" height=\"150\" src=\"https:\/\/www.radiopiu.net\/wordpress\/wp-content\/uploads\/2022\/01\/185cc4bc-5c62-4d0d-98b8-c6832efbdd3f-150x150.jpg\" class=\"attachment-thumbnail size-thumbnail\" alt=\"\" \/><\/a>\n\t\t\t\t<\/dt><\/dl><dl class='gallery-item'>\n\t\t\t\t<dt class='gallery-icon landscape'>\n\t\t\t\t\t<a class=\"rollover rollover-zoom dt-pswp-item\" title=\"b0e0b6aa-87dc-4017-b644-766513321970\" data-dt-img-description=\"\" data-large_image_width=\"1280\" data-large_image_height=\"960\"href='https:\/\/www.radiopiu.net\/wordpress\/wp-content\/uploads\/2022\/01\/b0e0b6aa-87dc-4017-b644-766513321970.jpg'><img loading=\"lazy\" decoding=\"async\" width=\"150\" height=\"150\" src=\"https:\/\/www.radiopiu.net\/wordpress\/wp-content\/uploads\/2022\/01\/b0e0b6aa-87dc-4017-b644-766513321970-150x150.jpg\" class=\"attachment-thumbnail size-thumbnail\" alt=\"\" \/><\/a>\n\t\t\t\t<\/dt><\/dl><br style=\"clear: both\" \/><dl class='gallery-item'>\n\t\t\t\t<dt class='gallery-icon landscape'>\n\t\t\t\t\t<a class=\"rollover rollover-zoom dt-pswp-item\" title=\"cf84b9e3-797c-4bec-9909-4d882d2433c9\" data-dt-img-description=\"\" data-large_image_width=\"1280\" data-large_image_height=\"873\"href='https:\/\/www.radiopiu.net\/wordpress\/wp-content\/uploads\/2022\/01\/cf84b9e3-797c-4bec-9909-4d882d2433c9.jpg'><img loading=\"lazy\" decoding=\"async\" width=\"150\" height=\"150\" src=\"https:\/\/www.radiopiu.net\/wordpress\/wp-content\/uploads\/2022\/01\/cf84b9e3-797c-4bec-9909-4d882d2433c9-150x150.jpg\" class=\"attachment-thumbnail size-thumbnail\" alt=\"\" \/><\/a>\n\t\t\t\t<\/dt><\/dl><dl class='gallery-item'>\n\t\t\t\t<dt class='gallery-icon landscape'>\n\t\t\t\t\t<a class=\"rollover rollover-zoom dt-pswp-item\" title=\"62e9ae2e-3eab-4219-b0a8-c4acbb95b9d3\" data-dt-img-description=\"\" data-large_image_width=\"1280\" data-large_image_height=\"960\"href='https:\/\/www.radiopiu.net\/wordpress\/wp-content\/uploads\/2022\/01\/62e9ae2e-3eab-4219-b0a8-c4acbb95b9d3.jpg'><img loading=\"lazy\" decoding=\"async\" width=\"150\" height=\"150\" src=\"https:\/\/www.radiopiu.net\/wordpress\/wp-content\/uploads\/2022\/01\/62e9ae2e-3eab-4219-b0a8-c4acbb95b9d3-150x150.jpg\" class=\"attachment-thumbnail size-thumbnail\" alt=\"\" \/><\/a>\n\t\t\t\t<\/dt><\/dl><dl class='gallery-item'>\n\t\t\t\t<dt class='gallery-icon landscape'>\n\t\t\t\t\t<a class=\"rollover rollover-zoom dt-pswp-item\" title=\"75cd7812-b841-4dd9-a6f2-9ef0539ef02c\" data-dt-img-description=\"\" data-large_image_width=\"1280\" data-large_image_height=\"858\"href='https:\/\/www.radiopiu.net\/wordpress\/wp-content\/uploads\/2022\/01\/75cd7812-b841-4dd9-a6f2-9ef0539ef02c.jpg'><img loading=\"lazy\" decoding=\"async\" width=\"150\" height=\"150\" src=\"https:\/\/www.radiopiu.net\/wordpress\/wp-content\/uploads\/2022\/01\/75cd7812-b841-4dd9-a6f2-9ef0539ef02c-150x150.jpg\" class=\"attachment-thumbnail size-thumbnail\" alt=\"\" \/><\/a>\n\t\t\t\t<\/dt><\/dl><br style=\"clear: both\" \/>\n\t\t\t<\/div>\n\n<p><strong>\u00a0<\/strong><\/p>\n<p><strong>SANTA GIUSTINA<\/strong> Stamane intervento dei vigili del fuoco a Santa Giustina per lo spegnimento di una legnaia<\/p>\n<p>&nbsp;<\/p>\n<p>&nbsp;<\/p>\n<p>&nbsp;<\/p>\n<p>*****<\/p>\n","protected":false},"excerpt":{"rendered":"<p>FELTRE Adis Zatta, assessore del comune di Feltre alla Protezione Civile, ricorda l&#8217;amico Ivan Gaio, l&#8217;uomo che ha perso la vita nell&#8217;incendio del pomeriggio &nbsp; Nel tentativo di spegnere l&#8217;incendio muore sopraffatto dal fumo FELTRE\u00a0 E&#8217; purtroppo drammatico l&#8217;epilogo dell&#8217;incendio del primo pomeriggio. Un uomo Ivan Gaio 52 anni, residente a Pedavena\u00a0 ha perso la&hellip;<\/p>\n","protected":false},"author":4,"featured_media":254148,"comment_status":"closed","ping_status":"open","sticky":false,"template":"","format":"standard","meta":{"_monsterinsights_skip_tracking":false,"_monsterinsights_sitenote_active":false,"_monsterinsights_sitenote_note":"","_monsterinsights_sitenote_category":0,"footnotes":""},"categories":[51,49],"tags":[],"class_list":["post-254156","post","type-post","status-publish","format-standard","has-post-thumbnail","hentry","category-evidenza-top","category-news-18","category-51","category-49","description-off"],"img_url":"https:\/\/www.radiopiu.net\/wordpress\/wp-content\/uploads\/2022\/01\/f588b0aa-6568-4e73-a197-3cd14ac699af.jpg","_links":{"self":[{"href":"https:\/\/www.radiopiu.net\/wordpress\/wp-json\/wp\/v2\/posts\/254156","targetHints":{"allow":["GET"]}}],"collection":[{"href":"https:\/\/www.radiopiu.net\/wordpress\/wp-json\/wp\/v2\/posts"}],"about":[{"href":"https:\/\/www.radiopiu.net\/wordpress\/wp-json\/wp\/v2\/types\/post"}],"author":[{"embeddable":true,"href":"https:\/\/www.radiopiu.net\/wordpress\/wp-json\/wp\/v2\/users\/4"}],"replies":[{"embeddable":true,"href":"https:\/\/www.radiopiu.net\/wordpress\/wp-json\/wp\/v2\/comments?post=254156"}],"version-history":[{"count":0,"href":"https:\/\/www.radiopiu.net\/wordpress\/wp-json\/wp\/v2\/posts\/254156\/revisions"}],"wp:featuredmedia":[{"embeddable":true,"href":"https:\/\/www.radiopiu.net\/wordpress\/wp-json\/wp\/v2\/media\/254148"}],"wp:attachment":[{"href":"https:\/\/www.radiopiu.net\/wordpress\/wp-json\/wp\/v2\/media?parent=254156"}],"wp:term":[{"taxonomy":"category","embeddable":true,"href":"https:\/\/www.radiopiu.net\/wordpress\/wp-json\/wp\/v2\/categories?post=254156"},{"taxonomy":"post_tag","embeddable":true,"href":"https:\/\/www.radiopiu.net\/wordpress\/wp-json\/wp\/v2\/tags?post=254156"}],"curies":[{"name":"wp","href":"https:\/\/api.w.org\/{rel}","templated":true}]}}