{"id":254232,"date":"2022-01-15T05:56:53","date_gmt":"2022-01-15T04:56:53","guid":{"rendered":"https:\/\/www.radiopiu.net\/wordpress\/?p=254232"},"modified":"2022-01-15T06:16:58","modified_gmt":"2022-01-15T05:16:58","slug":"casparetha-la-sfida-rinvio-a-febbraio","status":"publish","type":"post","link":"https:\/\/www.radiopiu.net\/wordpress\/casparetha-la-sfida-rinvio-a-febbraio\/","title":{"rendered":"CASPARETHA, LA SFIDA: RINVIO A FEBBRAIO"},"content":{"rendered":"<p><a href=\"https:\/\/www.radiopiu.net\/wordpress\/casparetha-la-sfida-rinvio-a-febbraio\/269798708_1561040320928984_1386323577856839675_n\/\" rel=\"attachment wp-att-254233\"><img loading=\"lazy\" decoding=\"async\" class=\" wp-image-254233 alignleft\" src=\"https:\/\/www.radiopiu.net\/wordpress\/wp-content\/uploads\/2022\/01\/269798708_1561040320928984_1386323577856839675_n-273x300.jpg\" alt=\"\" width=\"192\" height=\"211\" srcset=\"https:\/\/www.radiopiu.net\/wordpress\/wp-content\/uploads\/2022\/01\/269798708_1561040320928984_1386323577856839675_n-273x300.jpg 273w, https:\/\/www.radiopiu.net\/wordpress\/wp-content\/uploads\/2022\/01\/269798708_1561040320928984_1386323577856839675_n.jpg 526w\" sizes=\"auto, (max-width: 192px) 100vw, 192px\" \/><\/a><strong>CANALE D&#8217;AGORDO<\/strong> Slitta a febbraio la Casparetha,\u00a0 singolare competeizione con sci e ciaspe sul tracciato innevato che collega Piazza Papa Luciani a Canale d&#8217;Agordo con la localit\u00e0 di Pian de Sabion, in Valle di Gares. L&#8217;edizione 2022 era fissata infatti gi\u00e0 da tempo per il 5 febbraio, con l&#8217;apertura delle iscrizioni programmata per il 10 gennaio. Nei giorni scorsi, per\u00f2, \u00e8 arrivata la decisione di rinviare l&#8217;appuntamento pi\u00f9 avanti, al 26 febbraio. Una stringata comunicazione degli organizzatori, sulla pagina Facebook dell&#8217;evento, ha sottolineato che la decisione \u00e8 stata presa alla luce delle nuove restrizioni legate alla situazione pandemica.<\/p>\n","protected":false},"excerpt":{"rendered":"<p>CANALE D&#8217;AGORDO Slitta a febbraio la Casparetha,\u00a0 singolare competeizione con sci e ciaspe sul tracciato innevato che collega Piazza Papa Luciani a Canale d&#8217;Agordo con la localit\u00e0 di Pian de Sabion, in Valle di Gares. L&#8217;edizione 2022 era fissata infatti gi\u00e0 da tempo per il 5 febbraio, con l&#8217;apertura delle iscrizioni programmata per il 10&hellip;<\/p>\n","protected":false},"author":4,"featured_media":254234,"comment_status":"closed","ping_status":"open","sticky":false,"template":"","format":"standard","meta":{"_monsterinsights_skip_tracking":false,"_monsterinsights_sitenote_active":false,"_monsterinsights_sitenote_note":"","_monsterinsights_sitenote_category":0,"footnotes":""},"categories":[104,49],"tags":[],"class_list":["post-254232","post","type-post","status-publish","format-standard","has-post-thumbnail","hentry","category-evidenza_3","category-news-18","category-104","category-49","description-off"],"img_url":"https:\/\/www.radiopiu.net\/wordpress\/wp-content\/uploads\/2022\/01\/261331515_1544267815939568_6531223251131430249_n.jpg","_links":{"self":[{"href":"https:\/\/www.radiopiu.net\/wordpress\/wp-json\/wp\/v2\/posts\/254232","targetHints":{"allow":["GET"]}}],"collection":[{"href":"https:\/\/www.radiopiu.net\/wordpress\/wp-json\/wp\/v2\/posts"}],"about":[{"href":"https:\/\/www.radiopiu.net\/wordpress\/wp-json\/wp\/v2\/types\/post"}],"author":[{"embeddable":true,"href":"https:\/\/www.radiopiu.net\/wordpress\/wp-json\/wp\/v2\/users\/4"}],"replies":[{"embeddable":true,"href":"https:\/\/www.radiopiu.net\/wordpress\/wp-json\/wp\/v2\/comments?post=254232"}],"version-history":[{"count":0,"href":"https:\/\/www.radiopiu.net\/wordpress\/wp-json\/wp\/v2\/posts\/254232\/revisions"}],"wp:featuredmedia":[{"embeddable":true,"href":"https:\/\/www.radiopiu.net\/wordpress\/wp-json\/wp\/v2\/media\/254234"}],"wp:attachment":[{"href":"https:\/\/www.radiopiu.net\/wordpress\/wp-json\/wp\/v2\/media?parent=254232"}],"wp:term":[{"taxonomy":"category","embeddable":true,"href":"https:\/\/www.radiopiu.net\/wordpress\/wp-json\/wp\/v2\/categories?post=254232"},{"taxonomy":"post_tag","embeddable":true,"href":"https:\/\/www.radiopiu.net\/wordpress\/wp-json\/wp\/v2\/tags?post=254232"}],"curies":[{"name":"wp","href":"https:\/\/api.w.org\/{rel}","templated":true}]}}