{"id":254327,"date":"2022-01-15T10:49:53","date_gmt":"2022-01-15T09:49:53","guid":{"rendered":"https:\/\/www.radiopiu.net\/wordpress\/?p=254327"},"modified":"2022-01-15T10:49:53","modified_gmt":"2022-01-15T09:49:53","slug":"le-piccole-imprese-pagano-lenergia-elettrica-il-75-e-il-gas-il-133-in-piu-delle-grandi","status":"publish","type":"post","link":"https:\/\/www.radiopiu.net\/wordpress\/le-piccole-imprese-pagano-lenergia-elettrica-il-75-e-il-gas-il-133-in-piu-delle-grandi\/","title":{"rendered":"LE PICCOLE IMPRESE PAGANO L\u2019ENERGIA ELETTRICA IL 75 % E IL GAS IL 133% IN PIU\u2019 DELLE GRANDI."},"content":{"rendered":"<p><strong>PER ABBASSARE I COSTI, MOLTE LAVORANO DI NOTTE<\/strong><\/p>\n<p class=\"p1\">Il caro energia sta colpendo indistintamente tutte le nostre imprese, anche se le piccole, ben prima degli aumenti boom registrati negli ultimi mesi, subiscono un trattamento di \u201csfavore\u201d rispetto alle grandi realt\u00e0 produttive.<\/p>\n<p class=\"p1\">Secondo gli ultimi dati Eurostat relativi al primo semestre 2021, infatti, le piccole aziende pagano l\u2019energia elettrica il 75,6 per cento e il gas addirittura il 133,5 per cento in pi\u00f9 delle grandi . Questo<\/p>\n<p class=\"p1\">differenziale, a scapito dei piccoli, colpisce anche le realt\u00e0 di pari dimensioni presenti nel resto d\u2019Europa, sebbene negli altri Paesi questo gap sia pi\u00f9 contenuto del nostro (vedi Tab. 1 e Tab. 2).<\/p>\n<p class=\"p1\">Se ancora ce ne fosse bisogno, questa \u00e8 un\u2019ulteriore dimostrazione che il nostro Paese non \u00e8<span class=\"Apple-converted-space\">\u00a0 <\/span>a misura di piccole imprese. Sebbene queste ultime costituiscono oltre il 99 per cento delle aziende presenti in Italia, diano<\/p>\n<p>lavoro ad oltre il 60 per cento degli addetti del settore privato e siano la componente caratterizzante il made in Italy nel mondo, continuano ad essere ingiustificatamente discriminate.<\/p>\n<p><strong>Ormai si lavora di notte<\/strong><br \/>\nIn questa prima settimana di rientro dopo le vacanze natalizie, ad esempio, molte di queste realt\u00e0 hanno deciso di introdurre o di potenziare il turno di notte per abbattere i costi energetici. Pertanto, tra assenze legate al Covid e la necessit\u00e0 di rimodulare il ciclo produttivo per tagliare il costo delle bollette, non sono poche le attivit\u00e0 che hanno organici ridotti all\u2019osso e grosse difficolt\u00e0 a garantire processi produttivi efficienti.<\/p>\n<p><strong>Le misure introdotte dal Governo Draghi<\/strong><br \/>\nPer abbattere i costi delle bollette di luce e gas il Governo Draghi a messo a punto una serie di interventi che sono entrati in vigore nella seconda parte del 2021, per un importo complessivo pari a 8,5 miliardi di euro. I principali sono:<br \/>\na) la conferma dell&#8217;azzeramento degli oneri generali di sistema applicato alle utenze elettriche domestiche e alle utenze non domestiche in bassa tensione, per altri usi, con potenza disponibile fino a 16,5 kW e la sostanziale riduzione degli oneri per le restanti utenze elettriche non domestiche;<\/p>\n<p>b) per tutte le utenze la riduzione dell&#8217;Iva al 5 per cento del il gas naturale;<\/p>\n<p>c) l&#8217;annullamento, gi\u00e0 previsto nel quarto trimestre 2021, degli oneri di sistema per il gas naturale, per tutte le utenze, domestiche e non domestiche;<\/p>\n<p>d) il potenziamento del bonus applicato ai clienti domestici del settore elettrico e del gas naturale in condizione economicamente svantaggiata ed ai clienti domestici in gravi condizioni di salute (vedi Tab. 3).<\/p>\n<p><strong>Perch\u00e9 i piccoli sono pi\u00f9 penalizzati<\/strong><br \/>\nIn merito alle tariffe dell\u2019energia elettrica, ad aver aumentato lo storico differenziale tra piccole e grandi imprese ha contribuito l\u2019entrata in vigore, dal primo gennaio 2018, della riforma degli energivori. L\u2019effetto prodotto da questa novit\u00e0 legislativa, che prevede un costo agevolato dell\u2019energia elettrica per le grandi industrie, di fatto ha azzerato a queste ultime la voce \u201cOneri e Imposte\u201d, ridistribuendola a carico di tutte le altre categorie di imprese escluse dalle agevolazioni. E\u2019 altres\u00ec vero che a seguito delle misure messe in campo dal Governo Draghi nella seconda parte del 2021, questo gap si \u00e8 leggermente ridotto. Per quanto concerne il gas, invece, il divario tariffario \u00e8 riconducibile al fatto che tutte le grandi imprese ricevono dai fornitori delle offerte personalizzate con un prezzo stabilito su misura e sulla base delle proprie necessit\u00e0. Pertanto, in sede di trattativa, il peso dei consumi \u00e8 determinante per \u201cstrappare\u201d al fornitore una tariffa molto vantaggiosa. Possibilit\u00e0 che, ovviamente, alle piccole imprese \u00e8 preclusa. Va altres\u00ec ricordato che nel mercato libero le offerte di prezzo possono interessare solo la componente energia; le altre voci di spesa &#8211; come le spese di trasporto, gli oneri di sistema, la gestione del contatore etc. &#8211; sono stabilite periodicamente dall\u2019Autorit\u00e0 per l\u2019Energia e sono uguali per tutti i fornitori.<\/p>\n<p><strong>Anche in Europa paghiamo di pi\u00f9<\/strong><br \/>\nConcentrando l\u2019attenzione solo sulle piccole imprese, dal confronto con le realt\u00e0 produttive europee di pari dimensione emerge che in Italia i costi energetici sono tra i pi\u00f9 elevati. Tra tutti i paesi dell\u2019Area euro, infatti, solo rispetto alla Germania le nostre imprese pagano in meno (del 12,6 per cento). Rispetto alla media europea, invece, i nostri piccoli imprenditori pagano mediamente il 15 per cento in pi\u00f9 (vedi Tab. 4). Quando analizziamo il costo del gas, invece, tra i Paesi dell\u2019Area euro le Pmi italiane sono al terzo posto (dopo Finlandia e Portogallo) per la tariffa pi\u00f9 elevata. Se, come abbiamo riportato pi\u00f9 sopra, quella mediamente applicata nel nostro Paese per ogni MWh (Iva esclusa) consumati \u00e8 pari a 53,7 euro, registriamo una variazione di prezzo rispetto alla media dei paesi che utilizzano la moneta unica del +7,6 per cento (vedi Tab. 5).<\/p>\n<p><strong>L\u2019incidenza delle imposte \u00e8 al top<\/strong><br \/>\nAssieme all\u2019andamento del costo della materia prima, in Italia la componente fiscale \u00e8 l\u2019altra voce che contribuisce in maniera determinante ad innalzare il costo delle tariffe. Sempre nel primo semestre 2021, per la bolletta elettrica, ad esempio, in riferimento alle piccole imprese il 40,7 per cento del costo totale \u00e8 riconducibile a tasse e oneri: la media dell\u2019Area euro, invece, \u00e8 del 35,7 per cento. Per quella del gas, invece, se in Italia l\u2019incidenza percentuale della tassazione sul costo totale a carico delle piccole aziende \u00e8 del 27 per cento, nell\u2019Area euro si attesta attorno al 25 per cento. Come segnalavamo pi\u00f9 sopra, va comunque ricordato che a seguito delle misure messe in campo dal Governo Draghi, l\u2019incidenza del peso del fisco sul costo complessivo delle tariffe energetiche \u00e8 leggermente diminuito.<\/p>\n\n\t\t\t<style type='text\/css'>\n\t\t\t\t#gallery-1 {\n\t\t\t\t\tmargin: auto;\n\t\t\t\t}\n\t\t\t\t#gallery-1 .gallery-item {\n\t\t\t\t\tfloat: left;\n\t\t\t\t\tmargin-top: 10px;\n\t\t\t\t\ttext-align: center;\n\t\t\t\t\twidth: 33%;\n\t\t\t\t}\n\t\t\t\t#gallery-1 img {\n\t\t\t\t\tborder: 2px solid #cfcfcf;\n\t\t\t\t}\n\t\t\t\t#gallery-1 .gallery-caption {\n\t\t\t\t\tmargin-left: 0;\n\t\t\t\t}\n\t\t\t\t\/* see gallery_shortcode() in wp-includes\/media.php *\/\n\t\t\t<\/style>\n\t\t<div id='gallery-1' class='dt-gallery-container gallery galleryid-254327 gallery-columns-3 gallery-size-medium'><dl class='gallery-item'>\n\t\t\t\t<dt class='gallery-icon landscape'>\n\t\t\t\t\t<a class=\"rollover\" href='https:\/\/www.radiopiu.net\/wordpress\/le-piccole-imprese-pagano-lenergia-elettrica-il-75-e-il-gas-il-133-in-piu-delle-grandi\/schermata-2022-01-15-alle-10-45-01\/'><img loading=\"lazy\" decoding=\"async\" width=\"300\" height=\"163\" src=\"https:\/\/www.radiopiu.net\/wordpress\/wp-content\/uploads\/2022\/01\/Schermata-2022-01-15-alle-10.45.01-300x163.png\" class=\"attachment-medium size-medium\" alt=\"\" srcset=\"https:\/\/www.radiopiu.net\/wordpress\/wp-content\/uploads\/2022\/01\/Schermata-2022-01-15-alle-10.45.01-300x163.png 300w, https:\/\/www.radiopiu.net\/wordpress\/wp-content\/uploads\/2022\/01\/Schermata-2022-01-15-alle-10.45.01-1024x555.png 1024w, https:\/\/www.radiopiu.net\/wordpress\/wp-content\/uploads\/2022\/01\/Schermata-2022-01-15-alle-10.45.01-768x416.png 768w, https:\/\/www.radiopiu.net\/wordpress\/wp-content\/uploads\/2022\/01\/Schermata-2022-01-15-alle-10.45.01.png 1192w\" sizes=\"auto, (max-width: 300px) 100vw, 300px\" \/><\/a>\n\t\t\t\t<\/dt><\/dl><dl class='gallery-item'>\n\t\t\t\t<dt class='gallery-icon landscape'>\n\t\t\t\t\t<a class=\"rollover\" href='https:\/\/www.radiopiu.net\/wordpress\/le-piccole-imprese-pagano-lenergia-elettrica-il-75-e-il-gas-il-133-in-piu-delle-grandi\/schermata-2022-01-15-alle-10-45-12\/'><img loading=\"lazy\" decoding=\"async\" width=\"300\" height=\"163\" src=\"https:\/\/www.radiopiu.net\/wordpress\/wp-content\/uploads\/2022\/01\/Schermata-2022-01-15-alle-10.45.12-300x163.png\" class=\"attachment-medium size-medium\" alt=\"\" srcset=\"https:\/\/www.radiopiu.net\/wordpress\/wp-content\/uploads\/2022\/01\/Schermata-2022-01-15-alle-10.45.12-300x163.png 300w, https:\/\/www.radiopiu.net\/wordpress\/wp-content\/uploads\/2022\/01\/Schermata-2022-01-15-alle-10.45.12-1024x555.png 1024w, https:\/\/www.radiopiu.net\/wordpress\/wp-content\/uploads\/2022\/01\/Schermata-2022-01-15-alle-10.45.12-768x416.png 768w, https:\/\/www.radiopiu.net\/wordpress\/wp-content\/uploads\/2022\/01\/Schermata-2022-01-15-alle-10.45.12.png 1192w\" sizes=\"auto, (max-width: 300px) 100vw, 300px\" \/><\/a>\n\t\t\t\t<\/dt><\/dl><dl class='gallery-item'>\n\t\t\t\t<dt class='gallery-icon portrait'>\n\t\t\t\t\t<a class=\"rollover\" href='https:\/\/www.radiopiu.net\/wordpress\/le-piccole-imprese-pagano-lenergia-elettrica-il-75-e-il-gas-il-133-in-piu-delle-grandi\/schermata-2022-01-15-alle-10-45-39\/'><img loading=\"lazy\" decoding=\"async\" width=\"220\" height=\"300\" src=\"https:\/\/www.radiopiu.net\/wordpress\/wp-content\/uploads\/2022\/01\/Schermata-2022-01-15-alle-10.45.39-220x300.png\" class=\"attachment-medium size-medium\" alt=\"\" srcset=\"https:\/\/www.radiopiu.net\/wordpress\/wp-content\/uploads\/2022\/01\/Schermata-2022-01-15-alle-10.45.39-220x300.png 220w, https:\/\/www.radiopiu.net\/wordpress\/wp-content\/uploads\/2022\/01\/Schermata-2022-01-15-alle-10.45.39-752x1024.png 752w, https:\/\/www.radiopiu.net\/wordpress\/wp-content\/uploads\/2022\/01\/Schermata-2022-01-15-alle-10.45.39-768x1046.png 768w, https:\/\/www.radiopiu.net\/wordpress\/wp-content\/uploads\/2022\/01\/Schermata-2022-01-15-alle-10.45.39-1128x1536.png 1128w, https:\/\/www.radiopiu.net\/wordpress\/wp-content\/uploads\/2022\/01\/Schermata-2022-01-15-alle-10.45.39.png 1200w\" sizes=\"auto, (max-width: 220px) 100vw, 220px\" \/><\/a>\n\t\t\t\t<\/dt><\/dl><br style=\"clear: both\" \/><dl class='gallery-item'>\n\t\t\t\t<dt class='gallery-icon portrait'>\n\t\t\t\t\t<a class=\"rollover\" href='https:\/\/www.radiopiu.net\/wordpress\/le-piccole-imprese-pagano-lenergia-elettrica-il-75-e-il-gas-il-133-in-piu-delle-grandi\/schermata-2022-01-15-alle-10-46-13\/'><img loading=\"lazy\" decoding=\"async\" width=\"282\" height=\"300\" src=\"https:\/\/www.radiopiu.net\/wordpress\/wp-content\/uploads\/2022\/01\/Schermata-2022-01-15-alle-10.46.13-282x300.png\" class=\"attachment-medium size-medium\" alt=\"\" srcset=\"https:\/\/www.radiopiu.net\/wordpress\/wp-content\/uploads\/2022\/01\/Schermata-2022-01-15-alle-10.46.13-282x300.png 282w, https:\/\/www.radiopiu.net\/wordpress\/wp-content\/uploads\/2022\/01\/Schermata-2022-01-15-alle-10.46.13-961x1024.png 961w, https:\/\/www.radiopiu.net\/wordpress\/wp-content\/uploads\/2022\/01\/Schermata-2022-01-15-alle-10.46.13-768x818.png 768w, https:\/\/www.radiopiu.net\/wordpress\/wp-content\/uploads\/2022\/01\/Schermata-2022-01-15-alle-10.46.13.png 1158w\" sizes=\"auto, (max-width: 282px) 100vw, 282px\" \/><\/a>\n\t\t\t\t<\/dt><\/dl><dl class='gallery-item'>\n\t\t\t\t<dt class='gallery-icon portrait'>\n\t\t\t\t\t<a class=\"rollover\" href='https:\/\/www.radiopiu.net\/wordpress\/le-piccole-imprese-pagano-lenergia-elettrica-il-75-e-il-gas-il-133-in-piu-delle-grandi\/schermata-2022-01-15-alle-10-45-58\/'><img loading=\"lazy\" decoding=\"async\" width=\"263\" height=\"300\" src=\"https:\/\/www.radiopiu.net\/wordpress\/wp-content\/uploads\/2022\/01\/Schermata-2022-01-15-alle-10.45.58-263x300.png\" class=\"attachment-medium size-medium\" alt=\"\" srcset=\"https:\/\/www.radiopiu.net\/wordpress\/wp-content\/uploads\/2022\/01\/Schermata-2022-01-15-alle-10.45.58-263x300.png 263w, https:\/\/www.radiopiu.net\/wordpress\/wp-content\/uploads\/2022\/01\/Schermata-2022-01-15-alle-10.45.58-898x1024.png 898w, https:\/\/www.radiopiu.net\/wordpress\/wp-content\/uploads\/2022\/01\/Schermata-2022-01-15-alle-10.45.58-768x876.png 768w, https:\/\/www.radiopiu.net\/wordpress\/wp-content\/uploads\/2022\/01\/Schermata-2022-01-15-alle-10.45.58.png 1200w\" sizes=\"auto, (max-width: 263px) 100vw, 263px\" \/><\/a>\n\t\t\t\t<\/dt><\/dl>\n\t\t\t\t<br style='clear: both' \/>\n\t\t\t<\/div>\n\n","protected":false},"excerpt":{"rendered":"<p>PER ABBASSARE I COSTI, MOLTE LAVORANO DI NOTTE Il caro energia sta colpendo indistintamente tutte le nostre imprese, anche se le piccole, ben prima degli aumenti boom registrati negli ultimi mesi, subiscono un trattamento di \u201csfavore\u201d rispetto alle grandi realt\u00e0 produttive. Secondo gli ultimi dati Eurostat relativi al primo semestre 2021, infatti, le piccole aziende&hellip;<\/p>\n","protected":false},"author":2,"featured_media":55431,"comment_status":"closed","ping_status":"open","sticky":false,"template":"","format":"standard","meta":{"_monsterinsights_skip_tracking":false,"_monsterinsights_sitenote_active":false,"_monsterinsights_sitenote_note":"","_monsterinsights_sitenote_category":0,"footnotes":""},"categories":[49],"tags":[],"class_list":["post-254327","post","type-post","status-publish","format-standard","has-post-thumbnail","hentry","category-news-18","category-49","description-off"],"img_url":"https:\/\/www.radiopiu.net\/wordpress\/wp-content\/uploads\/2018\/07\/euro-870758_1280.jpg","_links":{"self":[{"href":"https:\/\/www.radiopiu.net\/wordpress\/wp-json\/wp\/v2\/posts\/254327","targetHints":{"allow":["GET"]}}],"collection":[{"href":"https:\/\/www.radiopiu.net\/wordpress\/wp-json\/wp\/v2\/posts"}],"about":[{"href":"https:\/\/www.radiopiu.net\/wordpress\/wp-json\/wp\/v2\/types\/post"}],"author":[{"embeddable":true,"href":"https:\/\/www.radiopiu.net\/wordpress\/wp-json\/wp\/v2\/users\/2"}],"replies":[{"embeddable":true,"href":"https:\/\/www.radiopiu.net\/wordpress\/wp-json\/wp\/v2\/comments?post=254327"}],"version-history":[{"count":0,"href":"https:\/\/www.radiopiu.net\/wordpress\/wp-json\/wp\/v2\/posts\/254327\/revisions"}],"wp:featuredmedia":[{"embeddable":true,"href":"https:\/\/www.radiopiu.net\/wordpress\/wp-json\/wp\/v2\/media\/55431"}],"wp:attachment":[{"href":"https:\/\/www.radiopiu.net\/wordpress\/wp-json\/wp\/v2\/media?parent=254327"}],"wp:term":[{"taxonomy":"category","embeddable":true,"href":"https:\/\/www.radiopiu.net\/wordpress\/wp-json\/wp\/v2\/categories?post=254327"},{"taxonomy":"post_tag","embeddable":true,"href":"https:\/\/www.radiopiu.net\/wordpress\/wp-json\/wp\/v2\/tags?post=254327"}],"curies":[{"name":"wp","href":"https:\/\/api.w.org\/{rel}","templated":true}]}}