{"id":254353,"date":"2022-01-15T15:09:27","date_gmt":"2022-01-15T14:09:27","guid":{"rendered":"https:\/\/www.radiopiu.net\/wordpress\/?p=254353"},"modified":"2022-01-15T15:09:27","modified_gmt":"2022-01-15T14:09:27","slug":"il-nuovo-camion-multifunzionale-della-protezione-civile-di-auronzo-di-cadore","status":"publish","type":"post","link":"https:\/\/www.radiopiu.net\/wordpress\/il-nuovo-camion-multifunzionale-della-protezione-civile-di-auronzo-di-cadore\/","title":{"rendered":"IL NUOVO CAMION MULTIFUNZIONALE DELLA PROTEZIONE CIVILE DI AURONZO DI CADORE"},"content":{"rendered":"<p><strong>AURONZO DI CADORE<\/strong> Inaugurato ad Auronzo di Cadore il nuovo camion multifunzionale della Protezione Civile acquistato con i contributi della Ragione Veneto. &#8220;<em>Un gruppo che in questi anni ha sempre dimostrato operativit\u00e0, tempestivit\u00e0 e preparazione non solo nell&#8217;antincendio boschivo, dove hanno una speciale competenza, ma in ogni ambito della Protezione Civile &#8211; ha detto l&#8217;assessore regionale Gianpaolo Bottacin &#8211;\u00a0 Con questo nuovo mezzo, che sar\u00e0 a disposizione anche della colonna mobile regionale per le grandi calamit\u00e0, aumentiamo ulteriormente l&#8217;operativit\u00e0 del servizio generale di Protezione Civile attraverso un gruppo che utilizzeremo a pieno, spero il pi\u00f9 possibile per interventi di prevenzione pi\u00f9 che di che emergenza. La mattinata odierna per me \u00e8 stata poi l&#8217;occasione anche per un nuovo ringraziamento in generale a tutti i volontari della Protezione Civile, che in questi anni sono stati costantemente operativi per tutte le calamit\u00e0 che si sono succedute. Anche nell&#8217;emergenza coronavirus come supporto logistico alla sanit\u00e0, con le loro 380mila giornate di lavoro donate alla collettivit\u00e0, i volontari veneti hanno dimostrato di non avere eguali in Italia<\/em>&#8220;. <em>(foto pagina Facebook Gianpaolo Bottacin)<\/em><\/p>\n\n\t\t\t<style type='text\/css'>\n\t\t\t\t#gallery-1 {\n\t\t\t\t\tmargin: auto;\n\t\t\t\t}\n\t\t\t\t#gallery-1 .gallery-item {\n\t\t\t\t\tfloat: left;\n\t\t\t\t\tmargin-top: 10px;\n\t\t\t\t\ttext-align: center;\n\t\t\t\t\twidth: 33%;\n\t\t\t\t}\n\t\t\t\t#gallery-1 img {\n\t\t\t\t\tborder: 2px solid #cfcfcf;\n\t\t\t\t}\n\t\t\t\t#gallery-1 .gallery-caption {\n\t\t\t\t\tmargin-left: 0;\n\t\t\t\t}\n\t\t\t\t\/* see gallery_shortcode() in wp-includes\/media.php *\/\n\t\t\t<\/style>\n\t\t<div id='gallery-1' class='dt-gallery-container gallery galleryid-254353 gallery-columns-3 gallery-size-medium'><dl class='gallery-item'>\n\t\t\t\t<dt class='gallery-icon landscape'>\n\t\t\t\t\t<a class=\"rollover rollover-zoom dt-pswp-item\" title=\"271887124_10158622976547544_3484127757007106180_n-1\" data-dt-img-description=\"\" data-large_image_width=\"1227\" data-large_image_height=\"720\"href='https:\/\/www.radiopiu.net\/wordpress\/wp-content\/uploads\/2022\/01\/271887124_10158622976547544_3484127757007106180_n-1.jpg'><img loading=\"lazy\" decoding=\"async\" width=\"300\" height=\"176\" src=\"https:\/\/www.radiopiu.net\/wordpress\/wp-content\/uploads\/2022\/01\/271887124_10158622976547544_3484127757007106180_n-1-300x176.jpg\" class=\"attachment-medium size-medium\" alt=\"\" srcset=\"https:\/\/www.radiopiu.net\/wordpress\/wp-content\/uploads\/2022\/01\/271887124_10158622976547544_3484127757007106180_n-1-300x176.jpg 300w, https:\/\/www.radiopiu.net\/wordpress\/wp-content\/uploads\/2022\/01\/271887124_10158622976547544_3484127757007106180_n-1-1024x601.jpg 1024w, https:\/\/www.radiopiu.net\/wordpress\/wp-content\/uploads\/2022\/01\/271887124_10158622976547544_3484127757007106180_n-1-768x451.jpg 768w, https:\/\/www.radiopiu.net\/wordpress\/wp-content\/uploads\/2022\/01\/271887124_10158622976547544_3484127757007106180_n-1.jpg 1227w\" sizes=\"auto, (max-width: 300px) 100vw, 300px\" \/><\/a>\n\t\t\t\t<\/dt><\/dl><dl class='gallery-item'>\n\t\t\t\t<dt class='gallery-icon landscape'>\n\t\t\t\t\t<a class=\"rollover rollover-zoom dt-pswp-item\" title=\"271733116_10158622976677544_4968122325129578836_n-1\" data-dt-img-description=\"\" data-large_image_width=\"1280\" data-large_image_height=\"960\"href='https:\/\/www.radiopiu.net\/wordpress\/wp-content\/uploads\/2022\/01\/271733116_10158622976677544_4968122325129578836_n-1.jpg'><img loading=\"lazy\" decoding=\"async\" width=\"300\" height=\"225\" src=\"https:\/\/www.radiopiu.net\/wordpress\/wp-content\/uploads\/2022\/01\/271733116_10158622976677544_4968122325129578836_n-1-300x225.jpg\" class=\"attachment-medium size-medium\" alt=\"\" srcset=\"https:\/\/www.radiopiu.net\/wordpress\/wp-content\/uploads\/2022\/01\/271733116_10158622976677544_4968122325129578836_n-1-300x225.jpg 300w, https:\/\/www.radiopiu.net\/wordpress\/wp-content\/uploads\/2022\/01\/271733116_10158622976677544_4968122325129578836_n-1-1024x768.jpg 1024w, https:\/\/www.radiopiu.net\/wordpress\/wp-content\/uploads\/2022\/01\/271733116_10158622976677544_4968122325129578836_n-1-768x576.jpg 768w, https:\/\/www.radiopiu.net\/wordpress\/wp-content\/uploads\/2022\/01\/271733116_10158622976677544_4968122325129578836_n-1.jpg 1280w\" sizes=\"auto, (max-width: 300px) 100vw, 300px\" \/><\/a>\n\t\t\t\t<\/dt><\/dl><dl class='gallery-item'>\n\t\t\t\t<dt class='gallery-icon landscape'>\n\t\t\t\t\t<a class=\"rollover rollover-zoom dt-pswp-item\" title=\"271799181_10158622977102544_5044844821441473944_n\" data-dt-img-description=\"\" data-large_image_width=\"2048\" data-large_image_height=\"1536\"href='https:\/\/www.radiopiu.net\/wordpress\/wp-content\/uploads\/2022\/01\/271799181_10158622977102544_5044844821441473944_n.jpg'><img loading=\"lazy\" decoding=\"async\" width=\"300\" height=\"225\" src=\"https:\/\/www.radiopiu.net\/wordpress\/wp-content\/uploads\/2022\/01\/271799181_10158622977102544_5044844821441473944_n-300x225.jpg\" class=\"attachment-medium size-medium\" alt=\"\" srcset=\"https:\/\/www.radiopiu.net\/wordpress\/wp-content\/uploads\/2022\/01\/271799181_10158622977102544_5044844821441473944_n-300x225.jpg 300w, https:\/\/www.radiopiu.net\/wordpress\/wp-content\/uploads\/2022\/01\/271799181_10158622977102544_5044844821441473944_n-1024x768.jpg 1024w, https:\/\/www.radiopiu.net\/wordpress\/wp-content\/uploads\/2022\/01\/271799181_10158622977102544_5044844821441473944_n-768x576.jpg 768w, https:\/\/www.radiopiu.net\/wordpress\/wp-content\/uploads\/2022\/01\/271799181_10158622977102544_5044844821441473944_n-1536x1152.jpg 1536w, https:\/\/www.radiopiu.net\/wordpress\/wp-content\/uploads\/2022\/01\/271799181_10158622977102544_5044844821441473944_n.jpg 2048w\" sizes=\"auto, (max-width: 300px) 100vw, 300px\" \/><\/a>\n\t\t\t\t<\/dt><\/dl><br style=\"clear: both\" \/>\n\t\t\t<\/div>\n\n<p>&nbsp;<\/p>\n<p>&nbsp;<\/p>\n<p>*****<\/p>\n","protected":false},"excerpt":{"rendered":"<p>AURONZO DI CADORE Inaugurato ad Auronzo di Cadore il nuovo camion multifunzionale della Protezione Civile acquistato con i contributi della Ragione Veneto. &#8220;Un gruppo che in questi anni ha sempre dimostrato operativit\u00e0, tempestivit\u00e0 e preparazione non solo nell&#8217;antincendio boschivo, dove hanno una speciale competenza, ma in ogni ambito della Protezione Civile &#8211; ha detto l&#8217;assessore&hellip;<\/p>\n","protected":false},"author":4,"featured_media":254354,"comment_status":"closed","ping_status":"open","sticky":false,"template":"","format":"standard","meta":{"_monsterinsights_skip_tracking":false,"_monsterinsights_sitenote_active":false,"_monsterinsights_sitenote_note":"","_monsterinsights_sitenote_category":0,"footnotes":""},"categories":[49],"tags":[],"class_list":["post-254353","post","type-post","status-publish","format-standard","has-post-thumbnail","hentry","category-news-18","category-49","description-off"],"img_url":"https:\/\/www.radiopiu.net\/wordpress\/wp-content\/uploads\/2022\/01\/271887124_10158622976547544_3484127757007106180_n-1.jpg","_links":{"self":[{"href":"https:\/\/www.radiopiu.net\/wordpress\/wp-json\/wp\/v2\/posts\/254353","targetHints":{"allow":["GET"]}}],"collection":[{"href":"https:\/\/www.radiopiu.net\/wordpress\/wp-json\/wp\/v2\/posts"}],"about":[{"href":"https:\/\/www.radiopiu.net\/wordpress\/wp-json\/wp\/v2\/types\/post"}],"author":[{"embeddable":true,"href":"https:\/\/www.radiopiu.net\/wordpress\/wp-json\/wp\/v2\/users\/4"}],"replies":[{"embeddable":true,"href":"https:\/\/www.radiopiu.net\/wordpress\/wp-json\/wp\/v2\/comments?post=254353"}],"version-history":[{"count":0,"href":"https:\/\/www.radiopiu.net\/wordpress\/wp-json\/wp\/v2\/posts\/254353\/revisions"}],"wp:featuredmedia":[{"embeddable":true,"href":"https:\/\/www.radiopiu.net\/wordpress\/wp-json\/wp\/v2\/media\/254354"}],"wp:attachment":[{"href":"https:\/\/www.radiopiu.net\/wordpress\/wp-json\/wp\/v2\/media?parent=254353"}],"wp:term":[{"taxonomy":"category","embeddable":true,"href":"https:\/\/www.radiopiu.net\/wordpress\/wp-json\/wp\/v2\/categories?post=254353"},{"taxonomy":"post_tag","embeddable":true,"href":"https:\/\/www.radiopiu.net\/wordpress\/wp-json\/wp\/v2\/tags?post=254353"}],"curies":[{"name":"wp","href":"https:\/\/api.w.org\/{rel}","templated":true}]}}