{"id":254362,"date":"2022-01-15T15:20:46","date_gmt":"2022-01-15T14:20:46","guid":{"rendered":"https:\/\/www.radiopiu.net\/wordpress\/?p=254362"},"modified":"2022-01-15T15:20:47","modified_gmt":"2022-01-15T14:20:47","slug":"longarone-fiere-dolomiti-presenta-il-calendario-2022","status":"publish","type":"post","link":"https:\/\/www.radiopiu.net\/wordpress\/longarone-fiere-dolomiti-presenta-il-calendario-2022\/","title":{"rendered":"LONGARONE FIERE DOLOMITI PRESENTA IL CALENDARIO 2022"},"content":{"rendered":"<p><strong><a href=\"https:\/\/www.radiopiu.net\/wordpress\/longarone-fiere-dolomiti-presenta-il-calendario-2022\/lfd1920x1280\/\" rel=\"attachment wp-att-254364\"><img loading=\"lazy\" decoding=\"async\" class=\"size-medium wp-image-254364 alignleft\" src=\"https:\/\/www.radiopiu.net\/wordpress\/wp-content\/uploads\/2022\/01\/LFD1920x1280-300x200.jpg\" alt=\"\" width=\"300\" height=\"200\" srcset=\"https:\/\/www.radiopiu.net\/wordpress\/wp-content\/uploads\/2022\/01\/LFD1920x1280-300x200.jpg 300w, https:\/\/www.radiopiu.net\/wordpress\/wp-content\/uploads\/2022\/01\/LFD1920x1280-1024x683.jpg 1024w, https:\/\/www.radiopiu.net\/wordpress\/wp-content\/uploads\/2022\/01\/LFD1920x1280-768x512.jpg 768w, https:\/\/www.radiopiu.net\/wordpress\/wp-content\/uploads\/2022\/01\/LFD1920x1280-1536x1024.jpg 1536w, https:\/\/www.radiopiu.net\/wordpress\/wp-content\/uploads\/2022\/01\/LFD1920x1280.jpg 1920w\" sizes=\"auto, (max-width: 300px) 100vw, 300px\" \/><\/a>LONGARONE<\/strong> Dopo le festivit\u00e0, Longarone Fiere Dolomiti riparte a pieni giri. Il Presidente Gian Angelo Bellati presenta gi\u00e0 il ruolino di marcia per un 2022 dal quale tutti si aspettano molto. Uno dei settori economici pi\u00f9 colpito negativamente da covid19 \u00e8 stato sicuramente il settore delle fiere. Non solo in Italia ma in tutto il mondo. Eppure, nonostante questa situazione drammatica la piccola ma particolare fiera di montagna, Longarone Fiere Dolomiti, \u00e8 riuscita a reagire alla situazione. \u201cCi troviamo adesso nel 2022 \u2013 continua Bellati \u2013 con una situazione pi\u00f9 rodata, ci sono i vaccini, la gente e le imprese sono pi\u00f9 tranquille, perch\u00e9 non dico ci sia un\u2019abitudine ma c\u2019\u00e8 una capacit\u00e0 di meglio convivere. Quindi quest\u2019anno la tabella di marcia \u00e8 questa. Tra poco a febbraio avremo Ri-Costruire Virtuale, B2B. Tra l\u2019altro viene fatta sotto l\u2019egida delle Commissione europea perch\u00e9 riconosciuto come Local Event. Subito dopo, il 19-20 e 25-26-27 marzo, ci sar\u00e0 Agrimont, la fiera dell\u2019agricoltura e zootecnia di montagna. Due anni che non c\u2019era pi\u00f9 in presenza, ma abbiamo con noi tutte le Associazioni di categoria, socie della nostra Fiera di Longarone, tutte le realt\u00e0 produttive pi\u00f9 importanti non solo bellunesi, che sono determinate appunto a farla diventare di nuovo la grande fiera che \u00e8 sempre stata. Poi 8-9-10 aprile il ritorno di Ri-Costruire, ma in presenza e una nuova occasione per incontrarsi. Il 23-24-25 aprile avremo invece Caccia Pesca e Natura, un\u2019edizione particolare anche con la Regione del Veneto che ha voluto fare una grande promozione di questa fiera ma soprattutto della pesca sportiva con una tutta un&#8217;attivit\u00e0 sui social e sui media molto interessante. E 28-29 maggio avremo Reptiles Day, piccola ma molto internazionale che con molto coraggio sfider\u00e0 di nuovo le difficolt\u00e0 di collegamento con l\u2019estero, qualche volta presenti anche all\u2019interno dell\u2019Unione europea. Da luglio ad ottobre torna Woman Art Expo nell\u2019ambito di Arte in Fiera Dolomiti, prevista a settembre, e dedicata soprattutto all\u2019arte al femminile. Il 9-10-11 settembre, questa volta non sul Cansiglio ma a Longarone avr\u00e0 luogo Fiera &amp; Festival delle Foreste insieme a BosterNordEst.\u00a0 Poi il 10-11-12 ottobre in concomitanza avremo sia Dolomiti Show che Expo Dolomiti HoReCa che ha avuto un grandissimo successo nel 2019, e cercheremo di ripeterlo nel 2022\u201d.\u00a0Dopo, quindi, questi 10 grandi appuntamenti fieristici arriviamo alla fine alle ultime due grandissime manifestazioni che rappresentano un pezzo di storia di Longarone Fiere Dolomiti. La prima \u00e8 la 44. edizione di Arredamont, dal 29 ottobre al 6 novembre. Una delle manifestazioni pi\u00f9 importanti delle nostre montagne e che rappresenta benissimo l\u2019unicit\u00e0 di questo polo fieristico. Infine, si chiude in bellezza. Dal 27 al 30 di novembre sar\u00e0 il turno della 62. Mostra Internazionale del Gelato Artigianale.<\/p>\n<p><strong>IL CALENDARIO DEGLI EVENTI A LONGARONE FIERE NEL 2022<\/strong><\/p>\n<a href=\"https:\/\/www.radiopiu.net\/wordpress\/wp-content\/uploads\/2022\/01\/Calendario-LFD-2022-.pdf\" class=\"pdfemb-viewer\" style=\"\" data-width=\"max\" data-height=\"max\" data-toolbar=\"top\" data-toolbar-fixed=\"on\">Calendario LFD 2022<\/a>\n<p>&nbsp;<\/p>\n<p>&nbsp;<\/p>\n<p>&nbsp;<\/p>\n<p>*****<\/p>\n","protected":false},"excerpt":{"rendered":"<p>LONGARONE Dopo le festivit\u00e0, Longarone Fiere Dolomiti riparte a pieni giri. Il Presidente Gian Angelo Bellati presenta gi\u00e0 il ruolino di marcia per un 2022 dal quale tutti si aspettano molto. Uno dei settori economici pi\u00f9 colpito negativamente da covid19 \u00e8 stato sicuramente il settore delle fiere. Non solo in Italia ma in tutto il&hellip;<\/p>\n","protected":false},"author":4,"featured_media":254364,"comment_status":"closed","ping_status":"open","sticky":false,"template":"","format":"standard","meta":{"_monsterinsights_skip_tracking":false,"_monsterinsights_sitenote_active":false,"_monsterinsights_sitenote_note":"","_monsterinsights_sitenote_category":0,"footnotes":""},"categories":[49],"tags":[],"class_list":["post-254362","post","type-post","status-publish","format-standard","has-post-thumbnail","hentry","category-news-18","category-49","description-off"],"img_url":"https:\/\/www.radiopiu.net\/wordpress\/wp-content\/uploads\/2022\/01\/LFD1920x1280.jpg","_links":{"self":[{"href":"https:\/\/www.radiopiu.net\/wordpress\/wp-json\/wp\/v2\/posts\/254362","targetHints":{"allow":["GET"]}}],"collection":[{"href":"https:\/\/www.radiopiu.net\/wordpress\/wp-json\/wp\/v2\/posts"}],"about":[{"href":"https:\/\/www.radiopiu.net\/wordpress\/wp-json\/wp\/v2\/types\/post"}],"author":[{"embeddable":true,"href":"https:\/\/www.radiopiu.net\/wordpress\/wp-json\/wp\/v2\/users\/4"}],"replies":[{"embeddable":true,"href":"https:\/\/www.radiopiu.net\/wordpress\/wp-json\/wp\/v2\/comments?post=254362"}],"version-history":[{"count":0,"href":"https:\/\/www.radiopiu.net\/wordpress\/wp-json\/wp\/v2\/posts\/254362\/revisions"}],"wp:featuredmedia":[{"embeddable":true,"href":"https:\/\/www.radiopiu.net\/wordpress\/wp-json\/wp\/v2\/media\/254364"}],"wp:attachment":[{"href":"https:\/\/www.radiopiu.net\/wordpress\/wp-json\/wp\/v2\/media?parent=254362"}],"wp:term":[{"taxonomy":"category","embeddable":true,"href":"https:\/\/www.radiopiu.net\/wordpress\/wp-json\/wp\/v2\/categories?post=254362"},{"taxonomy":"post_tag","embeddable":true,"href":"https:\/\/www.radiopiu.net\/wordpress\/wp-json\/wp\/v2\/tags?post=254362"}],"curies":[{"name":"wp","href":"https:\/\/api.w.org\/{rel}","templated":true}]}}