{"id":254414,"date":"2022-01-16T10:35:57","date_gmt":"2022-01-16T09:35:57","guid":{"rendered":"https:\/\/www.radiopiu.net\/wordpress\/?p=254414"},"modified":"2022-01-16T10:35:57","modified_gmt":"2022-01-16T09:35:57","slug":"balli-e-musica-da-film-a-collage-operazione-nostalgia","status":"publish","type":"post","link":"https:\/\/www.radiopiu.net\/wordpress\/balli-e-musica-da-film-a-collage-operazione-nostalgia\/","title":{"rendered":"BALLI E MUSICA DA FILM A COLLAGE OPERAZIONE NOSTALGIA"},"content":{"rendered":"<p><strong><a href=\"https:\/\/www.radiopiu.net\/wordpress\/balli-e-musica-da-film-a-collage-operazione-nostalgia\/sophia-loren\/\" rel=\"attachment wp-att-254415\"><img loading=\"lazy\" decoding=\"async\" class=\" wp-image-254415 alignleft\" src=\"https:\/\/www.radiopiu.net\/wordpress\/wp-content\/uploads\/2022\/01\/Sophia-Loren-300x300.jpg\" alt=\"\" width=\"116\" height=\"116\" srcset=\"https:\/\/www.radiopiu.net\/wordpress\/wp-content\/uploads\/2022\/01\/Sophia-Loren-300x300.jpg 300w, https:\/\/www.radiopiu.net\/wordpress\/wp-content\/uploads\/2022\/01\/Sophia-Loren-150x150.jpg 150w, https:\/\/www.radiopiu.net\/wordpress\/wp-content\/uploads\/2022\/01\/Sophia-Loren.jpg 500w\" sizes=\"auto, (max-width: 116px) 100vw, 116px\" \/><\/a>di Loris Scussel<\/strong><\/p>\n<p>Sar\u00e0 dedicata ai balli l\u2019apertura della settimana di \u201cCollage operazione nostalgia\u201d che proseguir\u00e0 la programmazione occupando il proprio spazio quotidiano nell\u2019alternanza tra brani italiani ed internazionali inoltre mercoled\u00ec potremo ascoltare una puntata dedicata alle colonne sonore di alcuni film piuttosto famosi. Il programma andr\u00e0 in onda dal luned\u00ec al venerd\u00ec alle 16,00 e alle 23,00.<\/p>\n<p>&nbsp;<\/p>\n<p>&nbsp;<\/p>\n<p>&nbsp;<\/p>\n<p>&nbsp;<\/p>\n<p>*****<\/p>\n","protected":false},"excerpt":{"rendered":"<p>di Loris Scussel Sar\u00e0 dedicata ai balli l\u2019apertura della settimana di \u201cCollage operazione nostalgia\u201d che proseguir\u00e0 la programmazione occupando il proprio spazio quotidiano nell\u2019alternanza tra brani italiani ed internazionali inoltre mercoled\u00ec potremo ascoltare una puntata dedicata alle colonne sonore di alcuni film piuttosto famosi. Il programma andr\u00e0 in onda dal luned\u00ec al venerd\u00ec alle 16,00&hellip;<\/p>\n","protected":false},"author":4,"featured_media":254415,"comment_status":"closed","ping_status":"open","sticky":false,"template":"","format":"standard","meta":{"_monsterinsights_skip_tracking":false,"_monsterinsights_sitenote_active":false,"_monsterinsights_sitenote_note":"","_monsterinsights_sitenote_category":0,"footnotes":""},"categories":[49],"tags":[],"class_list":["post-254414","post","type-post","status-publish","format-standard","has-post-thumbnail","hentry","category-news-18","category-49","description-off"],"img_url":"https:\/\/www.radiopiu.net\/wordpress\/wp-content\/uploads\/2022\/01\/Sophia-Loren.jpg","_links":{"self":[{"href":"https:\/\/www.radiopiu.net\/wordpress\/wp-json\/wp\/v2\/posts\/254414","targetHints":{"allow":["GET"]}}],"collection":[{"href":"https:\/\/www.radiopiu.net\/wordpress\/wp-json\/wp\/v2\/posts"}],"about":[{"href":"https:\/\/www.radiopiu.net\/wordpress\/wp-json\/wp\/v2\/types\/post"}],"author":[{"embeddable":true,"href":"https:\/\/www.radiopiu.net\/wordpress\/wp-json\/wp\/v2\/users\/4"}],"replies":[{"embeddable":true,"href":"https:\/\/www.radiopiu.net\/wordpress\/wp-json\/wp\/v2\/comments?post=254414"}],"version-history":[{"count":0,"href":"https:\/\/www.radiopiu.net\/wordpress\/wp-json\/wp\/v2\/posts\/254414\/revisions"}],"wp:featuredmedia":[{"embeddable":true,"href":"https:\/\/www.radiopiu.net\/wordpress\/wp-json\/wp\/v2\/media\/254415"}],"wp:attachment":[{"href":"https:\/\/www.radiopiu.net\/wordpress\/wp-json\/wp\/v2\/media?parent=254414"}],"wp:term":[{"taxonomy":"category","embeddable":true,"href":"https:\/\/www.radiopiu.net\/wordpress\/wp-json\/wp\/v2\/categories?post=254414"},{"taxonomy":"post_tag","embeddable":true,"href":"https:\/\/www.radiopiu.net\/wordpress\/wp-json\/wp\/v2\/tags?post=254414"}],"curies":[{"name":"wp","href":"https:\/\/api.w.org\/{rel}","templated":true}]}}