{"id":254460,"date":"2022-01-16T23:59:30","date_gmt":"2022-01-16T22:59:30","guid":{"rendered":"https:\/\/www.radiopiu.net\/wordpress\/?p=254460"},"modified":"2022-01-16T14:51:03","modified_gmt":"2022-01-16T13:51:03","slug":"la-morte-tragica-del-vescovo-taiboner-ricordata-nel-bel-libro-di-anselmo-palini","status":"publish","type":"post","link":"https:\/\/www.radiopiu.net\/wordpress\/la-morte-tragica-del-vescovo-taiboner-ricordata-nel-bel-libro-di-anselmo-palini\/","title":{"rendered":"LA MORTE TRAGICA DEL VESCOVO \u201cTAIBON\u00c8R\u201d RICORDATA NEL BEL LIBRO DI ANSELMO PALINI"},"content":{"rendered":"<p>di RENATO BONA<\/p>\n<p>Il bresciano prof. Anselmo Palini di San Giovanni di Polaveno, docente di materie letterarie, ha recentemente dato alle stampe (Edizioni Ave, Roma, 2021, 252 pagine) il libro \u201cJuan Gerardi. Nunca m\u00e1s-Mai pi\u00f9\u201d (prefazione del cardinale guatemalteco lvaro Ramazzini Imeri) che propone la storia di un vescovo-martire di origini agordine (di Taibon): Juan Jos\u00e9 Gerardi Conedera (1922-1998) di cui quest\u2019anno, il prossimo 27 dicembre, ricorre il centenario della nascita (\u00e8 deceduto tragicamente il 26 aprile 1998),i cui nonni paterni partirono da Taibon Agordino nel 1879 in cerca di fortuna oltre oceano. L\u2019iniziativa si inserisce, come numerose altre precedenti, tutte di notevole interesse, nell\u2019ambito delle ricerche, studi ed approfondimenti che Palini ha portato avanti negli anni in particolare sui temi della pace, dell\u2019obiezione di coscienza, dei diritti umani e, pi\u00f9 recentemente, affrontando le problematiche connesse con i totalitarismi nel ventesimo secolo, ricercando in particolare &#8211; come spiega nel proprio sito telematico &#8211; \u201cle testimonianze di chi si \u00e8 opposto a tali sistemi dittatoriali\u201d. Con l\u2019intento di \u201cpresentare questi testimoni di pace, di libert\u00e0 e di nonviolenza, persone che nella notte dei totalitarismi e delle dittature hanno tenuto accesa una piccola luce ed hanno dimostrato che nella storia l\u2019ultima parola non spetta al male\u201d. Onore al merito del prof. Palini, va ricordato che (lo ha fatto nei giorni scorsi il sito diocesano \u201cchiesabellunofeltre ) il Museo bellunese delle Migrazioni ha realizzato e custodisce nella sede della \u201cBellunesi nel Mondo\u201d presieduta da Oscar De Bona, una scheda proprio su Gerardi Conedera. E dunque vediamola la figura di questo presule, definito \u201ctestimone di pace e di giustizia\u201d. Nel Guatemala della seconda met\u00e0 del Novecento, oppresso da feroci dittature militari, la sua voce si \u00e8 levata forte \u201ca chiedere verit\u00e0 e giustizia per le migliaia di vittime della repressione e della violazione dei diritti umani\u201d fino a quando \u201cdivenuta scomoda per il potere politico, militare ed economico che dominava nel Paese, \u00e8 stata messa a tacere per sempre\u201d. Ma\u2026 \u201cLa testimonianza di questo vescovo martire, ancora poco noto in Italia, continua oggi a interpellarci e indicare la strada per un altro mondo possibile, dove finalmente, come afferma il testo biblico, sia osservato il diritto e praticata la giustizia\u201d. Il sito Wikipedia.org lo ricorda precisando che nacque da una famiglia bellunese emigrata in Guatemala verso la fine dell\u2019800; frequentato il seminario minore di Citt\u00e0 del Guatemala, prosegu\u00ec gli studi di teologia a New Orleans negli Usa e fu ordinato sacerdote nel 1946. Inizialmente lavor\u00f2 come parroco e con l\u2019ordinazione episcopale gli vene affidata la diocesi di Verapaz (per un breve periodo fu anche vescovo ausiliare di Guardialfiera in Molise \u2013 ndr.) dove si dedic\u00f2 principalmente agli indios dato che i discendenti degli antichi maya erano pi\u00f9 della met\u00e0 della popolazione. Collaborando con i benedettini organizz\u00f2 una serie di iniziative per istruire e far crescere spiritualmente la popolazione, tra cui spiccava la fondazione del Centro per la promozione umana San Benito che oltre ad insegnare a leggere e scrivere e coltivare la terra, promosse la nascita di una radio cattolica oltre alla liturgia in una delle lingue maya. E\u2019 del 1974 il trasferimento nella diocesi di Quich\u00e9, in un territorio ancora pi\u00f9 povero e \u201cpi\u00f9 vicino ai focolai della guerra civile che dal 1954 stava distruggendo il Guatemala\u201d. Nel 1976 protest\u00f2 con i militari per la scomparsa di un centinaio di catechisti e attivisti parrocchiali, uccisi dai militari perch\u00e9 considerati vicini ai guerriglieri. L\u2019uccisione il 31 gennaio 1981 di 37 indios bruciati vivi nell\u2019ambasciata, che manifestavano per la violazione dei diritti umani, lo vide ancora una volta in prima fila nella protesta dato che la maggior parte delle vittime proveniva dalla sua diocesi. Poco dopo sub\u00ec un attentato e a quel punto si rec\u00f2 in Vaticano, ricevuto da papa Giovanni Paolo II il quale indirizz\u00f2 una lettera di condanna della violenza contro i civili in Guatemala. Dopo due anni di esilio, nel 1984 ebbe il permesso di rientrare in Patria, divenne vescovo ausiliare di Guatemala e nel 1988 attiv\u00f2 un Ufficio diocesano per i diritti e mediatore tra le parti in conflitto civile. Si dedic\u00f2 poi alla raccolta di testimonianze per un memoriale sugli orrori della guerra civile: un volume \u201cGuatemala Nunca m\u00e1s\u201d di 1400 pagine circa con i nomi di 50 mila persone e la descrizione della loro morte, presentato alla stampa il 25 aprile 1998. A questo punto \u00e8 giusto citare anche il sito \u201cnewsinquota.it\u201d dove si pu\u00f2 leggere in un servizio di Simone Tormen di Bellunesi nel Mondo : \u201c\u2026 Nel 1980 gli fu impedito di rientrare in Guatemala di ritorno da un viaggio a Roma in veste di presidente della Conferenza episcopale guatemalteca ed ottenne asilo politico in Costa Rica\u2026 La pubblicazione di un rapporto in 4 volumi in grado di documentare oltre 55 mila casi di violenze, torture, mutilazioni, sparizioni, massacri e stupri fa s\u00ec che Juan Jos\u00e9 Gerardi Conedera venga fatto tacere per sempre il 26 aprile 1998, assassinato in maniera talmente barbara che il cadavere pot\u00e9 essere riconosciuto solo attraverso l\u2019anello episcopale. Tre degli esecutori materiali del delitto furono individuati ed arrestati. Il volto dei mandanti invece \u00e8 ancora avvolto nelle nebbie di depistaggi e omert\u00e0 istituzionale\u201d. Infine una curiosit\u00e0 appresa da \u201cIl Gazzettino\u201d del 4 dicembre 2020, servizio di Raffaella Gabrieli: \u201c\u2026 le vicende dell\u2019 \u2018eroe degli ultimi\u2019 non sono passate inosservate agli occhi di George Clooney che racconta in un docufilm la vita del vescovo eroe bellunese\u2026\u201d.<\/p>\n\n\t\t\t<style type='text\/css'>\n\t\t\t\t#gallery-1 {\n\t\t\t\t\tmargin: auto;\n\t\t\t\t}\n\t\t\t\t#gallery-1 .gallery-item {\n\t\t\t\t\tfloat: left;\n\t\t\t\t\tmargin-top: 10px;\n\t\t\t\t\ttext-align: center;\n\t\t\t\t\twidth: 20%;\n\t\t\t\t}\n\t\t\t\t#gallery-1 img {\n\t\t\t\t\tborder: 2px solid #cfcfcf;\n\t\t\t\t}\n\t\t\t\t#gallery-1 .gallery-caption {\n\t\t\t\t\tmargin-left: 0;\n\t\t\t\t}\n\t\t\t\t\/* see gallery_shortcode() in wp-includes\/media.php *\/\n\t\t\t<\/style>\n\t\t<div id='gallery-1' class='dt-gallery-container gallery galleryid-254460 gallery-columns-5 gallery-size-thumbnail'><dl class='gallery-item'>\n\t\t\t\t<dt class='gallery-icon landscape'>\n\t\t\t\t\t<a class=\"rollover\" href='https:\/\/www.radiopiu.net\/wordpress\/la-morte-tragica-del-vescovo-taiboner-ricordata-nel-bel-libro-di-anselmo-palini\/271539169_1030926300793210_2432188447650900197_n\/'><img loading=\"lazy\" decoding=\"async\" width=\"150\" height=\"150\" src=\"https:\/\/www.radiopiu.net\/wordpress\/wp-content\/uploads\/2022\/01\/271539169_1030926300793210_2432188447650900197_n-150x150.jpg\" class=\"attachment-thumbnail size-thumbnail\" alt=\"\" \/><\/a>\n\t\t\t\t<\/dt><\/dl><dl class='gallery-item'>\n\t\t\t\t<dt class='gallery-icon landscape'>\n\t\t\t\t\t<a class=\"rollover\" href='https:\/\/www.radiopiu.net\/wordpress\/la-morte-tragica-del-vescovo-taiboner-ricordata-nel-bel-libro-di-anselmo-palini\/271237224_455174446270672_396761976355248698_n\/'><img loading=\"lazy\" decoding=\"async\" width=\"150\" height=\"150\" src=\"https:\/\/www.radiopiu.net\/wordpress\/wp-content\/uploads\/2022\/01\/271237224_455174446270672_396761976355248698_n.jpg\" class=\"attachment-thumbnail size-thumbnail\" alt=\"\" \/><\/a>\n\t\t\t\t<\/dt><\/dl><dl class='gallery-item'>\n\t\t\t\t<dt class='gallery-icon portrait'>\n\t\t\t\t\t<a class=\"rollover\" href='https:\/\/www.radiopiu.net\/wordpress\/la-morte-tragica-del-vescovo-taiboner-ricordata-nel-bel-libro-di-anselmo-palini\/271719825_352790360009821_4945743158357066675_n\/'><img loading=\"lazy\" decoding=\"async\" width=\"150\" height=\"150\" src=\"https:\/\/www.radiopiu.net\/wordpress\/wp-content\/uploads\/2022\/01\/271719825_352790360009821_4945743158357066675_n-150x150.jpg\" class=\"attachment-thumbnail size-thumbnail\" alt=\"\" \/><\/a>\n\t\t\t\t<\/dt><\/dl><dl class='gallery-item'>\n\t\t\t\t<dt class='gallery-icon portrait'>\n\t\t\t\t\t<a class=\"rollover\" href='https:\/\/www.radiopiu.net\/wordpress\/la-morte-tragica-del-vescovo-taiboner-ricordata-nel-bel-libro-di-anselmo-palini\/270147621_1487582324977221_6028725248011326218_n\/'><img loading=\"lazy\" decoding=\"async\" width=\"150\" height=\"150\" src=\"https:\/\/www.radiopiu.net\/wordpress\/wp-content\/uploads\/2022\/01\/270147621_1487582324977221_6028725248011326218_n-150x150.jpg\" class=\"attachment-thumbnail size-thumbnail\" alt=\"\" \/><\/a>\n\t\t\t\t<\/dt><\/dl><dl class='gallery-item'>\n\t\t\t\t<dt class='gallery-icon portrait'>\n\t\t\t\t\t<a class=\"rollover\" href='https:\/\/www.radiopiu.net\/wordpress\/la-morte-tragica-del-vescovo-taiboner-ricordata-nel-bel-libro-di-anselmo-palini\/270353663_1233555093834283_4190324726985254583_n\/'><img loading=\"lazy\" decoding=\"async\" width=\"150\" height=\"150\" src=\"https:\/\/www.radiopiu.net\/wordpress\/wp-content\/uploads\/2022\/01\/270353663_1233555093834283_4190324726985254583_n-150x150.jpg\" class=\"attachment-thumbnail size-thumbnail\" alt=\"\" \/><\/a>\n\t\t\t\t<\/dt><\/dl><br style=\"clear: both\" \/><dl class='gallery-item'>\n\t\t\t\t<dt class='gallery-icon portrait'>\n\t\t\t\t\t<a class=\"rollover\" href='https:\/\/www.radiopiu.net\/wordpress\/la-morte-tragica-del-vescovo-taiboner-ricordata-nel-bel-libro-di-anselmo-palini\/271544790_737082333932346_3765219364028268314_n\/'><img loading=\"lazy\" decoding=\"async\" width=\"150\" height=\"150\" src=\"https:\/\/www.radiopiu.net\/wordpress\/wp-content\/uploads\/2022\/01\/271544790_737082333932346_3765219364028268314_n-150x150.jpg\" class=\"attachment-thumbnail size-thumbnail\" alt=\"\" \/><\/a>\n\t\t\t\t<\/dt><\/dl><dl class='gallery-item'>\n\t\t\t\t<dt class='gallery-icon landscape'>\n\t\t\t\t\t<a class=\"rollover\" href='https:\/\/www.radiopiu.net\/wordpress\/la-morte-tragica-del-vescovo-taiboner-ricordata-nel-bel-libro-di-anselmo-palini\/271742552_461967898908658_3557667758436964017_n\/'><img loading=\"lazy\" decoding=\"async\" width=\"150\" height=\"147\" src=\"https:\/\/www.radiopiu.net\/wordpress\/wp-content\/uploads\/2022\/01\/271742552_461967898908658_3557667758436964017_n-150x147.jpg\" class=\"attachment-thumbnail size-thumbnail\" alt=\"\" \/><\/a>\n\t\t\t\t<\/dt><\/dl><dl class='gallery-item'>\n\t\t\t\t<dt class='gallery-icon landscape'>\n\t\t\t\t\t<a class=\"rollover\" href='https:\/\/www.radiopiu.net\/wordpress\/la-morte-tragica-del-vescovo-taiboner-ricordata-nel-bel-libro-di-anselmo-palini\/271889251_2733646786932084_7440751134001179062_n\/'><img loading=\"lazy\" decoding=\"async\" width=\"150\" height=\"150\" src=\"https:\/\/www.radiopiu.net\/wordpress\/wp-content\/uploads\/2022\/01\/271889251_2733646786932084_7440751134001179062_n-150x150.jpg\" class=\"attachment-thumbnail size-thumbnail\" alt=\"\" \/><\/a>\n\t\t\t\t<\/dt><\/dl><dl class='gallery-item'>\n\t\t\t\t<dt class='gallery-icon portrait'>\n\t\t\t\t\t<a class=\"rollover\" href='https:\/\/www.radiopiu.net\/wordpress\/la-morte-tragica-del-vescovo-taiboner-ricordata-nel-bel-libro-di-anselmo-palini\/271727579_676593723751155_2806608125435496804_n\/'><img loading=\"lazy\" decoding=\"async\" width=\"150\" height=\"150\" src=\"https:\/\/www.radiopiu.net\/wordpress\/wp-content\/uploads\/2022\/01\/271727579_676593723751155_2806608125435496804_n-150x150.jpg\" class=\"attachment-thumbnail size-thumbnail\" alt=\"\" \/><\/a>\n\t\t\t\t<\/dt><\/dl><dl class='gallery-item'>\n\t\t\t\t<dt class='gallery-icon portrait'>\n\t\t\t\t\t<a class=\"rollover\" href='https:\/\/www.radiopiu.net\/wordpress\/la-morte-tragica-del-vescovo-taiboner-ricordata-nel-bel-libro-di-anselmo-palini\/271520721_3164383610507791_9017819787824273164_n\/'><img loading=\"lazy\" decoding=\"async\" width=\"133\" height=\"150\" src=\"https:\/\/www.radiopiu.net\/wordpress\/wp-content\/uploads\/2022\/01\/271520721_3164383610507791_9017819787824273164_n-133x150.png\" class=\"attachment-thumbnail size-thumbnail\" alt=\"\" \/><\/a>\n\t\t\t\t<\/dt><\/dl><br style=\"clear: both\" \/><dl class='gallery-item'>\n\t\t\t\t<dt class='gallery-icon portrait'>\n\t\t\t\t\t<a class=\"rollover\" href='https:\/\/www.radiopiu.net\/wordpress\/la-morte-tragica-del-vescovo-taiboner-ricordata-nel-bel-libro-di-anselmo-palini\/271531535_966067141007271_8383289319390903197_n\/'><img loading=\"lazy\" decoding=\"async\" width=\"149\" height=\"150\" src=\"https:\/\/www.radiopiu.net\/wordpress\/wp-content\/uploads\/2022\/01\/271531535_966067141007271_8383289319390903197_n-149x150.jpg\" class=\"attachment-thumbnail size-thumbnail\" alt=\"\" \/><\/a>\n\t\t\t\t<\/dt><\/dl><dl class='gallery-item'>\n\t\t\t\t<dt class='gallery-icon portrait'>\n\t\t\t\t\t<a class=\"rollover\" href='https:\/\/www.radiopiu.net\/wordpress\/la-morte-tragica-del-vescovo-taiboner-ricordata-nel-bel-libro-di-anselmo-palini\/271709704_1549400528778963_3758878853640217171_n\/'><img loading=\"lazy\" decoding=\"async\" width=\"150\" height=\"150\" src=\"https:\/\/www.radiopiu.net\/wordpress\/wp-content\/uploads\/2022\/01\/271709704_1549400528778963_3758878853640217171_n-150x150.jpg\" class=\"attachment-thumbnail size-thumbnail\" alt=\"\" \/><\/a>\n\t\t\t\t<\/dt><\/dl><dl class='gallery-item'>\n\t\t\t\t<dt class='gallery-icon landscape'>\n\t\t\t\t\t<a class=\"rollover\" href='https:\/\/www.radiopiu.net\/wordpress\/la-morte-tragica-del-vescovo-taiboner-ricordata-nel-bel-libro-di-anselmo-palini\/271448461_645526253547788_1718486308216684902_n\/'><img loading=\"lazy\" decoding=\"async\" width=\"150\" height=\"150\" src=\"https:\/\/www.radiopiu.net\/wordpress\/wp-content\/uploads\/2022\/01\/271448461_645526253547788_1718486308216684902_n-150x150.jpg\" class=\"attachment-thumbnail size-thumbnail\" alt=\"\" \/><\/a>\n\t\t\t\t<\/dt><\/dl>\n\t\t\t\t<br style='clear: both' \/>\n\t\t\t<\/div>\n\n<p>NELLE FOTO (sito \u201cchiesabellunofeltre\u201d; BBC Mundo; gettyimages; sito wikipedia.org.; Michele Ferrraris): tre espressioni del vescovo originario di Taibon Agordino, Gerardi Conedera; l\u2019autore dell\u2019ultimo libro dedicato al presule-martire: il prof. Anselmo Palini; la copertina del volume; il cardinale guatemalteco lvaro Ramazzini Imeri che ha scritto la presentazione; corteo del 26 aprile 2007 per ricordare il vescovo assassinato; manifestazione del 1999 nell\u2019anniversario della barbara uccisione di Gerardi Conedera; libri dedicati al vescovo; la locandina che annunciava il film di Clooney; il presule con \u201cla sua gente\u201d; con il pontefice Giovanni Paolo II; i solenni funerali.<\/p>\n","protected":false},"excerpt":{"rendered":"<p>di RENATO BONA Il bresciano prof. Anselmo Palini di San Giovanni di Polaveno, docente di materie letterarie, ha recentemente dato alle stampe (Edizioni Ave, Roma, 2021, 252 pagine) il libro \u201cJuan Gerardi. Nunca m\u00e1s-Mai pi\u00f9\u201d (prefazione del cardinale guatemalteco lvaro Ramazzini Imeri) che propone la storia di un vescovo-martire di origini agordine (di Taibon): Juan&hellip;<\/p>\n","protected":false},"author":4,"featured_media":254462,"comment_status":"closed","ping_status":"open","sticky":false,"template":"","format":"standard","meta":{"_monsterinsights_skip_tracking":false,"_monsterinsights_sitenote_active":false,"_monsterinsights_sitenote_note":"","_monsterinsights_sitenote_category":0,"footnotes":""},"categories":[104,49],"tags":[],"class_list":["post-254460","post","type-post","status-publish","format-standard","has-post-thumbnail","hentry","category-evidenza_3","category-news-18","category-104","category-49","description-off"],"img_url":"https:\/\/www.radiopiu.net\/wordpress\/wp-content\/uploads\/2022\/01\/271237224_455174446270672_396761976355248698_n.jpg","_links":{"self":[{"href":"https:\/\/www.radiopiu.net\/wordpress\/wp-json\/wp\/v2\/posts\/254460","targetHints":{"allow":["GET"]}}],"collection":[{"href":"https:\/\/www.radiopiu.net\/wordpress\/wp-json\/wp\/v2\/posts"}],"about":[{"href":"https:\/\/www.radiopiu.net\/wordpress\/wp-json\/wp\/v2\/types\/post"}],"author":[{"embeddable":true,"href":"https:\/\/www.radiopiu.net\/wordpress\/wp-json\/wp\/v2\/users\/4"}],"replies":[{"embeddable":true,"href":"https:\/\/www.radiopiu.net\/wordpress\/wp-json\/wp\/v2\/comments?post=254460"}],"version-history":[{"count":0,"href":"https:\/\/www.radiopiu.net\/wordpress\/wp-json\/wp\/v2\/posts\/254460\/revisions"}],"wp:featuredmedia":[{"embeddable":true,"href":"https:\/\/www.radiopiu.net\/wordpress\/wp-json\/wp\/v2\/media\/254462"}],"wp:attachment":[{"href":"https:\/\/www.radiopiu.net\/wordpress\/wp-json\/wp\/v2\/media?parent=254460"}],"wp:term":[{"taxonomy":"category","embeddable":true,"href":"https:\/\/www.radiopiu.net\/wordpress\/wp-json\/wp\/v2\/categories?post=254460"},{"taxonomy":"post_tag","embeddable":true,"href":"https:\/\/www.radiopiu.net\/wordpress\/wp-json\/wp\/v2\/tags?post=254460"}],"curies":[{"name":"wp","href":"https:\/\/api.w.org\/{rel}","templated":true}]}}