{"id":254502,"date":"2022-01-16T16:21:29","date_gmt":"2022-01-16T15:21:29","guid":{"rendered":"https:\/\/www.radiopiu.net\/wordpress\/?p=254502"},"modified":"2022-01-16T16:21:30","modified_gmt":"2022-01-16T15:21:30","slug":"troviamofederico-raccolti-oltre-32-mila-euro-il-resoconto-delle-donazioni","status":"publish","type":"post","link":"https:\/\/www.radiopiu.net\/wordpress\/troviamofederico-raccolti-oltre-32-mila-euro-il-resoconto-delle-donazioni\/","title":{"rendered":"#TROVIAMOFEDERICO: RACCOLTI OLTRE 32 MILA EURO, IL RESOCONTO DELLE DONAZIONI"},"content":{"rendered":"<p><a href=\"https:\/\/www.radiopiu.net\/wordpress\/troviamofederico-raccolti-oltre-32-mila-euro-il-resoconto-delle-donazioni\/federico-lugato-e-elena-panciera-2\/\" rel=\"attachment wp-att-254503\"><img loading=\"lazy\" decoding=\"async\" class=\"size-medium wp-image-254503 alignleft\" src=\"https:\/\/www.radiopiu.net\/wordpress\/wp-content\/uploads\/2022\/01\/Federico-Lugato-e-Elena-Panciera-2-300x225.jpg\" alt=\"\" width=\"300\" height=\"225\" srcset=\"https:\/\/www.radiopiu.net\/wordpress\/wp-content\/uploads\/2022\/01\/Federico-Lugato-e-Elena-Panciera-2-300x225.jpg 300w, https:\/\/www.radiopiu.net\/wordpress\/wp-content\/uploads\/2022\/01\/Federico-Lugato-e-Elena-Panciera-2-1024x768.jpg 1024w, https:\/\/www.radiopiu.net\/wordpress\/wp-content\/uploads\/2022\/01\/Federico-Lugato-e-Elena-Panciera-2-768x576.jpg 768w, https:\/\/www.radiopiu.net\/wordpress\/wp-content\/uploads\/2022\/01\/Federico-Lugato-e-Elena-Panciera-2-1536x1152.jpg 1536w, https:\/\/www.radiopiu.net\/wordpress\/wp-content\/uploads\/2022\/01\/Federico-Lugato-e-Elena-Panciera-2-2048x1536.jpg 2048w\" sizes=\"auto, (max-width: 300px) 100vw, 300px\" \/><\/a>\u00c8 stata pubblicata sul sito <a href=\"http:\/\/www.federicolugato.it\/\" target=\"_blank\" rel=\"noopener\">www.federicolugato.it<\/a> la rendicontazione delle donazioni effettuate con i soldi raccolti dalla campagna \u201cTroviamo Federico\u201d lo scorso settembre. Il totale donato \u00e8 stato 32.246 euro: 31.675 euro, al netto delle commissioni.\u00a0 \u201c<em>Vogliamo ringraziare di cuore tutti quelli che ci hanno dato il loro sostegno \u2013 raccontano la moglie, Elena Panciera e la sorella, Nicoletta Lugato. \u2013 Ci auguriamo che questo nuovo anno sar\u00e0 migliore di quello passato, anche grazie a quello che abbiamo imparato cos\u00ec dolorosamente<\/em>\u201d. Un modo per sentire tutti pi\u00f9 vicini \u00e8 condividere quanto abbiamo deciso di fare in memoria di Federico e che \u00e8 possibile grazie alle donazioni ricevute.\u00a0 Nel dettaglio:\u00a020.414 euro sono stati raccolti da 658 donatori su Facebook, che ne ha erogati 19.870 (il resto \u00e8 stato trattenuto come commissione di gestione),\u00a011.832 euro sono stati raccolti da 111 donazioni dirette sul conto bancario. Oltre a commuovere e creare una profonda gratitudine, la somma \u00e8 servita per pagare le spese di ricerca. In particolare 17.472 euro sono stati gi\u00e0 destinati, 14.504 euro sono da spendere con questi scopi: 6.371 euro sono stati impiegati per il rimborso spese di vitto e alloggio ai quasi 400 volontari durante i 12 giorni di ricerche. Una cifra relativamente esigua \u201cgrazie alle tante persone e aziende che hanno agito a titolo gratuito, di cui non ci dimenticheremo mai\u201d, ricordano Elena e Nicoletta; 10.800 euro sono stati gi\u00e0 versati tra le varie associazioni di volontari e cinofili intervenute attraverso il coordinamento ufficiale del Prefetto di Belluno, Mariano Savastano, e chi ha aiutato per la commemorazione civile; 1.200 euro sono stati impegnati in ulteriori donazioni ad associazioni, ancora da fare; 571 euro sono andati in commissioni Facebook e bancarie; la cifra residua \u00e8 stata mantenuta, per ora, per coprire future spese e con l\u2019idea, nata dalle persone che amavano Federico, di fondare un\u2019associazione in sua memoria per offrire supporto e sostegno nella sicurezza di passeggiate ed escursioni. Elenco delle 18 associazioni destinatarie di donazioni:\u00a0Soccorso alpino CNSAS Veneto,\u00a0Cinofili \u201cGli Angeli\u201d di Adria,\u00a0Steel Dog di Padova,\u00a0Croce Rossa di Feltre,Croce Rossa di Belluno,\u00a0Fondazione ANA Onlus \u2013 Associazione Nazionale Alpini, Associazione Volontari Antincendi Boschivi \u2013 Protezione Civile Pederobba ODV, Comitato Volontario di Protezione Civile Valle dell\u2019Agno \u2013 Valdagno, Coordinamento delle Associazioni di Volontariato di Protezione Civile della Unione Montana Cadore Longaronese Zoldo, Coordinamento delle Associazioni di Volontariato di Protezione Civile della Comunit\u00e0 Montana Feltrina, Diade Unit\u00e0 Cinofile di Protezione Civile, Gruppo Volontari di Protezione Civile del Comune di Treviso, Nucleo Comunale Protezione Civile Pronto Intervento di Montebelluna, Nucleo Volontari Montello, Scuola Padovana Cani da Soccorso S.Pa.Sso,\u00a0 Associazione Cinofila da Soccorso U.C.S. San Marco di Venezia,\u00a0 Droni Rescue Network,\u00a0Associazione Penelope.<\/p>\n<p><strong>IL RENDICONTO DELLE DONAZIONI NEI GRAFICI<\/strong><\/p>\n\n\t\t\t<style type='text\/css'>\n\t\t\t\t#gallery-1 {\n\t\t\t\t\tmargin: auto;\n\t\t\t\t}\n\t\t\t\t#gallery-1 .gallery-item {\n\t\t\t\t\tfloat: left;\n\t\t\t\t\tmargin-top: 10px;\n\t\t\t\t\ttext-align: center;\n\t\t\t\t\twidth: 50%;\n\t\t\t\t}\n\t\t\t\t#gallery-1 img {\n\t\t\t\t\tborder: 2px solid #cfcfcf;\n\t\t\t\t}\n\t\t\t\t#gallery-1 .gallery-caption {\n\t\t\t\t\tmargin-left: 0;\n\t\t\t\t}\n\t\t\t\t\/* see gallery_shortcode() in wp-includes\/media.php *\/\n\t\t\t<\/style>\n\t\t<div id='gallery-1' class='dt-gallery-container gallery galleryid-254502 gallery-columns-2 gallery-size-medium'><dl class='gallery-item'>\n\t\t\t\t<dt class='gallery-icon landscape'>\n\t\t\t\t\t<a class=\"rollover rollover-zoom dt-pswp-item\" title=\"TroviamoFederico rendicontazione 1\" data-dt-img-description=\"\" data-large_image_width=\"1024\" data-large_image_height=\"768\"href='https:\/\/www.radiopiu.net\/wordpress\/wp-content\/uploads\/2022\/01\/TroviamoFederico-rendicontazione-1.jpg'><img loading=\"lazy\" decoding=\"async\" width=\"300\" height=\"225\" src=\"https:\/\/www.radiopiu.net\/wordpress\/wp-content\/uploads\/2022\/01\/TroviamoFederico-rendicontazione-1-300x225.jpg\" class=\"attachment-medium size-medium\" alt=\"\" srcset=\"https:\/\/www.radiopiu.net\/wordpress\/wp-content\/uploads\/2022\/01\/TroviamoFederico-rendicontazione-1-300x225.jpg 300w, https:\/\/www.radiopiu.net\/wordpress\/wp-content\/uploads\/2022\/01\/TroviamoFederico-rendicontazione-1-768x576.jpg 768w, https:\/\/www.radiopiu.net\/wordpress\/wp-content\/uploads\/2022\/01\/TroviamoFederico-rendicontazione-1.jpg 1024w\" sizes=\"auto, (max-width: 300px) 100vw, 300px\" \/><\/a>\n\t\t\t\t<\/dt><\/dl><dl class='gallery-item'>\n\t\t\t\t<dt class='gallery-icon landscape'>\n\t\t\t\t\t<a class=\"rollover rollover-zoom dt-pswp-item\" title=\"TroviamoFederico rendicontazione 2\" data-dt-img-description=\"\" data-large_image_width=\"1024\" data-large_image_height=\"768\"href='https:\/\/www.radiopiu.net\/wordpress\/wp-content\/uploads\/2022\/01\/TroviamoFederico-rendicontazione-2.jpg'><img loading=\"lazy\" decoding=\"async\" width=\"300\" height=\"225\" src=\"https:\/\/www.radiopiu.net\/wordpress\/wp-content\/uploads\/2022\/01\/TroviamoFederico-rendicontazione-2-300x225.jpg\" class=\"attachment-medium size-medium\" alt=\"\" srcset=\"https:\/\/www.radiopiu.net\/wordpress\/wp-content\/uploads\/2022\/01\/TroviamoFederico-rendicontazione-2-300x225.jpg 300w, https:\/\/www.radiopiu.net\/wordpress\/wp-content\/uploads\/2022\/01\/TroviamoFederico-rendicontazione-2-768x576.jpg 768w, https:\/\/www.radiopiu.net\/wordpress\/wp-content\/uploads\/2022\/01\/TroviamoFederico-rendicontazione-2.jpg 1024w\" sizes=\"auto, (max-width: 300px) 100vw, 300px\" \/><\/a>\n\t\t\t\t<\/dt><\/dl><br style=\"clear: both\" \/>\n\t\t\t<\/div>\n\n<p>&nbsp;<\/p>\n<p>&nbsp;<\/p>\n<p>*****<\/p>\n","protected":false},"excerpt":{"rendered":"<p>\u00c8 stata pubblicata sul sito www.federicolugato.it la rendicontazione delle donazioni effettuate con i soldi raccolti dalla campagna \u201cTroviamo Federico\u201d lo scorso settembre. Il totale donato \u00e8 stato 32.246 euro: 31.675 euro, al netto delle commissioni.\u00a0 \u201cVogliamo ringraziare di cuore tutti quelli che ci hanno dato il loro sostegno \u2013 raccontano la moglie, Elena Panciera e&hellip;<\/p>\n","protected":false},"author":4,"featured_media":254503,"comment_status":"closed","ping_status":"open","sticky":false,"template":"","format":"standard","meta":{"_monsterinsights_skip_tracking":false,"_monsterinsights_sitenote_active":false,"_monsterinsights_sitenote_note":"","_monsterinsights_sitenote_category":0,"footnotes":""},"categories":[51,49],"tags":[],"class_list":["post-254502","post","type-post","status-publish","format-standard","has-post-thumbnail","hentry","category-evidenza-top","category-news-18","category-51","category-49","description-off"],"img_url":"https:\/\/www.radiopiu.net\/wordpress\/wp-content\/uploads\/2022\/01\/Federico-Lugato-e-Elena-Panciera-2-scaled.jpg","_links":{"self":[{"href":"https:\/\/www.radiopiu.net\/wordpress\/wp-json\/wp\/v2\/posts\/254502","targetHints":{"allow":["GET"]}}],"collection":[{"href":"https:\/\/www.radiopiu.net\/wordpress\/wp-json\/wp\/v2\/posts"}],"about":[{"href":"https:\/\/www.radiopiu.net\/wordpress\/wp-json\/wp\/v2\/types\/post"}],"author":[{"embeddable":true,"href":"https:\/\/www.radiopiu.net\/wordpress\/wp-json\/wp\/v2\/users\/4"}],"replies":[{"embeddable":true,"href":"https:\/\/www.radiopiu.net\/wordpress\/wp-json\/wp\/v2\/comments?post=254502"}],"version-history":[{"count":0,"href":"https:\/\/www.radiopiu.net\/wordpress\/wp-json\/wp\/v2\/posts\/254502\/revisions"}],"wp:featuredmedia":[{"embeddable":true,"href":"https:\/\/www.radiopiu.net\/wordpress\/wp-json\/wp\/v2\/media\/254503"}],"wp:attachment":[{"href":"https:\/\/www.radiopiu.net\/wordpress\/wp-json\/wp\/v2\/media?parent=254502"}],"wp:term":[{"taxonomy":"category","embeddable":true,"href":"https:\/\/www.radiopiu.net\/wordpress\/wp-json\/wp\/v2\/categories?post=254502"},{"taxonomy":"post_tag","embeddable":true,"href":"https:\/\/www.radiopiu.net\/wordpress\/wp-json\/wp\/v2\/tags?post=254502"}],"curies":[{"name":"wp","href":"https:\/\/api.w.org\/{rel}","templated":true}]}}