{"id":254528,"date":"2022-01-16T21:06:14","date_gmt":"2022-01-16T20:06:14","guid":{"rendered":"https:\/\/www.radiopiu.net\/wordpress\/?p=254528"},"modified":"2022-01-17T06:32:40","modified_gmt":"2022-01-17T05:32:40","slug":"due-feriti-nellincidente-di-palafavera-zoldo","status":"publish","type":"post","link":"https:\/\/www.radiopiu.net\/wordpress\/due-feriti-nellincidente-di-palafavera-zoldo\/","title":{"rendered":"DUE FERITI NELL&#8217;INCIDENTE DI PALAFAVERA &#8211; ZOLDO &#8211;"},"content":{"rendered":"<p><strong>ZOLDO<\/strong> Grave incidente con due feriti a Palafavera, intervenuti i volontari di Zoldo e Selva di Cadore.\u00a0 Il Suem per prendersi cura dei feriti. La strada provinciale 251 \u00e8 rimasta chiusa dalle 15.30 fino alle 19. La dinamica \u00e8 al vaglio della Polizia stradale di Valle di Cadore, la collisione tra una Opel Astra e una Mini One. Uno dei feriti \u00e8 rimasto incastrato nell&#8217;abitacolo ed \u00e8 stato necessario liberarlo. Un uomo \u00e8 stato trasportato in ambulanza all&#8217;ospedale San Martino di Belluno e una donna a quello di Agordo.<\/p>\n<p>Le foto del sinistro.<\/p>\n<p>&nbsp;<\/p>\n\n\t\t\t<style type='text\/css'>\n\t\t\t\t#gallery-1 {\n\t\t\t\t\tmargin: auto;\n\t\t\t\t}\n\t\t\t\t#gallery-1 .gallery-item {\n\t\t\t\t\tfloat: left;\n\t\t\t\t\tmargin-top: 10px;\n\t\t\t\t\ttext-align: center;\n\t\t\t\t\twidth: 33%;\n\t\t\t\t}\n\t\t\t\t#gallery-1 img {\n\t\t\t\t\tborder: 2px solid #cfcfcf;\n\t\t\t\t}\n\t\t\t\t#gallery-1 .gallery-caption {\n\t\t\t\t\tmargin-left: 0;\n\t\t\t\t}\n\t\t\t\t\/* see gallery_shortcode() in wp-includes\/media.php *\/\n\t\t\t<\/style>\n\t\t<div id='gallery-1' class='dt-gallery-container gallery galleryid-254528 gallery-columns-3 gallery-size-thumbnail'><dl class='gallery-item'>\n\t\t\t\t<dt class='gallery-icon landscape'>\n\t\t\t\t\t<a class=\"rollover rollover-zoom dt-pswp-item\" title=\"bf3fbf72-0722-4712-a304-b7c22eacd9a1\" data-dt-img-description=\"\" data-large_image_width=\"576\" data-large_image_height=\"432\"href='https:\/\/www.radiopiu.net\/wordpress\/wp-content\/uploads\/2022\/01\/bf3fbf72-0722-4712-a304-b7c22eacd9a1.jpg'><img loading=\"lazy\" decoding=\"async\" width=\"150\" height=\"150\" src=\"https:\/\/www.radiopiu.net\/wordpress\/wp-content\/uploads\/2022\/01\/bf3fbf72-0722-4712-a304-b7c22eacd9a1-150x150.jpg\" class=\"attachment-thumbnail size-thumbnail\" alt=\"\" \/><\/a>\n\t\t\t\t<\/dt><\/dl><dl class='gallery-item'>\n\t\t\t\t<dt class='gallery-icon landscape'>\n\t\t\t\t\t<a class=\"rollover rollover-zoom dt-pswp-item\" title=\"5f994202-c3bc-452e-bdb0-44ac678c34f5\" data-dt-img-description=\"\" data-large_image_width=\"576\" data-large_image_height=\"421\"href='https:\/\/www.radiopiu.net\/wordpress\/wp-content\/uploads\/2022\/01\/5f994202-c3bc-452e-bdb0-44ac678c34f5.jpg'><img loading=\"lazy\" decoding=\"async\" width=\"150\" height=\"150\" src=\"https:\/\/www.radiopiu.net\/wordpress\/wp-content\/uploads\/2022\/01\/5f994202-c3bc-452e-bdb0-44ac678c34f5-150x150.jpg\" class=\"attachment-thumbnail size-thumbnail\" alt=\"\" \/><\/a>\n\t\t\t\t<\/dt><\/dl><dl class='gallery-item'>\n\t\t\t\t<dt class='gallery-icon portrait'>\n\t\t\t\t\t<a class=\"rollover rollover-zoom dt-pswp-item\" title=\"b5cfd508-7aa0-4ebf-9057-6ee9cd2caace\" data-dt-img-description=\"\" data-large_image_width=\"1500\" data-large_image_height=\"2000\"href='https:\/\/www.radiopiu.net\/wordpress\/wp-content\/uploads\/2022\/01\/b5cfd508-7aa0-4ebf-9057-6ee9cd2caace.jpg'><img loading=\"lazy\" decoding=\"async\" width=\"150\" height=\"150\" src=\"https:\/\/www.radiopiu.net\/wordpress\/wp-content\/uploads\/2022\/01\/b5cfd508-7aa0-4ebf-9057-6ee9cd2caace-150x150.jpg\" class=\"attachment-thumbnail size-thumbnail\" alt=\"\" \/><\/a>\n\t\t\t\t<\/dt><\/dl><br style=\"clear: both\" \/>\n\t\t\t<\/div>\n\n","protected":false},"excerpt":{"rendered":"<p>ZOLDO Grave incidente con due feriti a Palafavera, intervenuti i volontari di Zoldo e Selva di Cadore.\u00a0 Il Suem per prendersi cura dei feriti. La strada provinciale 251 \u00e8 rimasta chiusa dalle 15.30 fino alle 19. La dinamica \u00e8 al vaglio della Polizia stradale di Valle di Cadore, la collisione tra una Opel Astra e&hellip;<\/p>\n","protected":false},"author":4,"featured_media":254530,"comment_status":"closed","ping_status":"open","sticky":false,"template":"","format":"standard","meta":{"_monsterinsights_skip_tracking":false,"_monsterinsights_sitenote_active":false,"_monsterinsights_sitenote_note":"","_monsterinsights_sitenote_category":0,"footnotes":""},"categories":[51,49],"tags":[],"class_list":["post-254528","post","type-post","status-publish","format-standard","has-post-thumbnail","hentry","category-evidenza-top","category-news-18","category-51","category-49","description-off"],"img_url":"https:\/\/www.radiopiu.net\/wordpress\/wp-content\/uploads\/2022\/01\/bf3fbf72-0722-4712-a304-b7c22eacd9a1.jpg","_links":{"self":[{"href":"https:\/\/www.radiopiu.net\/wordpress\/wp-json\/wp\/v2\/posts\/254528","targetHints":{"allow":["GET"]}}],"collection":[{"href":"https:\/\/www.radiopiu.net\/wordpress\/wp-json\/wp\/v2\/posts"}],"about":[{"href":"https:\/\/www.radiopiu.net\/wordpress\/wp-json\/wp\/v2\/types\/post"}],"author":[{"embeddable":true,"href":"https:\/\/www.radiopiu.net\/wordpress\/wp-json\/wp\/v2\/users\/4"}],"replies":[{"embeddable":true,"href":"https:\/\/www.radiopiu.net\/wordpress\/wp-json\/wp\/v2\/comments?post=254528"}],"version-history":[{"count":0,"href":"https:\/\/www.radiopiu.net\/wordpress\/wp-json\/wp\/v2\/posts\/254528\/revisions"}],"wp:featuredmedia":[{"embeddable":true,"href":"https:\/\/www.radiopiu.net\/wordpress\/wp-json\/wp\/v2\/media\/254530"}],"wp:attachment":[{"href":"https:\/\/www.radiopiu.net\/wordpress\/wp-json\/wp\/v2\/media?parent=254528"}],"wp:term":[{"taxonomy":"category","embeddable":true,"href":"https:\/\/www.radiopiu.net\/wordpress\/wp-json\/wp\/v2\/categories?post=254528"},{"taxonomy":"post_tag","embeddable":true,"href":"https:\/\/www.radiopiu.net\/wordpress\/wp-json\/wp\/v2\/tags?post=254528"}],"curies":[{"name":"wp","href":"https:\/\/api.w.org\/{rel}","templated":true}]}}