{"id":254536,"date":"2022-01-18T05:58:17","date_gmt":"2022-01-18T04:58:17","guid":{"rendered":"https:\/\/www.radiopiu.net\/wordpress\/?p=254536"},"modified":"2022-01-18T09:10:44","modified_gmt":"2022-01-18T08:10:44","slug":"giornale-radiopiu-18-gennaio-2022-direttore-mirko-mezzacasa","status":"publish","type":"post","link":"https:\/\/www.radiopiu.net\/wordpress\/giornale-radiopiu-18-gennaio-2022-direttore-mirko-mezzacasa\/","title":{"rendered":"GIORNALE RADIOPIU 18 GENNAIO 2022 DIRETTORE MIRKO MEZZACASA"},"content":{"rendered":"<h3 class=\"kvgmc6g5 cxmmr5t8 oygrvhab hcukyx3x c1et5uql\"><span style=\"color: #0000ff;\"><strong>INFORMAZIONE il canale su TELEGRAM informazione di prima mano e in tempo reale. iscriviti ed aiutaci a farlo conoscere\u00a0<\/strong><\/span><\/h3>\n<p>&nbsp;<\/p>\n<p>&nbsp;<\/p>\n<hr \/>\n<p>&nbsp;<\/p>\n<p>&nbsp;<\/p>\n<blockquote>\n<h3 align=\"JUSTIFY\"><span style=\"color: #4f4f4f;\"><span style=\"font-size: medium;\"><b><a href=\"https:\/\/www.radiopiu.net\/wordpress\/giornale-radiopiu-18-gennaio-2022-direttore-mirko-mezzacasa\/download-1163\/\" rel=\"attachment wp-att-254772\"><img loading=\"lazy\" decoding=\"async\" class=\"wp-image-254772 alignleft\" src=\"https:\/\/www.radiopiu.net\/wordpress\/wp-content\/uploads\/2022\/01\/download-1.jpg\" alt=\"\" width=\"219\" height=\"146\" \/><\/a>SCI PARALIMPICO. DE SILVESTRO ORO IN COMBINATA.\u00a0<\/b><\/span><\/span><\/h3>\n<\/blockquote>\n<p align=\"JUSTIFY\"><span style=\"color: #4f4f4f;\"><span style=\"font-size: medium;\"><strong>CORTINA<\/strong> Ren\u00e8 De Silvestro \u00e8 entrato nell\u2019olimpo dello sci paralimpico internazionale. Complimenti a questo ragazzo d\u2019acciaio, nel fisico, nella mente, nel cuore. V<\/span><\/span><span style=\"color: #4f4f4f;\"><span style=\"font-size: medium;\">ttoria di Ren\u00e8 De Silvestro nella Combinata di sci alpino (SuperG e Slalom), in categoria sitting ai mondiali di sci paralimpico in corso a Lillehammer.<\/span><\/span><\/p>\n<blockquote>\n<p align=\"JUSTIFY\">\n<\/blockquote>\n<p>&nbsp;<\/p>\n<hr \/>\n<p>&nbsp;<\/p>\n<blockquote>\n<h3><span style=\"color: #ff0000;\">LA CROCE VERDE VAL BIOIS COMUNICA I DISSERVIZI PER IL MESE DI GENNAIO 2022<\/span><\/h3>\n<\/blockquote>\n<p><strong><a href=\"https:\/\/www.radiopiu.net\/wordpress\/lassessore-gianpaolo-bottacin-ribatte-alle-accuse-del-presidente-della-croce-verde-val-biois-stefano-murer\/croce-verde-val-biois-2\/\" rel=\"attachment wp-att-153811\"><img loading=\"lazy\" decoding=\"async\" class=\" wp-image-153811 alignleft\" src=\"https:\/\/www.radiopiu.net\/wordpress\/wp-content\/uploads\/2020\/08\/CROCE-VERDE-VAL-BIOIS-300x225.jpg\" alt=\"\" width=\"157\" height=\"118\" srcset=\"https:\/\/www.radiopiu.net\/wordpress\/wp-content\/uploads\/2020\/08\/CROCE-VERDE-VAL-BIOIS-300x225.jpg 300w, https:\/\/www.radiopiu.net\/wordpress\/wp-content\/uploads\/2020\/08\/CROCE-VERDE-VAL-BIOIS-1024x768.jpg 1024w, https:\/\/www.radiopiu.net\/wordpress\/wp-content\/uploads\/2020\/08\/CROCE-VERDE-VAL-BIOIS-768x576.jpg 768w, https:\/\/www.radiopiu.net\/wordpress\/wp-content\/uploads\/2020\/08\/CROCE-VERDE-VAL-BIOIS-1536x1153.jpg 1536w, https:\/\/www.radiopiu.net\/wordpress\/wp-content\/uploads\/2020\/08\/CROCE-VERDE-VAL-BIOIS.jpg 1599w\" sizes=\"auto, (max-width: 157px) 100vw, 157px\" \/><\/a>FALCADE<\/strong> Anche nel mese di gennaio la Croce Verde Val Biois non assicura l&#8217;assistenza in alcune giornate. A comunicarlo il presidente Stefano Murer. Queste le date dei disservizi: VENERDI&#8217; 21 GENNAIO dalle\u00a0 6 alle 20; SABATO 22 GENNAIO dalle\u00a0 6 alle\u00a0 20; DOMENICA 23 GENNAIO dalle\u00a0 20:00 alle 6 di LUNEDI&#8217; 24 GENNAIO; VENERDI&#8217; 28 GENNAIO dalle 6:00 alle 20:00; SABATO 29 GENNAIO dalle 6:00 alle\u00a0 20:00.<\/p>\n<p>&nbsp;<\/p>\n<p>&nbsp;<\/p>\n<p>&nbsp;<\/p>\n<hr \/>\n<p>&nbsp;<\/p>\n<p>&nbsp;<\/p>\n<blockquote>\n<div class=\"page-title-head hgroup\">\n<h3 class=\"entry-title\">FELTRE PIANGE UN IMPRENDITORE ESEMPLARE, IAN PANCIERA<\/h3>\n<\/div>\n<\/blockquote>\n<div class=\"page-title-breadcrumbs\">\n<p><strong><img loading=\"lazy\" decoding=\"async\" class=\"alignright\" src=\"https:\/\/www.radiopiu.net\/wordpress\/wp-content\/uploads\/2022\/01\/IANPANCIERA_1642431367673_COLORE.webp\" width=\"181\" height=\"102\" \/>FELTRE\u00a0 <\/strong>La citt\u00e0 piange Ian Panciera, titolare dell&#8217;omonimo negozio di arredamenti, aveva 52 anni si \u00e8 spento tra le mura di casa.\u00a0 Ian Panciera, da ragazzo, negli anni 80,\u00a0 ha avviato la prima attivit\u00e0 in zona Lentiai assieme al fratello maggiore Valerio.\u00a0 A Belluno nasce l\u2019Emporio del Mobile che con il passare degli anni si espande con punti vendita a Trento, Bolzano e Feltre. Nel 2002 la societ\u00e0 si scioglie e Ian apre Panciera Arredamenti in via Colleoni e nel 2009 trasferisce l\u2019attivit\u00e0 nella attuale sede di viale Pedavena. Migliaia e migliaia le persone che in questi anni hanno varcato le porte del negozio. Oggi l&#8217;attivit\u00e0 \u00e8 seguita in prima persona dalla figlia Emma, 24 anni,\u00a0 nuovo amministratore della societ\u00e0. Toccher\u00e0 a lei portare avanti l\u2019attivit\u00e0 costruita dal pap\u00e0.<\/p>\n<p>&nbsp;<\/p>\n<\/div>\n<blockquote><p>&nbsp;<\/p>\n<p>&nbsp;<\/p>\n<hr \/>\n<h2><\/h2>\n<h2>E&#8217; MANCATO IL PERITO MINERARIO GIOVANNI SOCCOL, IL RICORDO DEI COLLEGHI<\/h2>\n<\/blockquote>\n<p><strong>TAIBON<\/strong><\/p>\n<p><strong>DI GIANNI SANTOMASO<\/strong><\/p>\n<p><strong>AUDIO<\/strong><\/p>\n<audio class=\"wp-audio-shortcode\" id=\"audio-254536-1\" preload=\"none\" style=\"width: 100%;\" controls=\"controls\"><source type=\"audio\/mpeg\" src=\"https:\/\/www.radiopiu.net\/wordpress\/wp-content\/uploads\/2022\/01\/GIANNI-MORTO-SOCCOL.mp3?_=1\" \/><a href=\"https:\/\/www.radiopiu.net\/wordpress\/wp-content\/uploads\/2022\/01\/GIANNI-MORTO-SOCCOL.mp3\">https:\/\/www.radiopiu.net\/wordpress\/wp-content\/uploads\/2022\/01\/GIANNI-MORTO-SOCCOL.mp3<\/a><\/audio>\n<blockquote><p><strong>\u00a0Giovanni Soccol. Nella\u00a0 foto a destra l&#8217;intervento al convegno organizzato dall&#8217;Apim per il 150\u00b0 del Follador, il 30 dicembre 2016<\/strong><\/p><\/blockquote>\n\n\t\t\t<style type='text\/css'>\n\t\t\t\t#gallery-1 {\n\t\t\t\t\tmargin: auto;\n\t\t\t\t}\n\t\t\t\t#gallery-1 .gallery-item {\n\t\t\t\t\tfloat: left;\n\t\t\t\t\tmargin-top: 10px;\n\t\t\t\t\ttext-align: center;\n\t\t\t\t\twidth: 50%;\n\t\t\t\t}\n\t\t\t\t#gallery-1 img {\n\t\t\t\t\tborder: 2px solid #cfcfcf;\n\t\t\t\t}\n\t\t\t\t#gallery-1 .gallery-caption {\n\t\t\t\t\tmargin-left: 0;\n\t\t\t\t}\n\t\t\t\t\/* see gallery_shortcode() in wp-includes\/media.php *\/\n\t\t\t<\/style>\n\t\t<div id='gallery-1' class='dt-gallery-container gallery galleryid-254536 gallery-columns-2 gallery-size-thumbnail'><dl class='gallery-item'>\n\t\t\t\t<dt class='gallery-icon portrait'>\n\t\t\t\t\t<a class=\"rollover rollover-zoom dt-pswp-item\" title=\"0ee1101e-2a7e-4fad-abde-daead01c204f\" data-dt-img-description=\"\" data-large_image_width=\"718\" data-large_image_height=\"766\"href='https:\/\/www.radiopiu.net\/wordpress\/wp-content\/uploads\/2022\/01\/0ee1101e-2a7e-4fad-abde-daead01c204f.jpg'><img loading=\"lazy\" decoding=\"async\" width=\"150\" height=\"150\" src=\"https:\/\/www.radiopiu.net\/wordpress\/wp-content\/uploads\/2022\/01\/0ee1101e-2a7e-4fad-abde-daead01c204f-150x150.jpg\" class=\"attachment-thumbnail size-thumbnail\" alt=\"\" \/><\/a>\n\t\t\t\t<\/dt><\/dl><dl class='gallery-item'>\n\t\t\t\t<dt class='gallery-icon landscape'>\n\t\t\t\t\t<a class=\"rollover rollover-zoom dt-pswp-item\" title=\"7040caa9-eaf2-4f07-9ff7-810889971adb\" data-dt-img-description=\"\" data-large_image_width=\"1495\" data-large_image_height=\"996\"href='https:\/\/www.radiopiu.net\/wordpress\/wp-content\/uploads\/2022\/01\/7040caa9-eaf2-4f07-9ff7-810889971adb.jpg'><img loading=\"lazy\" decoding=\"async\" width=\"150\" height=\"150\" src=\"https:\/\/www.radiopiu.net\/wordpress\/wp-content\/uploads\/2022\/01\/7040caa9-eaf2-4f07-9ff7-810889971adb-150x150.jpg\" class=\"attachment-thumbnail size-thumbnail\" alt=\"\" \/><\/a>\n\t\t\t\t<\/dt><\/dl><br style=\"clear: both\" \/>\n\t\t\t<\/div>\n\n<p>&nbsp;<\/p>\n<p>&nbsp;<\/p>\n<hr \/>\n<p>&nbsp;<\/p>\n<blockquote>\n<h3><\/h3>\n<h3>DOMANI A VILLABRUNA I FUNERALI DI IVAN GAIO<\/h3>\n<\/blockquote>\n<p><strong><a href=\"https:\/\/www.radiopiu.net\/wordpress\/aggfeaaaasdasd\/f588b0aa-6568-4e73-a197-3cd14ac699af\/\" rel=\"attachment wp-att-254148\"><img loading=\"lazy\" decoding=\"async\" class=\"wp-image-254148 alignleft\" src=\"https:\/\/www.radiopiu.net\/wordpress\/wp-content\/uploads\/2022\/01\/f588b0aa-6568-4e73-a197-3cd14ac699af-291x300.jpg\" alt=\"\" width=\"109\" height=\"112\" srcset=\"https:\/\/www.radiopiu.net\/wordpress\/wp-content\/uploads\/2022\/01\/f588b0aa-6568-4e73-a197-3cd14ac699af-291x300.jpg 291w, https:\/\/www.radiopiu.net\/wordpress\/wp-content\/uploads\/2022\/01\/f588b0aa-6568-4e73-a197-3cd14ac699af-993x1024.jpg 993w, https:\/\/www.radiopiu.net\/wordpress\/wp-content\/uploads\/2022\/01\/f588b0aa-6568-4e73-a197-3cd14ac699af-768x792.jpg 768w, https:\/\/www.radiopiu.net\/wordpress\/wp-content\/uploads\/2022\/01\/f588b0aa-6568-4e73-a197-3cd14ac699af.jpg 1079w\" sizes=\"auto, (max-width: 109px) 100vw, 109px\" \/><\/a>FELTRE <\/strong>Si svolgeranno domani alle 14,30 nella chiesa di Villabruna i funerali di Ivan Gaio, marito, padre, alpino, volontario morto a soli 52 anni per una drammatica fatalit\u00e0, nel tentativo di spegnere un incendio che si era sviluppato nella baracca utilizzata dal suocero come piccola officina.\u00a0 La funzione si svolger\u00e0 con l&#8217;utilizzo di un impianto audio esterno cos\u00ec da permettere la partecipazione a un numero pi\u00f9 elevato di persone di quante la chiesa potrebbe contenere, tenuto conto anche delle imposizioni legate al contenimento dei contagi del Covid 19.<\/p>\n<p>&nbsp;<\/p>\n<p>&nbsp;<\/p>\n<hr \/>\n<blockquote>\n<h3><\/h3>\n<h3>L&#8217;ABM PIANGE IL PRESIDENTE DELLA FAMIGLIA EMIGRANTI DI LUCERNA &#8211; SVIZZERA<\/h3>\n<\/blockquote>\n<p><strong><img loading=\"lazy\" decoding=\"async\" class=\"alignleft\" src=\"https:\/\/www.radiopiu.net\/wordpress\/wp-content\/uploads\/2022\/01\/giuseppe_deon.jpg\" width=\"140\" height=\"157\" \/>BELLUNO<\/strong> Giuseppe Deon presidente della Famiglia Bellunese di Lucerna\u00a0 \u00e8 morto all&#8217;et\u00e0 di 87 anni. <em>&#8220;L\u2019Associazione Bellunesi nel Mondo \u00e8 vicina ai figli Luca, Monica e Milena &#8211; le parole del presidente Abm Oscar De Bona &#8211; Bepi \u00e8 stato un vero punto di riferimento per la nostra Associazione e le porte di casa sua erano sempre aperte per i bellunesi che venivano in visita a Lucerna e anche per tutti noi dirigenti\u00bb. <\/em>\u00a0\u201cBepi&#8221; originario di Belluno subito dopo la seconda guerra mondiale \u00e8 emigrato in Svizzera prendendo servizio alla fabbrica \u201cViscoviss\u201d, dove intraprende una soddisfacente carriera e dove incontra Teresina Perenzin, anch\u2019ella bellunese, sua futura sposa. <em>&#8220;Vogliamo ricordare Bepi &#8211; conclude De Bona &#8211; nel 2018, in occasione dell\u2019intitolazione di \u201cBelluno platz\u201d, una piazza presente dove si trovava la storica azienda Viscoviss. All\u2019intitolazione era presente anche Bepi, emozionato ed orgoglioso di avere lavorato per molti anni in quella fabbrica&#8221;.<\/em><\/p>\n<p>&nbsp;<\/p>\n<p>&nbsp;<\/p>\n<hr \/>\n<p>&nbsp;<\/p>\n<blockquote>\n<h3>SCONTRO IN PISTA, SOCCORSO UN TEDESCO SULLA VITELLI ALTA<\/h3>\n<\/blockquote>\n<p><strong><a href=\"https:\/\/www.radiopiu.net\/wordpress\/254746-2\/f949d349-bf57-4602-9374-7768cc3defec\/\" rel=\"attachment wp-att-254747\"><img loading=\"lazy\" decoding=\"async\" class=\" wp-image-254747 alignleft\" src=\"https:\/\/www.radiopiu.net\/wordpress\/wp-content\/uploads\/2022\/01\/f949d349-bf57-4602-9374-7768cc3defec-300x225.jpg\" alt=\"\" width=\"252\" height=\"189\" srcset=\"https:\/\/www.radiopiu.net\/wordpress\/wp-content\/uploads\/2022\/01\/f949d349-bf57-4602-9374-7768cc3defec-300x225.jpg 300w, https:\/\/www.radiopiu.net\/wordpress\/wp-content\/uploads\/2022\/01\/f949d349-bf57-4602-9374-7768cc3defec-768x576.jpg 768w, https:\/\/www.radiopiu.net\/wordpress\/wp-content\/uploads\/2022\/01\/f949d349-bf57-4602-9374-7768cc3defec.jpg 1024w\" sizes=\"auto, (max-width: 252px) 100vw, 252px\" \/><\/a>CORTINA<\/strong> Intervento dei Carabinieri sugli sci nel pomeriggio di oggi a 2300 metri di altezza, nel comprensorio del Faloria lungo la pista &#8220;VItelli Alta&#8221;.<\/p>\n<p>Gli uomini dell&#8217;Arma, squadra Soccorso Alpino, hanno prestato soccorso &#8211; unitamente al personale 118 di Pieve di Cadore &#8211; a un cittadino tedesco di 65 anni.<\/p>\n<p>Per cause da accertare l&#8217;uomo si \u00e8 scontrato con un secondo sciatore riportando un trauma cranico, Soccorso \u00e8 stato trasportato all&#8217;ospedale di Belluno dove attualmente \u00e8 in osservazione, non \u00e8 in pericolo di vita.<\/p>\n<p>&nbsp;<\/p>\n<p>&nbsp;<\/p>\n<p>&nbsp;<\/p>\n<p>&nbsp;<\/p>\n<hr \/>\n<p>&nbsp;<\/p>\n<blockquote>\n<h3>L&#8217;UFFICIO TECNICO SENZA PERSONALE RIMANE CHIUSO FINO A VENERDI<\/h3>\n<\/blockquote>\n<p><strong><img loading=\"lazy\" decoding=\"async\" class=\"alignleft\" src=\"https:\/\/www.radiopiu.net\/wordpress\/wp-content\/uploads\/2020\/07\/861bcade-2042-4653-bdfe-7008f1b9081f.jpg\" width=\"242\" height=\"182\" \/>AGORDO<\/strong><\/p>\n<p><strong>DI GIANNI SANTOMASO<\/strong><\/p>\n<p><strong>AUDIO<\/strong><\/p>\n<audio class=\"wp-audio-shortcode\" id=\"audio-254536-2\" preload=\"none\" style=\"width: 100%;\" controls=\"controls\"><source type=\"audio\/mpeg\" src=\"https:\/\/www.radiopiu.net\/wordpress\/wp-content\/uploads\/2022\/01\/GIANNI-GIULIO.mp3?_=2\" \/><a href=\"https:\/\/www.radiopiu.net\/wordpress\/wp-content\/uploads\/2022\/01\/GIANNI-GIULIO.mp3\">https:\/\/www.radiopiu.net\/wordpress\/wp-content\/uploads\/2022\/01\/GIANNI-GIULIO.mp3<\/a><\/audio>\n<p>&nbsp;<\/p>\n<p>&nbsp;<\/p>\n<hr \/>\n<p>&nbsp;<\/p>\n<blockquote>\n<h3>TARGHE ESTERE,\u00a0 LE INFORMAZIONI\u00a0 DI UN INFURIATO SINDACO DI ZOLDO CAMILLO DE PELLEGRIN<\/h3>\n<\/blockquote>\n<div>\n<div class=\"\" dir=\"auto\">\n<div id=\"jsc_c_6n8\" class=\"ecm0bbzt hv4rvrfc dati1w0a e5nlhep0\" data-ad-comet-preview=\"message\" data-ad-preview=\"message\">\n<div class=\"j83agx80 cbu4d94t ew0dbk1b irj2b8pg\">\n<div class=\"qzhwtbm6 knvmm38d\">\n<div class=\"kvgmc6g5 cxmmr5t8 oygrvhab hcukyx3x c1et5uql ii04i59q\">\n<blockquote>\n<div dir=\"auto\"><strong><a href=\"https:\/\/www.radiopiu.net\/wordpress\/giornale-radiopiu-18-gennaio-2022-direttore-mirko-mezzacasa\/28056423_1570743069705719_9091845138820201561_n-3\/\" rel=\"attachment wp-att-254798\"><img loading=\"lazy\" decoding=\"async\" class=\"wp-image-254798 alignleft\" src=\"https:\/\/www.radiopiu.net\/wordpress\/wp-content\/uploads\/2022\/01\/28056423_1570743069705719_9091845138820201561_n-300x300.jpg\" alt=\"\" width=\"143\" height=\"143\" srcset=\"https:\/\/www.radiopiu.net\/wordpress\/wp-content\/uploads\/2022\/01\/28056423_1570743069705719_9091845138820201561_n-300x300.jpg 300w, https:\/\/www.radiopiu.net\/wordpress\/wp-content\/uploads\/2022\/01\/28056423_1570743069705719_9091845138820201561_n-150x150.jpg 150w, https:\/\/www.radiopiu.net\/wordpress\/wp-content\/uploads\/2022\/01\/28056423_1570743069705719_9091845138820201561_n-768x767.jpg 768w, https:\/\/www.radiopiu.net\/wordpress\/wp-content\/uploads\/2022\/01\/28056423_1570743069705719_9091845138820201561_n.jpg 960w\" sizes=\"auto, (max-width: 143px) 100vw, 143px\" \/><\/a>ZOLDO<\/strong> &#8220;<em>In attesa di approfondimenti, si segnala che sono state approvate modifiche all&#8217;articolo 93 del codice della strada di prossima pubblicazione in Gazzetta ufficiale. Da una prima lettura sembra che invece che accogliere le richieste di modifica per consentire, a determinate condizioni, la guida ai residenti in Italia da pi\u00f9 di 60 giorni che lavorano all&#8217;estero, la norma preveda un regime ancora pi\u00f9 restrittivo e complicato. Alcuni punti andranno chiariti. Attendiamo la pubblicazione per dare maggiori informazioni&#8221;<br \/>\n<\/em><strong>il Sindaco<\/strong><\/div>\n<\/blockquote>\n<\/div>\n<\/div>\n<\/div>\n<\/div>\n<\/div>\n<\/div>\n<div>\n<div class=\"stjgntxs ni8dbmo4 l82x9zwi uo3d90p7 h905i5nu monazrh9\" data-visualcompletion=\"ignore-dynamic\">\n<div>\n<div>\n<div>\n<div class=\"l9j0dhe7\">\n<div class=\"bp9cbjyn m9osqain j83agx80 jq4qci2q bkfpd7mw a3bd9o3v kvgmc6g5 wkznzc2l oygrvhab dhix69tm jktsbyx5 rz4wbd8a osnr6wyh a8nywdso s1tcr66n\">\n<div class=\"bp9cbjyn j83agx80 buofh1pr ni8dbmo4 stjgntxs\"><\/div>\n<\/div>\n<\/div>\n<div class=\"tvfksri0 ozuftl9m jmbispl3 olo4ujb6\">\n<div class=\"rq0escxv l9j0dhe7 du4w35lb j83agx80 pfnyh3mw i1fnvgqd gs1a9yip owycx6da btwxx1t3 ph5uu5jm b3onmgus e5nlhep0 ecm0bbzt nkwizq5d roh60bw9 mysgfdmx hddg9phg\">\n<div class=\"rq0escxv l9j0dhe7 du4w35lb j83agx80 cbu4d94t d2edcug0 hpfvmrgz rj1gh0hx buofh1pr g5gj957u n8tt0mok hyh9befq iuny7tx3 ipjc6fyt\">\n<div class=\"oajrlxb2 gs1a9yip g5ia77u1 mtkw9kbi tlpljxtp qensuy8j ppp5ayq2 goun2846 ccm00jje s44p3ltw mk2mc5f4 rt8b4zig n8ej3o3l agehan2d sk4xxmp2 rq0escxv nhd2j8a9 mg4g778l pfnyh3mw p7hjln8o kvgmc6g5 cxmmr5t8 oygrvhab hcukyx3x tgvbjcpo hpfvmrgz jb3vyjys rz4wbd8a qt6c0cv9 a8nywdso l9j0dhe7 i1ao9s8h esuyzwwr f1sip0of du4w35lb n00je7tq arfg74bv qs9ysxi8 k77z8yql pq6dq46d btwxx1t3 abiwlrkh p8dawk7l lzcic4wl\" tabindex=\"0\" role=\"button\" aria-label=\"Invia questo elemento ai tuoi amici o pubblicalo sul tuo diario.\">\n<div class=\"n00je7tq arfg74bv qs9ysxi8 k77z8yql i09qtzwb n7fi1qx3 b5wmifdl hzruof5a pmk7jnqg j9ispegn kr520xx4 c5ndavph art1omkt ot9fgl3s\" data-visualcompletion=\"ignore\"><\/div>\n<\/div>\n<\/div>\n<\/div>\n<\/div>\n<\/div>\n<\/div>\n<div class=\"cwj9ozl2 tvmbv18p\"><\/div>\n<\/div>\n<\/div>\n<\/div>\n<p>&nbsp;<\/p>\n<hr \/>\n<blockquote>\n<h3><\/h3>\n<h3>CANTIERI ALLEGHESI, DA PIAZZA KENNEDY ALLA PIAZZA DI CAPRILE<\/h3>\n<\/blockquote>\n<p><strong><img loading=\"lazy\" decoding=\"async\" class=\"alignleft\" src=\"https:\/\/www.radiopiu.net\/wordpress\/wp-content\/uploads\/2022\/01\/th-10.jpg\" width=\"149\" height=\"111\" \/>ALLEGHE<\/strong><\/p>\n<p><strong>DI GIANNI SANTOMASO<\/strong><\/p>\n<p>&nbsp;<\/p>\n<p><strong>AUDIO<\/strong><\/p>\n<audio class=\"wp-audio-shortcode\" id=\"audio-254536-3\" preload=\"none\" style=\"width: 100%;\" controls=\"controls\"><source type=\"audio\/mpeg\" src=\"https:\/\/www.radiopiu.net\/wordpress\/wp-content\/uploads\/2022\/01\/danilo-de-toni-alleghe-palestra.mp3?_=3\" \/><a href=\"https:\/\/www.radiopiu.net\/wordpress\/wp-content\/uploads\/2022\/01\/danilo-de-toni-alleghe-palestra.mp3\">https:\/\/www.radiopiu.net\/wordpress\/wp-content\/uploads\/2022\/01\/danilo-de-toni-alleghe-palestra.mp3<\/a><\/audio>\n<p>&nbsp;<\/p>\n<p>&nbsp;<\/p>\n<p>&nbsp;<\/p>\n<hr \/>\n<p>&nbsp;<\/p>\n<blockquote>\n<h2>FEDERICO SORDINI, PROVA DI COERENZA &#8220;MI DIMETTO&#8221;<\/h2>\n<\/blockquote>\n<p><strong>ALLEGHE<\/strong> Coerente fino alla fine nel rispetto di ideali di libert\u00e0 e scelte individuali. Federico Sordini, presidente del Cai di Caprile ha dato le dimissioni per incompatibilit\u00e0 tra visione personale e ruolo istituzionale &#8220;Sono costretto, con effetto immediato a dare le dimissioni da presidente della sezione Cai di Caprile&#8221;. Lo ha scritto lo stess\u00a0 Federico Sordini alle direzione centrale del Cai e lo ha comunicato sulla sua pagina facebook. E&#8217; la reazione alla richiesta di controllare lo stato vaccinale degli iscritti tramite quella che <a href=\"https:\/\/www.radiopiu.net\/wordpress\/federico-sordini-prova-di-coerenza-mi-dimetto\/27625144_10154939867542100_2078654597081424829_o\/\" rel=\"attachment wp-att-254804\"><img loading=\"lazy\" decoding=\"async\" class=\"size-medium wp-image-254804 alignleft\" src=\"https:\/\/www.radiopiu.net\/wordpress\/wp-content\/uploads\/2022\/01\/27625144_10154939867542100_2078654597081424829_o-300x300.jpg\" alt=\"\" width=\"300\" height=\"300\" srcset=\"https:\/\/www.radiopiu.net\/wordpress\/wp-content\/uploads\/2022\/01\/27625144_10154939867542100_2078654597081424829_o-300x300.jpg 300w, https:\/\/www.radiopiu.net\/wordpress\/wp-content\/uploads\/2022\/01\/27625144_10154939867542100_2078654597081424829_o-1024x1024.jpg 1024w, https:\/\/www.radiopiu.net\/wordpress\/wp-content\/uploads\/2022\/01\/27625144_10154939867542100_2078654597081424829_o-150x150.jpg 150w, https:\/\/www.radiopiu.net\/wordpress\/wp-content\/uploads\/2022\/01\/27625144_10154939867542100_2078654597081424829_o-768x768.jpg 768w, https:\/\/www.radiopiu.net\/wordpress\/wp-content\/uploads\/2022\/01\/27625144_10154939867542100_2078654597081424829_o.jpg 1440w\" sizes=\"auto, (max-width: 300px) 100vw, 300px\" \/><\/a>definisce &#8220;applicazione telematica governativa&#8221;, ovvero la app per verificare il green pass rafforzato.<\/p>\n<p>&nbsp;<\/p>\n<p><strong>IL MESSAGGIO AGLI ISCRITTI<\/strong> <em>Cari iscritti al gruppo e soci della Sezione di Caprile, vi comunico che a seguito di una totale divergenza di vedute tra me e il CAI Nazionale che richiede ai Presidenti di Sezione di controllare lo stato vaccinale dei soci che partecipano alle attivit\u00e0 escursionistiche, attraverso l\u2019utilizzo di applicazioni telematiche governative, mi vedo costretto a dimettermi dal ruolo di Presidente di Sezione poich\u00e9 non \u00e8 mia intenzione ne\u2019 ora ne\u2019 mai collaborare al controllo sanitario degli iscritti. Le mie motivazioni dettagliate le troverete nella lettera allegata. A mio ognuno di noi ha l&#8217;obbligo morale di ostacolare questa deriva insensata di procedure che nulla hanno a che vedere con il contenimento della malattia. Spero che il mio gesto ispiri altre persone ad rifiutarsi apertamente e pubblicamente di sottostare a una decisione iniqua ed irrispettosa del diritto alla privacy. Un saluto a tutti e ricordatevi di battervi sempre per una montagna accessibile, selvaggia e libera.<\/em><\/p>\n<p>&nbsp;<\/p>\n<hr \/>\n<blockquote>\n<h3><\/h3>\n<h3>INDICE DI INCIDENZA 1981 IN AUMENTO MA INFERIORE AL DATO NAZIONALE\u00a0 A CORTINA SONO TRIPLICATI I POSITIVI DA 140 A 385 E IL PICCO E&#8217; ANCORA LONTANO.<\/h3>\n<\/blockquote>\n<p><strong>BELLUNO<\/strong> Ulteriore incremento delle nuove positivit\u00e0 registrate in quella che si definisce \u201cquarta ondata\u201d., i nuovi casi rilevati nell\u2019ultima settimana sono 3.954 (+874 rispetto alla scorsa settimana), con un conseguente tasso di incidenza settimanale di 1.981 casi su 100 mila abitanti, in aumento rispetto alla settimana precedente, ma ancora lievemente inferiore all&#8217;incidenza nazionale (2.058 su 100 mila abitanti). Positivi attuali: 7519.<\/p>\n<p>&nbsp;<\/p>\n<p><a href=\"https:\/\/www.radiopiu.net\/wordpress\/indice-di-incidenza-1981-in-aumento-ma-inferiore-al-dato-nazionale\/4bf3a0cb-9f39-4785-a4c8-a702ea95482b\/\" rel=\"attachment wp-att-254757\"><img loading=\"lazy\" decoding=\"async\" class=\"alignnone wp-image-254757 size-large\" src=\"https:\/\/www.radiopiu.net\/wordpress\/wp-content\/uploads\/2022\/01\/4bf3a0cb-9f39-4785-a4c8-a702ea95482b-1024x390.jpg\" alt=\"\" width=\"1024\" height=\"390\" srcset=\"https:\/\/www.radiopiu.net\/wordpress\/wp-content\/uploads\/2022\/01\/4bf3a0cb-9f39-4785-a4c8-a702ea95482b-1024x390.jpg 1024w, https:\/\/www.radiopiu.net\/wordpress\/wp-content\/uploads\/2022\/01\/4bf3a0cb-9f39-4785-a4c8-a702ea95482b-300x114.jpg 300w, https:\/\/www.radiopiu.net\/wordpress\/wp-content\/uploads\/2022\/01\/4bf3a0cb-9f39-4785-a4c8-a702ea95482b-768x293.jpg 768w, https:\/\/www.radiopiu.net\/wordpress\/wp-content\/uploads\/2022\/01\/4bf3a0cb-9f39-4785-a4c8-a702ea95482b-1536x586.jpg 1536w, https:\/\/www.radiopiu.net\/wordpress\/wp-content\/uploads\/2022\/01\/4bf3a0cb-9f39-4785-a4c8-a702ea95482b.jpg 1600w\" sizes=\"auto, (max-width: 1024px) 100vw, 1024px\" \/><\/a><\/p>\n<p>&nbsp;<\/p>\n<p><a href=\"https:\/\/www.radiopiu.net\/wordpress\/indice-di-incidenza-1981-in-aumento-ma-inferiore-al-dato-nazionale\/0394cced-26ad-441d-b8bb-0270116063f8\/\" rel=\"attachment wp-att-254758\"><img loading=\"lazy\" decoding=\"async\" class=\"wp-image-254758 alignleft\" src=\"https:\/\/www.radiopiu.net\/wordpress\/wp-content\/uploads\/2022\/01\/0394cced-26ad-441d-b8bb-0270116063f8.jpg\" alt=\"\" width=\"346\" height=\"353\" srcset=\"https:\/\/www.radiopiu.net\/wordpress\/wp-content\/uploads\/2022\/01\/0394cced-26ad-441d-b8bb-0270116063f8.jpg 917w, https:\/\/www.radiopiu.net\/wordpress\/wp-content\/uploads\/2022\/01\/0394cced-26ad-441d-b8bb-0270116063f8-294x300.jpg 294w, https:\/\/www.radiopiu.net\/wordpress\/wp-content\/uploads\/2022\/01\/0394cced-26ad-441d-b8bb-0270116063f8-768x784.jpg 768w\" sizes=\"auto, (max-width: 346px) 100vw, 346px\" \/><\/a>Nella settimana 10-16 gennaio: Il rapporto tra nuovi positivi vaccinati sulla popolazione vaccinata con terza dose \u00e8 di 4,5 casi su 1.000 abitanti. Il rapporto tra nuovi positivi non vaccinati su popolazione non vaccinata \u00e8 di 28,4 casi su 1000<\/p>\n<blockquote>\n<h3>LA MAPPA DEL CONTAGIO\u00a0 Nell&#8217;ultima settimana nessun Comune \u00e8 bianco, ovvero privo di nuovi contagi. Diminuiscono rispetto a sette giorni i Comuni con oltre 2000 casi ogni 100mila abitanti: Calalzo, Perarolo, Danta e Sospirolo. Nella maggior parte dei Comuni oltre 1000 casi ogni 100 mila abitanti. Meglio a La Valle, Rocca Pietore, Vodo, Cibianam Ospitale e San Nicolo&#8217; con 126 casi ogni 100mila abitanti<\/h3>\n<\/blockquote>\n<p>&nbsp;<\/p>\n<p><span style=\"color: #000000;\"><span style=\"font-family: Calibri, serif;\"><span style=\"color: #c9211e;\"><span style=\"font-size: medium;\"><b>TERAPIA CON ANTICORPI MONOCLONALI E MOLNUPIRAVIR <\/b><\/span><\/span><\/span><\/span><span style=\"color: #000000;\"><span style=\"font-family: Calibri, serif;\"><span style=\"font-size: medium;\">sono stati somministrati 15<\/span><b> <\/b><span style=\"font-size: medium;\">trattamenti con monoclonali dall\u2019Unit\u00e0 Operativa di Malattie Infettive di Belluno, per un totale di 284 dosi complessive. <\/span><\/span><\/span><span style=\"color: #000000;\"><span style=\"font-family: Calibri, serif;\"><span style=\"font-size: medium;\">Questa settimana sono stati prescritti 3 trattamenti con Molnupiravir, <\/span><\/span><\/span><span style=\"color: #000000;\"><span style=\"font-family: Calibri, serif;\"><span style=\"color: #212529;\"><span style=\"font-size: medium;\">\u00a0farmaco antivirale orale, il cui utilizzo \u00e8 indicato entro 5 giorni dall\u2019insorgenza dei sintomi in pazienti che presentano particolari fattori di rischio tra cui l\u2019obesit\u00e0, la BPCO, l\u2019insufficienza renale cronica, il diabete, etc.\u00a0<\/span><\/span><\/span><\/span><\/p>\n<p><span style=\"color: #000000;\"><span style=\"font-family: Calibri, serif;\"><span style=\"color: #c9211e;\"><span style=\"font-size: medium;\"><b>RICOVERI<\/b><\/span><\/span><\/span><\/span><\/p>\n<p><span style=\"color: #000000;\"><span style=\"font-family: Calibri, serif;\"><span style=\"font-size: medium;\">Sono attualmente ricoverati <\/span><\/span><\/span><\/p>\n<table border=\"1\" width=\"525\" frame=\"HSIDES\" rules=\"GROUPS\" cellspacing=\"0\" cellpadding=\"7\">\n<tbody>\n<tr valign=\"TOP\">\n<td bgcolor=\"#ffffff\" width=\"161\"><span style=\"color: #365f91;\"><b><span style=\"font-size: medium;\">Area <\/span><\/b><\/span><\/td>\n<td bgcolor=\"#ffffff\" width=\"161\">\n<p align=\"CENTER\"><span style=\"color: #365f91;\"><b><span style=\"font-size: medium;\">N totale pazienti ricoverati<\/span><\/b><\/span><\/p>\n<\/td>\n<td width=\"161\">\n<p align=\"CENTER\"><span style=\"color: #365f91;\"><b><span style=\"font-size: medium;\">Di cui motivo del ricovero \u201cno covid\u201d<\/span><\/b><\/span><\/p>\n<\/td>\n<\/tr>\n<\/tbody>\n<tbody>\n<tr valign=\"TOP\">\n<td bgcolor=\"#d3dfee\" width=\"161\"><span style=\"color: #365f91;\"><b><span style=\"font-size: medium;\">Terapia Intensiva <\/span><\/b><\/span><\/td>\n<td bgcolor=\"#ffffff\" width=\"161\">\n<p align=\"CENTER\"><span style=\"color: #365f91;\"><span style=\"font-size: medium;\"><b>6<\/b><\/span><\/span><\/p>\n<\/td>\n<td bgcolor=\"#d3dfee\" width=\"161\"><\/td>\n<\/tr>\n<tr valign=\"TOP\">\n<td bgcolor=\"#ffffff\" width=\"161\"><span style=\"color: #365f91;\"><b><span style=\"font-size: medium;\">Area non critica <\/span><\/b><\/span><\/td>\n<td bgcolor=\"#ffffff\" width=\"161\">\n<p align=\"CENTER\"><span style=\"color: #365f91;\"><span style=\"font-size: medium;\"><b>39<\/b><\/span><\/span><\/p>\n<\/td>\n<td width=\"161\">\n<p align=\"CENTER\"><span style=\"color: #365f91;\"><span style=\"font-size: medium;\"><b>4<\/b><\/span><\/span><\/p>\n<\/td>\n<\/tr>\n<tr valign=\"TOP\">\n<td bgcolor=\"#d3dfee\" width=\"161\"><span style=\"color: #365f91;\"><b><span style=\"font-size: medium;\">Ospedale di Comunit\u00e0 <\/span><\/b><\/span><\/td>\n<td bgcolor=\"#ffffff\" width=\"161\">\n<p align=\"CENTER\"><span style=\"color: #365f91;\"><span style=\"font-size: medium;\"><b>12<\/b><\/span><\/span><\/p>\n<\/td>\n<td bgcolor=\"#d3dfee\" width=\"161\"><\/td>\n<\/tr>\n<\/tbody>\n<\/table>\n<p><span style=\"color: #000000;\"><span style=\"font-family: Calibri, serif;\"><span style=\"font-size: medium;\">Il 100% dei pazienti ricoverati in TERAPIA INTENSIVA \u00e8 NON vaccinato. Il 52% dei pazienti ricoverati in area non critica e ospedale di comunit\u00e0 \u00e8 NON vaccinato.\u00a0<\/span><\/span><\/span><span style=\"color: #000000;\"> <span style=\"font-family: Calibri, serif;\"><span style=\"font-size: medium;\">La maggior parte delle persone ricoverate vaccinate ha ricevuto la seconda dose pi\u00f9 di cinque\/sei mesi fa.<\/span><\/span><\/span><\/p>\n<p>&nbsp;<\/p>\n<blockquote><p><a href=\"https:\/\/www.radiopiu.net\/wordpress\/indice-di-incidenza-1981-in-aumento-ma-inferiore-al-dato-nazionale\/b7a0e55d-654e-4740-bfec-a7020f84ccb9-2\/\" rel=\"attachment wp-att-254760\"><img loading=\"lazy\" decoding=\"async\" class=\"alignnone wp-image-254760 size-full\" src=\"https:\/\/www.radiopiu.net\/wordpress\/wp-content\/uploads\/2022\/01\/b7a0e55d-654e-4740-bfec-a7020f84ccb9-1.jpg\" alt=\"\" width=\"893\" height=\"591\" srcset=\"https:\/\/www.radiopiu.net\/wordpress\/wp-content\/uploads\/2022\/01\/b7a0e55d-654e-4740-bfec-a7020f84ccb9-1.jpg 893w, https:\/\/www.radiopiu.net\/wordpress\/wp-content\/uploads\/2022\/01\/b7a0e55d-654e-4740-bfec-a7020f84ccb9-1-300x199.jpg 300w, https:\/\/www.radiopiu.net\/wordpress\/wp-content\/uploads\/2022\/01\/b7a0e55d-654e-4740-bfec-a7020f84ccb9-1-768x508.jpg 768w\" sizes=\"auto, (max-width: 893px) 100vw, 893px\" \/><\/a><\/p>\n<p>&nbsp;<\/p>\n<p>&nbsp;<\/p><\/blockquote>\n<p>&nbsp;<\/p>\n<hr \/>\n<blockquote><p>&nbsp;<\/p>\n<p>&nbsp;<\/p>\n<blockquote>\n<h3>COVID A SCUOLA: 202 CLASSI IN CARICO, 79 IN QUARANTENA<\/h3>\n<\/blockquote>\n<p><strong>BELLUNO<\/strong> Sono attualmente in quarantena 79 classi per circa 1370 studenti 202 le classi prese in carico. In base alle nuove linee guida, in caso di una sola positivit\u00e0, la classi della scuola primaria vengono posta in monitoraggio e testate. Le classi delle scuole secondarie di I e II grado in automonitoraggio. Per le scuole secondarie di primo e secondo grado (medie e superiori) \u00e8 prevista l\u2019attivit\u00e0 didattica in presenza anche con due casi di positivit\u00e0 per gli alunni che abbiano concluso il ciclo vaccinale primario, o che siano guariti, da meno di centoventi giorni e per coloro ai quali sia stata successivamente somministrata la dose di richiamo.<\/p>\n<table border=\"1\" width=\"652\" frame=\"HSIDES\" rules=\"GROUPS\" cellspacing=\"0\" cellpadding=\"7\">\n<tbody>\n<tr valign=\"TOP\">\n<td width=\"203\"><\/td>\n<td width=\"203\"><span style=\"color: #76923c;\"><b>Classi con almeno una positivit\u00e0<\/b><\/span><\/td>\n<td width=\"203\"><span style=\"color: #76923c;\"><b>Di cui Classi in quarantena<\/b><\/span><\/td>\n<\/tr>\n<\/tbody>\n<tbody>\n<tr valign=\"TOP\">\n<td bgcolor=\"#e6eed5\" width=\"203\"><span style=\"color: #76923c;\"><b>Asili nido e infanzia<\/b><\/span><\/td>\n<td bgcolor=\"#e6eed5\" width=\"203\">\n<p align=\"CENTER\"><span style=\"color: #76923c;\">33<\/span><\/p>\n<\/td>\n<td bgcolor=\"#e6eed5\" width=\"203\">\n<p align=\"CENTER\"><span style=\"color: #76923c;\">33<\/span><\/p>\n<\/td>\n<\/tr>\n<tr valign=\"TOP\">\n<td width=\"203\"><span style=\"color: #76923c;\"><b>Primarie<\/b><\/span><\/td>\n<td width=\"203\">\n<p align=\"CENTER\"><span style=\"color: #76923c;\">43<\/span><\/p>\n<\/td>\n<td width=\"203\">\n<p align=\"CENTER\"><span style=\"color: #76923c;\">11<\/span><\/p>\n<\/td>\n<\/tr>\n<tr valign=\"TOP\">\n<td bgcolor=\"#e6eed5\" width=\"203\"><span style=\"color: #76923c;\"><b>Secondarie di I e II grado<\/b><\/span><\/td>\n<td bgcolor=\"#e6eed5\" width=\"203\">\n<p align=\"CENTER\"><span style=\"color: #76923c;\">126<\/span><\/p>\n<\/td>\n<td bgcolor=\"#e6eed5\" width=\"203\">\n<p align=\"CENTER\"><span style=\"color: #76923c;\">25<\/span><\/p>\n<\/td>\n<\/tr>\n<tr valign=\"TOP\">\n<td width=\"203\"><span style=\"color: #76923c;\"><b>TOTALE<\/b><\/span><\/td>\n<td width=\"203\">\n<p align=\"CENTER\"><span style=\"color: #76923c;\"><b>202<\/b><\/span><\/p>\n<\/td>\n<td width=\"203\">\n<p align=\"CENTER\"><span style=\"color: #76923c;\"><b>79<\/b><\/span><\/p>\n<\/td>\n<\/tr>\n<\/tbody>\n<\/table>\n<p>&nbsp;<\/p>\n<p>&nbsp;<\/p>\n<blockquote><p><em>\u00abI nostri ragazzi hanno gi\u00e0 pagato a caro prezzo la didattica a distanza degli scorsi anni \u00bb, commenta il Direttore Generale Maria Grazia Carraro, \u00abeffettuare rapidamente la dose booster per i ragazzi con pi\u00f9 di 12 anni, oltre che proteggere dalla malattia, consente di frequentare la scuola\u00bb<\/em><\/p><\/blockquote>\n<p>&nbsp;<\/p>\n<p>&nbsp;<\/p>\n<hr \/>\n<p>&nbsp;<\/p>\n<p>&nbsp;<\/p>\n<h3>COVID NELL&#8217;AGORDINO: STABILI I CONTAGI AD AGORDO, IN CALO A TAIBON<\/h3>\n<p><a href=\"https:\/\/www.radiopiu.net\/wordpress\/contagioagordinoasdytraaa\/0de03ea4-15b7-49df-8386-02752bb34c6e\/\" rel=\"attachment wp-att-254825\"><img loading=\"lazy\" decoding=\"async\" class=\"aligncenter wp-image-254825 size-full\" src=\"https:\/\/www.radiopiu.net\/wordpress\/wp-content\/uploads\/2022\/01\/0de03ea4-15b7-49df-8386-02752bb34c6e.jpg\" alt=\"\" width=\"570\" height=\"349\" srcset=\"https:\/\/www.radiopiu.net\/wordpress\/wp-content\/uploads\/2022\/01\/0de03ea4-15b7-49df-8386-02752bb34c6e.jpg 570w, https:\/\/www.radiopiu.net\/wordpress\/wp-content\/uploads\/2022\/01\/0de03ea4-15b7-49df-8386-02752bb34c6e-300x184.jpg 300w\" sizes=\"auto, (max-width: 570px) 100vw, 570px\" \/><\/a><\/p><\/blockquote>\n<p><strong><span style=\"color: #ff0000;\">AGORDO:<\/span><\/strong>\u00a0 167 (+7)\u00a0 <span style=\"color: #ff0000;\"><strong>ROCCA PIETORE<\/strong> <span style=\"color: #000000;\">60 <\/span><\/span>\u00a0(+4) <strong><span style=\"color: #ff0000;\">TAIBON<\/span><\/strong> 67 (-3) <span style=\"color: #ff0000;\"><strong>CANALE D&#8217;AGORDO<\/strong> <span style=\"color: #000000;\">24 (-2)\u00a0<\/span> <span style=\"color: #000000;\">\u00a0 <span style=\"color: #ff0000;\"><strong>ALLEGHE<\/strong><\/span> 55 ()\u00a0 <span style=\"color: #ff0000;\"><strong>VOLTAGO<\/strong><\/span> 22\u00a0 (-6)\u00a0 <span style=\"color: #ff0000;\"><strong>FALCADE<\/strong><\/span> 57 (+2)\u00a0 <\/span><\/span><strong><span style=\"color: #ff0000;\">LIVINALLONGO<\/span><\/strong> 72 (-1)\u00a0 <strong><span style=\"color: #ff0000;\">CENCENIGHE<\/span><\/strong> 35 (+1)\u00a0 <strong><span style=\"color: #ff0000;\">VALLADA<\/span> <\/strong>10 (+2)\u00a0 <span style=\"color: #ff0000;\"><strong>LA VALLE<\/strong>\u00a0<\/span> 23 (-2) <span style=\"color: #ff0000;\"><strong>RIVAMONTE<\/strong>\u00a0<\/span> 26 (+1)\u00a0 <strong><span style=\"color: #ff0000;\">SELVA DI CADORE<\/span><\/strong> 17 (+5) <strong><span style=\"color: #ff0000;\">SAN TOMASO<\/span> <\/strong>17 () <strong><span style=\"color: #ff0000;\">COLLE SANTA LUCIA<\/span>\u00a0<\/strong> 24 (+4)\u00a0 <strong><span style=\"color: #ff0000;\">GOSALDO<\/span><\/strong> 12 (+5)<\/p>\n<blockquote><p>&nbsp;<\/p><\/blockquote>\n<hr \/>\n<blockquote>\n<h3><\/h3>\n<h3>la settimana cruciale EMERGENZA COVID-19: IL PUNTO STAMPA DEL PRESIDENTE DEL VENETO LUCA ZAIA<\/h3>\n<\/blockquote>\n<p>&nbsp;<\/p>\n<p><strong>TAMPONI <\/strong>superati gli 8 milioni di tamponi molecolari,\u00a0 15 milioni di rapidi\u00a0 <strong>\u00a0NUOVI POSITIVI <\/strong>6381 (50.302 test domenicali)\u00a0<strong> POSITIVI ATTUALI\u00a0<\/strong>\u00a0\u00a0<strong> 256274\u00a0 POSITIVI DA INIZIO EPIDEMIA 887888<\/strong>\u00a0<strong>\u00a0 \u00a0INCIDENZA <\/strong>\u00a012,69% <strong>\u00a0 RICOVERI TOTALI\u00a0 \u00a01971<\/strong> (+38)<strong>\u00a0 RICOVERI IN AREA NON CRITICA\u00a0<\/strong> 1766 (+31)<strong>\u00a0 \u00a0RICOVERI IN TERAPIA INTENSIVA <\/strong>205\u00a0(+7) <strong>TERAPIA INTENSIVA EXTRA COVID<\/strong> 270 <strong>\u00a0<\/strong>\u00a0<strong>DECESSI <\/strong>\u00a012 753(+28)<\/p>\n<p>&nbsp;<\/p>\n<blockquote>\n<h3>LEGGI LA CONFERENZA STAMPA DI LUCA ZAIA Ospiti di oggi la professoressa Francesca Russo e il professor Vincenzo Baldo, autore di uno studio su virus e contagi.<\/h3>\n<p><em>L&#8217;assessore Lanzarin e il dottor Flor, entrambi positivi. Siamo sul crinale, la settimana \u00e8 cruciale o il precipizio o se la sfanghiamo. <\/em>Non possiamo pensare di mandare in isolamento met\u00e0 Veneto, le aziende non sarebbero in grado di proseguire.<\/p><\/blockquote>\n<p><strong>VERSO IL PLATEAU<\/strong> E&#8217; innegabile che da qualche giorno, toccando ferro, sembra ci sia un fase di plateau, che la curva si si raffreddata ed appiattita dopo le continue piccole riseghe (risalite). Questa \u00e8 la settimana cruciale, abbiamo un dato nella sua negativit\u00e0 positivo, da una decina di giorni siamo attorno alle 200 unit\u00e0 in terapia intensiva, un segnale importante che ci dice che il vaccino ha fatto il suo lavoro. <strong>POST FESTE<\/strong> Abbiamo scontato i bagordi delle feste di Natale. Il paziente che entra oggi \u00e8 distante sia della feste di Natale che dall&#8217;ultimo dell&#8217;anno. Potrebbe essere la settimana del giro di boa, oppure vedremo scenari ancora non raffreddati 25% di occupazione in area non crtitica (-5% per il passaggio in arancione ) terapia intensive al 20% cioe&#8217; al confine con la zona arancione (venerdi al 18.3%) Rt 1,31 Incidenza 2403 su 100 mila. <strong>VACCINAZIONE<\/strong> eseguite 2.330.000 terze dosi entro met\u00e0 febbraio in Veneto sar\u00e0 raggiunto il\u00a0 90% dei vaccinati ad oggi sono 88%,\u00a0 5-11 27% (uno su tre), funzionano gli open day del fine settimana e continueremo a farli. <strong>POSITIVI\u00a0<\/strong> L&#8217;assessore veneto alla sanit\u00e0, Manuela Lanzarin, e il direttore regionale, Luciano Flor, sono positivi. Sono asintomatici vaccinati con terze dosi. Mi hanno pregato di comunicarlo, e sono in buone condizioni. <strong>FORSE A BREVE<\/strong> il ministro della Salute Roberto Speranza far\u00e0 una riunione urgente su diverse questioni come identificazione di caso, rivedere il colore delle zone e semplificare, tampone a fine isolamento in farmacia e con l&#8217;autotest. <strong>ASINTOMATICI<\/strong> Abbiamo fatto proposte per la modifica della definizione di &#8216;caso&#8217;, come dice l&#8217;Ecdc, per l&#8217;utilizzo dei fai-da-te, avendo pi\u00f9 fiducia nei cittadini, e quella dei tamponi a fine quarantena, da fare in farmacia o dal dottore, per la modifica del colore delle zone.<\/p>\n<p>Il professor\u00a0Vicenzo Baldo, del dipartimento di medicina molecolare dell&#8217;Universit\u00e0 di Padova sullo studio con l&#8217;obiettivo di verificare l&#8217;efficacia sul campo di quanto successo durante la pandemia, 2.270.000\u00a0 persone coinvolte. E per ogni soggetto studiata la\u00a0 durata della positivit\u00e0, l&#8217;ospedalizzazione, quanto \u00e8 durata la degenza e i casi di mortalit\u00e0. <strong>NUMERI\u00a0<\/strong> Incidenza del 4,9% ogni 100mila abitanti nei non vaccinati e dello 0,6% tra i vaccinati. Negli ospedali 2,9% ogni 100mila abitanti per i non vaccinati e 0,3% per chi \u00e8 vaccinato. La mortalit\u00e0 \u00e8 dello 0,7% per i non vaccinati e dello 0,06% per i vaccinati. Il vaccinato si negativizza 6 giorni prima e se finisce in ospedale viene dimesso 5 giorni prima del non vaccinato. Per l&#8217;Azienda sanitaria un risparmio di 36 milioni.<\/p>\n<p><strong>Dottoressa Francesca Russo e la quarantena<\/strong> . Abbiamo chiesto al governo una semplificazione perch\u00e9 le condizioni sono cambiate. C&#8217;\u00e8 stato un intersecazione di indicazioni e decreti che ha creato delle incongruenze che ci stanno complicando la gestione con riferimento alla scuola. Alcune regole possono e devono essere cambiate.<\/p>\n<p>&nbsp;<\/p>\n<p>&nbsp;<\/p>\n<p>https:\/\/www.facebook.com\/zaiaufficiale\/videos\/692534685489294<\/p>\n<p>&nbsp;<\/p>\n<p>&nbsp;<\/p>\n<hr \/>\n<p>&nbsp;<\/p>\n<p>&nbsp;<\/p>\n<blockquote class=\"wp-embedded-content\" data-secret=\"XFn9lrO9PC\"><p><a href=\"https:\/\/www.radiopiu.net\/wordpress\/aggiornamentonaz2022gen17\/\">CORONAVIRUS: AGGIORNAMENTO NAZIONALE 17 GENNAIO 2022<\/a><\/p><\/blockquote>\n<p><iframe loading=\"lazy\" class=\"wp-embedded-content\" sandbox=\"allow-scripts\" security=\"restricted\" style=\"position: absolute; clip: rect(1px, 1px, 1px, 1px);\" title=\"&#8220;CORONAVIRUS: AGGIORNAMENTO NAZIONALE 17 GENNAIO 2022&#8221; &#8212; Radio Pi\u00f9\" src=\"https:\/\/www.radiopiu.net\/wordpress\/aggiornamentonaz2022gen17\/embed\/#?secret=XFn9lrO9PC\" data-secret=\"XFn9lrO9PC\" width=\"600\" height=\"338\" frameborder=\"0\" marginwidth=\"0\" marginheight=\"0\" scrolling=\"no\"><\/iframe><\/p>\n<p>&nbsp;<\/p>\n<p>&nbsp;<\/p>\n<blockquote class=\"wp-embedded-content\" data-secret=\"ARmqqKF0E6\"><p><a href=\"https:\/\/www.radiopiu.net\/wordpress\/aumentano-i-ricoveri-28-decessi-e-6381-nuove-positivita-nelle-ultime-24-ore-in-veneto\/\">AUMENTANO I RICOVERI, 28 DECESSI E 6381 NUOVE POSITIVITA&#8217; NELLE ULTIME 24 ORE IN VENETO<\/a><\/p><\/blockquote>\n<p><iframe loading=\"lazy\" class=\"wp-embedded-content\" sandbox=\"allow-scripts\" security=\"restricted\" style=\"position: absolute; clip: rect(1px, 1px, 1px, 1px);\" title=\"&#8220;AUMENTANO I RICOVERI, 28 DECESSI E 6381 NUOVE POSITIVITA&#8217; NELLE ULTIME 24 ORE IN VENETO&#8221; &#8212; Radio Pi\u00f9\" src=\"https:\/\/www.radiopiu.net\/wordpress\/aumentano-i-ricoveri-28-decessi-e-6381-nuove-positivita-nelle-ultime-24-ore-in-veneto\/embed\/#?secret=ARmqqKF0E6\" data-secret=\"ARmqqKF0E6\" width=\"600\" height=\"338\" frameborder=\"0\" marginwidth=\"0\" marginheight=\"0\" scrolling=\"no\"><\/iframe><\/p>\n<p>&nbsp;<\/p>\n<h2>I GRAFICI DI TIZIANO DE COL<\/h2>\n<p>&nbsp;<\/p>\n<p>&nbsp;<\/p>\n<a href=\"https:\/\/www.radiopiu.net\/wordpress\/wp-content\/uploads\/2022\/01\/Confronto-tamponi-Regioni-PA_17.01.2022.pdf\" class=\"pdfemb-viewer\" style=\"\" data-width=\"max\" data-height=\"max\" data-toolbar=\"top\" data-toolbar-fixed=\"on\">Confronto tamponi Regioni-PA_17.01.2022<\/a>\n<p>&nbsp;<\/p>\n<p>&nbsp;<\/p>\n<p>&nbsp;<\/p>\n<hr \/>\n<blockquote>\n<h3><\/h3>\n<h3>ATTACCO HACKER ALL&#8217;ULSS6. PD &#8220;EVITARE NUOVI CASI&#8221;<\/h3>\n<\/blockquote>\n<p><strong><a href=\"https:\/\/www.radiopiu.net\/wordpress\/giornale-radiopiu-20-luglio-2021-direttore-mirko-mezzacasa\/possamai-990x660\/\" rel=\"attachment wp-att-222738\"><img loading=\"lazy\" decoding=\"async\" class=\"wp-image-222738 alignleft\" src=\"https:\/\/www.radiopiu.net\/wordpress\/wp-content\/uploads\/2021\/07\/possamai-990x660-1-300x200.jpg\" alt=\"\" width=\"183\" height=\"122\" srcset=\"https:\/\/www.radiopiu.net\/wordpress\/wp-content\/uploads\/2021\/07\/possamai-990x660-1-300x200.jpg 300w, https:\/\/www.radiopiu.net\/wordpress\/wp-content\/uploads\/2021\/07\/possamai-990x660-1-768x512.jpg 768w, https:\/\/www.radiopiu.net\/wordpress\/wp-content\/uploads\/2021\/07\/possamai-990x660-1.jpg 990w\" sizes=\"auto, (max-width: 183px) 100vw, 183px\" \/><\/a>VENEZIA<\/strong> <em>\u201cLa risposta della Regione alla diffusione dei dati non pu\u00f2 essere semplicemente \u2018gli hacker hanno lavorato per niente, noi non paghiamo riscatti\u2019 oppure \u2018lasciamo lavorare la Procura\u2019, perch\u00e9 il danno \u00e8 stato fatto comunque. Il punto \u00e8 capire cosa fare per evitare che succeda ancora. Esiste una strategia per rafforzare la sicurezza informatica, specialmente in un campo cos\u00ec sensibile?\u201d<\/em>. A chiederlo, all\u2019indomani della pubblicazione online dei file rubati nell\u2019attacco dello scorso dicembre, \u00e8 il capogruppo del Partito Democratico Veneto Giacomo Possamai. <em>&#8220;Sarebbe importante capire- continua Possamai &#8211;\u00a0 perch\u00e9 questa falla informatica e le responsabilit\u00e0, se software e servizi sono gli stessi in tutte le Ulss e quindi il livello di sicurezza \u00e8 identico o se qualcuna, \u00e8 pi\u00f9 esposta agli attacchi. Domande a cui Zaia e la Regione avrebbero dovuto rispondere gi\u00e0 da qualche settimana, con la massima trasparenza nei confronti dei cittadini, a cui va garantito che i loro dati sono al sicuro, pur sapendo che il rischio zero non esiste\u201d.<\/em><\/p>\n<p>&nbsp;<\/p>\n<p>&nbsp;<\/p>\n<hr \/>\n<p>&nbsp;<\/p>\n<blockquote>\n<h3>IN SINDACO DI SAPPADA \u00a0CONTESTA I DATI ISTITUZIONALI E INVITA ALL&#8217;OSSERVANZA DELLE REGOLE<\/h3>\n<\/blockquote>\n<p><strong><a href=\"https:\/\/www.radiopiu.net\/wordpress\/in-sindaco-di-sappada-contesta-i-dati-istituzionali-e-invita-allosservanza-delle-regole\/manuel-piller-hoffer-1981-2\/\" rel=\"attachment wp-att-254679\"><img loading=\"lazy\" decoding=\"async\" class=\"size-full wp-image-254679 alignleft\" src=\"https:\/\/www.radiopiu.net\/wordpress\/wp-content\/uploads\/2022\/01\/manuel-piller-hoffer-1981-1.jpg\" alt=\"\" width=\"100\" height=\"100\" \/><\/a>SAPPADA\u00a0<\/strong> Il sindaco della gi\u00e0 bellunese localit\u00e0, comunque al confine con la provincia, ha inviato un messaggio a cittadini ed ospiti che contesta i dati resi noti quotidianamente.<\/p>\n<p><em>&#8220;Non lasciatevi forviare dai dati presenti sui siti istituzionali &#8211; scrive il primo cittadino <\/em>Manuel Piller Hoffer <em>&#8211; da questi risultano solo 8 positivit\u00e0 a Sappada, ma la situazione reale a quanto apprendo da informazioni indirette, mi pare assai pi\u00f9 seria. Probabilmente i dati ufficiali soffrono dell&#8217;oggettiva difficolt\u00e0 di tracciamento a fronte di una mole enorme di tamponi eseguiti&#8221;. <\/em><\/p>\n<p>Per questo il primo cittadino richiama alla prudenza e all&#8217;osservanza delle regole di prevenzione governative, in particolare mascherina anche all&#8217;aperto e distanziamento . <em>&#8220;Invito inoltre &#8211; conclude il sindaco &#8211; tutti gli esercenti ad un rigoroso controllo del green pass anche per un&#8217;immagine di seriet\u00e0 e responsabilit\u00e0 del paese, a tutela della salute di residenti ed ospiti&#8221;.<\/em><\/p>\n<p>&nbsp;<\/p>\n<p>&nbsp;<\/p>\n<hr \/>\n<p>&nbsp;<\/p>\n<blockquote>\n<h3>FUSIONE DELLE UNIONI MONTANE VALBELLUNA E PONTE NELLE ALPI<\/h3>\n<\/blockquote>\n<p><strong>BELLUNO <\/strong>Il ritorno alle origini? Alla Comunit\u00e0 Montana unica? \u00a0l&#8217;idea\u00a0 \u00e8stata rispolverata dal sindaco di Ponte nelle Alpi Paolo Vendramini. La Lega Nord lo contesta poich\u00e9\u00a0 senza alcuna condivisione. Oggi, superato lo stupore iniziale, La Lega\u00a0 chiede di sapere quali atti formali o studi sono stati portati avanti per capire la fattibilit\u00e0 e l&#8217;efficacia della fusione, di quanti soldi necessiti l&#8217;operazione considerato come, una volta uniti, i servizi vadano completamente riorganizzati e quali vantaggi sono stati individuati dall\u2019unire le forze.<\/p>\n<p><strong>AI MICROFONI DI RADIOPIU, PAOLO DE VETTOR\u00a0<\/strong><\/p>\n<audio class=\"wp-audio-shortcode\" id=\"audio-254536-4\" preload=\"none\" style=\"width: 100%;\" controls=\"controls\"><source type=\"audio\/mpeg\" src=\"https:\/\/www.radiopiu.net\/wordpress\/wp-content\/uploads\/2022\/01\/paolo-de-vettor.mp3?_=4\" \/><a href=\"https:\/\/www.radiopiu.net\/wordpress\/wp-content\/uploads\/2022\/01\/paolo-de-vettor.mp3\">https:\/\/www.radiopiu.net\/wordpress\/wp-content\/uploads\/2022\/01\/paolo-de-vettor.mp3<\/a><\/audio>\n<p>&nbsp;<\/p>\n<p>&nbsp;<\/p>\n<p>&nbsp;<\/p>\n<hr \/>\n<p>&nbsp;<\/p>\n<blockquote>\n<h3><a href=\"https:\/\/www.radiopiu.net\/wordpress\/giornale-radiopiu-15-marzo-2018-direttore-mirko-mezzacasa\/220px-municipio_santa_giustina\/\" rel=\"attachment wp-att-44829\"><img loading=\"lazy\" decoding=\"async\" class=\" wp-image-44829 alignleft\" src=\"https:\/\/www.radiopiu.net\/wordpress\/wp-content\/uploads\/2018\/03\/220px-Municipio_Santa_Giustina.jpg\" alt=\"\" width=\"157\" height=\"118\" \/><\/a>CONTRIBUTI PER LE ASSOCIAZIONI, IL PREMIO A CHI LAVORA NELL&#8217;OMBRA<\/h3>\n<p><strong>SANTA GIUSTINA<\/strong><\/p>\n<p><strong>DAMIANO TORMEN<\/strong><\/p><\/blockquote>\n<audio class=\"wp-audio-shortcode\" id=\"audio-254536-5\" preload=\"none\" style=\"width: 100%;\" controls=\"controls\"><source type=\"audio\/mpeg\" src=\"https:\/\/www.radiopiu.net\/wordpress\/wp-content\/uploads\/2022\/01\/damiano-3.mp3?_=5\" \/><a href=\"https:\/\/www.radiopiu.net\/wordpress\/wp-content\/uploads\/2022\/01\/damiano-3.mp3\">https:\/\/www.radiopiu.net\/wordpress\/wp-content\/uploads\/2022\/01\/damiano-3.mp3<\/a><\/audio>\n<p>&nbsp;<\/p>\n<p>&nbsp;<\/p>\n<hr \/>\n<p>&nbsp;<\/p>\n<blockquote>\n<h3>DILLO A RADIO PIU&#8217;&#8230;LA LUNGA TRAFILA PER IL TAMPONE<\/h3>\n<\/blockquote>\n<p><strong><a href=\"https:\/\/www.radiopiu.net\/wordpress\/giornale-radiopiu-23-gennaio-2021-direttore-mirko-mezzacasa\/tamponi-paludi-1\/\" rel=\"attachment wp-att-186210\"><img loading=\"lazy\" decoding=\"async\" class=\"size-medium wp-image-186210 alignleft\" src=\"https:\/\/www.radiopiu.net\/wordpress\/wp-content\/uploads\/2021\/01\/Tamponi-Paludi-1-300x169.jpg\" alt=\"\" width=\"300\" height=\"169\" srcset=\"https:\/\/www.radiopiu.net\/wordpress\/wp-content\/uploads\/2021\/01\/Tamponi-Paludi-1-300x169.jpg 300w, https:\/\/www.radiopiu.net\/wordpress\/wp-content\/uploads\/2021\/01\/Tamponi-Paludi-1-1024x576.jpg 1024w, https:\/\/www.radiopiu.net\/wordpress\/wp-content\/uploads\/2021\/01\/Tamponi-Paludi-1-768x432.jpg 768w, https:\/\/www.radiopiu.net\/wordpress\/wp-content\/uploads\/2021\/01\/Tamponi-Paludi-1-1536x864.jpg 1536w, https:\/\/www.radiopiu.net\/wordpress\/wp-content\/uploads\/2021\/01\/Tamponi-Paludi-1.jpg 1600w\" sizes=\"auto, (max-width: 300px) 100vw, 300px\" \/><\/a>REDAZIONE<\/strong> Riceviamo e volentieri pubblichiamo alcune considerazioni di una nostra ascoltatrice sulla situazione tamponi in provincia di Belluno.<\/p>\n<blockquote><p><em>Gioved\u00ec ho cominciato il mio pellegrinaggio a Paludi con un&#8230;100 km Agordo &#8211; Paludi con in auto una bimba sintomatica. Giro a vuoto perch\u00e9 il pediatra non \u00e8 al corrente delle prenotazioni tamponi e della modifica orari.\u00a0 Non troviamo nessuno. Mi rimetto in viaggio venerd\u00ec per raggiungere il punto tamponi a San Gervasio (Ospedale di Belluno). Aperto dalle 14 alle 16 per bimbi sintomatici. Arrivo alle 15, ma alle 15.37 mi si invita a tornare l&#8217;indomani a Paludi. Non insisto, ho girato l&#8217;auto e sono tornata ad Agordo, altri 60 km. Tento di contattare il SISP, finalmente, dopo 18 minuti, mi rispondono. Chiedo se posso fare il tampone ad Agordo su prenotazione ma le prenotazioni chiudono alle 15.30 e non si pu\u00f2 forzare il sistema. Sabato altro giro a Paludi, stavolta ho con me tutte e tre le figlie di 5,3, 2 anni. Per riuscire a fare il tampone mi ci sono volute 4 ore. Partita da casa alle 13, sono rientrata alle 19:30. Con tutti i rinvii, come pu\u00f2 essere garantito un tracciamento? <\/em><\/p>\n<p><em>Elisabetta Ganz<\/em><\/p><\/blockquote>\n<p>&nbsp;<\/p>\n<p>&nbsp;<\/p>\n<hr \/>\n<p>&nbsp;<\/p>\n<p>&nbsp;<\/p>\n<blockquote>\n<h3>DOMENICA AL NOF FILO\u2019 DI CENCENIGHE VACCINAZIONI ANTI COVID AD ACCESSO LIBERO<\/h3>\n<\/blockquote>\n<p><strong>CENCENIGHE<\/strong> Domenica 23 gennaio dalle 9 alle 13 al Nof Fil\u00f2 di Cencenighe \u00e8 programmata una giornata per le vaccinazioni ant covid ad accesso libero dedicata a prime dosi e dose booster. I medici di medicina generale e i pediatri di libera scelta saranno a disposizione per rispondere a qualsiasi dubbio. Per la vaccinazione bastano la tessera sanitaria e la scheda anamnestica compilata.<\/p>\n<p>&nbsp;<\/p>\n<p>&nbsp;<\/p>\n<hr \/>\n<p>&nbsp;<\/p>\n<blockquote>\n<h3>NEL FUTURO DI TAIBON LA ROTONDA A STRAPONT E IL NUOVO PONTE SUL TEGNAS<\/h3>\n<\/blockquote>\n<p>&nbsp;<\/p>\n<p><strong>TAIBON<\/strong><\/p>\n<p><strong>di GIANNI SANTOMASO<\/strong><\/p>\n<audio class=\"wp-audio-shortcode\" id=\"audio-254536-6\" preload=\"none\" style=\"width: 100%;\" controls=\"controls\"><source type=\"audio\/mpeg\" src=\"https:\/\/www.radiopiu.net\/wordpress\/wp-content\/uploads\/2022\/01\/gianni-taibon.mp3?_=6\" \/><a href=\"https:\/\/www.radiopiu.net\/wordpress\/wp-content\/uploads\/2022\/01\/gianni-taibon.mp3\">https:\/\/www.radiopiu.net\/wordpress\/wp-content\/uploads\/2022\/01\/gianni-taibon.mp3<\/a><\/audio>\n<p>&nbsp;<\/p>\n<p>&nbsp;<\/p>\n<p><strong>DAL GIORNALE RADIO PIU DEL 25 MARZO 2021<\/strong><\/p>\n<blockquote class=\"wp-embedded-content\" data-secret=\"Z1EsMa3Mx9\"><p><a href=\"https:\/\/www.radiopiu.net\/wordpress\/a-taibon-si-fara-la-rotonda-di-strapont-a-cencenighe-bocciata-in-centro-paese\/\">A TAIBON SI FARA&#8217; LA ROTONDA DI STRAPONT, A CENCENIGHE BOCCIATA IN CENTRO PAESE<\/a><\/p><\/blockquote>\n<p><iframe loading=\"lazy\" class=\"wp-embedded-content\" sandbox=\"allow-scripts\" security=\"restricted\" style=\"position: absolute; clip: rect(1px, 1px, 1px, 1px);\" title=\"&#8220;A TAIBON SI FARA&#8217; LA ROTONDA DI STRAPONT, A CENCENIGHE BOCCIATA IN CENTRO PAESE&#8221; &#8212; Radio Pi\u00f9\" src=\"https:\/\/www.radiopiu.net\/wordpress\/a-taibon-si-fara-la-rotonda-di-strapont-a-cencenighe-bocciata-in-centro-paese\/embed\/#?secret=Z1EsMa3Mx9\" data-secret=\"Z1EsMa3Mx9\" width=\"600\" height=\"338\" frameborder=\"0\" marginwidth=\"0\" marginheight=\"0\" scrolling=\"no\"><\/iframe><\/p>\n<p>&nbsp;<\/p>\n<p>&nbsp;<\/p>\n<p><strong>DAL GIORNALE RADIOPIU DELL&#8217;8 GIUGNO 2021<\/strong><\/p>\n<blockquote class=\"wp-embedded-content\" data-secret=\"MQCMGtx2Ce\"><p><a href=\"https:\/\/www.radiopiu.net\/wordpress\/dopo-18-anni-cede-il-ponte-in-legno-sul-tegnas-chiuso-in-via-precauzionale\/\">DOPO 18 ANNI CEDE IL PONTE IN LEGNO SUL TEGNAS, CHIUSO IN VIA PRECAUZIONALE<\/a><\/p><\/blockquote>\n<p><iframe loading=\"lazy\" class=\"wp-embedded-content\" sandbox=\"allow-scripts\" security=\"restricted\" style=\"position: absolute; clip: rect(1px, 1px, 1px, 1px);\" title=\"&#8220;DOPO 18 ANNI CEDE IL PONTE IN LEGNO SUL TEGNAS, CHIUSO IN VIA PRECAUZIONALE&#8221; &#8212; Radio Pi\u00f9\" src=\"https:\/\/www.radiopiu.net\/wordpress\/dopo-18-anni-cede-il-ponte-in-legno-sul-tegnas-chiuso-in-via-precauzionale\/embed\/#?secret=MQCMGtx2Ce\" data-secret=\"MQCMGtx2Ce\" width=\"600\" height=\"338\" frameborder=\"0\" marginwidth=\"0\" marginheight=\"0\" scrolling=\"no\"><\/iframe><\/p>\n<p>&nbsp;<\/p>\n<p>&nbsp;<\/p>\n<hr \/>\n<p>&nbsp;<\/p>\n<blockquote>\n<h3 class=\"p1\"><span class=\"s1\">LE OPPORTUNIT\u00c0 DEL PNRR E DELLA PROGRAMMAZIONE COMUNITARIA 2021-27 PER I COMUNI: WEBINAR GRATUITO ORGANIZZATO DA PROVINCIA, BIM E CENTRO STUDI\u00a0<\/span><\/h3>\n<\/blockquote>\n<p class=\"p1\"><span class=\"s1\"><strong><a href=\"https:\/\/www.radiopiu.net\/wordpress\/padrin-la-fase-2-ci-veda-uniti-nel-programmare-la-ripartenza-torneremo-alla-normalita\/padrin-63\/\" rel=\"attachment wp-att-134835\"><img loading=\"lazy\" decoding=\"async\" class=\"size-medium wp-image-134835 alignleft\" src=\"https:\/\/www.radiopiu.net\/wordpress\/wp-content\/uploads\/2020\/05\/PADRIN-200x300.jpg\" alt=\"\" width=\"200\" height=\"300\" srcset=\"https:\/\/www.radiopiu.net\/wordpress\/wp-content\/uploads\/2020\/05\/PADRIN-200x300.jpg 200w, https:\/\/www.radiopiu.net\/wordpress\/wp-content\/uploads\/2020\/05\/PADRIN-683x1024.jpg 683w, https:\/\/www.radiopiu.net\/wordpress\/wp-content\/uploads\/2020\/05\/PADRIN-768x1152.jpg 768w, https:\/\/www.radiopiu.net\/wordpress\/wp-content\/uploads\/2020\/05\/PADRIN.jpg 945w\" sizes=\"auto, (max-width: 200px) 100vw, 200px\" \/><\/a>BELLUNO <\/strong>\u00ab<em>Abbiamo davanti una stagione importante per il futuro del nostro territorio e degli spazi di manovra degli enti locali. Tra il Pnrr e la Programmazione Comunitaria 2021-2027 arriveranno molte risorse: abbiamo il dovere di spenderle bene e di progettare benissimo la mappa delle priorit\u00e0<\/em>\u00bb. Lo dice il presidente della Provincia Roberto Padrin, presentando l\u2019attivit\u00e0 del gruppo di lavoro Supporto Comuni Pnrr attivo da qualche settimana con la collaborazione di Consorzio Bim e il supporto operativo del Centro Studi Bellunese.\u00a0 <\/span><span class=\"s1\">\u00ab<em>Si tratta di un gruppo di lavoro che ha l\u2019obiettivo di accompagnare gli enti locali per orientarsi nelle molteplici opportunit\u00e0 offerte soprattutto dal Pnrr\u00bb sottolinea il presidente della Provincia Padrin. \u00abOpportunit\u00e0 che possono sembrare una giungla, ma che in realt\u00e0 sono la base su cui costruire il futuro del nostro territorio<\/em>\u00bb. <\/span><span class=\"s1\">Il primo appuntamento del gruppo di lavoro \u00e8 in programma per venerd\u00ec 21 gennaio, dalle 15 alle 18. Un webinar gratuito dedicato a sindaci e amministratori che vedr\u00e0 tre interventi puntuali: \u201cPnrr Italia: analisi delle iniziative di interesse dei Comuni e definizione di una mappa\/agenda delle opportunit\u00e0 a livello di ente\u201d aprir\u00e0 il pomeriggio di lavori, con il contributo di Michele Genovese, dottore commercialista; Matteo Aguanno (direttore Gal Prealpi e Dolomiti) si concentrer\u00e0 su \u201cL\u2019approccio Leader nella futura Pac e le politiche di sviluppo urbano sostenibile nel Fesr 2021-27: convergenze e possibili integrazioni con il Pnrr\u201d; infine, verr\u00e0 trattata nel dettaglio la \u201cComplementariet\u00e0 tra Pnrr, Strategia nazionale Aree interne e la programmazione Fcc\u201d (con Marco Bassetto, consulente per il Consorzio Bim Piave). <\/span><span class=\"s1\">\u00ab<em>Il supporto ai Comuni \u00e8 lo spirito da cui prende avvio questo percorso informativo e formativo co-organizzato dalla Provincia, dal Consorzio Bim e dal Centro Studi. Fare squadra e garantire a tutti le opportunit\u00e0 derivanti dal Pnrr e dagli altri fondi in corso di programmazione sono ritenuti i veri obiettivi di questa sinergia &#8211; afferma il presidente del Consorzio Marco Staunovo Polacco -. Il Consorzio Bim Piave, cos\u00ec come gli altri enti presenti sul territorio bellunese, sta promuovendo varie iniziative atte a favorire l&#8217;intercettazione di importanti risorse per la crescita dell&#8217;intera provincia, con particolare attenzione ai Comuni pi\u00f9 piccoli e meno strutturati, che sono una risorsa fondamentale per la sua tutela e il suo presidio<\/em>\u00bb.<\/span><\/p>\n<p>&nbsp;<\/p>\n<p>&nbsp;<\/p>\n<hr \/>\n<p>&nbsp;<\/p>\n<blockquote>\n<h3>\u201cPREALPI ESCLUSE DAL PNRR\u201d BELLUNO ALPINA: DOPO LA RIGENERAZIONE URBANA, NIENTE FONDI NEANCHE PER I BORGHI<\/h3>\n<\/blockquote>\n<p><strong><a href=\"https:\/\/www.radiopiu.net\/wordpress\/giornale-radiopiu-20-gennaio-2021-direttore-mirko-mezzacasa\/belluno-alpina\/\" rel=\"attachment wp-att-185689\"><img loading=\"lazy\" decoding=\"async\" class=\"size-medium wp-image-185689 alignleft\" src=\"https:\/\/www.radiopiu.net\/wordpress\/wp-content\/uploads\/2021\/01\/BELLUNO-ALPINA-300x274.jpg\" alt=\"\" width=\"300\" height=\"274\" srcset=\"https:\/\/www.radiopiu.net\/wordpress\/wp-content\/uploads\/2021\/01\/BELLUNO-ALPINA-300x274.jpg 300w, https:\/\/www.radiopiu.net\/wordpress\/wp-content\/uploads\/2021\/01\/BELLUNO-ALPINA.jpg 588w\" sizes=\"auto, (max-width: 300px) 100vw, 300px\" \/><\/a>BELLUNO <\/strong>\u201c<em>C&#8217;\u00e8 una chiara volont\u00e0 politica nazionale di penalizzare la montagna: dopo la bocciatura della rigenerazione urbana 2, in attesa che le promesse di finanziamento di tutti i progetti diventino realt\u00e0, c&#8217;\u00e8 anche la beffa del bando borghi, che sarebbe perfetto per le nostre realt\u00e0 del comprensorio e che per\u00f2 \u00e8 limitato ai comuni con meno di 5mila abitanti. Siamo la periferia della periferia, ma a Roma non interessa: senza risorse e senza servizi, senza un pulmino per i pochi bimbi, senza la messa in sicurezza di strade a dir poco rovinate e pericolose, da qui la gente se ne andr\u00e0 tutta<\/em>\u201d: continua la protesta dell&#8217;associazione Belluno Alpina e del suo presidente Gimmy Dal Farra contro le strategie del governo nazionale che continuano a penalizzare i territori montani in tutta la fascia che si affaccia sulla Valbelluna. \u201c<em>In questi anni, abbiamo proposto e portato avanti numerose idee e progettazioni con solide basi anche di gestione, dal museo dello sci \u2013 che vorremmo vedere all&#8217;ingresso del piazzale del Nevegal, dove c&#8217;era l&#8217;ex hotel San Martino demolito oltre 10 anni fa con la prospettiva di ricavarne un uso sociale &#8211; al laghetto, dall&#8217;indispensabile consorzio forestale alla viabilit\u00e0 di collegamento tra Belluno e Limana dal Nevegal a Valmorel e il valico verso Treviso attraverso Pian delle Femene, fino ai percorsi turistici e alle infrastrutture per la cura e pulizia del bosco. I residenti delle Prealpi sanno cosa serve per mantenere la gente a vivere nel posto e per attrarre visitatori: non sono certo progetti da decine di milioni di euro, ma sono piccoli interventi fondamentali per contrastare lo spopolamento che sono semplicemente esigenze dei residenti montani. Tra competenze e crisi di risorse, non possono certo risolvere tutto i comuni o la Regione, ma se lo Stato propone dei bandi che in continuazione tagliano fuori queste realt\u00e0 lo sconforto \u00e8 grande\u201d, continua Dal Farra. \u201cQuale \u00e8 la colpa dei residenti di Ronce, o di Valmorel, o di Sant&#8217;Antonio Tortal, o di Quantin, Signa o Stabie? Quella di voler vivere e lavorare nelle Prealpi? Quella di risiedere, nel caso di Belluno, in un comune dove fortunatamente non c&#8217;\u00e8 disagio sociale? Quella di credere alle potenzialit\u00e0 ambientali immense di questo territorio e continuare a mantenere vivo un territorio e a volerlo veder crescere nonostante tutte le norme e le difficolt\u00e0? Di non vivere in un comune di confine, e quindi di non poter vedere nemmeno quelle risorse? Non c&#8217;\u00e8 interesse nazionale per la tutela della montagna, questa \u00e8 la verit\u00e0<\/em>\u201d. Dal Farra ha ben chiare le necessit\u00e0 delle aree prealpine: \u201c<em>Serve che gli esperti che studiano la montagna si confrontino con le famiglie che qua vivono; non abbiamo bisogno di progetti calati dall&#8217;alto, ma di idee raccolte tra la popolazione. Poi serve agevolare i finanziamenti dei progetti sopra i 600 metri di quota: \u00e8 in questa fascia che i comuni e gli altri enti sono in difficolt\u00e0 nella gestione del territorio, da qui in su che tutto diventa difficile. Non possiamo pi\u00f9 ricevere come risposta &#8220;stiamo lavorando&#8221;, abbiamo bisogno che da Roma ci dicano &#8220;ecco i fondi, potete partire con i progetti che vi servono<\/em>&#8220;.<\/p>\n<p>&nbsp;<\/p>\n<p>&nbsp;<\/p>\n<hr \/>\n<p>&nbsp;<\/p>\n<blockquote>\n<h3>LA TILT DONA UN SANIFICATORE AMBIENTALE ALL&#8217;ASILO NIDO DEL COMUNE DI FELTRE<\/h3>\n<\/blockquote>\n<p><strong><a href=\"https:\/\/www.radiopiu.net\/wordpress\/giornale-radiopiu-18-gennaio-2022-direttore-mirko-mezzacasa\/sanificatore-asilo-nido-feltre\/\" rel=\"attachment wp-att-254636\"><img loading=\"lazy\" decoding=\"async\" class=\"size-medium wp-image-254636 alignleft\" src=\"https:\/\/www.radiopiu.net\/wordpress\/wp-content\/uploads\/2022\/01\/Sanificatore-asilo-nido-Feltre-300x169.jpg\" alt=\"\" width=\"300\" height=\"169\" srcset=\"https:\/\/www.radiopiu.net\/wordpress\/wp-content\/uploads\/2022\/01\/Sanificatore-asilo-nido-Feltre-300x169.jpg 300w, https:\/\/www.radiopiu.net\/wordpress\/wp-content\/uploads\/2022\/01\/Sanificatore-asilo-nido-Feltre-1024x576.jpg 1024w, https:\/\/www.radiopiu.net\/wordpress\/wp-content\/uploads\/2022\/01\/Sanificatore-asilo-nido-Feltre-768x432.jpg 768w, https:\/\/www.radiopiu.net\/wordpress\/wp-content\/uploads\/2022\/01\/Sanificatore-asilo-nido-Feltre-1536x864.jpg 1536w, https:\/\/www.radiopiu.net\/wordpress\/wp-content\/uploads\/2022\/01\/Sanificatore-asilo-nido-Feltre.jpg 2048w\" sizes=\"auto, (max-width: 300px) 100vw, 300px\" \/><\/a>FELTRE <\/strong>E&#8217; una donazione preziosa, non solo in termini economici, quella effettuata dalla TILT &#8211; acronimo di \u201cTutti Insieme Lavoriamo per il Territorio\u201d &#8211; a favore dell&#8217;asilo nido comunale \u201cIl Maggiociondolo\u201d. Non nuova a gesti di questo tipo, l&#8217;associazione feltrina ha dotato la struttura dedicata all&#8217;accudimento dei pi\u00f9 piccoli di un apparecchio per la sanificazione ambientale dei locali. Dopo la pulizia degli stessi, lo strumento consente di igienizzare e sanificare i gli ambienti grazie all&#8217;emissione di una soluzione aerea a base di ioni d&#8217;argento, completamente atossica. Il sanificatore risulta particolarmente utile non soltanto in questa fase di emergenza sanitaria legata alla diffusione del Covid, in quanto \u00e8 efficace\u00a0 nel trattamento contro tutti i germi dannosi e verr\u00e0 utilizzato tanto per le aule che per i locali di servizio, come, ad esempio, le cucine. A spiegare la filosofia dell&#8217;iniziativa \u00e8 Rosanna Canova, della TILT: \u201c<em>Tramite l&#8217;iniziativa della \u201cdiscarica solidale\u201d, ovvero del magazzino dell&#8217;usato, raccogliamo oggetti di ogni tipo, che poi selezioniamo e rigeneriamo per restituirli alla comunit\u00e0; grazie alle offerte raccolte con queste iniziative riusciamo cos\u00ec a finanziare progetti e acquisti di beni che tornino ancora a vantaggio della comunit\u00e0, in particolar modo delle fasce pi\u00f9 deboli o delle persone svantaggiate<\/em>\u201d.<\/p>\n<p><strong>l&#8217;assessore\u00a0 Giorgia Licastri<\/strong><\/p>\n<audio class=\"wp-audio-shortcode\" id=\"audio-254536-7\" preload=\"none\" style=\"width: 100%;\" controls=\"controls\"><source type=\"audio\/mpeg\" src=\"https:\/\/www.radiopiu.net\/wordpress\/wp-content\/uploads\/2022\/01\/li-castri.mp3?_=7\" \/><a href=\"https:\/\/www.radiopiu.net\/wordpress\/wp-content\/uploads\/2022\/01\/li-castri.mp3\">https:\/\/www.radiopiu.net\/wordpress\/wp-content\/uploads\/2022\/01\/li-castri.mp3<\/a><\/audio>\n<p>&nbsp;<\/p>\n<hr \/>\n<p>&nbsp;<\/p>\n<blockquote>\n<h3>OGGI L&#8217;EVENTO ONLINE SUL CAMBIAMENTO DEL CLIMA<\/h3>\n<\/blockquote>\n<p><strong><a href=\"https:\/\/www.radiopiu.net\/wordpress\/giornale-radiopiu-18-gennaio-2022-direttore-mirko-mezzacasa\/locandina_clima_18_01_2022\/\" rel=\"attachment wp-att-254633\"><img loading=\"lazy\" decoding=\"async\" class=\"size-medium wp-image-254633 alignleft\" src=\"https:\/\/www.radiopiu.net\/wordpress\/wp-content\/uploads\/2022\/01\/LOCANDINA_CLIMA_18_01_2022-212x300.jpeg\" alt=\"\" width=\"212\" height=\"300\" srcset=\"https:\/\/www.radiopiu.net\/wordpress\/wp-content\/uploads\/2022\/01\/LOCANDINA_CLIMA_18_01_2022-212x300.jpeg 212w, https:\/\/www.radiopiu.net\/wordpress\/wp-content\/uploads\/2022\/01\/LOCANDINA_CLIMA_18_01_2022-724x1024.jpeg 724w, https:\/\/www.radiopiu.net\/wordpress\/wp-content\/uploads\/2022\/01\/LOCANDINA_CLIMA_18_01_2022-768x1086.jpeg 768w, https:\/\/www.radiopiu.net\/wordpress\/wp-content\/uploads\/2022\/01\/LOCANDINA_CLIMA_18_01_2022-1087x1536.jpeg 1087w, https:\/\/www.radiopiu.net\/wordpress\/wp-content\/uploads\/2022\/01\/LOCANDINA_CLIMA_18_01_2022.jpeg 1132w\" sizes=\"auto, (max-width: 212px) 100vw, 212px\" \/><\/a>PONTE NELLE ALPI <\/strong>Si svilupper\u00e0 oggi alle 20.15 la prima iniziativa proposta, organizzata e curata dal Gruppo giovani di Ponte nelle Alpi, attivo all\u2019interno della Commissione Pari opportunit\u00e0 comunale.\u00a0 Il neonato gruppo \u00e8 arricchito da ragazze e ragazzi presenti nella Commissione gi\u00e0 dall&#8217;anno scorso, a cui si affiancano altri giovani per la gestione e organizzazione dell\u2019evento. L\u2019appuntamento online \u00e8 dedicato ai cambiamenti climatici. E si intitola \u201c<em>Diritto a vivere nelle Alpi\u201d: \u00abIn questo senso &#8211; spiega la consigliera comunale con delega alle Pari opportunit\u00e0, Sabrina Dassi\u00e8 &#8211; verranno analizzate le ricadute sul nostro territorio alpino. Lo scopo \u00e8 anche quello di sensibilizzare alla consapevolezza del diritto di vivere\u00a0e restare in montagna, senza che i mutamenti legati al clima favoriscano ancor di pi\u00f9 lo spopolamento delle terre alte<\/em>\u00bb.<span class=\"gmail-Apple-converted-space\"> \u00a0<\/span>L\u2019argomento, peraltro, \u00e8 in linea con l&#8217;Agenda 2030 (Goal numero 13) che il gruppo vuole porre all&#8217;attenzione della cittadinanza: \u00abE a tale proposito il cambiamento climatico rappresenta una sfida centrale per lo sviluppo sostenibile\u00bb.\u00a0 In merito al relatore, \u00e8 un giovane bellunese, ingegnere civile e ambientale e ricercatore: Marco Marcer. Il quale, dal 2020, sta svolgendo la sua attivit\u00e0 in Groenlandia, dove approfondisce l\u2019impatto delle variazioni climatiche su permafrost e valanghe.<span class=\"gmail-Apple-converted-space\"> \u00a0<\/span>L\u2019evento \u00e8 online sul canale YouTube del Comune di Ponte nelle Alpi: per iscriversi e ricevere il link di collegamento, \u00e8 necessario inviare una mail a <a href=\"mailto:biblioteca@pna.bl.it\">biblioteca@pna.bl.it<\/a>.<span class=\"gmail-Apple-converted-space\">\u00a0<\/span><\/p>\n<p>&nbsp;<\/p>\n<p>&nbsp;<\/p>\n<hr \/>\n<p>&nbsp;<\/p>\n<blockquote>\n<h3><a href=\"https:\/\/www.radiopiu.net\/wordpress\/strada-chiusa-anche-per-il-incivili\/9e13a84a-4386-46ad-a283-ffb59378386f\/\" rel=\"attachment wp-att-254607\"><img loading=\"lazy\" decoding=\"async\" class=\"wp-image-254607 alignleft\" src=\"https:\/\/www.radiopiu.net\/wordpress\/wp-content\/uploads\/2022\/01\/9e13a84a-4386-46ad-a283-ffb59378386f.jpg\" alt=\"\" width=\"140\" height=\"311\" srcset=\"https:\/\/www.radiopiu.net\/wordpress\/wp-content\/uploads\/2022\/01\/9e13a84a-4386-46ad-a283-ffb59378386f.jpg 719w, https:\/\/www.radiopiu.net\/wordpress\/wp-content\/uploads\/2022\/01\/9e13a84a-4386-46ad-a283-ffb59378386f-135x300.jpg 135w, https:\/\/www.radiopiu.net\/wordpress\/wp-content\/uploads\/2022\/01\/9e13a84a-4386-46ad-a283-ffb59378386f-460x1024.jpg 460w, https:\/\/www.radiopiu.net\/wordpress\/wp-content\/uploads\/2022\/01\/9e13a84a-4386-46ad-a283-ffb59378386f-690x1536.jpg 690w\" sizes=\"auto, (max-width: 140px) 100vw, 140px\" \/><\/a>STRADA CHIUSA&#8230; ANCHE PER L&#8217;INCIVILE<\/h3>\n<\/blockquote>\n<p><strong>TAIBON<\/strong> La &#8220;vecchia&#8221; 203 agordina, un tracciato amato dai ciclisti e dai pedoni, dai giorni di Vaia chiuso al transito perch\u00e9 sono in corso i lavori di ripristino della strada che porta a Cencenighe dopo i danni causati dall&#8217;esondazione del torrente Cordevole, ma probabilmente per qualcuno il divieto di accesso non esiste,\u00a0 al punto che non solo vi \u00e8 transitato ma ha pure lasciato i segni del suo passaggio: frattaglie di maiale in strada. Non \u00e8 purtroppo il primo episodio segnalato tra Listolade e la Valle di San Lucano<\/p>\n<p>&nbsp;<\/p>\n<p>&nbsp;<\/p>\n<p>&nbsp;<\/p>\n<p>&nbsp;<\/p>\n<p>&nbsp;<\/p>\n<p>&nbsp;<\/p>\n<p>&nbsp;<\/p>\n<p>&nbsp;<\/p>\n<p>&nbsp;<\/p>\n<hr \/>\n<p>&nbsp;<\/p>\n<blockquote>\n<h3>UNA BOCCATA D\u2019OSSIGENO PER GLI ENTI DEL TERZO SETTORE<\/h3>\n<\/blockquote>\n<p><strong><a href=\"https:\/\/www.radiopiu.net\/wordpress\/giornale-radiopiu-18-gennaio-2022-direttore-mirko-mezzacasa\/alberto-franceschini-presidente-csv-belluno-treviso\/\" rel=\"attachment wp-att-254661\"><img loading=\"lazy\" decoding=\"async\" class=\" wp-image-254661 alignleft\" src=\"https:\/\/www.radiopiu.net\/wordpress\/wp-content\/uploads\/2022\/01\/Alberto-Franceschini-presidente-Csv-Belluno-Treviso-270x300.jpg\" alt=\"\" width=\"168\" height=\"187\" srcset=\"https:\/\/www.radiopiu.net\/wordpress\/wp-content\/uploads\/2022\/01\/Alberto-Franceschini-presidente-Csv-Belluno-Treviso-270x300.jpg 270w, https:\/\/www.radiopiu.net\/wordpress\/wp-content\/uploads\/2022\/01\/Alberto-Franceschini-presidente-Csv-Belluno-Treviso-921x1024.jpg 921w, https:\/\/www.radiopiu.net\/wordpress\/wp-content\/uploads\/2022\/01\/Alberto-Franceschini-presidente-Csv-Belluno-Treviso-768x854.jpg 768w, https:\/\/www.radiopiu.net\/wordpress\/wp-content\/uploads\/2022\/01\/Alberto-Franceschini-presidente-Csv-Belluno-Treviso.jpg 1317w\" sizes=\"auto, (max-width: 168px) 100vw, 168px\" \/><\/a>BELLUNO <\/strong>Oltre 1 milione di euro destinati, dal Csv Belluno Treviso, al sostegno delle realt\u00e0 associative dei territori bellunese e trevigiano. \u00c8 la cifra messa nera su bianco nel bilancio preventivo 2022 appena approvato dal Csv Belluno Treviso. L\u2019ente potr\u00e0 cos\u00ec continuare, grazie a queste risorse, a garantire supporto agli enti del Terzo settore, tramite il proprio staff operativo, per svilupparne il valore economico-sociale con conseguente ricaduta positiva nelle comunit\u00e0 locali. \u00abPer la prima volta dalla nascita del nuovo Csv Belluno Treviso, avvenuta lo scorso anno, si \u00e8 proceduto ad un lavoro armonico per la preparazione di un documento di tale portata &#8211; afferma il presidente del Csv Alberto Franceschini &#8211; La somma delle aree che il Csv andr\u00e0 a sostenere \u00e8 ricca, perch\u00e9 ricche sono le storie, le attivit\u00e0, le esperienze dell\u2019associazionismo, cos\u00ec come le sue radici ed i suoi valori\u00bb. Continua il presidente Franceschini: \u00abLe azioni e gli impegni dei nostri associati e dei nostri volontari devono sempre di pi\u00f9, in questo periodo particolarmente difficile, essere sostenuti perch\u00e9 il volontariato da tempo non pu\u00f2 pi\u00f9 essere solo spontaneismo e autoreferenzialit\u00e0, ma \u201calleanza\u201d e \u201crete\u201d anche, se non soprattutto, con le giovani generazioni. Per questo il Csv intende riproporsi quale sostegno a tutti i nostri volontari e volontarie ripartendo di slancio per superare le difficolt\u00e0, investendo risorse e mettendo a disposizione tutte le proprie professionalit\u00e0\u00bb.<\/p>\n<p>&nbsp;<\/p>\n<p>&nbsp;<\/p>\n<hr \/>\n<p>&nbsp;<\/p>\n<blockquote>\n<h3>VENERDI\u2019 IL CONSIGLIO COMUNALE DI CANALE D\u2019AGORDO<\/h3>\n<\/blockquote>\n<p><strong>CANALE D\u2019AGORDO<\/strong>\u00a0Il sindaco di Canale D\u2019Agordo Flavio Colgergnan ha convocato il consiglio comunale per venerd\u00ec alle 19 presso la sala Lina Zand\u00f2. Quattro punti in discussione tra cui la nomina del revisore dei conti per il triennio 2022-2025 e l\u2019approvazione del bilancio di ASCA.<\/p>\n<p>&nbsp;<\/p>\n<p>&nbsp;<\/p>\n<hr \/>\n<p>&nbsp;<\/p>\n<blockquote>\n<h3>METEO IN VENETO, POCHE PRECIPITAZIONI DAL 1 DICEMBRE, DA GIOVEDI CAMBIA IL TEMPO.<\/h3>\n<\/blockquote>\n<p><strong><a href=\"https:\/\/www.radiopiu.net\/wordpress\/giornale-radiopiu-18-gennaio-2022-direttore-mirko-mezzacasa\/1a77b3be-f800-4f4f-bdbd-f1f00c871216\/\" rel=\"attachment wp-att-254718\"><img loading=\"lazy\" decoding=\"async\" class=\"size-medium wp-image-254718 alignleft\" src=\"https:\/\/www.radiopiu.net\/wordpress\/wp-content\/uploads\/2022\/01\/1a77b3be-f800-4f4f-bdbd-f1f00c871216-300x169.jpg\" alt=\"\" width=\"300\" height=\"169\" srcset=\"https:\/\/www.radiopiu.net\/wordpress\/wp-content\/uploads\/2022\/01\/1a77b3be-f800-4f4f-bdbd-f1f00c871216-300x169.jpg 300w, https:\/\/www.radiopiu.net\/wordpress\/wp-content\/uploads\/2022\/01\/1a77b3be-f800-4f4f-bdbd-f1f00c871216-1024x576.jpg 1024w, https:\/\/www.radiopiu.net\/wordpress\/wp-content\/uploads\/2022\/01\/1a77b3be-f800-4f4f-bdbd-f1f00c871216-768x432.jpg 768w, https:\/\/www.radiopiu.net\/wordpress\/wp-content\/uploads\/2022\/01\/1a77b3be-f800-4f4f-bdbd-f1f00c871216-1536x864.jpg 1536w, https:\/\/www.radiopiu.net\/wordpress\/wp-content\/uploads\/2022\/01\/1a77b3be-f800-4f4f-bdbd-f1f00c871216.jpg 1920w\" sizes=\"auto, (max-width: 300px) 100vw, 300px\" \/><\/a>VENEZIA<\/strong> L\u2019inverno meteorologico, iniziato il 1 dicembre, in Veneto si sta dimostrando piuttosto secco e caratterizzato da frequenti condizioni di tempo stabile. In dicembre \u00e8 caduta complessivamente circa la met\u00e0 delle precipitazioni normali (44 mm totali contro una media normale di 80 mm circa).\u00a0 In questi ultimi giorni una nuova espansione di un campo di alta pressione posizionato sull\u2019Europa centro-occidentale ha riportato giornate stabili, inizialmente soleggiate anche in pianura ma con un progressivo aumento delle nebbie nelle ore pi\u00f9 fredde su alcune zone pianeggianti. Nei prossimi giorni l\u2019area anticiclonica tender\u00e0 ad indebolirsi ulteriormente favorendo un cambio della circolazione e l\u2019entrata di un modesto impulso da nord-ovest sulla regione nella giornata di gioved\u00ec quando potr\u00e0 verificarsi qualche modesta precipitazione.<\/p>\n<p>&nbsp;<\/p>\n<hr \/>\n<p>&nbsp;<\/p>\n<p>&nbsp;<\/p>\n<blockquote>\n<h3><a href=\"https:\/\/www.radiopiu.net\/wordpress\/giornale-radiopiu-18-gennaio-2022-direttore-mirko-mezzacasa\/nuova-ambulanza-cri-feltre\/\" rel=\"attachment wp-att-254739\"><img loading=\"lazy\" decoding=\"async\" class=\"wp-image-254739 alignleft\" src=\"https:\/\/www.radiopiu.net\/wordpress\/wp-content\/uploads\/2022\/01\/nuova-ambulanza-cri-feltre-300x225.jpg\" alt=\"\" width=\"197\" height=\"148\" srcset=\"https:\/\/www.radiopiu.net\/wordpress\/wp-content\/uploads\/2022\/01\/nuova-ambulanza-cri-feltre-300x225.jpg 300w, https:\/\/www.radiopiu.net\/wordpress\/wp-content\/uploads\/2022\/01\/nuova-ambulanza-cri-feltre-1024x768.jpg 1024w, https:\/\/www.radiopiu.net\/wordpress\/wp-content\/uploads\/2022\/01\/nuova-ambulanza-cri-feltre-768x576.jpg 768w, https:\/\/www.radiopiu.net\/wordpress\/wp-content\/uploads\/2022\/01\/nuova-ambulanza-cri-feltre-1536x1152.jpg 1536w, https:\/\/www.radiopiu.net\/wordpress\/wp-content\/uploads\/2022\/01\/nuova-ambulanza-cri-feltre.jpg 1890w\" sizes=\"auto, (max-width: 197px) 100vw, 197px\" \/><\/a>LA NUOVA AMBULANZA DEL COMITATO CROCE ROSSA ITALIANA<\/h3>\n<\/blockquote>\n<p><span id=\"page3R_mcid5\" class=\"markedContent\"><span dir=\"ltr\" role=\"presentation\"><strong>FELTRE<\/strong> Da qualche settimana sulle strade del Feltrino \u00e8 possibile incontrare in servizio la nuova <\/span><span dir=\"ltr\" role=\"presentation\">ambulanza in forza al parco macchine del Comitato di Feltre della Croce Rossa Italiana. Si tratta di <\/span><span dir=\"ltr\" role=\"presentation\">un mezzo Volkswagen T6 a trazione integrale attrezzato per il servizio emergenza-urgenza. <\/span><\/span><span id=\"page3R_mcid6\" class=\"markedContent\"><span dir=\"ltr\" role=\"presentation\">L<\/span><span dir=\"ltr\" role=\"presentation\">\u2019<\/span><span dir=\"ltr\" role=\"presentation\">ambulanza \u00e8 stata acquistata grazie all<\/span><span dir=\"ltr\" role=\"presentation\">\u2019<\/span><span dir=\"ltr\" role=\"presentation\">intervento economico di pi\u00f9 parti:<\/span><span dir=\"ltr\" role=\"presentation\"> Fondazione Cariverona, Tilt<\/span> <span dir=\"ltr\" role=\"presentation\">\u201c<\/span><span dir=\"ltr\" role=\"presentation\">Tutti insieme lavoriamo per il territorio<\/span><span dir=\"ltr\" role=\"presentation\">\u201d e<\/span><span dir=\"ltr\" role=\"presentation\"> i risparmi del Comitato. L&#8217;<\/span><span dir=\"ltr\" role=\"presentation\">ambulanza <\/span><span dir=\"ltr\" role=\"presentation\">sar\u00e0 impegnata per svolgere la convenzione di interventi di emergenza-urgenza (il servizio 118) <\/span><span dir=\"ltr\" role=\"presentation\">con l<\/span><span dir=\"ltr\" role=\"presentation\">\u2019<\/span><span dir=\"ltr\" role=\"presentation\">Ulss 1 Dolomiti.<\/span><\/span><\/p>\n<blockquote><p><em><span id=\"page3R_mcid7\" class=\"markedContent\"><span dir=\"ltr\" role=\"presentation\">&#8220;Il Comitato CRI di Feltre &#8211; spiega il Presidente Andrea Zabot &#8211;\u00a0 pu\u00f2 <\/span><span dir=\"ltr\" role=\"presentation\">contare su un mezzo dedicato al trasporto dei pazienti positivi al Covid-19 e altri due impegnati nel <\/span><span dir=\"ltr\" role=\"presentation\">trasporti privati e nelle manifestazioni sportive<\/span><span dir=\"ltr\" role=\"presentation\">. Non vanno dimenticati gli altri campi di lavoro come l<\/span><span dir=\"ltr\" role=\"presentation\">\u2019<\/span><span dir=\"ltr\" role=\"presentation\">aiuto agli <\/span><span dir=\"ltr\" role=\"presentation\">indigenti, l<\/span><span dir=\"ltr\" role=\"presentation\">\u2019<\/span><span dir=\"ltr\" role=\"presentation\">unit\u00e0 cinofila, utilizzo dei droni per ricerca e soccorso e il servizio di soccorso sulle <\/span><span dir=\"ltr\" role=\"presentation\">pista da sci nel quale la Cri Feltre \u00e8 punto di riferimento regionale&#8221;.<\/span><\/span><\/em><\/p><\/blockquote>\n<p>&nbsp;<\/p>\n<p>&nbsp;<\/p>\n<hr \/>\n<p>&nbsp;<\/p>\n<p>&nbsp;<\/p>\n<blockquote>\n<h2>IL RITORNO DELLA BICI RACCONTATA<\/h2>\n<\/blockquote>\n<p><strong><a href=\"https:\/\/www.radiopiu.net\/wordpress\/il-ritorno-della-bici-raccontata\/e70317da-af15-d285-46c0-c7b69d8263bf\/\" rel=\"attachment wp-att-254787\"><img loading=\"lazy\" decoding=\"async\" class=\"wp-image-254787 alignleft\" src=\"https:\/\/www.radiopiu.net\/wordpress\/wp-content\/uploads\/2022\/01\/e70317da-af15-d285-46c0-c7b69d8263bf-300x212.png\" alt=\"\" width=\"201\" height=\"142\" srcset=\"https:\/\/www.radiopiu.net\/wordpress\/wp-content\/uploads\/2022\/01\/e70317da-af15-d285-46c0-c7b69d8263bf-300x212.png 300w, https:\/\/www.radiopiu.net\/wordpress\/wp-content\/uploads\/2022\/01\/e70317da-af15-d285-46c0-c7b69d8263bf-1024x724.png 1024w, https:\/\/www.radiopiu.net\/wordpress\/wp-content\/uploads\/2022\/01\/e70317da-af15-d285-46c0-c7b69d8263bf-768x543.png 768w, https:\/\/www.radiopiu.net\/wordpress\/wp-content\/uploads\/2022\/01\/e70317da-af15-d285-46c0-c7b69d8263bf-1536x1086.png 1536w, https:\/\/www.radiopiu.net\/wordpress\/wp-content\/uploads\/2022\/01\/e70317da-af15-d285-46c0-c7b69d8263bf.png 2000w\" sizes=\"auto, (max-width: 201px) 100vw, 201px\" \/><\/a>FELTRE<\/strong> Da venerdi\u00a0 \u00a0tre serate dedicate a libri, incontri e viaggi alla scoperta di posti magici, a volte inesplorati o poco conosciuti. La rassegna, gratuita, sar\u00e0 aperta a tutti e\u00a0 prevede due appuntamenti su piattaforma Jitsi Meet &#8211; venerd\u00ed 21 gennaio e venerd\u00ed 4 marzo, e un appuntamento in presenza presso l&#8217;Istituto Canossiano di Feltre venerd\u00ed 11 febbraio.\u00a0 PRIMO APPUNTAMENTO Con la partecipazione di Massimo Gaspardo Moro &#8211; Consigliere Nazionale FIAB, venerdi alle 21: <strong><a href=\"https:\/\/mailchi.mp\/6543c304e9d0\/la_bici_raccontata\"><span style=\"color: #007c89;\">&#8220;E-CAR, E-BIKE, E-MONOPATTINI. LA MOBILIT\u00c0 ELETTRICA \u00c8 LA SOLUZIONE?&#8221;<\/span>\u00a0 <\/a><\/strong><em>Monopattini elettrici, un problema o un&#8217;opportunit\u00e0? Non passa settimana senza qualche polemica sui nuovi mezzi, sempre pi\u00f9 diffusi nelle nostre citt\u00e0. I monopattini elettrici sono ormai diventati compagni di strada delle biciclette, ma sono temibili concorrenti o utili alleati? Quali minacce comportano per i ciclisti e quali benefici ne potrebbero derivare.\u00a0 \u00a0<\/em><strong>LINK PER COLLEGARSI ALLA SERATA:<\/strong><strong><a href=\"https:\/\/meet.jit.si\/La_Bici_Raccontata\"> https:\/\/meet.jit.si\/La_Bici_Raccontata<\/a><\/strong><\/p>\n<p>&nbsp;<\/p>\n<hr \/>\n<blockquote>\n<h3><\/h3>\n<h3>SARA E DAVIDE, DAL MARE DELLA LIGURIA ALLA PACE DI SELVA DI CADORE<\/h3>\n<\/blockquote>\n<p><strong>SELVA DI CADORE<\/strong><\/p>\n<p><strong>VIVERE L\u2019AGORDINO, UNA NUOVA PUNTATA DELL\u2019INIZIATIVA DEL CORRIERE DELLE ALPI. LO SPECIALE IN EDICOLA OGNI LUNEDI, IN AUDIO ALLA RADIO IL MARTEDI.\u00a0<\/strong><\/p>\n<p>di Gianni Santomaso<\/p>\n<audio class=\"wp-audio-shortcode\" id=\"audio-254536-8\" preload=\"none\" style=\"width: 100%;\" controls=\"controls\"><source type=\"audio\/mpeg\" src=\"https:\/\/www.radiopiu.net\/wordpress\/wp-content\/uploads\/2022\/01\/GIANNI-SPECIALE-SARA-E-DAVIDE.mp3?_=8\" \/><a href=\"https:\/\/www.radiopiu.net\/wordpress\/wp-content\/uploads\/2022\/01\/GIANNI-SPECIALE-SARA-E-DAVIDE.mp3\">https:\/\/www.radiopiu.net\/wordpress\/wp-content\/uploads\/2022\/01\/GIANNI-SPECIALE-SARA-E-DAVIDE.mp3<\/a><\/audio>\n<p>&nbsp;<\/p>\n\n\t\t\t<style type='text\/css'>\n\t\t\t\t#gallery-2 {\n\t\t\t\t\tmargin: auto;\n\t\t\t\t}\n\t\t\t\t#gallery-2 .gallery-item {\n\t\t\t\t\tfloat: left;\n\t\t\t\t\tmargin-top: 10px;\n\t\t\t\t\ttext-align: center;\n\t\t\t\t\twidth: 50%;\n\t\t\t\t}\n\t\t\t\t#gallery-2 img {\n\t\t\t\t\tborder: 2px solid #cfcfcf;\n\t\t\t\t}\n\t\t\t\t#gallery-2 .gallery-caption {\n\t\t\t\t\tmargin-left: 0;\n\t\t\t\t}\n\t\t\t\t\/* see gallery_shortcode() in wp-includes\/media.php *\/\n\t\t\t<\/style>\n\t\t<div id='gallery-2' class='dt-gallery-container gallery galleryid-254536 gallery-columns-2 gallery-size-thumbnail'><dl class='gallery-item'>\n\t\t\t\t<dt class='gallery-icon portrait'>\n\t\t\t\t\t<a class=\"rollover rollover-zoom dt-pswp-item\" title=\"0\" data-dt-img-description=\"\" data-large_image_width=\"1803\" data-large_image_height=\"1926\"href='https:\/\/www.radiopiu.net\/wordpress\/wp-content\/uploads\/2022\/01\/0-1.png'><img loading=\"lazy\" decoding=\"async\" width=\"150\" height=\"150\" src=\"https:\/\/www.radiopiu.net\/wordpress\/wp-content\/uploads\/2022\/01\/0-1-150x150.png\" class=\"attachment-thumbnail size-thumbnail\" alt=\"\" \/><\/a>\n\t\t\t\t<\/dt><\/dl><dl class='gallery-item'>\n\t\t\t\t<dt class='gallery-icon landscape'>\n\t\t\t\t\t<a class=\"rollover rollover-zoom dt-pswp-item\" title=\"d02d0036-9908-415e-ac07-1cfb8a5b85eb\" data-dt-img-description=\"\" data-large_image_width=\"1600\" data-large_image_height=\"901\"href='https:\/\/www.radiopiu.net\/wordpress\/wp-content\/uploads\/2022\/01\/d02d0036-9908-415e-ac07-1cfb8a5b85eb.jpg'><img loading=\"lazy\" decoding=\"async\" width=\"150\" height=\"150\" src=\"https:\/\/www.radiopiu.net\/wordpress\/wp-content\/uploads\/2022\/01\/d02d0036-9908-415e-ac07-1cfb8a5b85eb-150x150.jpg\" class=\"attachment-thumbnail size-thumbnail\" alt=\"\" \/><\/a>\n\t\t\t\t<\/dt><\/dl><br style=\"clear: both\" \/>\n\t\t\t<\/div>\n\n<p>&nbsp;<\/p>\n<p>&nbsp;<\/p>\n<hr \/>\n<p>&nbsp;<\/p>\n<blockquote>\n<h3>ADOLE\u2013SCIENZA: INCONTRI ONLINE PER GENITORI<\/h3>\n<\/blockquote>\n<p><strong>BELLUNO <\/strong>Dal 28 gennaio Il Dipartimento Dipendenze dell\u2019Ulss Dolomiti ha organizzato una serie di incontri per genitori e adulti di riferimento di ragazzi adolescenti. Gli incontri si terranno online dalle 20.30 alle 22.00.<\/p>\n<p>&nbsp;<\/p>\n<p>&nbsp;<\/p>\n<hr \/>\n<p>&nbsp;<\/p>\n<blockquote>\n<h3><a href=\"https:\/\/www.radiopiu.net\/wordpress\/169-anniversario-di-fondazione-della-polizia-di-stato\/img-20210207-wa0009\/\" rel=\"attachment wp-att-202223\"><img loading=\"lazy\" decoding=\"async\" class=\"wp-image-202223 alignleft\" src=\"https:\/\/www.radiopiu.net\/wordpress\/wp-content\/uploads\/2021\/04\/IMG-20210207-WA0009-300x225.jpg\" alt=\"\" width=\"172\" height=\"129\" srcset=\"https:\/\/www.radiopiu.net\/wordpress\/wp-content\/uploads\/2021\/04\/IMG-20210207-WA0009-300x225.jpg 300w, https:\/\/www.radiopiu.net\/wordpress\/wp-content\/uploads\/2021\/04\/IMG-20210207-WA0009-1024x768.jpg 1024w, https:\/\/www.radiopiu.net\/wordpress\/wp-content\/uploads\/2021\/04\/IMG-20210207-WA0009-768x576.jpg 768w, https:\/\/www.radiopiu.net\/wordpress\/wp-content\/uploads\/2021\/04\/IMG-20210207-WA0009-1536x1152.jpg 1536w, https:\/\/www.radiopiu.net\/wordpress\/wp-content\/uploads\/2021\/04\/IMG-20210207-WA0009.jpg 1632w\" sizes=\"auto, (max-width: 172px) 100vw, 172px\" \/><\/a>LA POLIZIA DI STATO CERCA QUARANTA MEDICI<\/h3>\n<\/blockquote>\n<p><b>BELLUNO <\/b>E&#8217; stato pubblicato il concorso per titoli ed esami per l&#8217;assunzione di 40 medici per la Polizia di Stato. La domanda di partecipazione al concorso deve essere compilato entro 30 giorni attraverso il sito www.poliziadistato.it<\/p>\n<p>&nbsp;<\/p>\n<p>&nbsp;<\/p>\n<p>&nbsp;<\/p>\n<p>&nbsp;<\/p>\n<hr \/>\n<p>&nbsp;<\/p>\n<blockquote>\n<h3><br role=\"presentation\" \/><span dir=\"ltr\" role=\"presentation\">GUARDIA DI FINANZA: PUBBLICATA LA PROCEDURA DI SELEZIONE DEGLI ATLETI CON <\/span><span dir=\"ltr\" role=\"presentation\">DISABILIT\u00c0 FISICHE E SENSORIALI <\/span><\/h3>\n<\/blockquote>\n<p><strong>BELLUNO<\/strong> <span dir=\"ltr\" role=\"presentation\">Sul portale concorsi online della Guardia di Finanza, per la prima volta nella storia del Corpo \u00e8 stato pubblicato <\/span><span dir=\"ltr\" role=\"presentation\">il bando di concorso, per soli titoli, per la selezione di 6 atleti con disabilit\u00e0 fisiche e sensoriali, distinti per <\/span><span dir=\"ltr\" role=\"presentation\">discipline sportive, che faranno parte della Sezione Paralimpica Fiamme Gialle, istituita nell\u2019ambito dei Gruppi <\/span><span dir=\"ltr\" role=\"presentation\">Sportivi Fiamme Gialle. Al concorso possono partecipare coloro che abbiano, alla data di scadenza del termine per la presentazione della <br role=\"presentation\" \/>domanda, compiuto il 17\u00b0 anno e non abbiano superato il giorno di compimento del 35\u00b0 anno di et\u00e0 e che abbiano conseguito nella propria disciplina risultati agonistici di livello almeno nazionale, regolarmente certificati dal Comitato Italiano Paralimpico (C.I.P.) <\/span><span dir=\"ltr\" role=\"presentation\">La domanda di partecipazione al concorso, da presentare entro le ore 24.00 del 31 gennaio 2022, dovr\u00e0 essere <\/span><span dir=\"ltr\" role=\"presentation\">compilata <\/span><span dir=\"ltr\" role=\"presentation\">esclusivamente <\/span><span dir=\"ltr\" role=\"presentation\">mediante <\/span><span dir=\"ltr\" role=\"presentation\">la <\/span><span dir=\"ltr\" role=\"presentation\">procedura <\/span><span dir=\"ltr\" role=\"presentation\">telematica <\/span><span dir=\"ltr\" role=\"presentation\">disponibile <\/span><span dir=\"ltr\" role=\"presentation\">sul <\/span><span dir=\"ltr\" role=\"presentation\">portale <\/span><span dir=\"ltr\" role=\"presentation\">attivo <\/span><span dir=\"ltr\" role=\"presentation\">all\u2019indirizzo <\/span><br role=\"presentation\" \/><span dir=\"ltr\" role=\"presentation\">concorsi.gdf.gov.it\u00a0<\/span><\/p>\n<p>&nbsp;<\/p>\n<p>&nbsp;<\/p>\n<hr \/>\n<p>&nbsp;<\/p>\n<blockquote>\n<h3>SERVIZIO CIVILE UNIVERSALE PROGETTO \u201cABBRACCIO<\/h3>\n<\/blockquote>\n<p><strong><a href=\"https:\/\/www.radiopiu.net\/wordpress\/giornale-radiopiu-12-gennaio-2022-direttore-mirko-mezzacasa\/tree-97986_960_720\/\" rel=\"attachment wp-att-253452\"><img loading=\"lazy\" decoding=\"async\" class=\"wp-image-253452 alignleft\" src=\"https:\/\/www.radiopiu.net\/wordpress\/wp-content\/uploads\/2022\/01\/tree-97986_960_720-300x225.jpg\" alt=\"\" width=\"113\" height=\"85\" srcset=\"https:\/\/www.radiopiu.net\/wordpress\/wp-content\/uploads\/2022\/01\/tree-97986_960_720-300x225.jpg 300w, https:\/\/www.radiopiu.net\/wordpress\/wp-content\/uploads\/2022\/01\/tree-97986_960_720-768x575.jpg 768w, https:\/\/www.radiopiu.net\/wordpress\/wp-content\/uploads\/2022\/01\/tree-97986_960_720.jpg 960w\" sizes=\"auto, (max-width: 113px) 100vw, 113px\" \/><\/a>\u00a0BELLUNO<\/strong> Il Centro Italiano Solidariet\u00e0 di Belluno (Ceis) seleziona\u00a0 10\u00a0 volontari per il progetto di contrasto alle dipendente. Le domande vanno presentate entro il 26 gennaio. rivolgersi al Ce.I.S.,\u00a0 telefono: 0437 950895 \u2013 mail: info@ceisbelluno.org. Ulteriori informazioni anche su: www.ceisbelluno.org<\/p>\n<p>&nbsp;<\/p>\n<p>&nbsp;<\/p>\n<p>&nbsp;<\/p>\n<hr \/>\n<p>&nbsp;<\/p>\n<p>&nbsp;<\/p>\n<blockquote>\n<h3><a href=\"https:\/\/www.radiopiu.net\/wordpress\/giornale-radiopiu-18-gennaio-2022-direttore-mirko-mezzacasa\/falcade-dolomiti-week-4-kids-gennaio-2022-2\/\" rel=\"attachment wp-att-254692\"><img loading=\"lazy\" decoding=\"async\" class=\"wp-image-254692 alignleft\" src=\"https:\/\/www.radiopiu.net\/wordpress\/wp-content\/uploads\/2022\/01\/Falcade-Dolomiti-Week-4-kids-gennaio-2022-1-214x300.jpg\" alt=\"\" width=\"167\" height=\"234\" srcset=\"https:\/\/www.radiopiu.net\/wordpress\/wp-content\/uploads\/2022\/01\/Falcade-Dolomiti-Week-4-kids-gennaio-2022-1-214x300.jpg 214w, https:\/\/www.radiopiu.net\/wordpress\/wp-content\/uploads\/2022\/01\/Falcade-Dolomiti-Week-4-kids-gennaio-2022-1-730x1024.jpg 730w, https:\/\/www.radiopiu.net\/wordpress\/wp-content\/uploads\/2022\/01\/Falcade-Dolomiti-Week-4-kids-gennaio-2022-1-768x1077.jpg 768w, https:\/\/www.radiopiu.net\/wordpress\/wp-content\/uploads\/2022\/01\/Falcade-Dolomiti-Week-4-kids-gennaio-2022-1-1096x1536.jpg 1096w, https:\/\/www.radiopiu.net\/wordpress\/wp-content\/uploads\/2022\/01\/Falcade-Dolomiti-Week-4-kids-gennaio-2022-1.jpg 1276w\" sizes=\"auto, (max-width: 167px) 100vw, 167px\" \/><\/a>WEEK4KIDS 23 &#8211; 29 gennaio 2022<\/h3>\n<\/blockquote>\n<p><strong>FALCADE<\/strong>\u00a0 Dal 23 al 29 gennaio neve e sci con la \u00a0Scuola Sci Equipe che\u00a0 propone il corso di sci e snowboard al mattino dalle 10 alle 13 per i ragazzi dai 4 ai 14 anni, ed il pomeriggio tantissime attivit\u00e0 come da programma allegato, ogni giorno una divertente proposta per i pi\u00f9 piccoli e le loro famiglie. Domenica dalle\u00a0 17 nella sede della Scuola Sci &amp; Snowboard Equipe benvenuto in compagnia dei maestri di sci, Iscrizione ai corsi collettivi e presentazione del programma settimanale<\/p>\n<p>&nbsp;<\/p>\n<p>&nbsp;<\/p>\n<p>&nbsp;<\/p>\n<p>&nbsp;<\/p>\n<p>&nbsp;<\/p>\n<p>&nbsp;<\/p>\n<hr \/>\n<p>&nbsp;<\/p>\n<p>&nbsp;<\/p>\n<blockquote>\n<h3>DOMANI A LA VALLE L&#8217;HOCKEY DEDICATO AI BAMBINI<\/h3>\n<\/blockquote>\n<p><strong>LA VALLE<\/strong> L&#8217;Alleghe Hockey e il La Valle Ghiaccio organizzano per domani una serata di hockey dedicata ai bambini. Un motivo in pi\u00f9 per avvicinare i giovani al mondo dell&#8217;hockey su ghiaccio. Ci saranno i giovani atleti delle civette che faranno vedere e provare lo sport dell&#8217;hockey su ghiaccio. Iniziativa dedicata a tutti i bambini dai 6 anni in su. Ritrovo allo stadio del ghiaccio di La Valle in localit\u00e0 Conaggia con possibilit\u00e0 di noleggio pattini e attrezzatura.<\/p>\n<p>&nbsp;<\/p>\n<p>&nbsp;<\/p>\n<hr \/>\n<p>&nbsp;<\/p>\n<blockquote><p><span style=\"color: #ff0000;\"><strong>IL LIBRO<\/strong><\/span><\/p>\n<blockquote>\n<h3>DAL DOMINIO VISCONTEO ALLA PRIMA DEDIZIONE A VENEZIA<\/h3>\n<\/blockquote>\n<p><strong><a href=\"https:\/\/www.radiopiu.net\/wordpress\/giornale-radiopiu-26-01-2018-direttore-mirko-mezzacasa\/marco-perale-2\/\" rel=\"attachment wp-att-42325\"><img loading=\"lazy\" decoding=\"async\" class=\" wp-image-42325 alignleft\" src=\"https:\/\/www.radiopiu.net\/wordpress\/wp-content\/uploads\/2018\/01\/Marco-Perale-200x300.jpg\" alt=\"\" width=\"67\" height=\"101\" srcset=\"https:\/\/www.radiopiu.net\/wordpress\/wp-content\/uploads\/2018\/01\/Marco-Perale-200x300.jpg 200w, https:\/\/www.radiopiu.net\/wordpress\/wp-content\/uploads\/2018\/01\/Marco-Perale-768x1152.jpg 768w, https:\/\/www.radiopiu.net\/wordpress\/wp-content\/uploads\/2018\/01\/Marco-Perale-683x1024.jpg 683w\" sizes=\"auto, (max-width: 67px) 100vw, 67px\" \/><\/a>BELLUNO<\/strong> Si terr\u00e0 venerd\u00ec alle 17 nella Sala Bianchi di viale Fantuzzi la presentazione del libro &#8220;Belluno. Dal dominio visconteo alla prima dedizione a Venezia (1404)&#8221;, il nuovo studio di Enrico Bacchetti, fresco di stampa per l\u2019Istituto Veneto di Scienze, Lettere ed Arti e tratto dalle fonti dell\u2019Archivio storico comunale. L&#8217;introduzione sar\u00e0 curata da Marco Perale, assessore alla Cultura del Comune di Belluno. Interverranno l&#8217;autore, Enrico Bacchetti, e il professor Gian Maria Varanini dell\u2019Universit\u00e0 di Verona. Il libro si occupa di quanto avvenne a Belluno nella primavera del 1404, quando, caduto il precedente dominio dei Visconti, per la prima volta la Citt\u00e0 e il suo territorio pattuirono di entrare a far parte della Repubblica di Venezia.\u00a0 <em>\u00abQuesto volume &#8211; commenta l&#8217;assessore alla cultura Marco Perale &#8211; non ci permette solo di ricostruire una fase storica importante della nostra citt\u00e0, ma \u00e8 anche il modo storico e documentato con cui Belluno partecipa alle celebrazioni per i 1600 anni di fondazione della citt\u00e0 di Venezia\u00bb.<\/em><\/p><\/blockquote>\n<p>&nbsp;<\/p>\n<hr \/>\n<p>&nbsp;<\/p>\n<p>&nbsp;<\/p>\n<blockquote>\n<h3>LA VALLE AGORDINA, NOTIZIE BREVI DAL 1800 AL 1899, di TIZIANO DE COL<\/h3>\n<\/blockquote>\n<p><strong><img decoding=\"async\" class=\"alignleft\" src=\"https:\/\/www.radiopiu.net\/wordpress\/wp-content\/uploads\/2022\/01\/6cc61628-b41f-4c62-a143-ff3c62e222b8.jpg\" \/>LA VALLE\u00a0<\/strong> Nel 1797 con l&#8217; avvento dei francesi e del bonapartismo veniva a cessare la secolare storia della Regola della Valle (o della Val), ad essa veniva sostituita una federazione di ex Regole facenti capo ad Agordo di cui l&#8217; attuale paese di La Valle diveniva una frazione.<br \/>\nNell&#8217; anno 1800 scoppi\u00f2 una sommossa detta &#8221; dei villici&#8221; aventi per capi Florio Bertoldi, mulattiere e Lazaro Andriolo, oste alla Muda. La rivolta venne soffocata ed i capi arrestati. Nel 1806 (con il Decreto Vicereale n 225) venne tolto dai francesi ogni potere che restava alla Regola della Valle ed i territori di pertinenza della Regola stessa passarono in amministrazione al Comune che a quel tempo era il Comune di Agordo, visto che l&#8217; attuale Comune di La Valle era una sua frazione. I Regolieri della cessata Regola della Valle (o della Val)riuscirono a mantenere i benefici su gran parte dei beni della cessata Regola in quanto riuscirono a dimostrare agli occupanti Francesi (ed agli Austro-Ungarici che li seguirono nell\u2019occupazione)che i beni in questione provenivano da acquisti fatti con denari propri dei Regolieri nel corso dei secoli precedenti, tanto che, sotto la Serenissima, su Dur\u00e0n \u2013 Calleda \u2013 Roa &#8211; Ballanzola (Moschesin \u2013 La Foca \u2013 Folega) la Regola della Valle pagava estimo come una qualsiasi propriet\u00e0 privata. Nel 1818 La Valle riusc\u00ec ancora a staccarsi da Agordo e venne istituito un nuovo Comune chiamato S.Michele di Valle, e con questo nome compare nella Carta del Lombardo Veneto del 1833 , tale Comune era retto da una Deputazione Comunale. I beni comunali furono passati in amministrazione al nuovo Comune e a quel tempo risalgono le storie paesane sugli &#8220;acquisti&#8221; che poi non erano tali di Caleda e Duran. Non furono acquisti visto che storicamente Caleda e Duran erano sempre stati della Regola della Valle (o della Val, come accennato sopra)e inoltre venivano aggregati al Comune di S.Michele di Valle i territori delle Campe e delle Ronche Grande (con Ronchet) che erano prima di pertinenza della Regola Grande di Agordo. Nel 1848 anche S.Michele di Valle fu teatro dei moti indipendentisti, con le difese organizzate alla Muda e sul Passo Duran. Tra i promotori della insurrezione contro gli Austriaci vi era anche un sacerdote di La Valle, Don Cassiano De Col ,nato a La Valle il 19 settembre 1819, il quale arrestato e confinato nel seminario vescovile riusciva a fuggire e riparare in Svizzera, (di questo Sacerdote e della sua attivit\u00e0 contro l\u2019occupazione Austro-Ungarica, avremo modo di scrivere in prossimi articoli). Sulla cartografia del 1866 S.Michele di Valle prendeva il nome di La Valle. Nel 1870 venne fondata la Latteria Sociale (Cas\u00e8lo) , il suo primo Presidente fu Don Alessandro Valmassoni e nel 1879 (il 12 Ottobre) la Latteria ricevette un premio Governativo di Lire 229.38 con il quale la latteria acquist\u00f2 caldaie ed attrezzi per la lavorazione del latte. Nel 1882 la &#8220;brentana teribile&#8221; mise in ginocchio tutta la valle di Zoldo, distrusse Malga Calleda in quel di La Valle, che era posizionata 2 chilometri circa prima del Passo, sui Pian di Calleda, appena pi\u00f9 a valle della confluenza dell&#8217; acqua del Sas con l&#8217; acqua dei Roiai, in prossimit\u00e0 dell\u2019attuale parcheggio dell\u2019Alta Via n 1 e della Palestra di Roccia di Calleda, sotto l&#8217; attuale strada provinciale. La malga era costituita da Cas\u00e8ra e da 2 o 3 te\u00e0z (tettoie) ove erano collocate le mucche. In quel tardo pomeriggio, le mucche erano appena rientrate dal pascolo ed erano state appena legate alle mangiatoie. Praticamente tutte le mucche furono recuperate, ovviamente morte, lungo il torrente Calleda e poi Rova, alcune anche ad Agordo, ancora legate ai &#8220;maoi&#8221; (travature delle mangiatoie dove venivano legate le mucche). Molte famiglie Lavallesi, gi\u00e0 povere, caddero nella miseria pi\u00f9 assoluta e molti uomini con intere famiglie, furono costretti ad emigrare all&#8217; estero. Era il 3 Novembre 1877 quando per mano ignara di due bambini scoppi\u00f2 l&#8217;incendio che distrusse Gaidon nel quale mor\u00ec la moglie di Giacomo Da Roit (Foschin) che si chiamava Andreatta Cecilia. Il 23 Aprile 1888 un&#8217; altra catastrofe, conosciuta come la &#8220;Boa de Conaia&#8221; si abbatt\u00e8 sulla frazione di Conaggia ed ebbe il suo compimento il 27 Aprile con il seppellimento del primo piano delle case pi\u00f9 a monte del villaggio, si salvarono solo alcune case poste pi\u00f9 in alto. Il materiale si stacc\u00f2 dalla zona tutt&#8217;ora chiamata Sofita e tutt&#8217;ora soggetta a frane come per esempio la &#8220;mota de Buscarese&#8221;. Anche di quest\u2019ultimo argomento avremo modo di scrivere in prossimi articoli.<\/p>\n<p>&nbsp;<\/p>\n<p>&nbsp;<\/p>\n<hr \/>\n<blockquote>\n<h3><\/h3>\n<h3>LA \u201cDOMENICA AL MUSEO\u201d (FINO AL 19 APRILE) PROPOSTA DALLA FUNIVIA DELLA MARMOLADA<\/h3>\n<\/blockquote>\n<p><strong>di\u00a0 RENATO BONA<\/strong><\/p>\n<p>E\u2019 di questi giorni la notizia &#8211; pubblicata con altri quotidiani ed agenzie dal bellunese Corriere delle Alpi &#8211; dell\u2019iniziativa\u201cDomenica al museo\u201d proposta dalla Funivia della Marmolada-Move to the top. Tutte le domeniche alle 14 fino al 19 aprile &#8211; come spiegava il quotidiano &#8211; avranno luogo speciali visite guidate gratuite per le famiglie al Museo Marmolada Grande Guerra. Occasione \u201cper intraprendere un viaggio nel passato con spiegazioni adeguate all\u2019et\u00e0 e attivit\u00e0 ricreative e formative da vivere insieme alla propria famiglia in un contesto paesaggistico e storico unico nel suo genere\u201d. Una guida specializzata che coinvolge bambini e ragazzi attraverso spiegazioni adeguate all\u2019et\u00e0 dei partecipanti e alcune attivit\u00e0 ricreative e interattive da svolgere insieme ai propri genitori. La visita guidata \u00e8 come detto gratuita e viene organizzata tutte le domeniche fino al 19 aprile. La prenotazione \u00e8 obbligatoria (al numero 3346794461 \u2013 visitmarmolada@funiviemarmolada.com) per un\u2019adeguata organizzazione; per ragioni di sicurezza, la visita \u00e8 riservata ad un massimo di 10 persone contemporaneamente, bambini compresi. Viene precisato che materiali pensati appositamente per le scuole e quindi adatti ai piccoli ospiti, facilitano la comprensione dell\u2019esposizione e stimolano la loro curiosit\u00e0, rendendo ancora pi\u00f9 piacevole questo viaggio nella storia, che cala in quel particolare contesto, permettono di comprendere pi\u00f9 da vicino l\u2019esperienza di vita quotidiana dei soldati. C\u2019\u00e8 di pi\u00f9: \u201cPer completare la propria esperienza di visita in Marmolada, le famiglie possono anche accedere al bar ristorante all\u2019interno della stazione di Serauta dove \u00e8 d\u2019obbligo una gustosa pausa ristoratrice con vista, per salire poi alla stazione di Punta Rocca (quota 3.265 ) dove una grande terrazza panoramica consente di ammirare i nove sistemi delle Dolomiti Patrimonio Unesco oltre al ghiacciaio dolomitico nella sua spettacolare bellezza. Il Museo della Marmolada occupa la prima parte del prezioso libro \u201cLa citt\u00e0 di ghiaccio\u201d guida agli itinerari e al Museo della guerra 1915-18, opera di Mario Bartoli, Mario Fornaro e Gianrodolfo Rotasso, che lo hanno dato alle stampe nel 1993 con la casa editrice trentina Publilux. Detto che \u201cil Museo \u00e8 situato a quota 2.950 nella stazione funiviaria di Serauta, ai bordi del ghiacciaio ed al centro della \u2018zona monumentale\u2019 decretata con legge 719 del 5 dicembre 1975, poi delimitata con decreto ministeriale del 22 giugno 1978\u201d si precisa che \u201cQui, in una guerra di posizione si combatterono italiani ed austro-ungarici negli anni 1915-1917\u201d. Dagli ampi finestroni si possono osservare le vicine postazioni di guerra italiane ed austriache, nonch\u00e9 i camminamenti che le collegano. E si sottolinea che \u201cNel Museo &#8211; che si propone di ricordare ed onorare imparzialmente ed al di sopra di ogni ideologia politica e di confine, tutti gli uomini che si combatterono sul ghiacciaio e nelle riocce &#8211; sono esposti cimeli di entrambe le parti, personali e di guerra, rinvenuti in zona, e riproduzioni di foto e documenti d\u2019epoca\u201d e che \u201cIn prossimit\u00e0 del Museo, ad opera delle brigate alpine \u2018Tridentina\u2019 e \u2018Cadore\u2019 sono state riattivate e rese visitabili le postazioni in grotta italiane ed austriache della Punta Serauta e della Forcella Vu\u201d. Annotazione importante: nell\u2019estate del 1990 sono stati iniziati i lavori per la esumazione di 15 Fanti del 51. e del loro tenente Flavio Rosso, medaglia d\u2019argento al valor militare, sepolti in una grotta sulla Forcella Vu dallo scoppio di una contromina austriaca nell\u2019autunno del 1917, e per la ricostruzione in grotta della infermeria dell\u2019epoca, con tutto il relativo materiale originale. Il Museo \u00e8 stato inaugurato il 9 giugno 1990, con la partecipazione di autorit\u00e0 militari e di associazioni combattentistiche italiane ed austriache, sollecitando l\u2019attenzione del presidente della Repubblica Francesco Cossiga, che nel mese di agosto lo ha visitato. Fino al 30 settembre 1990, come si rileva nell\u2019apposito libro delle firme, il complesso \u00e8 stato visitato da oltre ventunomila persone, \u201criscuotendo un generale apprezzamento anche da parte austriaca\u201d. Prima di proporre una serie di pregevoli immagini con \u201creperti\u201d dell\u2019epoca, il libro specifica che \u201cNell\u2019annessa biblioteca si sta raccogliendo una vasta documentazione storica, italiana ed austriaca, in relazione ai fatti bellici avvenuti in Marmolada ed alle opere di difesa ivi costruite\u201d.<\/p>\n\n\t\t\t<style type='text\/css'>\n\t\t\t\t#gallery-3 {\n\t\t\t\t\tmargin: auto;\n\t\t\t\t}\n\t\t\t\t#gallery-3 .gallery-item {\n\t\t\t\t\tfloat: left;\n\t\t\t\t\tmargin-top: 10px;\n\t\t\t\t\ttext-align: center;\n\t\t\t\t\twidth: 14%;\n\t\t\t\t}\n\t\t\t\t#gallery-3 img {\n\t\t\t\t\tborder: 2px solid #cfcfcf;\n\t\t\t\t}\n\t\t\t\t#gallery-3 .gallery-caption {\n\t\t\t\t\tmargin-left: 0;\n\t\t\t\t}\n\t\t\t\t\/* see gallery_shortcode() in wp-includes\/media.php *\/\n\t\t\t<\/style>\n\t\t<div id='gallery-3' class='dt-gallery-container gallery galleryid-254536 gallery-columns-7 gallery-size-thumbnail'><dl class='gallery-item'>\n\t\t\t\t<dt class='gallery-icon landscape'>\n\t\t\t\t\t<a class=\"rollover rollover-zoom dt-pswp-item\" title=\"270412343_466293948208653_4295528044390681919_n\" data-dt-img-description=\"\" data-large_image_width=\"393\" data-large_image_height=\"206\"href='https:\/\/www.radiopiu.net\/wordpress\/wp-content\/uploads\/2022\/01\/270412343_466293948208653_4295528044390681919_n.jpg'><img loading=\"lazy\" decoding=\"async\" width=\"150\" height=\"150\" src=\"https:\/\/www.radiopiu.net\/wordpress\/wp-content\/uploads\/2022\/01\/270412343_466293948208653_4295528044390681919_n-150x150.jpg\" class=\"attachment-thumbnail size-thumbnail\" alt=\"\" \/><\/a>\n\t\t\t\t<\/dt><\/dl><dl class='gallery-item'>\n\t\t\t\t<dt class='gallery-icon landscape'>\n\t\t\t\t\t<a class=\"rollover rollover-zoom dt-pswp-item\" title=\"271738684_993975064549525_2213516811011308119_n\" data-dt-img-description=\"\" data-large_image_width=\"280\" data-large_image_height=\"206\"href='https:\/\/www.radiopiu.net\/wordpress\/wp-content\/uploads\/2022\/01\/271738684_993975064549525_2213516811011308119_n.jpg'><img loading=\"lazy\" decoding=\"async\" width=\"150\" height=\"150\" src=\"https:\/\/www.radiopiu.net\/wordpress\/wp-content\/uploads\/2022\/01\/271738684_993975064549525_2213516811011308119_n-150x150.jpg\" class=\"attachment-thumbnail size-thumbnail\" alt=\"\" \/><\/a>\n\t\t\t\t<\/dt><\/dl><dl class='gallery-item'>\n\t\t\t\t<dt class='gallery-icon landscape'>\n\t\t\t\t\t<a class=\"rollover rollover-zoom dt-pswp-item\" title=\"270318165_755752862058932_1025551935174615748_n\" data-dt-img-description=\"\" data-large_image_width=\"280\" data-large_image_height=\"201\"href='https:\/\/www.radiopiu.net\/wordpress\/wp-content\/uploads\/2022\/01\/270318165_755752862058932_1025551935174615748_n.jpg'><img loading=\"lazy\" decoding=\"async\" width=\"150\" height=\"150\" src=\"https:\/\/www.radiopiu.net\/wordpress\/wp-content\/uploads\/2022\/01\/270318165_755752862058932_1025551935174615748_n-150x150.jpg\" class=\"attachment-thumbnail size-thumbnail\" alt=\"\" \/><\/a>\n\t\t\t\t<\/dt><\/dl><dl class='gallery-item'>\n\t\t\t\t<dt class='gallery-icon landscape'>\n\t\t\t\t\t<a class=\"rollover rollover-zoom dt-pswp-item\" title=\"271241641_330963102369273_1583596321721132607_n\" data-dt-img-description=\"\" data-large_image_width=\"578\" data-large_image_height=\"206\"href='https:\/\/www.radiopiu.net\/wordpress\/wp-content\/uploads\/2022\/01\/271241641_330963102369273_1583596321721132607_n.jpg'><img loading=\"lazy\" decoding=\"async\" width=\"150\" height=\"150\" src=\"https:\/\/www.radiopiu.net\/wordpress\/wp-content\/uploads\/2022\/01\/271241641_330963102369273_1583596321721132607_n-150x150.jpg\" class=\"attachment-thumbnail size-thumbnail\" alt=\"\" \/><\/a>\n\t\t\t\t<\/dt><\/dl><dl class='gallery-item'>\n\t\t\t\t<dt class='gallery-icon portrait'>\n\t\t\t\t\t<a class=\"rollover rollover-zoom dt-pswp-item\" title=\"271574821_4658952274201221_1461846390051731016_n\" data-dt-img-description=\"\" data-large_image_width=\"156\" data-large_image_height=\"260\"href='https:\/\/www.radiopiu.net\/wordpress\/wp-content\/uploads\/2022\/01\/271574821_4658952274201221_1461846390051731016_n.jpg'><img loading=\"lazy\" decoding=\"async\" width=\"150\" height=\"150\" src=\"https:\/\/www.radiopiu.net\/wordpress\/wp-content\/uploads\/2022\/01\/271574821_4658952274201221_1461846390051731016_n-150x150.jpg\" class=\"attachment-thumbnail size-thumbnail\" alt=\"\" \/><\/a>\n\t\t\t\t<\/dt><\/dl><dl class='gallery-item'>\n\t\t\t\t<dt class='gallery-icon landscape'>\n\t\t\t\t\t<a class=\"rollover rollover-zoom dt-pswp-item\" title=\"270412346_474247534332037_3550328453546405805_n\" data-dt-img-description=\"\" data-large_image_width=\"214\" data-large_image_height=\"206\"href='https:\/\/www.radiopiu.net\/wordpress\/wp-content\/uploads\/2022\/01\/270412346_474247534332037_3550328453546405805_n.jpg'><img loading=\"lazy\" decoding=\"async\" width=\"150\" height=\"150\" src=\"https:\/\/www.radiopiu.net\/wordpress\/wp-content\/uploads\/2022\/01\/270412346_474247534332037_3550328453546405805_n-150x150.jpg\" class=\"attachment-thumbnail size-thumbnail\" alt=\"\" \/><\/a>\n\t\t\t\t<\/dt><\/dl><dl class='gallery-item'>\n\t\t\t\t<dt class='gallery-icon portrait'>\n\t\t\t\t\t<a class=\"rollover rollover-zoom dt-pswp-item\" title=\"271571036_1001695977450871_8423700365871039942_n\" data-dt-img-description=\"\" data-large_image_width=\"155\" data-large_image_height=\"206\"href='https:\/\/www.radiopiu.net\/wordpress\/wp-content\/uploads\/2022\/01\/271571036_1001695977450871_8423700365871039942_n.jpg'><img loading=\"lazy\" decoding=\"async\" width=\"150\" height=\"150\" src=\"https:\/\/www.radiopiu.net\/wordpress\/wp-content\/uploads\/2022\/01\/271571036_1001695977450871_8423700365871039942_n-150x150.jpg\" class=\"attachment-thumbnail size-thumbnail\" alt=\"\" \/><\/a>\n\t\t\t\t<\/dt><\/dl><br style=\"clear: both\" \/><dl class='gallery-item'>\n\t\t\t\t<dt class='gallery-icon landscape'>\n\t\t\t\t\t<a class=\"rollover rollover-zoom dt-pswp-item\" title=\"271688793_680615319766845_8407654542514693584_n\" data-dt-img-description=\"\" data-large_image_width=\"295\" data-large_image_height=\"206\"href='https:\/\/www.radiopiu.net\/wordpress\/wp-content\/uploads\/2022\/01\/271688793_680615319766845_8407654542514693584_n.jpg'><img loading=\"lazy\" decoding=\"async\" width=\"150\" height=\"150\" src=\"https:\/\/www.radiopiu.net\/wordpress\/wp-content\/uploads\/2022\/01\/271688793_680615319766845_8407654542514693584_n-150x150.jpg\" class=\"attachment-thumbnail size-thumbnail\" alt=\"\" \/><\/a>\n\t\t\t\t<\/dt><\/dl><dl class='gallery-item'>\n\t\t\t\t<dt class='gallery-icon landscape'>\n\t\t\t\t\t<a class=\"rollover rollover-zoom dt-pswp-item\" title=\"271589882_350550600408187_1810709889843057348_n\" data-dt-img-description=\"\" data-large_image_width=\"314\" data-large_image_height=\"206\"href='https:\/\/www.radiopiu.net\/wordpress\/wp-content\/uploads\/2022\/01\/271589882_350550600408187_1810709889843057348_n.jpg'><img loading=\"lazy\" decoding=\"async\" width=\"150\" height=\"150\" src=\"https:\/\/www.radiopiu.net\/wordpress\/wp-content\/uploads\/2022\/01\/271589882_350550600408187_1810709889843057348_n-150x150.jpg\" class=\"attachment-thumbnail size-thumbnail\" alt=\"\" \/><\/a>\n\t\t\t\t<\/dt><\/dl><dl class='gallery-item'>\n\t\t\t\t<dt class='gallery-icon landscape'>\n\t\t\t\t\t<a class=\"rollover rollover-zoom dt-pswp-item\" title=\"271891226_2863904617233694_1911075464031843300_n\" data-dt-img-description=\"\" data-large_image_width=\"296\" data-large_image_height=\"204\"href='https:\/\/www.radiopiu.net\/wordpress\/wp-content\/uploads\/2022\/01\/271891226_2863904617233694_1911075464031843300_n.jpg'><img loading=\"lazy\" decoding=\"async\" width=\"150\" height=\"150\" src=\"https:\/\/www.radiopiu.net\/wordpress\/wp-content\/uploads\/2022\/01\/271891226_2863904617233694_1911075464031843300_n-150x150.jpg\" class=\"attachment-thumbnail size-thumbnail\" alt=\"\" \/><\/a>\n\t\t\t\t<\/dt><\/dl><dl class='gallery-item'>\n\t\t\t\t<dt class='gallery-icon portrait'>\n\t\t\t\t\t<a class=\"rollover rollover-zoom dt-pswp-item\" title=\"261163463_923049465248493_3744906725702642435_n\" data-dt-img-description=\"\" data-large_image_width=\"155\" data-large_image_height=\"240\"href='https:\/\/www.radiopiu.net\/wordpress\/wp-content\/uploads\/2022\/01\/261163463_923049465248493_3744906725702642435_n.jpg'><img loading=\"lazy\" decoding=\"async\" width=\"150\" height=\"150\" src=\"https:\/\/www.radiopiu.net\/wordpress\/wp-content\/uploads\/2022\/01\/261163463_923049465248493_3744906725702642435_n-150x150.jpg\" class=\"attachment-thumbnail size-thumbnail\" alt=\"\" \/><\/a>\n\t\t\t\t<\/dt><\/dl><dl class='gallery-item'>\n\t\t\t\t<dt class='gallery-icon landscape'>\n\t\t\t\t\t<a class=\"rollover rollover-zoom dt-pswp-item\" title=\"270013102_220165493656261_451980894394668034_n\" data-dt-img-description=\"\" data-large_image_width=\"256\" data-large_image_height=\"206\"href='https:\/\/www.radiopiu.net\/wordpress\/wp-content\/uploads\/2022\/01\/270013102_220165493656261_451980894394668034_n.jpg'><img loading=\"lazy\" decoding=\"async\" width=\"150\" height=\"150\" src=\"https:\/\/www.radiopiu.net\/wordpress\/wp-content\/uploads\/2022\/01\/270013102_220165493656261_451980894394668034_n-150x150.jpg\" class=\"attachment-thumbnail size-thumbnail\" alt=\"\" \/><\/a>\n\t\t\t\t<\/dt><\/dl><dl class='gallery-item'>\n\t\t\t\t<dt class='gallery-icon portrait'>\n\t\t\t\t\t<a class=\"rollover rollover-zoom dt-pswp-item\" title=\"271750657_1088237481970892_9188173413350406147_n\" data-dt-img-description=\"\" data-large_image_width=\"149\" data-large_image_height=\"247\"href='https:\/\/www.radiopiu.net\/wordpress\/wp-content\/uploads\/2022\/01\/271750657_1088237481970892_9188173413350406147_n.jpg'><img loading=\"lazy\" decoding=\"async\" width=\"149\" height=\"150\" src=\"https:\/\/www.radiopiu.net\/wordpress\/wp-content\/uploads\/2022\/01\/271750657_1088237481970892_9188173413350406147_n-149x150.jpg\" class=\"attachment-thumbnail size-thumbnail\" alt=\"\" \/><\/a>\n\t\t\t\t<\/dt><\/dl><dl class='gallery-item'>\n\t\t\t\t<dt class='gallery-icon portrait'>\n\t\t\t\t\t<a class=\"rollover rollover-zoom dt-pswp-item\" title=\"271584849_3066337440267776_8205442896876094167_n\" data-dt-img-description=\"\" data-large_image_width=\"155\" data-large_image_height=\"225\"href='https:\/\/www.radiopiu.net\/wordpress\/wp-content\/uploads\/2022\/01\/271584849_3066337440267776_8205442896876094167_n.jpg'><img loading=\"lazy\" decoding=\"async\" width=\"150\" height=\"150\" src=\"https:\/\/www.radiopiu.net\/wordpress\/wp-content\/uploads\/2022\/01\/271584849_3066337440267776_8205442896876094167_n-150x150.jpg\" class=\"attachment-thumbnail size-thumbnail\" alt=\"\" \/><\/a>\n\t\t\t\t<\/dt><\/dl><br style=\"clear: both\" \/>\n\t\t\t<\/div>\n\n<p>NELLE FOTO (riproduzioni dal libro \u201c\u201dLa citt\u00e0 di ghiaccio\u201d): panoramica del ghiacciaio della Marmolada; Punta Serauta vista dal Museo; le bandiere austriaca ed italiana; gavetta per truppe alpine italiane con gavettino, borraccia e gavettino smaltati in uso nell\u2019esercito austriaco; sci, piccozza e occhiali anti riflesso usati dall\u2019alpino Arturo Andreoletti; motore per compressore con il quale gli italiani scavarono la galleria di attacco per la conquista di Forcella Vu; condotta di aerazione in lamiera snodabile e spezzone di fune rinvenuto nella galleria della quota 5153; medagliere della guida alpina Fedele Bernard di Vigo di Fassa, combattente austro-ungarico; due lanterne a candela pieghevoli con custodia in tela dell\u2019esercito austro-ungherese, lanterna a candela dell\u2019esercito italiano, scatola di fiammiferi, lampada a petrolio e pezzi di lanterne ad acetilene affiorati dal ghiacciaio; stufa a legno usata dagli italiani e, a destra, stufa pieghevole usata dagli austro-ungheresi; barella in filo di ferro usata dalle truppe astro-ungariche per il recupero di feriti; giacche e cappotti militari di epoca diversa; suola di legno chiodata per calzari di tela dell\u2019esercito italiano, come la scarpa con rinforzi in punta e nel tallone, piastrina di riconoscimento del caporal maggiore Pietro Dell\u2019Osbel che partecip\u00f2 alla conquista della quota 3153, piastrina di riconoscimento in uso nell\u2019esercito imperiale, borraccia di legno in dotazione agli italiani; sospensione del carrello di una teleferica e, sotto, carriola in legno rinvenuta nella \u201cGalleria Rosso\u201d.<\/p>\n<p>&nbsp;<\/p>\n<hr \/>\n<p>&nbsp;<\/p>\n<h2><span style=\"color: #ff0000;\">IERI ALLA RADIO\u00a0<\/span><\/h2>\n<h3>INVERNO 2022: LO ZERO TERMICO E\u2019\u2026.A RADIO PIU\u2019.<\/h3>\n<blockquote><p><em><a href=\"https:\/\/www.radiopiu.net\/wordpress\/giornale-radiopiu-29-luglio-2021-direttore-mirko-mezzacasa\/elisa-calcamuggi\/\" rel=\"attachment wp-att-224623\"><img loading=\"lazy\" decoding=\"async\" class=\" wp-image-224623 alignleft\" src=\"https:\/\/www.radiopiu.net\/wordpress\/wp-content\/uploads\/2021\/07\/Elisa-Calcamuggi-200x300.jpg\" alt=\"\" width=\"144\" height=\"216\" srcset=\"https:\/\/www.radiopiu.net\/wordpress\/wp-content\/uploads\/2021\/07\/Elisa-Calcamuggi-200x300.jpg 200w, https:\/\/www.radiopiu.net\/wordpress\/wp-content\/uploads\/2021\/07\/Elisa-Calcamuggi.jpg 682w\" sizes=\"auto, (max-width: 144px) 100vw, 144px\" \/><\/a>ZERO TERMICO E\u2019 UN VIAGGIO ALLA SCOPERTA DEL NOSTRO TERRITORIO, DALLA VOCE DEI PROTAGONISTI. TURISMO, SPORT, EVENTI, CULTURA, INTRATTENIMENTO. DAL LUNEDI\u2019 AL VENERDI ALLE 15.10 ALLE 20.30. ZERO TERMICO. UN APPUNTAMENTO IN COLLABORAZIONE CON: SPORT 203. LA NATURALE PORTA D\u2019INGRESSO\u2026.VERSO LO ZERO TERMICO. LOCALITA\u2019 LE CAMPE STRADA AGORDO BBELLUNO. ABBIGLIAMENTO E ATTREZZATURA\u2026.DEDICATI A CHI AMA LA MONTAGNA.<\/em><\/p><\/blockquote>\n<p><strong>di Claudio Fontanive<\/strong><\/p>\n<p>&nbsp;<\/p>\n<p><strong>PUNTATA 06 DEL 17 GENNAIO 2022, OSPITE\u00a0 ELISA CALCAMUGGI<\/strong><\/p>\n<audio class=\"wp-audio-shortcode\" id=\"audio-254536-9\" preload=\"none\" style=\"width: 100%;\" controls=\"controls\"><source type=\"audio\/mpeg\" src=\"https:\/\/www.radiopiu.net\/wordpress\/wp-content\/uploads\/2022\/01\/elisa-calcamuggi-17-gennaio.mp3?_=9\" \/><a href=\"https:\/\/www.radiopiu.net\/wordpress\/wp-content\/uploads\/2022\/01\/elisa-calcamuggi-17-gennaio.mp3\">https:\/\/www.radiopiu.net\/wordpress\/wp-content\/uploads\/2022\/01\/elisa-calcamuggi-17-gennaio.mp3<\/a><\/audio>\n<p>&nbsp;<\/p>\n<p>&nbsp;<\/p>\n<hr \/>\n<p>&nbsp;<\/p>\n<h2><span style=\"color: #666699;\">007 IN CONDOTTA<\/span><\/h2>\n<p><strong>PUNTATA DEL 17 GENNAIO 2022<\/strong><\/p>\n<audio class=\"wp-audio-shortcode\" id=\"audio-254536-10\" preload=\"none\" style=\"width: 100%;\" controls=\"controls\"><source type=\"audio\/mpeg\" src=\"https:\/\/www.radiopiu.net\/wordpress\/wp-content\/uploads\/2022\/01\/007-condotta-17-gennaio.mp3?_=10\" \/><a href=\"https:\/\/www.radiopiu.net\/wordpress\/wp-content\/uploads\/2022\/01\/007-condotta-17-gennaio.mp3\">https:\/\/www.radiopiu.net\/wordpress\/wp-content\/uploads\/2022\/01\/007-condotta-17-gennaio.mp3<\/a><\/audio>\n<p>&nbsp;<\/p>\n<p><strong>LA RACCOLTA COMPLETA<\/strong><\/p>\n<blockquote class=\"wp-embedded-content\" data-secret=\"HLLcxwIJ8G\"><p><a href=\"https:\/\/www.radiopiu.net\/wordpress\/007incondotta-9\/\">007 in condotta<\/a><\/p><\/blockquote>\n<p><iframe loading=\"lazy\" class=\"wp-embedded-content\" sandbox=\"allow-scripts\" security=\"restricted\" style=\"position: absolute; clip: rect(1px, 1px, 1px, 1px);\" title=\"&#8220;007 in condotta&#8221; &#8212; Radio Pi\u00f9\" src=\"https:\/\/www.radiopiu.net\/wordpress\/007incondotta-9\/embed\/#?secret=HLLcxwIJ8G\" data-secret=\"HLLcxwIJ8G\" width=\"600\" height=\"338\" frameborder=\"0\" marginwidth=\"0\" marginheight=\"0\" scrolling=\"no\"><\/iframe><\/p>\n<p>&nbsp;<\/p>\n<hr \/>\n<p>&nbsp;<\/p>\n<h2><span style=\"color: #993366;\">SALUTE &amp; SOCIETA&#8217;<\/span><\/h2>\n<p><strong>PUNTATA DEL 17 GENNAIO 2022<\/strong><\/p>\n<audio class=\"wp-audio-shortcode\" id=\"audio-254536-11\" preload=\"none\" style=\"width: 100%;\" controls=\"controls\"><source type=\"audio\/mpeg\" src=\"https:\/\/www.radiopiu.net\/wordpress\/wp-content\/uploads\/2022\/01\/SALUTE-2.mp3?_=11\" \/><a href=\"https:\/\/www.radiopiu.net\/wordpress\/wp-content\/uploads\/2022\/01\/SALUTE-2.mp3\">https:\/\/www.radiopiu.net\/wordpress\/wp-content\/uploads\/2022\/01\/SALUTE-2.mp3<\/a><\/audio>\n<p>&nbsp;<\/p>\n<p><strong><a href=\"https:\/\/www.radiopiu.net\/wordpress\/giornale-radiopiu-18-gennaio-2022-direttore-mirko-mezzacasa\/42d47584-9a64-0460-18de-0a29ef19c920\/\" rel=\"attachment wp-att-254598\"><img loading=\"lazy\" decoding=\"async\" class=\"size-medium wp-image-254598 alignleft\" src=\"https:\/\/www.radiopiu.net\/wordpress\/wp-content\/uploads\/2022\/01\/42d47584-9a64-0460-18de-0a29ef19c920-300x167.jpg\" alt=\"\" width=\"300\" height=\"167\" srcset=\"https:\/\/www.radiopiu.net\/wordpress\/wp-content\/uploads\/2022\/01\/42d47584-9a64-0460-18de-0a29ef19c920-300x167.jpg 300w, https:\/\/www.radiopiu.net\/wordpress\/wp-content\/uploads\/2022\/01\/42d47584-9a64-0460-18de-0a29ef19c920-768x427.jpg 768w, https:\/\/www.radiopiu.net\/wordpress\/wp-content\/uploads\/2022\/01\/42d47584-9a64-0460-18de-0a29ef19c920.jpg 800w\" sizes=\"auto, (max-width: 300px) 100vw, 300px\" \/><\/a>Migrazione sanitaria ai tempi del Covid<\/strong><br \/>\nDurante l\u2019epidemia di Covid si visto un forte sviluppo dell\u2019oncologia a distanza. Una esperienza utile in futuro per limitare la mobilit\u00e0 sanitaria. \u00c8 quanto emerge da un\u2019indagine qualitativa voluta dal Gruppo \u201cLa salute: un bene da difendere, un diritto da promuovere\u201d<\/p>\n<p><strong>HIV\/AIDS<\/strong><br \/>\nNel quarantesimo anniversario della scoperta del virus HIV, a Milano, la mostra \u2018Hiv Together we can stop the virus\u2019, Insieme possiamo fermare il virus, Organizzata da Gilead<\/p>\n<p>&nbsp;<\/p>\n<p><strong>LA RACCOLTA<\/strong><\/p>\n<blockquote class=\"wp-embedded-content\" data-secret=\"5TFotcsUaL\"><p><a href=\"https:\/\/www.radiopiu.net\/wordpress\/saluteesocieta\/\">Salute e Societ\u00e0<\/a><\/p><\/blockquote>\n<p><iframe loading=\"lazy\" class=\"wp-embedded-content\" sandbox=\"allow-scripts\" security=\"restricted\" style=\"position: absolute; clip: rect(1px, 1px, 1px, 1px);\" title=\"&#8220;Salute e Societ\u00e0&#8221; &#8212; Radio Pi\u00f9\" src=\"https:\/\/www.radiopiu.net\/wordpress\/saluteesocieta\/embed\/#?secret=5TFotcsUaL\" data-secret=\"5TFotcsUaL\" width=\"600\" height=\"338\" frameborder=\"0\" marginwidth=\"0\" marginheight=\"0\" scrolling=\"no\"><\/iframe><\/p>\n<p>&nbsp;<\/p>\n<hr \/>\n<p>&nbsp;<\/p>\n<div>\n<div class=\"b654a4as d2edcug0\">\n<div class=\"rq0escxv hkbzh7o3 jwdofwj8 n8tt0mok r8blr3vg hyh9befq\">\n<p><a class=\"dt-pswp-item\" href=\"https:\/\/www.radiopiu.net\/wordpress\/wp-content\/uploads\/2020\/10\/pp.jpg\" data-dt-img-description=\"\" data-large_image_width=\"640\" data-large_image_height=\"640\"><img loading=\"lazy\" decoding=\"async\" class=\"wp-image-163678 alignleft\" src=\"https:\/\/www.radiopiu.net\/wordpress\/wp-content\/uploads\/2020\/10\/pp-300x300.jpg\" alt=\"\" width=\"106\" height=\"106\" srcset=\"https:\/\/www.radiopiu.net\/wordpress\/wp-content\/uploads\/2020\/10\/pp-300x300.jpg 300w, https:\/\/www.radiopiu.net\/wordpress\/wp-content\/uploads\/2020\/10\/pp-150x150.jpg 150w, https:\/\/www.radiopiu.net\/wordpress\/wp-content\/uploads\/2020\/10\/pp-125x125.jpg 125w, https:\/\/www.radiopiu.net\/wordpress\/wp-content\/uploads\/2020\/10\/pp-200x200.jpg 200w, https:\/\/www.radiopiu.net\/wordpress\/wp-content\/uploads\/2020\/10\/pp-80x80.jpg 80w, https:\/\/www.radiopiu.net\/wordpress\/wp-content\/uploads\/2020\/10\/pp-480x480.jpg 480w, https:\/\/www.radiopiu.net\/wordpress\/wp-content\/uploads\/2020\/10\/pp.jpg 640w\" sizes=\"auto, (max-width: 106px) 100vw, 106px\" \/><\/a><\/p>\n<\/div>\n<\/div>\n<\/div>\n<div>\n<div class=\"page-title-head hgroup\">\n<div class=\"page-title-head hgroup\">\n<div class=\"b654a4as d2edcug0\">\n<div class=\"j83agx80 btwxx1t3 lhclo0ds hop8lmos nkwizq5d scwd0bx6 roh60bw9\">\n<div class=\"rq0escxv hkbzh7o3 jwdofwj8 n8tt0mok r8blr3vg hyh9befq\">\n<div class=\"do00u71z l9j0dhe7 k4urcfbm\">\n<h2><span style=\"color: #000080;\">\u00a0<\/span><\/h2>\n<h2><span style=\"color: #000080;\">DON CESARE, IL PENSIERO DEL GIORNO. ALLA RADIO ALLE 7 DEL MATTINO E ALLE 19.30 DELLA SERA.<\/span><\/h2>\n<audio class=\"wp-audio-shortcode\" id=\"audio-254536-12\" preload=\"none\" style=\"width: 100%;\" controls=\"controls\"><source type=\"audio\/mpeg\" src=\"https:\/\/www.radiopiu.net\/wordpress\/wp-content\/uploads\/2022\/01\/cesare-7.mp3?_=12\" \/><a href=\"https:\/\/www.radiopiu.net\/wordpress\/wp-content\/uploads\/2022\/01\/cesare-7.mp3\">https:\/\/www.radiopiu.net\/wordpress\/wp-content\/uploads\/2022\/01\/cesare-7.mp3<\/a><\/audio>\n<h2><span style=\"color: #000080;\">\u00a0<\/span><\/h2>\n<\/div>\n<div class=\"do00u71z l9j0dhe7 k4urcfbm\">\n<p>&nbsp;<\/p>\n<p>&nbsp;<\/p>\n<div>\n<div class=\"page-title-head hgroup\">\n<div class=\"page-title-head hgroup\">\n<div class=\"b654a4as d2edcug0\">\n<div class=\"j83agx80 btwxx1t3 lhclo0ds hop8lmos nkwizq5d scwd0bx6 roh60bw9\">\n<div class=\"rq0escxv hkbzh7o3 jwdofwj8 n8tt0mok r8blr3vg hyh9befq\">\n<div class=\"do00u71z l9j0dhe7 k4urcfbm\">\n<hr \/>\n<p>&nbsp;<\/p>\n<div>\n<div class=\"page-title-head hgroup\">\n<div class=\"page-title-head hgroup\">\n<div class=\"b654a4as d2edcug0\">\n<div class=\"j83agx80 btwxx1t3 lhclo0ds hop8lmos nkwizq5d scwd0bx6 roh60bw9\">\n<div class=\"rq0escxv hkbzh7o3 jwdofwj8 n8tt0mok r8blr3vg hyh9befq\">\n<div class=\"do00u71z l9j0dhe7 k4urcfbm\">\n<div class=\"ecm0bbzt e5nlhep0 a8c37x1j\">\n<div class=\"kvgmc6g5 cxmmr5t8 oygrvhab hcukyx3x c1et5uql\">\n<div class=\"gmail-kvgmc6g5 gmail-cxmmr5t8 gmail-oygrvhab gmail-hcukyx3x gmail-c1et5uql gmail-ii04i59q\">\n<div class=\"page-title-head hgroup\">\n<div class=\"page-title-head hgroup\">\n<div class=\"b654a4as d2edcug0\">\n<div class=\"j83agx80 btwxx1t3 lhclo0ds hop8lmos nkwizq5d scwd0bx6 roh60bw9\">\n<div class=\"rq0escxv hkbzh7o3 jwdofwj8 n8tt0mok r8blr3vg hyh9befq\">\n<div class=\"do00u71z l9j0dhe7 k4urcfbm\">\n<h3 class=\"kvgmc6g5 cxmmr5t8 oygrvhab hcukyx3x c1et5uql\"><span style=\"color: #0000ff;\"><strong>INFORMAZIONE il canale su TELEGRAM informazione di prima mano e in tempo reale. iscriviti ed aiutaci a farlo conoscere\u00a0\u00a0<\/strong><\/span><\/h3>\n<p>&nbsp;<\/p>\n<p>&nbsp;<\/p>\n<hr \/>\n<blockquote>\n<h3><\/h3>\n<h3>IN VIVO VERSO, SETTIMA STAGIONE CON BRUNELLA MORO, DAL LUNEDI AL VENERDI ALLE 7.10, 10.10 E 18.50<\/h3>\n<\/blockquote>\n<blockquote>\n<h3>ICARO di PAOLO CAIANIELLO<\/h3>\n<\/blockquote>\n<p>AUDIO<\/p>\n<audio class=\"wp-audio-shortcode\" id=\"audio-254536-13\" preload=\"none\" style=\"width: 100%;\" controls=\"controls\"><source type=\"audio\/mpeg\" src=\"https:\/\/www.radiopiu.net\/wordpress\/wp-content\/uploads\/2022\/01\/01-PAOLO-CAIANELLO_ICARO-1.mp3?_=13\" \/><a href=\"https:\/\/www.radiopiu.net\/wordpress\/wp-content\/uploads\/2022\/01\/01-PAOLO-CAIANELLO_ICARO-1.mp3\">https:\/\/www.radiopiu.net\/wordpress\/wp-content\/uploads\/2022\/01\/01-PAOLO-CAIANELLO_ICARO-1.mp3<\/a><\/audio>\n<p>&nbsp;<\/p>\n<p>&nbsp;<\/p>\n<p>&nbsp;<\/p>\n<p><strong><a href=\"https:\/\/www.radiopiu.net\/wordpress\/icaro-di-paolo-caianiello\/1-caianiello-foto\/\" rel=\"attachment wp-att-254646\"><img loading=\"lazy\" decoding=\"async\" class=\" wp-image-254646 alignleft\" src=\"https:\/\/www.radiopiu.net\/wordpress\/wp-content\/uploads\/2022\/01\/1-caianiello-foto.jpg\" alt=\"\" width=\"180\" height=\"135\" \/><\/a>ICARO<\/strong><br \/>\nSotto la pelle,<br \/>\ntra i muscoli e le ossa<br \/>\nl\u2019oblio dell\u2019essere,<br \/>\nil viaggio di un cieco<br \/>\ntra le sinapsi<br \/>\ne le nuvole<br \/>\nFuggo da me<br \/>\nper pochi minuti<br \/>\no forse sar\u00e0 per sempre<br \/>\n\u201cDimmi che mi ami, per finta\u201d<br \/>\ne ci sembr\u00f2 tutto vero,<br \/>\n\u201cBaciami, tanto \u00e8 per gioco\u201d<br \/>\ne ci baciammo per davvero.<br \/>\nMare senza pi\u00f9 isole<br \/>\nMare di cartapesta<br \/>\nsenza pi\u00f9 onde e tempeste<br \/>\nMare che gi\u00e0 t\u2019amavo<br \/>\npi\u00f9 d\u2019ogni goccia di mare,<br \/>\nsono Icaro caduto dal cielo.<br \/>\nSono radice salmastra del tempo<br \/>\ne la mia forma<br \/>\n\u00e8 un grido che nessuno<br \/>\npu\u00f2 sentire.<\/p>\n<p>&nbsp;<\/p>\n<p><strong>LA RACCOLTA COMPLETA\u00a0 \u00a0<\/strong><\/p>\n<blockquote class=\"wp-embedded-content\" data-secret=\"GY5j3SbXcz\"><p><a href=\"https:\/\/www.radiopiu.net\/wordpress\/in-vivo-verso\/\">In Vivo Verso<\/a><\/p><\/blockquote>\n<p><iframe loading=\"lazy\" class=\"wp-embedded-content\" sandbox=\"allow-scripts\" security=\"restricted\" style=\"position: absolute; clip: rect(1px, 1px, 1px, 1px);\" title=\"&#8220;In Vivo Verso&#8221; &#8212; Radio Pi\u00f9\" src=\"https:\/\/www.radiopiu.net\/wordpress\/in-vivo-verso\/embed\/#?secret=GY5j3SbXcz\" data-secret=\"GY5j3SbXcz\" width=\"600\" height=\"338\" frameborder=\"0\" marginwidth=\"0\" marginheight=\"0\" scrolling=\"no\"><\/iframe><\/p>\n<p>&nbsp;<\/p>\n<p>&nbsp;<\/p>\n<p>&nbsp;<\/p>\n<hr \/>\n<p>&nbsp;<\/p>\n<h2><span style=\"color: #808000;\">GOCCE DI FILOSOFIA<\/span><\/h2>\n<p><strong>PUNTATA DEL 17 GENNAIO 2021<\/strong><\/p>\n<audio class=\"wp-audio-shortcode\" id=\"audio-254536-14\" preload=\"none\" style=\"width: 100%;\" controls=\"controls\"><source type=\"audio\/mpeg\" src=\"https:\/\/www.radiopiu.net\/wordpress\/wp-content\/uploads\/2022\/01\/FI1-2.mp3?_=14\" \/><a href=\"https:\/\/www.radiopiu.net\/wordpress\/wp-content\/uploads\/2022\/01\/FI1-2.mp3\">https:\/\/www.radiopiu.net\/wordpress\/wp-content\/uploads\/2022\/01\/FI1-2.mp3<\/a><\/audio>\n<p>&nbsp;<\/p>\n<p><strong>raccolta completa<\/strong><\/p>\n<blockquote class=\"wp-embedded-content\" data-secret=\"J564sxFgry\"><p><a href=\"https:\/\/www.radiopiu.net\/wordpress\/gocce-filosofia\/\">Gocce di filosofia, PRIMA E SECONDA STAGIONE 2022<\/a><\/p><\/blockquote>\n<p><iframe loading=\"lazy\" class=\"wp-embedded-content\" sandbox=\"allow-scripts\" security=\"restricted\" style=\"position: absolute; clip: rect(1px, 1px, 1px, 1px);\" title=\"&#8220;Gocce di filosofia, PRIMA E SECONDA STAGIONE 2022&#8221; &#8212; Radio Pi\u00f9\" src=\"https:\/\/www.radiopiu.net\/wordpress\/gocce-filosofia\/embed\/#?secret=J564sxFgry\" data-secret=\"J564sxFgry\" width=\"600\" height=\"338\" frameborder=\"0\" marginwidth=\"0\" marginheight=\"0\" scrolling=\"no\"><\/iframe><\/p>\n<p>&nbsp;<\/p>\n<hr \/>\n<p>&nbsp;<\/p>\n<p><span style=\"color: #0000ff;\">MUSICA PIU&#8217;\u00a0<\/span><\/p>\n<p><a href=\"https:\/\/www.radiopiu.net\/wordpress\/giornale-radiopiu-20-settembre-2021-direttore-mirko-mezzacasa\/pp-79\/\" rel=\"attachment wp-att-232921\"><img loading=\"lazy\" decoding=\"async\" class=\"wp-image-232921 alignleft\" src=\"https:\/\/www.radiopiu.net\/wordpress\/wp-content\/uploads\/2021\/09\/pp-1-300x300.jpg\" alt=\"\" width=\"135\" height=\"135\" srcset=\"https:\/\/www.radiopiu.net\/wordpress\/wp-content\/uploads\/2021\/09\/pp-1-300x300.jpg 300w, https:\/\/www.radiopiu.net\/wordpress\/wp-content\/uploads\/2021\/09\/pp-1-150x150.jpg 150w, https:\/\/www.radiopiu.net\/wordpress\/wp-content\/uploads\/2021\/09\/pp-1.jpg 640w\" sizes=\"auto, (max-width: 135px) 100vw, 135px\" \/><\/a><\/p>\n<div class=\"mkdf-post-text\">\n<div class=\"mkdf-post-text-inner\">\n<div class=\"mkdf-post-text-main\">\n<div class=\"mkdf-post-text\">\n<div class=\"mkdf-post-text-inner\">\n<div class=\"mkdf-post-text-main\">\n<div class=\"mkdf-post-text\">\n<div class=\"mkdf-post-text-inner\">\n<div class=\"mkdf-post-text-main\">\n<div class=\"page-title-head hgroup\">\n<div class=\"page-title-head hgroup\">\n<div class=\"mkdf-post-text\">\n<div class=\"mkdf-post-text-inner\">\n<div class=\"mkdf-post-text-main\">\n<div class=\"mkdf-post-text\">\n<div class=\"mkdf-post-text-inner\">\n<div class=\"mkdf-post-text-main\">\n<div class=\"page-title-head hgroup\">\n<div class=\"page-title-head hgroup\">\n<div class=\"page-title-head hgroup\">\n<div class=\"page-title-head hgroup\">\n<div class=\"b654a4as d2edcug0\">\n<div class=\"page-title-head hgroup\">\n<div class=\"page-title-head hgroup\">\n<div class=\"page-title-head hgroup\">\n<div class=\"page-title-head hgroup\">\n<div class=\"b654a4as d2edcug0\">\n<div class=\"page-title-head hgroup\">\n<div class=\"page-title-head hgroup\">\n<div class=\"page-title-head hgroup\">\n<div class=\"page-title-head hgroup\">\n<div class=\"b654a4as d2edcug0\">\n<div class=\"mkdf-post-text\">\n<div class=\"mkdf-post-text-inner\">\n<div class=\"mkdf-post-text-main\">\n<div class=\"mkdf-post-text\">\n<div class=\"mkdf-post-text-inner\">\n<div class=\"mkdf-post-text-main\">\n<div class=\"mkdf-post-text\">\n<div class=\"mkdf-post-text-inner\">\n<div class=\"mkdf-post-text-main\">\n<div class=\"page-title-head hgroup\">\n<div class=\"page-title-head hgroup\">\n<div class=\"mkdf-post-text\">\n<div class=\"mkdf-post-text-inner\">\n<div class=\"mkdf-post-text-main\">\n<div class=\"mkdf-post-text\">\n<div class=\"mkdf-post-text-inner\">\n<div class=\"mkdf-post-text-main\">\n<div class=\"page-title-head hgroup\">\n<div class=\"page-title-head hgroup\">\n<div class=\"page-title-head hgroup\">\n<div class=\"page-title-head hgroup\">\n<div class=\"b654a4as d2edcug0\">\n<div class=\"page-title-head hgroup\">\n<div class=\"page-title-head hgroup\">\n<div class=\"page-title-head hgroup\">\n<div class=\"page-title-head hgroup\">\n<div class=\"b654a4as d2edcug0\">\n<div class=\"page-title-head hgroup\">\n<div class=\"page-title-head hgroup\">\n<div class=\"page-title-head hgroup\">\n<div class=\"page-title-head hgroup\">\n<div class=\"b654a4as d2edcug0\">\n<div><\/div>\n<div><\/div>\n<div>\n<p><strong>MUSICA ALLA RADIO, IL PROGRAMMA DI LORIS SCUSSEL &#8220;COLLAGE OPERAZIONE NOSTALGIA&#8221; DAL LUNEDI AL VENERDI ALLE 16.00\u00a0 E ALLE 23\u00a0<\/strong><\/p>\n<\/div>\n<p><strong>\u00a0\u00a0<\/strong><\/p>\n<p><strong>PUNTATA 521 DEL 17 GENNAIO 2022<\/strong><\/p>\n<audio class=\"wp-audio-shortcode\" id=\"audio-254536-15\" preload=\"none\" style=\"width: 100%;\" controls=\"controls\"><source type=\"audio\/mpeg\" src=\"https:\/\/www.radiopiu.net\/wordpress\/wp-content\/uploads\/2022\/01\/Collage-521.mp3?_=15\" \/><a href=\"https:\/\/www.radiopiu.net\/wordpress\/wp-content\/uploads\/2022\/01\/Collage-521.mp3\">https:\/\/www.radiopiu.net\/wordpress\/wp-content\/uploads\/2022\/01\/Collage-521.mp3<\/a><\/audio>\n<p><strong>\u00a0<\/strong><\/p>\n<\/div>\n<\/div>\n<\/div>\n<\/div>\n<\/div>\n<\/div>\n<\/div>\n<\/div>\n<\/div>\n<\/div>\n<\/div>\n<\/div>\n<\/div>\n<\/div>\n<\/div>\n<\/div>\n<\/div>\n<\/div>\n<\/div>\n<\/div>\n<\/div>\n<\/div>\n<\/div>\n<\/div>\n<\/div>\n<\/div>\n<\/div>\n<\/div>\n<\/div>\n<\/div>\n<\/div>\n<\/div>\n<\/div>\n<\/div>\n<\/div>\n<\/div>\n<\/div>\n<\/div>\n<\/div>\n<\/div>\n<\/div>\n<\/div>\n<\/div>\n<\/div>\n<\/div>\n<\/div>\n<\/div>\n<\/div>\n<\/div>\n<\/div>\n<\/div>\n<\/div>\n<\/div>\n<\/div>\n<\/div>\n<\/div>\n<\/div>\n<\/div>\n<\/div>\n<\/div>\n<\/div>\n<\/div>\n<\/div>\n<\/div>\n<p><strong><a href=\"https:\/\/www.radiopiu.net\/wordpress\/balli-e-musica-da-film-a-collage-operazione-nostalgia\/sophia-loren\/\" rel=\"attachment wp-att-254415\"><img loading=\"lazy\" decoding=\"async\" class=\" wp-image-254415 alignleft\" src=\"https:\/\/www.radiopiu.net\/wordpress\/wp-content\/uploads\/2022\/01\/Sophia-Loren-300x300.jpg\" alt=\"\" width=\"116\" height=\"116\" srcset=\"https:\/\/www.radiopiu.net\/wordpress\/wp-content\/uploads\/2022\/01\/Sophia-Loren-300x300.jpg 300w, https:\/\/www.radiopiu.net\/wordpress\/wp-content\/uploads\/2022\/01\/Sophia-Loren-150x150.jpg 150w, https:\/\/www.radiopiu.net\/wordpress\/wp-content\/uploads\/2022\/01\/Sophia-Loren.jpg 500w\" sizes=\"auto, (max-width: 116px) 100vw, 116px\" \/><\/a>di Loris Scussel<\/strong><\/p>\n<p>Sar\u00e0 dedicata ai balli l\u2019apertura della settimana di \u201cCollage operazione nostalgia\u201d che proseguir\u00e0 la programmazione occupando il proprio spazio quotidiano nell\u2019alternanza tra brani italiani ed internazionali inoltre mercoled\u00ec potremo ascoltare una puntata dedicata alle colonne sonore di alcuni film piuttosto famosi. Il programma andr\u00e0 in onda dal luned\u00ec al venerd\u00ec alle 16,00 e alle 23,00.<\/p>\n<p>&nbsp;<\/p>\n<p>&nbsp;<\/p>\n<hr \/>\n<p>&nbsp;<\/p>\n<p>&nbsp;<\/p>\n<blockquote class=\"wp-embedded-content\" data-secret=\"EP2ImNk9zM\"><p><a href=\"https:\/\/www.radiopiu.net\/wordpress\/freemix-la-liberta-musicale-mixata-da-dj-athos-e-raccontata-da-dj-jack\/\">FREEMIX, LA LIBERTA&#8217; MUSICALE MIXATA DA DJ ATHOS E RACCONTATA DA DJ JACK<\/a><\/p><\/blockquote>\n<p><iframe loading=\"lazy\" class=\"wp-embedded-content\" sandbox=\"allow-scripts\" security=\"restricted\" style=\"position: absolute; clip: rect(1px, 1px, 1px, 1px);\" title=\"&#8220;FREEMIX, LA LIBERTA&#8217; MUSICALE MIXATA DA DJ ATHOS E RACCONTATA DA DJ JACK&#8221; &#8212; Radio Pi\u00f9\" src=\"https:\/\/www.radiopiu.net\/wordpress\/freemix-la-liberta-musicale-mixata-da-dj-athos-e-raccontata-da-dj-jack\/embed\/#?secret=EP2ImNk9zM\" data-secret=\"EP2ImNk9zM\" width=\"600\" height=\"338\" frameborder=\"0\" marginwidth=\"0\" marginheight=\"0\" scrolling=\"no\"><\/iframe><\/p>\n<p>&nbsp;<\/p>\n<blockquote class=\"wp-embedded-content\" data-secret=\"cfsAfIymxO\"><p><a href=\"https:\/\/www.radiopiu.net\/wordpress\/da-ieri-alla-radio-in-palinsesto-loris-e-maurizio-con-la-grande-musica\/\">IL BLUES ALLA RADIO &#8230; COME NON L&#8217;AVETE MAI SENTITO PRIMA<\/a><\/p><\/blockquote>\n<p><iframe loading=\"lazy\" class=\"wp-embedded-content\" sandbox=\"allow-scripts\" security=\"restricted\" style=\"position: absolute; clip: rect(1px, 1px, 1px, 1px);\" title=\"&#8220;IL BLUES ALLA RADIO &#8230; COME NON L&#8217;AVETE MAI SENTITO PRIMA&#8221; &#8212; Radio Pi\u00f9\" src=\"https:\/\/www.radiopiu.net\/wordpress\/da-ieri-alla-radio-in-palinsesto-loris-e-maurizio-con-la-grande-musica\/embed\/#?secret=cfsAfIymxO\" data-secret=\"cfsAfIymxO\" width=\"600\" height=\"338\" frameborder=\"0\" marginwidth=\"0\" marginheight=\"0\" scrolling=\"no\"><\/iframe><\/p>\n<p>&nbsp;<\/p>\n<hr \/>\n<p>&nbsp;<\/p>\n<blockquote>\n<h3><span style=\"color: #0000ff;\">INFORMAZIONE il canale su TELEGRAM informazione di prima mano e in tempo reale. iscriviti ed aiutaci a farlo conoscere\u00a0\u00a0<\/span><\/h3>\n<\/blockquote>\n<div>\n<div class=\"page-title-head hgroup\">\n<div class=\"page-title-head hgroup\">\n<div class=\"page-title-head hgroup\">\n<div class=\"page-title-head hgroup\">\n<div class=\"b654a4as d2edcug0\">\n<div class=\"page-title-head hgroup\">\n<div class=\"page-title-head hgroup\">\n<div class=\"page-title-head hgroup\">\n<div class=\"page-title-head hgroup\">\n<div class=\"b654a4as d2edcug0\">\n<div class=\"page-title-head hgroup\">\n<div class=\"page-title-head hgroup\">\n<div class=\"page-title-head hgroup\">\n<div class=\"page-title-head hgroup\">\n<div class=\"page-title-head hgroup\">\n<div class=\"page-title-head hgroup\">\n<div class=\"page-title-head hgroup\">\n<div class=\"page-title-head hgroup\">\n<div class=\"page-title-head hgroup\">\n<div class=\"b654a4as d2edcug0\">\n<div class=\"page-title-head hgroup\">\n<div class=\"page-title-head hgroup\">\n<div class=\"page-title-head hgroup\">\n<div class=\"page-title-head hgroup\">\n<div class=\"b654a4as d2edcug0\">\n<div>\n<p>&nbsp;<\/p>\n<\/div>\n<div>\n<div class=\"page-title-head hgroup\">\n<div class=\"page-title-head hgroup\">\n<div class=\"page-title-head hgroup\">\n<div class=\"page-title-head hgroup\">\n<div class=\"page-title-head hgroup\">\n<div class=\"b654a4as d2edcug0\">\n<div>\n<hr \/>\n<\/div>\n<\/div>\n<div>\n<div>\n<p>&nbsp;<\/p>\n<\/div>\n<div>\n<div>\n<p>&nbsp;<\/p>\n<\/div>\n<div>\n<div>\n<p><strong>DUE MINUTI UN LIBRO, TUTTI I GIORNI ALLA RADIO ALLE 9.40 E ALLE 17.50\u00a0<\/strong><\/p>\n<div>\n<div>\n<p><strong>LA RACCOLTA COMPLETA\u00a0\u00a0<\/strong><\/p>\n<\/div>\n<div>\n<blockquote class=\"wp-embedded-content\" data-secret=\"GR3naoEepM\"><p><a href=\"https:\/\/www.radiopiu.net\/wordpress\/due-minuti-un-libro\/\">Due minuti un libro<\/a><\/p><\/blockquote>\n<p><iframe loading=\"lazy\" class=\"wp-embedded-content\" sandbox=\"allow-scripts\" security=\"restricted\" style=\"position: absolute; clip: rect(1px, 1px, 1px, 1px);\" title=\"&#8220;Due minuti un libro&#8221; &#8212; Radio Pi\u00f9\" src=\"https:\/\/www.radiopiu.net\/wordpress\/due-minuti-un-libro\/embed\/#?secret=GR3naoEepM\" data-secret=\"GR3naoEepM\" width=\"600\" height=\"338\" frameborder=\"0\" marginwidth=\"0\" marginheight=\"0\" scrolling=\"no\"><\/iframe><\/p>\n<\/div>\n<\/div>\n<\/div>\n<div class=\"mkdf-post-text\">\n<div class=\"mkdf-post-text-inner\">\n<div class=\"mkdf-post-text-main\">\n<div class=\"mkdf-post-text\">\n<div class=\"mkdf-post-text-inner\">\n<div class=\"mkdf-post-text-main\">\n<div class=\"mkdf-post-text\">\n<div class=\"mkdf-post-text-inner\">\n<div class=\"mkdf-post-text-main\">\n<div class=\"page-title-head hgroup\">\n<div class=\"page-title-head hgroup\">\n<div class=\"mkdf-post-text\">\n<div class=\"mkdf-post-text-inner\">\n<div class=\"mkdf-post-text-main\">\n<div class=\"mkdf-post-text\">\n<div class=\"mkdf-post-text-inner\">\n<div class=\"mkdf-post-text-main\">\n<div class=\"page-title-head hgroup\">\n<div class=\"page-title-head hgroup\">\n<div class=\"page-title-head hgroup\">\n<div class=\"page-title-head hgroup\">\n<div class=\"b654a4as d2edcug0\">\n<div class=\"page-title-head hgroup\">\n<div class=\"page-title-head hgroup\">\n<div class=\"page-title-head hgroup\">\n<div class=\"page-title-head hgroup\">\n<div class=\"b654a4as d2edcug0\">\n<div class=\"page-title-head hgroup\">\n<div class=\"page-title-head hgroup\">\n<div class=\"page-title-head hgroup\">\n<div class=\"page-title-head hgroup\">\n<div class=\"b654a4as d2edcug0\">\n<div>\n<p>&nbsp;<\/p>\n<\/div>\n<div>\n<hr \/>\n<p>&nbsp;<\/p>\n<\/div>\n<h2><span style=\"color: #808000;\">L&#8217;ALMANACCO LADINO\u00a0\u00a0<\/span><\/h2>\n<p><strong>PUNTATA DEL 17 GENNAIO 2022<\/strong><\/p>\n<audio class=\"wp-audio-shortcode\" id=\"audio-254536-16\" preload=\"none\" style=\"width: 100%;\" controls=\"controls\"><source type=\"audio\/mpeg\" src=\"https:\/\/www.radiopiu.net\/wordpress\/wp-content\/uploads\/2022\/01\/75\u00b0Almanacco-Ladino_Fodom-1.mp3?_=16\" \/><a href=\"https:\/\/www.radiopiu.net\/wordpress\/wp-content\/uploads\/2022\/01\/75\u00b0Almanacco-Ladino_Fodom-1.mp3\">https:\/\/www.radiopiu.net\/wordpress\/wp-content\/uploads\/2022\/01\/75\u00b0Almanacco-Ladino_Fodom-1.mp3<\/a><\/audio>\n<p>&nbsp;<\/p>\n<p><strong>LA RACCOLTA<\/strong><\/p>\n<blockquote class=\"wp-embedded-content\" data-secret=\"hZNjn7rzKG\"><p><a href=\"https:\/\/www.radiopiu.net\/wordpress\/almanacco-ladino\/\">Almanacco Ladino<\/a><\/p><\/blockquote>\n<p><iframe loading=\"lazy\" class=\"wp-embedded-content\" sandbox=\"allow-scripts\" security=\"restricted\" style=\"position: absolute; clip: rect(1px, 1px, 1px, 1px);\" title=\"&#8220;Almanacco Ladino&#8221; &#8212; Radio Pi\u00f9\" src=\"https:\/\/www.radiopiu.net\/wordpress\/almanacco-ladino\/embed\/#?secret=hZNjn7rzKG\" data-secret=\"hZNjn7rzKG\" width=\"600\" height=\"338\" frameborder=\"0\" marginwidth=\"0\" marginheight=\"0\" scrolling=\"no\"><\/iframe><\/p>\n<p>&nbsp;<\/p>\n<hr \/>\n<p>&nbsp;<\/p>\n<h2><span style=\"color: #33cccc;\">LA RASSEGNA STAMPA DA L&#8217;AMICO DEL POPOLO<\/span><\/h2>\n<p><strong><a href=\"https:\/\/www.radiopiu.net\/wordpress\/la-rassegna-stampa-da-lamico-del-popolo-15-gennaio-2022\/gerardi_conedera\/\" rel=\"attachment wp-att-254350\"><img loading=\"lazy\" decoding=\"async\" class=\" wp-image-254350 alignleft\" src=\"https:\/\/www.radiopiu.net\/wordpress\/wp-content\/uploads\/2022\/01\/Gerardi_Conedera-300x275.jpg\" alt=\"\" width=\"185\" height=\"170\" srcset=\"https:\/\/www.radiopiu.net\/wordpress\/wp-content\/uploads\/2022\/01\/Gerardi_Conedera-300x275.jpg 300w, https:\/\/www.radiopiu.net\/wordpress\/wp-content\/uploads\/2022\/01\/Gerardi_Conedera.jpg 762w\" sizes=\"auto, (max-width: 185px) 100vw, 185px\" \/><\/a>di Gianni Santomaso<\/strong><\/p>\n<p>Ospite: Anselmo Palini<\/p>\n<p>(foto: Wikipedia)<\/p>\n<audio class=\"wp-audio-shortcode\" id=\"audio-254536-17\" preload=\"none\" style=\"width: 100%;\" controls=\"controls\"><source type=\"audio\/mpeg\" src=\"https:\/\/www.radiopiu.net\/wordpress\/wp-content\/uploads\/2022\/01\/RASSEGNA-GIANNI-2.mp3?_=17\" \/><a href=\"https:\/\/www.radiopiu.net\/wordpress\/wp-content\/uploads\/2022\/01\/RASSEGNA-GIANNI-2.mp3\">https:\/\/www.radiopiu.net\/wordpress\/wp-content\/uploads\/2022\/01\/RASSEGNA-GIANNI-2.mp3<\/a><\/audio>\n<p>&nbsp;<\/p>\n<p><strong>LA RACCOLTA COMPLETA<\/strong><\/p>\n<blockquote class=\"wp-embedded-content\" data-secret=\"rQd18NGaxG\"><p><a href=\"https:\/\/www.radiopiu.net\/wordpress\/rassegna-stampa-di-gianni-santomaso\/\">Rassegna stampa da l&#8217;amico del popolo &#8211; di Gianni Santomaso<\/a><\/p><\/blockquote>\n<p><iframe loading=\"lazy\" class=\"wp-embedded-content\" sandbox=\"allow-scripts\" security=\"restricted\" style=\"position: absolute; clip: rect(1px, 1px, 1px, 1px);\" title=\"&#8220;Rassegna stampa da l&#8217;amico del popolo &#8211; di Gianni Santomaso&#8221; &#8212; Radio Pi\u00f9\" src=\"https:\/\/www.radiopiu.net\/wordpress\/rassegna-stampa-di-gianni-santomaso\/embed\/#?secret=rQd18NGaxG\" data-secret=\"rQd18NGaxG\" width=\"600\" height=\"338\" frameborder=\"0\" marginwidth=\"0\" marginheight=\"0\" scrolling=\"no\"><\/iframe><\/p>\n<p>&nbsp;<\/p>\n<hr \/>\n<p>&nbsp;<\/p>\n<h2><span style=\"color: #800080;\">I RACCONTI DI PAOLO SOPPELSA\u00a0<\/span><\/h2>\n<p><strong>GHISEL<\/strong><\/p>\n<p><em><strong>AUDIO<\/strong><\/em><\/p>\n<audio class=\"wp-audio-shortcode\" id=\"audio-254536-18\" preload=\"none\" style=\"width: 100%;\" controls=\"controls\"><source type=\"audio\/mpeg\" src=\"https:\/\/www.radiopiu.net\/wordpress\/wp-content\/uploads\/2022\/01\/PAOLO-SOPPELSA-GHISEL.mp3?_=18\" \/><a href=\"https:\/\/www.radiopiu.net\/wordpress\/wp-content\/uploads\/2022\/01\/PAOLO-SOPPELSA-GHISEL.mp3\">https:\/\/www.radiopiu.net\/wordpress\/wp-content\/uploads\/2022\/01\/PAOLO-SOPPELSA-GHISEL.mp3<\/a><\/audio>\n<p>&nbsp;<\/p>\n<p><a href=\"https:\/\/www.radiopiu.net\/wordpress\/i-racconti-di-paolo-soppelsa-puntata-109\/48065df5-446b-4581-85fc-4909e34c0acc\/\" rel=\"attachment wp-att-254478\"><img loading=\"lazy\" decoding=\"async\" class=\"size-medium wp-image-254478 alignleft\" src=\"https:\/\/www.radiopiu.net\/wordpress\/wp-content\/uploads\/2022\/01\/48065df5-446b-4581-85fc-4909e34c0acc-300x169.jpg\" alt=\"\" width=\"300\" height=\"169\" srcset=\"https:\/\/www.radiopiu.net\/wordpress\/wp-content\/uploads\/2022\/01\/48065df5-446b-4581-85fc-4909e34c0acc-300x169.jpg 300w, https:\/\/www.radiopiu.net\/wordpress\/wp-content\/uploads\/2022\/01\/48065df5-446b-4581-85fc-4909e34c0acc-1024x577.jpg 1024w, https:\/\/www.radiopiu.net\/wordpress\/wp-content\/uploads\/2022\/01\/48065df5-446b-4581-85fc-4909e34c0acc-768x433.jpg 768w, https:\/\/www.radiopiu.net\/wordpress\/wp-content\/uploads\/2022\/01\/48065df5-446b-4581-85fc-4909e34c0acc.jpg 1080w\" sizes=\"auto, (max-width: 300px) 100vw, 300px\" \/><\/a>Un pugno di vecchie case abbarbicate l\u00ec dove nasce il Pelsa. Un borgo allora abbandonato, enigmatico e austero, misterioso e silente. Ghisel, frazione di Cencenighe; il panorama obbligato che si ammira dalla casa dei nonni a San Tomaso. Erano affascinanti quelle abitazioni e quei tabi\u00e0 che potevo scorgere aldil\u00e0 della Val Cordevole; una sorta di villaggio fantasma come quelli dei film western che, come una calamita attirava gli sguardi e accendeva la mia fantasia di bambino. Bastava uscire di casa oppure affacciarsi ad una delle finestre della &#8220;stua&#8221; ed ecco che, in basso a destra, appariva Ghisel. Luogo severo, duro, battuto dal vento, dove al mattino la luce del sole arriva tardi e d&#8217;inverno \u00e8 &#8220;brosa&#8221; perenne che imbianca quei prati che un tempo erano fertili campi. Guardavo la grande radura con le case poste al margine sud e mi chiedevo come mai tutto fosse abbandonato; e volava la fantasia mentre lo sguardo curioso si posava sul fianco del Pelsa. Forse un terremoto, o magari un tornado come quelli dei telefilm americani, aveva fatto scappare le persone e rovinato i tetti; chiss\u00e0 cos&#8217;era accaduto veramente. A volte chiedevo qualche ragguaglio in merito, ma le risposte erano quasi sempre evasive; forse non c&#8217;era la voglia di raccontare l&#8217;oblio di quell&#8217;angolo di mondo sovrastato dall&#8217;imponente parete di roccia. Era affascinante sentir raccontare di quando c&#8217;era pi\u00f9 silenzio nella valle e &#8220;se sentia descore chi via a Ghisel&#8221;; e poi &#8220;de cande che l&#8217;era tut somen\u00e0 fin d\u00f9 sot onde che l\u00e8 i tralici de la corente&#8221;. Talvolta entrava in scena anche &#8220;B\u00e9te&#8221;, e allora quei brevi racconti sconfinavano nella leggenda. Si narrava che aldil\u00e0 del R\u00f9 da Ghisel, un tempo ci fossero altre case; &#8220;l\u00e8 era la via, onde che se vez encora &#8216;n cin de pr\u00e0&#8221;. Guardavo e non vedevo nulla; nemmeno con l&#8217;aiuto del binocolo della nonna, che avvicinava quel mondo silente ma non riusciva a svelarne i misteri. Non c&#8217;era nulla &#8220;via a B\u00e9te&#8221;, nemmeno un muro di pietre, una parete rimasta in piedi, oppure i resti di un tabi\u00e0; niente di niente, solamente il buco nero &#8220;dela galeria de l&#8217;ENEL&#8221; che appariva &#8220;cande che dea d\u00f9 la foia&#8221;. &#8220;B\u00e9te&#8221; forse era davvero una leggenda antica che di notte era puntualmente narrata dal malinconico canto del &#8220;bereghel&#8221;; Ghisel, invece, c&#8217;era davvero ma sembrava immobile, chiuso in un ostinato tacere, indifferente al fragore provocato dalle potenti &#8220;levine&#8221; che alla fine di aprile scendevano lungo i canaloni del Pelsa e al rombo dei motori delle motociclette e dei camion che salivano e scendevano lungo la 203. A fine &#8216;800 ben cinquanta persone abitavano &#8220;su chela costa batuda dal vent&#8221;; poi il progressivo calo fino all&#8217; abbandono definitivo &#8220;da l&#8217;aluvion&#8221;. Che questa &#8220;aluvion&#8221; aveva segnato il destino dei paesi e della loro gente ed era diventata una sorta di anno zero; un tempo finiva e un tempo nuovo tutto da costruire nasceva. &#8220;Prima de l&#8217;aluvion e dopo l&#8217;aluvion&#8221;; un confine temporale che ancora oggi i pi\u00f9 anziani utilizzano per collocare i vari eventi della vita di quegli anni. Guardavo Ghisel e tutto mi sembrava perduto; pensavo che quando sarei stato pi\u00f9 grande non avrei pi\u00f9 visto le poche case e i tabi\u00e0, ed invece mi sbagliavo; non sapevo che il destino nel frattempo aveva offerto un&#8217;altra chance al villaggio fantasma. Lungo la 203, nel tratto fra Cencenighe ed Avoscan, si scorgeva un timido cartello giallo alla fine del lungo viadotto, un po&#8217; prima della galleria paramassi; &#8220;Oasi Papa Luciani&#8221; recitava il cartello collocato all&#8217;inizio del sentiero che sale a Ghisel. &#8220;L\u00e8 i previ che i\u00e8 drio a fa valk via l\u00e0&#8221;, ed era tutto ci\u00f2 che allora sapevo. Un barlume di vita, una fiammella a rischiarare quello che sembrava un oscuro destino per la frazione misteriosa. Non potevo immaginare, allora, che quel timido cartello giallo era l\u00ec a rappresentare l&#8217;inizio di una nuova vita per Ghisel. Un lavoro paziente, discreto, durato anni, vegliato, mi piace immaginare, dal Pontefice agordino nato centodieci anni fa a Forno di Canale. Oggi Ghisel vive una vita diversa da quella che fu; anno dopo anno tutto \u00e8 stato reso accogliente rispettando l\u2019architettura originale dell\u2019abitato. E&#8217; stata costruita pure una chiesetta con un piccolo campanile ed \u00e8 molto suggestivo ascoltare i gioiosi rintocchi della campana nelle sere d&#8217;estate. Rintocchi che si mescolano alle voci dei giovani che scelgono questo angolo del Pelsa per trascorrere i loro soggiorni montani. Ghisel 2.0 ha una pagina Facebook ma non ha una strada per arrivarci; per raggiungerlo occorre percorrere un sentiero in salita che in poco pi\u00f9 di venti minuti conduce in questo luogo suggestivo dove si mescolano presente e passato. Ghisel, l&#8217;Oasi Papa Luciani; c&#8217;\u00e8 ancora quel cartello giallo al termine del lungo viadotto, ed ogni volta che passo di l\u00ec lo guardo sempre con affetto. Esso racconta di un mondo ritornato in vita, di antiche mura che oggi ascoltano voci e dialetti diversi da quelli di un tempo; e mi ricorda quei tempi lontani passati a scrutare quel villaggio che ancora oggi mi affascina, proprio come allora\u2026Magiche Dolomiti!!<\/p>\n<p><strong>LA RACCOLTA COMPLETA<\/strong><\/p>\n<blockquote class=\"wp-embedded-content\" data-secret=\"wyXgudgBQ9\"><p><a href=\"https:\/\/www.radiopiu.net\/wordpress\/i-racconti-di-paolo-soppelsa\/\">I racconti di Paolo Soppelsa<\/a><\/p><\/blockquote>\n<p><iframe loading=\"lazy\" class=\"wp-embedded-content\" sandbox=\"allow-scripts\" security=\"restricted\" style=\"position: absolute; clip: rect(1px, 1px, 1px, 1px);\" title=\"&#8220;I racconti di Paolo Soppelsa&#8221; &#8212; Radio Pi\u00f9\" src=\"https:\/\/www.radiopiu.net\/wordpress\/i-racconti-di-paolo-soppelsa\/embed\/#?secret=wyXgudgBQ9\" data-secret=\"wyXgudgBQ9\" width=\"600\" height=\"338\" frameborder=\"0\" marginwidth=\"0\" marginheight=\"0\" scrolling=\"no\"><\/iframe><\/p>\n<p>&nbsp;<\/p>\n<hr \/>\n<\/div>\n<div class=\"b654a4as d2edcug0\">\n<p>&nbsp;<\/p>\n<p><a href=\"https:\/\/www.radiopiu.net\/wordpress\/giornale-radiopiu-26-settembre-2018-direttore-mirko-mezzacasa\/viabilita-2\/\" rel=\"attachment wp-att-61954\"><img loading=\"lazy\" decoding=\"async\" class=\"aligncenter wp-image-61954 size-full\" src=\"https:\/\/www.radiopiu.net\/wordpress\/wp-content\/uploads\/2018\/09\/viabilita.jpeg\" sizes=\"auto, (max-width: 800px) 100vw, 800px\" srcset=\"https:\/\/www.radiopiu.net\/wordpress\/wp-content\/uploads\/2018\/09\/viabilita.jpeg 800w, https:\/\/www.radiopiu.net\/wordpress\/wp-content\/uploads\/2018\/09\/viabilita-300x38.jpeg 300w, https:\/\/www.radiopiu.net\/wordpress\/wp-content\/uploads\/2018\/09\/viabilita-768x96.jpeg 768w\" alt=\"\" width=\"800\" height=\"100\" \/><\/a><\/p>\n<div class=\"ecm0bbzt e5nlhep0 a8c37x1j\">\n<div class=\"kvgmc6g5 cxmmr5t8 oygrvhab hcukyx3x c1et5uql\">\n<div class=\"gmail-kvgmc6g5 gmail-cxmmr5t8 gmail-oygrvhab gmail-hcukyx3x gmail-c1et5uql gmail-ii04i59q\">\n<div class=\"page-title-head hgroup\">\n<div class=\"page-title-head hgroup\">\n<div class=\"b654a4as d2edcug0\">\n<div class=\"j83agx80 btwxx1t3 lhclo0ds hop8lmos nkwizq5d scwd0bx6 roh60bw9\">\n<div class=\"rq0escxv hkbzh7o3 jwdofwj8 n8tt0mok r8blr3vg hyh9befq\">\n<div class=\"do00u71z l9j0dhe7 k4urcfbm\">\n<div class=\"page-title-head hgroup\">\n<div class=\"page-title-head hgroup\">\n<div class=\"page-title-head hgroup\">\n<div class=\"page-title-head hgroup\">\n<div class=\"b654a4as d2edcug0\">\n<div class=\"page-title-head hgroup\">\n<div class=\"page-title-head hgroup\">\n<div class=\"page-title-head hgroup\">\n<div class=\"page-title-head hgroup\">\n<div class=\"b654a4as d2edcug0\">\n<div class=\"page-title-head hgroup\">\n<div class=\"page-title-head hgroup\">\n<div class=\"page-title-head hgroup\">\n<div class=\"page-title-head hgroup\">\n<div class=\"page-title-head hgroup\">\n<div class=\"page-title-head hgroup\">\n<div class=\"page-title-head hgroup\">\n<div class=\"page-title-head hgroup\">\n<div class=\"page-title-head hgroup\">\n<div class=\"b654a4as d2edcug0\">\n<div class=\"page-title-head hgroup\">\n<div class=\"page-title-head hgroup\">\n<div class=\"page-title-head hgroup\">\n<div class=\"page-title-head hgroup\">\n<div class=\"b654a4as d2edcug0\">\n<div class=\"page-title-head hgroup\">\n<div class=\"page-title-head hgroup\">\n<div class=\"page-title-head hgroup\">\n<div class=\"page-title-head hgroup\">\n<div class=\"page-title-head hgroup\">\n<div class=\"mkdf-post-text\">\n<div class=\"mkdf-post-text-inner\">\n<div class=\"mkdf-post-text-main\">\n<div class=\"mkdf-post-text\">\n<div class=\"mkdf-post-text-inner\">\n<div class=\"mkdf-post-text-main\">\n<div class=\"mkdf-post-text\">\n<div class=\"mkdf-post-text-inner\">\n<div class=\"mkdf-post-text-main\">\n<div class=\"page-title-head hgroup\">\n<div class=\"page-title-head hgroup\">\n<div class=\"mkdf-post-text\">\n<div class=\"mkdf-post-text-inner\">\n<div class=\"mkdf-post-text-main\">\n<div class=\"mkdf-post-text\">\n<div class=\"mkdf-post-text-inner\">\n<div class=\"mkdf-post-text-main\">\n<div class=\"page-title-head hgroup\">\n<div class=\"page-title-head hgroup\">\n<div class=\"page-title-head hgroup\">\n<div class=\"page-title-head hgroup\">\n<div class=\"b654a4as d2edcug0\">\n<div class=\"page-title-head hgroup\">\n<div class=\"page-title-head hgroup\">\n<div class=\"page-title-head hgroup\">\n<div class=\"page-title-head hgroup\">\n<div class=\"b654a4as d2edcug0\">\n<div class=\"page-title-head hgroup\">\n<div class=\"page-title-head hgroup\">\n<div class=\"page-title-head hgroup\">\n<div class=\"page-title-head hgroup\">\n<div class=\"b654a4as d2edcug0\">\n<div class=\"chat-input\">\n<div class=\"chat-input-container\">\n<div class=\"rows-wrapper chat-input-wrapper\">\n<div class=\"reply-wrapper\">\n<div class=\"btn-menu\">\n<div class=\"btn-menu-item tgico-replace rp\">\n<div class=\"c-ripple\">\n<div class=\"bubbles scrolled-down\">\n<div class=\"scrollable scrollable-y\">\n<div class=\"bubbles-inner has-rights is-chat is-channel\">\n<div class=\"bubbles-date-group\">\n<div class=\"bubble hide-name is-out can-have-tail is-group-first is-group-last is-read\" data-mid=\"5377294335\" data-peer-id=\"-1478820725\" data-timestamp=\"1638437407\">\n<div class=\"bubble-content-wrapper\">\n<div class=\"bubble-content\">\n<p class=\"message\" dir=\"auto\"><strong>\u00a0<\/strong><\/p>\n<\/div>\n<\/div>\n<\/div>\n<\/div>\n<\/div>\n<\/div>\n<\/div>\n<\/div>\n<\/div>\n<\/div>\n<\/div>\n<\/div>\n<\/div>\n<\/div>\n<\/div>\n<\/div>\n<\/div>\n<\/div>\n<\/div>\n<\/div>\n<\/div>\n<\/div>\n<\/div>\n<\/div>\n<\/div>\n<\/div>\n<\/div>\n<\/div>\n<\/div>\n<\/div>\n<\/div>\n<\/div>\n<\/div>\n<\/div>\n<\/div>\n<\/div>\n<\/div>\n<\/div>\n<\/div>\n<\/div>\n<\/div>\n<\/div>\n<\/div>\n<\/div>\n<\/div>\n<\/div>\n<\/div>\n<\/div>\n<\/div>\n<\/div>\n<\/div>\n<\/div>\n<\/div>\n<\/div>\n<\/div>\n<\/div>\n<\/div>\n<\/div>\n<\/div>\n<\/div>\n<\/div>\n<\/div>\n<\/div>\n<\/div>\n<\/div>\n<\/div>\n<\/div>\n<\/div>\n<\/div>\n<\/div>\n<\/div>\n<\/div>\n<\/div>\n<\/div>\n<\/div>\n<\/div>\n<\/div>\n<\/div>\n<\/div>\n<\/div>\n<\/div>\n<\/div>\n<\/div>\n<\/div>\n<\/div>\n<\/div>\n<\/div>\n<\/div>\n<\/div>\n<\/div>\n<\/div>\n<\/div>\n<\/div>\n<\/div>\n<\/div>\n<\/div>\n<\/div>\n<\/div>\n<\/div>\n<\/div>\n<\/div>\n<\/div>\n<\/div>\n<\/div>\n<\/div>\n<\/div>\n<\/div>\n<\/div>\n<\/div>\n<\/div>\n<\/div>\n<\/div>\n<\/div>\n<\/div>\n<\/div>\n<\/div>\n<\/div>\n<\/div>\n<\/div>\n<\/div>\n<\/div>\n<\/div>\n<\/div>\n<\/div>\n<\/div>\n<\/div>\n<\/div>\n<\/div>\n<\/div>\n<\/div>\n<\/div>\n<\/div>\n<\/div>\n<\/div>\n<\/div>\n<\/div>\n<\/div>\n<\/div>\n<\/div>\n<\/div>\n<\/div>\n<\/div>\n<\/div>\n<\/div>\n<\/div>\n<\/div>\n<\/div>\n<\/div>\n<\/div>\n<\/div>\n<\/div>\n<\/div>\n<\/div>\n<\/div>\n<\/div>\n<\/div>\n<\/div>\n<\/div>\n<\/div>\n<\/div>\n<\/div>\n<\/div>\n<\/div>\n<\/div>\n<\/div>\n<\/div>\n<\/div>\n<\/div>\n<div>\n<div class=\"page-title-head hgroup\">\n<div class=\"page-title-head hgroup\">\n<div class=\"b654a4as d2edcug0\">\n<div class=\"j83agx80 btwxx1t3 lhclo0ds hop8lmos nkwizq5d scwd0bx6 roh60bw9\">\n<div class=\"rq0escxv hkbzh7o3 jwdofwj8 n8tt0mok r8blr3vg hyh9befq\">\n<div class=\"do00u71z l9j0dhe7 k4urcfbm\">\n<div class=\"ecm0bbzt e5nlhep0 a8c37x1j\">\n<div class=\"kvgmc6g5 cxmmr5t8 oygrvhab hcukyx3x c1et5uql\">\n<div class=\"gmail-kvgmc6g5 gmail-cxmmr5t8 gmail-oygrvhab gmail-hcukyx3x gmail-c1et5uql gmail-ii04i59q\">\n<div class=\"page-title-head hgroup\">\n<div class=\"page-title-head hgroup\">\n<div class=\"b654a4as d2edcug0\">\n<div class=\"j83agx80 btwxx1t3 lhclo0ds hop8lmos nkwizq5d scwd0bx6 roh60bw9\">\n<div class=\"rq0escxv hkbzh7o3 jwdofwj8 n8tt0mok r8blr3vg hyh9befq\">\n<div class=\"do00u71z l9j0dhe7 k4urcfbm\">\n<div class=\"page-title-head hgroup\">\n<div class=\"page-title-head hgroup\">\n<div class=\"page-title-head hgroup\">\n<div class=\"page-title-head hgroup\">\n<div class=\"b654a4as d2edcug0\">\n<div class=\"page-title-head hgroup\">\n<div class=\"page-title-head hgroup\">\n<div class=\"page-title-head hgroup\">\n<div class=\"page-title-head hgroup\">\n<div class=\"b654a4as d2edcug0\">\n<div class=\"page-title-head hgroup\">\n<div class=\"page-title-head hgroup\">\n<div class=\"page-title-head hgroup\">\n<div class=\"page-title-head hgroup\">\n<div class=\"page-title-head hgroup\">\n<div class=\"page-title-head hgroup\">\n<div class=\"page-title-head hgroup\">\n<div class=\"page-title-head hgroup\">\n<div class=\"page-title-head hgroup\">\n<div class=\"b654a4as d2edcug0\">\n<div class=\"page-title-head hgroup\">\n<div class=\"page-title-head hgroup\">\n<div class=\"page-title-head hgroup\">\n<div class=\"page-title-head hgroup\">\n<div class=\"b654a4as d2edcug0\">\n<div class=\"page-title-head hgroup\">\n<div class=\"page-title-head hgroup\">\n<div class=\"page-title-head hgroup\">\n<div class=\"page-title-head hgroup\">\n<div class=\"page-title-head hgroup\">\n<div class=\"mkdf-post-text\">\n<div class=\"mkdf-post-text-inner\">\n<div class=\"mkdf-post-text-main\">\n<div class=\"mkdf-post-text\">\n<div class=\"mkdf-post-text-inner\">\n<div class=\"mkdf-post-text-main\">\n<div class=\"mkdf-post-text\">\n<div class=\"mkdf-post-text-inner\">\n<div class=\"mkdf-post-text-main\">\n<div class=\"page-title-head hgroup\">\n<div class=\"page-title-head hgroup\">\n<div class=\"mkdf-post-text\">\n<div class=\"mkdf-post-text-inner\">\n<div class=\"mkdf-post-text-main\">\n<div class=\"mkdf-post-text\">\n<div class=\"mkdf-post-text-inner\">\n<div class=\"mkdf-post-text-main\">\n<div class=\"page-title-head hgroup\">\n<div class=\"page-title-head hgroup\">\n<div class=\"page-title-head hgroup\">\n<div class=\"page-title-head hgroup\">\n<div class=\"b654a4as d2edcug0\">\n<div class=\"page-title-head hgroup\">\n<div class=\"page-title-head hgroup\">\n<div class=\"page-title-head hgroup\">\n<div class=\"page-title-head hgroup\">\n<div class=\"b654a4as d2edcug0\">\n<div class=\"page-title-head hgroup\">\n<div class=\"page-title-head hgroup\">\n<div class=\"page-title-head hgroup\">\n<div class=\"page-title-head hgroup\">\n<div class=\"b654a4as d2edcug0\">\n<div class=\"ecm0bbzt e5nlhep0 a8c37x1j\">\n<div class=\"kvgmc6g5 cxmmr5t8 oygrvhab hcukyx3x c1et5uql\">\n<div class=\"gmail-kvgmc6g5 gmail-cxmmr5t8 gmail-oygrvhab gmail-hcukyx3x gmail-c1et5uql gmail-ii04i59q\">\n<div class=\"page-title-head hgroup\">\n<div class=\"page-title-head hgroup\">\n<div class=\"b654a4as d2edcug0\">\n<div class=\"j83agx80 btwxx1t3 lhclo0ds hop8lmos nkwizq5d scwd0bx6 roh60bw9\">\n<div class=\"rq0escxv hkbzh7o3 jwdofwj8 n8tt0mok r8blr3vg hyh9befq\">\n<div class=\"do00u71z l9j0dhe7 k4urcfbm\">\n<div class=\"page-title-head hgroup\">\n<div class=\"page-title-head hgroup\">\n<div class=\"page-title-head hgroup\">\n<div class=\"page-title-head hgroup\">\n<div class=\"b654a4as d2edcug0\">\n<div class=\"page-title-head hgroup\">\n<div class=\"page-title-head hgroup\">\n<div class=\"page-title-head hgroup\">\n<div class=\"page-title-head hgroup\">\n<div class=\"b654a4as d2edcug0\">\n<div class=\"page-title-head hgroup\">\n<div class=\"page-title-head hgroup\">\n<div class=\"page-title-head hgroup\">\n<div class=\"page-title-head hgroup\">\n<div class=\"page-title-head hgroup\">\n<div class=\"page-title-head hgroup\">\n<div class=\"page-title-head hgroup\">\n<div class=\"page-title-head hgroup\">\n<div class=\"page-title-head hgroup\">\n<div class=\"b654a4as d2edcug0\">\n<div class=\"page-title-head hgroup\">\n<div class=\"page-title-head hgroup\">\n<div class=\"page-title-head hgroup\">\n<div class=\"page-title-head hgroup\">\n<div class=\"b654a4as d2edcug0\">\n<div class=\"page-title-head hgroup\">\n<div class=\"page-title-head hgroup\">\n<div class=\"page-title-head hgroup\">\n<div class=\"page-title-head hgroup\">\n<div class=\"page-title-head hgroup\">\n<div class=\"mkdf-post-text\">\n<div class=\"mkdf-post-text-inner\">\n<div class=\"mkdf-post-text-main\">\n<div class=\"mkdf-post-text\">\n<div class=\"mkdf-post-text-inner\">\n<div class=\"mkdf-post-text-main\">\n<div class=\"mkdf-post-text\">\n<div class=\"mkdf-post-text-inner\">\n<div class=\"mkdf-post-text-main\">\n<div class=\"page-title-head hgroup\">\n<div class=\"page-title-head hgroup\">\n<div class=\"mkdf-post-text\">\n<div class=\"mkdf-post-text-inner\">\n<div class=\"mkdf-post-text-main\">\n<div class=\"mkdf-post-text\">\n<div class=\"mkdf-post-text-inner\">\n<div class=\"mkdf-post-text-main\">\n<div class=\"page-title-head hgroup\">\n<div class=\"page-title-head hgroup\">\n<div class=\"page-title-head hgroup\">\n<div class=\"page-title-head hgroup\">\n<div class=\"b654a4as d2edcug0\">\n<div class=\"page-title-head hgroup\">\n<div class=\"page-title-head hgroup\">\n<div class=\"page-title-head hgroup\">\n<div class=\"page-title-head hgroup\">\n<div class=\"b654a4as d2edcug0\">\n<div class=\"page-title-head hgroup\">\n<div class=\"page-title-head hgroup\">\n<div class=\"page-title-head hgroup\">\n<div class=\"page-title-head hgroup\">\n<div class=\"b654a4as d2edcug0\">\n<blockquote class=\"wp-embedded-content\" data-secret=\"7aWhfEMnMb\"><p><a href=\"https:\/\/www.radiopiu.net\/wordpress\/viabilita\/\">viabilita<\/a><\/p><\/blockquote>\n<p><iframe loading=\"lazy\" class=\"wp-embedded-content\" sandbox=\"allow-scripts\" security=\"restricted\" style=\"position: absolute; clip: rect(1px, 1px, 1px, 1px);\" title=\"&#8220;viabilita&#8221; &#8212; Radio Pi\u00f9\" src=\"https:\/\/www.radiopiu.net\/wordpress\/viabilita\/embed\/#?secret=7aWhfEMnMb\" data-secret=\"7aWhfEMnMb\" width=\"600\" height=\"338\" frameborder=\"0\" marginwidth=\"0\" marginheight=\"0\" scrolling=\"no\"><\/iframe><\/p>\n<p>&nbsp;<\/p>\n<hr \/>\n<p>&nbsp;<\/p>\n<\/div>\n<div class=\"b654a4as d2edcug0\">\n<div class=\"ecm0bbzt e5nlhep0 a8c37x1j\">\n<div class=\"kvgmc6g5 cxmmr5t8 oygrvhab hcukyx3x c1et5uql\">\n<div class=\"gmail-kvgmc6g5 gmail-cxmmr5t8 gmail-oygrvhab gmail-hcukyx3x gmail-c1et5uql gmail-ii04i59q\">\n<div>\n<div class=\"page-title-head hgroup\">\n<div class=\"page-title-head hgroup\">\n<div class=\"b654a4as d2edcug0\">\n<div class=\"j83agx80 btwxx1t3 lhclo0ds hop8lmos nkwizq5d scwd0bx6 roh60bw9\">\n<div class=\"rq0escxv hkbzh7o3 jwdofwj8 n8tt0mok r8blr3vg hyh9befq\">\n<div class=\"do00u71z l9j0dhe7 k4urcfbm\">\n<div>\n<div class=\"page-title-head hgroup\">\n<div class=\"page-title-head hgroup\">\n<div class=\"page-title-head hgroup\">\n<div class=\"page-title-head hgroup\">\n<div class=\"b654a4as d2edcug0\">\n<div class=\"page-title-head hgroup\">\n<div class=\"page-title-head hgroup\">\n<div class=\"page-title-head hgroup\">\n<div class=\"page-title-head hgroup\">\n<div class=\"b654a4as d2edcug0\">\n<div class=\"page-title-head hgroup\">\n<div class=\"page-title-head hgroup\">\n<div class=\"page-title-head hgroup\">\n<div class=\"page-title-head hgroup\">\n<div class=\"page-title-head hgroup\">\n<div class=\"mkdf-post-text\">\n<div class=\"mkdf-post-text-inner\">\n<div class=\"mkdf-post-text-main\">\n<div class=\"mkdf-post-text\">\n<div class=\"mkdf-post-text-inner\">\n<div class=\"mkdf-post-text-main\">\n<div class=\"mkdf-post-text\">\n<div class=\"mkdf-post-text-inner\">\n<div class=\"mkdf-post-text-main\">\n<div class=\"page-title-head hgroup\">\n<div class=\"page-title-head hgroup\">\n<div class=\"mkdf-post-text\">\n<div class=\"mkdf-post-text-inner\">\n<div class=\"mkdf-post-text-main\">\n<div class=\"mkdf-post-text\">\n<div class=\"mkdf-post-text-inner\">\n<div class=\"mkdf-post-text-main\">\n<div>\n<div class=\"page-title-head hgroup\">\n<div class=\"page-title-head hgroup\">\n<div>\n<div class=\"page-title-head hgroup\">\n<div class=\"page-title-head hgroup\">\n<div class=\"b654a4as d2edcug0\">\n<div>\n<div class=\"page-title-head hgroup\" style=\"text-align: left;\">\n<div class=\"page-title-head hgroup\">\n<div dir=\"auto\">\n<p><a class=\"dt-pswp-item pspw-wrap-ready\" href=\"https:\/\/i0.wp.com\/www.radiopiu.net\/wordpress\/wp-content\/uploads\/2018\/09\/WhatsApp-Image-2018-09-20-at-16.04.06.jpeg?ssl=1\" data-dt-img-description=\"\" data-large_image_width=\"800\" data-large_image_height=\"100\"><img loading=\"lazy\" decoding=\"async\" class=\"aligncenter wp-image-61378 size-full jetpack-lazy-image jetpack-lazy-image--handled\" src=\"https:\/\/i0.wp.com\/www.radiopiu.net\/wordpress\/wp-content\/uploads\/2018\/09\/WhatsApp-Image-2018-09-20-at-16.04.06.jpeg?resize=800%2C100&amp;ssl=1\" sizes=\"auto, (max-width: 800px) 100vw, 800px\" srcset=\"https:\/\/i0.wp.com\/www.radiopiu.net\/wordpress\/wp-content\/uploads\/2018\/09\/WhatsApp-Image-2018-09-20-at-16.04.06.jpeg?w=800&amp;ssl=1 800w, https:\/\/i0.wp.com\/www.radiopiu.net\/wordpress\/wp-content\/uploads\/2018\/09\/WhatsApp-Image-2018-09-20-at-16.04.06.jpeg?resize=300%2C38&amp;ssl=1 300w, https:\/\/i0.wp.com\/www.radiopiu.net\/wordpress\/wp-content\/uploads\/2018\/09\/WhatsApp-Image-2018-09-20-at-16.04.06.jpeg?resize=768%2C96&amp;ssl=1 768w\" alt=\"\" width=\"800\" height=\"100\" data-lazy-loaded=\"1\" \/><\/a><\/p>\n<\/div>\n<\/div>\n<\/div>\n<\/div>\n<\/div>\n<\/div>\n<\/div>\n<\/div>\n<\/div>\n<\/div>\n<\/div>\n<\/div>\n<\/div>\n<\/div>\n<\/div>\n<\/div>\n<\/div>\n<\/div>\n<\/div>\n<\/div>\n<\/div>\n<\/div>\n<\/div>\n<\/div>\n<\/div>\n<\/div>\n<\/div>\n<\/div>\n<\/div>\n<\/div>\n<\/div>\n<\/div>\n<\/div>\n<\/div>\n<\/div>\n<\/div>\n<\/div>\n<\/div>\n<\/div>\n<\/div>\n<\/div>\n<\/div>\n<\/div>\n<\/div>\n<p>&nbsp;<\/p>\n<\/div>\n<\/div>\n<\/div>\n<\/div>\n<\/div>\n<\/div>\n<\/div>\n<\/div>\n<\/div>\n<\/div>\n<\/div>\n<\/div>\n<\/div>\n<\/div>\n<\/div>\n<\/div>\n<\/div>\n<\/div>\n<\/div>\n<\/div>\n<\/div>\n<\/div>\n<\/div>\n<\/div>\n<\/div>\n<\/div>\n<\/div>\n<\/div>\n<\/div>\n<\/div>\n<\/div>\n<\/div>\n<\/div>\n<\/div>\n<\/div>\n<\/div>\n<\/div>\n<\/div>\n<\/div>\n<\/div>\n<\/div>\n<\/div>\n<\/div>\n<\/div>\n<\/div>\n<\/div>\n<\/div>\n<\/div>\n<\/div>\n<\/div>\n<\/div>\n<\/div>\n<\/div>\n<\/div>\n<\/div>\n<\/div>\n<\/div>\n<\/div>\n<\/div>\n<\/div>\n<\/div>\n<\/div>\n<\/div>\n<\/div>\n<\/div>\n<\/div>\n<\/div>\n<\/div>\n<\/div>\n<\/div>\n<\/div>\n<\/div>\n<\/div>\n<\/div>\n<\/div>\n<\/div>\n<\/div>\n<\/div>\n<\/div>\n<\/div>\n<\/div>\n<\/div>\n<\/div>\n<\/div>\n<\/div>\n<\/div>\n<\/div>\n<\/div>\n<\/div>\n<\/div>\n<\/div>\n<\/div>\n<\/div>\n<\/div>\n<\/div>\n<\/div>\n<\/div>\n<\/div>\n<\/div>\n<\/div>\n<\/div>\n<\/div>\n<\/div>\n<\/div>\n<\/div>\n<\/div>\n<\/div>\n<\/div>\n<\/div>\n<\/div>\n<\/div>\n<\/div>\n<\/div>\n<\/div>\n<\/div>\n<\/div>\n<\/div>\n<\/div>\n<\/div>\n<\/div>\n<\/div>\n<\/div>\n<\/div>\n<\/div>\n<\/div>\n<\/div>\n<\/div>\n<\/div>\n<\/div>\n<\/div>\n<\/div>\n<\/div>\n<\/div>\n<\/div>\n<\/div>\n<\/div>\n<\/div>\n<\/div>\n<\/div>\n<\/div>\n<\/div>\n<\/div>\n<\/div>\n<\/div>\n<\/div>\n<\/div>\n<\/div>\n<\/div>\n<\/div>\n<\/div>\n<\/div>\n<\/div>\n<\/div>\n<\/div>\n<\/div>\n<\/div>\n<\/div>\n<\/div>\n<\/div>\n<\/div>\n<\/div>\n<\/div>\n<\/div>\n<\/div>\n<\/div>\n<\/div>\n<p><center><b>Martedi 18<\/b><\/center><b>Tempo atteso: <\/b>Nelle prime ore saranno presenti ancora passaggi di residua e modesta nuvolosit\u00e0, ma ben presto il tempo tender\u00e0 a divenire ben soleggiato e stabile con visibilit\u00e0 buona a tutte le quote.<br \/>\n<b>Precipitazioni: <\/b>Assenti (0%).<br \/>\n<b>Temperature: <\/b>Minime senza notevoli variazioni, a parte qualche lieve calo specie nelle valli e altipiani; massime in leggera o contenuta ripresa soprattutto nelle valli. Su Prealpi a 1500 m min -3\u00b0C, max 2\u00b0C; a 2000 m min -6\u00b0C, max -1\u00b0C. Su Dolomiti a 2000 m min -7\u00b0C, max 0\u00b0C; a 3000 m min -8\u00b0C, max -2\u00b0C.<br \/>\n<b>Venti: <\/b>Nelle valli generalmente deboli di direzione variabile, in quota settentrionali in graduale attenuazione, tendenti a divenire in prevalenza moderati, ma localmente ancora tesi nelle prime ore, a 10-20 km\/h a 2000 m, a 20-35 km\/h a 3000 m.<\/p>\n<hr \/>\n<p><center><b>Mercoledi 19<\/b><\/center><b>Tempo atteso: <\/b>Per gran parte della giornata, condizioni di tempo stabile e ben soleggiato, con visibilit\u00e0 buona a tutte le quote, specie al mattino. Dal tardo pomeriggio\/sera parziale aumento di innocua nuvolosit\u00e0 di tipo medio-basso, a partire dalle zone orientali delle Dolomiti e delle Prealpi dove risulter\u00e0 anche pi\u00f9 consistente, con locali riduzioni della visibilit\u00e0 in alcune valli prealpine nella notte.<br \/>\n<b>Precipitazioni: <\/b>Assenti (0%).<br \/>\n<b>Temperature: <\/b>Minime senza variazioni di rilievo, massime in leggero calo a tutte le quote, con lieve o moderata inversione termica nelle valli nelle ore pi\u00f9 fredde. Su Prealpi a 1500 m min -3\u00b0C, max 1\u00b0C; a 2000 m min -4\u00b0C, max 0\u00b0C. Su Dolomiti a 2000 m min -6\u00b0C, max 0\u00b0C; a 3000 m min -9\u00b0C, max -3\u00b0C.<br \/>\n<b>Venti: <\/b>Nelle valli generalmente deboli di direzione variabile, in quota in prevalenza occidentali, al mattino deboli o moderati tendenti a rinforzare fino a tesi nella seconda parte della giornata, a 5-20 km\/h a 2000 m, a 15-35 km\/h a 3000 m.<\/p>\n<hr \/>\n<p><center><b>Giovedi 20<\/b><\/center>Tempo variabile; cielo in prevalenza parzialmente nuvoloso con alternanza di schiarite e di qualche innocuo annuvolamento, che non produrr\u00e0 precipitazioni, ma sar\u00e0 associato ad una intensificazione dei venti in alta montagna da nord-ovest che tenderanno a divenire tesi o forti sulle vette dolomitiche con possibili episodi di Foehn in alcune valli. Non si escludono locali riduzioni di visibilit\u00e0 in alcune valli prealpine nelle ore pi\u00f9 fredde. Minime senza notevoli variazioni, massime in leggera o contenuta diminuzione.<\/p>\n<hr \/>\n<p><center><b>Venerdi 21<\/b><\/center>Tempo soleggiato o parzialmente soleggiato, con cielo generalmente poco nuvoloso. Possibile qualche modesto e innocuo addensamento nuvoloso soprattutto nell&#8217;area dolomitica, che non produrr\u00e0 precipitazioni. Venti forti in alta montagna, specie sulle cime dolomitiche, in ulteriore rinforzo nel corso della giornata con possibili episodi di Foehn in alcune valli. Temperature in calo. Previsore: M.Padoan<\/p>\n<p>&nbsp;<\/p>\n<hr \/>\n<p>&nbsp;<\/p>\n<p><a href=\"https:\/\/www.radiopiu.net\/wordpress\/giornale-radiopiu-15-settembre-2018-direttore-mirko-mezzacasa\/sport-7\/\" rel=\"attachment wp-att-60761\"><img loading=\"lazy\" decoding=\"async\" class=\"wp-image-60761 size-full aligncenter\" src=\"https:\/\/www.radiopiu.net\/wordpress\/wp-content\/uploads\/2018\/09\/sport.jpg\" alt=\"\" width=\"800\" height=\"100\" srcset=\"https:\/\/www.radiopiu.net\/wordpress\/wp-content\/uploads\/2018\/09\/sport.jpg 800w, https:\/\/www.radiopiu.net\/wordpress\/wp-content\/uploads\/2018\/09\/sport-300x38.jpg 300w, https:\/\/www.radiopiu.net\/wordpress\/wp-content\/uploads\/2018\/09\/sport-768x96.jpg 768w\" sizes=\"auto, (max-width: 800px) 100vw, 800px\" \/><\/a><\/p>\n<p>&nbsp;<\/p>\n<p><span style=\"color: #0000ff;\"><strong>SCI ALPINISMO\u00a0<\/strong><\/span><\/p>\n<blockquote>\n<h3>IL TROFEO SKI ALP 4 VALLI RINVIATO AL 2023<\/h3>\n<\/blockquote>\n<p>Anche\u00a0 quest&#8217;anno non ci sar\u00e0 il Trofeo Montura Ski Alp 4 Valli. Vista la situazione dei contagi Covid 19 variante Omicron in costante aumento, il Comitato organizzatore,a seguito di varie valutazioni dei rischi connessi all&#8217;organizzazione delle 4 prove previste ha deciso a malincuore di non effettuare il circuito 2022. Tutto era gi\u00e0 predisposto\u00a0, poi l&#8217;impennata del contagio del dopo feste\u00a0 ha portato alla decisione. <a href=\"https:\/\/www.radiopiu.net\/wordpress\/il-trofeo-ski-alp-4-valli-rinviato-al-2023\/download-1164\/\" rel=\"attachment wp-att-254774\"><img loading=\"lazy\" decoding=\"async\" class=\" wp-image-254774 alignleft\" src=\"https:\/\/www.radiopiu.net\/wordpress\/wp-content\/uploads\/2022\/01\/download-2.jpg\" alt=\"\" width=\"230\" height=\"153\" \/><\/a> <em>&#8220;Ricordiamo che siamo tutti volontari, ma la responsabilit\u00e0 di eventuali focolai ricadrebbe automaticamente su di noi e per noi ci\u00f2 \u00e8 motivo di forte preoccupazione che non ci permette di vivere con serenit\u00e0 le 4 prove del circuito. E&#8217; nostro desiderio organizzare le gare quando saremo finalmente sicuri di fare il tutto in sicurezza, per noi, per voi atleti e i nostri collaboratori. Rimandiamo quindi\u00a0 l&#8217;appuntamento del Montura Trofeo 4 Valli al 2023 con la speranza che nel frattempo la situazione si normalizzi e si possa tornare alle tradizionali <\/em><em>serate di sport ed amicizia come in tempi pre-covid&#8221;.<\/em><\/p>\n<p>&nbsp;<\/p>\n<hr \/>\n<p>&nbsp;<\/p>\n<p><span style=\"color: #0000ff;\"><strong>HOCKEY SU GHIACCIO<\/strong><\/span><\/p>\n<blockquote>\n<h3>AL VIA LA COPPA ITALIA DI HOCKEY. ALLEGHE IN CASA CONTRO IL PERGINE PER ACCEDERE ALLA FINALE FOUR<\/h3>\n<\/blockquote>\n<p><strong><a href=\"https:\/\/www.radiopiu.net\/wordpress\/ad-alleghe-arriva-il-pergine-per-la-penultima-giornata-di-regoular-season\/alleghe-hockey-5\/\" rel=\"attachment wp-att-250769\"><img loading=\"lazy\" decoding=\"async\" class=\"size-medium wp-image-250769 alignleft\" src=\"https:\/\/www.radiopiu.net\/wordpress\/wp-content\/uploads\/2021\/12\/ALLEGHE-HOCKEY-5-300x225.jpg\" alt=\"\" width=\"300\" height=\"225\" srcset=\"https:\/\/www.radiopiu.net\/wordpress\/wp-content\/uploads\/2021\/12\/ALLEGHE-HOCKEY-5-300x225.jpg 300w, https:\/\/www.radiopiu.net\/wordpress\/wp-content\/uploads\/2021\/12\/ALLEGHE-HOCKEY-5-1024x768.jpg 1024w, https:\/\/www.radiopiu.net\/wordpress\/wp-content\/uploads\/2021\/12\/ALLEGHE-HOCKEY-5-768x576.jpg 768w, https:\/\/www.radiopiu.net\/wordpress\/wp-content\/uploads\/2021\/12\/ALLEGHE-HOCKEY-5-1536x1152.jpg 1536w, https:\/\/www.radiopiu.net\/wordpress\/wp-content\/uploads\/2021\/12\/ALLEGHE-HOCKEY-5.jpg 1600w\" sizes=\"auto, (max-width: 300px) 100vw, 300px\" \/><\/a>di Roberto Miana, portavoce dell&#8217;Alleghe Hockey<\/strong><\/p>\n<p>Quarto di finale Coppa Italia in gara unica. Marted\u00ec 18 gennaio alle ore 20:30 l&#8217;Alleghe ospita il Pergine. Quarta sfida stagionale tra Alleghe e Pergine, dopo le due di regular season e la prima di master round, con le Civette vittoriose in tutte e tre le occasioni. A distanza di soli tre giorni dall\u2019ultimo face-off tra le due squadre, disputato sabato scorso alla Sapiens Arena di Pergine con la vittoria dei nostri ragazzi 3-2 ai tiri di rigore, questa volta sotto al Civetta gli Agordini, contro le Linci, hanno la ghiotta opportunit\u00e0 di guadagnarsi l\u2019accesso alla Final Four di Coppa Italia in programma sabato 22 (semifinali) e domenica 23 (finale) alla W\u00fcrth Arena di Egna. Coppa che all\u2019Alleghe \u00e8 sfuggita dalle mani gi\u00e0 in tre occasioni: la prima volta contro l&#8217;Asiago nel 1992, la seconda con il Pontebba nel 2008 e successivamente contro il Valpellice nel 2013. In questa edizione si contenderanno la Coppa Italia le prime 8 squadre della stagione regolare di IHL, in 4 gare uniche di qualificazione in casa delle meglio classificate. Le quattro vincenti daranno vita alla Final Four di Egna del 22 e 23 gennaio.<\/p>\n<p><strong>QUARTI di FINALE (turno unico) &#8211; marted\u00ec 18 gennaio 2022<\/strong><\/p>\n<p>gara A) Valdifiemme (1\u00b0) \u2013 Varese (8\u00b0)<br \/>\ngara B) Caldaro (2\u00b0) \u2013 Dobbiaco (7\u00b0)<br \/>\ngara C) Unterland Cavaliers (3\u00b0) \u2013 Como (6\u00b0)<br \/>\ngara D) Alleghe (4\u00b0) \u2013 Pergine (5\u00b0)<\/p>\n<p><strong>SEMIFINALI &#8211; sabato 22 gennaio 2022 &#8211; W\u00fcrth Arena di Egna (Bz)<\/strong><\/p>\n<p>gara E) vincente gara A &#8211; vincente gara D<br \/>\ngara F) vincente gara B &#8211; vincente gara C<\/p>\n<p><strong>FINALE &#8211; domenica 23 gennaio 2022 &#8211; W\u00fcrth Arena di Egna (Bz)<\/strong><\/p>\n<p>vincente gara E &#8211; vincente gara F<\/p>\n<p><strong>ALLEGHE Hockey &#8211; Hockey PERGINE Sapiens <\/strong>Marted\u00ec 18 gennaio ore 20:30 \u2013 Stadio \u201cAlvise De Toni\u201d di Alleghe (BL)<br \/>\nPARTITA APERTA AL PUBBLICO Come da disposizioni governative ingresso con SUPER GREEN PASS e mascherina FFP2<br \/>\nCollegamenti in DIRETTA RADIOFONICA su Radio Pi\u00f9 (www.radiopiu.net) con \u201cHockey al punto giusto\u201d, in studio Marco Gaz e dal &#8220;De Toni&#8221; interventi di Federico Paganin<\/p>\n<p>&nbsp;<\/p>\n<p>&nbsp;<\/p>\n<hr \/>\n<p>&nbsp;<\/p>\n<p>&nbsp;<\/p>\n<p>&nbsp;<\/p>\n<p><span style=\"color: #0000ff;\"><strong>SCI DI FONDO<\/strong><\/span><\/p>\n<blockquote>\n<h3>LORENZO BUSIN PRIMO DEGLI ITALIANI A &#8220;LA VENOSTA&#8221;<\/h3>\n<\/blockquote>\n<p><strong>VAL VENOSTA <\/strong>Nel fine settimana si \u00e8 corsa &#8220;La Venosta&#8221;, la gara di sci di fondo che risultava come centesimo evento Pro Team. Ai blocchi di partenza anche Lorenzo Busin che ha chiuso al 43\u00b0 posto assoluto e primo atleta italiano. Un fine settimana da incorniciare per il ragazzo della Valle del Biois che si \u00e8 messo alla prova contro i migliori atleti del panorama italiano e straniero.<\/p>\n<p><strong>LORENZO BUSIN<\/strong><\/p>\n<audio class=\"wp-audio-shortcode\" id=\"audio-254536-19\" preload=\"none\" style=\"width: 100%;\" controls=\"controls\"><source type=\"audio\/mpeg\" src=\"https:\/\/www.radiopiu.net\/wordpress\/wp-content\/uploads\/2022\/01\/LORENZO-BUSIN.mp3?_=19\" \/><a href=\"https:\/\/www.radiopiu.net\/wordpress\/wp-content\/uploads\/2022\/01\/LORENZO-BUSIN.mp3\">https:\/\/www.radiopiu.net\/wordpress\/wp-content\/uploads\/2022\/01\/LORENZO-BUSIN.mp3<\/a><\/audio>\n<p>&nbsp;<\/p>\n\n\t\t\t<style type='text\/css'>\n\t\t\t\t#gallery-4 {\n\t\t\t\t\tmargin: auto;\n\t\t\t\t}\n\t\t\t\t#gallery-4 .gallery-item {\n\t\t\t\t\tfloat: left;\n\t\t\t\t\tmargin-top: 10px;\n\t\t\t\t\ttext-align: center;\n\t\t\t\t\twidth: 33%;\n\t\t\t\t}\n\t\t\t\t#gallery-4 img {\n\t\t\t\t\tborder: 2px solid #cfcfcf;\n\t\t\t\t}\n\t\t\t\t#gallery-4 .gallery-caption {\n\t\t\t\t\tmargin-left: 0;\n\t\t\t\t}\n\t\t\t\t\/* see gallery_shortcode() in wp-includes\/media.php *\/\n\t\t\t<\/style>\n\t\t<div id='gallery-4' class='dt-gallery-container gallery galleryid-254536 gallery-columns-3 gallery-size-medium'><dl class='gallery-item'>\n\t\t\t\t<dt class='gallery-icon landscape'>\n\t\t\t\t\t<a class=\"rollover rollover-zoom dt-pswp-item\" title=\"b9bc2565-985d-4a75-aeb7-4bef2df60cba\" data-dt-img-description=\"\" data-large_image_width=\"1440\" data-large_image_height=\"960\"href='https:\/\/www.radiopiu.net\/wordpress\/wp-content\/uploads\/2022\/01\/b9bc2565-985d-4a75-aeb7-4bef2df60cba.jpg'><img loading=\"lazy\" decoding=\"async\" width=\"300\" height=\"200\" src=\"https:\/\/www.radiopiu.net\/wordpress\/wp-content\/uploads\/2022\/01\/b9bc2565-985d-4a75-aeb7-4bef2df60cba-300x200.jpg\" class=\"attachment-medium size-medium\" alt=\"\" srcset=\"https:\/\/www.radiopiu.net\/wordpress\/wp-content\/uploads\/2022\/01\/b9bc2565-985d-4a75-aeb7-4bef2df60cba-300x200.jpg 300w, https:\/\/www.radiopiu.net\/wordpress\/wp-content\/uploads\/2022\/01\/b9bc2565-985d-4a75-aeb7-4bef2df60cba-1024x683.jpg 1024w, https:\/\/www.radiopiu.net\/wordpress\/wp-content\/uploads\/2022\/01\/b9bc2565-985d-4a75-aeb7-4bef2df60cba-768x512.jpg 768w, https:\/\/www.radiopiu.net\/wordpress\/wp-content\/uploads\/2022\/01\/b9bc2565-985d-4a75-aeb7-4bef2df60cba.jpg 1440w\" sizes=\"auto, (max-width: 300px) 100vw, 300px\" \/><\/a>\n\t\t\t\t<\/dt><\/dl><dl class='gallery-item'>\n\t\t\t\t<dt class='gallery-icon landscape'>\n\t\t\t\t\t<a class=\"rollover rollover-zoom dt-pswp-item\" title=\"e9b59fe8-abaa-42cb-93ae-b94f90cc0939\" data-dt-img-description=\"\" data-large_image_width=\"1568\" data-large_image_height=\"960\"href='https:\/\/www.radiopiu.net\/wordpress\/wp-content\/uploads\/2022\/01\/e9b59fe8-abaa-42cb-93ae-b94f90cc0939.jpg'><img loading=\"lazy\" decoding=\"async\" width=\"300\" height=\"184\" src=\"https:\/\/www.radiopiu.net\/wordpress\/wp-content\/uploads\/2022\/01\/e9b59fe8-abaa-42cb-93ae-b94f90cc0939-300x184.jpg\" class=\"attachment-medium size-medium\" alt=\"\" srcset=\"https:\/\/www.radiopiu.net\/wordpress\/wp-content\/uploads\/2022\/01\/e9b59fe8-abaa-42cb-93ae-b94f90cc0939-300x184.jpg 300w, https:\/\/www.radiopiu.net\/wordpress\/wp-content\/uploads\/2022\/01\/e9b59fe8-abaa-42cb-93ae-b94f90cc0939-1024x627.jpg 1024w, https:\/\/www.radiopiu.net\/wordpress\/wp-content\/uploads\/2022\/01\/e9b59fe8-abaa-42cb-93ae-b94f90cc0939-768x470.jpg 768w, https:\/\/www.radiopiu.net\/wordpress\/wp-content\/uploads\/2022\/01\/e9b59fe8-abaa-42cb-93ae-b94f90cc0939-1536x940.jpg 1536w, https:\/\/www.radiopiu.net\/wordpress\/wp-content\/uploads\/2022\/01\/e9b59fe8-abaa-42cb-93ae-b94f90cc0939.jpg 1568w\" sizes=\"auto, (max-width: 300px) 100vw, 300px\" \/><\/a>\n\t\t\t\t<\/dt><\/dl><dl class='gallery-item'>\n\t\t\t\t<dt class='gallery-icon landscape'>\n\t\t\t\t\t<a class=\"rollover rollover-zoom dt-pswp-item\" title=\"410dc3af-302a-4b9e-b03f-c453504baa24\" data-dt-img-description=\"\" data-large_image_width=\"1542\" data-large_image_height=\"960\"href='https:\/\/www.radiopiu.net\/wordpress\/wp-content\/uploads\/2022\/01\/410dc3af-302a-4b9e-b03f-c453504baa24.jpg'><img loading=\"lazy\" decoding=\"async\" width=\"300\" height=\"187\" src=\"https:\/\/www.radiopiu.net\/wordpress\/wp-content\/uploads\/2022\/01\/410dc3af-302a-4b9e-b03f-c453504baa24-300x187.jpg\" class=\"attachment-medium size-medium\" alt=\"\" srcset=\"https:\/\/www.radiopiu.net\/wordpress\/wp-content\/uploads\/2022\/01\/410dc3af-302a-4b9e-b03f-c453504baa24-300x187.jpg 300w, https:\/\/www.radiopiu.net\/wordpress\/wp-content\/uploads\/2022\/01\/410dc3af-302a-4b9e-b03f-c453504baa24-1024x638.jpg 1024w, https:\/\/www.radiopiu.net\/wordpress\/wp-content\/uploads\/2022\/01\/410dc3af-302a-4b9e-b03f-c453504baa24-768x478.jpg 768w, https:\/\/www.radiopiu.net\/wordpress\/wp-content\/uploads\/2022\/01\/410dc3af-302a-4b9e-b03f-c453504baa24-1536x956.jpg 1536w, https:\/\/www.radiopiu.net\/wordpress\/wp-content\/uploads\/2022\/01\/410dc3af-302a-4b9e-b03f-c453504baa24.jpg 1542w\" sizes=\"auto, (max-width: 300px) 100vw, 300px\" \/><\/a>\n\t\t\t\t<\/dt><\/dl><br style=\"clear: both\" \/>\n\t\t\t<\/div>\n\n<p>&nbsp;<\/p>\n<hr \/>\n<p>&nbsp;<\/p>\n<p>&nbsp;<\/p>\n<p><span style=\"color: #0000ff;\"><strong><a href=\"https:\/\/www.radiopiu.net\/wordpress\/giornale-radiopiu-18-gennaio-2022-direttore-mirko-mezzacasa\/271189496_5235708686473161_4658519169106030083_n\/\" rel=\"attachment wp-att-254809\"><img loading=\"lazy\" decoding=\"async\" class=\"size-medium wp-image-254809 alignright\" src=\"https:\/\/www.radiopiu.net\/wordpress\/wp-content\/uploads\/2022\/01\/271189496_5235708686473161_4658519169106030083_n-196x300.jpg\" alt=\"\" width=\"196\" height=\"300\" srcset=\"https:\/\/www.radiopiu.net\/wordpress\/wp-content\/uploads\/2022\/01\/271189496_5235708686473161_4658519169106030083_n-196x300.jpg 196w, https:\/\/www.radiopiu.net\/wordpress\/wp-content\/uploads\/2022\/01\/271189496_5235708686473161_4658519169106030083_n-668x1024.jpg 668w, https:\/\/www.radiopiu.net\/wordpress\/wp-content\/uploads\/2022\/01\/271189496_5235708686473161_4658519169106030083_n.jpg 741w\" sizes=\"auto, (max-width: 196px) 100vw, 196px\" \/><\/a>CORSA CAMPESTRE<\/strong><\/span><\/p>\n<blockquote>\n<h3><a href=\"https:\/\/www.radiopiu.net\/wordpress\/giornale-radiopiu-18-gennaio-2022-direttore-mirko-mezzacasa\/271965495_5273539659356730_3156603843992506857_n\/\" rel=\"attachment wp-att-254807\"><img loading=\"lazy\" decoding=\"async\" class=\"wp-image-254807 alignleft\" src=\"https:\/\/www.radiopiu.net\/wordpress\/wp-content\/uploads\/2022\/01\/271965495_5273539659356730_3156603843992506857_n-300x269.jpg\" alt=\"\" width=\"178\" height=\"160\" srcset=\"https:\/\/www.radiopiu.net\/wordpress\/wp-content\/uploads\/2022\/01\/271965495_5273539659356730_3156603843992506857_n-300x269.jpg 300w, https:\/\/www.radiopiu.net\/wordpress\/wp-content\/uploads\/2022\/01\/271965495_5273539659356730_3156603843992506857_n.jpg 600w\" sizes=\"auto, (max-width: 178px) 100vw, 178px\" \/><\/a>LORENZO MAGNIFICO IN SALENTO<\/h3>\n<p>Trasferta vincente per Lorenzo Cagnati, primo nella otto chilometri di corsa in montagna a San Giovanni di Ugento. Un&#8217;importante sigillo tutto agordino sulla 18^ edizione della competizione. Lorenzo si \u00e8 imposto sull&#8217;azzurro Martin Demattei, Alberto Vender, Stefano Cecere e Francesco Marotti.<\/p><\/blockquote>\n<p><strong>Dominio montano al XVIII <a class=\"oajrlxb2 g5ia77u1 qu0x051f esr5mh6w e9989ue4 r7d6kgcz rq0escxv nhd2j8a9 nc684nl6 p7hjln8o kvgmc6g5 cxmmr5t8 oygrvhab hcukyx3x jb3vyjys rz4wbd8a qt6c0cv9 a8nywdso i1ao9s8h esuyzwwr f1sip0of lzcic4wl gpro0wi8 q66pz984 b1v8xokw\" tabindex=\"0\" role=\"link\" href=\"https:\/\/www.facebook.com\/Cross-del-Salento-2022-335122526888407\/?__cft__[0]=AZU-Wq_oVkNAERJHe_yr6iUStzxHIamfVgY-w93-Dr3ktJicy2IE-yJCa9UWprPTczjCzLeTl7H23_oksMOi00Xvf-ofRGYE7-0IlFviGovhfIPICV2yiVK7gCVgBZn4v6XvCpzM7LhCJO4sANZRux9E&amp;__tn__=kK-R\"><span class=\"nc684nl6\">Cross del Salento 2022<\/span><\/a> <\/strong><\/p>\n<p>Lorenzo: <em>&#8220;In attesa di poter ritornare a correre sulle montagne ci siamo messi alla prova in una campestre nel magnifico Salento, a poca distanza dal mare&#8221;<\/em><\/p>\n<blockquote><p>&nbsp;<\/p>\n<p>&nbsp;<\/p><\/blockquote>\n<p>&nbsp;<\/p>\n<hr \/>\n<p>&nbsp;<\/p>\n<p><span style=\"color: #0000ff;\"><strong>NUOTO<\/strong><\/span><\/p>\n<blockquote>\n<h3>IN VASCA E A LIVELLO ORGANIZZATIVO: SPORTIVAMENTE BELLUNO PROTAGONISTA NELLA TERZA GIORNATA ESORDIENTI<\/h3>\n<\/blockquote>\n<p><strong><a href=\"https:\/\/www.radiopiu.net\/wordpress\/giornale-radiopiu-18-gennaio-2022-direttore-mirko-mezzacasa\/margherita_de_cian_podio\/\" rel=\"attachment wp-att-254641\"><img loading=\"lazy\" decoding=\"async\" class=\"size-medium wp-image-254641 alignleft\" src=\"https:\/\/www.radiopiu.net\/wordpress\/wp-content\/uploads\/2022\/01\/Margherita_De_Cian_podio-225x300.jpg\" alt=\"\" width=\"225\" height=\"300\" srcset=\"https:\/\/www.radiopiu.net\/wordpress\/wp-content\/uploads\/2022\/01\/Margherita_De_Cian_podio-225x300.jpg 225w, https:\/\/www.radiopiu.net\/wordpress\/wp-content\/uploads\/2022\/01\/Margherita_De_Cian_podio.jpg 524w\" sizes=\"auto, (max-width: 225px) 100vw, 225px\" \/><\/a>BELLUNO <\/strong>Domenica scorsa, sotto l\u2019organizzazione della Sportivamente Belluno, la piscina del capoluogo ha fatto da teatro alla terza giornata dell\u2019attivit\u00e0 provinciale rivolta agli Esordienti. In vasca, Attivamente Agordino, Ondablu, Sporting club Lessinia e la squadra di casa con i suoi 26 atleti tra fascia B e A. Numerose, per\u00f2, le assenze a causa dei numerosi contagi nelle scuole che hanno falcidiato tutte le squadre in gara. Entrando nel dettaglio, nei 200 metri farfalla hanno brillato Samuele Sommacal (primo in 3\u201922\u201d5), Alex Brianti (secondo in 3\u201927\u201d0) e Margherita Mazzoli (3\u201959\u201d7), mentre nei 50 stile libero si sono distinti Alessandro Morra (secondo in 37\u201d3), Ginevra Dal Mas (38\u201d46) e Daniel Somacal (37\u201d5), entrambi terzi. Bene pure Camilla Fistarol, Greta Galanti, Aurora Camposeo e Giovanni Puccio fra gli Esordienti B. Nella fascia A, gradino pi\u00f9 alto del podio per Margherita De Cian (33\u201d6) seconda Beatrice Mezzacasa (33\u201d7) e quinta Irene Bello (36\u201d5). Per i maschi della stessa categoria, tripletta tutta bellunese grazie a Niccol\u00f2 Longi (32\u201d5), Mattia Galanti (33\u201d5) e Vincenzo Iuliano (34\u201d4). Soddisfazioni anche nei 100 metri con Stella Somacal (1\u201949\u201d9) e Aurora Camposeo (1\u201955\u201d3) oro e argento per la categoria B. E podio completo per i maschi: primo Mattia Don\u00e0 (1\u201927\u201d8), secondo Mario Dalla Riva (1\u201929\u201d1) e terzo Luca Frisaldi (1\u201933\u201d5). Buon esordio, inoltre, per Cesare Lorenzi e Giovanni Puccio. In merito alla fascia A, oro a Marta De Min (1\u201934\u201d7) e argento ad Alessio Camposeo (1\u201929\u201d7). Sportivamente protagonista pure nei 200 misti con Camilla Fistarol (prima in 3\u201931\u201d4) e Federico Nerviani (miglior tempo: 3\u201903\u201d6): terzo Mattia Don\u00e0 (3\u201911\u201d2). D\u2019oro, nei 100 misti, pure Beatrice Mezzacasa (1\u201929\u201d5) e argento a Marta De Min, mentre nel maschile Niccol\u00f2 Longi (1\u201922\u201d3), Vincenzo Iuliano (1\u201927\u201d2) e Mattia Galanti (1\u201930\u201d5) la fanno da padroni. E nei 400 stile libero? In fascia A, ha primeggiato Federico Nerviani (6\u201912\u201d2) davanti a Mario Dalla Riva (6\u201937\u201d4); in B, oro per Margherita De Cian (5\u201933\u201d27) e Alex Brianti (5\u201932\u201d9), bronzo per Samuele Sommacal (6\u201902\u201d8) Dorate sono anche le staffette 4&#215;50 stile libero: quella femminile (Esordienti B) con Galanti, Somacal, Fistarol, Dal Mas; e maschile con Nerviani, Somacal, Dalla Riva, Don\u00e0. Terzo posto per la seconda formazione (Frisaldi, Puccio, Lorenzi e Morra). Nella categoria A, i maschi (Camposeo, Iuliano, Pin e Brianti) e due squalifiche hanno tolto l\u2019argento alle ragazze: \u00ab<em>Sono cose che succedono, errori che fanno crescere &#8211; \u00e8 il commento della coach Daniela Piermarini -. Ma le soddisfazioni per la crescita della squadra sono veramente alle stelle. Ora ci dobbiamo preparare per il prossimo appuntamento di febbraio, che ci porter\u00e0 a competere con le squadre del Vicentin: sar\u00e0 una bella sfida<\/em>\u00bb.<\/p>\n<\/div>\n<\/div>\n<\/div>\n<\/div>\n<\/div>\n<\/div>\n<\/div>\n","protected":false},"excerpt":{"rendered":"<p>INFORMAZIONE il canale su TELEGRAM informazione di prima mano e in tempo reale. iscriviti ed aiutaci a farlo conoscere\u00a0 &nbsp; &nbsp; &nbsp; &nbsp; SCI PARALIMPICO. DE SILVESTRO ORO IN COMBINATA.\u00a0 CORTINA Ren\u00e8 De Silvestro \u00e8 entrato nell\u2019olimpo dello sci paralimpico internazionale. Complimenti a questo ragazzo d\u2019acciaio, nel fisico, nella mente, nel cuore. Vttoria di Ren\u00e8&hellip;<\/p>\n","protected":false},"author":4,"featured_media":254772,"comment_status":"closed","ping_status":"open","sticky":false,"template":"","format":"standard","meta":{"_monsterinsights_skip_tracking":false,"_monsterinsights_sitenote_active":false,"_monsterinsights_sitenote_note":"","_monsterinsights_sitenote_category":0,"footnotes":""},"categories":[104,86,49],"tags":[],"class_list":["post-254536","post","type-post","status-publish","format-standard","has-post-thumbnail","hentry","category-evidenza_3","category-gr","category-news-18","category-104","category-86","category-49","description-off"],"img_url":"https:\/\/www.radiopiu.net\/wordpress\/wp-content\/uploads\/2022\/01\/download-1.jpg","_links":{"self":[{"href":"https:\/\/www.radiopiu.net\/wordpress\/wp-json\/wp\/v2\/posts\/254536","targetHints":{"allow":["GET"]}}],"collection":[{"href":"https:\/\/www.radiopiu.net\/wordpress\/wp-json\/wp\/v2\/posts"}],"about":[{"href":"https:\/\/www.radiopiu.net\/wordpress\/wp-json\/wp\/v2\/types\/post"}],"author":[{"embeddable":true,"href":"https:\/\/www.radiopiu.net\/wordpress\/wp-json\/wp\/v2\/users\/4"}],"replies":[{"embeddable":true,"href":"https:\/\/www.radiopiu.net\/wordpress\/wp-json\/wp\/v2\/comments?post=254536"}],"version-history":[{"count":0,"href":"https:\/\/www.radiopiu.net\/wordpress\/wp-json\/wp\/v2\/posts\/254536\/revisions"}],"wp:featuredmedia":[{"embeddable":true,"href":"https:\/\/www.radiopiu.net\/wordpress\/wp-json\/wp\/v2\/media\/254772"}],"wp:attachment":[{"href":"https:\/\/www.radiopiu.net\/wordpress\/wp-json\/wp\/v2\/media?parent=254536"}],"wp:term":[{"taxonomy":"category","embeddable":true,"href":"https:\/\/www.radiopiu.net\/wordpress\/wp-json\/wp\/v2\/categories?post=254536"},{"taxonomy":"post_tag","embeddable":true,"href":"https:\/\/www.radiopiu.net\/wordpress\/wp-json\/wp\/v2\/tags?post=254536"}],"curies":[{"name":"wp","href":"https:\/\/api.w.org\/{rel}","templated":true}]}}