{"id":254548,"date":"2022-01-17T05:32:58","date_gmt":"2022-01-17T04:32:58","guid":{"rendered":"https:\/\/www.radiopiu.net\/wordpress\/?p=254548"},"modified":"2022-01-17T05:35:12","modified_gmt":"2022-01-17T04:35:12","slug":"lalpino-e-la-ragazza-di-formegan","status":"publish","type":"post","link":"https:\/\/www.radiopiu.net\/wordpress\/lalpino-e-la-ragazza-di-formegan\/","title":{"rendered":"L&#8217;ALPINO E LA RAGAZZA DI FORMEGAN"},"content":{"rendered":"<div class=\"articlePlainText\"><a href=\"https:\/\/www.radiopiu.net\/wordpress\/lalpino-e-la-ragazzi-di-formegan\/06f8149a-ca59-4add-bb37-823d82f6ac9c\/\" rel=\"attachment wp-att-254549\"><img loading=\"lazy\" decoding=\"async\" class=\" wp-image-254549 alignleft\" src=\"https:\/\/www.radiopiu.net\/wordpress\/wp-content\/uploads\/2022\/01\/06f8149a-ca59-4add-bb37-823d82f6ac9c-169x300.jpg\" alt=\"\" width=\"120\" height=\"213\" srcset=\"https:\/\/www.radiopiu.net\/wordpress\/wp-content\/uploads\/2022\/01\/06f8149a-ca59-4add-bb37-823d82f6ac9c-169x300.jpg 169w, https:\/\/www.radiopiu.net\/wordpress\/wp-content\/uploads\/2022\/01\/06f8149a-ca59-4add-bb37-823d82f6ac9c-576x1024.jpg 576w, https:\/\/www.radiopiu.net\/wordpress\/wp-content\/uploads\/2022\/01\/06f8149a-ca59-4add-bb37-823d82f6ac9c-768x1365.jpg 768w, https:\/\/www.radiopiu.net\/wordpress\/wp-content\/uploads\/2022\/01\/06f8149a-ca59-4add-bb37-823d82f6ac9c-864x1536.jpg 864w, https:\/\/www.radiopiu.net\/wordpress\/wp-content\/uploads\/2022\/01\/06f8149a-ca59-4add-bb37-823d82f6ac9c.jpg 1080w\" sizes=\"auto, (max-width: 120px) 100vw, 120px\" \/><\/a><strong>SEDICO<\/strong> Per\u00a0 65 anni hanno conservato il ricordo ma sabato sera si sono ritrovati davanti alle telecamere di &#8220;C&#8217;\u00e8 posta per te&#8221;. Clara, la ragazza di Formegan di Santa Giustina rimasta orfana di madre e con cinque fratelli pi\u00f9 piccoli a cui badare. E Guido, l&#8217;artigliere alpino di Castelfranco Emilia comandato a Formegan a fare il piantone seggi per le elezioni amministrative del maggio 1956.<\/div>\n<div class=\"articlePlainText\">Maria De Filippi e la sua trasmissione del sabato sera su Canale 5 li ha fatti incontrare. Clara oggi ha 87 anni\u00a0 ed abita\u00a0 a Sedico, si \u00e8 sposata, ha avuto tre figli ed \u00e8 rimasta vedova. Aveva 21 anni in quella primavera del &#8217;56 quando incontr\u00f2 l&#8217;alpino che diventer\u00e0 il ricordo di una vita.\u00a0 <em>\u00abAndavo a fare la spesa e quell&#8217;alpino mi guardava. I militari rimasero l\u00ec al seggio di Formegan tre giorni, e lui chiese all&#8217;amica con cui mi vedeva parlare se poteva parlarmi o scrivermi, perch\u00e9 aveva provato a prima vista simpatia per me\u00bb<\/em>, racconta Clara che\u00a0 quell&#8217;alpino emiliano non l&#8217;ha mai dimenticato. Sabato sera, emozioni, baci, abbracci&#8230;mica poco in tempi di covid.<\/div>\n","protected":false},"excerpt":{"rendered":"<p>SEDICO Per\u00a0 65 anni hanno conservato il ricordo ma sabato sera si sono ritrovati davanti alle telecamere di &#8220;C&#8217;\u00e8 posta per te&#8221;. Clara, la ragazza di Formegan di Santa Giustina rimasta orfana di madre e con cinque fratelli pi\u00f9 piccoli a cui badare. E Guido, l&#8217;artigliere alpino di Castelfranco Emilia comandato a Formegan a fare&hellip;<\/p>\n","protected":false},"author":4,"featured_media":254552,"comment_status":"closed","ping_status":"open","sticky":false,"template":"","format":"standard","meta":{"_monsterinsights_skip_tracking":false,"_monsterinsights_sitenote_active":false,"_monsterinsights_sitenote_note":"","_monsterinsights_sitenote_category":0,"footnotes":""},"categories":[51,49],"tags":[],"class_list":["post-254548","post","type-post","status-publish","format-standard","has-post-thumbnail","hentry","category-evidenza-top","category-news-18","category-51","category-49","description-off"],"img_url":"https:\/\/www.radiopiu.net\/wordpress\/wp-content\/uploads\/2022\/01\/4b8a2fd2-b8dc-4f6c-b351-c6cb4ed8c0c4-1.jpg","_links":{"self":[{"href":"https:\/\/www.radiopiu.net\/wordpress\/wp-json\/wp\/v2\/posts\/254548","targetHints":{"allow":["GET"]}}],"collection":[{"href":"https:\/\/www.radiopiu.net\/wordpress\/wp-json\/wp\/v2\/posts"}],"about":[{"href":"https:\/\/www.radiopiu.net\/wordpress\/wp-json\/wp\/v2\/types\/post"}],"author":[{"embeddable":true,"href":"https:\/\/www.radiopiu.net\/wordpress\/wp-json\/wp\/v2\/users\/4"}],"replies":[{"embeddable":true,"href":"https:\/\/www.radiopiu.net\/wordpress\/wp-json\/wp\/v2\/comments?post=254548"}],"version-history":[{"count":0,"href":"https:\/\/www.radiopiu.net\/wordpress\/wp-json\/wp\/v2\/posts\/254548\/revisions"}],"wp:featuredmedia":[{"embeddable":true,"href":"https:\/\/www.radiopiu.net\/wordpress\/wp-json\/wp\/v2\/media\/254552"}],"wp:attachment":[{"href":"https:\/\/www.radiopiu.net\/wordpress\/wp-json\/wp\/v2\/media?parent=254548"}],"wp:term":[{"taxonomy":"category","embeddable":true,"href":"https:\/\/www.radiopiu.net\/wordpress\/wp-json\/wp\/v2\/categories?post=254548"},{"taxonomy":"post_tag","embeddable":true,"href":"https:\/\/www.radiopiu.net\/wordpress\/wp-json\/wp\/v2\/tags?post=254548"}],"curies":[{"name":"wp","href":"https:\/\/api.w.org\/{rel}","templated":true}]}}