{"id":254602,"date":"2022-01-17T12:25:34","date_gmt":"2022-01-17T11:25:34","guid":{"rendered":"https:\/\/www.radiopiu.net\/wordpress\/?p=254602"},"modified":"2022-01-17T13:56:14","modified_gmt":"2022-01-17T12:56:14","slug":"emergenza-covid-19-il-punto-stampa-del-presidente-del-veneto-luca-zaia","status":"publish","type":"post","link":"https:\/\/www.radiopiu.net\/wordpress\/emergenza-covid-19-il-punto-stampa-del-presidente-del-veneto-luca-zaia\/","title":{"rendered":"la settimana cruciale EMERGENZA COVID-19: IL PUNTO STAMPA DEL PRESIDENTE DEL VENETO LUCA ZAIA"},"content":{"rendered":"<h3><span style=\"color: #ff0000;\">aggiornamento in tempo reale ricaricando la pagina<\/span><\/h3>\n<p><strong>VENEZIA<\/strong>\u00a0 Punto stampa da Marghera con il Presidente Luca Zaia<\/p>\n<p>&nbsp;<\/p>\n<p><strong>TAMPONI <\/strong>superati gli 8 milioni di tamponi molecolari,\u00a0 15 milioni di rapidi\u00a0 <strong>\u00a0NUOVI POSITIVI <\/strong>6381 (50.302 test domenicali)\u00a0<strong> POSITIVI ATTUALI\u00a0<\/strong>\u00a0\u00a0<strong> 256274\u00a0 POSITIVI DA INIZIO EPIDEMIA 887888<\/strong>\u00a0<strong>\u00a0 \u00a0INCIDENZA <\/strong>\u00a012,69% <strong>\u00a0 RICOVERI TOTALI\u00a0 \u00a01971<\/strong> (+38)<strong>\u00a0 RICOVERI IN AREA NON CRITICA\u00a0<\/strong> 1766 (+31)<strong>\u00a0 \u00a0RICOVERI IN TERAPIA INTENSIVA <\/strong>205\u00a0(+7) <strong>TERAPIA INTENSIVA EXTRA COVID<\/strong> 270 <strong>\u00a0<\/strong>\u00a0<strong>DECESSI <\/strong>\u00a012 753(+28)<\/p>\n<p>&nbsp;<\/p>\n<blockquote>\n<h3>LEGGI LA CONFERENZA STAMPA DI LUCA ZAIA Ospiti di oggi la professoressa Francesca Russo e il professor Vincenzo Baldo, autore di uno studio su virus e contagi.<\/h3>\n<p><em>L&#8217;assessore Lanzarin e il dottor Flor, entrambi positivi. Siamo sul crinale, la settimana \u00e8 cruciale o il precipizio o se la sfanghiamo. <\/em>Non possiamo pensare di mandare in isolamento met\u00e0 Veneto, le aziende non sarebbero in grado di proseguire.<\/p><\/blockquote>\n<p><strong>VERSO IL PLATEAU<\/strong> E&#8217; innegabile che da qualche giorno, toccando ferro, sembra ci sia un fase di plateau, che la curva si si raffreddata ed appiattita dopo le continue piccole riseghe (risalite). Questa \u00e8 la settimana cruciale, abbiamo un dato nella sua negativit\u00e0 positivo, da una decina di giorni siamo attorno alle 200 unit\u00e0 in terapia intensiva, un segnale importante che ci dice che il vaccino ha fatto il suo lavoro. <strong>POST FESTE<\/strong> Abbiamo scontato i bagordi delle feste di Natale. Il paziente che entra oggi \u00e8 distante sia della feste di Natale che dall&#8217;ultimo dell&#8217;anno. Potrebbe essere la settimana del giro di boa, oppure vedremo scenari ancora non raffreddati 25% di occupazione in area non crtitica (-5% per il passaggio in arancione ) terapia intensive al 20% cioe&#8217; al confine con la zona arancione (venerdi al 18.3%) Rt 1,31 Incidenza 2403 su 100 mila. <strong>VACCINAZIONE<\/strong> eseguite 2.330.000 terze dosi entro met\u00e0 febbraio in Veneto sar\u00e0 raggiunto il\u00a0 90% dei vaccinati ad oggi sono 88%,\u00a0 5-11 27% (uno su tre), funzionano gli open day del fine settimana e continueremo a farli. <strong>POSITIVI\u00a0<\/strong> L&#8217;assessore veneto alla sanit\u00e0, Manuela Lanzarin, e il direttore regionale, Luciano Flor, sono positivi. Sono asintomatici vaccinati con terze dosi. Mi hanno pregato di comunicarlo, e sono in buone condizioni. <strong>FORSE A BREVE<\/strong> il ministro della Salute Roberto Speranza far\u00e0 una riunione urgente su diverse questioni come identificazione di caso, rivedere il colore delle zone e semplificare, tampone a fine isolamento in farmacia e con l&#8217;autotest. <strong>ASINTOMATICI<\/strong> Abbiamo fatto proposte per la modifica della definizione di &#8216;caso&#8217;, come dice l&#8217;Ecdc, per l&#8217;utilizzo dei fai-da-te, avendo pi\u00f9 fiducia nei cittadini, e quella dei tamponi a fine quarantena, da fare in farmacia o dal dottore, per la modifica del colore delle zone.<\/p>\n<p>Il professor\u00a0Vicenzo Baldo, del dipartimento di medicina molecolare dell&#8217;Universit\u00e0 di Padova sullo studio con l&#8217;obiettivo di verificare l&#8217;efficacia sul campo di quanto successo durante la pandemia, 2.270.000\u00a0 persone coinvolte. E per ogni soggetto studiata la\u00a0 durata della positivit\u00e0, l&#8217;ospedalizzazione, quanto \u00e8 durata la degenza e i casi di mortalit\u00e0. <strong>NUMERI\u00a0<\/strong> Incidenza del 4,9% ogni 100mila abitanti nei non vaccinati e dello 0,6% tra i vaccinati. Negli ospedali 2,9% ogni 100mila abitanti per i non vaccinati e 0,3% per chi \u00e8 vaccinato. La mortalit\u00e0 \u00e8 dello 0,7% per i non vaccinati e dello 0,06% per i vaccinati. Il vaccinato si negativizza 6 giorni prima e se finisce in ospedale viene dimesso 5 giorni prima del non vaccinato. Per l&#8217;Azienda sanitaria un risparmio di 36 milioni.<\/p>\n<p><strong>Dottoressa Francesca Russo e la quarantena<\/strong> . Abbiamo chiesto al governo una semplificazione perch\u00e9 le condizioni sono cambiate. C&#8217;\u00e8 stato un intersecazione di indicazioni e decreti che ha creato delle incongruenze che ci stanno complicando la gestione con riferimento alla scuola. Alcune regole possono e devono essere cambiate.<\/p>\n<p>&nbsp;<\/p>\n<p>&nbsp;<\/p>\n<p>https:\/\/www.facebook.com\/zaiaufficiale\/videos\/692534685489294<\/p>\n<p>&nbsp;<\/p>\n","protected":false},"excerpt":{"rendered":"<p>aggiornamento in tempo reale ricaricando la pagina VENEZIA\u00a0 Punto stampa da Marghera con il Presidente Luca Zaia &nbsp; TAMPONI superati gli 8 milioni di tamponi molecolari,\u00a0 15 milioni di rapidi\u00a0 \u00a0NUOVI POSITIVI 6381 (50.302 test domenicali)\u00a0 POSITIVI ATTUALI\u00a0\u00a0\u00a0 256274\u00a0 POSITIVI DA INIZIO EPIDEMIA 887888\u00a0\u00a0 \u00a0INCIDENZA \u00a012,69% \u00a0 RICOVERI TOTALI\u00a0 \u00a01971 (+38)\u00a0 RICOVERI IN AREA NON&hellip;<\/p>\n","protected":false},"author":4,"featured_media":178309,"comment_status":"closed","ping_status":"open","sticky":false,"template":"","format":"standard","meta":{"_monsterinsights_skip_tracking":false,"_monsterinsights_sitenote_active":false,"_monsterinsights_sitenote_note":"","_monsterinsights_sitenote_category":0,"footnotes":""},"categories":[51,49],"tags":[],"class_list":["post-254602","post","type-post","status-publish","format-standard","has-post-thumbnail","hentry","category-evidenza-top","category-news-18","category-51","category-49","description-off"],"img_url":"https:\/\/www.radiopiu.net\/wordpress\/wp-content\/uploads\/2020\/12\/ZAIA-CONF-STAMPA.png","_links":{"self":[{"href":"https:\/\/www.radiopiu.net\/wordpress\/wp-json\/wp\/v2\/posts\/254602","targetHints":{"allow":["GET"]}}],"collection":[{"href":"https:\/\/www.radiopiu.net\/wordpress\/wp-json\/wp\/v2\/posts"}],"about":[{"href":"https:\/\/www.radiopiu.net\/wordpress\/wp-json\/wp\/v2\/types\/post"}],"author":[{"embeddable":true,"href":"https:\/\/www.radiopiu.net\/wordpress\/wp-json\/wp\/v2\/users\/4"}],"replies":[{"embeddable":true,"href":"https:\/\/www.radiopiu.net\/wordpress\/wp-json\/wp\/v2\/comments?post=254602"}],"version-history":[{"count":0,"href":"https:\/\/www.radiopiu.net\/wordpress\/wp-json\/wp\/v2\/posts\/254602\/revisions"}],"wp:featuredmedia":[{"embeddable":true,"href":"https:\/\/www.radiopiu.net\/wordpress\/wp-json\/wp\/v2\/media\/178309"}],"wp:attachment":[{"href":"https:\/\/www.radiopiu.net\/wordpress\/wp-json\/wp\/v2\/media?parent=254602"}],"wp:term":[{"taxonomy":"category","embeddable":true,"href":"https:\/\/www.radiopiu.net\/wordpress\/wp-json\/wp\/v2\/categories?post=254602"},{"taxonomy":"post_tag","embeddable":true,"href":"https:\/\/www.radiopiu.net\/wordpress\/wp-json\/wp\/v2\/tags?post=254602"}],"curies":[{"name":"wp","href":"https:\/\/api.w.org\/{rel}","templated":true}]}}