{"id":254653,"date":"2022-01-17T12:39:28","date_gmt":"2022-01-17T11:39:28","guid":{"rendered":"https:\/\/www.radiopiu.net\/wordpress\/?p=254653"},"modified":"2022-01-17T12:39:28","modified_gmt":"2022-01-17T11:39:28","slug":"prealpi-escluse-dal-pnrr-belluno-alpina-dopo-la-rigenerazione-urbana-niente-fondi-neanche-per-i-borghi","status":"publish","type":"post","link":"https:\/\/www.radiopiu.net\/wordpress\/prealpi-escluse-dal-pnrr-belluno-alpina-dopo-la-rigenerazione-urbana-niente-fondi-neanche-per-i-borghi\/","title":{"rendered":"\u201cPREALPI ESCLUSE DAL PNRR\u201d BELLUNO ALPINA: DOPO LA RIGENERAZIONE URBANA, NIENTE FONDI NEANCHE PER I BORGHI"},"content":{"rendered":"<p><strong><a href=\"https:\/\/www.radiopiu.net\/wordpress\/giornale-radiopiu-20-gennaio-2021-direttore-mirko-mezzacasa\/belluno-alpina\/\" rel=\"attachment wp-att-185689\"><img loading=\"lazy\" decoding=\"async\" class=\"size-medium wp-image-185689 alignleft\" src=\"https:\/\/www.radiopiu.net\/wordpress\/wp-content\/uploads\/2021\/01\/BELLUNO-ALPINA-300x274.jpg\" alt=\"\" width=\"300\" height=\"274\" srcset=\"https:\/\/www.radiopiu.net\/wordpress\/wp-content\/uploads\/2021\/01\/BELLUNO-ALPINA-300x274.jpg 300w, https:\/\/www.radiopiu.net\/wordpress\/wp-content\/uploads\/2021\/01\/BELLUNO-ALPINA.jpg 588w\" sizes=\"auto, (max-width: 300px) 100vw, 300px\" \/><\/a>BELLUNO <\/strong>\u201c<em>C&#8217;\u00e8 una chiara volont\u00e0 politica nazionale di penalizzare la montagna: dopo la bocciatura della rigenerazione urbana 2, in attesa che le promesse di finanziamento di tutti i progetti diventino realt\u00e0, c&#8217;\u00e8 anche la beffa del bando borghi, che sarebbe perfetto per le nostre realt\u00e0 del comprensorio e che per\u00f2 \u00e8 limitato ai comuni con meno di 5mila abitanti. Siamo la periferia della periferia, ma a Roma non interessa: senza risorse e senza servizi, senza un pulmino per i pochi bimbi, senza la messa in sicurezza di strade a dir poco rovinate e pericolose, da qui la gente se ne andr\u00e0 tutta<\/em>\u201d: continua la protesta dell&#8217;associazione Belluno Alpina e del suo presidente Gimmy Dal Farra contro le strategie del governo nazionale che continuano a penalizzare i territori montani in tutta la fascia che si affaccia sulla Valbelluna. \u201c<em>In questi anni, abbiamo proposto e portato avanti numerose idee e progettazioni con solide basi anche di gestione, dal museo dello sci \u2013 che vorremmo vedere all&#8217;ingresso del piazzale del Nevegal, dove c&#8217;era l&#8217;ex hotel San Martino demolito oltre 10 anni fa con la prospettiva di ricavarne un uso sociale &#8211; al laghetto, dall&#8217;indispensabile consorzio forestale alla viabilit\u00e0 di collegamento tra Belluno e Limana dal Nevegal a Valmorel e il valico verso Treviso attraverso Pian delle Femene, fino ai percorsi turistici e alle infrastrutture per la cura e pulizia del bosco. I residenti delle Prealpi sanno cosa serve per mantenere la gente a vivere nel posto e per attrarre visitatori: non sono certo progetti da decine di milioni di euro, ma sono piccoli interventi fondamentali per contrastare lo spopolamento che sono semplicemente esigenze dei residenti montani. Tra competenze e crisi di risorse, non possono certo risolvere tutto i comuni o la Regione, ma se lo Stato propone dei bandi che in continuazione tagliano fuori queste realt\u00e0 lo sconforto \u00e8 grande\u201d, continua Dal Farra. \u201cQuale \u00e8 la colpa dei residenti di Ronce, o di Valmorel, o di Sant&#8217;Antonio Tortal, o di Quantin, Signa o Stabie? Quella di voler vivere e lavorare nelle Prealpi? Quella di risiedere, nel caso di Belluno, in un comune dove fortunatamente non c&#8217;\u00e8 disagio sociale? Quella di credere alle potenzialit\u00e0 ambientali immense di questo territorio e continuare a mantenere vivo un territorio e a volerlo veder crescere nonostante tutte le norme e le difficolt\u00e0? Di non vivere in un comune di confine, e quindi di non poter vedere nemmeno quelle risorse? Non c&#8217;\u00e8 interesse nazionale per la tutela della montagna, questa \u00e8 la verit\u00e0<\/em>\u201d. Dal Farra ha ben chiare le necessit\u00e0 delle aree prealpine: \u201c<em>Serve che gli esperti che studiano la montagna si confrontino con le famiglie che qua vivono; non abbiamo bisogno di progetti calati dall&#8217;alto, ma di idee raccolte tra la popolazione. Poi serve agevolare i finanziamenti dei progetti sopra i 600 metri di quota: \u00e8 in questa fascia che i comuni e gli altri enti sono in difficolt\u00e0 nella gestione del territorio, da qui in su che tutto diventa difficile. Non possiamo pi\u00f9 ricevere come risposta &#8220;stiamo lavorando&#8221;, abbiamo bisogno che da Roma ci dicano &#8220;ecco i fondi, potete partire con i progetti che vi servono<\/em>&#8220;.<\/p>\n","protected":false},"excerpt":{"rendered":"<p>BELLUNO \u201cC&#8217;\u00e8 una chiara volont\u00e0 politica nazionale di penalizzare la montagna: dopo la bocciatura della rigenerazione urbana 2, in attesa che le promesse di finanziamento di tutti i progetti diventino realt\u00e0, c&#8217;\u00e8 anche la beffa del bando borghi, che sarebbe perfetto per le nostre realt\u00e0 del comprensorio e che per\u00f2 \u00e8 limitato ai comuni con&hellip;<\/p>\n","protected":false},"author":4,"featured_media":185689,"comment_status":"closed","ping_status":"open","sticky":false,"template":"","format":"standard","meta":{"_monsterinsights_skip_tracking":false,"_monsterinsights_sitenote_active":false,"_monsterinsights_sitenote_note":"","_monsterinsights_sitenote_category":0,"footnotes":""},"categories":[49],"tags":[],"class_list":["post-254653","post","type-post","status-publish","format-standard","has-post-thumbnail","hentry","category-news-18","category-49","description-off"],"img_url":"https:\/\/www.radiopiu.net\/wordpress\/wp-content\/uploads\/2021\/01\/BELLUNO-ALPINA.jpg","_links":{"self":[{"href":"https:\/\/www.radiopiu.net\/wordpress\/wp-json\/wp\/v2\/posts\/254653","targetHints":{"allow":["GET"]}}],"collection":[{"href":"https:\/\/www.radiopiu.net\/wordpress\/wp-json\/wp\/v2\/posts"}],"about":[{"href":"https:\/\/www.radiopiu.net\/wordpress\/wp-json\/wp\/v2\/types\/post"}],"author":[{"embeddable":true,"href":"https:\/\/www.radiopiu.net\/wordpress\/wp-json\/wp\/v2\/users\/4"}],"replies":[{"embeddable":true,"href":"https:\/\/www.radiopiu.net\/wordpress\/wp-json\/wp\/v2\/comments?post=254653"}],"version-history":[{"count":0,"href":"https:\/\/www.radiopiu.net\/wordpress\/wp-json\/wp\/v2\/posts\/254653\/revisions"}],"wp:featuredmedia":[{"embeddable":true,"href":"https:\/\/www.radiopiu.net\/wordpress\/wp-json\/wp\/v2\/media\/185689"}],"wp:attachment":[{"href":"https:\/\/www.radiopiu.net\/wordpress\/wp-json\/wp\/v2\/media?parent=254653"}],"wp:term":[{"taxonomy":"category","embeddable":true,"href":"https:\/\/www.radiopiu.net\/wordpress\/wp-json\/wp\/v2\/categories?post=254653"},{"taxonomy":"post_tag","embeddable":true,"href":"https:\/\/www.radiopiu.net\/wordpress\/wp-json\/wp\/v2\/tags?post=254653"}],"curies":[{"name":"wp","href":"https:\/\/api.w.org\/{rel}","templated":true}]}}