{"id":254677,"date":"2022-01-17T14:12:54","date_gmt":"2022-01-17T13:12:54","guid":{"rendered":"https:\/\/www.radiopiu.net\/wordpress\/?p=254677"},"modified":"2022-01-17T14:51:17","modified_gmt":"2022-01-17T13:51:17","slug":"in-sindaco-di-sappada-contesta-i-dati-istituzionali-e-invita-allosservanza-delle-regole","status":"publish","type":"post","link":"https:\/\/www.radiopiu.net\/wordpress\/in-sindaco-di-sappada-contesta-i-dati-istituzionali-e-invita-allosservanza-delle-regole\/","title":{"rendered":"IN SINDACO DI SAPPADA CONTESTA I DATI ISTITUZIONALI E INVITA ALL&#8217;OSSERVANZA DELLE REGOLE"},"content":{"rendered":"<p><strong><a href=\"https:\/\/www.radiopiu.net\/wordpress\/in-sindaco-di-sappada-contesta-i-dati-istituzionali-e-invita-allosservanza-delle-regole\/manuel-piller-hoffer-1981-2\/\" rel=\"attachment wp-att-254679\"><img loading=\"lazy\" decoding=\"async\" class=\"size-full wp-image-254679 alignleft\" src=\"https:\/\/www.radiopiu.net\/wordpress\/wp-content\/uploads\/2022\/01\/manuel-piller-hoffer-1981-1.jpg\" alt=\"\" width=\"100\" height=\"100\" \/><\/a>SAPPADA\u00a0<\/strong> Il sindaco della gi\u00e0 bellunese localit\u00e0, comunque al confine con la provincia, ha inviato un messaggio a cittadini ed ospiti che contesta i dati resi noti quotidianamente.<\/p>\n<p><em>&#8220;Non lasciatevi forviare dai dati presenti sui siti istituzionali &#8211; scrive il primo cittadino &#8211; da questi risultano solo 8 positivit\u00e0 a Sappada, ma la situazione reale a quanto apprendo da informazioni indirette, mi pare assai pi\u00f9 seria. Probabilmente i dati ufficiali soffrono dell&#8217;oggettiva difficolt\u00e0 di tracciamento a fronte di una mole enorme di tamponi eseguiti&#8221;. <\/em><\/p>\n<p>Per questo il primo cittadino richiama alla prudenza e all&#8217;osservanza delle regole di prevenzione governative, in particolare mascherina anche all&#8217;aperto e distanziamento . <em>&#8220;Invito inoltre &#8211; conclude il sindaco &#8211; tutti gli esercenti ad un rigoroso controllo del green pass anche per un&#8217;immagine di seriet\u00e0 e responsabilit\u00e0 del paese, a tutela della salute di residenti ed ospiti&#8221;.<\/em><\/p>\n<p>&nbsp;<\/p>\n<p>&nbsp;<\/p>\n<p>***<\/p>\n","protected":false},"excerpt":{"rendered":"<p>SAPPADA\u00a0 Il sindaco della gi\u00e0 bellunese localit\u00e0, comunque al confine con la provincia, ha inviato un messaggio a cittadini ed ospiti che contesta i dati resi noti quotidianamente. &#8220;Non lasciatevi forviare dai dati presenti sui siti istituzionali &#8211; scrive il primo cittadino &#8211; da questi risultano solo 8 positivit\u00e0 a Sappada, ma la situazione reale&hellip;<\/p>\n","protected":false},"author":4,"featured_media":254680,"comment_status":"closed","ping_status":"open","sticky":false,"template":"","format":"standard","meta":{"_monsterinsights_skip_tracking":false,"_monsterinsights_sitenote_active":false,"_monsterinsights_sitenote_note":"","_monsterinsights_sitenote_category":0,"footnotes":""},"categories":[51,49],"tags":[],"class_list":["post-254677","post","type-post","status-publish","format-standard","has-post-thumbnail","hentry","category-evidenza-top","category-news-18","category-51","category-49","description-off"],"img_url":"https:\/\/www.radiopiu.net\/wordpress\/wp-content\/uploads\/2022\/01\/271261498_10226416368425804_4409642914343686373_n.jpg","_links":{"self":[{"href":"https:\/\/www.radiopiu.net\/wordpress\/wp-json\/wp\/v2\/posts\/254677","targetHints":{"allow":["GET"]}}],"collection":[{"href":"https:\/\/www.radiopiu.net\/wordpress\/wp-json\/wp\/v2\/posts"}],"about":[{"href":"https:\/\/www.radiopiu.net\/wordpress\/wp-json\/wp\/v2\/types\/post"}],"author":[{"embeddable":true,"href":"https:\/\/www.radiopiu.net\/wordpress\/wp-json\/wp\/v2\/users\/4"}],"replies":[{"embeddable":true,"href":"https:\/\/www.radiopiu.net\/wordpress\/wp-json\/wp\/v2\/comments?post=254677"}],"version-history":[{"count":0,"href":"https:\/\/www.radiopiu.net\/wordpress\/wp-json\/wp\/v2\/posts\/254677\/revisions"}],"wp:featuredmedia":[{"embeddable":true,"href":"https:\/\/www.radiopiu.net\/wordpress\/wp-json\/wp\/v2\/media\/254680"}],"wp:attachment":[{"href":"https:\/\/www.radiopiu.net\/wordpress\/wp-json\/wp\/v2\/media?parent=254677"}],"wp:term":[{"taxonomy":"category","embeddable":true,"href":"https:\/\/www.radiopiu.net\/wordpress\/wp-json\/wp\/v2\/categories?post=254677"},{"taxonomy":"post_tag","embeddable":true,"href":"https:\/\/www.radiopiu.net\/wordpress\/wp-json\/wp\/v2\/tags?post=254677"}],"curies":[{"name":"wp","href":"https:\/\/api.w.org\/{rel}","templated":true}]}}