{"id":254746,"date":"2022-01-17T18:04:46","date_gmt":"2022-01-17T17:04:46","guid":{"rendered":"https:\/\/www.radiopiu.net\/wordpress\/?p=254746"},"modified":"2022-01-17T18:05:44","modified_gmt":"2022-01-17T17:05:44","slug":"254746-2","status":"publish","type":"post","link":"https:\/\/www.radiopiu.net\/wordpress\/254746-2\/","title":{"rendered":"SCONTRO IN PISTA, SOCCORSO UN TEDESCO SULLA VITELLI ALTA"},"content":{"rendered":"<p><strong><a href=\"https:\/\/www.radiopiu.net\/wordpress\/254746-2\/f949d349-bf57-4602-9374-7768cc3defec\/\" rel=\"attachment wp-att-254747\"><img loading=\"lazy\" decoding=\"async\" class=\" wp-image-254747 alignleft\" src=\"https:\/\/www.radiopiu.net\/wordpress\/wp-content\/uploads\/2022\/01\/f949d349-bf57-4602-9374-7768cc3defec-300x225.jpg\" alt=\"\" width=\"252\" height=\"189\" srcset=\"https:\/\/www.radiopiu.net\/wordpress\/wp-content\/uploads\/2022\/01\/f949d349-bf57-4602-9374-7768cc3defec-300x225.jpg 300w, https:\/\/www.radiopiu.net\/wordpress\/wp-content\/uploads\/2022\/01\/f949d349-bf57-4602-9374-7768cc3defec-768x576.jpg 768w, https:\/\/www.radiopiu.net\/wordpress\/wp-content\/uploads\/2022\/01\/f949d349-bf57-4602-9374-7768cc3defec.jpg 1024w\" sizes=\"auto, (max-width: 252px) 100vw, 252px\" \/><\/a>CORTINA<\/strong> Intervento dei Carabinieri sugli sci nel pomeriggio di oggi a 2300 metri di altezza, nel comprensorio del Faloria lungo la pista &#8220;VItelli Alta&#8221;.<\/p>\n<p>Gli uomini dell&#8217;Arma, squadra Soccorso Alpino, hanno prestato soccorso &#8211; unitamente al personale 118 di Pieve di Cadore &#8211; a un cittadino tedesco di 65 anni.<\/p>\n<p>Per cause da accertare l&#8217;uomo si \u00e8 scontrato con un secondo sciatore riportando un trauma cranico, Soccorso \u00e8 stato trasportato all&#8217;ospedale di Belluno dove attualmente \u00e8 in osservazione, non \u00e8 in pericolo di vita.<\/p>\n<p>&nbsp;<\/p>\n<p>&nbsp;<\/p>\n<p>****<\/p>\n","protected":false},"excerpt":{"rendered":"<p>CORTINA Intervento dei Carabinieri sugli sci nel pomeriggio di oggi a 2300 metri di altezza, nel comprensorio del Faloria lungo la pista &#8220;VItelli Alta&#8221;. Gli uomini dell&#8217;Arma, squadra Soccorso Alpino, hanno prestato soccorso &#8211; unitamente al personale 118 di Pieve di Cadore &#8211; a un cittadino tedesco di 65 anni. Per cause da accertare l&#8217;uomo&hellip;<\/p>\n","protected":false},"author":4,"featured_media":254747,"comment_status":"closed","ping_status":"open","sticky":false,"template":"","format":"standard","meta":{"_monsterinsights_skip_tracking":false,"_monsterinsights_sitenote_active":false,"_monsterinsights_sitenote_note":"","_monsterinsights_sitenote_category":0,"footnotes":""},"categories":[51,49],"tags":[],"class_list":["post-254746","post","type-post","status-publish","format-standard","has-post-thumbnail","hentry","category-evidenza-top","category-news-18","category-51","category-49","description-off"],"img_url":"https:\/\/www.radiopiu.net\/wordpress\/wp-content\/uploads\/2022\/01\/f949d349-bf57-4602-9374-7768cc3defec.jpg","_links":{"self":[{"href":"https:\/\/www.radiopiu.net\/wordpress\/wp-json\/wp\/v2\/posts\/254746","targetHints":{"allow":["GET"]}}],"collection":[{"href":"https:\/\/www.radiopiu.net\/wordpress\/wp-json\/wp\/v2\/posts"}],"about":[{"href":"https:\/\/www.radiopiu.net\/wordpress\/wp-json\/wp\/v2\/types\/post"}],"author":[{"embeddable":true,"href":"https:\/\/www.radiopiu.net\/wordpress\/wp-json\/wp\/v2\/users\/4"}],"replies":[{"embeddable":true,"href":"https:\/\/www.radiopiu.net\/wordpress\/wp-json\/wp\/v2\/comments?post=254746"}],"version-history":[{"count":0,"href":"https:\/\/www.radiopiu.net\/wordpress\/wp-json\/wp\/v2\/posts\/254746\/revisions"}],"wp:featuredmedia":[{"embeddable":true,"href":"https:\/\/www.radiopiu.net\/wordpress\/wp-json\/wp\/v2\/media\/254747"}],"wp:attachment":[{"href":"https:\/\/www.radiopiu.net\/wordpress\/wp-json\/wp\/v2\/media?parent=254746"}],"wp:term":[{"taxonomy":"category","embeddable":true,"href":"https:\/\/www.radiopiu.net\/wordpress\/wp-json\/wp\/v2\/categories?post=254746"},{"taxonomy":"post_tag","embeddable":true,"href":"https:\/\/www.radiopiu.net\/wordpress\/wp-json\/wp\/v2\/tags?post=254746"}],"curies":[{"name":"wp","href":"https:\/\/api.w.org\/{rel}","templated":true}]}}