{"id":254755,"date":"2022-01-17T19:32:12","date_gmt":"2022-01-17T18:32:12","guid":{"rendered":"https:\/\/www.radiopiu.net\/wordpress\/?p=254755"},"modified":"2022-01-17T19:39:25","modified_gmt":"2022-01-17T18:39:25","slug":"indice-di-incidenza-1981-in-aumento-ma-inferiore-al-dato-nazionale","status":"publish","type":"post","link":"https:\/\/www.radiopiu.net\/wordpress\/indice-di-incidenza-1981-in-aumento-ma-inferiore-al-dato-nazionale\/","title":{"rendered":"INDICE DI INCIDENZA 1981 IN AUMENTO MA INFERIORE AL DATO NAZIONALE"},"content":{"rendered":"<p><strong>BELLUNO<\/strong> Ulteriore incremento delle nuove positivit\u00e0 registrate in quella che si definisce \u201cquarta ondata\u201d., i nuovi casi rilevati nell\u2019ultima settimana sono 3.954 (+874 rispetto alla scorsa settimana), con un conseguente tasso di incidenza settimanale di 1.981 casi su 100 mila abitanti, in aumento rispetto alla settimana precedente, ma ancora lievemente inferiore all&#8217;incidenza nazionale (2.058 su 100 mila abitanti). Positivi attuali: 7519.<\/p>\n<p>&nbsp;<\/p>\n<p><a href=\"https:\/\/www.radiopiu.net\/wordpress\/indice-di-incidenza-1981-in-aumento-ma-inferiore-al-dato-nazionale\/4bf3a0cb-9f39-4785-a4c8-a702ea95482b\/\" rel=\"attachment wp-att-254757\"><img loading=\"lazy\" decoding=\"async\" class=\"alignnone wp-image-254757 size-large\" src=\"https:\/\/www.radiopiu.net\/wordpress\/wp-content\/uploads\/2022\/01\/4bf3a0cb-9f39-4785-a4c8-a702ea95482b-1024x390.jpg\" alt=\"\" width=\"1024\" height=\"390\" srcset=\"https:\/\/www.radiopiu.net\/wordpress\/wp-content\/uploads\/2022\/01\/4bf3a0cb-9f39-4785-a4c8-a702ea95482b-1024x390.jpg 1024w, https:\/\/www.radiopiu.net\/wordpress\/wp-content\/uploads\/2022\/01\/4bf3a0cb-9f39-4785-a4c8-a702ea95482b-300x114.jpg 300w, https:\/\/www.radiopiu.net\/wordpress\/wp-content\/uploads\/2022\/01\/4bf3a0cb-9f39-4785-a4c8-a702ea95482b-768x293.jpg 768w, https:\/\/www.radiopiu.net\/wordpress\/wp-content\/uploads\/2022\/01\/4bf3a0cb-9f39-4785-a4c8-a702ea95482b-1536x586.jpg 1536w, https:\/\/www.radiopiu.net\/wordpress\/wp-content\/uploads\/2022\/01\/4bf3a0cb-9f39-4785-a4c8-a702ea95482b.jpg 1600w\" sizes=\"auto, (max-width: 1024px) 100vw, 1024px\" \/><\/a><\/p>\n<p>&nbsp;<\/p>\n<p>Nella settimana 10-16 gennaio: Il rapporto tra nuovi positivi vaccinati sulla popolazione vaccinata con terza dose \u00e8 di 4,5 casi su 1.000 abitanti. Il rapporto tra nuovi positivi non vaccinati su popolazione non vaccinata \u00e8 di 28,4 casi su 1000<\/p>\n<blockquote>\n<h3>LA MAPPA DEL CONTAGIO\u00a0 Nell&#8217;ultima settimana nessun Comune \u00e8 bianco, ovvero privo di nuovi contagi. Diminuiscono rispetto a sette giorni i Comuni con oltre 2000 casi ogni 100mila abitanti: Calalzo, Perarolo, Danta e Sospirolo. Nella maggior parte dei Comuni oltre 1000 casi ogni 100 mila abitanti. Meglio a La Valle, Rocca Pietore, Vodo, Cibianam Ospitale e San Nicolo&#8217; con 126 casi ogni 100mila abitanti<\/h3>\n<\/blockquote>\n<p><a href=\"https:\/\/www.radiopiu.net\/wordpress\/indice-di-incidenza-1981-in-aumento-ma-inferiore-al-dato-nazionale\/0394cced-26ad-441d-b8bb-0270116063f8\/\" rel=\"attachment wp-att-254758\"><img loading=\"lazy\" decoding=\"async\" class=\"alignnone wp-image-254758 size-full\" src=\"https:\/\/www.radiopiu.net\/wordpress\/wp-content\/uploads\/2022\/01\/0394cced-26ad-441d-b8bb-0270116063f8.jpg\" alt=\"\" width=\"917\" height=\"936\" srcset=\"https:\/\/www.radiopiu.net\/wordpress\/wp-content\/uploads\/2022\/01\/0394cced-26ad-441d-b8bb-0270116063f8.jpg 917w, https:\/\/www.radiopiu.net\/wordpress\/wp-content\/uploads\/2022\/01\/0394cced-26ad-441d-b8bb-0270116063f8-294x300.jpg 294w, https:\/\/www.radiopiu.net\/wordpress\/wp-content\/uploads\/2022\/01\/0394cced-26ad-441d-b8bb-0270116063f8-768x784.jpg 768w\" sizes=\"auto, (max-width: 917px) 100vw, 917px\" \/><\/a><\/p>\n<p>&nbsp;<\/p>\n<p>&nbsp;<\/p>\n<p><span style=\"color: #000000;\"><span style=\"font-family: Calibri, serif;\"><span style=\"color: #c9211e;\"><span style=\"font-size: medium;\"><b>TERAPIA CON ANTICORPI MONOCLONALI E MOLNUPIRAVIR <\/b><\/span><\/span><\/span><\/span><span style=\"color: #000000;\"><span style=\"font-family: Calibri, serif;\"><span style=\"font-size: medium;\">sono stati somministrati 15<\/span><b> <\/b><span style=\"font-size: medium;\">trattamenti con monoclonali dall\u2019Unit\u00e0 Operativa di Malattie Infettive di Belluno, per un totale di 284 dosi complessive. <\/span><\/span><\/span><span style=\"color: #000000;\"><span style=\"font-family: Calibri, serif;\"><span style=\"font-size: medium;\">Questa settimana sono stati prescritti 3 trattamenti con Molnupiravir, <\/span><\/span><\/span><span style=\"color: #000000;\"><span style=\"font-family: Calibri, serif;\"><span style=\"color: #212529;\"><span style=\"font-size: medium;\">\u00a0farmaco antivirale orale, il cui utilizzo \u00e8 indicato entro 5 giorni dall\u2019insorgenza dei sintomi in pazienti che presentano particolari fattori di rischio tra cui l\u2019obesit\u00e0, la BPCO, l\u2019insufficienza renale cronica, il diabete, etc.\u00a0<\/span><\/span><\/span><\/span><\/p>\n<p><span style=\"color: #000000;\"><span style=\"font-family: Calibri, serif;\"><span style=\"color: #c9211e;\"><span style=\"font-size: medium;\"><b>RICOVERI<\/b><\/span><\/span><\/span><\/span><\/p>\n<p><span style=\"color: #000000;\"><span style=\"font-family: Calibri, serif;\"><span style=\"font-size: medium;\">Sono attualmente ricoverati <\/span><\/span><\/span><\/p>\n<table border=\"1\" width=\"525\" frame=\"HSIDES\" rules=\"GROUPS\" cellspacing=\"0\" cellpadding=\"7\">\n<tbody>\n<tr valign=\"TOP\">\n<td bgcolor=\"#ffffff\" width=\"161\"><span style=\"color: #365f91;\"><b><span style=\"font-size: medium;\">Area <\/span><\/b><\/span><\/td>\n<td bgcolor=\"#ffffff\" width=\"161\">\n<p align=\"CENTER\"><span style=\"color: #365f91;\"><b><span style=\"font-size: medium;\">N totale pazienti ricoverati<\/span><\/b><\/span><\/p>\n<\/td>\n<td width=\"161\">\n<p align=\"CENTER\"><span style=\"color: #365f91;\"><b><span style=\"font-size: medium;\">Di cui motivo del ricovero \u201cno covid\u201d<\/span><\/b><\/span><\/p>\n<\/td>\n<\/tr>\n<\/tbody>\n<tbody>\n<tr valign=\"TOP\">\n<td bgcolor=\"#d3dfee\" width=\"161\"><span style=\"color: #365f91;\"><b><span style=\"font-size: medium;\">Terapia Intensiva <\/span><\/b><\/span><\/td>\n<td bgcolor=\"#ffffff\" width=\"161\">\n<p align=\"CENTER\"><span style=\"color: #365f91;\"><span style=\"font-size: medium;\"><b>6<\/b><\/span><\/span><\/p>\n<\/td>\n<td bgcolor=\"#d3dfee\" width=\"161\"><\/td>\n<\/tr>\n<tr valign=\"TOP\">\n<td bgcolor=\"#ffffff\" width=\"161\"><span style=\"color: #365f91;\"><b><span style=\"font-size: medium;\">Area non critica <\/span><\/b><\/span><\/td>\n<td bgcolor=\"#ffffff\" width=\"161\">\n<p align=\"CENTER\"><span style=\"color: #365f91;\"><span style=\"font-size: medium;\"><b>39<\/b><\/span><\/span><\/p>\n<\/td>\n<td width=\"161\">\n<p align=\"CENTER\"><span style=\"color: #365f91;\"><span style=\"font-size: medium;\"><b>4<\/b><\/span><\/span><\/p>\n<\/td>\n<\/tr>\n<tr valign=\"TOP\">\n<td bgcolor=\"#d3dfee\" width=\"161\"><span style=\"color: #365f91;\"><b><span style=\"font-size: medium;\">Ospedale di Comunit\u00e0 <\/span><\/b><\/span><\/td>\n<td bgcolor=\"#ffffff\" width=\"161\">\n<p align=\"CENTER\"><span style=\"color: #365f91;\"><span style=\"font-size: medium;\"><b>12<\/b><\/span><\/span><\/p>\n<\/td>\n<td bgcolor=\"#d3dfee\" width=\"161\"><\/td>\n<\/tr>\n<\/tbody>\n<\/table>\n<p><span style=\"color: #000000;\"><span style=\"font-family: Calibri, serif;\"><span style=\"font-size: medium;\">Il 100% dei pazienti ricoverati in TERAPIA INTENSIVA \u00e8 NON vaccinato. Il 52% dei pazienti ricoverati in area non critica e ospedale di comunit\u00e0 \u00e8 NON vaccinato.\u00a0<\/span><\/span><\/span><span style=\"color: #000000;\"> <span style=\"font-family: Calibri, serif;\"><span style=\"font-size: medium;\">La maggior parte delle persone ricoverate vaccinate ha ricevuto la seconda dose pi\u00f9 di cinque\/sei mesi fa.<\/span><\/span><\/span><\/p>\n<p><a href=\"https:\/\/www.radiopiu.net\/wordpress\/indice-di-incidenza-1981-in-aumento-ma-inferiore-al-dato-nazionale\/b7a0e55d-654e-4740-bfec-a7020f84ccb9-2\/\" rel=\"attachment wp-att-254760\"><img loading=\"lazy\" decoding=\"async\" class=\"alignnone wp-image-254760 size-full\" src=\"https:\/\/www.radiopiu.net\/wordpress\/wp-content\/uploads\/2022\/01\/b7a0e55d-654e-4740-bfec-a7020f84ccb9-1.jpg\" alt=\"\" width=\"893\" height=\"591\" srcset=\"https:\/\/www.radiopiu.net\/wordpress\/wp-content\/uploads\/2022\/01\/b7a0e55d-654e-4740-bfec-a7020f84ccb9-1.jpg 893w, https:\/\/www.radiopiu.net\/wordpress\/wp-content\/uploads\/2022\/01\/b7a0e55d-654e-4740-bfec-a7020f84ccb9-1-300x199.jpg 300w, https:\/\/www.radiopiu.net\/wordpress\/wp-content\/uploads\/2022\/01\/b7a0e55d-654e-4740-bfec-a7020f84ccb9-1-768x508.jpg 768w\" sizes=\"auto, (max-width: 893px) 100vw, 893px\" \/><\/a><\/p>\n<p>&nbsp;<\/p>\n<p>***<\/p>\n","protected":false},"excerpt":{"rendered":"<p>BELLUNO Ulteriore incremento delle nuove positivit\u00e0 registrate in quella che si definisce \u201cquarta ondata\u201d., i nuovi casi rilevati nell\u2019ultima settimana sono 3.954 (+874 rispetto alla scorsa settimana), con un conseguente tasso di incidenza settimanale di 1.981 casi su 100 mila abitanti, in aumento rispetto alla settimana precedente, ma ancora lievemente inferiore all&#8217;incidenza nazionale (2.058 su&hellip;<\/p>\n","protected":false},"author":4,"featured_media":254759,"comment_status":"closed","ping_status":"open","sticky":false,"template":"","format":"standard","meta":{"_monsterinsights_skip_tracking":false,"_monsterinsights_sitenote_active":false,"_monsterinsights_sitenote_note":"","_monsterinsights_sitenote_category":0,"footnotes":""},"categories":[51,49],"tags":[],"class_list":["post-254755","post","type-post","status-publish","format-standard","has-post-thumbnail","hentry","category-evidenza-top","category-news-18","category-51","category-49","description-off"],"img_url":"https:\/\/www.radiopiu.net\/wordpress\/wp-content\/uploads\/2022\/01\/0394cced-26ad-441d-b8bb-0270116063f8-1.jpg","_links":{"self":[{"href":"https:\/\/www.radiopiu.net\/wordpress\/wp-json\/wp\/v2\/posts\/254755","targetHints":{"allow":["GET"]}}],"collection":[{"href":"https:\/\/www.radiopiu.net\/wordpress\/wp-json\/wp\/v2\/posts"}],"about":[{"href":"https:\/\/www.radiopiu.net\/wordpress\/wp-json\/wp\/v2\/types\/post"}],"author":[{"embeddable":true,"href":"https:\/\/www.radiopiu.net\/wordpress\/wp-json\/wp\/v2\/users\/4"}],"replies":[{"embeddable":true,"href":"https:\/\/www.radiopiu.net\/wordpress\/wp-json\/wp\/v2\/comments?post=254755"}],"version-history":[{"count":0,"href":"https:\/\/www.radiopiu.net\/wordpress\/wp-json\/wp\/v2\/posts\/254755\/revisions"}],"wp:featuredmedia":[{"embeddable":true,"href":"https:\/\/www.radiopiu.net\/wordpress\/wp-json\/wp\/v2\/media\/254759"}],"wp:attachment":[{"href":"https:\/\/www.radiopiu.net\/wordpress\/wp-json\/wp\/v2\/media?parent=254755"}],"wp:term":[{"taxonomy":"category","embeddable":true,"href":"https:\/\/www.radiopiu.net\/wordpress\/wp-json\/wp\/v2\/categories?post=254755"},{"taxonomy":"post_tag","embeddable":true,"href":"https:\/\/www.radiopiu.net\/wordpress\/wp-json\/wp\/v2\/tags?post=254755"}],"curies":[{"name":"wp","href":"https:\/\/api.w.org\/{rel}","templated":true}]}}