{"id":254773,"date":"2022-01-21T05:36:55","date_gmt":"2022-01-21T04:36:55","guid":{"rendered":"https:\/\/www.radiopiu.net\/wordpress\/?p=254773"},"modified":"2022-01-21T05:49:27","modified_gmt":"2022-01-21T04:49:27","slug":"il-trofeo-ski-alp-4-valli-rinviato-al-2023","status":"publish","type":"post","link":"https:\/\/www.radiopiu.net\/wordpress\/il-trofeo-ski-alp-4-valli-rinviato-al-2023\/","title":{"rendered":"IL TROFEO SKI ALP 4 VALLI RINVIATO AL 2023"},"content":{"rendered":"<p>Anche\u00a0 quest&#8217;anno non ci sar\u00e0 il Trofeo Montura Ski Alp 4 Valli. Vista la situazione dei contagi Covid 19 variante Omicron in costante aumento, il Comitato organizzatore,a seguito di varie valutazioni dei rischi connessi all&#8217;organizzazione delle 4 prove previste ha deciso a malincuore di non effettuare il circuito 2022. Tutto era gi\u00e0 predisposto\u00a0, poi l&#8217;impennata del contagio del dopo feste\u00a0 ha portato alla decisione. <a href=\"https:\/\/www.radiopiu.net\/wordpress\/il-trofeo-ski-alp-4-valli-rinviato-al-2023\/download-1164\/\" rel=\"attachment wp-att-254774\"><img loading=\"lazy\" decoding=\"async\" class=\" wp-image-254774 alignleft\" src=\"https:\/\/www.radiopiu.net\/wordpress\/wp-content\/uploads\/2022\/01\/download-2.jpg\" alt=\"\" width=\"230\" height=\"153\" \/><\/a> <em>&#8220;Ricordiamo che siamo tutti volontari, ma la responsabilit\u00e0 di eventuali focolai ricadrebbe automaticamente su di noi e per noi ci\u00f2 \u00e8 motivo di forte preoccupazione che non ci permette di vivere con serenit\u00e0 le 4 prove del circuito. E&#8217; nostro desiderio organizzare le gare quando saremo finalmente sicuri di fare il tutto in sicurezza, per noi, per voi atleti e i nostri collaboratori. Rimandiamo quindi\u00a0 l&#8217;appuntamento del Montura Trofeo 4 Valli al 2023 con la speranza che nel frattempo la situazione si normalizzi e si possa tornare alle tradizionali <\/em><em>serate di sport ed amicizia come in tempi pre-covid&#8221;.<\/em> <strong><br \/>\n<\/strong><\/p>\n<p>&nbsp;<\/p>\n","protected":false},"excerpt":{"rendered":"<p>Anche\u00a0 quest&#8217;anno non ci sar\u00e0 il Trofeo Montura Ski Alp 4 Valli. Vista la situazione dei contagi Covid 19 variante Omicron in costante aumento, il Comitato organizzatore,a seguito di varie valutazioni dei rischi connessi all&#8217;organizzazione delle 4 prove previste ha deciso a malincuore di non effettuare il circuito 2022. Tutto era gi\u00e0 predisposto\u00a0, poi l&#8217;impennata&hellip;<\/p>\n","protected":false},"author":4,"featured_media":254774,"comment_status":"closed","ping_status":"open","sticky":false,"template":"","format":"standard","meta":{"_monsterinsights_skip_tracking":false,"_monsterinsights_sitenote_active":false,"_monsterinsights_sitenote_note":"","_monsterinsights_sitenote_category":0,"footnotes":""},"categories":[104,49],"tags":[],"class_list":["post-254773","post","type-post","status-publish","format-standard","has-post-thumbnail","hentry","category-evidenza_3","category-news-18","category-104","category-49","description-off"],"img_url":"https:\/\/www.radiopiu.net\/wordpress\/wp-content\/uploads\/2022\/01\/download-2.jpg","_links":{"self":[{"href":"https:\/\/www.radiopiu.net\/wordpress\/wp-json\/wp\/v2\/posts\/254773","targetHints":{"allow":["GET"]}}],"collection":[{"href":"https:\/\/www.radiopiu.net\/wordpress\/wp-json\/wp\/v2\/posts"}],"about":[{"href":"https:\/\/www.radiopiu.net\/wordpress\/wp-json\/wp\/v2\/types\/post"}],"author":[{"embeddable":true,"href":"https:\/\/www.radiopiu.net\/wordpress\/wp-json\/wp\/v2\/users\/4"}],"replies":[{"embeddable":true,"href":"https:\/\/www.radiopiu.net\/wordpress\/wp-json\/wp\/v2\/comments?post=254773"}],"version-history":[{"count":0,"href":"https:\/\/www.radiopiu.net\/wordpress\/wp-json\/wp\/v2\/posts\/254773\/revisions"}],"wp:featuredmedia":[{"embeddable":true,"href":"https:\/\/www.radiopiu.net\/wordpress\/wp-json\/wp\/v2\/media\/254774"}],"wp:attachment":[{"href":"https:\/\/www.radiopiu.net\/wordpress\/wp-json\/wp\/v2\/media?parent=254773"}],"wp:term":[{"taxonomy":"category","embeddable":true,"href":"https:\/\/www.radiopiu.net\/wordpress\/wp-json\/wp\/v2\/categories?post=254773"},{"taxonomy":"post_tag","embeddable":true,"href":"https:\/\/www.radiopiu.net\/wordpress\/wp-json\/wp\/v2\/tags?post=254773"}],"curies":[{"name":"wp","href":"https:\/\/api.w.org\/{rel}","templated":true}]}}