{"id":254784,"date":"2022-01-19T05:53:50","date_gmt":"2022-01-19T04:53:50","guid":{"rendered":"https:\/\/www.radiopiu.net\/wordpress\/?p=254784"},"modified":"2022-01-19T12:24:11","modified_gmt":"2022-01-19T11:24:11","slug":"giornale-radiopiu-19-gennaio-2022-direttore-mirko-mezzacasa","status":"publish","type":"post","link":"https:\/\/www.radiopiu.net\/wordpress\/giornale-radiopiu-19-gennaio-2022-direttore-mirko-mezzacasa\/","title":{"rendered":"GIORNALE RADIOPIU 19 GENNAIO 2022 DIRETTORE MIRKO MEZZACASA"},"content":{"rendered":"<h3 class=\"kvgmc6g5 cxmmr5t8 oygrvhab hcukyx3x c1et5uql\"><span style=\"color: #0000ff;\"><strong>INFORMAZIONE il canale su TELEGRAM informazione di prima mano e in tempo reale. iscriviti ed aiutaci a farlo conoscere\u00a0<\/strong><\/span><\/h3>\n<p><strong>\u00a0<\/strong><\/p>\n<p><strong>\u00a0<\/strong><\/p>\n<blockquote><p><strong><a href=\"https:\/\/www.radiopiu.net\/wordpress\/code-interminabili-per-i-tamponi-e-viabilita-bloccata-servirebbero-nuovi-drive-in\/covid_point_paludi\/\" rel=\"attachment wp-att-252465\"><img loading=\"lazy\" decoding=\"async\" class=\"wp-image-252465 alignleft\" src=\"https:\/\/www.radiopiu.net\/wordpress\/wp-content\/uploads\/2022\/01\/Covid_Point_Paludi-300x155.jpg\" alt=\"\" width=\"174\" height=\"90\" srcset=\"https:\/\/www.radiopiu.net\/wordpress\/wp-content\/uploads\/2022\/01\/Covid_Point_Paludi-300x155.jpg 300w, https:\/\/www.radiopiu.net\/wordpress\/wp-content\/uploads\/2022\/01\/Covid_Point_Paludi-1024x528.jpg 1024w, https:\/\/www.radiopiu.net\/wordpress\/wp-content\/uploads\/2022\/01\/Covid_Point_Paludi-768x396.jpg 768w, https:\/\/www.radiopiu.net\/wordpress\/wp-content\/uploads\/2022\/01\/Covid_Point_Paludi.jpg 1417w\" sizes=\"auto, (max-width: 174px) 100vw, 174px\" \/><\/a>Potenziamento offerta tamponi. Il covid point di Paludi sar\u00e0 d\u2019ora in poi attivo tutti i giorni con ampia fascia oraria, anche pomeridiana e serale, su prenotazione dal sito www.aulss1.veneto.it.\u00a0Rimangono attivi i covid point di FELTRE (tutte le mattine domenica esclusa) di Agordo (al mattino del martedi, gioved\u00ec e sabato) e di tai di Cadore (pomeriggio di marted\u00ec gioved\u00ec e sabato), sempre con accesso su prenotazione.<\/strong><\/p>\n<p>&nbsp;<\/p><\/blockquote>\n<p>&nbsp;<\/p>\n<hr \/>\n<p>&nbsp;<\/p>\n<blockquote>\n<h3><em>LA FOTO DEL GIORNO, DEL DOTTOR SPIRIDIONE DELLA LUCIA, ORIGINARIO DI FRASSENE&#8217; AGORDINO, RESIDENTE A BELLUNO, COLONNA DELLA ULSS1 &#8211; OSPEDALE SAN MARTINO\u00a0<\/em><\/h3>\n<h3><span class=\"pq6dq46d tbxw36s4 knj5qynh kvgmc6g5 ditlmg2l oygrvhab nvdbi5me sf5mxxl7 gl3lb2sf hhz5lgdu\"><img loading=\"lazy\" decoding=\"async\" src=\"https:\/\/static.xx.fbcdn.net\/images\/emoji.php\/v9\/tcc\/1\/16\/1f3bc.png\" alt=\"&#x1f3bc;\" width=\"16\" height=\"16\" \/><\/span><span class=\"pq6dq46d tbxw36s4 knj5qynh kvgmc6g5 ditlmg2l oygrvhab nvdbi5me sf5mxxl7 gl3lb2sf hhz5lgdu\"><img loading=\"lazy\" decoding=\"async\" src=\"https:\/\/static.xx.fbcdn.net\/images\/emoji.php\/v9\/t1f\/1\/16\/1f3b6.png\" alt=\"&#x1f3b6;\" width=\"16\" height=\"16\" \/><\/span>SPUNTA LA LUNA DAL MONTE\u2026<\/h3>\n<p><a href=\"https:\/\/www.radiopiu.net\/wordpress\/giornale-radiopiu-19-gennaio-2022-direttore-mirko-mezzacasa\/272088310_10216041333345992_5068246077180797372_n\/\" rel=\"attachment wp-att-254944\"><img loading=\"lazy\" decoding=\"async\" class=\"size-medium wp-image-254944 aligncenter\" src=\"https:\/\/www.radiopiu.net\/wordpress\/wp-content\/uploads\/2022\/01\/272088310_10216041333345992_5068246077180797372_n-223x300.jpg\" alt=\"\" width=\"223\" height=\"300\" srcset=\"https:\/\/www.radiopiu.net\/wordpress\/wp-content\/uploads\/2022\/01\/272088310_10216041333345992_5068246077180797372_n-223x300.jpg 223w, https:\/\/www.radiopiu.net\/wordpress\/wp-content\/uploads\/2022\/01\/272088310_10216041333345992_5068246077180797372_n.jpg 713w\" sizes=\"auto, (max-width: 223px) 100vw, 223px\" \/><\/a><\/p><\/blockquote>\n<p>&nbsp;<\/p>\n<hr \/>\n<p>&nbsp;<\/p>\n<blockquote>\n<h3><span style=\"color: #ff0000;\">LA CROCE VERDE VAL BIOIS COMUNICA I DISSERVIZI PER IL MESE DI GENNAIO 2022<\/span><\/h3>\n<\/blockquote>\n<p><strong><a href=\"https:\/\/www.radiopiu.net\/wordpress\/lassessore-gianpaolo-bottacin-ribatte-alle-accuse-del-presidente-della-croce-verde-val-biois-stefano-murer\/croce-verde-val-biois-2\/\" rel=\"attachment wp-att-153811\"><img loading=\"lazy\" decoding=\"async\" class=\" wp-image-153811 alignleft\" src=\"https:\/\/www.radiopiu.net\/wordpress\/wp-content\/uploads\/2020\/08\/CROCE-VERDE-VAL-BIOIS-300x225.jpg\" alt=\"\" width=\"157\" height=\"118\" srcset=\"https:\/\/www.radiopiu.net\/wordpress\/wp-content\/uploads\/2020\/08\/CROCE-VERDE-VAL-BIOIS-300x225.jpg 300w, https:\/\/www.radiopiu.net\/wordpress\/wp-content\/uploads\/2020\/08\/CROCE-VERDE-VAL-BIOIS-1024x768.jpg 1024w, https:\/\/www.radiopiu.net\/wordpress\/wp-content\/uploads\/2020\/08\/CROCE-VERDE-VAL-BIOIS-768x576.jpg 768w, https:\/\/www.radiopiu.net\/wordpress\/wp-content\/uploads\/2020\/08\/CROCE-VERDE-VAL-BIOIS-1536x1153.jpg 1536w, https:\/\/www.radiopiu.net\/wordpress\/wp-content\/uploads\/2020\/08\/CROCE-VERDE-VAL-BIOIS.jpg 1599w\" sizes=\"auto, (max-width: 157px) 100vw, 157px\" \/><\/a>FALCADE<\/strong> Anche nel mese di gennaio la Croce Verde Val Biois non assicura l&#8217;assistenza in alcune giornate. A comunicarlo il presidente Stefano Murer. Queste le date dei disservizi: VENERDI&#8217; 21 GENNAIO dalle\u00a0 6 alle 20; SABATO 22 GENNAIO dalle\u00a0 6 alle\u00a0 20; DOMENICA 23 GENNAIO dalle\u00a0 20:00 alle 6 di LUNEDI&#8217; 24 GENNAIO; VENERDI&#8217; 28 GENNAIO dalle 6:00 alle 20:00; SABATO 29 GENNAIO dalle 6:00 alle\u00a0 20:00.<\/p>\n<p>&nbsp;<\/p>\n<p>&nbsp;<\/p>\n<hr \/>\n<p>&nbsp;<\/p>\n<blockquote>\n<h3>LA SCOMPARSA DI ROBERTO FACCIO<\/h3>\n<\/blockquote>\n<div class=\"\"><em><a href=\"https:\/\/www.radiopiu.net\/wordpress\/giornale-radiopiu-19-gennaio-2022-direttore-mirko-mezzacasa\/6a1c29f3-94b6-4007-b6ab-ddacefee3d33\/\" rel=\"attachment wp-att-254906\"><img loading=\"lazy\" decoding=\"async\" class=\" wp-image-254906 alignleft\" src=\"https:\/\/www.radiopiu.net\/wordpress\/wp-content\/uploads\/2022\/01\/6a1c29f3-94b6-4007-b6ab-ddacefee3d33-e1642523025550-300x199.jpg\" alt=\"\" width=\"268\" height=\"178\" srcset=\"https:\/\/www.radiopiu.net\/wordpress\/wp-content\/uploads\/2022\/01\/6a1c29f3-94b6-4007-b6ab-ddacefee3d33-e1642523025550-300x199.jpg 300w, https:\/\/www.radiopiu.net\/wordpress\/wp-content\/uploads\/2022\/01\/6a1c29f3-94b6-4007-b6ab-ddacefee3d33-e1642523025550-1024x680.jpg 1024w, https:\/\/www.radiopiu.net\/wordpress\/wp-content\/uploads\/2022\/01\/6a1c29f3-94b6-4007-b6ab-ddacefee3d33-e1642523025550-768x510.jpg 768w, https:\/\/www.radiopiu.net\/wordpress\/wp-content\/uploads\/2022\/01\/6a1c29f3-94b6-4007-b6ab-ddacefee3d33-e1642523025550-1536x1020.jpg 1536w, https:\/\/www.radiopiu.net\/wordpress\/wp-content\/uploads\/2022\/01\/6a1c29f3-94b6-4007-b6ab-ddacefee3d33-e1642523025550.jpg 1600w\" sizes=\"auto, (max-width: 268px) 100vw, 268px\" \/><\/a>Il primo ad arrivare l\u2019ultimo ad andarsene Il cordoglio della segretaria del Pd bellunese Monica Lotto. A Roberto e alla sua grande disponibilit\u00e0 possiamo solo dire grazie\u00bb.\u00a0<\/em><\/div>\n<div class=\"\"><\/div>\n<div class=\"\"><strong><a href=\"https:\/\/www.radiopiu.net\/wordpress\/giornale-radiopiu-19-gennaio-2022-direttore-mirko-mezzacasa\/2858236_339\/\" rel=\"attachment wp-att-254945\"><img loading=\"lazy\" decoding=\"async\" class=\" wp-image-254945 alignright\" src=\"https:\/\/www.radiopiu.net\/wordpress\/wp-content\/uploads\/2022\/01\/2858236_339-238x300.jpg\" alt=\"\" width=\"114\" height=\"144\" srcset=\"https:\/\/www.radiopiu.net\/wordpress\/wp-content\/uploads\/2022\/01\/2858236_339-238x300.jpg 238w, https:\/\/www.radiopiu.net\/wordpress\/wp-content\/uploads\/2022\/01\/2858236_339.jpg 336w\" sizes=\"auto, (max-width: 114px) 100vw, 114px\" \/><\/a>BELLUNO<\/strong>\u00a0 <em>\u00abEra il primo ad arrivare e l\u2019ultimo ad andarsene. Se c\u2019era bisogno di una mano, potevi sempre contare su di lui\u00bb. <\/em>La segretaria provinciale del Partito democratico, Monica Lotto, piange la scomparsa di Roberto Faccio, morto ieri a Belluno.\u00a0 <em>\u00abA nome del Partito democratico bellunese esprimo il cordoglio per la morte di Roberto, un pilastro tra i nostri volontari\u00bb. <\/em>Roberto Faccio avrebbe fatto 81 anni a febbraio, era conosciuto e benvoluto da tutti, ricorda il deputato del Pd Roger De Menech: <em>\u00abAlla Festa de L\u2019Unit\u00e0 o nella sede del partito, quando c\u2019era un problema, compariva come d\u2019incanto e ci aiutava a risolverlo con quella disponibilit\u00e0 e concretezza che solo persone davvero generose riescono a coniugare\u00bb<\/em>.<\/div>\n<div class=\"\">I funerali avranno luogo venerdi alle 15 a Mussoi, in memoria di Roberto ai fiori saranno gradite offerte a Casa Tua 2. Roberto lascia la figlia Barbara, il figlio Andrea, il genero Mauro, i nipoti Manuele e Francesco.<\/div>\n<div class=\"\"><\/div>\n<div><\/div>\n<blockquote>\n<div><\/div>\n<\/blockquote>\n<div><\/div>\n<div>\n<hr \/>\n<\/div>\n<div><\/div>\n<div><\/div>\n<div><\/div>\n<h3><a href=\"https:\/\/www.radiopiu.net\/wordpress\/federico-sordini-prova-di-coerenza-mi-dimetto\/ianpanciera_1642431367673_colore-2\/\" rel=\"attachment wp-att-254802\"><img loading=\"lazy\" decoding=\"async\" class=\"wp-image-254802 alignright\" src=\"https:\/\/www.radiopiu.net\/wordpress\/wp-content\/uploads\/2022\/01\/IANPANCIERA_1642431367673_COLORE-1-300x169.webp\" alt=\"\" width=\"204\" height=\"115\" srcset=\"https:\/\/www.radiopiu.net\/wordpress\/wp-content\/uploads\/2022\/01\/IANPANCIERA_1642431367673_COLORE-1-300x169.webp 300w, https:\/\/www.radiopiu.net\/wordpress\/wp-content\/uploads\/2022\/01\/IANPANCIERA_1642431367673_COLORE-1-768x432.webp 768w, https:\/\/www.radiopiu.net\/wordpress\/wp-content\/uploads\/2022\/01\/IANPANCIERA_1642431367673_COLORE-1.webp 960w\" sizes=\"auto, (max-width: 204px) 100vw, 204px\" \/><\/a>DOMANI A LENTIAI I FUNERALI DI JAN PANCIERA<\/h3>\n<div>\n<div id=\"articleContent\" class=\"mercuryWrapper\">\n<div class=\"mercuryScroller\">\n<div class=\"mercuryElement\">\n<div class=\"mercuryBox\">\n<div id=\"articlePlain\">\n<div class=\"articlePlainText\"><strong>FELTRE\u00a0<\/strong> Jan Panciera torner\u00e0 a Lentiai suo paese d&#8217;origine. I funerali sono in programma domani alle 14,30 nella chiesa arcipretale di Lentiai dove chi ha conosciuto il 52 enne imprenditore potr\u00e0 stringersi attorno alla famiglia facendogli sentire quanto fosse amato il loro congiunto.<\/div>\n<\/div>\n<\/div>\n<\/div>\n<\/div>\n<\/div>\n<\/div>\n<div><\/div>\n<div><\/div>\n<div><\/div>\n<div>\n<hr \/>\n<\/div>\n<div><\/div>\n<blockquote>\n<div><\/div>\n<div><\/div>\n<\/blockquote>\n<div>\n<hr \/>\n<\/div>\n<div><\/div>\n<div><\/div>\n<div><\/div>\n<div><strong>\u00a0<\/strong><\/div>\n<div><strong>LUTTO A FELTRE\u00a0<\/strong><\/div>\n<div><\/div>\n<div>\n<div class=\"articlePlainTitle\"><strong><a href=\"https:\/\/www.radiopiu.net\/wordpress\/giornale-radiopiu-19-gennaio-2022-direttore-mirko-mezzacasa\/b87d84e6-f934-4bb5-af46-88ceb24718e1\/\" rel=\"attachment wp-att-254947\"><img loading=\"lazy\" decoding=\"async\" class=\"wp-image-254947 alignleft\" src=\"https:\/\/www.radiopiu.net\/wordpress\/wp-content\/uploads\/2022\/01\/b87d84e6-f934-4bb5-af46-88ceb24718e1-300x224.jpg\" alt=\"\" width=\"126\" height=\"94\" srcset=\"https:\/\/www.radiopiu.net\/wordpress\/wp-content\/uploads\/2022\/01\/b87d84e6-f934-4bb5-af46-88ceb24718e1-300x224.jpg 300w, https:\/\/www.radiopiu.net\/wordpress\/wp-content\/uploads\/2022\/01\/b87d84e6-f934-4bb5-af46-88ceb24718e1-1024x766.jpg 1024w, https:\/\/www.radiopiu.net\/wordpress\/wp-content\/uploads\/2022\/01\/b87d84e6-f934-4bb5-af46-88ceb24718e1-768x574.jpg 768w, https:\/\/www.radiopiu.net\/wordpress\/wp-content\/uploads\/2022\/01\/b87d84e6-f934-4bb5-af46-88ceb24718e1-1536x1149.jpg 1536w, https:\/\/www.radiopiu.net\/wordpress\/wp-content\/uploads\/2022\/01\/b87d84e6-f934-4bb5-af46-88ceb24718e1.jpg 2000w\" sizes=\"auto, (max-width: 126px) 100vw, 126px\" \/><\/a>FELTRE<\/strong> \u00c8 morto l&#8217;ingegnere Marco De Giacometti, \u00a0esperto\u00a0 nel campo dell&#8217;adeguamento sismico,\u00a0 nome di riferimento per un settore intero, \u00e8 scomparso ieri pomeriggio a 61 anni, in modo tanto improvviso quanto inatteso, segnando in particolare le comunit\u00e0 di Pedavena, dove \u00e8 stato anche assessore all&#8217;urbanistica per diversi anni, e Feltre dove abitava nella frazione di Cart.\u00a0 Profondo cordoglio lo esprime anche il sindaco di Feltre Paolo Perenzin: <em>\u00abUna notizia improvvisa, che nessuno avrebbe voluto sentire. Sono costernato\u00bb, commenta. \u00abHa vissuto una parte importante della storia della nostra citt\u00e0 e ha lavorato con una perizia e una professionalit\u00e0 incredibili. Ma \u00e8 stato una risorsa importantissima per tutto il territorio, non solo per il Comune di Feltre. Esprimo a nome mio e di tutta l&#8217;amministrazione e del consiglio comunale la vicinanza alla famiglia\u00bb.\u00a0 \u00a0<\/em><\/div>\n<div class=\"articlePlainTitle\"><\/div>\n<div><\/div>\n<div><\/div>\n<div>\n<hr \/>\n<\/div>\n<blockquote>\n<div><\/div>\n<\/blockquote>\n<div><\/div>\n<div><\/div>\n<div class=\"articlePlainTitle\">\n<hr \/>\n<\/div>\n<div class=\"articlePlainTitle\"><\/div>\n<div><\/div>\n<div class=\"articlePlainTitle\"><strong>\u00a0<\/strong><\/div>\n<\/div>\n<div><strong><a href=\"https:\/\/www.radiopiu.net\/wordpress\/giornale-radiopiu-19-gennaio-2022-direttore-mirko-mezzacasa\/8cf4bb7b-ad6d-4c6e-9aa3-c74e9cf9cc28\/\" rel=\"attachment wp-att-254948\"><img loading=\"lazy\" decoding=\"async\" class=\" wp-image-254948 alignleft\" src=\"https:\/\/www.radiopiu.net\/wordpress\/wp-content\/uploads\/2022\/01\/8cf4bb7b-ad6d-4c6e-9aa3-c74e9cf9cc28-224x300.jpg\" alt=\"\" width=\"96\" height=\"128\" srcset=\"https:\/\/www.radiopiu.net\/wordpress\/wp-content\/uploads\/2022\/01\/8cf4bb7b-ad6d-4c6e-9aa3-c74e9cf9cc28-224x300.jpg 224w, https:\/\/www.radiopiu.net\/wordpress\/wp-content\/uploads\/2022\/01\/8cf4bb7b-ad6d-4c6e-9aa3-c74e9cf9cc28-766x1024.jpg 766w, https:\/\/www.radiopiu.net\/wordpress\/wp-content\/uploads\/2022\/01\/8cf4bb7b-ad6d-4c6e-9aa3-c74e9cf9cc28-768x1027.jpg 768w, https:\/\/www.radiopiu.net\/wordpress\/wp-content\/uploads\/2022\/01\/8cf4bb7b-ad6d-4c6e-9aa3-c74e9cf9cc28-1149x1536.jpg 1149w, https:\/\/www.radiopiu.net\/wordpress\/wp-content\/uploads\/2022\/01\/8cf4bb7b-ad6d-4c6e-9aa3-c74e9cf9cc28.jpg 1496w\" sizes=\"auto, (max-width: 96px) 100vw, 96px\" \/><\/a>LUTTO A MEANO\u00a0<\/strong><\/div>\n<div><\/div>\n<div><strong>SANTA GIUSTINA<\/strong>\u00a0 \u00a0Si \u00e8 spenta a soli 41 anni Barbara Pol, residente nella frazione di Meano. Una giovane mamma\u00a0 che ha lavorato\u00a0 come dipendente nei supermercati Famila di Feltre e Trichiana. Era una persona gioviale che aveva nel figlio Jonathan il suo riferimento numero uno. Tutto il resto, per quanto importante, veniva dopo.<\/div>\n<div>La famiglia ha deciso di affrontare il lutto nel pi\u00f9 stretto riserbo e non sono previsti i funerali, in base a quanto riportato nell&#8217;epigrafe. Barbara Pol lascia il figlio Jonathan, la mamma Tania e il fratello Daniele, volto noto a Santa Giustina per il suo impegno nella rivista mensile Il Veses.<\/div>\n<div><\/div>\n<div><\/div>\n<div><\/div>\n<div><\/div>\n<div>\n<hr \/>\n<\/div>\n<blockquote>\n<div><\/div>\n<\/blockquote>\n<div><\/div>\n<div><\/div>\n<div>\n<hr \/>\n<\/div>\n<div><\/div>\n<blockquote>\n<h3><a href=\"https:\/\/www.radiopiu.net\/wordpress\/giornale-radiopiu-19-gennaio-2022-direttore-mirko-mezzacasa\/238e05df-1513-448a-af41-776d956ba1fe\/\" rel=\"attachment wp-att-254972\"><img loading=\"lazy\" decoding=\"async\" class=\"size-medium wp-image-254972 alignleft\" src=\"https:\/\/www.radiopiu.net\/wordpress\/wp-content\/uploads\/2022\/01\/238e05df-1513-448a-af41-776d956ba1fe-146x300.jpg\" alt=\"\" width=\"146\" height=\"300\" srcset=\"https:\/\/www.radiopiu.net\/wordpress\/wp-content\/uploads\/2022\/01\/238e05df-1513-448a-af41-776d956ba1fe-146x300.jpg 146w, https:\/\/www.radiopiu.net\/wordpress\/wp-content\/uploads\/2022\/01\/238e05df-1513-448a-af41-776d956ba1fe-498x1024.jpg 498w, https:\/\/www.radiopiu.net\/wordpress\/wp-content\/uploads\/2022\/01\/238e05df-1513-448a-af41-776d956ba1fe-768x1580.jpg 768w, https:\/\/www.radiopiu.net\/wordpress\/wp-content\/uploads\/2022\/01\/238e05df-1513-448a-af41-776d956ba1fe-746x1536.jpg 746w, https:\/\/www.radiopiu.net\/wordpress\/wp-content\/uploads\/2022\/01\/238e05df-1513-448a-af41-776d956ba1fe.jpg 777w\" sizes=\"auto, (max-width: 146px) 100vw, 146px\" \/><\/a>POMPIERI A SELVA DI CADORE PER L&#8217;INCENDIO ALLA CANNA FUMARIA<\/h3>\n<\/blockquote>\n<p><strong>SELVA DI CADORE<\/strong> I vigili del fuoco volontari di Selva di Cadore, unitamente ai permanenti saliti dalla caserma di Brugnach di Agordo sono intervenuti ieri sera attorno alle 18 in\u00a0 via Franceschini per l&#8217;incendio alla canna fumaria. Non si segnalano danni particolari grazie al rapido intervento dei nostri pompieri.<\/p>\n<div><\/div>\n<div><\/div>\n<p>&nbsp;<\/p>\n<p>&nbsp;<\/p>\n<p>&nbsp;<\/p>\n<p>&nbsp;<\/p>\n<p>&nbsp;<\/p>\n<p>&nbsp;<\/p>\n<p>&nbsp;<\/p>\n<p>&nbsp;<\/p>\n<p>&nbsp;<\/p>\n<p>&nbsp;<\/p>\n<hr \/>\n<p>&nbsp;<\/p>\n<p>&nbsp;<\/p>\n<blockquote>\n<h3>TRE PROPOSTE INDUSTRIALI PER IDEAL STANDARD<\/h3>\n<\/blockquote>\n<p><strong><img loading=\"lazy\" decoding=\"async\" class=\"alignleft\" src=\"https:\/\/www.radiopiu.net\/wordpress\/wp-content\/uploads\/2020\/05\/ideal-standard-orcenigo-scaled.jpg\" width=\"263\" height=\"185\" \/>VENEZIA<\/strong>\u00a0 <em>\u201cApprendo con grande attenzione la notizia delle proposte industriali giunte all\u2019advisor di Ideal Standard. \u00c8 un\u2019altra tappa in un cammino che va delineandosi. La Regione, per il tramite della propria Unit\u00e0 di Crisi aziendali, \u00e8 impegnata al massimo affinch\u00e9 si giunga a una soluzione positiva per i lavoratori e il territorio. Ringrazio l\u2019azienda, le organizzazioni sindacali e l\u2019advisor per il lavoro che stanno svolgendo. Ideal Standard \u00e8 una realt\u00e0 industriale fondamentale per Borgo Valbelluna e per l\u2019intera provincia bellunese\u201d. <\/em>Cos\u00ec il Presidente della Regione del Veneto Luca Zaia commenta la notizia che sono tre le proposte industriali presentate a Sernet nell&#8217;ambito del processo di reindustrializzazione e di tutela occupazionale concordato tra l&#8217;azienda Ideal Standard e le Parti sindacali. Nel pieno rispetto dei tempi previsti dal cronoprogramma prospettato da Sernet, il prossimo 27 gennaio alle ore 10 si terr\u00e0 un incontro istituzionale in sede regionale, in raccordo con il Mise, alla presenza delle parti coinvolte e finalizzato all&#8217;avvio della fase di disamina delle proposte pervenute. <em>\u201cProsegue senza rallentamenti il lavoro comune per una soluzione industriale al sito di Borgo Valbelluna. Anche il raggiungimento di questa tappa dimostra che l&#8217;impegno di tutti \u00e8 massimo\u201d commenta l\u2019Assessore al lavoro Elena Donazzan che gestisce questo tavolo.\u00a0\u00a0<\/em><\/p>\n<p>&nbsp;<\/p>\n<p>&nbsp;<\/p>\n<hr \/>\n<p>&nbsp;<\/p>\n<p>&nbsp;<\/p>\n<div class=\"page-title-head hgroup\">\n<blockquote>\n<h3 class=\"entry-title\">VITA DA MEDICO IN TERRITORIO FODOM \u201cNON SONO STATO RIABILITATO, ME NE VADO\u201d<\/h3>\n<\/blockquote>\n<\/div>\n<p><strong>LIVINALLONGO\u00a0<\/strong> Non c&#8217;\u00e8 dubbio, la parola &#8220;sconsolato&#8221; definisce i sentimenti del dottor Luca Favero che dal primo febbraio lascer\u00e0 il territorio Fodom. Lo ha comunicato lo stesso medico con un post sulla sua pagina facebook. &#8220;Nonostante io abbia attuato ben due inoculazioni vaccinali e assolto all&#8217;obbligo il 9 dicembre&#8221;. Un storia nota, me che ripercorriamo riproponendovi il precedente articolo dello scorso 10 gennaio. Intanto ecco il messaggio del dotto Favero sullo stipite dei 4 ambulatori che verranno chiusi con la sua assenza: &#8220;<em>A causa della sottomissione degli Organi preposti alla regolamentazione del lavoro di noi Medici alle leggi\u00a0 dell&#8217;attuale Governo, sono costretto a lasciare la condotta di Livinallongo nonostante io abbia attuato ben due inoculazioni vaccinali e assolto l&#8217;obbligo vaccinale gi\u00e0 il 09\/12\/21 senza essere riammesso all&#8217;Ordine. Un caro sconsolato saluto a voi tutti. Dr Favero Luca&#8221;\u00a0<\/em><\/p>\n\n\t\t\t<style type='text\/css'>\n\t\t\t\t#gallery-1 {\n\t\t\t\t\tmargin: auto;\n\t\t\t\t}\n\t\t\t\t#gallery-1 .gallery-item {\n\t\t\t\t\tfloat: left;\n\t\t\t\t\tmargin-top: 10px;\n\t\t\t\t\ttext-align: center;\n\t\t\t\t\twidth: 50%;\n\t\t\t\t}\n\t\t\t\t#gallery-1 img {\n\t\t\t\t\tborder: 2px solid #cfcfcf;\n\t\t\t\t}\n\t\t\t\t#gallery-1 .gallery-caption {\n\t\t\t\t\tmargin-left: 0;\n\t\t\t\t}\n\t\t\t\t\/* see gallery_shortcode() in wp-includes\/media.php *\/\n\t\t\t<\/style>\n\t\t<div id='gallery-1' class='dt-gallery-container gallery galleryid-254784 gallery-columns-2 gallery-size-medium'><dl class='gallery-item'>\n\t\t\t\t<dt class='gallery-icon landscape'>\n\t\t\t\t\t<a class=\"rollover rollover-zoom dt-pswp-item\" title=\"272034077_4213342432100001_5283578096696404868_n\" data-dt-img-description=\"\" data-large_image_width=\"720\" data-large_image_height=\"516\"href='https:\/\/www.radiopiu.net\/wordpress\/wp-content\/uploads\/2022\/01\/272034077_4213342432100001_5283578096696404868_n.jpg'><img loading=\"lazy\" decoding=\"async\" width=\"300\" height=\"215\" src=\"https:\/\/www.radiopiu.net\/wordpress\/wp-content\/uploads\/2022\/01\/272034077_4213342432100001_5283578096696404868_n-300x215.jpg\" class=\"attachment-medium size-medium\" alt=\"\" srcset=\"https:\/\/www.radiopiu.net\/wordpress\/wp-content\/uploads\/2022\/01\/272034077_4213342432100001_5283578096696404868_n-300x215.jpg 300w, https:\/\/www.radiopiu.net\/wordpress\/wp-content\/uploads\/2022\/01\/272034077_4213342432100001_5283578096696404868_n.jpg 720w\" sizes=\"auto, (max-width: 300px) 100vw, 300px\" \/><\/a>\n\t\t\t\t<\/dt><\/dl><dl class='gallery-item'>\n\t\t\t\t<dt class='gallery-icon landscape'>\n\t\t\t\t\t<a class=\"rollover rollover-zoom dt-pswp-item\" title=\"21368811_1143103675790574_791677524803461149_o\" data-dt-img-description=\"\" data-large_image_width=\"1440\" data-large_image_height=\"735\"href='https:\/\/www.radiopiu.net\/wordpress\/wp-content\/uploads\/2022\/01\/21368811_1143103675790574_791677524803461149_o.jpg'><img loading=\"lazy\" decoding=\"async\" width=\"300\" height=\"153\" src=\"https:\/\/www.radiopiu.net\/wordpress\/wp-content\/uploads\/2022\/01\/21368811_1143103675790574_791677524803461149_o-300x153.jpg\" class=\"attachment-medium size-medium\" alt=\"\" srcset=\"https:\/\/www.radiopiu.net\/wordpress\/wp-content\/uploads\/2022\/01\/21368811_1143103675790574_791677524803461149_o-300x153.jpg 300w, https:\/\/www.radiopiu.net\/wordpress\/wp-content\/uploads\/2022\/01\/21368811_1143103675790574_791677524803461149_o-1024x523.jpg 1024w, https:\/\/www.radiopiu.net\/wordpress\/wp-content\/uploads\/2022\/01\/21368811_1143103675790574_791677524803461149_o-768x392.jpg 768w, https:\/\/www.radiopiu.net\/wordpress\/wp-content\/uploads\/2022\/01\/21368811_1143103675790574_791677524803461149_o.jpg 1440w\" sizes=\"auto, (max-width: 300px) 100vw, 300px\" \/><\/a>\n\t\t\t\t<\/dt><\/dl><br style=\"clear: both\" \/>\n\t\t\t<\/div>\n\n<p>&nbsp;<\/p>\n<p>&nbsp;<\/p>\n<hr \/>\n<p>&nbsp;<\/p>\n<blockquote>\n<h3>AUTOVELOX A CANDATEN, PROVE DI ACCELERAZIONE<\/h3>\n<\/blockquote>\n<p><strong><img loading=\"lazy\" decoding=\"async\" class=\"alignleft\" src=\"https:\/\/www.radiopiu.net\/wordpress\/wp-content\/uploads\/2022\/01\/bfc58d6b-843f-4cba-bc67-b07efc8c9853.jpg\" width=\"271\" height=\"132\" \/>REDAZIONE<\/strong> Percorro la regionale 203 agordina da sempre, da quando la galleria dei Castei non era nemmeno stata progettata, ma scendere a Belluno non era cos\u00ec pericoloso come oggi. Non per i sassi che ogni tanto cadono e solo la fatalit\u00e0 non ha incrementato i bilanci mortali, non per gli <a href=\"https:\/\/www.radiopiu.net\/wordpress\/autovelox-a-candaten-prove-di-accelerazioni\/272209637_3166842666921622_1175904791125799518_n\/\" rel=\"attachment wp-att-255000\"><img loading=\"lazy\" decoding=\"async\" class=\"size-medium wp-image-255000 alignright\" src=\"https:\/\/www.radiopiu.net\/wordpress\/wp-content\/uploads\/2022\/01\/272209637_3166842666921622_1175904791125799518_n-135x300.jpg\" alt=\"\" width=\"135\" height=\"300\" srcset=\"https:\/\/www.radiopiu.net\/wordpress\/wp-content\/uploads\/2022\/01\/272209637_3166842666921622_1175904791125799518_n-135x300.jpg 135w, https:\/\/www.radiopiu.net\/wordpress\/wp-content\/uploads\/2022\/01\/272209637_3166842666921622_1175904791125799518_n-461x1024.jpg 461w, https:\/\/www.radiopiu.net\/wordpress\/wp-content\/uploads\/2022\/01\/272209637_3166842666921622_1175904791125799518_n.jpg 640w\" sizes=\"auto, (max-width: 135px) 100vw, 135px\" \/><\/a>ungulati che attraversano la strada come a quello sfortunato motociclista finito fuori strada a Candaten. Oggi ci concentriamo sull&#8217;altro pericolo della 203, l&#8217;alta velocit\u00e0 e la mancanza di adeguati controlli. Ricordo che da ragazzino si sfrecciava tra il ponte &#8220;Ti vedo&#8221; al Mas di Sedico e i Casoni (la rotonda ancora non c&#8217;era), si sfrecciava fino a quando Carabinieri, Polizia e Polizia Locale non\u00a0 hanno iniziato ad alzare la paletta. La voce si \u00e8 subito sparsa e da allora sono in pochi che, conoscendo la zona, si arrischiano a superare i 50. Poi la bella iniziativa del Comune di Sedico per &#8220;frenare&#8221; le auto in corsa sul rettilineo di Candaten. Operazione riuscita, in pochi superano i 90 perch\u00e9 sanno che la sanzione \u00e8 assicurata. Gli automobilisti si passano spesso e velocemente la parola e Candaten \u00e8 subito diventato Stangaten: la stangata prima della Stanga. In ogni caso, operazione riuscita c&#8217;\u00e8 molta disciplina lungo i 100 metri che precedono e seguono l&#8217;autovelox, quindi obiettivo raggiunto. Ci\u00f2 che invece non interessa a nessuno \u00e8 che negli altri 20 chilometri di strada ognuno si sente in diritto di premere l&#8217;acceleratore, tanto Carabinieri, Polizia, Polizia Locale non si vedono mai \u00e8 sufficiente prestare attenzione in prossimit\u00e0 dell&#8217;autovelox. I due punti pi\u00f9 a rischio sono in prossimit\u00e0 del ristorante La Stanga (limite 70 orari), sorpassi con presenza di linea continua, e subito dopo il rettilineo di Candaten dove ironia della sorte c&#8217;\u00e8 pure un limite di velocit\u00e0 (50 chilometri) che nessuno osserva. Di questa mattina le due riprese in dash cam auto, ma vi assicuro che capita tutti i giorni, a tutte le ore.<\/p>\n<p><strong>VIDEO 1<\/strong><\/p>\n<div style=\"width: 640px;\" class=\"wp-video\"><video class=\"wp-video-shortcode\" id=\"video-254784-1\" width=\"640\" height=\"352\" preload=\"metadata\" controls=\"controls\"><source type=\"video\/mp4\" src=\"https:\/\/www.radiopiu.net\/wordpress\/wp-content\/uploads\/2022\/01\/WhatsApp-Video-2022-01-18-at-16.07.09.mp4?_=1\" \/><a href=\"https:\/\/www.radiopiu.net\/wordpress\/wp-content\/uploads\/2022\/01\/WhatsApp-Video-2022-01-18-at-16.07.09.mp4\">https:\/\/www.radiopiu.net\/wordpress\/wp-content\/uploads\/2022\/01\/WhatsApp-Video-2022-01-18-at-16.07.09.mp4<\/a><\/video><\/div>\n<p>&nbsp;<\/p>\n<p><strong>VIDEO 2<\/strong><\/p>\n<div style=\"width: 640px;\" class=\"wp-video\"><video class=\"wp-video-shortcode\" id=\"video-254784-2\" width=\"640\" height=\"352\" preload=\"metadata\" controls=\"controls\"><source type=\"video\/mp4\" src=\"https:\/\/www.radiopiu.net\/wordpress\/wp-content\/uploads\/2022\/01\/WhatsApp-Video-2022-01-18-at-16.09.00.mp4?_=2\" \/><a href=\"https:\/\/www.radiopiu.net\/wordpress\/wp-content\/uploads\/2022\/01\/WhatsApp-Video-2022-01-18-at-16.09.00.mp4\">https:\/\/www.radiopiu.net\/wordpress\/wp-content\/uploads\/2022\/01\/WhatsApp-Video-2022-01-18-at-16.09.00.mp4<\/a><\/video><\/div>\n<p>&nbsp;<\/p>\n<p>&nbsp;<\/p>\n<p>&nbsp;<\/p>\n<hr \/>\n<p>&nbsp;<\/p>\n<blockquote>\n<h3>L&#8217;ESEMPIO DI LUIGI, LO CHEF DEI VIP&#8230;E DEI BAMBINI DELL&#8217;ASILO<\/h3>\n<\/blockquote>\n<p><strong><img loading=\"lazy\" decoding=\"async\" class=\"alignleft\" src=\"https:\/\/www.radiopiu.net\/wordpress\/wp-content\/uploads\/2022\/01\/Luigi-Dariz_2-683x1024-1.jpg\" width=\"141\" height=\"212\" \/>CORTINA<\/strong> Che gran bell&#8217;esempio all\u2019asilo di Cortina.\u00a0 Luigi Dariz chef stellato del ristorante Da Aurelio al Passo Giau sta dedicando il suo tempo volontariamente per la scuola materna parrocchiale, insieme al suo staff prepara i pranzi perch\u00e9 il\u00a0 Covid ha messo ai box le cuoche e le addette della mensa dell\u2019asilo e lui con i suoi collaboratori\u00a0 si \u00e8 messo a disposizione .<\/p>\n<blockquote><p><em>\u00abPer una settimana gestiamo noi la mensa \u2013 ha raccontato Dariz all\u2019Ansa -. Finora la cosa sta piacendo moltissimo. Un giorno abbiamo fatto il pollo al limone, con broccoli, pur\u00e8 e gelato fatto in casa. Poi si \u00e8 cimentata la nostra pasticcera con crostate e torte\u00bb.\u00a0<\/em><\/p><\/blockquote>\n<p>&nbsp;<\/p>\n<p><strong>FOTO RISTORANTE DA AURELIO PASSO GIAU<\/strong><\/p>\n<p>&nbsp;<\/p>\n<hr \/>\n<p>&nbsp;<\/p>\n<p>&nbsp;<\/p>\n<blockquote>\n<h3>RADIOLOGIA, L&#8217;ULSS1 ACQUISTA TURNI AGGIUNTIVI<\/h3>\n<\/blockquote>\n<p><strong><img loading=\"lazy\" decoding=\"async\" class=\"alignleft\" src=\"https:\/\/www.radiopiu.net\/wordpress\/wp-content\/uploads\/2021\/07\/RADIOLOGIA.jpg\" width=\"237\" height=\"158\" \/>BELLUNO\u00a0 <\/strong>Per garantire la copertura dei turni di radiologia nelle sedi di Belluno, Agordo e Pieve di Cadore, in relazione sia alla necessit\u00e0 di rispondere alle richieste di emergenza urgenza sia al rispetto dei tempi di attesa delle prestazioni programmate, sono stati acquistati 155 turni aggiuntivi di medici radiologi per sei mesi da Medical Line Consulting per 213 mila euro. \u00a0L\u2019acquisto di turni aggiuntivi consente di assicurare le attivit\u00e0 radiologiche in tutti i presidi. Nello stesso tempo, l\u2019Azienda continua il suo impegno nel reperire professionisti in una specialit\u00e0 che \u00e8 tra le pi\u00f9 difficili da trovare: il numero di specialisti, infatti, \u00e8 inferiore ai posti disponibili.\u00a0 Continua anche la ricerca di dirigenti medici attraverso tutti i canali possibili.<\/p>\n<blockquote><p><em>\u00abParlando con i giovani professionisti che hanno scelto la nostra Ulss, emerge l\u2019apprezzamento per le opportunit\u00e0 professionali che offre l\u2019Azienda, con la possibilit\u00e0 di essere coinvolti in molteplici casi, sia per la qualit\u00e0 di vita che offre il territorio, particolarmente adatta agli amati dello sport e alle giovani famiglie\u00bb, commenta il Direttore Generale Maria Grazia Carraro \u00aboltre alla continua ricerca di professionisti, la direzione sta studiando soluzioni innovative e strutturali per migliorare l\u2019organizzazione lavorativa delle radiologie al fine di assicurare servizi efficienti per i cittadini e facilitare l\u2019operativit\u00e0 dei professionisti\u00bb<\/em><\/p><\/blockquote>\n<p>&nbsp;<\/p>\n<p>&nbsp;<\/p>\n<hr \/>\n<p>&nbsp;<\/p>\n<div class=\"page-title-head hgroup\">\n<blockquote>\n<h3 class=\"entry-title\">POST VAIA, RECUPERATI 10MILA METRI CUBI DI LEGNAME, MA IL BOSTRICO DILAGA<\/h3>\n<\/blockquote>\n<\/div>\n<div class=\"page-title-breadcrumbs\"><\/div>\n<p><strong><img loading=\"lazy\" decoding=\"async\" class=\"alignleft\" src=\"https:\/\/www.radiopiu.net\/wordpress\/wp-content\/uploads\/2022\/01\/BOSTRICO.jpg\" width=\"236\" height=\"177\" \/>BELLUNO<\/strong> Da tre anni a questa parte gli sforzi di amministratori e della politica sono stati notevoli per il recupero degli schianti provocati dalla tempesta Vaia. Fatiche e denari a rischio, perch\u00e8 il bostrico avanza, inesorabilmente avanza come ormai stiamo ripetendo da alcuni anni. Anche i boschi di Seren del Grappa non si stanno salvando, lo conferma l&#8217;allarme del sindaco, Dario Scopel che ricorda come sia gi\u00e0 stati recuperati oltre 10.000 metri cubi di legname schiantato al suolo <em>&#8220;I motivi di soddisfazione per il lavoro fatto lasciano per\u00f2 presto spazio alle preoccupazioni per il <a href=\"https:\/\/www.radiopiu.net\/wordpress\/belluno-la-citta-del-nulla-di-fatto-da-tiziano-alla-pallavolo\/972ec435-fa04-49e8-bf1e-048263cab367\/\" rel=\"attachment wp-att-226219\"><img loading=\"lazy\" decoding=\"async\" class=\"wp-image-226219 alignright\" src=\"https:\/\/www.radiopiu.net\/wordpress\/wp-content\/uploads\/2021\/08\/972ec435-fa04-49e8-bf1e-048263cab367-300x200.jpg\" alt=\"\" width=\"171\" height=\"114\" srcset=\"https:\/\/www.radiopiu.net\/wordpress\/wp-content\/uploads\/2021\/08\/972ec435-fa04-49e8-bf1e-048263cab367-300x200.jpg 300w, https:\/\/www.radiopiu.net\/wordpress\/wp-content\/uploads\/2021\/08\/972ec435-fa04-49e8-bf1e-048263cab367-768x513.jpg 768w, https:\/\/www.radiopiu.net\/wordpress\/wp-content\/uploads\/2021\/08\/972ec435-fa04-49e8-bf1e-048263cab367.jpg 1024w\" sizes=\"auto, (max-width: 171px) 100vw, 171px\" \/><\/a>futuro &#8211; dice Scopel &#8211;\u00a0 soprattutto di medio e lungo termine il bostrico sta causando problemi non di poco conto&#8221;.<\/em> Il sindaco gi\u00e0 in passato aveva interessato i ministeri competenti facendo notare come si stia assistendo inermi\u00a0 al degrado del patrimonio boschivo dell\u2019area del Grappa, poco dopo che \u00e8 stata riconosciuta riserva della biosfera Unesco.<br \/>\n<strong>DARIO SCOPEL ALLA RADIO<\/strong><\/p>\n<audio class=\"wp-audio-shortcode\" id=\"audio-254784-1\" preload=\"none\" style=\"width: 100%;\" controls=\"controls\"><source type=\"audio\/mpeg\" src=\"https:\/\/www.radiopiu.net\/wordpress\/wp-content\/uploads\/2022\/01\/SCOPEL.mp3?_=1\" \/><a href=\"https:\/\/www.radiopiu.net\/wordpress\/wp-content\/uploads\/2022\/01\/SCOPEL.mp3\">https:\/\/www.radiopiu.net\/wordpress\/wp-content\/uploads\/2022\/01\/SCOPEL.mp3<\/a><\/audio>\n<p>&nbsp;<\/p>\n<p>&nbsp;<\/p>\n<hr \/>\n<p>&nbsp;<\/p>\n<blockquote>\n<h3><span style=\"color: #ff0000;\"><strong>L&#8217;OPINIONE\u00a0<\/strong><\/span><\/h3>\n<p>&#8220;BORGO DEI BORGHI&#8221;\u00a0 DA 400 MILIONI<\/p><\/blockquote>\n<p><strong>di Marco Bussone Presidente Uncem\u00a0<\/strong><\/p>\n<p><strong><a href=\"https:\/\/www.radiopiu.net\/wordpress\/69097-2\/bussone_flai_cgil11122018\/\" rel=\"attachment wp-att-69122\"><img loading=\"lazy\" decoding=\"async\" class=\"wp-image-69122 alignleft\" src=\"https:\/\/www.radiopiu.net\/wordpress\/wp-content\/uploads\/2018\/12\/BUSSONE_FLAI_CGIL11122018-300x200.jpg\" alt=\"\" width=\"200\" height=\"133\" srcset=\"https:\/\/www.radiopiu.net\/wordpress\/wp-content\/uploads\/2018\/12\/BUSSONE_FLAI_CGIL11122018-300x200.jpg 300w, https:\/\/www.radiopiu.net\/wordpress\/wp-content\/uploads\/2018\/12\/BUSSONE_FLAI_CGIL11122018-768x512.jpg 768w, https:\/\/www.radiopiu.net\/wordpress\/wp-content\/uploads\/2018\/12\/BUSSONE_FLAI_CGIL11122018-1024x682.jpg 1024w, https:\/\/www.radiopiu.net\/wordpress\/wp-content\/uploads\/2018\/12\/BUSSONE_FLAI_CGIL11122018.jpg 1280w\" sizes=\"auto, (max-width: 200px) 100vw, 200px\" \/><\/a>ROMA\u00a0<\/strong> <em>&#8220;Il Ministero della Cultura, con il Piano dei borghi del PNRR, fa un&#8217;operazione che rischia di infilarsi tra l&#8217;assurdo e la beffa. A ogni Regione e Provincia autonoma assegna infatti 20 milioni, dicendo di trovare un borgo spopolato da ricostruire. E cos\u00ec c&#8217;\u00e8 chi fa una call, chi lo sceglie dal catalogo dei borghi, chi non sa dove prenderlo, esponendosi al rischio di metter su un meccanismo che produce un ingrato e mille scontenti. 420 milioni per fare 21 &#8216;borghi dei borghi&#8217;, belli e affascinanti, tutti recuperati, finti, che rischiano di diventare resort, villaggio turistico, o preda di qualche multinazionale. Peraltro gli Enti locali, i Comuni, e manco Uncem, non sanno come le Regioni stiano selezionando quel fortunato vincitore. Non \u00e8 questo il Piano nazionale di Ripresa e Resilienza che vogliamo. Con milioni e milioni che premiano un fortunato e poi danno quello che rimane a pochi altri. Tantopi\u00f9 se quel borgo fortunato \u00e8 il ritaglio di un quartiere urbano, il cento storico di una grande citt\u00e0, il borgo di una reggia o un paese abbandonato e disabitato di Appennini o Alpi, che a vivere non torner\u00e0 mai. Perch\u00e9 ci sono s\u00ec i soldi, ma manca la comunit\u00e0. Servono visione e non solo risorse economiche. Se ce ne sono troppe, il rischio di tradurle in lotteria, in corsa al milione, o ai 20 milioni di euro, \u00e8 forte. L&#8217;importante sarebbe almeno, per tutti, conoscere tutte le regole del gioco, senza sprechi e senza sorprese, anche se hai il biglietto vincente del bando assurdo per rifare muri e case in qualche borgo da carta patinata&#8221;.\u00a0<\/em><\/p>\n<p>&nbsp;<\/p>\n<p>&nbsp;<\/p>\n<hr \/>\n<p>&nbsp;<\/p>\n<blockquote>\n<h3>\u624e\u4e9a\u65e5\u62a5 Zh\u0101 y\u00e0 r\u00ecb\u00e0o<\/h3>\n<h3>\u00a0A LEZIONI DI CINESE DA LUCA ZAIA, VERSO PECHINO<\/h3>\n<\/blockquote>\n<p><strong> <img loading=\"lazy\" decoding=\"async\" class=\"alignleft\" src=\"https:\/\/www.radiopiu.net\/wordpress\/wp-content\/uploads\/2022\/01\/balloon-3206530_960_720.webp\" width=\"145\" height=\"113\" \/><\/strong><strong>VENEZIA<\/strong> E\u2019 stato girato ieri mattina a Palazzo Balbi un video che intende valorizzare le caratteristiche e le bellezze del Veneto assieme alle attitudini sportive e alle discipline invernali che saranno protagoniste, tra quattro anni, delle Olimpiadi invernali di Milano-Cortina 2026. Uno spot che ha coinvolto la Fisi Veneto, la Fisg Veneto, lo Sci Club Mestre, lo Sci Club Serenissima, il Centro Agonistico Veneziano e pi\u00f9 di 50 giovani tra i 9 e i 22 anni, atleti dello sci alpino, sci di fondo, biathlon, sci alpinismo, curling, snowboard, pattinaggio di figura, pattinaggio di velocit\u00e0 e hockey. Nell\u2019occasione il Presidente della Regione del Veneto, Luca Zaia, ha registrato il suo messaggio in lingua cinese.<\/p>\n<p><strong>AUDIO<\/strong><\/p>\n<audio class=\"wp-audio-shortcode\" id=\"audio-254784-2\" preload=\"none\" style=\"width: 100%;\" controls=\"controls\"><source type=\"audio\/mpeg\" src=\"https:\/\/www.radiopiu.net\/wordpress\/wp-content\/uploads\/2022\/01\/zaia.mp3?_=2\" \/><a href=\"https:\/\/www.radiopiu.net\/wordpress\/wp-content\/uploads\/2022\/01\/zaia.mp3\">https:\/\/www.radiopiu.net\/wordpress\/wp-content\/uploads\/2022\/01\/zaia.mp3<\/a><\/audio>\n\n\t\t\t<style type='text\/css'>\n\t\t\t\t#gallery-2 {\n\t\t\t\t\tmargin: auto;\n\t\t\t\t}\n\t\t\t\t#gallery-2 .gallery-item {\n\t\t\t\t\tfloat: left;\n\t\t\t\t\tmargin-top: 10px;\n\t\t\t\t\ttext-align: center;\n\t\t\t\t\twidth: 33%;\n\t\t\t\t}\n\t\t\t\t#gallery-2 img {\n\t\t\t\t\tborder: 2px solid #cfcfcf;\n\t\t\t\t}\n\t\t\t\t#gallery-2 .gallery-caption {\n\t\t\t\t\tmargin-left: 0;\n\t\t\t\t}\n\t\t\t\t\/* see gallery_shortcode() in wp-includes\/media.php *\/\n\t\t\t<\/style>\n\t\t<div id='gallery-2' class='dt-gallery-container gallery galleryid-254784 gallery-columns-3 gallery-size-thumbnail'><dl class='gallery-item'>\n\t\t\t\t<dt class='gallery-icon landscape'>\n\t\t\t\t\t<a class=\"rollover rollover-zoom dt-pswp-item\" title=\"118-2022\" data-dt-img-description=\"\" data-large_image_width=\"2048\" data-large_image_height=\"1365\"href='https:\/\/www.radiopiu.net\/wordpress\/wp-content\/uploads\/2022\/01\/118-2022.jpeg'><img loading=\"lazy\" decoding=\"async\" width=\"150\" height=\"150\" src=\"https:\/\/www.radiopiu.net\/wordpress\/wp-content\/uploads\/2022\/01\/118-2022-150x150.jpeg\" class=\"attachment-thumbnail size-thumbnail\" alt=\"\" \/><\/a>\n\t\t\t\t<\/dt><\/dl><dl class='gallery-item'>\n\t\t\t\t<dt class='gallery-icon landscape'>\n\t\t\t\t\t<a class=\"rollover rollover-zoom dt-pswp-item\" title=\"118-2022_tris\" data-dt-img-description=\"\" data-large_image_width=\"2048\" data-large_image_height=\"1365\"href='https:\/\/www.radiopiu.net\/wordpress\/wp-content\/uploads\/2022\/01\/118-2022_tris.jpeg'><img loading=\"lazy\" decoding=\"async\" width=\"150\" height=\"150\" src=\"https:\/\/www.radiopiu.net\/wordpress\/wp-content\/uploads\/2022\/01\/118-2022_tris-150x150.jpeg\" class=\"attachment-thumbnail size-thumbnail\" alt=\"\" \/><\/a>\n\t\t\t\t<\/dt><\/dl><dl class='gallery-item'>\n\t\t\t\t<dt class='gallery-icon landscape'>\n\t\t\t\t\t<a class=\"rollover rollover-zoom dt-pswp-item\" title=\"118-2022_bis\" data-dt-img-description=\"\" data-large_image_width=\"2048\" data-large_image_height=\"1365\"href='https:\/\/www.radiopiu.net\/wordpress\/wp-content\/uploads\/2022\/01\/118-2022_bis.jpeg'><img loading=\"lazy\" decoding=\"async\" width=\"150\" height=\"150\" src=\"https:\/\/www.radiopiu.net\/wordpress\/wp-content\/uploads\/2022\/01\/118-2022_bis-150x150.jpeg\" class=\"attachment-thumbnail size-thumbnail\" alt=\"\" \/><\/a>\n\t\t\t\t<\/dt><\/dl><br style=\"clear: both\" \/>\n\t\t\t<\/div>\n\n<p>&nbsp;<\/p>\n<hr \/>\n<p>&nbsp;<\/p>\n<p>&nbsp;<\/p>\n<blockquote>\n<h3>IL PRESIDENTE ROBERTO PADRIN COSA ASPETTA?<\/h3>\n<\/blockquote>\n<p><strong><a href=\"https:\/\/www.radiopiu.net\/wordpress\/giornale-radiopiu-05-ottobre-2019-direttore-mirko-mezzacasa\/1435664134094_gidoni_franco-2\/\" rel=\"attachment wp-att-101299\"><img loading=\"lazy\" decoding=\"async\" class=\"wp-image-101299 alignleft\" src=\"https:\/\/www.radiopiu.net\/wordpress\/wp-content\/uploads\/2019\/10\/1435664134094_Gidoni_Franco-218x300.jpg\" alt=\"\" width=\"97\" height=\"133\" srcset=\"https:\/\/www.radiopiu.net\/wordpress\/wp-content\/uploads\/2019\/10\/1435664134094_Gidoni_Franco-218x300.jpg 218w, https:\/\/www.radiopiu.net\/wordpress\/wp-content\/uploads\/2019\/10\/1435664134094_Gidoni_Franco.jpg 254w\" sizes=\"auto, (max-width: 97px) 100vw, 97px\" \/><\/a>BELLUNO<\/strong> <em>&#8220;E\u2019 passato un mese dalle elezioni in Provincia, ma del programma politico del presidente Roberto Padrin nemmeno l\u2019ombra. \u201cCosa stiamo aspettando? Serve responsabilit\u00e0 verso il territorio\u201d<\/em> cos\u00ec attacca il commissario provinciale della Lega Franco Gidoni che ricorda come la Lega si fosse messa a disposizione per la stesura del programma &#8220;<em>Ma oggi sembra che il compito sia tutto in mano alle forze del centrosinistra che hanno sostenuto il presidente. \u201cDovrebbe essere il programma del presidente, non del centro sinistra&#8221;<br \/>\n<strong>AI MICROFONI DI RADIO PIU&#8217; FRANCO GIDONI<\/strong><br \/>\n<\/em><\/p>\n<audio class=\"wp-audio-shortcode\" id=\"audio-254784-3\" preload=\"none\" style=\"width: 100%;\" controls=\"controls\"><source type=\"audio\/mpeg\" src=\"https:\/\/www.radiopiu.net\/wordpress\/wp-content\/uploads\/2022\/01\/gidoni.mp3?_=3\" \/><a href=\"https:\/\/www.radiopiu.net\/wordpress\/wp-content\/uploads\/2022\/01\/gidoni.mp3\">https:\/\/www.radiopiu.net\/wordpress\/wp-content\/uploads\/2022\/01\/gidoni.mp3<\/a><\/audio>\n<p><em>\u00a0\u00a0<\/em><\/p>\n<p>&nbsp;<\/p>\n<hr \/>\n<p>&nbsp;<\/p>\n<blockquote>\n<h3>I POSITIVI UFFICIALI NELL&#8217;AGORDINO SONO 611, RISPETTO A IERI -65 aggiornamento 18 gennnaio<\/h3>\n<\/blockquote>\n<p>&nbsp;<\/p>\n<p><strong><span style=\"color: #ff0000;\">AGORDO:<\/span><\/strong>\u00a0 162 (-5)\u00a0 <span style=\"color: #ff0000;\"><strong>ROCCA PIETORE<\/strong> <span style=\"color: #000000;\">54 <\/span><\/span>\u00a0(-6) <strong><span style=\"color: #ff0000;\">TAIBON<\/span><\/strong> 55 (-10) <span style=\"color: #ff0000;\"><strong>CANALE D&#8217;AGORDO<\/strong> <span style=\"color: #000000;\">18 (-6)\u00a0<\/span> <span style=\"color: #000000;\">\u00a0 <span style=\"color: #ff0000;\"><strong>ALLEGHE<\/strong><\/span> 46 (-9)\u00a0 <span style=\"color: #ff0000;\"><strong>VOLTAGO<\/strong><\/span> 22\u00a0 ()\u00a0 <span style=\"color: #ff0000;\"><strong>FALCADE<\/strong><\/span> 53 (-4)\u00a0 <\/span><\/span><strong><span style=\"color: #ff0000;\">LIVINALLONGO<\/span><\/strong>\u00a0 61 (-11)\u00a0 <strong><span style=\"color: #ff0000;\">CENCENIGHE<\/span><\/strong> 31 (-4)\u00a0 <strong><span style=\"color: #ff0000;\">VALLADA<\/span> <\/strong>10 ()\u00a0 <span style=\"color: #ff0000;\"><strong>LA VALLE<\/strong>\u00a0<\/span> 17 (-6) <span style=\"color: #ff0000;\"><strong>RIVAMONTE<\/strong>\u00a0<\/span> 19 (-7)\u00a0 <strong><span style=\"color: #ff0000;\">SELVA DI CADORE<\/span><\/strong> 17 (+5) <strong><span style=\"color: #ff0000;\">SAN TOMASO<\/span> <\/strong>11 (-6) <strong><span style=\"color: #ff0000;\">COLLE SANTA LUCIA<\/span>\u00a0<\/strong> 22 (-2)\u00a0 <strong><span style=\"color: #ff0000;\">GOSALDO<\/span><\/strong> 13 (+1)<\/p>\n<p>ELABORAZIONE GRAFICA, TIZIANO DE COL<\/p>\n\n\t\t\t<style type='text\/css'>\n\t\t\t\t#gallery-3 {\n\t\t\t\t\tmargin: auto;\n\t\t\t\t}\n\t\t\t\t#gallery-3 .gallery-item {\n\t\t\t\t\tfloat: left;\n\t\t\t\t\tmargin-top: 10px;\n\t\t\t\t\ttext-align: center;\n\t\t\t\t\twidth: 50%;\n\t\t\t\t}\n\t\t\t\t#gallery-3 img {\n\t\t\t\t\tborder: 2px solid #cfcfcf;\n\t\t\t\t}\n\t\t\t\t#gallery-3 .gallery-caption {\n\t\t\t\t\tmargin-left: 0;\n\t\t\t\t}\n\t\t\t\t\/* see gallery_shortcode() in wp-includes\/media.php *\/\n\t\t\t<\/style>\n\t\t<div id='gallery-3' class='dt-gallery-container gallery galleryid-254784 gallery-columns-2 gallery-size-medium'><dl class='gallery-item'>\n\t\t\t\t<dt class='gallery-icon landscape'>\n\t\t\t\t\t<a class=\"rollover rollover-zoom dt-pswp-item\" title=\"0e8eaabd-41b9-425f-9f61-cb406abc67dd\" data-dt-img-description=\"\" data-large_image_width=\"612\" data-large_image_height=\"348\"href='https:\/\/www.radiopiu.net\/wordpress\/wp-content\/uploads\/2022\/01\/0e8eaabd-41b9-425f-9f61-cb406abc67dd.jpg'><img loading=\"lazy\" decoding=\"async\" width=\"300\" height=\"171\" src=\"https:\/\/www.radiopiu.net\/wordpress\/wp-content\/uploads\/2022\/01\/0e8eaabd-41b9-425f-9f61-cb406abc67dd-300x171.jpg\" class=\"attachment-medium size-medium\" alt=\"\" srcset=\"https:\/\/www.radiopiu.net\/wordpress\/wp-content\/uploads\/2022\/01\/0e8eaabd-41b9-425f-9f61-cb406abc67dd-300x171.jpg 300w, https:\/\/www.radiopiu.net\/wordpress\/wp-content\/uploads\/2022\/01\/0e8eaabd-41b9-425f-9f61-cb406abc67dd.jpg 612w\" sizes=\"auto, (max-width: 300px) 100vw, 300px\" \/><\/a>\n\t\t\t\t<\/dt><\/dl><dl class='gallery-item'>\n\t\t\t\t<dt class='gallery-icon landscape'>\n\t\t\t\t\t<a class=\"rollover rollover-zoom dt-pswp-item\" title=\"35f8970f-3ea9-4d2b-a664-e031fd70f85a\" data-dt-img-description=\"\" data-large_image_width=\"606\" data-large_image_height=\"357\"href='https:\/\/www.radiopiu.net\/wordpress\/wp-content\/uploads\/2022\/01\/35f8970f-3ea9-4d2b-a664-e031fd70f85a.jpg'><img loading=\"lazy\" decoding=\"async\" width=\"300\" height=\"177\" src=\"https:\/\/www.radiopiu.net\/wordpress\/wp-content\/uploads\/2022\/01\/35f8970f-3ea9-4d2b-a664-e031fd70f85a-300x177.jpg\" class=\"attachment-medium size-medium\" alt=\"\" srcset=\"https:\/\/www.radiopiu.net\/wordpress\/wp-content\/uploads\/2022\/01\/35f8970f-3ea9-4d2b-a664-e031fd70f85a-300x177.jpg 300w, https:\/\/www.radiopiu.net\/wordpress\/wp-content\/uploads\/2022\/01\/35f8970f-3ea9-4d2b-a664-e031fd70f85a.jpg 606w\" sizes=\"auto, (max-width: 300px) 100vw, 300px\" \/><\/a>\n\t\t\t\t<\/dt><\/dl><br style=\"clear: both\" \/>\n\t\t\t<\/div>\n\n<p>&nbsp;<\/p>\n<hr \/>\n<p>&nbsp;<\/p>\n<blockquote class=\"wp-embedded-content\" data-secret=\"MzbKqnKIga\"><p><a href=\"https:\/\/www.radiopiu.net\/wordpress\/aggiornamentonaz2022gen18\/\">CORONAVIRUS: AGGIORNAMENTO NAZIONALE 18ENNAIO 2022<\/a><\/p><\/blockquote>\n<p><iframe loading=\"lazy\" class=\"wp-embedded-content\" sandbox=\"allow-scripts\" security=\"restricted\" style=\"position: absolute; clip: rect(1px, 1px, 1px, 1px);\" title=\"&#8220;CORONAVIRUS: AGGIORNAMENTO NAZIONALE 18ENNAIO 2022&#8221; &#8212; Radio Pi\u00f9\" src=\"https:\/\/www.radiopiu.net\/wordpress\/aggiornamentonaz2022gen18\/embed\/#?secret=MzbKqnKIga\" data-secret=\"MzbKqnKIga\" width=\"600\" height=\"338\" frameborder=\"0\" marginwidth=\"0\" marginheight=\"0\" scrolling=\"no\"><\/iframe><\/p>\n<p>&nbsp;<\/p>\n<p>&nbsp;<\/p>\n<blockquote class=\"wp-embedded-content\" data-secret=\"AruCaDvZFg\"><p><a href=\"https:\/\/www.radiopiu.net\/wordpress\/sono-piu-di-25-mila-i-nuovi-positivi-in-veneto-delle-ultime-24-ore-aumentano-i-ricoveri-44-decessi\/\">SONO PIU&#8217; DI 25 MILA I NUOVI POSITIVI IN VENETO DELLE ULTIME 24 ORE. AUMENTANO I RICOVERI, 44 DECESSI<\/a><\/p><\/blockquote>\n<p><iframe loading=\"lazy\" class=\"wp-embedded-content\" sandbox=\"allow-scripts\" security=\"restricted\" style=\"position: absolute; clip: rect(1px, 1px, 1px, 1px);\" title=\"&#8220;SONO PIU&#8217; DI 25 MILA I NUOVI POSITIVI IN VENETO DELLE ULTIME 24 ORE. AUMENTANO I RICOVERI, 44 DECESSI&#8221; &#8212; Radio Pi\u00f9\" src=\"https:\/\/www.radiopiu.net\/wordpress\/sono-piu-di-25-mila-i-nuovi-positivi-in-veneto-delle-ultime-24-ore-aumentano-i-ricoveri-44-decessi\/embed\/#?secret=AruCaDvZFg\" data-secret=\"AruCaDvZFg\" width=\"600\" height=\"338\" frameborder=\"0\" marginwidth=\"0\" marginheight=\"0\" scrolling=\"no\"><\/iframe><\/p>\n<p>&nbsp;<\/p>\n<h2>I GRAFICI DI TIZIANO DE COL<\/h2>\n\n\t\t\t<style type='text\/css'>\n\t\t\t\t#gallery-4 {\n\t\t\t\t\tmargin: auto;\n\t\t\t\t}\n\t\t\t\t#gallery-4 .gallery-item {\n\t\t\t\t\tfloat: left;\n\t\t\t\t\tmargin-top: 10px;\n\t\t\t\t\ttext-align: center;\n\t\t\t\t\twidth: 33%;\n\t\t\t\t}\n\t\t\t\t#gallery-4 img {\n\t\t\t\t\tborder: 2px solid #cfcfcf;\n\t\t\t\t}\n\t\t\t\t#gallery-4 .gallery-caption {\n\t\t\t\t\tmargin-left: 0;\n\t\t\t\t}\n\t\t\t\t\/* see gallery_shortcode() in wp-includes\/media.php *\/\n\t\t\t<\/style>\n\t\t<div id='gallery-4' class='dt-gallery-container gallery galleryid-254784 gallery-columns-3 gallery-size-thumbnail'><dl class='gallery-item'>\n\t\t\t\t<dt class='gallery-icon landscape'>\n\t\t\t\t\t<a class=\"rollover rollover-zoom dt-pswp-item\" title=\"a981a51e-666f-412b-a963-43e5c1ab290f\" data-dt-img-description=\"\" data-large_image_width=\"596\" data-large_image_height=\"354\"href='https:\/\/www.radiopiu.net\/wordpress\/wp-content\/uploads\/2022\/01\/a981a51e-666f-412b-a963-43e5c1ab290f.jpg'><img loading=\"lazy\" decoding=\"async\" width=\"150\" height=\"150\" src=\"https:\/\/www.radiopiu.net\/wordpress\/wp-content\/uploads\/2022\/01\/a981a51e-666f-412b-a963-43e5c1ab290f-150x150.jpg\" class=\"attachment-thumbnail size-thumbnail\" alt=\"\" \/><\/a>\n\t\t\t\t<\/dt><\/dl><dl class='gallery-item'>\n\t\t\t\t<dt class='gallery-icon landscape'>\n\t\t\t\t\t<a class=\"rollover rollover-zoom dt-pswp-item\" title=\"90b362c9-804d-4840-b8f8-f58b27061500\" data-dt-img-description=\"\" data-large_image_width=\"606\" data-large_image_height=\"365\"href='https:\/\/www.radiopiu.net\/wordpress\/wp-content\/uploads\/2022\/01\/90b362c9-804d-4840-b8f8-f58b27061500.jpg'><img loading=\"lazy\" decoding=\"async\" width=\"150\" height=\"150\" src=\"https:\/\/www.radiopiu.net\/wordpress\/wp-content\/uploads\/2022\/01\/90b362c9-804d-4840-b8f8-f58b27061500-150x150.jpg\" class=\"attachment-thumbnail size-thumbnail\" alt=\"\" \/><\/a>\n\t\t\t\t<\/dt><\/dl><dl class='gallery-item'>\n\t\t\t\t<dt class='gallery-icon landscape'>\n\t\t\t\t\t<a class=\"rollover rollover-zoom dt-pswp-item\" title=\"3eba8962-8eb1-4e9c-9a84-9a88846f7472\" data-dt-img-description=\"\" data-large_image_width=\"612\" data-large_image_height=\"364\"href='https:\/\/www.radiopiu.net\/wordpress\/wp-content\/uploads\/2022\/01\/3eba8962-8eb1-4e9c-9a84-9a88846f7472.jpg'><img loading=\"lazy\" decoding=\"async\" width=\"150\" height=\"150\" src=\"https:\/\/www.radiopiu.net\/wordpress\/wp-content\/uploads\/2022\/01\/3eba8962-8eb1-4e9c-9a84-9a88846f7472-150x150.jpg\" class=\"attachment-thumbnail size-thumbnail\" alt=\"\" \/><\/a>\n\t\t\t\t<\/dt><\/dl><br style=\"clear: both\" \/><dl class='gallery-item'>\n\t\t\t\t<dt class='gallery-icon landscape'>\n\t\t\t\t\t<a class=\"rollover rollover-zoom dt-pswp-item\" title=\"6db887db-4290-4954-bed3-5e8497463431\" data-dt-img-description=\"\" data-large_image_width=\"600\" data-large_image_height=\"356\"href='https:\/\/www.radiopiu.net\/wordpress\/wp-content\/uploads\/2022\/01\/6db887db-4290-4954-bed3-5e8497463431.jpg'><img loading=\"lazy\" decoding=\"async\" width=\"150\" height=\"150\" src=\"https:\/\/www.radiopiu.net\/wordpress\/wp-content\/uploads\/2022\/01\/6db887db-4290-4954-bed3-5e8497463431-150x150.jpg\" class=\"attachment-thumbnail size-thumbnail\" alt=\"\" \/><\/a>\n\t\t\t\t<\/dt><\/dl><dl class='gallery-item'>\n\t\t\t\t<dt class='gallery-icon landscape'>\n\t\t\t\t\t<a class=\"rollover rollover-zoom dt-pswp-item\" title=\"89c5c6c6-dea8-455e-85a1-793f454ebc7e\" data-dt-img-description=\"\" data-large_image_width=\"610\" data-large_image_height=\"360\"href='https:\/\/www.radiopiu.net\/wordpress\/wp-content\/uploads\/2022\/01\/89c5c6c6-dea8-455e-85a1-793f454ebc7e.jpg'><img loading=\"lazy\" decoding=\"async\" width=\"150\" height=\"150\" src=\"https:\/\/www.radiopiu.net\/wordpress\/wp-content\/uploads\/2022\/01\/89c5c6c6-dea8-455e-85a1-793f454ebc7e-150x150.jpg\" class=\"attachment-thumbnail size-thumbnail\" alt=\"\" \/><\/a>\n\t\t\t\t<\/dt><\/dl>\n\t\t\t\t<br style='clear: both' \/>\n\t\t\t<\/div>\n\n<p>&nbsp;<\/p>\n<p>&nbsp;<\/p>\n<hr \/>\n<p>&nbsp;<\/p>\n<blockquote>\n<h3>AGGIORNAMENTO CAMPAGNA VACCINALE NELLA ULSS1 DOLOMITI<\/h3>\n<\/blockquote>\n<p><strong><a href=\"https:\/\/www.radiopiu.net\/wordpress\/giornale-radiopiu-18-dicembre-2021-direttore-mirko-mezzacasa\/vaccini_pala_mares_2\/\" rel=\"attachment wp-att-249003\"><img loading=\"lazy\" decoding=\"async\" class=\" wp-image-249003 alignleft\" src=\"https:\/\/www.radiopiu.net\/wordpress\/wp-content\/uploads\/2021\/12\/Vaccini_Pala_Mares_2-300x165.jpg\" alt=\"\" width=\"265\" height=\"146\" srcset=\"https:\/\/www.radiopiu.net\/wordpress\/wp-content\/uploads\/2021\/12\/Vaccini_Pala_Mares_2-300x165.jpg 300w, https:\/\/www.radiopiu.net\/wordpress\/wp-content\/uploads\/2021\/12\/Vaccini_Pala_Mares_2-1024x564.jpg 1024w, https:\/\/www.radiopiu.net\/wordpress\/wp-content\/uploads\/2021\/12\/Vaccini_Pala_Mares_2-768x423.jpg 768w, https:\/\/www.radiopiu.net\/wordpress\/wp-content\/uploads\/2021\/12\/Vaccini_Pala_Mares_2.jpg 1312w\" sizes=\"auto, (max-width: 265px) 100vw, 265px\" \/><\/a>BELLUNO \u2981 Totale dosi somministrate: 409.105 <\/strong>\u2981 83,8% \u2013 162.010 persone vaccinate con primo ciclo over 5 \u2981 81,2% &#8211; 156.908 persone con ciclo completo over 5 \u2981 31.270 persone ancora da vaccinare over 5 anni <strong>Risultano vaccinati con almeno una dose: <\/strong>\u2981 Il 22,5% dei 5-11 enni (2.452) \u2981 l\u201983,1% % dei 12- 19 enni (11.802persone) \u2981 l\u2019 85,1 % dei 20-29enni (16.119) \u2981 l\u2019 81 % dei 30-39enni (16.069) \u2981 l\u2019 80,3% dei 40-49enni (22.069) \u2981 l\u201987,1% dei 50-59enni (28.924) \u2981 l\u201989,6 % dei 60-69enni (25.026) \u2981 il 93,7% dei 70-79enni (22.287) \u2981 circa il 100% degli over 80 (17.270) <strong>Le persone ancora da vaccinare sono cos\u00ec suddivise: <\/strong>\u2981 5-11 anni: 8.436 (77,5%) \u2981 12-19 anni: 2.405 (16,9%) \u2981 20-29 anni: 2.830 (14,9%) \u2981 30-39 anni: 3.779 (19,0%) \u2981 40-49 anni: 5.423 (19,7%) \u2981 50-59 anni: 4.294 (12,9%) \u2981 60-69 anni: 2.899 (10,4%) \u2981 70 79 anni: 1.486 (6,3%). <strong>Dal 1 gennaio al 17 gennaio 2022 sono state somministrate 3380 prime dosi cos\u00ec divise per fascia d\u2019et\u00e0: <\/strong>5-11 1120\u00a0 \u00a0 \u00a012-19 805\u00a0 \u00a0 20-29 191\u00a0 \u00a0 30-39 202\u00a0 \u00a0 \u00a040-49 214\u00a0 \u00a0 \u00a050-59 323\u00a0 \u00a0 \u00a060-69 256\u00a0 \u00a070-79 123\u00a0 \u00a0 \u00a0 over 80 146\u00a0 \u00a0 \u00a0 \u00a0TOTALE 3380\u00a0 \u00a0 \u00a0 <strong>TERZE DOSI\/dosi booster <\/strong>\u2981 103.956 terze dosi gi\u00e0 somministrate \u2981 81,9% della popolazione totale eleggibile gi\u00e0 vaccinato con dose booster \u2981 87,6% degli over 80 \u2981 89,7% dei 70-79enni \u2981 86,4 % dei 60-69enni \u00a083,7 % dei 50-59enni\u00a0 \u2981 76,8 % dei 40-49enni \u2981 72,2 % dei 30-39enni\u00a0 \u00a069,3 % dei 20-29enni\u00a0 \u2981 56,5 % dei 12-19 enni<\/p>\n<p>&nbsp;<\/p>\n<p>&nbsp;<\/p>\n<hr \/>\n<p>&nbsp;<\/p>\n<blockquote>\n<h3>DISPOSITIVI PER DIABETICI DA RITIRARE IN FARMACIA, LE NUOVE INDICAZIONI<\/h3>\n<\/blockquote>\n<p><strong>BELLUNO<\/strong> Per gli utenti con piani di cura attivi per l&#8217;erogazione di dispositivi per l&#8217;automonitoraggio glicemico (strisce, lancette, aghi per penna, siringhe da insulina, sensori FGM):\u00a0 dal 27 al 31 gennaio l&#8217;applicativo informatico WebCare-Diabete sar\u00e0 bloccato per migrazione dei piani su altra piattaforma. Pertanto in tali giornate i dispositivi per l&#8217;automonitoraggio glicemico per il diabete non potranno essere ritirati presso le farmacie. Si invitano i pazienti che necessitano del ritiro in tale periodo a rifornirsi entro il 25 gennaio.\u00a0 La nuova piattaforma sar\u00e0 attiva dal 1\u00b0 febbraio 2022.<\/p>\n<p>&nbsp;<\/p>\n<p>&nbsp;<\/p>\n<hr \/>\n<p>&nbsp;<\/p>\n<blockquote>\n<h3>GINECOLOGIA DI BELLUNO: STUDIO SU ALCOOL E GRAVIDANZA, I PRIMI RISULTATI<\/h3>\n<p><em>La Ginecologia e ostetricia di Belluno ha preso parte come centro satellite allo Studio \u201cPrevenzione, diagnosi\u00a0 precoce e trattamento mirato dello spettro dei disturbi feto alcolici promosso dall&#8217;Istituto Superiore di Sanit\u00e0 a livello nazionale.<\/em><\/p><\/blockquote>\n<p><strong><a href=\"https:\/\/www.radiopiu.net\/wordpress\/giornale-radiopiu-19-gennaio-2022-direttore-mirko-mezzacasa\/pregnant-6189040__480\/\" rel=\"attachment wp-att-254875\"><img loading=\"lazy\" decoding=\"async\" class=\" wp-image-254875 alignleft\" src=\"https:\/\/www.radiopiu.net\/wordpress\/wp-content\/uploads\/2022\/01\/pregnant-6189040__480-300x200.jpg\" alt=\"\" width=\"239\" height=\"159\" srcset=\"https:\/\/www.radiopiu.net\/wordpress\/wp-content\/uploads\/2022\/01\/pregnant-6189040__480-300x200.jpg 300w, https:\/\/www.radiopiu.net\/wordpress\/wp-content\/uploads\/2022\/01\/pregnant-6189040__480.jpg 720w\" sizes=\"auto, (max-width: 239px) 100vw, 239px\" \/><\/a>BELLUNO <\/strong>L&#8217;uso di alcol durante la gravidanza e la conseguente esposizione fetale pu\u00f2 causare un numero di disordini dello sviluppo, noto come spettro dei disturbi feto alcolici, la cui patologia pi\u00f9 grave \u00e8 la sindrome fetoalcolica che rappresenta la prima causa conosciuta di ritardo mentale e nel bambino poi adulto, causando una disabilit\u00e0 mentale e neuro comportamentale permanente. Sono per\u00f2 patologie prevenibili al 100% evitando del tutto il consumo di alcol durante la gravidanza e nei momenti precedenti ad essa quando si desidera avere un figlio.\u00a0 Scopo dello studio \u00e8 la raccolta di dati per valutare la reale prevalenza del consumo di alcol durante la gravidanza nella popolazione italiana, la letteratura infatti su questo argomento \u00e8 insufficiente. L&#8217;Ostetricia di Belluno ha partecipato allo studio reclutando 25 donne gravide e 25 neonati , selezionati casualmente, che hanno aderito su base volontaria e anonima. Al momento sono giunti i risultati delle analisi effettuate sui campioni: nessuno dei 25 risulta pari, prossimo o superiore del cut off di sicurezza, pertanto durante la gravidanza il consumo di alcol materno \u00e8 stato assente o estremamente limitato.<\/p>\n<p>&nbsp;<\/p>\n<p>&nbsp;<\/p>\n<hr \/>\n<p>&nbsp;<\/p>\n<blockquote>\n<h3>DOMENICA AL NOF FILO\u2019 DI CENCENIGHE VACCINAZIONI ANTI COVID AD ACCESSO LIBERO<\/h3>\n<\/blockquote>\n<p><strong>CENCENIGHE<\/strong> Domenica 23 gennaio dalle 9 alle 13 al Nof Fil\u00f2 di Cencenighe \u00e8 programmata una giornata per le vaccinazioni ant covid ad accesso libero dedicata a prime dosi e dose booster. I medici di medicina generale e i pediatri di libera scelta saranno a disposizione per rispondere a qualsiasi dubbio. Per la vaccinazione bastano la tessera sanitaria e la scheda anamnestica compilata.<\/p>\n<p>&nbsp;<\/p>\n<p>&nbsp;<\/p>\n<hr \/>\n<p>&nbsp;<\/p>\n<p>&nbsp;<\/p>\n<blockquote>\n<h3>BUSINARO NEO PRESIDENTE DI CERTOTTICA E DOLOMITICERT. I COMPLIMENTI DI ZAIA<\/h3>\n<\/blockquote>\n<p><strong><a href=\"https:\/\/www.radiopiu.net\/wordpress\/giornale-radiopiu-23-novembre-2019-direttore-mirko-mezzacasa\/la-sede-del-politecnico\/\" rel=\"attachment wp-att-107342\"><img loading=\"lazy\" decoding=\"async\" class=\" wp-image-107342 alignleft\" src=\"https:\/\/www.radiopiu.net\/wordpress\/wp-content\/uploads\/2019\/11\/la-sede-del-politecnico-300x225.jpg\" alt=\"\" width=\"156\" height=\"117\" srcset=\"https:\/\/www.radiopiu.net\/wordpress\/wp-content\/uploads\/2019\/11\/la-sede-del-politecnico-300x225.jpg 300w, https:\/\/www.radiopiu.net\/wordpress\/wp-content\/uploads\/2019\/11\/la-sede-del-politecnico-768x576.jpg 768w, https:\/\/www.radiopiu.net\/wordpress\/wp-content\/uploads\/2019\/11\/la-sede-del-politecnico-1024x768.jpg 1024w, https:\/\/www.radiopiu.net\/wordpress\/wp-content\/uploads\/2019\/11\/la-sede-del-politecnico.jpg 1280w\" sizes=\"auto, (max-width: 156px) 100vw, 156px\" \/><\/a>VENEZIA<\/strong>\u00a0 \u201c<em>Luca Businaro, al quale faccio i miei complimenti e auguri di buon lavoro, sapr\u00e0 portare in Certottica e Dolomiticert un sostanzioso contributo di capacit\u00e0 ed esperienza\u201d<\/em>. Lo dice il Presidente della Regione del Veneto, Luca Zaia, commentando la nomina di del manager a Presidente di Certottica e Dolomiticert. \u201c<em>L\u2019occhialeria \u00e8 un settore trainante dell\u2019economia veneta e anche un elemento della storia imprenditoriale del bellunese e di tutta la nostra regione \u2013 aggiunge Zaia \u2013 fatto di qualit\u00e0, ingegno, modernit\u00e0. L\u2019apporto del neo Presidente a questa straordinaria realt\u00e0 sar\u00e0 di certo elemento di nuova crescita e di risposta alle sfide poste dal mercato globale\u201d.<\/em><\/p>\n<p>&nbsp;<\/p>\n<p>&nbsp;<\/p>\n<hr \/>\n<blockquote>\n<h3>CARO ENERGIA. BOND: &#8220;PREVEDERE SUBITO RISTORI ALL&#8217;AGRICOLTURA&#8221;<\/h3>\n<\/blockquote>\n<p><strong><a href=\"https:\/\/www.radiopiu.net\/wordpress\/giornale-radiopiu-26-luglio-2019-direttore-mirko-mezzacasa\/dario-bond-6\/\" rel=\"attachment wp-att-93051\"><img loading=\"lazy\" decoding=\"async\" class=\"size-medium wp-image-93051 alignleft\" src=\"https:\/\/www.radiopiu.net\/wordpress\/wp-content\/uploads\/2019\/07\/Dario-Bond-300x200.jpg\" alt=\"\" width=\"300\" height=\"200\" srcset=\"https:\/\/www.radiopiu.net\/wordpress\/wp-content\/uploads\/2019\/07\/Dario-Bond-300x200.jpg 300w, https:\/\/www.radiopiu.net\/wordpress\/wp-content\/uploads\/2019\/07\/Dario-Bond-768x512.jpg 768w, https:\/\/www.radiopiu.net\/wordpress\/wp-content\/uploads\/2019\/07\/Dario-Bond-1024x683.jpg 1024w\" sizes=\"auto, (max-width: 300px) 100vw, 300px\" \/><\/a>ROMA<\/strong> \u201cL\u2019agricoltura di montagna rischia di essere spazzata via dal rincaro energetico che sta colpendo tutte le imprese. Bisogna prevedere subito ristori e misure d\u2019emergenza\u201d. Cos\u00ec il deputato Dario Bond, che raccoglie l\u2019allarme lanciato lanciato dalle associazioni agricole. \u201cPer le piccole stalle di montagna sono previsti costi fino a 10mila euro in pi\u00f9 in un anno, solo per l\u2019energia elettrica. Se ci si aggiunge il gas, usato anche per la produzione di fertilizzanti, si arriva a una situazione insostenibile. Il rischio \u00e8 di perdere un settore fondamentale per le aree montane, strategico anche per la cura del territorio e per il turismo. Il governo preveda fin da subito ristori per le attivit\u00e0 agricole. E contromisure concrete, a partire da sgravi importanti per le aziende che producono energia green, anche azzerando gli oneri di sistema\u201d.<\/p>\n<p>&nbsp;<\/p>\n<p>&nbsp;<\/p>\n<p>&nbsp;<\/p>\n<hr \/>\n<p>&nbsp;<\/p>\n<p>&nbsp;<\/p>\n<p>&nbsp;<\/p>\n<blockquote>\n<h3><strong>CARO-BOLLETTA E RISTORI, BERTON GUARDA AL CDM DI GIOVEDI\u2019<\/strong><\/h3>\n<\/blockquote>\n<p><strong><a href=\"https:\/\/www.radiopiu.net\/wordpress\/doppio-furto-al-distributore-scassinato-il-lettore-di-banconote\/gas-297117_960_720\/\" rel=\"attachment wp-att-149303\"><img loading=\"lazy\" decoding=\"async\" class=\" wp-image-149303 alignleft\" src=\"https:\/\/www.radiopiu.net\/wordpress\/wp-content\/uploads\/2020\/07\/gas-297117_960_720-226x300.png\" alt=\"\" width=\"142\" height=\"188\" srcset=\"https:\/\/www.radiopiu.net\/wordpress\/wp-content\/uploads\/2020\/07\/gas-297117_960_720-226x300.png 226w, https:\/\/www.radiopiu.net\/wordpress\/wp-content\/uploads\/2020\/07\/gas-297117_960_720.png 542w\" sizes=\"auto, (max-width: 142px) 100vw, 142px\" \/><\/a>BELLUNO<\/strong><em> \u201cIl Consiglio dei Ministri, convocato per gioved\u00ec, dovr\u00e0 dare una risposta seria e immediata al caro-bolletta. Gli aumenti sono vertiginosi e fuori da ogni logica di mercato: il manifatturiero rischia lo stop e in montagna \u2013 dove i costi dell\u2019energia incidono maggiormente per evidenti motivi \u2013 il pericolo \u00e8 ancora pi\u00f9 drammatico. \u00c8 una bomba che va disinnescata subito e mi auguro che i ministri bellunesi sappiano sottolineare la particolare condizione delle imprese \u2013 e ovviamente delle famiglie \u2013 che vivono e operano nelle terre alte\u201d. <\/em>\u00c8 un vero e proprio appello quello che Lorraine Berton, presidente di Confindustria Belluno Dolomiti, lancia all\u2019Esecutivo Draghi in vista della seduta del Consiglio dei Ministri convocata per domani. <em>\u201c\u00c8 una riunione cruciale; da questa, dipender\u00e0 il 2022 di molte imprese e di una fetta consistente del Made in Italy, di cui il Bellunese \u00e8 uno degli ambasciatori pi\u00f9 credibili\u201d. <\/em>L\u2019aumento dei prezzi delle materie prime sui mercati internazionali \u00e8 ampio e diffuso: petrolio +13% a dicembre 2021 su fine 2019, rame +57%, cotone +58%. Di recente, si \u00e8 aggiunta l\u2019abnorme impennata del gas naturale in Europa (+723%). Il balzo del gas si \u00e8 quindi trasferito sul prezzo dell\u2019energia elettrica in Italia, facendo lievitare i costi energetici delle imprese industriali: 37 miliardi previsti nel 2022, da 8 nel 2019. \u201cUn livello insostenibile, che minaccia chiusure di molte aziende\u201d, ha sentenziato lo stesso report del Centro Studi di Confindustria.<\/p>\n<p><strong>DOCUMENTO IN 14 PAGINE,\u00a0 Centro Studi di Confindustria\u00a0 indagine choc sui rincari delle commodity, in particolare gas ed energia elettrica.<\/strong><\/p>\n<a href=\"https:\/\/www.radiopiu.net\/wordpress\/wp-content\/uploads\/2022\/01\/Nota-CSC_prezzi_ed_energia_170122_Confindustria.pdf\" class=\"pdfemb-viewer\" style=\"\" data-width=\"max\" data-height=\"max\" data-toolbar=\"top\" data-toolbar-fixed=\"on\">Nota CSC_prezzi_ed_energia_170122_Confindustria<\/a><a href=\"https:\/\/www.radiopiu.net\/wordpress\/wp-content\/uploads\/2022\/01\/Nota-CSC_prezzi_ed_energia_170122_Confindustria-1.pdf\" class=\"pdfemb-viewer\" style=\"\" data-width=\"max\" data-height=\"max\" data-toolbar=\"top\" data-toolbar-fixed=\"on\">Nota CSC_prezzi_ed_energia_170122_Confindustria-1<\/a>\n<p>&nbsp;<\/p>\n<p>&nbsp;<\/p>\n<hr \/>\n<p>&nbsp;<\/p>\n<div>\n<blockquote>\n<h3 style=\"margin: 0px; text-align: justify; font-style: normal; font-variant-caps: normal; font-weight: normal; font-stretch: normal; font-size: 28px; line-height: normal; font-family: Helvetica; color: #1a1a1a;\">De Menech: \u00abIl nuovo protocollo aiuta le societ\u00e0 sportive e gli atleti\u00bb<\/h3>\n<\/blockquote>\n<p><strong><a href=\"https:\/\/www.radiopiu.net\/wordpress\/speciale-feltre-fondi-di-confine-e-biblioteche-dal-gr-pomeriggio-di-radio-piu\/roger_de_menech_daticamera\/\" rel=\"attachment wp-att-49599\"><img loading=\"lazy\" decoding=\"async\" class=\"size-full wp-image-49599 alignleft\" src=\"https:\/\/www.radiopiu.net\/wordpress\/wp-content\/uploads\/2018\/05\/Roger_De_Menech_daticamera.jpg\" alt=\"\" width=\"165\" height=\"228\" \/><\/a>ROMA<\/strong> Ridotti fino a un minimo di 7 giorni i tempi di riprese delle attivit\u00e0 per gli sportivi contagiati dal Covid. L\u2019approvazione del protocollo \u2018Return to play\u2019 fornisce una risposta alle difficolt\u00e0 e ai problemi evidenziati in queste ultime settimane dalle tante societ\u00e0 sportive dilettantistiche su tutto il territorio italiano, che si vedevano costrette ad attendere tempi molto lunghi per il ritorno in campo dei diversi atleti colpiti dal Covid <em>\u00abUn tema sentito anche dal mondo sportivo bellunese che in questi giorni mi aveva interpellato\u00bb, spiega il deputato Roger De Menech, \u00abper rappresentare le difficolt\u00e0 registrate\u00bb. Grazie all\u2019impegno del collega emiliano Andrea Rossi e all\u2019attenzione della Federazione medico sportiva Maurizio Casasco, del ministro della Salute Roberto Speranza e della sottosegretaria allo Sport Valentina Vezzali il problema \u00e8 stato affrontato tempestivamente e il protocollo odierno \u00e8 il frutto di questo lavoro.\u00a0 <\/em>Il protocollo riduce i tempi della ripresa dell\u2019attivit\u00e0 sportiva, che prima di oggi era di 30 giorni, e gli approfondimenti diagnostici essenziali tenendo in considerazione come gli stessi devono essere circoscritti in relazione all\u2019et\u00e0, alla presenza o meno di patologie individuate come fattori di rischio, allo status vaccinale oltre che allo stato clinico della malattia e del massimo rispetto della salute degli atleti.\u00a0 Quindi il rientro in attivit\u00e0 sar\u00e0 variabile da atleta ad atleta, ma pu\u00f2 essere ridotto fino a un minimo di sette giorni. Le nuove regole riducono infine i costi a carico delle famiglie e semplificano per la medicina sportiva il rientro all\u2019attivit\u00e0.<\/p>\n<div style=\"width: 848px;\" class=\"wp-video\"><video class=\"wp-video-shortcode\" id=\"video-254784-3\" width=\"848\" height=\"480\" preload=\"metadata\" controls=\"controls\"><source type=\"video\/mp4\" src=\"https:\/\/www.radiopiu.net\/wordpress\/wp-content\/uploads\/2022\/01\/WhatsApp-Video-2022-01-18-at-18.28.53-1.mp4?_=3\" \/><a href=\"https:\/\/www.radiopiu.net\/wordpress\/wp-content\/uploads\/2022\/01\/WhatsApp-Video-2022-01-18-at-18.28.53-1.mp4\">https:\/\/www.radiopiu.net\/wordpress\/wp-content\/uploads\/2022\/01\/WhatsApp-Video-2022-01-18-at-18.28.53-1.mp4<\/a><\/video><\/div>\n<p>&nbsp;<\/p>\n<hr \/>\n<p>&nbsp;<\/p>\n<p>&nbsp;<\/p>\n<p>&nbsp;<\/p>\n<\/div>\n<blockquote class=\"wp-embedded-content\" data-secret=\"MBaa9YQroe\"><p><a href=\"https:\/\/www.radiopiu.net\/wordpress\/gis2\/\">ALLEVAMENTO NELL\u2019AGORDINO I GIOVANI CI CREDONO DI Gianni Santomaso<\/a><\/p><\/blockquote>\n<p><iframe loading=\"lazy\" class=\"wp-embedded-content\" sandbox=\"allow-scripts\" security=\"restricted\" style=\"position: absolute; clip: rect(1px, 1px, 1px, 1px);\" title=\"&#8220;ALLEVAMENTO NELL\u2019AGORDINO I GIOVANI CI CREDONO DI Gianni Santomaso&#8221; &#8212; Radio Pi\u00f9\" src=\"https:\/\/www.radiopiu.net\/wordpress\/gis2\/embed\/#?secret=MBaa9YQroe\" data-secret=\"MBaa9YQroe\" width=\"600\" height=\"338\" frameborder=\"0\" marginwidth=\"0\" marginheight=\"0\" scrolling=\"no\"><\/iframe><\/p>\n<p>&nbsp;<\/p>\n<p>&nbsp;<\/p>\n<hr \/>\n<p>&nbsp;<\/p>\n<p><strong>ARCHIVIO RADIOPIU<\/strong><\/p>\n<blockquote class=\"wp-embedded-content\" data-secret=\"yR3NDxbcyM\"><p><a href=\"https:\/\/www.radiopiu.net\/wordpress\/il-calzolaio-a-colle-santa-lucia-di-matteo-manfroi\/\">IL CALZOLAIO A COLLE SANTA LUCIA&#8230;di Matteo Manfroi<\/a><\/p><\/blockquote>\n<p><iframe loading=\"lazy\" class=\"wp-embedded-content\" sandbox=\"allow-scripts\" security=\"restricted\" style=\"position: absolute; clip: rect(1px, 1px, 1px, 1px);\" title=\"&#8220;IL CALZOLAIO A COLLE SANTA LUCIA&#8230;di Matteo Manfroi&#8221; &#8212; Radio Pi\u00f9\" src=\"https:\/\/www.radiopiu.net\/wordpress\/il-calzolaio-a-colle-santa-lucia-di-matteo-manfroi\/embed\/#?secret=yR3NDxbcyM\" data-secret=\"yR3NDxbcyM\" width=\"600\" height=\"338\" frameborder=\"0\" marginwidth=\"0\" marginheight=\"0\" scrolling=\"no\"><\/iframe><\/p>\n<p>&nbsp;<\/p>\n<p>&nbsp;<\/p>\n<blockquote class=\"wp-embedded-content\" data-secret=\"W3uZAeTeMs\"><p><a href=\"https:\/\/www.radiopiu.net\/wordpress\/anche-brunella-moro-per-i-servizi-alla-persona\/\">ANCHE BRUNELLA MORO&#8230; PER I SERVIZI ALLA PERSONA<\/a><\/p><\/blockquote>\n<p><iframe loading=\"lazy\" class=\"wp-embedded-content\" sandbox=\"allow-scripts\" security=\"restricted\" style=\"position: absolute; clip: rect(1px, 1px, 1px, 1px);\" title=\"&#8220;ANCHE BRUNELLA MORO&#8230; PER I SERVIZI ALLA PERSONA&#8221; &#8212; Radio Pi\u00f9\" src=\"https:\/\/www.radiopiu.net\/wordpress\/anche-brunella-moro-per-i-servizi-alla-persona\/embed\/#?secret=W3uZAeTeMs\" data-secret=\"W3uZAeTeMs\" width=\"600\" height=\"338\" frameborder=\"0\" marginwidth=\"0\" marginheight=\"0\" scrolling=\"no\"><\/iframe><\/p>\n<p>&nbsp;<\/p>\n<p>&nbsp;<\/p>\n<p>&nbsp;<\/p>\n<hr \/>\n<blockquote>\n<h3><\/h3>\n<h3>BIODISTRETTO \u201cTERRE BELLUNESI\u201d: RAGGIUNTE LE 150 ADESIONI<\/h3>\n<\/blockquote>\n<p><strong>FELTRE <\/strong>Prende sempre pi\u00f9 corpo l&#8217;iniziativa, lanciata in occasione dell&#8217;ultima Fiera di San Matteo, per la creazione del biodistretto \u201cTerre Bellunesi\u201d, che interessa tutto il territorio della provincia. Continua infatti a crescere il numero di aziende, operatori dei diversi settori, comitati, associazioni di categoria, enti istituzionali, scuole e fondazioni, singoli cittadini che hanno espresso la propria sottoscrizione preliminare alla \u201cCarta dei Principi\u201d e alla formazione del Comitato Promotore, che ha raggiunto e superato i 150 Soggetti. Tra gli ultimi, in ordine di tempo, anche la Diocesi di Belluno-Feltre. Proprio in questi giorni \u00e8 inoltre partita dal Comune di Feltre una lettera all&#8217;indirizzo dei sindaci, del presidente della provincia e dei presidenti delle Unioni Montane del Bellunese volta a presentare l&#8217;iniziativa e a proporne l&#8217;adesione anche istituzionale su vasta scala. Nelle prossime settimane, completata la fase preliminare delle adesioni al comitato promotore che \u2013 come detto \u2013 hanno raggiunto in questi giorni le 150 unit\u00e0, verr\u00e0 stilato un primo calendario di incontri in cui tutti gli aderenti saranno coinvolti per un confronto operativo sulle modalit\u00e0 di prosecuzione dell&#8217;iniziativa.\u00a0Per chi volesse conoscere pi\u00f9 nel dettaglio i contenuti dell&#8217;iniziativa \u00e8 possibile prendere visione della \u201cCarta dei principi\u201d del nuovo biodistretto \u201cTerre Bellunesi\u201d a questo link: <a href=\"https:\/\/sites.google.com\/view\/biodistrettoterrebellunesi\/home\">https:\/\/sites.google.com\/view\/biodistrettoterrebellunesi\/home<\/a> .<\/p>\n<p>&nbsp;<\/p>\n<p>&nbsp;<\/p>\n<hr \/>\n<p>&nbsp;<\/p>\n<p>&nbsp;<\/p>\n<blockquote class=\"wp-embedded-content\" data-secret=\"JMEAJxBmP5\"><p><a href=\"https:\/\/www.radiopiu.net\/wordpress\/la-valle-agordina-notizie-brevi-dal-1800-al-1899-di-tiziano-de-col\/\">LA VALLE AGORDINA, NOTIZIE BREVI DAL 1800 AL 1899, di TIZIANO DE COL<\/a><\/p><\/blockquote>\n<p><iframe loading=\"lazy\" class=\"wp-embedded-content\" sandbox=\"allow-scripts\" security=\"restricted\" style=\"position: absolute; clip: rect(1px, 1px, 1px, 1px);\" title=\"&#8220;LA VALLE AGORDINA, NOTIZIE BREVI DAL 1800 AL 1899, di TIZIANO DE COL&#8221; &#8212; Radio Pi\u00f9\" src=\"https:\/\/www.radiopiu.net\/wordpress\/la-valle-agordina-notizie-brevi-dal-1800-al-1899-di-tiziano-de-col\/embed\/#?secret=JMEAJxBmP5\" data-secret=\"JMEAJxBmP5\" width=\"600\" height=\"338\" frameborder=\"0\" marginwidth=\"0\" marginheight=\"0\" scrolling=\"no\"><\/iframe><\/p>\n<p>&nbsp;<\/p>\n<hr \/>\n<p>&nbsp;<\/p>\n<blockquote>\n<h3>VENERDI\u2019 IL CONSIGLIO COMUNALE DI CANALE D\u2019AGORDO<\/h3>\n<\/blockquote>\n<p><strong>CANALE D\u2019AGORDO<\/strong>\u00a0Il sindaco di Canale D\u2019Agordo Flavio Colgergnan ha convocato il consiglio comunale per venerd\u00ec alle 19 presso la sala Lina Zand\u00f2. Quattro punti in discussione tra cui la nomina del revisore dei conti per il triennio 2022-2025 e l\u2019approvazione del bilancio di ASCA.<\/p>\n<p>&nbsp;<\/p>\n<p>&nbsp;<\/p>\n<hr \/>\n<p>&nbsp;<\/p>\n<blockquote>\n<h3>ADOLE\u2013SCIENZA: INCONTRI ONLINE PER GENITORI<\/h3>\n<\/blockquote>\n<p><strong>BELLUNO <\/strong>Dal 28 gennaio Il Dipartimento Dipendenze dell\u2019Ulss Dolomiti ha organizzato una serie di incontri per genitori e adulti di riferimento di ragazzi adolescenti. Gli incontri si terranno online dalle 20.30 alle 22.00.<\/p>\n<p>&nbsp;<\/p>\n<p>&nbsp;<\/p>\n<hr \/>\n<p>&nbsp;<\/p>\n<blockquote>\n<h3><a href=\"https:\/\/www.radiopiu.net\/wordpress\/169-anniversario-di-fondazione-della-polizia-di-stato\/img-20210207-wa0009\/\" rel=\"attachment wp-att-202223\"><img loading=\"lazy\" decoding=\"async\" class=\"wp-image-202223 alignleft\" src=\"https:\/\/www.radiopiu.net\/wordpress\/wp-content\/uploads\/2021\/04\/IMG-20210207-WA0009-300x225.jpg\" alt=\"\" width=\"172\" height=\"129\" srcset=\"https:\/\/www.radiopiu.net\/wordpress\/wp-content\/uploads\/2021\/04\/IMG-20210207-WA0009-300x225.jpg 300w, https:\/\/www.radiopiu.net\/wordpress\/wp-content\/uploads\/2021\/04\/IMG-20210207-WA0009-1024x768.jpg 1024w, https:\/\/www.radiopiu.net\/wordpress\/wp-content\/uploads\/2021\/04\/IMG-20210207-WA0009-768x576.jpg 768w, https:\/\/www.radiopiu.net\/wordpress\/wp-content\/uploads\/2021\/04\/IMG-20210207-WA0009-1536x1152.jpg 1536w, https:\/\/www.radiopiu.net\/wordpress\/wp-content\/uploads\/2021\/04\/IMG-20210207-WA0009.jpg 1632w\" sizes=\"auto, (max-width: 172px) 100vw, 172px\" \/><\/a>LA POLIZIA DI STATO CERCA QUARANTA MEDICI<\/h3>\n<\/blockquote>\n<p><b>BELLUNO <\/b>E&#8217; stato pubblicato il concorso per titoli ed esami per l&#8217;assunzione di 40 medici per la Polizia di Stato. La domanda di partecipazione al concorso deve essere compilato entro 30 giorni attraverso il sito www.poliziadistato.it<\/p>\n<p>&nbsp;<\/p>\n<p>&nbsp;<\/p>\n<p>&nbsp;<\/p>\n<p>&nbsp;<\/p>\n<hr \/>\n<p>&nbsp;<\/p>\n<blockquote>\n<h3><br role=\"presentation\" \/><span dir=\"ltr\" role=\"presentation\">GUARDIA DI FINANZA: PUBBLICATA LA PROCEDURA DI SELEZIONE DEGLI ATLETI CON <\/span><span dir=\"ltr\" role=\"presentation\">DISABILIT\u00c0 FISICHE E SENSORIALI <\/span><\/h3>\n<\/blockquote>\n<p><strong>BELLUNO<\/strong> <span dir=\"ltr\" role=\"presentation\">Sul portale concorsi online della Guardia di Finanza, per la prima volta nella storia del Corpo \u00e8 stato pubblicato <\/span><span dir=\"ltr\" role=\"presentation\">il bando di concorso, per soli titoli, per la selezione di 6 atleti con disabilit\u00e0 fisiche e sensoriali, distinti per <\/span><span dir=\"ltr\" role=\"presentation\">discipline sportive, che faranno parte della Sezione Paralimpica Fiamme Gialle, istituita nell\u2019ambito dei Gruppi <\/span><span dir=\"ltr\" role=\"presentation\">Sportivi Fiamme Gialle. Al concorso possono partecipare coloro che abbiano, alla data di scadenza del termine per la presentazione della <br role=\"presentation\" \/>domanda, compiuto il 17\u00b0 anno e non abbiano superato il giorno di compimento del 35\u00b0 anno di et\u00e0 e che abbiano conseguito nella propria disciplina risultati agonistici di livello almeno nazionale, regolarmente certificati dal Comitato Italiano Paralimpico (C.I.P.) <\/span><span dir=\"ltr\" role=\"presentation\">La domanda di partecipazione al concorso, da presentare entro le ore 24.00 del 31 gennaio 2022, dovr\u00e0 essere <\/span><span dir=\"ltr\" role=\"presentation\">compilata <\/span><span dir=\"ltr\" role=\"presentation\">esclusivamente <\/span><span dir=\"ltr\" role=\"presentation\">mediante <\/span><span dir=\"ltr\" role=\"presentation\">la <\/span><span dir=\"ltr\" role=\"presentation\">procedura <\/span><span dir=\"ltr\" role=\"presentation\">telematica <\/span><span dir=\"ltr\" role=\"presentation\">disponibile <\/span><span dir=\"ltr\" role=\"presentation\">sul <\/span><span dir=\"ltr\" role=\"presentation\">portale <\/span><span dir=\"ltr\" role=\"presentation\">attivo <\/span><span dir=\"ltr\" role=\"presentation\">all\u2019indirizzo <\/span><br role=\"presentation\" \/><span dir=\"ltr\" role=\"presentation\">concorsi.gdf.gov.it\u00a0<\/span><\/p>\n<p>&nbsp;<\/p>\n<p>&nbsp;<\/p>\n<hr \/>\n<p>&nbsp;<\/p>\n<blockquote>\n<h3>SERVIZIO CIVILE UNIVERSALE PROGETTO \u201cABBRACCIO<\/h3>\n<\/blockquote>\n<p><strong><a href=\"https:\/\/www.radiopiu.net\/wordpress\/giornale-radiopiu-12-gennaio-2022-direttore-mirko-mezzacasa\/tree-97986_960_720\/\" rel=\"attachment wp-att-253452\"><img loading=\"lazy\" decoding=\"async\" class=\"wp-image-253452 alignleft\" src=\"https:\/\/www.radiopiu.net\/wordpress\/wp-content\/uploads\/2022\/01\/tree-97986_960_720-300x225.jpg\" alt=\"\" width=\"113\" height=\"85\" srcset=\"https:\/\/www.radiopiu.net\/wordpress\/wp-content\/uploads\/2022\/01\/tree-97986_960_720-300x225.jpg 300w, https:\/\/www.radiopiu.net\/wordpress\/wp-content\/uploads\/2022\/01\/tree-97986_960_720-768x575.jpg 768w, https:\/\/www.radiopiu.net\/wordpress\/wp-content\/uploads\/2022\/01\/tree-97986_960_720.jpg 960w\" sizes=\"auto, (max-width: 113px) 100vw, 113px\" \/><\/a>\u00a0BELLUNO<\/strong> Il Centro Italiano Solidariet\u00e0 di Belluno (Ceis) seleziona\u00a0 10\u00a0 volontari per il progetto di contrasto alle dipendente. Le domande vanno presentate entro il 26 gennaio. rivolgersi al Ce.I.S.,\u00a0 telefono: 0437 950895 \u2013 mail: info@ceisbelluno.org. Ulteriori informazioni anche su: www.ceisbelluno.org<\/p>\n<p>&nbsp;<\/p>\n<p>&nbsp;<\/p>\n<p>&nbsp;<\/p>\n<hr \/>\n<p>&nbsp;<\/p>\n<p>&nbsp;<\/p>\n<blockquote>\n<h3><a href=\"https:\/\/www.radiopiu.net\/wordpress\/novita-allo-stadio-alvise-de-toni-di-alleghe\/palaghiaccio-alleghe\/\" rel=\"attachment wp-att-139543\"><img loading=\"lazy\" decoding=\"async\" class=\"wp-image-139543 alignleft\" src=\"https:\/\/www.radiopiu.net\/wordpress\/wp-content\/uploads\/2020\/05\/PALAGHIACCIO-Alleghe-300x225.jpg\" alt=\"\" width=\"153\" height=\"115\" srcset=\"https:\/\/www.radiopiu.net\/wordpress\/wp-content\/uploads\/2020\/05\/PALAGHIACCIO-Alleghe-300x225.jpg 300w, https:\/\/www.radiopiu.net\/wordpress\/wp-content\/uploads\/2020\/05\/PALAGHIACCIO-Alleghe.jpg 640w\" sizes=\"auto, (max-width: 153px) 100vw, 153px\" \/><\/a>PALAGHIACCIO DI ALLEGHE CON L&#8217;ALLEGHE HOCKEY: PATTINAGGIO PUBBLICO<\/h3>\n<\/blockquote>\n<h3><strong>Sabato dalle 21 alle 23.00 Domenica dalle 14.30 alle 16.30.\u00a0<\/strong><\/h3>\n<p>&nbsp;<\/p>\n<p>&nbsp;<\/p>\n<p>&nbsp;<\/p>\n<hr \/>\n<p>&nbsp;<\/p>\n<blockquote>\n<h3><a href=\"https:\/\/www.radiopiu.net\/wordpress\/giornale-radiopiu-18-gennaio-2022-direttore-mirko-mezzacasa\/falcade-dolomiti-week-4-kids-gennaio-2022-2\/\" rel=\"attachment wp-att-254692\"><img loading=\"lazy\" decoding=\"async\" class=\"wp-image-254692 alignleft\" src=\"https:\/\/www.radiopiu.net\/wordpress\/wp-content\/uploads\/2022\/01\/Falcade-Dolomiti-Week-4-kids-gennaio-2022-1-214x300.jpg\" alt=\"\" width=\"167\" height=\"234\" srcset=\"https:\/\/www.radiopiu.net\/wordpress\/wp-content\/uploads\/2022\/01\/Falcade-Dolomiti-Week-4-kids-gennaio-2022-1-214x300.jpg 214w, https:\/\/www.radiopiu.net\/wordpress\/wp-content\/uploads\/2022\/01\/Falcade-Dolomiti-Week-4-kids-gennaio-2022-1-730x1024.jpg 730w, https:\/\/www.radiopiu.net\/wordpress\/wp-content\/uploads\/2022\/01\/Falcade-Dolomiti-Week-4-kids-gennaio-2022-1-768x1077.jpg 768w, https:\/\/www.radiopiu.net\/wordpress\/wp-content\/uploads\/2022\/01\/Falcade-Dolomiti-Week-4-kids-gennaio-2022-1-1096x1536.jpg 1096w, https:\/\/www.radiopiu.net\/wordpress\/wp-content\/uploads\/2022\/01\/Falcade-Dolomiti-Week-4-kids-gennaio-2022-1.jpg 1276w\" sizes=\"auto, (max-width: 167px) 100vw, 167px\" \/><\/a>WEEK4KIDS 23 &#8211; 29 gennaio 2022<\/h3>\n<\/blockquote>\n<p><strong>FALCADE<\/strong>\u00a0 Dal 23 al 29 gennaio neve e sci con la \u00a0Scuola Sci Equipe che\u00a0 propone il corso di sci e snowboard al mattino dalle 10 alle 13 per i ragazzi dai 4 ai 14 anni, ed il pomeriggio tantissime attivit\u00e0 come da programma allegato, ogni giorno una divertente proposta per i pi\u00f9 piccoli e le loro famiglie. Domenica dalle\u00a0 17 nella sede della Scuola Sci &amp; Snowboard Equipe benvenuto in compagnia dei maestri di sci, Iscrizione ai corsi collettivi e presentazione del programma settimanale<\/p>\n<p>&nbsp;<\/p>\n<p>&nbsp;<\/p>\n<p>&nbsp;<\/p>\n<hr \/>\n<p>&nbsp;<\/p>\n<p>&nbsp;<\/p>\n<div><strong><span style=\"font-family: 'comic sans ms', 'marker felt-thin', arial, sans-serif; color: #ff0000;\"><a href=\"https:\/\/www.radiopiu.net\/wordpress\/desma-e-gli-impianti-di-risalita-a-forcella-aurine\/forcella-aurine-2\/\" rel=\"attachment wp-att-241538\"><img loading=\"lazy\" decoding=\"async\" class=\"wp-image-241538 alignleft\" src=\"https:\/\/www.radiopiu.net\/wordpress\/wp-content\/uploads\/2021\/11\/FORCELLA-AURINE-300x225.jpg\" alt=\"\" width=\"175\" height=\"131\" srcset=\"https:\/\/www.radiopiu.net\/wordpress\/wp-content\/uploads\/2021\/11\/FORCELLA-AURINE-300x225.jpg 300w, https:\/\/www.radiopiu.net\/wordpress\/wp-content\/uploads\/2021\/11\/FORCELLA-AURINE-768x576.jpg 768w, https:\/\/www.radiopiu.net\/wordpress\/wp-content\/uploads\/2021\/11\/FORCELLA-AURINE.jpg 960w\" sizes=\"auto, (max-width: 175px) 100vw, 175px\" \/><\/a>sabato 22 gennaio<\/span><\/strong><br \/>\n<span style=\"font-family: comic sans ms, marker felt-thin, arial, sans-serif;\"><strong>SERATA A FORCELLA AURINE <\/strong><\/span><strong>PALE DI SAN MARTINO <\/strong><strong>ESCURSIONISMO CON RACCHETTE DA NEVE<\/strong><\/div>\n<div><span style=\"color: #000000;\"><strong>AGORDO\u00a0<\/strong> Con la sezione agordina del Cai prima escursione di questa nuova stagione. La partenza con le racchette da neve ai piedi \u00e8 prevista a Frassen\u00e9 Agordino e attraverso i boschi del Poi fino a Forcella Aurine dove, al Ristobar da Ghegi con una fumante e saporita spaghettata che dar\u00e0 il via ufficiale al programma 2022 della Sezione Agordina.\u00a0 La normativa prevede l&#8217;obbligo del kit di autosoccorso (ARTVA, pala e sonda) per tutti i partecipanti alle attivit\u00e0 invernali.\u00a0<\/span><\/div>\n<div><\/div>\n<div><\/div>\n<hr \/>\n<p>&nbsp;<\/p>\n<p>&nbsp;<\/p>\n<blockquote>\n<h3>OGGI A LA VALLE L&#8217;HOCKEY DEDICATO AI BAMBINI<\/h3>\n<\/blockquote>\n<p><strong>LA VALLE<\/strong> L&#8217;Alleghe Hockey e il La Valle Ghiaccio organizzano per stasera una serata di hockey dedicata ai bambini. Un motivo in pi\u00f9 per avvicinare i giovani al mondo dell&#8217;hockey su ghiaccio. Ci saranno i giovani atleti delle civette che faranno vedere e provare lo sport dell&#8217;hockey su ghiaccio. Iniziativa dedicata a tutti i bambini dai 6 anni in su. Ritrovo allo stadio del ghiaccio di La Valle in localit\u00e0 Conaggia con possibilit\u00e0 di noleggio pattini e attrezzatura.<\/p>\n<p>&nbsp;<\/p>\n<p>&nbsp;<\/p>\n<hr \/>\n<p>&nbsp;<\/p>\n<blockquote><p><span style=\"color: #ff0000;\"><strong>IL LIBRO<\/strong><\/span><\/p>\n<blockquote>\n<h3>DAL DOMINIO VISCONTEO ALLA PRIMA DEDIZIONE A VENEZIA<\/h3>\n<\/blockquote>\n<p><strong><a href=\"https:\/\/www.radiopiu.net\/wordpress\/giornale-radiopiu-26-01-2018-direttore-mirko-mezzacasa\/marco-perale-2\/\" rel=\"attachment wp-att-42325\"><img loading=\"lazy\" decoding=\"async\" class=\" wp-image-42325 alignleft\" src=\"https:\/\/www.radiopiu.net\/wordpress\/wp-content\/uploads\/2018\/01\/Marco-Perale-200x300.jpg\" alt=\"\" width=\"67\" height=\"101\" srcset=\"https:\/\/www.radiopiu.net\/wordpress\/wp-content\/uploads\/2018\/01\/Marco-Perale-200x300.jpg 200w, https:\/\/www.radiopiu.net\/wordpress\/wp-content\/uploads\/2018\/01\/Marco-Perale-768x1152.jpg 768w, https:\/\/www.radiopiu.net\/wordpress\/wp-content\/uploads\/2018\/01\/Marco-Perale-683x1024.jpg 683w\" sizes=\"auto, (max-width: 67px) 100vw, 67px\" \/><\/a>BELLUNO<\/strong> Si terr\u00e0 venerd\u00ec alle 17 nella Sala Bianchi di viale Fantuzzi la presentazione del libro &#8220;Belluno. Dal dominio visconteo alla prima dedizione a Venezia (1404)&#8221;, il nuovo studio di Enrico Bacchetti, fresco di stampa per l\u2019Istituto Veneto di Scienze, Lettere ed Arti e tratto dalle fonti dell\u2019Archivio storico comunale. L&#8217;introduzione sar\u00e0 curata da Marco Perale, assessore alla Cultura del Comune di Belluno. Interverranno l&#8217;autore, Enrico Bacchetti, e il professor Gian Maria Varanini dell\u2019Universit\u00e0 di Verona. Il libro si occupa di quanto avvenne a Belluno nella primavera del 1404, quando, caduto il precedente dominio dei Visconti, per la prima volta la Citt\u00e0 e il suo territorio pattuirono di entrare a far parte della Repubblica di Venezia.\u00a0 <em>\u00abQuesto volume &#8211; commenta l&#8217;assessore alla cultura Marco Perale &#8211; non ci permette solo di ricostruire una fase storica importante della nostra citt\u00e0, ma \u00e8 anche il modo storico e documentato con cui Belluno partecipa alle celebrazioni per i 1600 anni di fondazione della citt\u00e0 di Venezia\u00bb.<\/em><\/p><\/blockquote>\n<p>&nbsp;<\/p>\n<hr \/>\n<p>&nbsp;<\/p>\n<blockquote>\n<h3>QUERO, ZORZOI, CASTELLAVAZZO E PIEVE: RUOLI IMPORTANTI DI CASTELLI O PALAZZI<\/h3>\n<\/blockquote>\n<p><strong>di\u00a0 RENATO BONA<\/strong><\/p>\n<p>Sono migliaia a livello nazionale (247 nel Veneto, cos\u00ec distribuite: Belluno 28, Padova 46, Rovigo 18, Treviso 30, Venezia 37, Verona 54, Vicenza 34) le realt\u00e0 fin qui censite dal benemerito sito \u201cmondimedievali.net\u201d che si occupa della ricerca (che prosegue) di notizie ed immagini su: castelli, fortezze, rocche, torri, borghi ed edifici fortificati oltre ai \u2018palazzi del potere. Vale la pena ricordare che il sito ha finalit\u00e0 didattiche e sinteticamente esplicative, non commerciali o di profitto, ed \u00e8 liberamente consultabile. Insomma: una iniziativa culturale e didattica a cura del prof. Raffaele Licinio, ordinario di storia medievale nella facolt\u00e0 di lettere dell\u2019Universit\u00e0 di Bari; editore e webmaster Gianluca Lovreglio. Per quanto concerne in particolare la situazione della provincia di Belluno &#8211; della quale ci siamo gi\u00e0 occupati in precedenti servizi \u2013 proponiamo qui di seguito le realt\u00e0 di: Quero (Castello di Quero o Castelnuovo), Zorzoi di Sovramonte (Castello dello Schener); Castellavazzo (ruderi del Castello della Gardona), Pieve di Cadore (Castello e Palazzo della Magnifica Comunit\u00e0 di Cadore). CASTELLO DI QUERO O CASTELNUOVO. \u201cMaestosa struttura dalla severa, militare sagoma, costituisce, come tutte le opere fortificatorie, una continua sorpresa per chi lo avvicina&#8230; L\u2019atmosfera che gravita attorno \u00e8 carica di misteri e a poco valgono le esaurienti note storiche che narrano le vicende di ogni pietra\u2026 rimane sempre una zona oscura, che alimenta leggende, racconti, supposizioni\u201d. La costruzione \u00e8 datata fine 1376 (in sostituzione di un precedente sistema murario di difesa) ed aveva lo scopo di \u201cdifendere la Repubblica veneta dagli attacchi dei nemici, in particolare dalle forze dei duchi d\u2019Austria\u201d Vi venivano inviati castellani scelti fa le famiglie nobili, che vi rimanevano due anni con potere di giurisdizione sul territorio della Pieve di Quero: il pi\u00f9 famoso \u00e8 stato Girolamo Miani, protagonista nell\u2019agosto 1511 di una battaglia che determin\u00f2 una svolta decisiva alla sua esistenza. Fatto prigioniero dopo una strenuta difesa, fu liberato \u201cper intervento della Madonna\u201d come ebbe a dire lui stesso che fu quindi indotto a riconsiderare gli scopi della sua vita e a fondare l\u2019ordine religioso dei padri somaschi. Castelnuovo, dove i dazieri un tempo regolavano il passaggio delle merci attraverso il valico, e controllavano dunque il commercio, \u00e8 oggi sede di una Casa di preghiera gestita proprio dai Padri somaschi. CASTELLO DELLO SCHEN\u00c9R a Zorzoi di Sovramonte. Nel sito si pu\u00f2 leggere che \u201cAlmeno tre erano i castelli importanti che presidiavano il territorio sulla sponda sinistra del Cismon; il castello di Servo e quello di Val Rosna o dello Schen\u00e9r e, infine, quello di Faller. Quello di cui ci occupia,o fu costruito per presidiare la via Claudia Augusta Aktinate verso il Priniero. Molto antico, la sua importanza \u00e8 diminuita nel tempo quando il Primiero venne assoggettato al potere temporale del vescovo di Feltre per essere destinato a risorgere quando vi fu la cessione ai duchi d\u2019Austria. Rinforzato sotto il dominio della Serenissima, fu distrutto durante la guerra dalla Lega di Cambrai e ricostruito, con successivi restauri nel XVIII secolo quando ormai aveva perso la sua funzione originaria. Alla caduta della Repubblica di Venezia fu utilizzato come semplice alloggio per il capitano e qualche soldato. Lasciato in completo abbandono, venne demolito dalle truppe italiane nel 1915 per utilizzarne i materiali per costruire trincee. Un\u2019ultima annotazione: \u201cuna litografia del Moro, del 1876, lo riproduce 40 anni prima della sua distruzione: era una piccola costruzione difensiva posta a cavallo della strada. La porzione pi\u00f9 a valle era l\u2019abitazione del capitano, dominata a monte da una massiccia torre le cui poderose fondazioni sono ancora oggi visibili. Le due strutture erano circondate da mura\u201d. CASTELLO DELLA GARDONA, a Castellavazzo. Ecco quanto riportato da \u201cmondimedievali.net\u201d: \u201cI ruderi dell&#8217;antica fortezza (il \u2018fortilitium Gardonae\u2019) si trovano in localit\u00e0 Gardona, a nord dell&#8217;abitato di Castellavazzo. Il luogo \u00e8 facilmente raggiungibile per\u00accorrendo il sentiero che dal cementificio si snoda in quota sopra il tracciato ferroviario, ricalcando l&#8217;antico percorso della strada romana. Eretto nel 1171 da Ottone, vescovo di Belluno, apparteneva, con il castello di San Giorgio a Soccher, al sistema difensivo della Contea di Belluno nel Trecento. Del presidio sono attualmente visibili i ruderi della torre, di inusitata pianta triangolare, che costituiva il corpo principale di un pi\u00f9 esteso complesso. In prossimit\u00e0 dei resti del castello, a monte della strada di accesso, si trova la cava di pietra utilizzata per la costruzione del fortilizio\u201d. Concludiamo con il CASTELLO DI PIEVE DI CADORE (ed il Palazzo della Magnifica Comunit\u00e0): \u201cSi trovava sul Monterico, in posizione dominante e strategica, risultava perci\u00f2 di difficile accesso\u201d. E\u2019 del 1140 la prima fonte che consente di supporne l\u2019esistenza, quando il re di Germania, Corrado III \u201cconferma i privilegi dati alla chiesa di Frisinga, fra cui il \u2018Comitatum Catubriae\u2019\u201d. Venne distrutto da un incendio e ricostruito nel periodo dell\u2019occupazione aquileiese. Era munito di ponte levatoio e dotato di una torre, di alloggi per il corpo di guardia, di magazzini, dell\u2019abitazione del comandante ed aveva all\u2019interno una chiesa dedicata a Santa Caterina d\u2019Alessandria. Fu pi\u00f9 volte restaurato nel XV secolo mentre \u201ca partire dalla dominazione di Venezia, venne progressivamente lasciato in abbandono. Con l\u2019avvento delle truppe francesi nel 1797 \u201cvenne prima occupato e poi fui lasciato andare in rovina. Nel 1882 le autorit\u00e0 militari italiane costruirono in quello stesso sito una fortezza: la Batteria Castello\u201d. Restiamo a Pieve perch\u00e9 nella centrale Piazza Tiziano, accanto alla chiesa arcidiaconale vi \u00e8 il palazzo in cui ha sede la Magnifica Comunit\u00e0 di Cadore. Palazzo edificato nel 1447, mentre \u201cla torre merlata venne terminata nel 1491 ed in essa fu installata la prima campana dell\u2019Arengo che risuonava per richiamare i deputati al Consiglio\u201d. Tuttora vi \u00e8 custodito l&#8217;archivio della Magnifica Comunit\u00e0: pergamene e documenti di interesse storico. Ancora dal sito: Nel 1511, durante la Guerra della Lega di Cambrai, palazzo e torre furono saccheggiati e bruciati e dunque nel 1513 si procedette a lavori di ristrutturazione che durarono fino al 1558, quando un nuovo incendio danneggi\u00f2 l&#8217;edificio. La costruzione attuale \u00e8 quindi quella del tardo Cinquecento, in parte rimaneggiata sul finire dello stesso secolo per un crollo parziale del tetto a causa della neve. All&#8217;interno, l&#8217;opera degna di maggior nota \u00e8 la sala del Cancellarius, con il soffitto in legno intagliato, e che ai quattro angoli porta le insegne di: lavoro, guerra, arte e religione. Dato che nel Palazzo si riuniva l&#8217;organo assembleare della Magnifica Comunit\u00e0, il \u201cMaggior e General Consiglio\u201d, l&#8217;edificio rappresentava il centro della democrazia cadorina, regolata dagli Statuti del 1338. Il testo, originariamente composto e custodito a Pieve di Cadore, venne sottratto dalle truppe asburgiche nel 1511 e si trova oggi ad Innsbruck. Nel 1683 al piano terra del Palazzo furono realizzate le prigioni della Comunit\u00e0, mentre nel 1727 fu realizzata la scalinata in pietra che d\u00e0 accesso al Palazzo. Dopo l&#8217;Unit\u00e0 d&#8217;Italia vennero effettuati ritocchi alle decorazioni, con intento celebrativo-patriottico. Nel 1980, a seguito di un restauro del Palazzo, l&#8217;ultimo piano divenne sede del Museo Archeologico Cadorino che conserva l&#8217;importante stipe votiva di Lagole e i ritrovamenti rinvenuti fra Valle e Domegge di Cadore. Storia contemporanea: Nel 1996 &#8211; come segno di omaggio alla popolazione cadorina &#8211; fu visitato da papa Giovanni Paolo II, in occasione di una delle sue frequenti vacanze a Lorenzago di Cadore.<\/p>\n\n\t\t\t<style type='text\/css'>\n\t\t\t\t#gallery-5 {\n\t\t\t\t\tmargin: auto;\n\t\t\t\t}\n\t\t\t\t#gallery-5 .gallery-item {\n\t\t\t\t\tfloat: left;\n\t\t\t\t\tmargin-top: 10px;\n\t\t\t\t\ttext-align: center;\n\t\t\t\t\twidth: 20%;\n\t\t\t\t}\n\t\t\t\t#gallery-5 img {\n\t\t\t\t\tborder: 2px solid #cfcfcf;\n\t\t\t\t}\n\t\t\t\t#gallery-5 .gallery-caption {\n\t\t\t\t\tmargin-left: 0;\n\t\t\t\t}\n\t\t\t\t\/* see gallery_shortcode() in wp-includes\/media.php *\/\n\t\t\t<\/style>\n\t\t<div id='gallery-5' class='dt-gallery-container gallery galleryid-254784 gallery-columns-5 gallery-size-thumbnail'><dl class='gallery-item'>\n\t\t\t\t<dt class='gallery-icon landscape'>\n\t\t\t\t\t<a class=\"rollover rollover-zoom dt-pswp-item\" title=\"271677377_665448647810788_1591086983043253348_n\" data-dt-img-description=\"\" data-large_image_width=\"275\" data-large_image_height=\"206\"href='https:\/\/www.radiopiu.net\/wordpress\/wp-content\/uploads\/2022\/01\/271677377_665448647810788_1591086983043253348_n.jpg'><img loading=\"lazy\" decoding=\"async\" width=\"150\" height=\"150\" src=\"https:\/\/www.radiopiu.net\/wordpress\/wp-content\/uploads\/2022\/01\/271677377_665448647810788_1591086983043253348_n-150x150.jpg\" class=\"attachment-thumbnail size-thumbnail\" alt=\"\" \/><\/a>\n\t\t\t\t<\/dt><\/dl><dl class='gallery-item'>\n\t\t\t\t<dt class='gallery-icon landscape'>\n\t\t\t\t\t<a class=\"rollover rollover-zoom dt-pswp-item\" title=\"271577349_1130060344405331_4044132043486095326_n\" data-dt-img-description=\"\" data-large_image_width=\"254\" data-large_image_height=\"206\"href='https:\/\/www.radiopiu.net\/wordpress\/wp-content\/uploads\/2022\/01\/271577349_1130060344405331_4044132043486095326_n.jpg'><img loading=\"lazy\" decoding=\"async\" width=\"150\" height=\"150\" src=\"https:\/\/www.radiopiu.net\/wordpress\/wp-content\/uploads\/2022\/01\/271577349_1130060344405331_4044132043486095326_n-150x150.jpg\" class=\"attachment-thumbnail size-thumbnail\" alt=\"\" \/><\/a>\n\t\t\t\t<\/dt><\/dl><dl class='gallery-item'>\n\t\t\t\t<dt class='gallery-icon portrait'>\n\t\t\t\t\t<a class=\"rollover rollover-zoom dt-pswp-item\" title=\"271357754_257053133228447_4401671944307729579_n\" data-dt-img-description=\"\" data-large_image_width=\"158\" data-large_image_height=\"206\"href='https:\/\/www.radiopiu.net\/wordpress\/wp-content\/uploads\/2022\/01\/271357754_257053133228447_4401671944307729579_n.jpg'><img loading=\"lazy\" decoding=\"async\" width=\"150\" height=\"150\" src=\"https:\/\/www.radiopiu.net\/wordpress\/wp-content\/uploads\/2022\/01\/271357754_257053133228447_4401671944307729579_n-150x150.jpg\" class=\"attachment-thumbnail size-thumbnail\" alt=\"\" \/><\/a>\n\t\t\t\t<\/dt><\/dl><dl class='gallery-item'>\n\t\t\t\t<dt class='gallery-icon landscape'>\n\t\t\t\t\t<a class=\"rollover rollover-zoom dt-pswp-item\" title=\"270013102_984808902433906_1577188247380832248_n\" data-dt-img-description=\"\" data-large_image_width=\"275\" data-large_image_height=\"206\"href='https:\/\/www.radiopiu.net\/wordpress\/wp-content\/uploads\/2022\/01\/270013102_984808902433906_1577188247380832248_n.jpg'><img loading=\"lazy\" decoding=\"async\" width=\"150\" height=\"150\" src=\"https:\/\/www.radiopiu.net\/wordpress\/wp-content\/uploads\/2022\/01\/270013102_984808902433906_1577188247380832248_n-150x150.jpg\" class=\"attachment-thumbnail size-thumbnail\" alt=\"\" \/><\/a>\n\t\t\t\t<\/dt><\/dl><dl class='gallery-item'>\n\t\t\t\t<dt class='gallery-icon portrait'>\n\t\t\t\t\t<a class=\"rollover rollover-zoom dt-pswp-item\" title=\"269937606_341292381150007_4756273544290219775_n\" data-dt-img-description=\"\" data-large_image_width=\"150\" data-large_image_height=\"225\"href='https:\/\/www.radiopiu.net\/wordpress\/wp-content\/uploads\/2022\/01\/269937606_341292381150007_4756273544290219775_n.jpg'><img loading=\"lazy\" decoding=\"async\" width=\"150\" height=\"150\" src=\"https:\/\/www.radiopiu.net\/wordpress\/wp-content\/uploads\/2022\/01\/269937606_341292381150007_4756273544290219775_n-150x150.jpg\" class=\"attachment-thumbnail size-thumbnail\" alt=\"\" \/><\/a>\n\t\t\t\t<\/dt><\/dl><br style=\"clear: both\" \/><dl class='gallery-item'>\n\t\t\t\t<dt class='gallery-icon landscape'>\n\t\t\t\t\t<a class=\"rollover rollover-zoom dt-pswp-item\" title=\"271540127_1383059462153134_464547776302747093_n\" data-dt-img-description=\"\" data-large_image_width=\"320\" data-large_image_height=\"200\"href='https:\/\/www.radiopiu.net\/wordpress\/wp-content\/uploads\/2022\/01\/271540127_1383059462153134_464547776302747093_n.jpg'><img loading=\"lazy\" decoding=\"async\" width=\"150\" height=\"150\" src=\"https:\/\/www.radiopiu.net\/wordpress\/wp-content\/uploads\/2022\/01\/271540127_1383059462153134_464547776302747093_n-150x150.jpg\" class=\"attachment-thumbnail size-thumbnail\" alt=\"\" \/><\/a>\n\t\t\t\t<\/dt><\/dl><dl class='gallery-item'>\n\t\t\t\t<dt class='gallery-icon portrait'>\n\t\t\t\t\t<a class=\"rollover rollover-zoom dt-pswp-item\" title=\"271935411_333844475220194_143348751972596914_n\" data-dt-img-description=\"\" data-large_image_width=\"180\" data-large_image_height=\"200\"href='https:\/\/www.radiopiu.net\/wordpress\/wp-content\/uploads\/2022\/01\/271935411_333844475220194_143348751972596914_n.jpg'><img loading=\"lazy\" decoding=\"async\" width=\"150\" height=\"150\" src=\"https:\/\/www.radiopiu.net\/wordpress\/wp-content\/uploads\/2022\/01\/271935411_333844475220194_143348751972596914_n-150x150.jpg\" class=\"attachment-thumbnail size-thumbnail\" alt=\"\" \/><\/a>\n\t\t\t\t<\/dt><\/dl><dl class='gallery-item'>\n\t\t\t\t<dt class='gallery-icon landscape'>\n\t\t\t\t\t<a class=\"rollover rollover-zoom dt-pswp-item\" title=\"271691205_453789636474555_6917203757939207458_n\" data-dt-img-description=\"\" data-large_image_width=\"255\" data-large_image_height=\"206\"href='https:\/\/www.radiopiu.net\/wordpress\/wp-content\/uploads\/2022\/01\/271691205_453789636474555_6917203757939207458_n.jpg'><img loading=\"lazy\" decoding=\"async\" width=\"150\" height=\"150\" src=\"https:\/\/www.radiopiu.net\/wordpress\/wp-content\/uploads\/2022\/01\/271691205_453789636474555_6917203757939207458_n-150x150.jpg\" class=\"attachment-thumbnail size-thumbnail\" alt=\"\" \/><\/a>\n\t\t\t\t<\/dt><\/dl><dl class='gallery-item'>\n\t\t\t\t<dt class='gallery-icon portrait'>\n\t\t\t\t\t<a class=\"rollover rollover-zoom dt-pswp-item\" title=\"271705263_3173304596264046_7881071715424463780_n\" data-dt-img-description=\"\" data-large_image_width=\"155\" data-large_image_height=\"206\"href='https:\/\/www.radiopiu.net\/wordpress\/wp-content\/uploads\/2022\/01\/271705263_3173304596264046_7881071715424463780_n.jpg'><img loading=\"lazy\" decoding=\"async\" width=\"150\" height=\"150\" src=\"https:\/\/www.radiopiu.net\/wordpress\/wp-content\/uploads\/2022\/01\/271705263_3173304596264046_7881071715424463780_n-150x150.jpg\" class=\"attachment-thumbnail size-thumbnail\" alt=\"\" \/><\/a>\n\t\t\t\t<\/dt><\/dl><dl class='gallery-item'>\n\t\t\t\t<dt class='gallery-icon portrait'>\n\t\t\t\t\t<a class=\"rollover rollover-zoom dt-pswp-item\" title=\"271653237_308852797701360_6413534973055791472_n\" data-dt-img-description=\"\" data-large_image_width=\"158\" data-large_image_height=\"240\"href='https:\/\/www.radiopiu.net\/wordpress\/wp-content\/uploads\/2022\/01\/271653237_308852797701360_6413534973055791472_n.jpg'><img loading=\"lazy\" decoding=\"async\" width=\"150\" height=\"150\" src=\"https:\/\/www.radiopiu.net\/wordpress\/wp-content\/uploads\/2022\/01\/271653237_308852797701360_6413534973055791472_n-150x150.jpg\" class=\"attachment-thumbnail size-thumbnail\" alt=\"\" \/><\/a>\n\t\t\t\t<\/dt><\/dl><br style=\"clear: both\" \/>\n\t\t\t<\/div>\n\n<p>&nbsp;<\/p>\n<p>NELLE FOTO (dal sito\u201cmondimedievali.net\u201d): due vedute del Castello di Quero; cartello che ricorda il Castello di Schener; panoramica sovramontina; ecco due visioni di quanto resta del Castello della Gardona; due disegni del Castello di Pieve di Cadore; e due scorci del Palazzo della Magnifica Comunit\u00e0 di Cadore.<\/p>\n<p>&nbsp;<\/p>\n<hr \/>\n<p>&nbsp;<\/p>\n<h2><span style=\"color: #ff0000;\">IERI ALLA RADIO\u00a0\u00a0<\/span><\/h2>\n<h3>INVERNO 2022: LO ZERO TERMICO E\u2019\u2026.A RADIO PIU\u2019.<\/h3>\n<blockquote><p><em><a href=\"https:\/\/www.radiopiu.net\/wordpress\/giornale-radiopiu-19-gennaio-2022-direttore-mirko-mezzacasa\/23523_1263594030798_6782870_n\/\" rel=\"attachment wp-att-254867\"><img loading=\"lazy\" decoding=\"async\" class=\" wp-image-254867 alignleft\" src=\"https:\/\/www.radiopiu.net\/wordpress\/wp-content\/uploads\/2022\/01\/23523_1263594030798_6782870_n.jpg\" alt=\"\" width=\"112\" height=\"112\" srcset=\"https:\/\/www.radiopiu.net\/wordpress\/wp-content\/uploads\/2022\/01\/23523_1263594030798_6782870_n.jpg 206w, https:\/\/www.radiopiu.net\/wordpress\/wp-content\/uploads\/2022\/01\/23523_1263594030798_6782870_n-150x150.jpg 150w\" sizes=\"auto, (max-width: 112px) 100vw, 112px\" \/><\/a>ZERO TERMICO E\u2019 UN VIAGGIO ALLA SCOPERTA DEL NOSTRO TERRITORIO, DALLA VOCE DEI PROTAGONISTI. TURISMO, SPORT, EVENTI, CULTURA, INTRATTENIMENTO. DAL LUNEDI\u2019 AL VENERDI ALLE 15.10 ALLE 20.30. ZERO TERMICO. UN APPUNTAMENTO IN COLLABORAZIONE CON: SPORT 203. LA NATURALE PORTA D\u2019INGRESSO\u2026.VERSO LO ZERO TERMICO. LOCALITA\u2019 LE CAMPE STRADA AGORDO BBELLUNO. ABBIGLIAMENTO E ATTREZZATURA\u2026.DEDICATI A CHI AMA LA MONTAGNA.<\/em><\/p><\/blockquote>\n<p><strong>di Claudio Fontanive<\/strong><\/p>\n<p><strong>PUNTATA 06 DEL 17 GENNAIO 2022, OSPITE\u00a0 ELISA CALCAMUGGI\u00a0<\/strong><\/p>\n<audio class=\"wp-audio-shortcode\" id=\"audio-254784-4\" preload=\"none\" style=\"width: 100%;\" controls=\"controls\"><source type=\"audio\/mpeg\" src=\"https:\/\/www.radiopiu.net\/wordpress\/wp-content\/uploads\/2022\/01\/giuseppe-crupi-18-gennaio.mp3?_=4\" \/><a href=\"https:\/\/www.radiopiu.net\/wordpress\/wp-content\/uploads\/2022\/01\/giuseppe-crupi-18-gennaio.mp3\">https:\/\/www.radiopiu.net\/wordpress\/wp-content\/uploads\/2022\/01\/giuseppe-crupi-18-gennaio.mp3<\/a><\/audio>\n<p>&nbsp;<\/p>\n<p><strong>EVENTI ALLEGHESI<\/strong><\/p>\n\n\t\t\t<style type='text\/css'>\n\t\t\t\t#gallery-6 {\n\t\t\t\t\tmargin: auto;\n\t\t\t\t}\n\t\t\t\t#gallery-6 .gallery-item {\n\t\t\t\t\tfloat: left;\n\t\t\t\t\tmargin-top: 10px;\n\t\t\t\t\ttext-align: center;\n\t\t\t\t\twidth: 33%;\n\t\t\t\t}\n\t\t\t\t#gallery-6 img {\n\t\t\t\t\tborder: 2px solid #cfcfcf;\n\t\t\t\t}\n\t\t\t\t#gallery-6 .gallery-caption {\n\t\t\t\t\tmargin-left: 0;\n\t\t\t\t}\n\t\t\t\t\/* see gallery_shortcode() in wp-includes\/media.php *\/\n\t\t\t<\/style>\n\t\t<div id='gallery-6' class='dt-gallery-container gallery galleryid-254784 gallery-columns-3 gallery-size-thumbnail'><dl class='gallery-item'>\n\t\t\t\t<dt class='gallery-icon landscape'>\n\t\t\t\t\t<a class=\"rollover rollover-zoom dt-pswp-item\" title=\"11888612_10205058651845759_1231055571772802960_o\" data-dt-img-description=\"\" data-large_image_width=\"2048\" data-large_image_height=\"2002\"href='https:\/\/www.radiopiu.net\/wordpress\/wp-content\/uploads\/2022\/01\/11888612_10205058651845759_1231055571772802960_o.jpg'><img loading=\"lazy\" decoding=\"async\" width=\"150\" height=\"150\" src=\"https:\/\/www.radiopiu.net\/wordpress\/wp-content\/uploads\/2022\/01\/11888612_10205058651845759_1231055571772802960_o-150x150.jpg\" class=\"attachment-thumbnail size-thumbnail\" alt=\"\" \/><\/a>\n\t\t\t\t<\/dt><\/dl><dl class='gallery-item'>\n\t\t\t\t<dt class='gallery-icon landscape'>\n\t\t\t\t\t<a class=\"rollover rollover-zoom dt-pswp-item\" title=\"422519_4552368134100_1768460912_n\" data-dt-img-description=\"\" data-large_image_width=\"206\" data-large_image_height=\"206\"href='https:\/\/www.radiopiu.net\/wordpress\/wp-content\/uploads\/2022\/01\/422519_4552368134100_1768460912_n.jpg'><img loading=\"lazy\" decoding=\"async\" width=\"150\" height=\"150\" src=\"https:\/\/www.radiopiu.net\/wordpress\/wp-content\/uploads\/2022\/01\/422519_4552368134100_1768460912_n-150x150.jpg\" class=\"attachment-thumbnail size-thumbnail\" alt=\"\" srcset=\"https:\/\/www.radiopiu.net\/wordpress\/wp-content\/uploads\/2022\/01\/422519_4552368134100_1768460912_n-150x150.jpg 150w, https:\/\/www.radiopiu.net\/wordpress\/wp-content\/uploads\/2022\/01\/422519_4552368134100_1768460912_n.jpg 206w\" sizes=\"auto, (max-width: 150px) 100vw, 150px\" \/><\/a>\n\t\t\t\t<\/dt><\/dl><dl class='gallery-item'>\n\t\t\t\t<dt class='gallery-icon landscape'>\n\t\t\t\t\t<a class=\"rollover rollover-zoom dt-pswp-item\" title=\"40556_1572081427170_3065442_n\" data-dt-img-description=\"\" data-large_image_width=\"206\" data-large_image_height=\"206\"href='https:\/\/www.radiopiu.net\/wordpress\/wp-content\/uploads\/2022\/01\/40556_1572081427170_3065442_n.jpg'><img loading=\"lazy\" decoding=\"async\" width=\"150\" height=\"150\" src=\"https:\/\/www.radiopiu.net\/wordpress\/wp-content\/uploads\/2022\/01\/40556_1572081427170_3065442_n-150x150.jpg\" class=\"attachment-thumbnail size-thumbnail\" alt=\"\" srcset=\"https:\/\/www.radiopiu.net\/wordpress\/wp-content\/uploads\/2022\/01\/40556_1572081427170_3065442_n-150x150.jpg 150w, https:\/\/www.radiopiu.net\/wordpress\/wp-content\/uploads\/2022\/01\/40556_1572081427170_3065442_n.jpg 206w\" sizes=\"auto, (max-width: 150px) 100vw, 150px\" \/><\/a>\n\t\t\t\t<\/dt><\/dl><br style=\"clear: both\" \/>\n\t\t\t<\/div>\n\n<p>&nbsp;<\/p>\n<p>&nbsp;<\/p>\n<hr \/>\n<p>&nbsp;<\/p>\n<div>\n<div class=\"b654a4as d2edcug0\">\n<div class=\"rq0escxv hkbzh7o3 jwdofwj8 n8tt0mok r8blr3vg hyh9befq\">\n<p><a class=\"dt-pswp-item\" href=\"https:\/\/www.radiopiu.net\/wordpress\/wp-content\/uploads\/2020\/10\/pp.jpg\" data-dt-img-description=\"\" data-large_image_width=\"640\" data-large_image_height=\"640\"><img loading=\"lazy\" decoding=\"async\" class=\"wp-image-163678 alignleft\" src=\"https:\/\/www.radiopiu.net\/wordpress\/wp-content\/uploads\/2020\/10\/pp-300x300.jpg\" alt=\"\" width=\"106\" height=\"106\" srcset=\"https:\/\/www.radiopiu.net\/wordpress\/wp-content\/uploads\/2020\/10\/pp-300x300.jpg 300w, https:\/\/www.radiopiu.net\/wordpress\/wp-content\/uploads\/2020\/10\/pp-150x150.jpg 150w, https:\/\/www.radiopiu.net\/wordpress\/wp-content\/uploads\/2020\/10\/pp-125x125.jpg 125w, https:\/\/www.radiopiu.net\/wordpress\/wp-content\/uploads\/2020\/10\/pp-200x200.jpg 200w, https:\/\/www.radiopiu.net\/wordpress\/wp-content\/uploads\/2020\/10\/pp-80x80.jpg 80w, https:\/\/www.radiopiu.net\/wordpress\/wp-content\/uploads\/2020\/10\/pp-480x480.jpg 480w, https:\/\/www.radiopiu.net\/wordpress\/wp-content\/uploads\/2020\/10\/pp.jpg 640w\" sizes=\"auto, (max-width: 106px) 100vw, 106px\" \/><\/a><\/p>\n<\/div>\n<\/div>\n<\/div>\n<div>\n<div class=\"page-title-head hgroup\">\n<div class=\"page-title-head hgroup\">\n<div class=\"b654a4as d2edcug0\">\n<div class=\"j83agx80 btwxx1t3 lhclo0ds hop8lmos nkwizq5d scwd0bx6 roh60bw9\">\n<div class=\"rq0escxv hkbzh7o3 jwdofwj8 n8tt0mok r8blr3vg hyh9befq\">\n<div class=\"do00u71z l9j0dhe7 k4urcfbm\">\n<h2><span style=\"color: #000080;\">\u00a0<\/span><\/h2>\n<h2><span style=\"color: #000080;\">DON CESARE, IL PENSIERO DEL GIORNO. ALLA RADIO ALLE 7 DEL MATTINO E ALLE 19.30 DELLA SERA.<\/span><\/h2>\n<audio class=\"wp-audio-shortcode\" id=\"audio-254784-5\" preload=\"none\" style=\"width: 100%;\" controls=\"controls\"><source type=\"audio\/mpeg\" src=\"https:\/\/www.radiopiu.net\/wordpress\/wp-content\/uploads\/2022\/01\/cesare-8.mp3?_=5\" \/><a href=\"https:\/\/www.radiopiu.net\/wordpress\/wp-content\/uploads\/2022\/01\/cesare-8.mp3\">https:\/\/www.radiopiu.net\/wordpress\/wp-content\/uploads\/2022\/01\/cesare-8.mp3<\/a><\/audio>\n<h2><span style=\"color: #000080;\">\u00a0<\/span><\/h2>\n<\/div>\n<div class=\"do00u71z l9j0dhe7 k4urcfbm\">\n<p>&nbsp;<\/p>\n<p>&nbsp;<\/p>\n<div>\n<div class=\"page-title-head hgroup\">\n<div class=\"page-title-head hgroup\">\n<div class=\"b654a4as d2edcug0\">\n<div class=\"j83agx80 btwxx1t3 lhclo0ds hop8lmos nkwizq5d scwd0bx6 roh60bw9\">\n<div class=\"rq0escxv hkbzh7o3 jwdofwj8 n8tt0mok r8blr3vg hyh9befq\">\n<div class=\"do00u71z l9j0dhe7 k4urcfbm\">\n<hr \/>\n<p>&nbsp;<\/p>\n<div>\n<div class=\"page-title-head hgroup\">\n<div class=\"page-title-head hgroup\">\n<div class=\"b654a4as d2edcug0\">\n<div class=\"j83agx80 btwxx1t3 lhclo0ds hop8lmos nkwizq5d scwd0bx6 roh60bw9\">\n<div class=\"rq0escxv hkbzh7o3 jwdofwj8 n8tt0mok r8blr3vg hyh9befq\">\n<div class=\"do00u71z l9j0dhe7 k4urcfbm\">\n<div class=\"ecm0bbzt e5nlhep0 a8c37x1j\">\n<div class=\"kvgmc6g5 cxmmr5t8 oygrvhab hcukyx3x c1et5uql\">\n<div class=\"gmail-kvgmc6g5 gmail-cxmmr5t8 gmail-oygrvhab gmail-hcukyx3x gmail-c1et5uql gmail-ii04i59q\">\n<div class=\"page-title-head hgroup\">\n<div class=\"page-title-head hgroup\">\n<div class=\"b654a4as d2edcug0\">\n<div class=\"j83agx80 btwxx1t3 lhclo0ds hop8lmos nkwizq5d scwd0bx6 roh60bw9\">\n<div class=\"rq0escxv hkbzh7o3 jwdofwj8 n8tt0mok r8blr3vg hyh9befq\">\n<div class=\"do00u71z l9j0dhe7 k4urcfbm\">\n<h3 class=\"kvgmc6g5 cxmmr5t8 oygrvhab hcukyx3x c1et5uql\"><span style=\"color: #0000ff;\"><strong>INFORMAZIONE il canale su TELEGRAM informazione di prima mano e in tempo reale. iscriviti ed aiutaci a farlo conoscere\u00a0\u00a0<\/strong><\/span><\/h3>\n<p>&nbsp;<\/p>\n<p>&nbsp;<\/p>\n<hr \/>\n<blockquote>\n<h3><\/h3>\n<h3>IN VIVO VERSO, SETTIMA STAGIONE CON BRUNELLA MORO, DAL LUNEDI AL VENERDI ALLE 7.10, 10.10 E 18.50<\/h3>\n<\/blockquote>\n<blockquote>\n<h3>DOLCE LUNA di MARIA VILLANI<\/h3>\n<\/blockquote>\n<p><strong>AUDIO<\/strong><\/p>\n<audio class=\"wp-audio-shortcode\" id=\"audio-254784-6\" preload=\"none\" style=\"width: 100%;\" controls=\"controls\"><source type=\"audio\/mpeg\" src=\"https:\/\/www.radiopiu.net\/wordpress\/wp-content\/uploads\/2022\/01\/02-MARIA-VILLANI_-DOLCE-LUNA.mp3?_=6\" \/><a href=\"https:\/\/www.radiopiu.net\/wordpress\/wp-content\/uploads\/2022\/01\/02-MARIA-VILLANI_-DOLCE-LUNA.mp3\">https:\/\/www.radiopiu.net\/wordpress\/wp-content\/uploads\/2022\/01\/02-MARIA-VILLANI_-DOLCE-LUNA.mp3<\/a><\/audio>\n<p><strong><img loading=\"lazy\" decoding=\"async\" class=\"alignleft\" src=\"https:\/\/www.radiopiu.net\/wordpress\/wp-content\/uploads\/2022\/01\/2-foto-maria-villani-300x300.jpg\" width=\"146\" height=\"146\" \/>DOLCE LUNA<\/strong><\/p>\n<p>Dolce Luna,<br \/>\nti accarezzano le parole<br \/>\nstanotte<br \/>\nA farti compagnia<br \/>\nnel buio.<br \/>\nTi danzano intorno,<br \/>\nallegria donano<br \/>\nalla tua nobile<br \/>\nSolitudine!<br \/>\nAbbracci sono per te<br \/>\nQuesti versi.<br \/>\nDormi infine,<br \/>\nBianca Luna!&#8221;<\/p>\n<p>&nbsp;<\/p>\n<p><strong>LA RACCOLTA COMPLETA\u00a0 \u00a0<\/strong><\/p>\n<blockquote class=\"wp-embedded-content\" data-secret=\"8QXK9BsQmb\"><p><a href=\"https:\/\/www.radiopiu.net\/wordpress\/in-vivo-verso\/\">In Vivo Verso<\/a><\/p><\/blockquote>\n<p><iframe loading=\"lazy\" class=\"wp-embedded-content\" sandbox=\"allow-scripts\" security=\"restricted\" style=\"position: absolute; clip: rect(1px, 1px, 1px, 1px);\" title=\"&#8220;In Vivo Verso&#8221; &#8212; Radio Pi\u00f9\" src=\"https:\/\/www.radiopiu.net\/wordpress\/in-vivo-verso\/embed\/#?secret=8QXK9BsQmb\" data-secret=\"8QXK9BsQmb\" width=\"600\" height=\"338\" frameborder=\"0\" marginwidth=\"0\" marginheight=\"0\" scrolling=\"no\"><\/iframe><\/p>\n<p>&nbsp;<\/p>\n<hr \/>\n<p>&nbsp;<\/p>\n<h2><span style=\"color: #808000;\">GOCCE DI FILOSOFIA<\/span><\/h2>\n<p><strong>PUNTATA 117 DEL 18 GENNAIO 2021<\/strong><\/p>\n<audio class=\"wp-audio-shortcode\" id=\"audio-254784-7\" preload=\"none\" style=\"width: 100%;\" controls=\"controls\"><source type=\"audio\/mpeg\" src=\"https:\/\/www.radiopiu.net\/wordpress\/wp-content\/uploads\/2022\/01\/FI2-2.mp3?_=7\" \/><a href=\"https:\/\/www.radiopiu.net\/wordpress\/wp-content\/uploads\/2022\/01\/FI2-2.mp3\">https:\/\/www.radiopiu.net\/wordpress\/wp-content\/uploads\/2022\/01\/FI2-2.mp3<\/a><\/audio>\n<p><strong>raccolta completa<\/strong><\/p>\n<blockquote class=\"wp-embedded-content\" data-secret=\"wteiTWSA0t\"><p><a href=\"https:\/\/www.radiopiu.net\/wordpress\/gocce-filosofia\/\">Gocce di filosofia, PRIMA E SECONDA STAGIONE 2022<\/a><\/p><\/blockquote>\n<p><iframe loading=\"lazy\" class=\"wp-embedded-content\" sandbox=\"allow-scripts\" security=\"restricted\" style=\"position: absolute; clip: rect(1px, 1px, 1px, 1px);\" title=\"&#8220;Gocce di filosofia, PRIMA E SECONDA STAGIONE 2022&#8221; &#8212; Radio Pi\u00f9\" src=\"https:\/\/www.radiopiu.net\/wordpress\/gocce-filosofia\/embed\/#?secret=wteiTWSA0t\" data-secret=\"wteiTWSA0t\" width=\"600\" height=\"338\" frameborder=\"0\" marginwidth=\"0\" marginheight=\"0\" scrolling=\"no\"><\/iframe><\/p>\n<p>&nbsp;<\/p>\n<hr \/>\n<p>&nbsp;<\/p>\n<p><span style=\"color: #0000ff;\">MUSICA PIU&#8217;\u00a0<\/span><\/p>\n<p><a href=\"https:\/\/www.radiopiu.net\/wordpress\/giornale-radiopiu-20-settembre-2021-direttore-mirko-mezzacasa\/pp-79\/\" rel=\"attachment wp-att-232921\"><img loading=\"lazy\" decoding=\"async\" class=\"wp-image-232921 alignleft\" src=\"https:\/\/www.radiopiu.net\/wordpress\/wp-content\/uploads\/2021\/09\/pp-1-300x300.jpg\" alt=\"\" width=\"135\" height=\"135\" srcset=\"https:\/\/www.radiopiu.net\/wordpress\/wp-content\/uploads\/2021\/09\/pp-1-300x300.jpg 300w, https:\/\/www.radiopiu.net\/wordpress\/wp-content\/uploads\/2021\/09\/pp-1-150x150.jpg 150w, https:\/\/www.radiopiu.net\/wordpress\/wp-content\/uploads\/2021\/09\/pp-1.jpg 640w\" sizes=\"auto, (max-width: 135px) 100vw, 135px\" \/><\/a><\/p>\n<div class=\"mkdf-post-text\">\n<div class=\"mkdf-post-text-inner\">\n<div class=\"mkdf-post-text-main\">\n<div class=\"mkdf-post-text\">\n<div class=\"mkdf-post-text-inner\">\n<div class=\"mkdf-post-text-main\">\n<div class=\"mkdf-post-text\">\n<div class=\"mkdf-post-text-inner\">\n<div class=\"mkdf-post-text-main\">\n<div class=\"page-title-head hgroup\">\n<div class=\"page-title-head hgroup\">\n<div class=\"mkdf-post-text\">\n<div class=\"mkdf-post-text-inner\">\n<div class=\"mkdf-post-text-main\">\n<div class=\"mkdf-post-text\">\n<div class=\"mkdf-post-text-inner\">\n<div class=\"mkdf-post-text-main\">\n<div class=\"page-title-head hgroup\">\n<div class=\"page-title-head hgroup\">\n<div class=\"page-title-head hgroup\">\n<div class=\"page-title-head hgroup\">\n<div class=\"b654a4as d2edcug0\">\n<div class=\"page-title-head hgroup\">\n<div class=\"page-title-head hgroup\">\n<div class=\"page-title-head hgroup\">\n<div class=\"page-title-head hgroup\">\n<div class=\"b654a4as d2edcug0\">\n<div class=\"page-title-head hgroup\">\n<div class=\"page-title-head hgroup\">\n<div class=\"page-title-head hgroup\">\n<div class=\"page-title-head hgroup\">\n<div class=\"b654a4as d2edcug0\">\n<div class=\"mkdf-post-text\">\n<div class=\"mkdf-post-text-inner\">\n<div class=\"mkdf-post-text-main\">\n<div class=\"mkdf-post-text\">\n<div class=\"mkdf-post-text-inner\">\n<div class=\"mkdf-post-text-main\">\n<div class=\"mkdf-post-text\">\n<div class=\"mkdf-post-text-inner\">\n<div class=\"mkdf-post-text-main\">\n<div class=\"page-title-head hgroup\">\n<div class=\"page-title-head hgroup\">\n<div class=\"mkdf-post-text\">\n<div class=\"mkdf-post-text-inner\">\n<div class=\"mkdf-post-text-main\">\n<div class=\"mkdf-post-text\">\n<div class=\"mkdf-post-text-inner\">\n<div class=\"mkdf-post-text-main\">\n<div class=\"page-title-head hgroup\">\n<div class=\"page-title-head hgroup\">\n<div class=\"page-title-head hgroup\">\n<div class=\"page-title-head hgroup\">\n<div class=\"b654a4as d2edcug0\">\n<div class=\"page-title-head hgroup\">\n<div class=\"page-title-head hgroup\">\n<div class=\"page-title-head hgroup\">\n<div class=\"page-title-head hgroup\">\n<div class=\"b654a4as d2edcug0\">\n<div class=\"page-title-head hgroup\">\n<div class=\"page-title-head hgroup\">\n<div class=\"page-title-head hgroup\">\n<div class=\"page-title-head hgroup\">\n<div class=\"b654a4as d2edcug0\">\n<div><\/div>\n<div><\/div>\n<div>\n<p><strong>MUSICA ALLA RADIO, IL PROGRAMMA DI LORIS SCUSSEL &#8220;COLLAGE OPERAZIONE NOSTALGIA&#8221; DAL LUNEDI AL VENERDI ALLE 16.00\u00a0 E ALLE 23\u00a0<\/strong><\/p>\n<\/div>\n<p><strong>\u00a0\u00a0<\/strong><\/p>\n<p><strong>PUNTATA 522 DEL 18 GENNAIO 2022<\/strong><\/p>\n<audio class=\"wp-audio-shortcode\" id=\"audio-254784-8\" preload=\"none\" style=\"width: 100%;\" controls=\"controls\"><source type=\"audio\/mpeg\" src=\"https:\/\/www.radiopiu.net\/wordpress\/wp-content\/uploads\/2022\/01\/Collage-522.mp3?_=8\" \/><a href=\"https:\/\/www.radiopiu.net\/wordpress\/wp-content\/uploads\/2022\/01\/Collage-522.mp3\">https:\/\/www.radiopiu.net\/wordpress\/wp-content\/uploads\/2022\/01\/Collage-522.mp3<\/a><\/audio>\n<p>&nbsp;<\/p>\n<p><strong>\u00a0<\/strong><\/p>\n<\/div>\n<\/div>\n<\/div>\n<\/div>\n<\/div>\n<\/div>\n<\/div>\n<\/div>\n<\/div>\n<\/div>\n<\/div>\n<\/div>\n<\/div>\n<\/div>\n<\/div>\n<\/div>\n<\/div>\n<\/div>\n<\/div>\n<\/div>\n<\/div>\n<\/div>\n<\/div>\n<\/div>\n<\/div>\n<\/div>\n<\/div>\n<\/div>\n<\/div>\n<\/div>\n<\/div>\n<\/div>\n<\/div>\n<\/div>\n<\/div>\n<\/div>\n<\/div>\n<\/div>\n<\/div>\n<\/div>\n<\/div>\n<\/div>\n<\/div>\n<\/div>\n<\/div>\n<\/div>\n<\/div>\n<\/div>\n<\/div>\n<\/div>\n<\/div>\n<\/div>\n<\/div>\n<\/div>\n<\/div>\n<\/div>\n<\/div>\n<\/div>\n<\/div>\n<\/div>\n<\/div>\n<\/div>\n<\/div>\n<\/div>\n<p><strong><a href=\"https:\/\/www.radiopiu.net\/wordpress\/balli-e-musica-da-film-a-collage-operazione-nostalgia\/sophia-loren\/\" rel=\"attachment wp-att-254415\"><img loading=\"lazy\" decoding=\"async\" class=\" wp-image-254415 alignleft\" src=\"https:\/\/www.radiopiu.net\/wordpress\/wp-content\/uploads\/2022\/01\/Sophia-Loren-300x300.jpg\" alt=\"\" width=\"116\" height=\"116\" srcset=\"https:\/\/www.radiopiu.net\/wordpress\/wp-content\/uploads\/2022\/01\/Sophia-Loren-300x300.jpg 300w, https:\/\/www.radiopiu.net\/wordpress\/wp-content\/uploads\/2022\/01\/Sophia-Loren-150x150.jpg 150w, https:\/\/www.radiopiu.net\/wordpress\/wp-content\/uploads\/2022\/01\/Sophia-Loren.jpg 500w\" sizes=\"auto, (max-width: 116px) 100vw, 116px\" \/><\/a>di Loris Scussel<\/strong><\/p>\n<p>Sar\u00e0 dedicata ai balli l\u2019apertura della settimana di \u201cCollage operazione nostalgia\u201d che proseguir\u00e0 la programmazione occupando il proprio spazio quotidiano nell\u2019alternanza tra brani italiani ed internazionali inoltre mercoled\u00ec potremo ascoltare una puntata dedicata alle colonne sonore di alcuni film piuttosto famosi. Il programma andr\u00e0 in onda dal luned\u00ec al venerd\u00ec alle 16,00 e alle 23,00.<\/p>\n<p>&nbsp;<\/p>\n<p>&nbsp;<\/p>\n<hr \/>\n<p>&nbsp;<\/p>\n<p>&nbsp;<\/p>\n<blockquote class=\"wp-embedded-content\" data-secret=\"BP35EaG6aD\"><p><a href=\"https:\/\/www.radiopiu.net\/wordpress\/freemix-la-liberta-musicale-mixata-da-dj-athos-e-raccontata-da-dj-jack\/\">FREEMIX, LA LIBERTA&#8217; MUSICALE MIXATA DA DJ ATHOS E RACCONTATA DA DJ JACK<\/a><\/p><\/blockquote>\n<p><iframe loading=\"lazy\" class=\"wp-embedded-content\" sandbox=\"allow-scripts\" security=\"restricted\" style=\"position: absolute; clip: rect(1px, 1px, 1px, 1px);\" title=\"&#8220;FREEMIX, LA LIBERTA&#8217; MUSICALE MIXATA DA DJ ATHOS E RACCONTATA DA DJ JACK&#8221; &#8212; Radio Pi\u00f9\" src=\"https:\/\/www.radiopiu.net\/wordpress\/freemix-la-liberta-musicale-mixata-da-dj-athos-e-raccontata-da-dj-jack\/embed\/#?secret=BP35EaG6aD\" data-secret=\"BP35EaG6aD\" width=\"600\" height=\"338\" frameborder=\"0\" marginwidth=\"0\" marginheight=\"0\" scrolling=\"no\"><\/iframe><\/p>\n<p>&nbsp;<\/p>\n<blockquote class=\"wp-embedded-content\" data-secret=\"5vmRFxywpN\"><p><a href=\"https:\/\/www.radiopiu.net\/wordpress\/da-ieri-alla-radio-in-palinsesto-loris-e-maurizio-con-la-grande-musica\/\">IL BLUES ALLA RADIO &#8230; COME NON L&#8217;AVETE MAI SENTITO PRIMA<\/a><\/p><\/blockquote>\n<p><iframe loading=\"lazy\" class=\"wp-embedded-content\" sandbox=\"allow-scripts\" security=\"restricted\" style=\"position: absolute; clip: rect(1px, 1px, 1px, 1px);\" title=\"&#8220;IL BLUES ALLA RADIO &#8230; COME NON L&#8217;AVETE MAI SENTITO PRIMA&#8221; &#8212; Radio Pi\u00f9\" src=\"https:\/\/www.radiopiu.net\/wordpress\/da-ieri-alla-radio-in-palinsesto-loris-e-maurizio-con-la-grande-musica\/embed\/#?secret=5vmRFxywpN\" data-secret=\"5vmRFxywpN\" width=\"600\" height=\"338\" frameborder=\"0\" marginwidth=\"0\" marginheight=\"0\" scrolling=\"no\"><\/iframe><\/p>\n<p>&nbsp;<\/p>\n<hr \/>\n<p>&nbsp;<\/p>\n<blockquote>\n<h3><span style=\"color: #0000ff;\">INFORMAZIONE il canale su TELEGRAM informazione di prima mano e in tempo reale. iscriviti ed aiutaci a farlo conoscere\u00a0\u00a0<\/span><\/h3>\n<\/blockquote>\n<div>\n<div class=\"page-title-head hgroup\">\n<div class=\"page-title-head hgroup\">\n<div class=\"page-title-head hgroup\">\n<div class=\"page-title-head hgroup\">\n<div class=\"b654a4as d2edcug0\">\n<div class=\"page-title-head hgroup\">\n<div class=\"page-title-head hgroup\">\n<div class=\"page-title-head hgroup\">\n<div class=\"page-title-head hgroup\">\n<div class=\"b654a4as d2edcug0\">\n<div class=\"page-title-head hgroup\">\n<div class=\"page-title-head hgroup\">\n<div class=\"page-title-head hgroup\">\n<div class=\"page-title-head hgroup\">\n<div class=\"page-title-head hgroup\">\n<div class=\"page-title-head hgroup\">\n<div class=\"page-title-head hgroup\">\n<div class=\"page-title-head hgroup\">\n<div class=\"page-title-head hgroup\">\n<div class=\"b654a4as d2edcug0\">\n<div class=\"page-title-head hgroup\">\n<div class=\"page-title-head hgroup\">\n<div class=\"page-title-head hgroup\">\n<div class=\"page-title-head hgroup\">\n<div class=\"b654a4as d2edcug0\">\n<div>\n<p>&nbsp;<\/p>\n<\/div>\n<div>\n<div class=\"page-title-head hgroup\">\n<div class=\"page-title-head hgroup\">\n<div class=\"page-title-head hgroup\">\n<div class=\"page-title-head hgroup\">\n<div class=\"page-title-head hgroup\">\n<div class=\"b654a4as d2edcug0\">\n<div>\n<hr \/>\n<\/div>\n<\/div>\n<div>\n<div>\n<p>&nbsp;<\/p>\n<\/div>\n<div>\n<div>\n<p>&nbsp;<\/p>\n<\/div>\n<div>\n<div>\n<p><strong>DUE MINUTI UN LIBRO, TUTTI I GIORNI ALLA RADIO ALLE 9.40 E ALLE 17.50\u00a0<\/strong><\/p>\n<div>\n<div>\n<p><strong>LA RACCOLTA COMPLETA\u00a0\u00a0<\/strong><\/p>\n<\/div>\n<div>\n<blockquote class=\"wp-embedded-content\" data-secret=\"9Oc0J9A5UE\"><p><a href=\"https:\/\/www.radiopiu.net\/wordpress\/due-minuti-un-libro\/\">Due minuti un libro<\/a><\/p><\/blockquote>\n<p><iframe loading=\"lazy\" class=\"wp-embedded-content\" sandbox=\"allow-scripts\" security=\"restricted\" style=\"position: absolute; clip: rect(1px, 1px, 1px, 1px);\" title=\"&#8220;Due minuti un libro&#8221; &#8212; Radio Pi\u00f9\" src=\"https:\/\/www.radiopiu.net\/wordpress\/due-minuti-un-libro\/embed\/#?secret=9Oc0J9A5UE\" data-secret=\"9Oc0J9A5UE\" width=\"600\" height=\"338\" frameborder=\"0\" marginwidth=\"0\" marginheight=\"0\" scrolling=\"no\"><\/iframe><\/p>\n<\/div>\n<\/div>\n<\/div>\n<div class=\"mkdf-post-text\">\n<div class=\"mkdf-post-text-inner\">\n<div class=\"mkdf-post-text-main\">\n<div class=\"mkdf-post-text\">\n<div class=\"mkdf-post-text-inner\">\n<div class=\"mkdf-post-text-main\">\n<div class=\"mkdf-post-text\">\n<div class=\"mkdf-post-text-inner\">\n<div class=\"mkdf-post-text-main\">\n<div class=\"page-title-head hgroup\">\n<div class=\"page-title-head hgroup\">\n<div class=\"mkdf-post-text\">\n<div class=\"mkdf-post-text-inner\">\n<div class=\"mkdf-post-text-main\">\n<div class=\"mkdf-post-text\">\n<div class=\"mkdf-post-text-inner\">\n<div class=\"mkdf-post-text-main\">\n<div class=\"page-title-head hgroup\">\n<div class=\"page-title-head hgroup\">\n<div class=\"page-title-head hgroup\">\n<div class=\"page-title-head hgroup\">\n<div class=\"b654a4as d2edcug0\">\n<div class=\"page-title-head hgroup\">\n<div class=\"page-title-head hgroup\">\n<div class=\"page-title-head hgroup\">\n<div class=\"page-title-head hgroup\">\n<div class=\"b654a4as d2edcug0\">\n<div class=\"page-title-head hgroup\">\n<div class=\"page-title-head hgroup\">\n<div class=\"page-title-head hgroup\">\n<div class=\"page-title-head hgroup\">\n<div class=\"b654a4as d2edcug0\">\n<div>\n<p>&nbsp;<\/p>\n<\/div>\n<div>\n<hr \/>\n<p>&nbsp;<\/p>\n<\/div>\n<h2><span style=\"color: #808000;\">L&#8217;ALMANACCO LADINO\u00a0\u00a0<\/span><\/h2>\n<p><strong>PUNTATA DEL 17 GENNAIO 2022<\/strong><\/p>\n<audio class=\"wp-audio-shortcode\" id=\"audio-254784-9\" preload=\"none\" style=\"width: 100%;\" controls=\"controls\"><source type=\"audio\/mpeg\" src=\"https:\/\/www.radiopiu.net\/wordpress\/wp-content\/uploads\/2022\/01\/75\u00b0Almanacco-Ladino_Fodom-1.mp3?_=9\" \/><a href=\"https:\/\/www.radiopiu.net\/wordpress\/wp-content\/uploads\/2022\/01\/75\u00b0Almanacco-Ladino_Fodom-1.mp3\">https:\/\/www.radiopiu.net\/wordpress\/wp-content\/uploads\/2022\/01\/75\u00b0Almanacco-Ladino_Fodom-1.mp3<\/a><\/audio>\n<p>&nbsp;<\/p>\n<p><strong>LA RACCOLTA<\/strong><\/p>\n<blockquote class=\"wp-embedded-content\" data-secret=\"Oi9V96dhgC\"><p><a href=\"https:\/\/www.radiopiu.net\/wordpress\/almanacco-ladino\/\">Almanacco Ladino<\/a><\/p><\/blockquote>\n<p><iframe loading=\"lazy\" class=\"wp-embedded-content\" sandbox=\"allow-scripts\" security=\"restricted\" style=\"position: absolute; clip: rect(1px, 1px, 1px, 1px);\" title=\"&#8220;Almanacco Ladino&#8221; &#8212; Radio Pi\u00f9\" src=\"https:\/\/www.radiopiu.net\/wordpress\/almanacco-ladino\/embed\/#?secret=Oi9V96dhgC\" data-secret=\"Oi9V96dhgC\" width=\"600\" height=\"338\" frameborder=\"0\" marginwidth=\"0\" marginheight=\"0\" scrolling=\"no\"><\/iframe><\/p>\n<p>&nbsp;<\/p>\n<hr \/>\n<p>&nbsp;<\/p>\n<h2><span style=\"color: #33cccc;\">LA RASSEGNA STAMPA DA L&#8217;AMICO DEL POPOLO<\/span><\/h2>\n<p><strong><a href=\"https:\/\/www.radiopiu.net\/wordpress\/la-rassegna-stampa-da-lamico-del-popolo-15-gennaio-2022\/gerardi_conedera\/\" rel=\"attachment wp-att-254350\"><img loading=\"lazy\" decoding=\"async\" class=\" wp-image-254350 alignleft\" src=\"https:\/\/www.radiopiu.net\/wordpress\/wp-content\/uploads\/2022\/01\/Gerardi_Conedera-300x275.jpg\" alt=\"\" width=\"185\" height=\"170\" srcset=\"https:\/\/www.radiopiu.net\/wordpress\/wp-content\/uploads\/2022\/01\/Gerardi_Conedera-300x275.jpg 300w, https:\/\/www.radiopiu.net\/wordpress\/wp-content\/uploads\/2022\/01\/Gerardi_Conedera.jpg 762w\" sizes=\"auto, (max-width: 185px) 100vw, 185px\" \/><\/a>di Gianni Santomaso<\/strong><\/p>\n<p>Ospite: Anselmo Palini<\/p>\n<p>(foto: Wikipedia)<\/p>\n<audio class=\"wp-audio-shortcode\" id=\"audio-254784-10\" preload=\"none\" style=\"width: 100%;\" controls=\"controls\"><source type=\"audio\/mpeg\" src=\"https:\/\/www.radiopiu.net\/wordpress\/wp-content\/uploads\/2022\/01\/RASSEGNA-GIANNI-2.mp3?_=10\" \/><a href=\"https:\/\/www.radiopiu.net\/wordpress\/wp-content\/uploads\/2022\/01\/RASSEGNA-GIANNI-2.mp3\">https:\/\/www.radiopiu.net\/wordpress\/wp-content\/uploads\/2022\/01\/RASSEGNA-GIANNI-2.mp3<\/a><\/audio>\n<p>&nbsp;<\/p>\n<p><strong>LA RACCOLTA COMPLETA<\/strong><\/p>\n<blockquote class=\"wp-embedded-content\" data-secret=\"cavz5xolnm\"><p><a href=\"https:\/\/www.radiopiu.net\/wordpress\/rassegna-stampa-di-gianni-santomaso\/\">Rassegna stampa da l&#8217;amico del popolo &#8211; di Gianni Santomaso<\/a><\/p><\/blockquote>\n<p><iframe loading=\"lazy\" class=\"wp-embedded-content\" sandbox=\"allow-scripts\" security=\"restricted\" style=\"position: absolute; clip: rect(1px, 1px, 1px, 1px);\" title=\"&#8220;Rassegna stampa da l&#8217;amico del popolo &#8211; di Gianni Santomaso&#8221; &#8212; Radio Pi\u00f9\" src=\"https:\/\/www.radiopiu.net\/wordpress\/rassegna-stampa-di-gianni-santomaso\/embed\/#?secret=cavz5xolnm\" data-secret=\"cavz5xolnm\" width=\"600\" height=\"338\" frameborder=\"0\" marginwidth=\"0\" marginheight=\"0\" scrolling=\"no\"><\/iframe><\/p>\n<p>&nbsp;<\/p>\n<hr \/>\n<p>&nbsp;<\/p>\n<h2><span style=\"color: #800080;\">I RACCONTI DI PAOLO SOPPELSA\u00a0<\/span><\/h2>\n<p><strong>LA RACCOLTA COMPLETA<\/strong><\/p>\n<blockquote class=\"wp-embedded-content\" data-secret=\"QsN9fJVqj7\"><p><a href=\"https:\/\/www.radiopiu.net\/wordpress\/i-racconti-di-paolo-soppelsa\/\">I racconti di Paolo Soppelsa<\/a><\/p><\/blockquote>\n<p><iframe loading=\"lazy\" class=\"wp-embedded-content\" sandbox=\"allow-scripts\" security=\"restricted\" style=\"position: absolute; clip: rect(1px, 1px, 1px, 1px);\" title=\"&#8220;I racconti di Paolo Soppelsa&#8221; &#8212; Radio Pi\u00f9\" src=\"https:\/\/www.radiopiu.net\/wordpress\/i-racconti-di-paolo-soppelsa\/embed\/#?secret=QsN9fJVqj7\" data-secret=\"QsN9fJVqj7\" width=\"600\" height=\"338\" frameborder=\"0\" marginwidth=\"0\" marginheight=\"0\" scrolling=\"no\"><\/iframe><\/p>\n<p>&nbsp;<\/p>\n<hr \/>\n<\/div>\n<div class=\"b654a4as d2edcug0\">\n<p>&nbsp;<\/p>\n<p><a href=\"https:\/\/www.radiopiu.net\/wordpress\/giornale-radiopiu-26-settembre-2018-direttore-mirko-mezzacasa\/viabilita-2\/\" rel=\"attachment wp-att-61954\"><img loading=\"lazy\" decoding=\"async\" class=\"aligncenter wp-image-61954 size-full\" src=\"https:\/\/www.radiopiu.net\/wordpress\/wp-content\/uploads\/2018\/09\/viabilita.jpeg\" sizes=\"auto, (max-width: 800px) 100vw, 800px\" srcset=\"https:\/\/www.radiopiu.net\/wordpress\/wp-content\/uploads\/2018\/09\/viabilita.jpeg 800w, https:\/\/www.radiopiu.net\/wordpress\/wp-content\/uploads\/2018\/09\/viabilita-300x38.jpeg 300w, https:\/\/www.radiopiu.net\/wordpress\/wp-content\/uploads\/2018\/09\/viabilita-768x96.jpeg 768w\" alt=\"\" width=\"800\" height=\"100\" \/><\/a><\/p>\n<div class=\"ecm0bbzt e5nlhep0 a8c37x1j\">\n<div class=\"kvgmc6g5 cxmmr5t8 oygrvhab hcukyx3x c1et5uql\">\n<div class=\"gmail-kvgmc6g5 gmail-cxmmr5t8 gmail-oygrvhab gmail-hcukyx3x gmail-c1et5uql gmail-ii04i59q\">\n<div class=\"page-title-head hgroup\">\n<div class=\"page-title-head hgroup\">\n<div class=\"b654a4as d2edcug0\">\n<div class=\"j83agx80 btwxx1t3 lhclo0ds hop8lmos nkwizq5d scwd0bx6 roh60bw9\">\n<div class=\"rq0escxv hkbzh7o3 jwdofwj8 n8tt0mok r8blr3vg hyh9befq\">\n<div class=\"do00u71z l9j0dhe7 k4urcfbm\">\n<div class=\"page-title-head hgroup\">\n<div class=\"page-title-head hgroup\">\n<div class=\"page-title-head hgroup\">\n<div class=\"page-title-head hgroup\">\n<div class=\"b654a4as d2edcug0\">\n<div class=\"page-title-head hgroup\">\n<div class=\"page-title-head hgroup\">\n<div class=\"page-title-head hgroup\">\n<div class=\"page-title-head hgroup\">\n<div class=\"b654a4as d2edcug0\">\n<div class=\"page-title-head hgroup\">\n<div class=\"page-title-head hgroup\">\n<div class=\"page-title-head hgroup\">\n<div class=\"page-title-head hgroup\">\n<div class=\"page-title-head hgroup\">\n<div class=\"page-title-head hgroup\">\n<div class=\"page-title-head hgroup\">\n<div class=\"page-title-head hgroup\">\n<div class=\"page-title-head hgroup\">\n<div class=\"b654a4as d2edcug0\">\n<div class=\"page-title-head hgroup\">\n<div class=\"page-title-head hgroup\">\n<div class=\"page-title-head hgroup\">\n<div class=\"page-title-head hgroup\">\n<div class=\"b654a4as d2edcug0\">\n<div class=\"page-title-head hgroup\">\n<div class=\"page-title-head hgroup\">\n<div class=\"page-title-head hgroup\">\n<div class=\"page-title-head hgroup\">\n<div class=\"page-title-head hgroup\">\n<div class=\"mkdf-post-text\">\n<div class=\"mkdf-post-text-inner\">\n<div class=\"mkdf-post-text-main\">\n<div class=\"mkdf-post-text\">\n<div class=\"mkdf-post-text-inner\">\n<div class=\"mkdf-post-text-main\">\n<div class=\"mkdf-post-text\">\n<div class=\"mkdf-post-text-inner\">\n<div class=\"mkdf-post-text-main\">\n<div class=\"page-title-head hgroup\">\n<div class=\"page-title-head hgroup\">\n<div class=\"mkdf-post-text\">\n<div class=\"mkdf-post-text-inner\">\n<div class=\"mkdf-post-text-main\">\n<div class=\"mkdf-post-text\">\n<div class=\"mkdf-post-text-inner\">\n<div class=\"mkdf-post-text-main\">\n<div class=\"page-title-head hgroup\">\n<div class=\"page-title-head hgroup\">\n<div class=\"page-title-head hgroup\">\n<div class=\"page-title-head hgroup\">\n<div class=\"b654a4as d2edcug0\">\n<div class=\"page-title-head hgroup\">\n<div class=\"page-title-head hgroup\">\n<div class=\"page-title-head hgroup\">\n<div class=\"page-title-head hgroup\">\n<div class=\"b654a4as d2edcug0\">\n<div class=\"page-title-head hgroup\">\n<div class=\"page-title-head hgroup\">\n<div class=\"page-title-head hgroup\">\n<div class=\"page-title-head hgroup\">\n<div class=\"b654a4as d2edcug0\">\n<div class=\"chat-input\">\n<div class=\"chat-input-container\">\n<div class=\"rows-wrapper chat-input-wrapper\">\n<div class=\"reply-wrapper\">\n<div class=\"btn-menu\">\n<div class=\"btn-menu-item tgico-replace rp\">\n<div class=\"c-ripple\">\n<div class=\"bubbles scrolled-down\">\n<div class=\"scrollable scrollable-y\">\n<div class=\"bubbles-inner has-rights is-chat is-channel\">\n<div class=\"bubbles-date-group\">\n<div class=\"bubble hide-name is-out can-have-tail is-group-first is-group-last is-read\" data-mid=\"5377294335\" data-peer-id=\"-1478820725\" data-timestamp=\"1638437407\">\n<div class=\"bubble-content-wrapper\">\n<div class=\"bubble-content\">\n<p class=\"message\" dir=\"auto\"><strong>\u00a0<\/strong><\/p>\n<\/div>\n<\/div>\n<\/div>\n<\/div>\n<\/div>\n<\/div>\n<\/div>\n<\/div>\n<\/div>\n<\/div>\n<\/div>\n<\/div>\n<\/div>\n<\/div>\n<\/div>\n<\/div>\n<\/div>\n<\/div>\n<\/div>\n<\/div>\n<\/div>\n<\/div>\n<\/div>\n<\/div>\n<\/div>\n<\/div>\n<\/div>\n<\/div>\n<\/div>\n<\/div>\n<\/div>\n<\/div>\n<\/div>\n<\/div>\n<\/div>\n<\/div>\n<\/div>\n<\/div>\n<\/div>\n<\/div>\n<\/div>\n<\/div>\n<\/div>\n<\/div>\n<\/div>\n<\/div>\n<\/div>\n<\/div>\n<\/div>\n<\/div>\n<\/div>\n<\/div>\n<\/div>\n<\/div>\n<\/div>\n<\/div>\n<\/div>\n<\/div>\n<\/div>\n<\/div>\n<\/div>\n<\/div>\n<\/div>\n<\/div>\n<\/div>\n<\/div>\n<\/div>\n<\/div>\n<\/div>\n<\/div>\n<\/div>\n<\/div>\n<\/div>\n<\/div>\n<\/div>\n<\/div>\n<\/div>\n<\/div>\n<\/div>\n<\/div>\n<\/div>\n<\/div>\n<\/div>\n<\/div>\n<\/div>\n<\/div>\n<\/div>\n<\/div>\n<\/div>\n<\/div>\n<\/div>\n<\/div>\n<\/div>\n<\/div>\n<\/div>\n<\/div>\n<\/div>\n<\/div>\n<\/div>\n<\/div>\n<\/div>\n<\/div>\n<\/div>\n<\/div>\n<\/div>\n<\/div>\n<\/div>\n<\/div>\n<\/div>\n<\/div>\n<\/div>\n<\/div>\n<\/div>\n<\/div>\n<\/div>\n<\/div>\n<\/div>\n<\/div>\n<\/div>\n<\/div>\n<\/div>\n<\/div>\n<\/div>\n<\/div>\n<\/div>\n<\/div>\n<\/div>\n<\/div>\n<\/div>\n<\/div>\n<\/div>\n<\/div>\n<\/div>\n<\/div>\n<\/div>\n<\/div>\n<\/div>\n<\/div>\n<\/div>\n<\/div>\n<\/div>\n<\/div>\n<\/div>\n<\/div>\n<\/div>\n<\/div>\n<\/div>\n<\/div>\n<\/div>\n<\/div>\n<\/div>\n<\/div>\n<\/div>\n<\/div>\n<\/div>\n<\/div>\n<\/div>\n<\/div>\n<\/div>\n<\/div>\n<\/div>\n<\/div>\n<\/div>\n<\/div>\n<\/div>\n<\/div>\n<\/div>\n<\/div>\n<div>\n<div class=\"page-title-head hgroup\">\n<div class=\"page-title-head hgroup\">\n<div class=\"b654a4as d2edcug0\">\n<div class=\"j83agx80 btwxx1t3 lhclo0ds hop8lmos nkwizq5d scwd0bx6 roh60bw9\">\n<div class=\"rq0escxv hkbzh7o3 jwdofwj8 n8tt0mok r8blr3vg hyh9befq\">\n<div class=\"do00u71z l9j0dhe7 k4urcfbm\">\n<div class=\"ecm0bbzt e5nlhep0 a8c37x1j\">\n<div class=\"kvgmc6g5 cxmmr5t8 oygrvhab hcukyx3x c1et5uql\">\n<div class=\"gmail-kvgmc6g5 gmail-cxmmr5t8 gmail-oygrvhab gmail-hcukyx3x gmail-c1et5uql gmail-ii04i59q\">\n<div class=\"page-title-head hgroup\">\n<div class=\"page-title-head hgroup\">\n<div class=\"b654a4as d2edcug0\">\n<div class=\"j83agx80 btwxx1t3 lhclo0ds hop8lmos nkwizq5d scwd0bx6 roh60bw9\">\n<div class=\"rq0escxv hkbzh7o3 jwdofwj8 n8tt0mok r8blr3vg hyh9befq\">\n<div class=\"do00u71z l9j0dhe7 k4urcfbm\">\n<div class=\"page-title-head hgroup\">\n<div class=\"page-title-head hgroup\">\n<div class=\"page-title-head hgroup\">\n<div class=\"page-title-head hgroup\">\n<div class=\"b654a4as d2edcug0\">\n<div class=\"page-title-head hgroup\">\n<div class=\"page-title-head hgroup\">\n<div class=\"page-title-head hgroup\">\n<div class=\"page-title-head hgroup\">\n<div class=\"b654a4as d2edcug0\">\n<div class=\"page-title-head hgroup\">\n<div class=\"page-title-head hgroup\">\n<div class=\"page-title-head hgroup\">\n<div class=\"page-title-head hgroup\">\n<div class=\"page-title-head hgroup\">\n<div class=\"page-title-head hgroup\">\n<div class=\"page-title-head hgroup\">\n<div class=\"page-title-head hgroup\">\n<div class=\"page-title-head hgroup\">\n<div class=\"b654a4as d2edcug0\">\n<div class=\"page-title-head hgroup\">\n<div class=\"page-title-head hgroup\">\n<div class=\"page-title-head hgroup\">\n<div class=\"page-title-head hgroup\">\n<div class=\"b654a4as d2edcug0\">\n<div class=\"page-title-head hgroup\">\n<div class=\"page-title-head hgroup\">\n<div class=\"page-title-head hgroup\">\n<div class=\"page-title-head hgroup\">\n<div class=\"page-title-head hgroup\">\n<div class=\"mkdf-post-text\">\n<div class=\"mkdf-post-text-inner\">\n<div class=\"mkdf-post-text-main\">\n<div class=\"mkdf-post-text\">\n<div class=\"mkdf-post-text-inner\">\n<div class=\"mkdf-post-text-main\">\n<div class=\"mkdf-post-text\">\n<div class=\"mkdf-post-text-inner\">\n<div class=\"mkdf-post-text-main\">\n<div class=\"page-title-head hgroup\">\n<div class=\"page-title-head hgroup\">\n<div class=\"mkdf-post-text\">\n<div class=\"mkdf-post-text-inner\">\n<div class=\"mkdf-post-text-main\">\n<div class=\"mkdf-post-text\">\n<div class=\"mkdf-post-text-inner\">\n<div class=\"mkdf-post-text-main\">\n<div class=\"page-title-head hgroup\">\n<div class=\"page-title-head hgroup\">\n<div class=\"page-title-head hgroup\">\n<div class=\"page-title-head hgroup\">\n<div class=\"b654a4as d2edcug0\">\n<div class=\"page-title-head hgroup\">\n<div class=\"page-title-head hgroup\">\n<div class=\"page-title-head hgroup\">\n<div class=\"page-title-head hgroup\">\n<div class=\"b654a4as d2edcug0\">\n<div class=\"page-title-head hgroup\">\n<div class=\"page-title-head hgroup\">\n<div class=\"page-title-head hgroup\">\n<div class=\"page-title-head hgroup\">\n<div class=\"b654a4as d2edcug0\">\n<div class=\"ecm0bbzt e5nlhep0 a8c37x1j\">\n<div class=\"kvgmc6g5 cxmmr5t8 oygrvhab hcukyx3x c1et5uql\">\n<div class=\"gmail-kvgmc6g5 gmail-cxmmr5t8 gmail-oygrvhab gmail-hcukyx3x gmail-c1et5uql gmail-ii04i59q\">\n<div class=\"page-title-head hgroup\">\n<div class=\"page-title-head hgroup\">\n<div class=\"b654a4as d2edcug0\">\n<div class=\"j83agx80 btwxx1t3 lhclo0ds hop8lmos nkwizq5d scwd0bx6 roh60bw9\">\n<div class=\"rq0escxv hkbzh7o3 jwdofwj8 n8tt0mok r8blr3vg hyh9befq\">\n<div class=\"do00u71z l9j0dhe7 k4urcfbm\">\n<div class=\"page-title-head hgroup\">\n<div class=\"page-title-head hgroup\">\n<div class=\"page-title-head hgroup\">\n<div class=\"page-title-head hgroup\">\n<div class=\"b654a4as d2edcug0\">\n<div class=\"page-title-head hgroup\">\n<div class=\"page-title-head hgroup\">\n<div class=\"page-title-head hgroup\">\n<div class=\"page-title-head hgroup\">\n<div class=\"b654a4as d2edcug0\">\n<div class=\"page-title-head hgroup\">\n<div class=\"page-title-head hgroup\">\n<div class=\"page-title-head hgroup\">\n<div class=\"page-title-head hgroup\">\n<div class=\"page-title-head hgroup\">\n<div class=\"page-title-head hgroup\">\n<div class=\"page-title-head hgroup\">\n<div class=\"page-title-head hgroup\">\n<div class=\"page-title-head hgroup\">\n<div class=\"b654a4as d2edcug0\">\n<div class=\"page-title-head hgroup\">\n<div class=\"page-title-head hgroup\">\n<div class=\"page-title-head hgroup\">\n<div class=\"page-title-head hgroup\">\n<div class=\"b654a4as d2edcug0\">\n<div class=\"page-title-head hgroup\">\n<div class=\"page-title-head hgroup\">\n<div class=\"page-title-head hgroup\">\n<div class=\"page-title-head hgroup\">\n<div class=\"page-title-head hgroup\">\n<div class=\"mkdf-post-text\">\n<div class=\"mkdf-post-text-inner\">\n<div class=\"mkdf-post-text-main\">\n<div class=\"mkdf-post-text\">\n<div class=\"mkdf-post-text-inner\">\n<div class=\"mkdf-post-text-main\">\n<div class=\"mkdf-post-text\">\n<div class=\"mkdf-post-text-inner\">\n<div class=\"mkdf-post-text-main\">\n<div class=\"page-title-head hgroup\">\n<div class=\"page-title-head hgroup\">\n<div class=\"mkdf-post-text\">\n<div class=\"mkdf-post-text-inner\">\n<div class=\"mkdf-post-text-main\">\n<div class=\"mkdf-post-text\">\n<div class=\"mkdf-post-text-inner\">\n<div class=\"mkdf-post-text-main\">\n<div class=\"page-title-head hgroup\">\n<div class=\"page-title-head hgroup\">\n<div class=\"page-title-head hgroup\">\n<div class=\"page-title-head hgroup\">\n<div class=\"b654a4as d2edcug0\">\n<div class=\"page-title-head hgroup\">\n<div class=\"page-title-head hgroup\">\n<div class=\"page-title-head hgroup\">\n<div class=\"page-title-head hgroup\">\n<div class=\"b654a4as d2edcug0\">\n<div class=\"page-title-head hgroup\">\n<div class=\"page-title-head hgroup\">\n<div class=\"page-title-head hgroup\">\n<div class=\"page-title-head hgroup\">\n<div class=\"b654a4as d2edcug0\">\n<blockquote class=\"wp-embedded-content\" data-secret=\"Aid9rFYdrI\"><p><a href=\"https:\/\/www.radiopiu.net\/wordpress\/viabilita\/\">viabilita<\/a><\/p><\/blockquote>\n<p><iframe loading=\"lazy\" class=\"wp-embedded-content\" sandbox=\"allow-scripts\" security=\"restricted\" style=\"position: absolute; clip: rect(1px, 1px, 1px, 1px);\" title=\"&#8220;viabilita&#8221; &#8212; Radio Pi\u00f9\" src=\"https:\/\/www.radiopiu.net\/wordpress\/viabilita\/embed\/#?secret=Aid9rFYdrI\" data-secret=\"Aid9rFYdrI\" width=\"600\" height=\"338\" frameborder=\"0\" marginwidth=\"0\" marginheight=\"0\" scrolling=\"no\"><\/iframe><\/p>\n<p>&nbsp;<\/p>\n<hr \/>\n<p>&nbsp;<\/p>\n<\/div>\n<div class=\"b654a4as d2edcug0\">\n<div class=\"ecm0bbzt e5nlhep0 a8c37x1j\">\n<div class=\"kvgmc6g5 cxmmr5t8 oygrvhab hcukyx3x c1et5uql\">\n<div class=\"gmail-kvgmc6g5 gmail-cxmmr5t8 gmail-oygrvhab gmail-hcukyx3x gmail-c1et5uql gmail-ii04i59q\">\n<div>\n<div class=\"page-title-head hgroup\">\n<div class=\"page-title-head hgroup\">\n<div class=\"b654a4as d2edcug0\">\n<div class=\"j83agx80 btwxx1t3 lhclo0ds hop8lmos nkwizq5d scwd0bx6 roh60bw9\">\n<div class=\"rq0escxv hkbzh7o3 jwdofwj8 n8tt0mok r8blr3vg hyh9befq\">\n<div class=\"do00u71z l9j0dhe7 k4urcfbm\">\n<div>\n<div class=\"page-title-head hgroup\">\n<div class=\"page-title-head hgroup\">\n<div class=\"page-title-head hgroup\">\n<div class=\"page-title-head hgroup\">\n<div class=\"b654a4as d2edcug0\">\n<div class=\"page-title-head hgroup\">\n<div class=\"page-title-head hgroup\">\n<div class=\"page-title-head hgroup\">\n<div class=\"page-title-head hgroup\">\n<div class=\"b654a4as d2edcug0\">\n<div class=\"page-title-head hgroup\">\n<div class=\"page-title-head hgroup\">\n<div class=\"page-title-head hgroup\">\n<div class=\"page-title-head hgroup\">\n<div class=\"page-title-head hgroup\">\n<div class=\"mkdf-post-text\">\n<div class=\"mkdf-post-text-inner\">\n<div class=\"mkdf-post-text-main\">\n<div class=\"mkdf-post-text\">\n<div class=\"mkdf-post-text-inner\">\n<div class=\"mkdf-post-text-main\">\n<div class=\"mkdf-post-text\">\n<div class=\"mkdf-post-text-inner\">\n<div class=\"mkdf-post-text-main\">\n<div class=\"page-title-head hgroup\">\n<div class=\"page-title-head hgroup\">\n<div class=\"mkdf-post-text\">\n<div class=\"mkdf-post-text-inner\">\n<div class=\"mkdf-post-text-main\">\n<div class=\"mkdf-post-text\">\n<div class=\"mkdf-post-text-inner\">\n<div class=\"mkdf-post-text-main\">\n<div>\n<div class=\"page-title-head hgroup\">\n<div class=\"page-title-head hgroup\">\n<div>\n<div class=\"page-title-head hgroup\">\n<div class=\"page-title-head hgroup\">\n<div class=\"b654a4as d2edcug0\">\n<div>\n<div class=\"page-title-head hgroup\" style=\"text-align: left;\">\n<div class=\"page-title-head hgroup\">\n<div dir=\"auto\">\n<p><a class=\"dt-pswp-item pspw-wrap-ready\" href=\"https:\/\/i0.wp.com\/www.radiopiu.net\/wordpress\/wp-content\/uploads\/2018\/09\/WhatsApp-Image-2018-09-20-at-16.04.06.jpeg?ssl=1\" data-dt-img-description=\"\" data-large_image_width=\"800\" data-large_image_height=\"100\"><img loading=\"lazy\" decoding=\"async\" class=\"aligncenter wp-image-61378 size-full jetpack-lazy-image jetpack-lazy-image--handled\" src=\"https:\/\/i0.wp.com\/www.radiopiu.net\/wordpress\/wp-content\/uploads\/2018\/09\/WhatsApp-Image-2018-09-20-at-16.04.06.jpeg?resize=800%2C100&amp;ssl=1\" sizes=\"auto, (max-width: 800px) 100vw, 800px\" srcset=\"https:\/\/i0.wp.com\/www.radiopiu.net\/wordpress\/wp-content\/uploads\/2018\/09\/WhatsApp-Image-2018-09-20-at-16.04.06.jpeg?w=800&amp;ssl=1 800w, https:\/\/i0.wp.com\/www.radiopiu.net\/wordpress\/wp-content\/uploads\/2018\/09\/WhatsApp-Image-2018-09-20-at-16.04.06.jpeg?resize=300%2C38&amp;ssl=1 300w, https:\/\/i0.wp.com\/www.radiopiu.net\/wordpress\/wp-content\/uploads\/2018\/09\/WhatsApp-Image-2018-09-20-at-16.04.06.jpeg?resize=768%2C96&amp;ssl=1 768w\" alt=\"\" width=\"800\" height=\"100\" data-lazy-loaded=\"1\" \/><\/a><\/p>\n<\/div>\n<\/div>\n<\/div>\n<\/div>\n<\/div>\n<\/div>\n<\/div>\n<\/div>\n<\/div>\n<\/div>\n<\/div>\n<\/div>\n<\/div>\n<\/div>\n<\/div>\n<\/div>\n<\/div>\n<\/div>\n<\/div>\n<\/div>\n<\/div>\n<\/div>\n<\/div>\n<\/div>\n<\/div>\n<\/div>\n<\/div>\n<\/div>\n<\/div>\n<\/div>\n<\/div>\n<\/div>\n<\/div>\n<\/div>\n<\/div>\n<\/div>\n<\/div>\n<\/div>\n<\/div>\n<\/div>\n<\/div>\n<\/div>\n<\/div>\n<\/div>\n<p>&nbsp;<\/p>\n<\/div>\n<\/div>\n<\/div>\n<\/div>\n<\/div>\n<\/div>\n<\/div>\n<\/div>\n<\/div>\n<\/div>\n<\/div>\n<\/div>\n<\/div>\n<\/div>\n<\/div>\n<\/div>\n<\/div>\n<\/div>\n<\/div>\n<\/div>\n<\/div>\n<\/div>\n<\/div>\n<\/div>\n<\/div>\n<\/div>\n<\/div>\n<\/div>\n<\/div>\n<\/div>\n<\/div>\n<\/div>\n<\/div>\n<\/div>\n<\/div>\n<\/div>\n<\/div>\n<\/div>\n<\/div>\n<\/div>\n<\/div>\n<\/div>\n<\/div>\n<\/div>\n<\/div>\n<\/div>\n<\/div>\n<\/div>\n<\/div>\n<\/div>\n<\/div>\n<\/div>\n<\/div>\n<\/div>\n<\/div>\n<\/div>\n<\/div>\n<\/div>\n<\/div>\n<\/div>\n<\/div>\n<\/div>\n<\/div>\n<\/div>\n<\/div>\n<\/div>\n<\/div>\n<\/div>\n<\/div>\n<\/div>\n<\/div>\n<\/div>\n<\/div>\n<\/div>\n<\/div>\n<\/div>\n<\/div>\n<\/div>\n<\/div>\n<\/div>\n<\/div>\n<\/div>\n<\/div>\n<\/div>\n<\/div>\n<\/div>\n<\/div>\n<\/div>\n<\/div>\n<\/div>\n<\/div>\n<\/div>\n<\/div>\n<\/div>\n<\/div>\n<\/div>\n<\/div>\n<\/div>\n<\/div>\n<\/div>\n<\/div>\n<\/div>\n<\/div>\n<\/div>\n<\/div>\n<\/div>\n<\/div>\n<\/div>\n<\/div>\n<\/div>\n<\/div>\n<\/div>\n<\/div>\n<\/div>\n<\/div>\n<\/div>\n<\/div>\n<\/div>\n<\/div>\n<\/div>\n<\/div>\n<\/div>\n<\/div>\n<\/div>\n<\/div>\n<\/div>\n<\/div>\n<\/div>\n<\/div>\n<\/div>\n<\/div>\n<\/div>\n<\/div>\n<\/div>\n<\/div>\n<\/div>\n<\/div>\n<\/div>\n<\/div>\n<\/div>\n<\/div>\n<\/div>\n<\/div>\n<\/div>\n<\/div>\n<\/div>\n<\/div>\n<\/div>\n<\/div>\n<\/div>\n<\/div>\n<\/div>\n<\/div>\n<\/div>\n<\/div>\n<\/div>\n<\/div>\n<\/div>\n<\/div>\n<\/div>\n<\/div>\n<\/div>\n<\/div>\n<\/div>\n<\/div>\n<\/div>\n<p><center><b>Mercoledi 19<\/b><\/center><b>Tempo atteso: <\/b>Per gran parte della giornata, condizioni di tempo stabile e ben soleggiato, con visibilit\u00e0 buona a tutte le quote, specie al mattino. Dal tardo pomeriggio\/sera parziale aumento di innocua nuvolosit\u00e0 di tipo medio-basso, a partire dalle zone orientali delle Dolomiti e delle Prealpi dove risulter\u00e0 anche pi\u00f9 consistente, con locali riduzioni della visibilit\u00e0 in alcune valli prealpine nella notte.<br \/>\n<b>Precipitazioni: <\/b>Assenti (0%).<br \/>\n<b>Temperature: <\/b>Minime senza variazioni di rilievo, massime in leggero calo a tutte le quote, specie nell&#8217;area prealpina con lieve o moderata inversione termica nelle valli nelle ore pi\u00f9 fredde. Su Prealpi a 1500 m min -3\u00b0C, max 2\u00b0C; a 2000 m min -4\u00b0C, max 0\u00b0C. Su Dolomiti a 2000 m min -6\u00b0C, max 0\u00b0C; a 3000 m min -9\u00b0C, max -3\u00b0C.<br \/>\n<b>Venti: <\/b>Nelle valli generalmente deboli di direzione variabile, in quota in prevalenza occidentali, al mattino deboli a tratti moderati tendenti ad un moderato rinforzo nella seconda parte della giornata, a 15-25 km\/h a 2000 m, a 15-30 km\/h a 3000 m.<\/p>\n<hr \/>\n<p><center><b>Giovedi 20<\/b><\/center><b>Tempo atteso: <\/b>Tempo variabile; cielo in prevalenza parzialmente nuvoloso con alternanza di schiarite e di qualche addensamento nuvoloso, specie al mattino, che non produrr\u00e0 fenomeni di rilievo. Ampie schiarite soprattutto nella seconda parte della giornata. Non si escludono locali riduzioni di visibilit\u00e0 in alcune valli prealpine nelle ore pi\u00f9 fredde.<br \/>\n<b>Precipitazioni: <\/b>Generalmente assenti (10%) al mattino quando non si esclude qualche locale fiocco di neve fino a fondovalle senza accumuli, assenti (0%) nella seconda parte della giornata.<br \/>\n<b>Temperature: <\/b>Minime senza notevoli variazioni o in lieve calo e misurate in prevalenza a fine giornata, massime in leggera o contenuta diminuzione, specie nell&#8217;area dolomitica. Su Prealpi a 1500 m min -4\u00b0C, max 1\u00b0C; a 2000 m min -6\u00b0C, max -2\u00b0C. Su Dolomiti a 2000 m min -8\u00b0C, max -4\u00b0C; a 3000 m min -12\u00b0C, max -8\u00b0C.<br \/>\n<b>Venti: <\/b>Nelle valli deboli o mederati di direzione variabile, con qualche raffica di Foehn specie nel pomeriggio; in quota da nord-ovest in graduale intensificazione, da moderati o tesi al mattino a forti verso fine giornata, specie sulle vette dolomitiche, a 10-20 km\/h a 2000 m, a 40-70 km\/h a 3000 m, con raffiche di 80\/90 km\/h.<\/p>\n<hr \/>\n<p><center><b>Venerdi 21<\/b><\/center>Tempo soleggiato o parzialmente soleggiato, con cielo generalmente poco nuvoloso. Possibile qualche modesto e innocuo addensamento nuvoloso soprattutto nell&#8217;area dolomitica, che non produrr\u00e0 precipitazioni. Venti in alta montagna da nord, nord-ovest, anche forti specie sulle cime dolomitiche, in ulteriore rinforzo nel corso della giornata con possibili episodi di Foehn in alcune valli. Temperature in calo.<\/p>\n<hr \/>\n<p><center><b>Sabato 22<\/b><\/center>Tempo generalmente soleggiato, a tratti parzialmente nuvoloso sulle Dolomiti settentrionali al confine con il Trentino Alto Adige, dove non si escludono brevi burrasche di neve sulle cime pi\u00f9 alte, senza accumuli significativi. Temperature minime senza notevoli variazioni, massime in generale aumento. Venti in quota forti da nord, nord-ovest, specie sulle vette dolomitiche associati ad episodi di Foehn nelle valli, anche sulle zone pedemontane occidentali. Previsore: M.Padoan<\/p>\n<p>&nbsp;<\/p>\n<hr \/>\n<p>&nbsp;<\/p>\n<p><a href=\"https:\/\/www.radiopiu.net\/wordpress\/giornale-radiopiu-15-settembre-2018-direttore-mirko-mezzacasa\/sport-7\/\" rel=\"attachment wp-att-60761\"><img loading=\"lazy\" decoding=\"async\" class=\"wp-image-60761 size-full aligncenter\" src=\"https:\/\/www.radiopiu.net\/wordpress\/wp-content\/uploads\/2018\/09\/sport.jpg\" alt=\"\" width=\"800\" height=\"100\" srcset=\"https:\/\/www.radiopiu.net\/wordpress\/wp-content\/uploads\/2018\/09\/sport.jpg 800w, https:\/\/www.radiopiu.net\/wordpress\/wp-content\/uploads\/2018\/09\/sport-300x38.jpg 300w, https:\/\/www.radiopiu.net\/wordpress\/wp-content\/uploads\/2018\/09\/sport-768x96.jpg 768w\" sizes=\"auto, (max-width: 800px) 100vw, 800px\" \/><\/a><\/p>\n<p>&nbsp;<\/p>\n<p><span style=\"color: #0000ff;\"><strong>HOCKEY SU GHIACCIO<\/strong><\/span><\/p>\n<blockquote>\n<h3>SVANISCE IL SOGNO COPPA ITALIA PER L\u2019ALLEGHE. IL PERGINE ACCEDE ALLA FINAL FOUR<\/h3>\n<\/blockquote>\n<p><strong><a href=\"https:\/\/www.radiopiu.net\/wordpress\/lalleghe-a-cavalese-per-continuare-la-striscia-positiva-di-vittorie\/alleghe-hockey-2\/\" rel=\"attachment wp-att-247055\"><img loading=\"lazy\" decoding=\"async\" class=\"size-medium wp-image-247055 alignleft\" src=\"https:\/\/www.radiopiu.net\/wordpress\/wp-content\/uploads\/2021\/12\/ALLEGHE-HOCKEY-300x190.jpg\" alt=\"\" width=\"300\" height=\"190\" srcset=\"https:\/\/www.radiopiu.net\/wordpress\/wp-content\/uploads\/2021\/12\/ALLEGHE-HOCKEY-300x190.jpg 300w, https:\/\/www.radiopiu.net\/wordpress\/wp-content\/uploads\/2021\/12\/ALLEGHE-HOCKEY-768x485.jpg 768w, https:\/\/www.radiopiu.net\/wordpress\/wp-content\/uploads\/2021\/12\/ALLEGHE-HOCKEY.jpg 1024w\" sizes=\"auto, (max-width: 300px) 100vw, 300px\" \/><\/a>ALLEGHE \u2013 PERGINE 0-5<\/strong><\/p>\n<p>PARZIALI: 0-1, 0-2, 0-2<\/p>\n<p>GOL: pt. 14\u201941\u201d Foltin. st. 5\u201950\u201d Gabri, 16\u201926\u201d Valorz. tt. 2\u201948\u201d Sanvido, 18\u201932\u201d Gabri<\/p>\n<p>&nbsp;<\/p>\n<p>Svaniscono in due tempi le speranze dell\u2019Alleghe di accedere alla final four di Coppa Italia. Nel nido delle civette il Pergine fa la voce grossa, macina gioco e concede poco o nulla alla squadra allenata da Fontana. Una partita giocata alla pari nella prima parte di gara ma poi le linci ingranano la marcia giusta e mettono in difficolt\u00e0 gli agordini che non riescono a reagire. Biancorossi con alcune assenze, la pi\u00f9 pesante quella di Kiviranta. Termina l\u2019avventura in Coppa e ora serve la concentrazione giusta per chiudere il campionato nel migliore dei modi. La sfida inizia con un minuto di silenzio in ricordo di Piero Migliarini. Primi istanti di gara con le squadre che giocano a centrocampo. I portieri non vengono chiamati in causa nonostante le azioni offensive non manchino. Il Pergine prova a rendersi pericoloso ma la difesa delle civette non lascia passare un disco. Prova a rispondere l\u2019Alleghe ma anche in questo caso i giocatori di Fontana non riescono a tirare in porta. La partita \u00e8 piacevole con tanti capovolgimenti di fronte. Berger ci prova in contropiede ma il golie trentino gli nega la rete. Le linci vanno a segno subito dopo con Foltin che sfrutta una respinta di Scola per spedire il disco in fondo al sacco. Biancorossi che accusano il colpo e i trentini provano a colpire di nuovo. Nel finale di tempo Dall\u2019Agnol, Damin e De Toni si divorano il pareggio. Nel secondo drittel l\u2019Alleghe parte bene con De Val che da distanza ravvicinata non trova il gol. Rispondono i trentini che in due occasioni sfiorano la gabbia agordina. Sono indiavolate le linci che schiacciano in difesa i padroni di casa. Il gol \u00e8 nell\u2019aria e il Pergine raddoppia subito dopo. Ci pensa Gabri a siglare il gol del raddoppio per gli ospiti. Provano a reagire gli uomini di Fontana ma la dea bendata non \u00e8 dalla loro parte. Le conclusioni di Berger e De Val non centrano i pali mentre le linci continuano a premere con Conci, Foltin e Sanvido che si trovano pi\u00f9 volte di fronte a Scola. A 3\u2019 dal termine della prima frazione il Pergine sigla la terza marcatura con Valorz che togle le ragnatele dall\u2019incrocio alla destra di Scola. Nella terza frazione i trentini continuano a tenere in mano la sfida e Sanvido cala il poker per gli ospiti battendo Scola con un rasoterra. Notte fonda per le civette che provano a reagire approfittando di un calo degli avversari che per\u00f2 non concedono errori. Ganz colpisce la traversa, Berger sfiora il palo ma il puck non entra. La partita va spegnendosi ma negli ultimi 2\u2019 Fontana gioca la carta del sesto uomo ma il Pergine chiude la sfida con la quinta marcatura di Gabri.<\/p>\n<p>&nbsp;<\/p>\n<blockquote>\n<h3>A FEBBRAIO SOSPESE TUTTE LE ATTIVITA&#8217; DELLE SQUADRE NAZIONALI<\/h3>\n<\/blockquote>\n<p class=\"null\"><a href=\"https:\/\/www.radiopiu.net\/wordpress\/giornale-radiopiu-19-gennaio-2022-direttore-mirko-mezzacasa\/7f899847-5457-821e-2571-58e87de3ac74\/\" rel=\"attachment wp-att-254834\"><img loading=\"lazy\" decoding=\"async\" class=\" wp-image-254834 alignleft\" src=\"https:\/\/www.radiopiu.net\/wordpress\/wp-content\/uploads\/2022\/01\/7f899847-5457-821e-2571-58e87de3ac74-300x201.jpg\" alt=\"\" width=\"242\" height=\"162\" srcset=\"https:\/\/www.radiopiu.net\/wordpress\/wp-content\/uploads\/2022\/01\/7f899847-5457-821e-2571-58e87de3ac74-300x201.jpg 300w, https:\/\/www.radiopiu.net\/wordpress\/wp-content\/uploads\/2022\/01\/7f899847-5457-821e-2571-58e87de3ac74-1024x685.jpg 1024w, https:\/\/www.radiopiu.net\/wordpress\/wp-content\/uploads\/2022\/01\/7f899847-5457-821e-2571-58e87de3ac74-768x514.jpg 768w, https:\/\/www.radiopiu.net\/wordpress\/wp-content\/uploads\/2022\/01\/7f899847-5457-821e-2571-58e87de3ac74.jpg 1200w\" sizes=\"auto, (max-width: 242px) 100vw, 242px\" \/><\/a>Tutelare la salute e la sicurezza di atleti e tecnici, garantire una prosecuzione dei campionati nazionali e internazionali che sia il pi\u00f9 possibile equa e regolare. Per questo motivo le attivit\u00e0 delle squadre nazionali previste per il mese di febbraio sono state sospeso. Appello della FISG a vaccinarsi per superare il prima possibile questo difficile periodo. L\u2019evoluzione della situazione sanitaria legata al Covid-19, con la forte crescita dei contagi registrata nelle ultime settimane, ha spinto la Federazione Italiana Sport del Ghiaccio a sospendere tutte le attivit\u00e0 programmate per il mese di febbraio relative alle squadre nazionali di hockey su ghiaccio. Niente raduni o tornei, dunque, per le formazioni azzurre senior e junior. N\u00e9 maschili, n\u00e9 femminili.<\/p>\n<p>&nbsp;<\/p>\n<p>&nbsp;<\/p>\n<hr \/>\n<p>&nbsp;<\/p>\n<p><span style=\"color: #0000ff;\"><strong>PALLAVOLO<\/strong><\/span><\/p>\n<blockquote>\n<h3>TRASFERTA A PINETO PER I RINOCERONTI<\/h3>\n<\/blockquote>\n<p><strong><a href=\"https:\/\/www.radiopiu.net\/wordpress\/giornale-radiopiu-19-gennaio-2022-direttore-mirko-mezzacasa\/diego_poletto_a_bordo_campo\/\" rel=\"attachment wp-att-254832\"><img loading=\"lazy\" decoding=\"async\" class=\"size-medium wp-image-254832 alignleft\" src=\"https:\/\/www.radiopiu.net\/wordpress\/wp-content\/uploads\/2022\/01\/Diego_Poletto_a_bordo_campo-300x200.jpg\" alt=\"\" width=\"300\" height=\"200\" srcset=\"https:\/\/www.radiopiu.net\/wordpress\/wp-content\/uploads\/2022\/01\/Diego_Poletto_a_bordo_campo-300x200.jpg 300w, https:\/\/www.radiopiu.net\/wordpress\/wp-content\/uploads\/2022\/01\/Diego_Poletto_a_bordo_campo-1024x682.jpg 1024w, https:\/\/www.radiopiu.net\/wordpress\/wp-content\/uploads\/2022\/01\/Diego_Poletto_a_bordo_campo-768x512.jpg 768w, https:\/\/www.radiopiu.net\/wordpress\/wp-content\/uploads\/2022\/01\/Diego_Poletto_a_bordo_campo.jpg 1109w\" sizes=\"auto, (max-width: 300px) 100vw, 300px\" \/><\/a>BELLUNO<\/strong> A distanza di 24 giorni, la Da Rold Logistics Belluno torna sotto rete per una sfida ufficiale. E riannoda il filo con il campionato di Serie A3 Credem Banca. Un filo che il Covid aveva spezzato dopo il turno di Santo Stefano: l\u2019ultimo dell\u2019anno solare e del girone d\u2019andata. Si riparte, quindi. Perch\u00e9 stasera alle 20.30\u00a0andr\u00e0 in scena il recupero della prima giornata di ritorno: in Abruzzo contro l\u2019Abba Pineto.<span class=\"gmail-Apple-converted-space\"> Inutile girarci attorno, la trasferta \u00e8 quasi proibitiva: un po\u2019 perch\u00e9 l\u2019Abba \u00e8 la capolista del girone, nonostante le due sconfitte in sequenza contro Grottazzolina (al tie-break) e Tinet Prata di Pordenone (in quattro parziali). Un po\u2019 per i risvolti di natura logistica: i bellunesi, infatti, raggiungeranno Pineto direttamente nel pomeriggio\u00a0 e torneranno fra le Dolomiti subito dopo il match. Qualche assenza \u00e8 da mettere in conto: \u00abVedremo comunque di farci onore. Pur in una situazione complicata, daremo il massimo\u00bb. E non sar\u00e0 semplice nemmeno se si considera che il gruppo ha ripreso ad allenarsi al completo solo da pochi giorni, in seguito allo scoppio dei contagi avvenuto durante le festivit\u00e0 natalizie: \u00abCi sono alcuni acciacchi, \u00e8 inevitabile &#8211; conclude Poletto -. Ma finalmente torniamo a riassaporare un po\u2019 di vera pallavolo. In merito al recupero con l\u2019Abba, affronteremo la sfida con l\u2019atteggiamento di chi non ha nulla da perdere e tutto da guadagnare\u00bb. <\/span><\/p>\n<\/div>\n<\/div>\n<\/div>\n<\/div>\n<\/div>\n<\/div>\n<\/div>\n","protected":false},"excerpt":{"rendered":"<p>INFORMAZIONE il canale su TELEGRAM informazione di prima mano e in tempo reale. iscriviti ed aiutaci a farlo conoscere\u00a0 \u00a0 \u00a0 Potenziamento offerta tamponi. Il covid point di Paludi sar\u00e0 d\u2019ora in poi attivo tutti i giorni con ampia fascia oraria, anche pomeridiana e serale, su prenotazione dal sito www.aulss1.veneto.it.\u00a0Rimangono attivi i covid point di&hellip;<\/p>\n","protected":false},"author":4,"featured_media":255000,"comment_status":"closed","ping_status":"open","sticky":false,"template":"","format":"standard","meta":{"_monsterinsights_skip_tracking":false,"_monsterinsights_sitenote_active":false,"_monsterinsights_sitenote_note":"","_monsterinsights_sitenote_category":0,"footnotes":""},"categories":[104,86],"tags":[],"class_list":["post-254784","post","type-post","status-publish","format-standard","has-post-thumbnail","hentry","category-evidenza_3","category-gr","category-104","category-86","description-off"],"img_url":"https:\/\/www.radiopiu.net\/wordpress\/wp-content\/uploads\/2022\/01\/272209637_3166842666921622_1175904791125799518_n.jpg","_links":{"self":[{"href":"https:\/\/www.radiopiu.net\/wordpress\/wp-json\/wp\/v2\/posts\/254784","targetHints":{"allow":["GET"]}}],"collection":[{"href":"https:\/\/www.radiopiu.net\/wordpress\/wp-json\/wp\/v2\/posts"}],"about":[{"href":"https:\/\/www.radiopiu.net\/wordpress\/wp-json\/wp\/v2\/types\/post"}],"author":[{"embeddable":true,"href":"https:\/\/www.radiopiu.net\/wordpress\/wp-json\/wp\/v2\/users\/4"}],"replies":[{"embeddable":true,"href":"https:\/\/www.radiopiu.net\/wordpress\/wp-json\/wp\/v2\/comments?post=254784"}],"version-history":[{"count":0,"href":"https:\/\/www.radiopiu.net\/wordpress\/wp-json\/wp\/v2\/posts\/254784\/revisions"}],"wp:featuredmedia":[{"embeddable":true,"href":"https:\/\/www.radiopiu.net\/wordpress\/wp-json\/wp\/v2\/media\/255000"}],"wp:attachment":[{"href":"https:\/\/www.radiopiu.net\/wordpress\/wp-json\/wp\/v2\/media?parent=254784"}],"wp:term":[{"taxonomy":"category","embeddable":true,"href":"https:\/\/www.radiopiu.net\/wordpress\/wp-json\/wp\/v2\/categories?post=254784"},{"taxonomy":"post_tag","embeddable":true,"href":"https:\/\/www.radiopiu.net\/wordpress\/wp-json\/wp\/v2\/tags?post=254784"}],"curies":[{"name":"wp","href":"https:\/\/api.w.org\/{rel}","templated":true}]}}