{"id":254786,"date":"2022-01-18T05:08:49","date_gmt":"2022-01-18T04:08:49","guid":{"rendered":"https:\/\/www.radiopiu.net\/wordpress\/?p=254786"},"modified":"2022-01-18T05:08:50","modified_gmt":"2022-01-18T04:08:50","slug":"il-ritorno-della-bici-raccontata","status":"publish","type":"post","link":"https:\/\/www.radiopiu.net\/wordpress\/il-ritorno-della-bici-raccontata\/","title":{"rendered":"IL RITORNO DELLA BICI RACCONTATA"},"content":{"rendered":"<p><strong><a href=\"https:\/\/www.radiopiu.net\/wordpress\/il-ritorno-della-bici-raccontata\/e70317da-af15-d285-46c0-c7b69d8263bf\/\" rel=\"attachment wp-att-254787\"><img loading=\"lazy\" decoding=\"async\" class=\"wp-image-254787 alignleft\" src=\"https:\/\/www.radiopiu.net\/wordpress\/wp-content\/uploads\/2022\/01\/e70317da-af15-d285-46c0-c7b69d8263bf-300x212.png\" alt=\"\" width=\"201\" height=\"142\" srcset=\"https:\/\/www.radiopiu.net\/wordpress\/wp-content\/uploads\/2022\/01\/e70317da-af15-d285-46c0-c7b69d8263bf-300x212.png 300w, https:\/\/www.radiopiu.net\/wordpress\/wp-content\/uploads\/2022\/01\/e70317da-af15-d285-46c0-c7b69d8263bf-1024x724.png 1024w, https:\/\/www.radiopiu.net\/wordpress\/wp-content\/uploads\/2022\/01\/e70317da-af15-d285-46c0-c7b69d8263bf-768x543.png 768w, https:\/\/www.radiopiu.net\/wordpress\/wp-content\/uploads\/2022\/01\/e70317da-af15-d285-46c0-c7b69d8263bf-1536x1086.png 1536w, https:\/\/www.radiopiu.net\/wordpress\/wp-content\/uploads\/2022\/01\/e70317da-af15-d285-46c0-c7b69d8263bf.png 2000w\" sizes=\"auto, (max-width: 201px) 100vw, 201px\" \/><\/a>FELTRE<\/strong> Da venerdi\u00a0 \u00a0tre serate dedicate a libri, incontri e viaggi alla scoperta di posti magici, a volte inesplorati o poco conosciuti. La rassegna, gratuita, sar\u00e0 aperta a tutti e\u00a0 prevede due appuntamenti su piattaforma Jitsi Meet &#8211; venerd\u00ed 21 gennaio e venerd\u00ed 4 marzo, e un appuntamento in presenza presso l&#8217;Istituto Canossiano di Feltre venerd\u00ed 11 febbraio.\u00a0 PRIMO APPUNTAMENTO Con la partecipazione di Massimo Gaspardo Moro &#8211; Consigliere Nazionale FIAB, venerdi alle 21: <strong><a href=\"https:\/\/mailchi.mp\/6543c304e9d0\/la_bici_raccontata\"><span style=\"color: #007c89;\">&#8220;E-CAR, E-BIKE, E-MONOPATTINI. LA MOBILIT\u00c0 ELETTRICA \u00c8 LA SOLUZIONE?&#8221;<\/span>\u00a0 <\/a><\/strong><em>Monopattini elettrici, un problema o un&#8217;opportunit\u00e0? Non passa settimana senza qualche polemica sui nuovi mezzi, sempre pi\u00f9 diffusi nelle nostre citt\u00e0. I monopattini elettrici sono ormai diventati compagni di strada delle biciclette, ma sono temibili concorrenti o utili alleati? Quali minacce comportano per i ciclisti e quali benefici ne potrebbero derivare.\u00a0 \u00a0<\/em><strong>LINK PER COLLEGARSI ALLA SERATA:<\/strong><strong><a href=\"https:\/\/meet.jit.si\/La_Bici_Raccontata\"> https:\/\/meet.jit.si\/La_Bici_Raccontata<\/a><\/strong><u><strong><br \/>\n<\/strong><\/u><\/p>\n","protected":false},"excerpt":{"rendered":"<p>FELTRE Da venerdi\u00a0 \u00a0tre serate dedicate a libri, incontri e viaggi alla scoperta di posti magici, a volte inesplorati o poco conosciuti. La rassegna, gratuita, sar\u00e0 aperta a tutti e\u00a0 prevede due appuntamenti su piattaforma Jitsi Meet &#8211; venerd\u00ed 21 gennaio e venerd\u00ed 4 marzo, e un appuntamento in presenza presso l&#8217;Istituto Canossiano di Feltre&hellip;<\/p>\n","protected":false},"author":4,"featured_media":254788,"comment_status":"closed","ping_status":"open","sticky":false,"template":"","format":"standard","meta":{"_monsterinsights_skip_tracking":false,"_monsterinsights_sitenote_active":false,"_monsterinsights_sitenote_note":"","_monsterinsights_sitenote_category":0,"footnotes":""},"categories":[49],"tags":[],"class_list":["post-254786","post","type-post","status-publish","format-standard","has-post-thumbnail","hentry","category-news-18","category-49","description-off"],"img_url":"https:\/\/www.radiopiu.net\/wordpress\/wp-content\/uploads\/2022\/01\/88e50ccd-71e1-85bd-aa3e-eb3cdc1ef19a.png","_links":{"self":[{"href":"https:\/\/www.radiopiu.net\/wordpress\/wp-json\/wp\/v2\/posts\/254786","targetHints":{"allow":["GET"]}}],"collection":[{"href":"https:\/\/www.radiopiu.net\/wordpress\/wp-json\/wp\/v2\/posts"}],"about":[{"href":"https:\/\/www.radiopiu.net\/wordpress\/wp-json\/wp\/v2\/types\/post"}],"author":[{"embeddable":true,"href":"https:\/\/www.radiopiu.net\/wordpress\/wp-json\/wp\/v2\/users\/4"}],"replies":[{"embeddable":true,"href":"https:\/\/www.radiopiu.net\/wordpress\/wp-json\/wp\/v2\/comments?post=254786"}],"version-history":[{"count":0,"href":"https:\/\/www.radiopiu.net\/wordpress\/wp-json\/wp\/v2\/posts\/254786\/revisions"}],"wp:featuredmedia":[{"embeddable":true,"href":"https:\/\/www.radiopiu.net\/wordpress\/wp-json\/wp\/v2\/media\/254788"}],"wp:attachment":[{"href":"https:\/\/www.radiopiu.net\/wordpress\/wp-json\/wp\/v2\/media?parent=254786"}],"wp:term":[{"taxonomy":"category","embeddable":true,"href":"https:\/\/www.radiopiu.net\/wordpress\/wp-json\/wp\/v2\/categories?post=254786"},{"taxonomy":"post_tag","embeddable":true,"href":"https:\/\/www.radiopiu.net\/wordpress\/wp-json\/wp\/v2\/tags?post=254786"}],"curies":[{"name":"wp","href":"https:\/\/api.w.org\/{rel}","templated":true}]}}