{"id":254845,"date":"2022-01-18T23:59:00","date_gmt":"2022-01-18T22:59:00","guid":{"rendered":"https:\/\/www.radiopiu.net\/wordpress\/?p=254845"},"modified":"2022-01-18T14:36:40","modified_gmt":"2022-01-18T13:36:40","slug":"quero-zorzoi-castellavazzo-e-pieve-ruoli-importanti-di-castelli-o-palazzi","status":"publish","type":"post","link":"https:\/\/www.radiopiu.net\/wordpress\/quero-zorzoi-castellavazzo-e-pieve-ruoli-importanti-di-castelli-o-palazzi\/","title":{"rendered":"QUERO, ZORZOI, CASTELLAVAZZO E PIEVE: RUOLI IMPORTANTI DI CASTELLI O PALAZZI"},"content":{"rendered":"<p><strong>di\u00a0 RENATO BONA<\/strong><\/p>\n<p>&nbsp;<\/p>\n<p>Sono migliaia a livello nazionale (247 nel Veneto, cos\u00ec distribuite: Belluno 28, Padova 46, Rovigo 18, Treviso 30, Venezia 37, Verona 54, Vicenza 34) le realt\u00e0 fin qui censite dal benemerito sito \u201cmondimedievali.net\u201d che si occupa della ricerca (che prosegue) di notizie ed immagini su: castelli, fortezze, rocche, torri, borghi ed edifici fortificati oltre ai \u2018palazzi del potere. Vale la pena ricordare che il sito ha finalit\u00e0 didattiche e sinteticamente esplicative, non commerciali o di profitto, ed \u00e8 liberamente consultabile. Insomma: una iniziativa culturale e didattica a cura del prof. Raffaele Licinio, ordinario di storia medievale nella facolt\u00e0 di lettere dell\u2019Universit\u00e0 di Bari; editore e webmaster Gianluca Lovreglio. Per quanto concerne in particolare la situazione della provincia di Belluno &#8211; della quale ci siamo gi\u00e0 occupati in precedenti servizi \u2013 proponiamo qui di seguito le realt\u00e0 di: Quero (Castello di Quero o Castelnuovo), Zorzoi di Sovramonte (Castello dello Schener); Castellavazzo (ruderi del Castello della Gardona), Pieve di Cadore (Castello e Palazzo della Magnifica Comunit\u00e0 di Cadore). CASTELLO DI QUERO O CASTELNUOVO. \u201cMaestosa struttura dalla severa, militare sagoma, costituisce, come tutte le opere fortificatorie, una continua sorpresa per chi lo avvicina&#8230; L\u2019atmosfera che gravita attorno \u00e8 carica di misteri e a poco valgono le esaurienti note storiche che narrano le vicende di ogni pietra\u2026 rimane sempre una zona oscura, che alimenta leggende, racconti, supposizioni\u201d. La costruzione \u00e8 datata fine 1376 (in sostituzione di un precedente sistema murario di difesa) ed aveva lo scopo di \u201cdifendere la Repubblica veneta dagli attacchi dei nemici, in particolare dalle forze dei duchi d\u2019Austria\u201d Vi venivano inviati castellani scelti fa le famiglie nobili, che vi rimanevano due anni con potere di giurisdizione sul territorio della Pieve di Quero: il pi\u00f9 famoso \u00e8 stato Girolamo Miani, protagonista nell\u2019agosto 1511 di una battaglia che determin\u00f2 una svolta decisiva alla sua esistenza. Fatto prigioniero dopo una strenuta difesa, fu liberato \u201cper intervento della Madonna\u201d come ebbe a dire lui stesso che fu quindi indotto a riconsiderare gli scopi della sua vita e a fondare l\u2019ordine religioso dei padri somaschi. Castelnuovo, dove i dazieri un tempo regolavano il passaggio delle merci attraverso il valico, e controllavano dunque il commercio, \u00e8 oggi sede di una Casa di preghiera gestita proprio dai Padri somaschi. CASTELLO DELLO SCHEN\u00c9R a Zorzoi di Sovramonte. Nel sito si pu\u00f2 leggere che \u201cAlmeno tre erano i castelli importanti che presidiavano il territorio sulla sponda sinistra del Cismon; il castello di Servo e quello di Val Rosna o dello Schen\u00e9r e, infine, quello di Faller. Quello di cui ci occupia,o fu costruito per presidiare la via Claudia Augusta Aktinate verso il Priniero. Molto antico, la sua importanza \u00e8 diminuita nel tempo quando il Primiero venne assoggettato al potere temporale del vescovo di Feltre per essere destinato a risorgere quando vi fu la cessione ai duchi d\u2019Austria. Rinforzato sotto il dominio della Serenissima, fu distrutto durante la guerra dalla Lega di Cambrai e ricostruito, con successivi restauri nel XVIII secolo quando ormai aveva perso la sua funzione originaria. Alla caduta della Repubblica di Venezia fu utilizzato come semplice alloggio per il capitano e qualche soldato. Lasciato in completo abbandono, venne demolito dalle truppe italiane nel 1915 per utilizzarne i materiali per costruire trincee. Un\u2019ultima annotazione: \u201cuna litografia del Moro, del 1876, lo riproduce 40 anni prima della sua distruzione: era una piccola costruzione difensiva posta a cavallo della strada. La porzione pi\u00f9 a valle era l\u2019abitazione del capitano, dominata a monte da una massiccia torre le cui poderose fondazioni sono ancora oggi visibili. Le due strutture erano circondate da mura\u201d. CASTELLO DELLA GARDONA, a Castellavazzo. Ecco quanto riportato da \u201cmondimedievali.net\u201d: \u201cI ruderi dell&#8217;antica fortezza (il \u2018fortilitium Gardonae\u2019) si trovano in localit\u00e0 Gardona, a nord dell&#8217;abitato di Castellavazzo. Il luogo \u00e8 facilmente raggiungibile per\u00accorrendo il sentiero che dal cementificio si snoda in quota sopra il tracciato ferroviario, ricalcando l&#8217;antico percorso della strada romana. Eretto nel 1171 da Ottone, vescovo di Belluno, apparteneva, con il castello di San Giorgio a Soccher, al sistema difensivo della Contea di Belluno nel Trecento. Del presidio sono attualmente visibili i ruderi della torre, di inusitata pianta triangolare, che costituiva il corpo principale di un pi\u00f9 esteso complesso. In prossimit\u00e0 dei resti del castello, a monte della strada di accesso, si trova la cava di pietra utilizzata per la costruzione del fortilizio\u201d. Concludiamo con il CASTELLO DI PIEVE DI CADORE (ed il Palazzo della Magnifica Comunit\u00e0): \u201cSi trovava sul Monterico, in posizione dominante e strategica, risultava perci\u00f2 di difficile accesso\u201d. E\u2019 del 1140 la prima fonte che consente di supporne l\u2019esistenza, quando il re di Germania, Corrado III \u201cconferma i privilegi dati alla chiesa di Frisinga, fra cui il \u2018Comitatum Catubriae\u2019\u201d. Venne distrutto da un incendio e ricostruito nel periodo dell\u2019occupazione aquileiese. Era munito di ponte levatoio e dotato di una torre, di alloggi per il corpo di guardia, di magazzini, dell\u2019abitazione del comandante ed aveva all\u2019interno una chiesa dedicata a Santa Caterina d\u2019Alessandria. Fu pi\u00f9 volte restaurato nel XV secolo mentre \u201ca partire dalla dominazione di Venezia, venne progressivamente lasciato in abbandono. Con l\u2019avvento delle truppe francesi nel 1797 \u201cvenne prima occupato e poi fui lasciato andare in rovina. Nel 1882 le autorit\u00e0 militari italiane costruirono in quello stesso sito una fortezza: la Batteria Castello\u201d. Restiamo a Pieve perch\u00e9 nella centrale Piazza Tiziano, accanto alla chiesa arcidiaconale vi \u00e8 il palazzo in cui ha sede la Magnifica Comunit\u00e0 di Cadore. Palazzo edificato nel 1447, mentre \u201cla torre merlata venne terminata nel 1491 ed in essa fu installata la prima campana dell\u2019Arengo che risuonava per richiamare i deputati al Consiglio\u201d. Tuttora vi \u00e8 custodito l&#8217;archivio della Magnifica Comunit\u00e0: pergamene e documenti di interesse storico. Ancora dal sito: Nel 1511, durante la Guerra della Lega di Cambrai, palazzo e torre furono saccheggiati e bruciati e dunque nel 1513 si procedette a lavori di ristrutturazione che durarono fino al 1558, quando un nuovo incendio danneggi\u00f2 l&#8217;edificio. La costruzione attuale \u00e8 quindi quella del tardo Cinquecento, in parte rimaneggiata sul finire dello stesso secolo per un crollo parziale del tetto a causa della neve. All&#8217;interno, l&#8217;opera degna di maggior nota \u00e8 la sala del Cancellarius, con il soffitto in legno intagliato, e che ai quattro angoli porta le insegne di: lavoro, guerra, arte e religione. Dato che nel Palazzo si riuniva l&#8217;organo assembleare della Magnifica Comunit\u00e0, il \u201cMaggior e General Consiglio\u201d, l&#8217;edificio rappresentava il centro della democrazia cadorina, regolata dagli Statuti del 1338. Il testo, originariamente composto e custodito a Pieve di Cadore, venne sottratto dalle truppe asburgiche nel 1511 e si trova oggi ad Innsbruck. Nel 1683 al piano terra del Palazzo furono realizzate le prigioni della Comunit\u00e0, mentre nel 1727 fu realizzata la scalinata in pietra che d\u00e0 accesso al Palazzo. Dopo l&#8217;Unit\u00e0 d&#8217;Italia vennero effettuati ritocchi alle decorazioni, con intento celebrativo-patriottico. Nel 1980, a seguito di un restauro del Palazzo, l&#8217;ultimo piano divenne sede del Museo Archeologico Cadorino che conserva l&#8217;importante stipe votiva di Lagole e i ritrovamenti rinvenuti fra Valle e Domegge di Cadore. Storia contemporanea: Nel 1996 &#8211; come segno di omaggio alla popolazione cadorina &#8211; fu visitato da papa Giovanni Paolo II, in occasione di una delle sue frequenti vacanze a Lorenzago di Cadore.<\/p>\n\n\t\t\t<style type='text\/css'>\n\t\t\t\t#gallery-1 {\n\t\t\t\t\tmargin: auto;\n\t\t\t\t}\n\t\t\t\t#gallery-1 .gallery-item {\n\t\t\t\t\tfloat: left;\n\t\t\t\t\tmargin-top: 10px;\n\t\t\t\t\ttext-align: center;\n\t\t\t\t\twidth: 20%;\n\t\t\t\t}\n\t\t\t\t#gallery-1 img {\n\t\t\t\t\tborder: 2px solid #cfcfcf;\n\t\t\t\t}\n\t\t\t\t#gallery-1 .gallery-caption {\n\t\t\t\t\tmargin-left: 0;\n\t\t\t\t}\n\t\t\t\t\/* see gallery_shortcode() in wp-includes\/media.php *\/\n\t\t\t<\/style>\n\t\t<div id='gallery-1' class='dt-gallery-container gallery galleryid-254845 gallery-columns-5 gallery-size-thumbnail'><dl class='gallery-item'>\n\t\t\t\t<dt class='gallery-icon landscape'>\n\t\t\t\t\t<a class=\"rollover rollover-zoom dt-pswp-item\" title=\"271677377_665448647810788_1591086983043253348_n\" data-dt-img-description=\"\" data-large_image_width=\"275\" data-large_image_height=\"206\"href='https:\/\/www.radiopiu.net\/wordpress\/wp-content\/uploads\/2022\/01\/271677377_665448647810788_1591086983043253348_n.jpg'><img loading=\"lazy\" decoding=\"async\" width=\"150\" height=\"150\" src=\"https:\/\/www.radiopiu.net\/wordpress\/wp-content\/uploads\/2022\/01\/271677377_665448647810788_1591086983043253348_n-150x150.jpg\" class=\"attachment-thumbnail size-thumbnail\" alt=\"\" \/><\/a>\n\t\t\t\t<\/dt><\/dl><dl class='gallery-item'>\n\t\t\t\t<dt class='gallery-icon landscape'>\n\t\t\t\t\t<a class=\"rollover rollover-zoom dt-pswp-item\" title=\"271577349_1130060344405331_4044132043486095326_n\" data-dt-img-description=\"\" data-large_image_width=\"254\" data-large_image_height=\"206\"href='https:\/\/www.radiopiu.net\/wordpress\/wp-content\/uploads\/2022\/01\/271577349_1130060344405331_4044132043486095326_n.jpg'><img loading=\"lazy\" decoding=\"async\" width=\"150\" height=\"150\" src=\"https:\/\/www.radiopiu.net\/wordpress\/wp-content\/uploads\/2022\/01\/271577349_1130060344405331_4044132043486095326_n-150x150.jpg\" class=\"attachment-thumbnail size-thumbnail\" alt=\"\" \/><\/a>\n\t\t\t\t<\/dt><\/dl><dl class='gallery-item'>\n\t\t\t\t<dt class='gallery-icon portrait'>\n\t\t\t\t\t<a class=\"rollover rollover-zoom dt-pswp-item\" title=\"271357754_257053133228447_4401671944307729579_n\" data-dt-img-description=\"\" data-large_image_width=\"158\" data-large_image_height=\"206\"href='https:\/\/www.radiopiu.net\/wordpress\/wp-content\/uploads\/2022\/01\/271357754_257053133228447_4401671944307729579_n.jpg'><img loading=\"lazy\" decoding=\"async\" width=\"150\" height=\"150\" src=\"https:\/\/www.radiopiu.net\/wordpress\/wp-content\/uploads\/2022\/01\/271357754_257053133228447_4401671944307729579_n-150x150.jpg\" class=\"attachment-thumbnail size-thumbnail\" alt=\"\" \/><\/a>\n\t\t\t\t<\/dt><\/dl><dl class='gallery-item'>\n\t\t\t\t<dt class='gallery-icon landscape'>\n\t\t\t\t\t<a class=\"rollover rollover-zoom dt-pswp-item\" title=\"270013102_984808902433906_1577188247380832248_n\" data-dt-img-description=\"\" data-large_image_width=\"275\" data-large_image_height=\"206\"href='https:\/\/www.radiopiu.net\/wordpress\/wp-content\/uploads\/2022\/01\/270013102_984808902433906_1577188247380832248_n.jpg'><img loading=\"lazy\" decoding=\"async\" width=\"150\" height=\"150\" src=\"https:\/\/www.radiopiu.net\/wordpress\/wp-content\/uploads\/2022\/01\/270013102_984808902433906_1577188247380832248_n-150x150.jpg\" class=\"attachment-thumbnail size-thumbnail\" alt=\"\" \/><\/a>\n\t\t\t\t<\/dt><\/dl><dl class='gallery-item'>\n\t\t\t\t<dt class='gallery-icon portrait'>\n\t\t\t\t\t<a class=\"rollover rollover-zoom dt-pswp-item\" title=\"269937606_341292381150007_4756273544290219775_n\" data-dt-img-description=\"\" data-large_image_width=\"150\" data-large_image_height=\"225\"href='https:\/\/www.radiopiu.net\/wordpress\/wp-content\/uploads\/2022\/01\/269937606_341292381150007_4756273544290219775_n.jpg'><img loading=\"lazy\" decoding=\"async\" width=\"150\" height=\"150\" src=\"https:\/\/www.radiopiu.net\/wordpress\/wp-content\/uploads\/2022\/01\/269937606_341292381150007_4756273544290219775_n-150x150.jpg\" class=\"attachment-thumbnail size-thumbnail\" alt=\"\" \/><\/a>\n\t\t\t\t<\/dt><\/dl><br style=\"clear: both\" \/><dl class='gallery-item'>\n\t\t\t\t<dt class='gallery-icon landscape'>\n\t\t\t\t\t<a class=\"rollover rollover-zoom dt-pswp-item\" title=\"271540127_1383059462153134_464547776302747093_n\" data-dt-img-description=\"\" data-large_image_width=\"320\" data-large_image_height=\"200\"href='https:\/\/www.radiopiu.net\/wordpress\/wp-content\/uploads\/2022\/01\/271540127_1383059462153134_464547776302747093_n.jpg'><img loading=\"lazy\" decoding=\"async\" width=\"150\" height=\"150\" src=\"https:\/\/www.radiopiu.net\/wordpress\/wp-content\/uploads\/2022\/01\/271540127_1383059462153134_464547776302747093_n-150x150.jpg\" class=\"attachment-thumbnail size-thumbnail\" alt=\"\" \/><\/a>\n\t\t\t\t<\/dt><\/dl><dl class='gallery-item'>\n\t\t\t\t<dt class='gallery-icon portrait'>\n\t\t\t\t\t<a class=\"rollover rollover-zoom dt-pswp-item\" title=\"271935411_333844475220194_143348751972596914_n\" data-dt-img-description=\"\" data-large_image_width=\"180\" data-large_image_height=\"200\"href='https:\/\/www.radiopiu.net\/wordpress\/wp-content\/uploads\/2022\/01\/271935411_333844475220194_143348751972596914_n.jpg'><img loading=\"lazy\" decoding=\"async\" width=\"150\" height=\"150\" src=\"https:\/\/www.radiopiu.net\/wordpress\/wp-content\/uploads\/2022\/01\/271935411_333844475220194_143348751972596914_n-150x150.jpg\" class=\"attachment-thumbnail size-thumbnail\" alt=\"\" \/><\/a>\n\t\t\t\t<\/dt><\/dl><dl class='gallery-item'>\n\t\t\t\t<dt class='gallery-icon landscape'>\n\t\t\t\t\t<a class=\"rollover rollover-zoom dt-pswp-item\" title=\"271691205_453789636474555_6917203757939207458_n\" data-dt-img-description=\"\" data-large_image_width=\"255\" data-large_image_height=\"206\"href='https:\/\/www.radiopiu.net\/wordpress\/wp-content\/uploads\/2022\/01\/271691205_453789636474555_6917203757939207458_n.jpg'><img loading=\"lazy\" decoding=\"async\" width=\"150\" height=\"150\" src=\"https:\/\/www.radiopiu.net\/wordpress\/wp-content\/uploads\/2022\/01\/271691205_453789636474555_6917203757939207458_n-150x150.jpg\" class=\"attachment-thumbnail size-thumbnail\" alt=\"\" \/><\/a>\n\t\t\t\t<\/dt><\/dl><dl class='gallery-item'>\n\t\t\t\t<dt class='gallery-icon portrait'>\n\t\t\t\t\t<a class=\"rollover rollover-zoom dt-pswp-item\" title=\"271705263_3173304596264046_7881071715424463780_n\" data-dt-img-description=\"\" data-large_image_width=\"155\" data-large_image_height=\"206\"href='https:\/\/www.radiopiu.net\/wordpress\/wp-content\/uploads\/2022\/01\/271705263_3173304596264046_7881071715424463780_n.jpg'><img loading=\"lazy\" decoding=\"async\" width=\"150\" height=\"150\" src=\"https:\/\/www.radiopiu.net\/wordpress\/wp-content\/uploads\/2022\/01\/271705263_3173304596264046_7881071715424463780_n-150x150.jpg\" class=\"attachment-thumbnail size-thumbnail\" alt=\"\" \/><\/a>\n\t\t\t\t<\/dt><\/dl><dl class='gallery-item'>\n\t\t\t\t<dt class='gallery-icon portrait'>\n\t\t\t\t\t<a class=\"rollover rollover-zoom dt-pswp-item\" title=\"271653237_308852797701360_6413534973055791472_n\" data-dt-img-description=\"\" data-large_image_width=\"158\" data-large_image_height=\"240\"href='https:\/\/www.radiopiu.net\/wordpress\/wp-content\/uploads\/2022\/01\/271653237_308852797701360_6413534973055791472_n.jpg'><img loading=\"lazy\" decoding=\"async\" width=\"150\" height=\"150\" src=\"https:\/\/www.radiopiu.net\/wordpress\/wp-content\/uploads\/2022\/01\/271653237_308852797701360_6413534973055791472_n-150x150.jpg\" class=\"attachment-thumbnail size-thumbnail\" alt=\"\" \/><\/a>\n\t\t\t\t<\/dt><\/dl><br style=\"clear: both\" \/>\n\t\t\t<\/div>\n\n<p>&nbsp;<\/p>\n<p>NELLE FOTO (dal sito\u201cmondimedievali.net\u201d): due vedute del Castello di Quero; cartello che ricorda il Castello di Schener; panoramica sovramontina; ecco due visioni di quanto resta del Castello della Gardona; due disegni del Castello di Pieve di Cadore; e due scorci del Palazzo della Magnifica Comunit\u00e0 di Cadore.<\/p>\n","protected":false},"excerpt":{"rendered":"<p>di\u00a0 RENATO BONA &nbsp; Sono migliaia a livello nazionale (247 nel Veneto, cos\u00ec distribuite: Belluno 28, Padova 46, Rovigo 18, Treviso 30, Venezia 37, Verona 54, Vicenza 34) le realt\u00e0 fin qui censite dal benemerito sito \u201cmondimedievali.net\u201d che si occupa della ricerca (che prosegue) di notizie ed immagini su: castelli, fortezze, rocche, torri, borghi ed&hellip;<\/p>\n","protected":false},"author":4,"featured_media":254853,"comment_status":"closed","ping_status":"open","sticky":false,"template":"","format":"standard","meta":{"_monsterinsights_skip_tracking":false,"_monsterinsights_sitenote_active":false,"_monsterinsights_sitenote_note":"","_monsterinsights_sitenote_category":0,"footnotes":""},"categories":[104,49],"tags":[],"class_list":["post-254845","post","type-post","status-publish","format-standard","has-post-thumbnail","hentry","category-evidenza_3","category-news-18","category-104","category-49","description-off"],"img_url":"https:\/\/www.radiopiu.net\/wordpress\/wp-content\/uploads\/2022\/01\/271691205_453789636474555_6917203757939207458_n.jpg","_links":{"self":[{"href":"https:\/\/www.radiopiu.net\/wordpress\/wp-json\/wp\/v2\/posts\/254845","targetHints":{"allow":["GET"]}}],"collection":[{"href":"https:\/\/www.radiopiu.net\/wordpress\/wp-json\/wp\/v2\/posts"}],"about":[{"href":"https:\/\/www.radiopiu.net\/wordpress\/wp-json\/wp\/v2\/types\/post"}],"author":[{"embeddable":true,"href":"https:\/\/www.radiopiu.net\/wordpress\/wp-json\/wp\/v2\/users\/4"}],"replies":[{"embeddable":true,"href":"https:\/\/www.radiopiu.net\/wordpress\/wp-json\/wp\/v2\/comments?post=254845"}],"version-history":[{"count":0,"href":"https:\/\/www.radiopiu.net\/wordpress\/wp-json\/wp\/v2\/posts\/254845\/revisions"}],"wp:featuredmedia":[{"embeddable":true,"href":"https:\/\/www.radiopiu.net\/wordpress\/wp-json\/wp\/v2\/media\/254853"}],"wp:attachment":[{"href":"https:\/\/www.radiopiu.net\/wordpress\/wp-json\/wp\/v2\/media?parent=254845"}],"wp:term":[{"taxonomy":"category","embeddable":true,"href":"https:\/\/www.radiopiu.net\/wordpress\/wp-json\/wp\/v2\/categories?post=254845"},{"taxonomy":"post_tag","embeddable":true,"href":"https:\/\/www.radiopiu.net\/wordpress\/wp-json\/wp\/v2\/tags?post=254845"}],"curies":[{"name":"wp","href":"https:\/\/api.w.org\/{rel}","templated":true}]}}