{"id":254894,"date":"2022-01-19T12:25:24","date_gmt":"2022-01-19T11:25:24","guid":{"rendered":"https:\/\/www.radiopiu.net\/wordpress\/?p=254894"},"modified":"2022-01-19T12:25:33","modified_gmt":"2022-01-19T11:25:33","slug":"autovelox-a-candaten-prove-di-accelerazioni","status":"publish","type":"post","link":"https:\/\/www.radiopiu.net\/wordpress\/autovelox-a-candaten-prove-di-accelerazioni\/","title":{"rendered":"AUTOVELOX A CANDATEN, PROVE DI ACCELERAZIONE"},"content":{"rendered":"<p><strong><img loading=\"lazy\" decoding=\"async\" class=\"alignleft\" src=\"https:\/\/www.radiopiu.net\/wordpress\/wp-content\/uploads\/2022\/01\/bfc58d6b-843f-4cba-bc67-b07efc8c9853.jpg\" width=\"271\" height=\"132\" \/>REDAZIONE<\/strong> Percorro la regionale 203 agordina da sempre, da quando la galleria dei Castei non era nemmeno stata progettata, ma scendere a Belluno non era cos\u00ec pericoloso come oggi. Non per i sassi che ogni tanto cadono e solo la fatalit\u00e0 non ha incrementato i bilanci mortali, non per gli ungulati che attraversano la strada come a quello sfortunato motociclista finito fuori strada a Candaten. Oggi ci concentriamo sull&#8217;altro pericolo della 203, l&#8217;alta velocit\u00e0 e la mancanza di adeguati controlli. Ricordo che da ragazzino si sfrecciava tra il ponte &#8220;Ti vedo&#8221; al Mas di Sedico e i Casoni (la rotonda ancora non c&#8217;era), si sfrecciava fino a quando Carabinieri, Polizia e Polizia Locale non\u00a0 hanno iniziato ad alzare la paletta. La <a href=\"https:\/\/www.radiopiu.net\/wordpress\/autovelox-a-candaten-prove-di-accelerazioni\/272209637_3166842666921622_1175904791125799518_n\/\" rel=\"attachment wp-att-255000\"><img loading=\"lazy\" decoding=\"async\" class=\"size-medium wp-image-255000 alignright\" src=\"https:\/\/www.radiopiu.net\/wordpress\/wp-content\/uploads\/2022\/01\/272209637_3166842666921622_1175904791125799518_n-135x300.jpg\" alt=\"\" width=\"135\" height=\"300\" srcset=\"https:\/\/www.radiopiu.net\/wordpress\/wp-content\/uploads\/2022\/01\/272209637_3166842666921622_1175904791125799518_n-135x300.jpg 135w, https:\/\/www.radiopiu.net\/wordpress\/wp-content\/uploads\/2022\/01\/272209637_3166842666921622_1175904791125799518_n-461x1024.jpg 461w, https:\/\/www.radiopiu.net\/wordpress\/wp-content\/uploads\/2022\/01\/272209637_3166842666921622_1175904791125799518_n.jpg 640w\" sizes=\"auto, (max-width: 135px) 100vw, 135px\" \/><\/a>voce si \u00e8 subito sparsa e da allora sono in pochi che, conoscendo la zona, si arrischiano a superare i 50. Poi la bella iniziativa del Comune di Sedico per &#8220;frenare&#8221; le auto in corsa sul rettilineo di Candaten. Operazione riuscita, in pochi superano i 90 perch\u00e9 sanno che la sanzione \u00e8 assicurata. Gli automobilisti si passano spesso e velocemente la parola e Candaten \u00e8 subito diventato Stangaten: la stangata prima della Stanga. In ogni caso, operazione riuscita c&#8217;\u00e8 molta disciplina lungo i 100 metri che precedono e seguono l&#8217;autovelox, quindi obiettivo raggiunto. Ci\u00f2 che invece non interessa a nessuno \u00e8 che negli altri 20 chilometri di strada ognuno si sente in diritto di premere l&#8217;acceleratore, tanto Carabinieri, Polizia, Polizia Locale non si vedono mai \u00e8 sufficiente prestare attenzione in prossimit\u00e0 dell&#8217;autovelox. I due punti pi\u00f9 a rischio sono in prossimit\u00e0 del ristorante La Stanga (limite 70 orari), sorpassi con presenza di linea continua, e subito dopo il rettilineo di Candaten dove ironia della sorte c&#8217;\u00e8 pure un limite di velocit\u00e0 (50 chilometri) che nessuno osserva. Di questa mattina le due riprese in dash cam auto, ma vi assicuro che capita tutti i giorni, a tutte le ore. (FOTO A LATO DI ANDREA DEON, RETTILINEO CANDATEN, QUALCHE CENTINAIO DI METRI OLTRE IL CONTROLLO AUTOVELOX)<\/p>\n<p><strong>VIDEO 1<\/strong><\/p>\n<div style=\"width: 640px;\" class=\"wp-video\"><video class=\"wp-video-shortcode\" id=\"video-254894-1\" width=\"640\" height=\"352\" preload=\"metadata\" controls=\"controls\"><source type=\"video\/mp4\" src=\"https:\/\/www.radiopiu.net\/wordpress\/wp-content\/uploads\/2022\/01\/WhatsApp-Video-2022-01-18-at-16.07.09.mp4?_=1\" \/><a href=\"https:\/\/www.radiopiu.net\/wordpress\/wp-content\/uploads\/2022\/01\/WhatsApp-Video-2022-01-18-at-16.07.09.mp4\">https:\/\/www.radiopiu.net\/wordpress\/wp-content\/uploads\/2022\/01\/WhatsApp-Video-2022-01-18-at-16.07.09.mp4<\/a><\/video><\/div>\n<p>&nbsp;<\/p>\n<p>VIDEO 2<\/p>\n<div style=\"width: 640px;\" class=\"wp-video\"><video class=\"wp-video-shortcode\" id=\"video-254894-2\" width=\"640\" height=\"352\" preload=\"metadata\" controls=\"controls\"><source type=\"video\/mp4\" src=\"https:\/\/www.radiopiu.net\/wordpress\/wp-content\/uploads\/2022\/01\/WhatsApp-Video-2022-01-18-at-16.09.00.mp4?_=2\" \/><a href=\"https:\/\/www.radiopiu.net\/wordpress\/wp-content\/uploads\/2022\/01\/WhatsApp-Video-2022-01-18-at-16.09.00.mp4\">https:\/\/www.radiopiu.net\/wordpress\/wp-content\/uploads\/2022\/01\/WhatsApp-Video-2022-01-18-at-16.09.00.mp4<\/a><\/video><\/div>\n<p>&nbsp;<\/p>\n","protected":false},"excerpt":{"rendered":"<p>REDAZIONE Percorro la regionale 203 agordina da sempre, da quando la galleria dei Castei non era nemmeno stata progettata, ma scendere a Belluno non era cos\u00ec pericoloso come oggi. Non per i sassi che ogni tanto cadono e solo la fatalit\u00e0 non ha incrementato i bilanci mortali, non per gli ungulati che attraversano la strada&hellip;<\/p>\n","protected":false},"author":4,"featured_media":255000,"comment_status":"closed","ping_status":"open","sticky":false,"template":"","format":"standard","meta":{"_monsterinsights_skip_tracking":false,"_monsterinsights_sitenote_active":false,"_monsterinsights_sitenote_note":"","_monsterinsights_sitenote_category":0,"footnotes":""},"categories":[51,49],"tags":[],"class_list":["post-254894","post","type-post","status-publish","format-standard","has-post-thumbnail","hentry","category-evidenza-top","category-news-18","category-51","category-49","description-off"],"img_url":"https:\/\/www.radiopiu.net\/wordpress\/wp-content\/uploads\/2022\/01\/272209637_3166842666921622_1175904791125799518_n.jpg","_links":{"self":[{"href":"https:\/\/www.radiopiu.net\/wordpress\/wp-json\/wp\/v2\/posts\/254894","targetHints":{"allow":["GET"]}}],"collection":[{"href":"https:\/\/www.radiopiu.net\/wordpress\/wp-json\/wp\/v2\/posts"}],"about":[{"href":"https:\/\/www.radiopiu.net\/wordpress\/wp-json\/wp\/v2\/types\/post"}],"author":[{"embeddable":true,"href":"https:\/\/www.radiopiu.net\/wordpress\/wp-json\/wp\/v2\/users\/4"}],"replies":[{"embeddable":true,"href":"https:\/\/www.radiopiu.net\/wordpress\/wp-json\/wp\/v2\/comments?post=254894"}],"version-history":[{"count":0,"href":"https:\/\/www.radiopiu.net\/wordpress\/wp-json\/wp\/v2\/posts\/254894\/revisions"}],"wp:featuredmedia":[{"embeddable":true,"href":"https:\/\/www.radiopiu.net\/wordpress\/wp-json\/wp\/v2\/media\/255000"}],"wp:attachment":[{"href":"https:\/\/www.radiopiu.net\/wordpress\/wp-json\/wp\/v2\/media?parent=254894"}],"wp:term":[{"taxonomy":"category","embeddable":true,"href":"https:\/\/www.radiopiu.net\/wordpress\/wp-json\/wp\/v2\/categories?post=254894"},{"taxonomy":"post_tag","embeddable":true,"href":"https:\/\/www.radiopiu.net\/wordpress\/wp-json\/wp\/v2\/tags?post=254894"}],"curies":[{"name":"wp","href":"https:\/\/api.w.org\/{rel}","templated":true}]}}