{"id":254900,"date":"2022-01-18T16:47:56","date_gmt":"2022-01-18T15:47:56","guid":{"rendered":"https:\/\/www.radiopiu.net\/wordpress\/?p=254900"},"modified":"2022-01-18T16:47:56","modified_gmt":"2022-01-18T15:47:56","slug":"radiologia-lulss1-acquista-turni-aggiuntivi","status":"publish","type":"post","link":"https:\/\/www.radiopiu.net\/wordpress\/radiologia-lulss1-acquista-turni-aggiuntivi\/","title":{"rendered":"RADIOLOGIA, L&#8217;ULSS1 ACQUISTA TURNI AGGIUNTIVI"},"content":{"rendered":"<p><strong><img loading=\"lazy\" decoding=\"async\" class=\"alignleft\" src=\"https:\/\/www.radiopiu.net\/wordpress\/wp-content\/uploads\/2021\/07\/RADIOLOGIA.jpg\" width=\"237\" height=\"158\" \/>BELLUNO\u00a0 <\/strong>Per garantire la copertura dei turni di radiologia nelle sedi di Belluno, Agordo e Pieve di Cadore, in relazione sia alla necessit\u00e0 di rispondere alle richieste di emergenza urgenza sia al rispetto dei tempi di attesa delle prestazioni programmate, sono stati acquistati 155 turni aggiuntivi di medici radiologi per sei mesi da Medical Line Consulting per 213 mila euro. \u00a0L\u2019acquisto di turni aggiuntivi consente di assicurare le attivit\u00e0 radiologiche in tutti i presidi. Nello stesso tempo, l\u2019Azienda continua il suo impegno nel reperire professionisti in una specialit\u00e0 che \u00e8 tra le pi\u00f9 difficili da trovare: il numero di specialisti, infatti, \u00e8 inferiore ai posti disponibili.\u00a0 Continua anche la ricerca di dirigenti medici attraverso tutti i canali possibili.<\/p>\n<blockquote><p><em>\u00abParlando con i giovani professionisti che hanno scelto la nostra Ulss, emerge l\u2019apprezzamento per le opportunit\u00e0 professionali che offre l\u2019Azienda, con la possibilit\u00e0 di essere coinvolti in molteplici casi, sia per la qualit\u00e0 di vita che offre il territorio, particolarmente adatta agli amati dello sport e alle giovani famiglie\u00bb, commenta il Direttore Generale Maria Grazia Carraro \u00aboltre alla continua ricerca di professionisti, la direzione sta studiando soluzioni innovative e strutturali per migliorare l\u2019organizzazione lavorativa delle radiologie al fine di assicurare servizi efficienti per i cittadini e facilitare l\u2019operativit\u00e0 dei professionisti\u00bb<\/em><\/p><\/blockquote>\n<p>&nbsp;<\/p>\n<p>***<\/p>\n<p>&nbsp;<\/p>\n","protected":false},"excerpt":{"rendered":"<p>BELLUNO\u00a0 Per garantire la copertura dei turni di radiologia nelle sedi di Belluno, Agordo e Pieve di Cadore, in relazione sia alla necessit\u00e0 di rispondere alle richieste di emergenza urgenza sia al rispetto dei tempi di attesa delle prestazioni programmate, sono stati acquistati 155 turni aggiuntivi di medici radiologi per sei mesi da Medical Line&hellip;<\/p>\n","protected":false},"author":4,"featured_media":220378,"comment_status":"closed","ping_status":"open","sticky":false,"template":"","format":"standard","meta":{"_monsterinsights_skip_tracking":false,"_monsterinsights_sitenote_active":false,"_monsterinsights_sitenote_note":"","_monsterinsights_sitenote_category":0,"footnotes":""},"categories":[104,49],"tags":[],"class_list":["post-254900","post","type-post","status-publish","format-standard","has-post-thumbnail","hentry","category-evidenza_3","category-news-18","category-104","category-49","description-off"],"img_url":"https:\/\/www.radiopiu.net\/wordpress\/wp-content\/uploads\/2021\/07\/RADIOLOGIA.jpg","_links":{"self":[{"href":"https:\/\/www.radiopiu.net\/wordpress\/wp-json\/wp\/v2\/posts\/254900","targetHints":{"allow":["GET"]}}],"collection":[{"href":"https:\/\/www.radiopiu.net\/wordpress\/wp-json\/wp\/v2\/posts"}],"about":[{"href":"https:\/\/www.radiopiu.net\/wordpress\/wp-json\/wp\/v2\/types\/post"}],"author":[{"embeddable":true,"href":"https:\/\/www.radiopiu.net\/wordpress\/wp-json\/wp\/v2\/users\/4"}],"replies":[{"embeddable":true,"href":"https:\/\/www.radiopiu.net\/wordpress\/wp-json\/wp\/v2\/comments?post=254900"}],"version-history":[{"count":0,"href":"https:\/\/www.radiopiu.net\/wordpress\/wp-json\/wp\/v2\/posts\/254900\/revisions"}],"wp:featuredmedia":[{"embeddable":true,"href":"https:\/\/www.radiopiu.net\/wordpress\/wp-json\/wp\/v2\/media\/220378"}],"wp:attachment":[{"href":"https:\/\/www.radiopiu.net\/wordpress\/wp-json\/wp\/v2\/media?parent=254900"}],"wp:term":[{"taxonomy":"category","embeddable":true,"href":"https:\/\/www.radiopiu.net\/wordpress\/wp-json\/wp\/v2\/categories?post=254900"},{"taxonomy":"post_tag","embeddable":true,"href":"https:\/\/www.radiopiu.net\/wordpress\/wp-json\/wp\/v2\/tags?post=254900"}],"curies":[{"name":"wp","href":"https:\/\/api.w.org\/{rel}","templated":true}]}}