{"id":254932,"date":"2022-01-20T06:00:17","date_gmt":"2022-01-20T05:00:17","guid":{"rendered":"https:\/\/www.radiopiu.net\/wordpress\/?p=254932"},"modified":"2022-01-20T09:59:46","modified_gmt":"2022-01-20T08:59:46","slug":"giornale-radiopiu-20-gennaio-2022-direttore-mirko-mezzacasa","status":"publish","type":"post","link":"https:\/\/www.radiopiu.net\/wordpress\/giornale-radiopiu-20-gennaio-2022-direttore-mirko-mezzacasa\/","title":{"rendered":"GIORNALE RADIOPIU 20 GENNAIO 2022 DIRETTORE MIRKO MEZZACASA"},"content":{"rendered":"<h3 class=\"kvgmc6g5 cxmmr5t8 oygrvhab hcukyx3x c1et5uql\"><span style=\"color: #0000ff;\"><strong>INFORMAZIONE il canale su TELEGRAM informazione di prima mano e in tempo reale. iscriviti ed aiutaci a farlo conoscere\u00a0<\/strong><\/span><\/h3>\n<p><strong>\u00a0<\/strong><\/p>\n<p><strong>\u00a0<\/strong><\/p>\n<blockquote><p><strong><a href=\"https:\/\/www.radiopiu.net\/wordpress\/code-interminabili-per-i-tamponi-e-viabilita-bloccata-servirebbero-nuovi-drive-in\/covid_point_paludi\/\" rel=\"attachment wp-att-252465\"><img loading=\"lazy\" decoding=\"async\" class=\"wp-image-252465 alignleft\" src=\"https:\/\/www.radiopiu.net\/wordpress\/wp-content\/uploads\/2022\/01\/Covid_Point_Paludi-300x155.jpg\" alt=\"\" width=\"174\" height=\"90\" srcset=\"https:\/\/www.radiopiu.net\/wordpress\/wp-content\/uploads\/2022\/01\/Covid_Point_Paludi-300x155.jpg 300w, https:\/\/www.radiopiu.net\/wordpress\/wp-content\/uploads\/2022\/01\/Covid_Point_Paludi-1024x528.jpg 1024w, https:\/\/www.radiopiu.net\/wordpress\/wp-content\/uploads\/2022\/01\/Covid_Point_Paludi-768x396.jpg 768w, https:\/\/www.radiopiu.net\/wordpress\/wp-content\/uploads\/2022\/01\/Covid_Point_Paludi.jpg 1417w\" sizes=\"auto, (max-width: 174px) 100vw, 174px\" \/><\/a>Potenziamento offerta tamponi. Il covid point di Paludi \u00e8 attivo tutti i giorni con ampia fascia oraria, anche pomeridiana e serale, su prenotazione dal sito www.aulss1.veneto.it. Rimangono attivi i covid point di FELTRE (tutte le mattine domenica esclusa) di Agordo (al <a href=\"https:\/\/www.radiopiu.net\/wordpress\/giornale-radiopiu-20-gennaio-2022-direttore-mirko-mezzacasa\/272049158_659199645265250_8389442923113239362_n\/\" rel=\"attachment wp-att-255044\"><img loading=\"lazy\" decoding=\"async\" class=\"wp-image-255044 alignleft\" src=\"https:\/\/www.radiopiu.net\/wordpress\/wp-content\/uploads\/2022\/01\/272049158_659199645265250_8389442923113239362_n-300x189.jpg\" alt=\"\" width=\"235\" height=\"148\" srcset=\"https:\/\/www.radiopiu.net\/wordpress\/wp-content\/uploads\/2022\/01\/272049158_659199645265250_8389442923113239362_n-300x189.jpg 300w, https:\/\/www.radiopiu.net\/wordpress\/wp-content\/uploads\/2022\/01\/272049158_659199645265250_8389442923113239362_n.jpg 750w\" sizes=\"auto, (max-width: 235px) 100vw, 235px\" \/><\/a>mattino del martedi, gioved\u00ec e sabato) e di tai di Cadore (pomeriggio di marted\u00ec gioved\u00ec e sabato), sempre con accesso su prenotazione. Per i \u00a0tamponi per bambini sintomatici da luned\u00ec sar\u00e0 richiesta la prenotazione anche per Belluno &#8211; San Gervasio,\u00a0 sempre dal sito <span class=\"gmail-py34i1dx\"><a href=\"http:\/\/www.aulss1.veneto.it\">www.aulss1.veneto.it<\/a><\/span><\/strong><\/p>\n<p><strong>IL MESSAGGIO RIQUADRATO&#8230; IERI SULLA PAGINA &#8220;SEI DI FALCADE SE&#8221; di <\/strong>\u00a0<span class=\"\"><span class=\"nc684nl6\"><a class=\"oajrlxb2 g5ia77u1 qu0x051f esr5mh6w e9989ue4 r7d6kgcz rq0escxv nhd2j8a9 nc684nl6 p7hjln8o kvgmc6g5 cxmmr5t8 oygrvhab hcukyx3x jb3vyjys rz4wbd8a qt6c0cv9 a8nywdso i1ao9s8h esuyzwwr f1sip0of lzcic4wl gpro0wi8 oo9gr5id lrazzd5p\" tabindex=\"0\" role=\"link\" href=\"https:\/\/www.facebook.com\/groups\/696601703717574\/user\/100035256622619\/?__cft__[0]=AZW-C7J0sBdIHYOv9eB75z4ctMKMLtpEqlGQW7G70WZqpGQjw5S2wKrhFz0urpZWnTzeN9TAzqjM6YGiz4BawAf5MAyUvzW-VJeZXcCTy2BqKJjcjHezEBdCMYVKWMb3Q1DgR2qHxYkXGkcJYPM3jijOJECaR6QiqdS8wzLVGyyhLeRoURmGDuKr6x50l3l4IWo&amp;__tn__=-UC%2CP-R\"><strong>Agostino Genuin<\/strong><\/a><\/span><\/span><\/p><\/blockquote>\n<p>&nbsp;<\/p>\n<p>&nbsp;<\/p>\n<p>&nbsp;<\/p>\n<hr \/>\n<p>&nbsp;<\/p>\n<h2 style=\"text-align: center;\"><span style=\"color: #008080;\">25 MARZO 2022, PER RICCARDO UN GIORNO IMPORTANTE<\/span><\/h2>\n<p><strong><a href=\"https:\/\/www.radiopiu.net\/wordpress\/raccolti-29-000-euro-per-la-nuova-auto-riccardo-tegner\/1626451699105964-locandina-riccardo-4\/\" rel=\"attachment wp-att-235380\"><img loading=\"lazy\" decoding=\"async\" class=\"size-medium wp-image-235380 alignleft\" src=\"https:\/\/www.radiopiu.net\/wordpress\/wp-content\/uploads\/2021\/10\/1626451699105964-locandina-riccardo-300x169.jpg\" alt=\"\" width=\"300\" height=\"169\" srcset=\"https:\/\/www.radiopiu.net\/wordpress\/wp-content\/uploads\/2021\/10\/1626451699105964-locandina-riccardo-300x169.jpg 300w, https:\/\/www.radiopiu.net\/wordpress\/wp-content\/uploads\/2021\/10\/1626451699105964-locandina-riccardo-768x432.jpg 768w, https:\/\/www.radiopiu.net\/wordpress\/wp-content\/uploads\/2021\/10\/1626451699105964-locandina-riccardo.jpg 800w\" sizes=\"auto, (max-width: 300px) 100vw, 300px\" \/><\/a>REDAZIONE<\/strong> Si \u00e8 conclusa\u00a0 la raccolta fondi per acquistare una nuova auto a Riccardo Tegner, l&#8217;obiettivo \u00e8 stato raggiunto grazie al grande cuore dei bellunesi e anche oltre i confini di questa provincia.<\/p>\n<p>Trentacinquemila euro per la famiglia Tegner non sono uno scherzo,\u00a0 per questo ha dato il l\u00e0 ad una sottoscrizione che ha portato all&#8217;importante risultato. L&#8217;auto per Riccardo sar\u00e0 consegnata il prossimo 25 marzo,\u00a0 la concessionaria ne ha dato notizia alla famiglia, un ritardo dei tempi previsti conseguenza del periodO di pandemia e della difficolt\u00e0 di reperire la materia prima, sar\u00e0 comunque una bella primavera per Riccarto e la sua famiglia<\/p>\n<p><strong>IL RINGRAZIAMENTO DI AGOSTINO TEGNER, PAPA&#8217; DI RICCARDO<\/strong><\/p>\n<audio class=\"wp-audio-shortcode\" id=\"audio-254932-1\" preload=\"none\" style=\"width: 100%;\" controls=\"controls\"><source type=\"audio\/mpeg\" src=\"https:\/\/www.radiopiu.net\/wordpress\/wp-content\/uploads\/2021\/10\/TEGNER-.mp3?_=1\" \/><a href=\"https:\/\/www.radiopiu.net\/wordpress\/wp-content\/uploads\/2021\/10\/TEGNER-.mp3\">https:\/\/www.radiopiu.net\/wordpress\/wp-content\/uploads\/2021\/10\/TEGNER-.mp3<\/a><\/audio>\n<p>&nbsp;<\/p>\n<p>&nbsp;<\/p>\n<hr \/>\n<p>&nbsp;<\/p>\n<blockquote>\n<h3><span style=\"color: #ff0000;\">LA CROCE VERDE VAL BIOIS COMUNICA I DISSERVIZI PER IL MESE DI GENNAIO 2022<\/span><\/h3>\n<\/blockquote>\n<p><strong><a href=\"https:\/\/www.radiopiu.net\/wordpress\/lassessore-gianpaolo-bottacin-ribatte-alle-accuse-del-presidente-della-croce-verde-val-biois-stefano-murer\/croce-verde-val-biois-2\/\" rel=\"attachment wp-att-153811\"><img loading=\"lazy\" decoding=\"async\" class=\" wp-image-153811 alignleft\" src=\"https:\/\/www.radiopiu.net\/wordpress\/wp-content\/uploads\/2020\/08\/CROCE-VERDE-VAL-BIOIS-300x225.jpg\" alt=\"\" width=\"157\" height=\"118\" srcset=\"https:\/\/www.radiopiu.net\/wordpress\/wp-content\/uploads\/2020\/08\/CROCE-VERDE-VAL-BIOIS-300x225.jpg 300w, https:\/\/www.radiopiu.net\/wordpress\/wp-content\/uploads\/2020\/08\/CROCE-VERDE-VAL-BIOIS-1024x768.jpg 1024w, https:\/\/www.radiopiu.net\/wordpress\/wp-content\/uploads\/2020\/08\/CROCE-VERDE-VAL-BIOIS-768x576.jpg 768w, https:\/\/www.radiopiu.net\/wordpress\/wp-content\/uploads\/2020\/08\/CROCE-VERDE-VAL-BIOIS-1536x1153.jpg 1536w, https:\/\/www.radiopiu.net\/wordpress\/wp-content\/uploads\/2020\/08\/CROCE-VERDE-VAL-BIOIS.jpg 1599w\" sizes=\"auto, (max-width: 157px) 100vw, 157px\" \/><\/a>FALCADE<\/strong> Anche nel mese di gennaio la Croce Verde Val Biois non assicura l&#8217;assistenza in alcune giornate. A comunicarlo il presidente Stefano Murer. Queste le date dei disservizi: DOMANI dalle\u00a0 6 alle 20; SABATO 22 GENNAIO dalle\u00a0 6 alle\u00a0 20; DOMENICA 23 GENNAIO dalle\u00a0 20:00 alle 6 di LUNEDI&#8217; 24 GENNAIO; VENERDI&#8217; 28 GENNAIO dalle 6:00 alle 20:00; SABATO 29 GENNAIO dalle 6:00 alle\u00a0 20:00.<\/p>\n<p>&nbsp;<\/p>\n<p>&nbsp;<\/p>\n<hr \/>\n<p>&nbsp;<\/p>\n<p>&nbsp;<\/p>\n<blockquote>\n<h3>ALLEGHE PIANGE &#8220;SCAI&#8221;, FABIO PIANEZZE AVEVA 60 ANNI<\/h3>\n<\/blockquote>\n<p><strong><a href=\"https:\/\/www.radiopiu.net\/wordpress\/giornale-radiopiu-20-gennaio-2022-direttore-mirko-mezzacasa\/77215a28-c024-4b0a-aa2a-6bc06db6ff95\/\" rel=\"attachment wp-att-255041\"><img loading=\"lazy\" decoding=\"async\" class=\"wp-image-255041 alignleft\" src=\"https:\/\/www.radiopiu.net\/wordpress\/wp-content\/uploads\/2022\/01\/77215a28-c024-4b0a-aa2a-6bc06db6ff95-233x300.jpg\" alt=\"\" width=\"106\" height=\"136\" srcset=\"https:\/\/www.radiopiu.net\/wordpress\/wp-content\/uploads\/2022\/01\/77215a28-c024-4b0a-aa2a-6bc06db6ff95-233x300.jpg 233w, https:\/\/www.radiopiu.net\/wordpress\/wp-content\/uploads\/2022\/01\/77215a28-c024-4b0a-aa2a-6bc06db6ff95-768x988.jpg 768w, https:\/\/www.radiopiu.net\/wordpress\/wp-content\/uploads\/2022\/01\/77215a28-c024-4b0a-aa2a-6bc06db6ff95.jpg 796w\" sizes=\"auto, (max-width: 106px) 100vw, 106px\" \/><\/a>ALLEGHE<\/strong> In riva al lago si \u00e8 spento Fabio Pianezze. Per tutti Fabio era &#8220;Scai&#8221;, la notizia \u00e8 stata data con immenso dolore dai fratelli Wanda, Fulvio, Fiorenzo e Valeria. I funerali si svolgeranno ad Alleghe sabato alle 14.30 nella chiesa parrocchiale.<\/p>\n<blockquote><p><em>&#8220;Le scelte non sono perfette, la vita non \u00e8 perfetta, solo l&#8217;amore \u00e8 perfetto&#8230;\u00a0 Ciao Fabio&#8221;<\/em><\/p><\/blockquote>\n<p>&nbsp;<\/p>\n<p>&nbsp;<\/p>\n<p>&nbsp;<\/p>\n<hr \/>\n<p>&nbsp;<\/p>\n<div class=\"page-title-head hgroup\">\n<h3 class=\"entry-title\">DOMANI L\u2019ULTIMO SALUTO A \u201cTIX\u201d, L\u2019AMICO DELLA MUSICA E DELLA BELLA COMPAGNIA<\/h3>\n<\/div>\n<div class=\"page-title-breadcrumbs\">\n<p><strong>FALCADE-CANALE D&#8217;AGORDO<\/strong> Che brutto risveglio per la Valle del Biois, \u00e8 il giorno delle lacrime\u00a0 per &#8220;Tix&#8221;, Tiziano Busin, che ha lasciato questo mondo a soli 57 anni per un improvviso malore, li&#8217; in casa magari mentre ascoltava la musica, quella vera. Lo piange la moglie Anna, il figlio Igor e i tantissimi amici. I funerali si terranno domani alle 14.30 a Canale d&#8217;Agordo<\/p>\n<div class=\"kvgmc6g5 cxmmr5t8 oygrvhab hcukyx3x c1et5uql ii04i59q\">\n<blockquote>\n<div dir=\"auto\"><strong>Il ricordo di Andrea Fiocco.<\/strong><\/div>\n<\/blockquote>\n<\/div>\n<blockquote>\n<div class=\"cxmmr5t8 oygrvhab hcukyx3x c1et5uql o9v6fnle ii04i59q\">\n<div dir=\"auto\"><a href=\"https:\/\/www.radiopiu.net\/wordpress\/domani-lultimo-saluto-a-tix-lamico-della-musica-e-della-bella-compagnia\/252cc75c-2299-4147-b72e-5e01efdda37d\/\" rel=\"attachment wp-att-255095\"><img loading=\"lazy\" decoding=\"async\" class=\"size-medium wp-image-255095 alignleft\" src=\"https:\/\/www.radiopiu.net\/wordpress\/wp-content\/uploads\/2022\/01\/252cc75c-2299-4147-b72e-5e01efdda37d-300x135.jpg\" alt=\"\" width=\"300\" height=\"135\" srcset=\"https:\/\/www.radiopiu.net\/wordpress\/wp-content\/uploads\/2022\/01\/252cc75c-2299-4147-b72e-5e01efdda37d-300x135.jpg 300w, https:\/\/www.radiopiu.net\/wordpress\/wp-content\/uploads\/2022\/01\/252cc75c-2299-4147-b72e-5e01efdda37d-1024x461.jpg 1024w, https:\/\/www.radiopiu.net\/wordpress\/wp-content\/uploads\/2022\/01\/252cc75c-2299-4147-b72e-5e01efdda37d-768x345.jpg 768w, https:\/\/www.radiopiu.net\/wordpress\/wp-content\/uploads\/2022\/01\/252cc75c-2299-4147-b72e-5e01efdda37d-1536x691.jpg 1536w, https:\/\/www.radiopiu.net\/wordpress\/wp-content\/uploads\/2022\/01\/252cc75c-2299-4147-b72e-5e01efdda37d.jpg 2048w\" sizes=\"auto, (max-width: 300px) 100vw, 300px\" \/><\/a>Quando entrai a far parte degli Union, avevo un po&#8217; di soggezione di Tix. In fondo, Tix era un po&#8217; pi\u00f9 grande di me e io ero un pischello. Prima canzone &#8220;Imagine&#8221; di John Lennon. Matteo la voce, Renato al basso, Max alla chitarra, io alla tastiera e Tix alla batteria. Cominciammo a suonare da subito con una buona intesa. Tix era entusiasta di quello che facevamo, e cos\u00ec mi trovai presto a mio agio. Dopo un mese mi diede un testo scritto da lui e io musicai &#8220;Piccola dolce bambina&#8221;, uno dei pezzi che avremmo poi sempre fatto in concerto. Suonavamo, suonavamo, suonavamo. E intanto coltivavamo un sogno. Che bello sarebbe stato diventare famosi e importanti. Una band come i Led Zeppelin, che sogno. Tix ci credeva pi\u00f9 di tutti. Avrebbe investito tutto quello che aveva per quel progetto. Registrammo un demo di 10 pezzi nostri e andammo in TV, su Diffusione Europea.Quando suonavamo, Tix portava le braghette corte e la maglietta senza maniche. I batteristi hanno sempre caldo. Io gli chiamavo gli stacchi: su &#8220;Gli angeli&#8221; di Vasco, prima dell&#8217;assolo, contavo &#8220;uno, due, tre, TA-TUN (cassa-rullante)&#8221;&#8230; A volte Max partiva per l&#8217;assolo, tutto fiero, come su &#8220;Vita spericolata&#8221;, e Tix faceva una rullata e chiudeva il pezzo, lasciando Max sbigottito, con l&#8217;assolo in canna. Una volta, andammo a vedere un concerto della PFM, e alla fine riuscimmo a intrufolarci nei camerini, a parlare con Franz Di Cioccio e Franco Mussida. Tix sembrava un bambino, e Franz fu carinissimo con lui. Suonavamo tanti pezzi nostri e tante cover, Pink Floyd, Deep Purple, U2.. Ma il pezzo per il quale Tix insistette fino a sfinirci per farcelo imparare fu Stairway to Heaven. &#8220;Stirui tu even&#8221;, come diceva lui.\u00a0Stairway to heaven, la scala per il paradiso. Io sono convinto che Tix la sua scala per il paradiso l&#8217;avesse trovata nella musica, nelle rullate di John Bonham, nei suoni di John Paul Jones, nei graffi di Jimmy Page e negli acuti di Robert Plant. L&#8217;aveva trovata nella sua bellissima batteria Tamburo verde che aveva ridipinto di marron. L&#8217;aveva trovata in quelle cavalcate irresistibili che sapeva fare con le sue bacchette. Ora, non so in quale paradiso sia andato. Scommetto che sar\u00e0 nello stesso paradiso dove passeggia spesso anche Bonzo. Tix arriver\u00e0 e gli chieder\u00e0 di spiegargli la rullata a met\u00e0 assolo di Stairway to heaven. E Bonzo gli dir\u00e0: &#8220;te la spiego, ma prima offrimi una birra&#8221;.<\/div>\n<div dir=\"auto\">Ciao Tix. Ti abbiamo voluto bene.<\/div>\n<\/div>\n<p>&nbsp;<\/p><\/blockquote>\n<\/div>\n<p>&nbsp;<\/p>\n<p>&nbsp;<\/p>\n<hr \/>\n<p>&nbsp;<\/p>\n<p>&nbsp;<\/p>\n<blockquote>\n<h3>IN TANTI, TANTISSIMI PER L&#8217;ULTIMO SALUTO AD IVAN<\/h3>\n<\/blockquote>\n<p><em>La moglie &#8220;Vorrei che fossi qui, eri una persona meravigliosa&#8221;. La figlia &#8220;<\/em>Mi hai insegnato un sacco di cose, ma la pi\u00f9 grande che non mi scorder\u00f2 mai e che tu mi hai insegnato la felicit\u00e0 a essere una persona genuina&#8221;.<\/p>\n<p><a href=\"https:\/\/www.radiopiu.net\/wordpress\/giornale-radiopiu-20-gennaio-2022-direttore-mirko-mezzacasa\/bc621e3d-c670-4aca-85e5-c2b6e6db7a70\/\" rel=\"attachment wp-att-255116\"><img loading=\"lazy\" decoding=\"async\" class=\" wp-image-255116 alignleft\" src=\"https:\/\/www.radiopiu.net\/wordpress\/wp-content\/uploads\/2022\/01\/bc621e3d-c670-4aca-85e5-c2b6e6db7a70-300x169.jpg\" alt=\"\" width=\"238\" height=\"134\" srcset=\"https:\/\/www.radiopiu.net\/wordpress\/wp-content\/uploads\/2022\/01\/bc621e3d-c670-4aca-85e5-c2b6e6db7a70-300x169.jpg 300w, https:\/\/www.radiopiu.net\/wordpress\/wp-content\/uploads\/2022\/01\/bc621e3d-c670-4aca-85e5-c2b6e6db7a70-1024x576.jpg 1024w, https:\/\/www.radiopiu.net\/wordpress\/wp-content\/uploads\/2022\/01\/bc621e3d-c670-4aca-85e5-c2b6e6db7a70-768x432.jpg 768w, https:\/\/www.radiopiu.net\/wordpress\/wp-content\/uploads\/2022\/01\/bc621e3d-c670-4aca-85e5-c2b6e6db7a70-1536x864.jpg 1536w, https:\/\/www.radiopiu.net\/wordpress\/wp-content\/uploads\/2022\/01\/bc621e3d-c670-4aca-85e5-c2b6e6db7a70.jpg 1920w\" sizes=\"auto, (max-width: 238px) 100vw, 238px\" \/><\/a><\/p>\n<p><strong>FELTRE<\/strong> Una folla, tute gialle, penne nere, anziani, giovani. Un paese intero per salutare il suo Ivan Gaio, marito, padre, gran lavoratore e volontario di protezione civile morto mentre tentava di domare l&#8217;incendio nel garage-rimessa del suocero.<\/p>\n<p>Attorno alla moglie Cristina, alla figlia Valentina e alla famiglia tutta, si sono stretti in tanti per portare l&#8217;ultimo abbraccio al 52enne. Toccanti le parole della moglie Cristina<em> &#8220;Amore mio, questo non \u00e8 un addio \u00e8 un arrivederci&#8221; <\/em>\u00a0e della figlia Valentina <em>&#8220;Sei stato anche un amico prezioso per tutti noi. Quando qualcuno aveva bisogno c&#8217;eri sempre per qualsiasi cosa. Avevi un animo buono. Mi manchi tantissimo pap\u00e0, ma so che a modo tuo sarai sempre con me. Un giorno ci ritroveremo tutti insieme per ridere, scherzare e amarci nuovamente. Fai buon viaggio&#8221;. <\/em>\u00a0Parole di emozioni, ricordi e ringraziamenti anche di Bottegal e Bernardi del gruppo alpini e Protezione Civile.<\/p>\n<p>&nbsp;<\/p>\n<p>&nbsp;<\/p>\n<hr \/>\n<p>&nbsp;<\/p>\n<blockquote>\n<h3>COVID: A FELTRE MUORE UNA DONNA DI 77 ANNI, +854 POSITIVI IN 24 ORE<\/h3>\n<\/blockquote>\n<p><strong>BELLUNO<\/strong> L&#8217;Aggiornamento della Ulss1 Dolomiti mette purtroppo in evidenza un altro decesso per covid, nelle ultime 24 ore \u00e8 deceduta una donna covid positiva di 77 anni ricoverata in Pneumologia a Feltre, la vittima numero 682 da inizio epidemia. Gli attuali positivi sono 8511 compresi gli 854 nuovi casi. Sei i pazienti ricoverati in terapia intensiva, 38 in area critica, 10 negli ospedali di comunit\u00e0.<\/p>\n<p>&nbsp;<\/p>\n<hr \/>\n<p>&nbsp;<\/p>\n<blockquote>\n<h3>TORNANO A SALIRE I CONTAGI, +25 AD AGORDO, 9 AD ALLEGHE, 6 FALCADE E ROCCA PIETORE<\/h3>\n<\/blockquote>\n<blockquote><p><strong>ELABORAZIONE GRAFICA, TIZIANO DE COL\u00a0<\/strong><\/p>\n<p>&nbsp;<\/p><\/blockquote>\n\n\t\t\t<style type='text\/css'>\n\t\t\t\t#gallery-1 {\n\t\t\t\t\tmargin: auto;\n\t\t\t\t}\n\t\t\t\t#gallery-1 .gallery-item {\n\t\t\t\t\tfloat: left;\n\t\t\t\t\tmargin-top: 10px;\n\t\t\t\t\ttext-align: center;\n\t\t\t\t\twidth: 50%;\n\t\t\t\t}\n\t\t\t\t#gallery-1 img {\n\t\t\t\t\tborder: 2px solid #cfcfcf;\n\t\t\t\t}\n\t\t\t\t#gallery-1 .gallery-caption {\n\t\t\t\t\tmargin-left: 0;\n\t\t\t\t}\n\t\t\t\t\/* see gallery_shortcode() in wp-includes\/media.php *\/\n\t\t\t<\/style>\n\t\t<div id='gallery-1' class='dt-gallery-container gallery galleryid-254932 gallery-columns-2 gallery-size-medium'><dl class='gallery-item'>\n\t\t\t\t<dt class='gallery-icon landscape'>\n\t\t\t\t\t<a class=\"rollover rollover-zoom dt-pswp-item\" title=\"a4e43273-6064-4c24-9dfe-21b1cbbfcb02\" data-dt-img-description=\"\" data-large_image_width=\"624\" data-large_image_height=\"350\"href='https:\/\/www.radiopiu.net\/wordpress\/wp-content\/uploads\/2022\/01\/a4e43273-6064-4c24-9dfe-21b1cbbfcb02.jpg'><img loading=\"lazy\" decoding=\"async\" width=\"300\" height=\"168\" src=\"https:\/\/www.radiopiu.net\/wordpress\/wp-content\/uploads\/2022\/01\/a4e43273-6064-4c24-9dfe-21b1cbbfcb02-300x168.jpg\" class=\"attachment-medium size-medium\" alt=\"\" srcset=\"https:\/\/www.radiopiu.net\/wordpress\/wp-content\/uploads\/2022\/01\/a4e43273-6064-4c24-9dfe-21b1cbbfcb02-300x168.jpg 300w, https:\/\/www.radiopiu.net\/wordpress\/wp-content\/uploads\/2022\/01\/a4e43273-6064-4c24-9dfe-21b1cbbfcb02.jpg 624w\" sizes=\"auto, (max-width: 300px) 100vw, 300px\" \/><\/a>\n\t\t\t\t<\/dt><\/dl><dl class='gallery-item'>\n\t\t\t\t<dt class='gallery-icon landscape'>\n\t\t\t\t\t<a class=\"rollover rollover-zoom dt-pswp-item\" title=\"1abf416d-4f56-4234-bccc-45194afc925f\" data-dt-img-description=\"\" data-large_image_width=\"606\" data-large_image_height=\"349\"href='https:\/\/www.radiopiu.net\/wordpress\/wp-content\/uploads\/2022\/01\/1abf416d-4f56-4234-bccc-45194afc925f.jpg'><img loading=\"lazy\" decoding=\"async\" width=\"300\" height=\"173\" src=\"https:\/\/www.radiopiu.net\/wordpress\/wp-content\/uploads\/2022\/01\/1abf416d-4f56-4234-bccc-45194afc925f-300x173.jpg\" class=\"attachment-medium size-medium\" alt=\"\" srcset=\"https:\/\/www.radiopiu.net\/wordpress\/wp-content\/uploads\/2022\/01\/1abf416d-4f56-4234-bccc-45194afc925f-300x173.jpg 300w, https:\/\/www.radiopiu.net\/wordpress\/wp-content\/uploads\/2022\/01\/1abf416d-4f56-4234-bccc-45194afc925f.jpg 606w\" sizes=\"auto, (max-width: 300px) 100vw, 300px\" \/><\/a>\n\t\t\t\t<\/dt><\/dl><br style=\"clear: both\" \/>\n\t\t\t<\/div>\n\n<p><strong><span style=\"color: #ff0000;\">AGORDO:<\/span><\/strong>\u00a0 187 (+25)\u00a0 <span style=\"color: #ff0000;\"><strong>ROCCA PIETORE<\/strong> <span style=\"color: #000000;\">60 <\/span><\/span>\u00a0(+6) <strong><span style=\"color: #ff0000;\">TAIBON<\/span><\/strong> 59 (+4) <span style=\"color: #ff0000;\"><strong>CANALE D&#8217;AGORDO<\/strong> <span style=\"color: #000000;\">18 ()\u00a0<\/span> <span style=\"color: #000000;\">\u00a0<span style=\"color: #ff0000;\"> <strong>ALLEGHE<\/strong> <\/span>55 (+9)\u00a0 <span style=\"color: #ff0000;\"><strong>VOLTAGO<\/strong><\/span> 22\u00a0 ()\u00a0 <span style=\"color: #ff0000;\"><strong>FALCADE<\/strong><\/span> 59 (+6)\u00a0 <\/span><\/span><strong><span style=\"color: #ff0000;\">LIVINALLONGO<\/span><\/strong>\u00a0 59 (-2)\u00a0 <strong><span style=\"color: #ff0000;\">CENCENIGHE<\/span><\/strong> 30 (-1)\u00a0 <strong><span style=\"color: #ff0000;\">VALLADA<\/span> <\/strong>11 (+1)\u00a0 <span style=\"color: #ff0000;\"><strong>LA VALLE<\/strong>\u00a0<\/span> 18 (+1) <span style=\"color: #ff0000;\"><strong>RIVAMONTE<\/strong>\u00a0<\/span> 19 ()\u00a0 <strong><span style=\"color: #ff0000;\">SELVA DI CADORE<\/span><\/strong> 18 (+1) <strong><span style=\"color: #ff0000;\">SAN TOMASO<\/span> <\/strong>11 () <strong><span style=\"color: #ff0000;\">COLLE SANTA LUCIA<\/span>\u00a0<\/strong> 21 (-1)\u00a0 <strong><span style=\"color: #ff0000;\">GOSALDO<\/span><\/strong> 13 ()<\/p>\n<p>&nbsp;<\/p>\n<p>&nbsp;<\/p>\n<p>&nbsp;<\/p>\n<hr \/>\n<p>&nbsp;<\/p>\n<p>&nbsp;<\/p>\n<blockquote>\n<h3><img loading=\"lazy\" decoding=\"async\" class=\"alignleft\" src=\"https:\/\/www.radiopiu.net\/wordpress\/wp-content\/uploads\/2022\/01\/280px-DBGosaldoPala3.jpg\" width=\"192\" height=\"124\" \/>SANT&#8217;ANDREA DI GOSALDO, IDEE DI POSSIBILE REALIZZAZIONE<\/h3>\n<\/blockquote>\n<p><strong><a href=\"https:\/\/www.radiopiu.net\/wordpress\/giornale-radiopiu-20-gennaio-2022-direttore-mirko-mezzacasa\/11111132_10204358419895782_8757024532027447445_n\/\" rel=\"attachment wp-att-255122\"><img loading=\"lazy\" decoding=\"async\" class=\"wp-image-255122 alignright\" src=\"https:\/\/www.radiopiu.net\/wordpress\/wp-content\/uploads\/2022\/01\/11111132_10204358419895782_8757024532027447445_n-300x300.jpg\" alt=\"\" width=\"110\" height=\"110\" srcset=\"https:\/\/www.radiopiu.net\/wordpress\/wp-content\/uploads\/2022\/01\/11111132_10204358419895782_8757024532027447445_n-300x300.jpg 300w, https:\/\/www.radiopiu.net\/wordpress\/wp-content\/uploads\/2022\/01\/11111132_10204358419895782_8757024532027447445_n-150x150.jpg 150w, https:\/\/www.radiopiu.net\/wordpress\/wp-content\/uploads\/2022\/01\/11111132_10204358419895782_8757024532027447445_n.jpg 496w\" sizes=\"auto, (max-width: 110px) 100vw, 110px\" \/><\/a>GOSALDO<\/strong><\/p>\n<p><strong>DI GIANNI SANTOMASO<\/strong><\/p>\n<audio class=\"wp-audio-shortcode\" id=\"audio-254932-2\" preload=\"none\" style=\"width: 100%;\" controls=\"controls\"><source type=\"audio\/mpeg\" src=\"https:\/\/www.radiopiu.net\/wordpress\/wp-content\/uploads\/2022\/01\/GIANNI-GOSALDO.mp3?_=2\" \/><a href=\"https:\/\/www.radiopiu.net\/wordpress\/wp-content\/uploads\/2022\/01\/GIANNI-GOSALDO.mp3\">https:\/\/www.radiopiu.net\/wordpress\/wp-content\/uploads\/2022\/01\/GIANNI-GOSALDO.mp3<\/a><\/audio>\n<p>&nbsp;<\/p>\n\n\t\t\t<style type='text\/css'>\n\t\t\t\t#gallery-2 {\n\t\t\t\t\tmargin: auto;\n\t\t\t\t}\n\t\t\t\t#gallery-2 .gallery-item {\n\t\t\t\t\tfloat: left;\n\t\t\t\t\tmargin-top: 10px;\n\t\t\t\t\ttext-align: center;\n\t\t\t\t\twidth: 50%;\n\t\t\t\t}\n\t\t\t\t#gallery-2 img {\n\t\t\t\t\tborder: 2px solid #cfcfcf;\n\t\t\t\t}\n\t\t\t\t#gallery-2 .gallery-caption {\n\t\t\t\t\tmargin-left: 0;\n\t\t\t\t}\n\t\t\t\t\/* see gallery_shortcode() in wp-includes\/media.php *\/\n\t\t\t<\/style>\n\t\t<div id='gallery-2' class='dt-gallery-container gallery galleryid-254932 gallery-columns-2 gallery-size-medium'><dl class='gallery-item'>\n\t\t\t\t<dt class='gallery-icon landscape'>\n\t\t\t\t\t<a class=\"rollover\" href='https:\/\/www.radiopiu.net\/wordpress\/santandrea-di-gosaldo-idee-di-possibile-realizzazione\/9f91d107-df69-48ef-a8d4-64d2c8296e04-2\/'><img loading=\"lazy\" decoding=\"async\" width=\"300\" height=\"225\" src=\"https:\/\/www.radiopiu.net\/wordpress\/wp-content\/uploads\/2022\/01\/9f91d107-df69-48ef-a8d4-64d2c8296e04-1-300x225.jpg\" class=\"attachment-medium size-medium\" alt=\"\" aria-describedby=\"gallery-2-255075\" srcset=\"https:\/\/www.radiopiu.net\/wordpress\/wp-content\/uploads\/2022\/01\/9f91d107-df69-48ef-a8d4-64d2c8296e04-1-300x225.jpg 300w, https:\/\/www.radiopiu.net\/wordpress\/wp-content\/uploads\/2022\/01\/9f91d107-df69-48ef-a8d4-64d2c8296e04-1-1024x768.jpg 1024w, https:\/\/www.radiopiu.net\/wordpress\/wp-content\/uploads\/2022\/01\/9f91d107-df69-48ef-a8d4-64d2c8296e04-1-768x576.jpg 768w, https:\/\/www.radiopiu.net\/wordpress\/wp-content\/uploads\/2022\/01\/9f91d107-df69-48ef-a8d4-64d2c8296e04-1-1536x1152.jpg 1536w, https:\/\/www.radiopiu.net\/wordpress\/wp-content\/uploads\/2022\/01\/9f91d107-df69-48ef-a8d4-64d2c8296e04-1.jpg 1600w\" sizes=\"auto, (max-width: 300px) 100vw, 300px\" \/><\/a>\n\t\t\t\t<\/dt>\n\t\t\t\t\t<dd class='wp-caption-text gallery-caption' id='gallery-2-255075'>\n\t\t\t\t\tL&#8217;ex Caselo\n\t\t\t\t\t<\/dd><\/dl><dl class='gallery-item'>\n\t\t\t\t<dt class='gallery-icon landscape'>\n\t\t\t\t\t<a class=\"rollover\" href='https:\/\/www.radiopiu.net\/wordpress\/santandrea-di-gosaldo-idee-di-possibile-realizzazione\/7c6789d6-58d8-440f-a607-1e752292a89e-2\/'><img loading=\"lazy\" decoding=\"async\" width=\"300\" height=\"225\" src=\"https:\/\/www.radiopiu.net\/wordpress\/wp-content\/uploads\/2022\/01\/7c6789d6-58d8-440f-a607-1e752292a89e-1-300x225.jpg\" class=\"attachment-medium size-medium\" alt=\"\" aria-describedby=\"gallery-2-255076\" srcset=\"https:\/\/www.radiopiu.net\/wordpress\/wp-content\/uploads\/2022\/01\/7c6789d6-58d8-440f-a607-1e752292a89e-1-300x225.jpg 300w, https:\/\/www.radiopiu.net\/wordpress\/wp-content\/uploads\/2022\/01\/7c6789d6-58d8-440f-a607-1e752292a89e-1-1024x768.jpg 1024w, https:\/\/www.radiopiu.net\/wordpress\/wp-content\/uploads\/2022\/01\/7c6789d6-58d8-440f-a607-1e752292a89e-1-768x576.jpg 768w, https:\/\/www.radiopiu.net\/wordpress\/wp-content\/uploads\/2022\/01\/7c6789d6-58d8-440f-a607-1e752292a89e-1-1536x1152.jpg 1536w, https:\/\/www.radiopiu.net\/wordpress\/wp-content\/uploads\/2022\/01\/7c6789d6-58d8-440f-a607-1e752292a89e-1.jpg 1600w\" sizes=\"auto, (max-width: 300px) 100vw, 300px\" \/><\/a>\n\t\t\t\t<\/dt>\n\t\t\t\t\t<dd class='wp-caption-text gallery-caption' id='gallery-2-255076'>\n\t\t\t\t\tL&#8217;ex canonica\n\t\t\t\t\t<\/dd><\/dl><br style=\"clear: both\" \/>\n\t\t\t<\/div>\n\n<p>&nbsp;<\/p>\n<p>&nbsp;<\/p>\n<p>&nbsp;<\/p>\n<p>&nbsp;<\/p>\n<hr \/>\n<blockquote>\n<h3><\/h3>\n<h3>UNA SCARICA DI PALLE DI NEVE VERDI ECOLOGICHE CON &#8220;SEMI D&#8217;INFANZIA&#8221;<\/h3>\n<\/blockquote>\n<p>&nbsp;<\/p>\n<p><strong><img loading=\"lazy\" decoding=\"async\" class=\"alignleft\" src=\"https:\/\/www.radiopiu.net\/wordpress\/wp-content\/uploads\/2022\/01\/th-11.jpg\" width=\"337\" height=\"93\" \/>BELLUNO<\/strong><\/p>\n<p><strong>di MORENO GIOLI<\/strong><\/p>\n<audio class=\"wp-audio-shortcode\" id=\"audio-254932-3\" preload=\"none\" style=\"width: 100%;\" controls=\"controls\"><source type=\"audio\/mpeg\" src=\"https:\/\/www.radiopiu.net\/wordpress\/wp-content\/uploads\/2022\/01\/moreno.mp3?_=3\" \/><a href=\"https:\/\/www.radiopiu.net\/wordpress\/wp-content\/uploads\/2022\/01\/moreno.mp3\">https:\/\/www.radiopiu.net\/wordpress\/wp-content\/uploads\/2022\/01\/moreno.mp3<\/a><\/audio>\n<p>&nbsp;<\/p>\n<hr \/>\n<p>&nbsp;<\/p>\n<p>&nbsp;<\/p>\n<blockquote>\n<h3><strong> COSA RESPIRANO I LIMANESI? AL VIA LO STUDIO DELL&#8217;ARIA<\/strong><\/h3>\n<\/blockquote>\n<p><strong><img loading=\"lazy\" decoding=\"async\" class=\"alignleft\" src=\"https:\/\/www.radiopiu.net\/wordpress\/wp-content\/uploads\/2022\/01\/th-12.jpg\" width=\"203\" height=\"114\" \/>BELLUNO<\/strong><\/p>\n<p><strong>DAMIANO TORMEN<\/strong><\/p>\n<audio class=\"wp-audio-shortcode\" id=\"audio-254932-4\" preload=\"none\" style=\"width: 100%;\" controls=\"controls\"><source type=\"audio\/mpeg\" src=\"https:\/\/www.radiopiu.net\/wordpress\/wp-content\/uploads\/2022\/01\/damiano-4.mp3?_=4\" \/><a href=\"https:\/\/www.radiopiu.net\/wordpress\/wp-content\/uploads\/2022\/01\/damiano-4.mp3\">https:\/\/www.radiopiu.net\/wordpress\/wp-content\/uploads\/2022\/01\/damiano-4.mp3<\/a><\/audio>\n<p>&nbsp;<\/p>\n<p>&nbsp;<\/p>\n<p>&nbsp;<\/p>\n<p>&nbsp;<\/p>\n<p>&nbsp;<\/p>\n<hr \/>\n<p>&nbsp;<\/p>\n<blockquote>\n<h3>PARCHEGGI LUXOTTICA, APPROVATA LA VARIANTE AL PRG<\/h3>\n<blockquote>\n<h3><a href=\"https:\/\/www.radiopiu.net\/wordpress\/giornale-radiopiu-01-agosto-2020-direttore-mirko-mezzacasa\/814ace46-a8a2-4c2d-a100-4d87aa509ef3\/\" rel=\"attachment wp-att-152483\"><img loading=\"lazy\" decoding=\"async\" class=\"wp-image-152483 alignleft\" src=\"https:\/\/www.radiopiu.net\/wordpress\/wp-content\/uploads\/2020\/07\/814ace46-a8a2-4c2d-a100-4d87aa509ef3-300x225.jpg\" alt=\"\" width=\"211\" height=\"158\" srcset=\"https:\/\/www.radiopiu.net\/wordpress\/wp-content\/uploads\/2020\/07\/814ace46-a8a2-4c2d-a100-4d87aa509ef3-300x225.jpg 300w, https:\/\/www.radiopiu.net\/wordpress\/wp-content\/uploads\/2020\/07\/814ace46-a8a2-4c2d-a100-4d87aa509ef3-1024x768.jpg 1024w, https:\/\/www.radiopiu.net\/wordpress\/wp-content\/uploads\/2020\/07\/814ace46-a8a2-4c2d-a100-4d87aa509ef3-768x576.jpg 768w, https:\/\/www.radiopiu.net\/wordpress\/wp-content\/uploads\/2020\/07\/814ace46-a8a2-4c2d-a100-4d87aa509ef3-1536x1152.jpg 1536w, https:\/\/www.radiopiu.net\/wordpress\/wp-content\/uploads\/2020\/07\/814ace46-a8a2-4c2d-a100-4d87aa509ef3.jpg 1560w\" sizes=\"auto, (max-width: 211px) 100vw, 211px\" \/><\/a>di Gianni Santomaso<\/h3>\n<\/blockquote>\n<p><strong>AGORDO<\/strong> Il consiglio comunale all&#8217;unanimit\u00e0 ha approvato la variante al piano regolatore generale per la riorganizzazione dei parcheggi e della viabilit\u00e0 in localit\u00e0 Valcozzena. Un progetto del 2020 depositato in Comune dall&#8217;azienda. Osservazioni sono state accolte dall&#8217;amministrazione comunale che ha aggiornato la convenzione con l&#8217;azienda.<\/p>\n<p>&nbsp;<\/p>\n<p>&nbsp;<\/p>\n<audio class=\"wp-audio-shortcode\" id=\"audio-254932-5\" preload=\"none\" style=\"width: 100%;\" controls=\"controls\"><source type=\"audio\/mpeg\" src=\"https:\/\/www.radiopiu.net\/wordpress\/wp-content\/uploads\/2022\/01\/gianni-lux.mp3?_=5\" \/><a href=\"https:\/\/www.radiopiu.net\/wordpress\/wp-content\/uploads\/2022\/01\/gianni-lux.mp3\">https:\/\/www.radiopiu.net\/wordpress\/wp-content\/uploads\/2022\/01\/gianni-lux.mp3<\/a><\/audio>\n<p>**<\/p><\/blockquote>\n<p>&nbsp;<\/p>\n<p>&nbsp;<\/p>\n<hr \/>\n<p>&nbsp;<\/p>\n<p>&nbsp;<\/p>\n<hr \/>\n<blockquote class=\"wp-embedded-content\" data-secret=\"zAmxbHAxD1\"><p><a href=\"https:\/\/www.radiopiu.net\/wordpress\/aggiornamentonaz2022gen19\/\">CORONAVIRUS: AGGIORNAMENTO NAZIONALE 19 GENNAIO 2022<\/a><\/p><\/blockquote>\n<p><iframe loading=\"lazy\" class=\"wp-embedded-content\" sandbox=\"allow-scripts\" security=\"restricted\" style=\"position: absolute; clip: rect(1px, 1px, 1px, 1px);\" title=\"&#8220;CORONAVIRUS: AGGIORNAMENTO NAZIONALE 19 GENNAIO 2022&#8221; &#8212; Radio Pi\u00f9\" src=\"https:\/\/www.radiopiu.net\/wordpress\/aggiornamentonaz2022gen19\/embed\/#?secret=zAmxbHAxD1\" data-secret=\"zAmxbHAxD1\" width=\"600\" height=\"338\" frameborder=\"0\" marginwidth=\"0\" marginheight=\"0\" scrolling=\"no\"><\/iframe><\/p>\n<blockquote class=\"wp-embedded-content\" data-secret=\"BkHVAwHIbL\"><p><a href=\"https:\/\/www.radiopiu.net\/wordpress\/nelle-ultime-24-ore-21209-nuovi-positivi-e-33-decessi-calano-le-terapie-intensive\/\">NELLE ULTIME 24 ORE 21209 NUOVI POSITIVI E 33 DECESSI. CALANO LE TERAPIE INTENSIVE<\/a><\/p><\/blockquote>\n<p><iframe loading=\"lazy\" class=\"wp-embedded-content\" sandbox=\"allow-scripts\" security=\"restricted\" style=\"position: absolute; clip: rect(1px, 1px, 1px, 1px);\" title=\"&#8220;NELLE ULTIME 24 ORE 21209 NUOVI POSITIVI E 33 DECESSI. CALANO LE TERAPIE INTENSIVE&#8221; &#8212; Radio Pi\u00f9\" src=\"https:\/\/www.radiopiu.net\/wordpress\/nelle-ultime-24-ore-21209-nuovi-positivi-e-33-decessi-calano-le-terapie-intensive\/embed\/#?secret=BkHVAwHIbL\" data-secret=\"BkHVAwHIbL\" width=\"600\" height=\"338\" frameborder=\"0\" marginwidth=\"0\" marginheight=\"0\" scrolling=\"no\"><\/iframe><\/p>\n<p>&nbsp;<\/p>\n<h2>I GRAFICI DI TIZIANO DE COL<\/h2>\n\n\t\t\t<style type='text\/css'>\n\t\t\t\t#gallery-3 {\n\t\t\t\t\tmargin: auto;\n\t\t\t\t}\n\t\t\t\t#gallery-3 .gallery-item {\n\t\t\t\t\tfloat: left;\n\t\t\t\t\tmargin-top: 10px;\n\t\t\t\t\ttext-align: center;\n\t\t\t\t\twidth: 33%;\n\t\t\t\t}\n\t\t\t\t#gallery-3 img {\n\t\t\t\t\tborder: 2px solid #cfcfcf;\n\t\t\t\t}\n\t\t\t\t#gallery-3 .gallery-caption {\n\t\t\t\t\tmargin-left: 0;\n\t\t\t\t}\n\t\t\t\t\/* see gallery_shortcode() in wp-includes\/media.php *\/\n\t\t\t<\/style>\n\t\t<div id='gallery-3' class='dt-gallery-container gallery galleryid-254932 gallery-columns-3 gallery-size-thumbnail'><dl class='gallery-item'>\n\t\t\t\t<dt class='gallery-icon landscape'>\n\t\t\t\t\t<a class=\"rollover rollover-zoom dt-pswp-item\" title=\"76c12260-aecf-42e7-8007-e6382a2f8307\" data-dt-img-description=\"\" data-large_image_width=\"583\" data-large_image_height=\"361\"href='https:\/\/www.radiopiu.net\/wordpress\/wp-content\/uploads\/2022\/01\/76c12260-aecf-42e7-8007-e6382a2f8307.jpg'><img loading=\"lazy\" decoding=\"async\" width=\"150\" height=\"150\" src=\"https:\/\/www.radiopiu.net\/wordpress\/wp-content\/uploads\/2022\/01\/76c12260-aecf-42e7-8007-e6382a2f8307-150x150.jpg\" class=\"attachment-thumbnail size-thumbnail\" alt=\"\" \/><\/a>\n\t\t\t\t<\/dt><\/dl><dl class='gallery-item'>\n\t\t\t\t<dt class='gallery-icon landscape'>\n\t\t\t\t\t<a class=\"rollover rollover-zoom dt-pswp-item\" title=\"27786f0c-895b-4271-9ea6-dd793cd8dbe0\" data-dt-img-description=\"\" data-large_image_width=\"610\" data-large_image_height=\"358\"href='https:\/\/www.radiopiu.net\/wordpress\/wp-content\/uploads\/2022\/01\/27786f0c-895b-4271-9ea6-dd793cd8dbe0.jpg'><img loading=\"lazy\" decoding=\"async\" width=\"150\" height=\"150\" src=\"https:\/\/www.radiopiu.net\/wordpress\/wp-content\/uploads\/2022\/01\/27786f0c-895b-4271-9ea6-dd793cd8dbe0-150x150.jpg\" class=\"attachment-thumbnail size-thumbnail\" alt=\"\" \/><\/a>\n\t\t\t\t<\/dt><\/dl><dl class='gallery-item'>\n\t\t\t\t<dt class='gallery-icon landscape'>\n\t\t\t\t\t<a class=\"rollover rollover-zoom dt-pswp-item\" title=\"161adc5a-6c3b-4cf8-9f37-497f85e66721\" data-dt-img-description=\"\" data-large_image_width=\"600\" data-large_image_height=\"349\"href='https:\/\/www.radiopiu.net\/wordpress\/wp-content\/uploads\/2022\/01\/161adc5a-6c3b-4cf8-9f37-497f85e66721.jpg'><img loading=\"lazy\" decoding=\"async\" width=\"150\" height=\"150\" src=\"https:\/\/www.radiopiu.net\/wordpress\/wp-content\/uploads\/2022\/01\/161adc5a-6c3b-4cf8-9f37-497f85e66721-150x150.jpg\" class=\"attachment-thumbnail size-thumbnail\" alt=\"\" \/><\/a>\n\t\t\t\t<\/dt><\/dl><br style=\"clear: both\" \/><dl class='gallery-item'>\n\t\t\t\t<dt class='gallery-icon landscape'>\n\t\t\t\t\t<a class=\"rollover rollover-zoom dt-pswp-item\" title=\"837cd4ee-6a97-4b91-9a59-5b0b9cbcff30\" data-dt-img-description=\"\" data-large_image_width=\"598\" data-large_image_height=\"352\"href='https:\/\/www.radiopiu.net\/wordpress\/wp-content\/uploads\/2022\/01\/837cd4ee-6a97-4b91-9a59-5b0b9cbcff30.jpg'><img loading=\"lazy\" decoding=\"async\" width=\"150\" height=\"150\" src=\"https:\/\/www.radiopiu.net\/wordpress\/wp-content\/uploads\/2022\/01\/837cd4ee-6a97-4b91-9a59-5b0b9cbcff30-150x150.jpg\" class=\"attachment-thumbnail size-thumbnail\" alt=\"\" \/><\/a>\n\t\t\t\t<\/dt><\/dl><dl class='gallery-item'>\n\t\t\t\t<dt class='gallery-icon landscape'>\n\t\t\t\t\t<a class=\"rollover rollover-zoom dt-pswp-item\" title=\"28a5f285-62d5-4cf1-9501-4a3915e73e28\" data-dt-img-description=\"\" data-large_image_width=\"604\" data-large_image_height=\"351\"href='https:\/\/www.radiopiu.net\/wordpress\/wp-content\/uploads\/2022\/01\/28a5f285-62d5-4cf1-9501-4a3915e73e28.jpg'><img loading=\"lazy\" decoding=\"async\" width=\"150\" height=\"150\" src=\"https:\/\/www.radiopiu.net\/wordpress\/wp-content\/uploads\/2022\/01\/28a5f285-62d5-4cf1-9501-4a3915e73e28-150x150.jpg\" class=\"attachment-thumbnail size-thumbnail\" alt=\"\" \/><\/a>\n\t\t\t\t<\/dt><\/dl>\n\t\t\t\t<br style='clear: both' \/>\n\t\t\t<\/div>\n\n<p>&nbsp;<\/p>\n<hr \/>\n<p>&nbsp;<\/p>\n<blockquote>\n<h3>EFFETTO VACCINO, NEL 2021 DIMINUISCONO I DECESSI FRA GLI ANZIANI BELLUNESI RISPETTO AL PERIODO PRE-COVID<\/h3>\n<\/blockquote>\n<p><strong><a href=\"https:\/\/www.radiopiu.net\/wordpress\/giornale-radiopiu-06-febbraio-2019-direttore-mirko-mezzacasa\/logo_spi-cgil-800x445\/\" rel=\"attachment wp-att-75538\"><img loading=\"lazy\" decoding=\"async\" class=\"size-medium wp-image-75538 alignleft\" src=\"https:\/\/www.radiopiu.net\/wordpress\/wp-content\/uploads\/2019\/02\/Logo_Spi-CGIL-800x445-300x167.jpg\" alt=\"\" width=\"300\" height=\"167\" srcset=\"https:\/\/www.radiopiu.net\/wordpress\/wp-content\/uploads\/2019\/02\/Logo_Spi-CGIL-800x445-300x167.jpg 300w, https:\/\/www.radiopiu.net\/wordpress\/wp-content\/uploads\/2019\/02\/Logo_Spi-CGIL-800x445-768x427.jpg 768w, https:\/\/www.radiopiu.net\/wordpress\/wp-content\/uploads\/2019\/02\/Logo_Spi-CGIL-800x445.jpg 800w\" sizes=\"auto, (max-width: 300px) 100vw, 300px\" \/><\/a>BELLUNO<\/strong> Lo SPI CGIL di Belluno fa il punto sulle vaccinazioni e sulla mortalit\u00e0 in provincia di Belluno in periodo di pandemia. Lo fa con dati alla mano e un comunicato del segretario generale Maria Rita Gentilin.<\/p>\n<blockquote><p>&nbsp;<\/p>\n<p><em>Prima in Veneto e fra le migliori in tutta Italia. Se si dovesse assegnare un premio alle province pi\u00f9 virtuose sul fronte dell\u2019efficacia vaccinale fra gli anziani, Belluno avrebbe di certo una menzione speciale. Infatti, in controtendenza rispetto ai dati della nostra regione, la provincia delle Dolomiti registra nel 2021 (primi dieci mesi) un numero di decessi inferiore alla media del periodo pre-pandemia (-0,4%) e, ovviamente, del 2020 (-4,5%). Cosa significa questo? Che, al contrario degli altri territori veneti, il Bellunese assorbe appieno i benefici dell\u2019inoculazione e viene solo sfiorato dal blocco della sanit\u00e0 ordinaria e dalle sue nefaste conseguenze.\u00a0 Secondo i dati Istat elaborato dallo Spi-Cgil del Veneto, fra gennaio e ottobre 2021 (ultimi numeri disponibili) in provincia sono morti 1.963 ultra65enni, contro i 2.056 del 2020 e i 1.971 della media 2015-2019, il lustro che ha preceduto il Covid. L\u2019effetto vaccino \u00e8 ben visibile fra gli over85, i pi\u00f9 colpiti dal virus che si \u00e8 infiltrato in modo nefasto soprattutto nelle case di riposo. Sempre nei primi dieci mesi dell\u2019anno appena trascorso, erano deceduti 1.025 grandi anziani, meno del 2020 (1.098) e del periodo pre-pandemia (1.068).\u00a0 \u00a0Il Bellunese, d\u2019altra parte, \u00e8 la provincia meno colpita dal Covid dell\u2019intero Veneto. E, guardando ai dati sui decessi in generale, questa confortante tendenza appare chiara. Prendiamo il capoluogo, per esempio: qui nel 2020 i decessi fra gli over 65 sono in numero inferiore al 2021 (che sconta in modo inequivocabile la mortalit\u00e0 di gennaio causata dalla tragica ondata \u201cveneta\u201d dell\u2019autunno 2020) e del periodo pre-covid (vedi tabelle). In provincia, dunque, non si ravvisano quelle tendenze preoccupanti emerse nei dati veneti (che indicano un aumento della mortalit\u00e0 di poco inferiore al 10% fra il 2021 e la media del 2015-2019). In questo caso, come denunciato da Elena di Gregorio, segretaria generale dello Spi Cgil del Veneto, nell\u2019anno appena passato grazie al vaccino si sono fermate le stragi nelle case di riposo ma il blocco della sanit\u00e0 ordinaria ha di certo influito sul numero di decessi fra le persone anziane in particolare ultra85enni.\u00a0Maria Rita Gentilin, segretaria generale dello Spi Cgil di Belluno: Confortano i numeri riferiti alla situazione che si \u00e8 verificata, per i parametri di riferimento sulle anziane e sugli anziani del nostro territorio. La\u00a0tempestivit\u00e0 della vaccinazione agli ospiti e alle ospiti\u00a0nelle case di riposo \u00e8 stata determinante come il lavoro di molti\u00a0medici di famiglia che si sono adoperati nelle operazioni di vaccinazioni a domicilio. Resta forte la preoccupazione per le tante persone, fra le quali molti anziani, che, a causa del Covid, si sono viste rinviare visite e interventi e queste attese di cura\u00a0 potrebbero aggravare le condizioni\u00a0 dello stato di salute\u201d.<\/em><\/p><\/blockquote>\n<p><strong>LA TABELLA (2 PAGINE)<\/strong><\/p>\n<a href=\"https:\/\/www.radiopiu.net\/wordpress\/wp-content\/uploads\/2022\/01\/decessi-BELLUNO.pdf\" class=\"pdfemb-viewer\" style=\"\" data-width=\"max\" data-height=\"max\" data-toolbar=\"top\" data-toolbar-fixed=\"on\">decessi BELLUNO<\/a>\n<p>&nbsp;<\/p>\n<p>&nbsp;<\/p>\n<hr \/>\n<p>&nbsp;<\/p>\n<p>&nbsp;<\/p>\n<blockquote>\n<h3>CAMBIO MEDICO, NUOVO INCARICO PER LA DOTTORESSA BISOGNO<\/h3>\n<\/blockquote>\n<p><strong><a href=\"https:\/\/www.radiopiu.net\/wordpress\/giornale-radiopiu-19-giugno-2021-direttore-mirko-mezzacasa\/medico\/\" rel=\"attachment wp-att-216887\"><img loading=\"lazy\" decoding=\"async\" class=\"wp-image-216887 alignleft\" src=\"https:\/\/www.radiopiu.net\/wordpress\/wp-content\/uploads\/2021\/06\/MEDICO-300x225.jpg\" alt=\"\" width=\"171\" height=\"128\" srcset=\"https:\/\/www.radiopiu.net\/wordpress\/wp-content\/uploads\/2021\/06\/MEDICO-300x225.jpg 300w, https:\/\/www.radiopiu.net\/wordpress\/wp-content\/uploads\/2021\/06\/MEDICO-1024x768.jpg 1024w, https:\/\/www.radiopiu.net\/wordpress\/wp-content\/uploads\/2021\/06\/MEDICO-768x576.jpg 768w, https:\/\/www.radiopiu.net\/wordpress\/wp-content\/uploads\/2021\/06\/MEDICO-1536x1152.jpg 1536w, https:\/\/www.radiopiu.net\/wordpress\/wp-content\/uploads\/2021\/06\/MEDICO.jpg 1920w\" sizes=\"auto, (max-width: 171px) 100vw, 171px\" \/><\/a>BORGO VALBELLUNA<\/strong> Il 31 gennaio, il dottor Corrado Balzan cesser\u00e0 la propria attivit\u00e0 di medico di assistenza primaria presso l\u2019ambito territoriale del Comune di Borgo Valbelluna. Dal 1\u00b0 febbraio assumer\u00e0 l\u2019incarico definitivo la dottoressa Maria Laura Bisogno con ambulatorio a Borgo Valbelluna,\u00a0 Trichiana\u00a0 e S. Antonio Tortal. I 1.500 assistiti del dr Balzan, per continuare a fruire dell\u2019assistenza medica in forma diretta e gratuita a carico del Servizio Sanitario Nazionale, dovranno effettuare la scelta di uno dei medici di assistenza primaria con disponibilit\u00e0 di posti dell\u2019ambito territoriale di residenza. E\u2019 possibile verificare in tempo reale la disponibilit\u00e0 dei medici, collegandosi al seguente link https:\/\/salute.regione.veneto.it\/servizi\/cerca-medici-e-pediatri.<\/p>\n<p>&nbsp;<\/p>\n<p>&nbsp;<\/p>\n<hr \/>\n<p>&nbsp;<\/p>\n<blockquote>\n<h3>COVID, BOND &#8220;GESTIONE DIVERSA DEI GUARITI E GREEN PASS&#8221;<\/h3>\n<\/blockquote>\n<div><\/div>\n<div><strong><a href=\"https:\/\/www.radiopiu.net\/wordpress\/giornale-radiopiu-08-febbraio-2019-direttore-mirko-mezzacasa\/bond1-5\/\" rel=\"attachment wp-att-75798\"><img loading=\"lazy\" decoding=\"async\" class=\"wp-image-75798 alignleft\" src=\"https:\/\/www.radiopiu.net\/wordpress\/wp-content\/uploads\/2019\/02\/bond1-e1550408229859-300x173.jpg\" alt=\"\" width=\"173\" height=\"100\" srcset=\"https:\/\/www.radiopiu.net\/wordpress\/wp-content\/uploads\/2019\/02\/bond1-e1550408229859-300x173.jpg 300w, https:\/\/www.radiopiu.net\/wordpress\/wp-content\/uploads\/2019\/02\/bond1-e1550408229859.jpg 720w\" sizes=\"auto, (max-width: 173px) 100vw, 173px\" \/><\/a>ROMA<\/strong>\u00a0 <em>\u201cSe non vogliamo paralizzare il Paese e garantire un\u2019ottimizzazione del servizio sanitario, serve una gestione diversa del green pass, in particolare per i soggetti guariti\u201d<\/em>. Lo ha detto il deputato Dario Bond alla Camera.\u00a0 <em>&#8220;Chiedo al governo &#8211; dice Bond &#8211;\u00a0 di istituire un osservatorio che possa trasmettere dati scientifici al Cts\u201d. Si pu\u00f2 cos\u00ec pensare ad aumentare la durata dei green pass, e non insistere sulla terza dose per i guariti Covid, ottenendo un risparmio in termini di spesa sanitaria, visto che vaccini e tamponi costano parecchio\u201d.<span class=\"gmail-Apple-converted-space\">\u00a0<\/span><\/em><\/div>\n<p>&nbsp;<\/p>\n<p>&nbsp;<\/p>\n<hr \/>\n<p>&nbsp;<\/p>\n<blockquote>\n<h3><strong>MONTAGNA VENETA. ASSESSORE CANER, \u201cINVESTIRE E RIQUALIFICARE NON SIGNIFICA MINACCIARE L\u2019AMBIENTE\u201d<\/strong><strong style=\"font-size: 14px;\">\u00a0<\/strong><\/h3>\n<\/blockquote>\n<p><strong>VENEZIA<\/strong>\u00a0 <em>\u201cInvestire e tutelare non sono due parole in netta contrapposizione se si riferiscono allo sviluppo sostenibile pensato per rivitalizzare il comprensorio montano. Guardiamo avanti, anzich\u00e9 al passato, perch\u00e9 per essere moderni e attraenti, rispetto a molte altre destinazioni montane e dello sci, bisogna iniziare ad investire&#8221;<\/em>. Questo il commento dell\u2019assessore al Turismo della Regione del Veneto, Federico Caner, di fronte a quanto dichiarato dalle associazioni ambientaliste. <em>\u201cLo studio affidato nasce, in piena coerenza con il Piano Regionale dei Trasporti approvato nel 2020 dal Consiglio regionale, per valutare la fattibilit\u00e0 di possibili collegamenti intervallivi che potrebbero valorizzare ancor di pi\u00f9 la mobilit\u00e0 lenta e sostenibile in questi territori \u2013 prosegue l\u2019assessore al Turismo -. Ad oggi, infatti, non vi sono studi aggiornati che possano effettivamente dimostrare che questi collegamenti siano o meno realizzabili, tenuto conto di un contesto ambientale delicatissimo.\u00a0<\/em> <em>Qualsiasi tipo di investimento o infrastruttura non intende andare assolutamente in contrasto con la tutela della montagna Lo sviluppo pu\u00f2 essere pensato solamente in chiave sostenibile<\/em>\u201d.<\/p>\n<p>&nbsp;<\/p>\n<p>&nbsp;<\/p>\n<hr \/>\n<blockquote>\n<h3><\/h3>\n<h3>PERSONALE DI RISTORANTE AL PASSO GIAU ASSICURA I PASTI ALLA MENSA DELL\u2019ASILO<\/h3>\n<\/blockquote>\n<p><strong><a href=\"https:\/\/www.radiopiu.net\/wordpress\/puntostampa27\/zaia-mascherina-2\/\" rel=\"attachment wp-att-175303\"><img loading=\"lazy\" decoding=\"async\" class=\" wp-image-175303 alignleft\" src=\"https:\/\/www.radiopiu.net\/wordpress\/wp-content\/uploads\/2020\/11\/ZAIA-MASCHERINA-e1616680380412-300x166.png\" alt=\"\" width=\"247\" height=\"136\" srcset=\"https:\/\/www.radiopiu.net\/wordpress\/wp-content\/uploads\/2020\/11\/ZAIA-MASCHERINA-e1616680380412-300x166.png 300w, https:\/\/www.radiopiu.net\/wordpress\/wp-content\/uploads\/2020\/11\/ZAIA-MASCHERINA-e1616680380412-1024x568.png 1024w, https:\/\/www.radiopiu.net\/wordpress\/wp-content\/uploads\/2020\/11\/ZAIA-MASCHERINA-e1616680380412-768x426.png 768w, https:\/\/www.radiopiu.net\/wordpress\/wp-content\/uploads\/2020\/11\/ZAIA-MASCHERINA-e1616680380412.png 1428w\" sizes=\"auto, (max-width: 247px) 100vw, 247px\" \/><\/a><img loading=\"lazy\" decoding=\"async\" class=\"alignright\" src=\"https:\/\/www.radiopiu.net\/wordpress\/wp-content\/uploads\/2022\/01\/Luigi-Dariz_2-683x1024-1.jpg\" width=\"141\" height=\"212\" \/>VENEZIA <\/strong>\u201c<em>Questo \u00e8 il Veneto, questa \u00e8 la gente della nostra montagna. Persone che non si trincerano egoisticamente nella fama del pur meritato successo professionale ma rimangono ben consapevoli di essere parte di una comunit\u00e0 e come tali sempre pronti a far fronte alle necessit\u00e0 collettive. Mi congratulo con tutta la batteria di cucina del ristorante Da Aurelio al Passo Giau, in questi tempi non facili gesti come quello che la ha vista protagonista sono un grande messaggio di solidit\u00e0 della nostra comunit\u00e0 e anche un sostegno e uno sprone per noi amministratori<\/em>\u201d.<br \/>\n<strong>IERI ALLA RADIO: <\/strong>\u00a0Che gran bell&#8217;esempio all\u2019asilo di Cortina.\u00a0 Luigi Dariz chef stellato del ristorante Da Aurelio al Passo Giau sta dedicando il suo tempo volontariamente per la scuola materna parrocchiale, insieme al suo staff prepara i pranzi perch\u00e9 il\u00a0 Covid ha messo ai box le cuoche e le addette della mensa dell\u2019asilo e lui con i suoi collaboratori\u00a0 si \u00e8 messo a disposizione .<\/p>\n<p>&nbsp;<\/p>\n<p>&nbsp;<\/p>\n<hr \/>\n<p>&nbsp;<\/p>\n<blockquote>\n<h3>IL BELLUNESE OFFRE 8 DIVERSI PROGETTI DI SERVIZIO CIVILE AI GIOVANI<\/h3>\n<\/blockquote>\n<p><strong><a href=\"https:\/\/www.radiopiu.net\/wordpress\/giornale-radiopiu-27-agosto-2020-direttore-mirko-mezzacasa\/servizio-civile-nazionale-cna-pisa\/\" rel=\"attachment wp-att-157841\"><img loading=\"lazy\" decoding=\"async\" class=\"size-medium wp-image-157841 alignleft\" src=\"https:\/\/www.radiopiu.net\/wordpress\/wp-content\/uploads\/2020\/08\/Servizio-Civile-Nazionale-CNA-Pisa-300x182.jpg\" alt=\"\" width=\"300\" height=\"182\" srcset=\"https:\/\/www.radiopiu.net\/wordpress\/wp-content\/uploads\/2020\/08\/Servizio-Civile-Nazionale-CNA-Pisa-300x182.jpg 300w, https:\/\/www.radiopiu.net\/wordpress\/wp-content\/uploads\/2020\/08\/Servizio-Civile-Nazionale-CNA-Pisa-640x388.jpg 640w, https:\/\/www.radiopiu.net\/wordpress\/wp-content\/uploads\/2020\/08\/Servizio-Civile-Nazionale-CNA-Pisa.jpg 764w\" sizes=\"auto, (max-width: 300px) 100vw, 300px\" \/><\/a>FELTRE<\/strong> Manca meno di una settimana alla scadenza di mercoledi\u0300 26 gennaio, termine entro il quale i giovani tra i 18 e i 28 anni potranno presentare domanda per svolgere il Servizio Civile Universale. Nel territorio bellunese sono 8 i progetti tra cui scegliere, suddivisi in 4 ambiti settoriali dal feltrino al bellunese, dal Cadore all\u2019Agordino.\u00a0 Le informazioni e i dettagli sul bando di Servizio Civile 2022, insieme con le schede descrittive degli otto progetti, sono disponibili al link <a href=\"https:\/\/www.feltrino.bl.it\/myportal\/CMF64\/vivere\/serviziocivile\/bando2021\">https:\/\/www.feltrino.bl.it\/myportal\/CMF64\/vivere\/serviziocivile\/bando2021<\/a><\/p>\n<p>&nbsp;<\/p>\n<p>&nbsp;<\/p>\n<p>&nbsp;<\/p>\n<p>&nbsp;<\/p>\n<hr \/>\n<p>&nbsp;<\/p>\n<blockquote>\n<h3>DOMENICA AL NOF FILO\u2019 DI CENCENIGHE VACCINAZIONI ANTI COVID AD ACCESSO LIBERO<\/h3>\n<\/blockquote>\n<p><strong>CENCENIGHE<\/strong> Domenica 23 gennaio dalle 9 alle 13 al Nof Fil\u00f2 di Cencenighe \u00e8 programmata una giornata per le vaccinazioni ant covid ad accesso libero dedicata a prime dosi e dose booster. I medici di medicina generale e i pediatri di libera scelta saranno a disposizione per rispondere a qualsiasi dubbio. Per la vaccinazione bastano la tessera sanitaria e la scheda anamnestica compilata.<\/p>\n<p>&nbsp;<\/p>\n<p>&nbsp;<\/p>\n<hr \/>\n<p>&nbsp;<\/p>\n<blockquote>\n<h3>DOMANI IL CONSIGLIO COMUNALE DI CANALE D\u2019AGORDO<\/h3>\n<\/blockquote>\n<p><strong>CANALE D\u2019AGORDO<\/strong> Il sindaco di Canale D\u2019Agordo Flavio Colgergnan ha convocato il consiglio comunale per domani alle 19 presso la sala Lina Zand\u00f2. Quattro punti in discussione tra cui la nomina del revisore dei conti per il triennio 2022-2025 e l\u2019approvazione del bilancio di ASCA.<\/p>\n<p>&nbsp;<\/p>\n<p>&nbsp;<\/p>\n<hr \/>\n<p>&nbsp;<\/p>\n<blockquote>\n<h3>ADOLE\u2013SCIENZA: INCONTRI ONLINE PER GENITORI<\/h3>\n<\/blockquote>\n<p><strong>BELLUNO <\/strong>Dal 28 gennaio Il Dipartimento Dipendenze dell\u2019Ulss Dolomiti ha organizzato una serie di incontri per genitori e adulti di riferimento di ragazzi adolescenti. Gli incontri si terranno online dalle 20.30 alle 22.00.<\/p>\n<p>&nbsp;<\/p>\n<p>&nbsp;<\/p>\n<hr \/>\n<p>&nbsp;<\/p>\n<blockquote>\n<h3>IL RISTORANTE TABIA&#8217; TRA I DIECI GRANDI RISTORANTI<\/h3>\n<\/blockquote>\n<p><strong>REDAZIONE<\/strong>\u00a0 Il Tabi\u00e0 di Feder su Vanity Fair<\/p>\n<div class=\"GallerySlideCaptionDekContainer-fzEJAh hyrBTL\" data-testid=\"GallerySlideCaptionDekContainer\">\n<div class=\"GallerySlideCaptionDek-diuFsG ihhUgt\">\n<div>\n<blockquote><p><em>Tabi\u00e0 significa fienile, in dialetto bellunese. Questo \u00e8 proprio un fienile ben ristrutturato, con tanto legno alle pareti e pure un mini-market con molti dei prodotti usati in cucina. Sapori intensi, tutti della zona: gnocchi di ricotta fresca, polenta con formaggio\u00a0schinz, strudel di mele.<\/em><\/p><\/blockquote>\n<\/div>\n<\/div>\n<\/div>\n<p><a href=\"https:\/\/www.radiopiu.net\/wordpress\/il-ristorante-tabia-tra-i-dieci-grandi-ristoranti\/110033097_714579745775390_5473313118242918507_n\/\" rel=\"attachment wp-att-255067\"><img loading=\"lazy\" decoding=\"async\" class=\"wp-image-255067 alignleft\" src=\"https:\/\/www.radiopiu.net\/wordpress\/wp-content\/uploads\/2022\/01\/110033097_714579745775390_5473313118242918507_n.jpg\" alt=\"\" width=\"138\" height=\"138\" srcset=\"https:\/\/www.radiopiu.net\/wordpress\/wp-content\/uploads\/2022\/01\/110033097_714579745775390_5473313118242918507_n.jpg 206w, https:\/\/www.radiopiu.net\/wordpress\/wp-content\/uploads\/2022\/01\/110033097_714579745775390_5473313118242918507_n-150x150.jpg 150w\" sizes=\"auto, (max-width: 138px) 100vw, 138px\" \/><\/a><\/p>\n<p>&nbsp;<\/p>\n<p>&nbsp;<\/p>\n<p>&nbsp;<\/p>\n<p>L&#8217;INTERVISTA DI CLAUDIO FONTANIVE, OSPITE ANNALISA SCARDANZAN<\/p>\n<audio class=\"wp-audio-shortcode\" id=\"audio-254932-6\" preload=\"none\" style=\"width: 100%;\" controls=\"controls\"><source type=\"audio\/mpeg\" src=\"https:\/\/www.radiopiu.net\/wordpress\/wp-content\/uploads\/2022\/01\/annalisa-scardanzan.mp3?_=6\" \/><a href=\"https:\/\/www.radiopiu.net\/wordpress\/wp-content\/uploads\/2022\/01\/annalisa-scardanzan.mp3\">https:\/\/www.radiopiu.net\/wordpress\/wp-content\/uploads\/2022\/01\/annalisa-scardanzan.mp3<\/a><\/audio>\n<p>&nbsp;<\/p>\n<p><strong>L&#8217;ARTICOLO<\/strong> <a href=\"https:\/\/www.vanityfair.it\/gallery\/dieci-grandi-ristoranti-per-scoprire-la-cucina-delle-dolomiti?fbclid=IwAR3ldG47jJG3eaxfZmd4tItLgGBxYM_jXPLy9acV9-0Lz6UzDjR5zuVeXIs\">CLICCA QUI\u00a0\u00a0<\/a><\/p>\n<p>&nbsp;<\/p>\n<p>&nbsp;<\/p>\n<hr \/>\n<p>&nbsp;<\/p>\n<blockquote>\n<h3><a href=\"https:\/\/www.radiopiu.net\/wordpress\/169-anniversario-di-fondazione-della-polizia-di-stato\/img-20210207-wa0009\/\" rel=\"attachment wp-att-202223\"><img loading=\"lazy\" decoding=\"async\" class=\"wp-image-202223 alignleft\" src=\"https:\/\/www.radiopiu.net\/wordpress\/wp-content\/uploads\/2021\/04\/IMG-20210207-WA0009-300x225.jpg\" alt=\"\" width=\"172\" height=\"129\" srcset=\"https:\/\/www.radiopiu.net\/wordpress\/wp-content\/uploads\/2021\/04\/IMG-20210207-WA0009-300x225.jpg 300w, https:\/\/www.radiopiu.net\/wordpress\/wp-content\/uploads\/2021\/04\/IMG-20210207-WA0009-1024x768.jpg 1024w, https:\/\/www.radiopiu.net\/wordpress\/wp-content\/uploads\/2021\/04\/IMG-20210207-WA0009-768x576.jpg 768w, https:\/\/www.radiopiu.net\/wordpress\/wp-content\/uploads\/2021\/04\/IMG-20210207-WA0009-1536x1152.jpg 1536w, https:\/\/www.radiopiu.net\/wordpress\/wp-content\/uploads\/2021\/04\/IMG-20210207-WA0009.jpg 1632w\" sizes=\"auto, (max-width: 172px) 100vw, 172px\" \/><\/a>LA POLIZIA DI STATO CERCA QUARANTA MEDICI<\/h3>\n<\/blockquote>\n<p><b>BELLUNO <\/b>E&#8217; stato pubblicato il concorso per titoli ed esami per l&#8217;assunzione di 40 medici per la Polizia di Stato. La domanda di partecipazione al concorso deve essere compilato entro 30 giorni attraverso il sito www.poliziadistato.it<\/p>\n<p>&nbsp;<\/p>\n<p>&nbsp;<\/p>\n<p>&nbsp;<\/p>\n<hr \/>\n<p>&nbsp;<\/p>\n<blockquote>\n<h3><br role=\"presentation\" \/><span dir=\"ltr\" role=\"presentation\">CONCORSO, PER TITOLI ED ESAMI, PER L\u2019AMMISSIONE DI 66 ALLIEVI UFFICIALI<\/span><\/h3>\n<\/blockquote>\n<p><strong>BELLUNO<\/strong> <span dir=\"ltr\" role=\"presentation\">E&#8217; stato pubblicato il <\/span><span dir=\"ltr\" role=\"presentation\">concorso, per titoli ed esami, per l\u2019ammissione di 66 allievi ufficiali<\/span><span dir=\"ltr\" role=\"presentation\">: <\/span><span dir=\"ltr\" role=\"presentation\">58 destinati al comparto ordinario;<\/span><span dir=\"ltr\" role=\"presentation\"> 8 destinati al comparto aeronavale. <\/span><span dir=\"ltr\" role=\"presentation\">Possono partecipare al concorso i cittadini<\/span><span dir=\"ltr\" role=\"presentation\"> in possesso del diploma di istruzione secondaria di secondo grado, coloro che<\/span><span dir=\"ltr\" role=\"presentation\"> lo conseguano nell\u2019anno scolastico 2022\/2023; abbiano compiuto il 17\u00b0 anno e <\/span><span dir=\"ltr\" role=\"presentation\">non abbiano superato il 22\u00b0. <\/span><span dir=\"ltr\" role=\"presentation\">La domanda di partecipazione al concorso va presentata\u00a0 entro le ore 12 del 14 febbraio (<\/span><span dir=\"ltr\" role=\"presentation\">https:\/\/concorsi.gdf.gov.it.)<\/span><\/p>\n<p>&nbsp;<\/p>\n<p>&nbsp;<\/p>\n<p>&nbsp;<\/p>\n<hr \/>\n<p>&nbsp;<\/p>\n<blockquote>\n<h3>IL FINE SETTIMANA DELLA COPPA DEL MONDO FEMMINILE DI SCI ALPINO<\/h3>\n<\/blockquote>\n<blockquote><p><em>Sabato 22 gennaio la discesa, domenica 23 il superG. Teatro di gara la spettacolare Olympia delle Tofane sulla quale si sfideranno le prime tre della classifica generale: Mikaela Shiffrin, Petra Vlhova e Sofia Goggia. Gioved\u00ec 20 la prima prova cronometrata<\/em><\/p><\/blockquote>\n<p><strong><a href=\"https:\/\/www.radiopiu.net\/wordpress\/il-fine-settimana-della-coppa-del-mondo-femminile-di-sci-alpino\/220119-olympia-cortinaskiworldcup-2022-3\/\" rel=\"attachment wp-att-255056\"><img loading=\"lazy\" decoding=\"async\" class=\"wp-image-255056 alignleft\" src=\"https:\/\/www.radiopiu.net\/wordpress\/wp-content\/uploads\/2022\/01\/220119-Olympia-CortinaSkiWorldCup-2022-3-300x225.jpg\" alt=\"\" width=\"231\" height=\"173\" \/><\/a>CORTINA<\/strong>\u00a0 Ritorna, in continuit\u00e0 con la grande esperienza dei Mondiali 2021, la Coppa del mondo femminile a Cortina.\u00a0 Sabato 22 e domenica 23 gennaio,\u00a0 con la discesa e con il superG. Teatro di gara, l\u2019Olympia delle Tofane LE PROTAGONISTE\u00a0 Al via ci saranno le migliori interpreti dello sci mondiale, a cominciare dalle prime tre della classifica generale di Coppa del mondo, nell\u2019ordine la statunitense Mikaela Shiffrin, la slovacca Petra Vlhova,\u00a0 l\u2019azzurra Sofia Goggia. Quest\u2019ultima, che guida le classifiche della Coppa di discesa e di superG, sta proseguendo il ciclo di fisioterapia dopo la caduta occorsa glia nello scorso fine settimana a Zauchensee (Svizzera) ed \u00e8 in recupero in vista delle gare sull\u2019Olympia, pista sulla quale si \u00e8 imposta in discesa nel gennaio del 2018 e <a href=\"https:\/\/www.radiopiu.net\/wordpress\/il-fine-settimana-della-coppa-del-mondo-femminile-di-sci-alpino\/220119-olympia-cortinaskiworldcup-2022-4\/\" rel=\"attachment wp-att-255055\"><img loading=\"lazy\" decoding=\"async\" class=\" wp-image-255055 alignright\" src=\"https:\/\/www.radiopiu.net\/wordpress\/wp-content\/uploads\/2022\/01\/220119-Olympia-CortinaSkiWorldCup-2022-4-300x225.jpg\" alt=\"\" width=\"207\" height=\"155\" srcset=\"https:\/\/www.radiopiu.net\/wordpress\/wp-content\/uploads\/2022\/01\/220119-Olympia-CortinaSkiWorldCup-2022-4-300x225.jpg 300w, https:\/\/www.radiopiu.net\/wordpress\/wp-content\/uploads\/2022\/01\/220119-Olympia-CortinaSkiWorldCup-2022-4-1024x768.jpg 1024w, https:\/\/www.radiopiu.net\/wordpress\/wp-content\/uploads\/2022\/01\/220119-Olympia-CortinaSkiWorldCup-2022-4-768x576.jpg 768w, https:\/\/www.radiopiu.net\/wordpress\/wp-content\/uploads\/2022\/01\/220119-Olympia-CortinaSkiWorldCup-2022-4-1536x1152.jpg 1536w, https:\/\/www.radiopiu.net\/wordpress\/wp-content\/uploads\/2022\/01\/220119-Olympia-CortinaSkiWorldCup-2022-4.jpg 2048w\" sizes=\"auto, (max-width: 207px) 100vw, 207px\" \/><\/a>sulla quale non ha potuto cercare il titolo iridato, causa infortunio, nel febbraio del 2021. Con l\u2019atleta bergamasca ci saranno anche la valdostana Federica Brignone, galvanizzata dal recentissimo successo in superG a Zauchensee e ora seconda nella \u201ccoppetta\u201d di specialit\u00e0 (oltre che quinta nella generale), e la piemontese Marta Bassino. In casa Italia si giocano i posti per l\u2019Olimpiade di Pechino le sorelle Nadia e Nicol Delago, Elena Curtoni, Francesca Marsaglia.\u00a0 IL PROGRAMMA \u2013 Gioved\u00ec 20 gennaio, a partire dalle ore 11 si svolger\u00e0 la prima delle due prove cronometrate in vista della discesa. Venerd\u00ec 21, con inizio alle 10, si svolger\u00e0 la seconda prova cronometrata. Sabato 22 gennaio alle 8.30 ci sar\u00e0 l\u2019apertura dell\u2019area parterre e della <a href=\"https:\/\/www.radiopiu.net\/wordpress\/il-fine-settimana-della-coppa-del-mondo-femminile-di-sci-alpino\/220119-olympia-cortinaskiworldcup-2022-2\/\" rel=\"attachment wp-att-255053\"><img loading=\"lazy\" decoding=\"async\" class=\"wp-image-255053 alignleft\" src=\"https:\/\/www.radiopiu.net\/wordpress\/wp-content\/uploads\/2022\/01\/220119-Olympia-CortinaSkiWorldCup-2022-2-300x225.jpg\" alt=\"\" width=\"232\" height=\"174\" srcset=\"https:\/\/www.radiopiu.net\/wordpress\/wp-content\/uploads\/2022\/01\/220119-Olympia-CortinaSkiWorldCup-2022-2-300x225.jpg 300w, https:\/\/www.radiopiu.net\/wordpress\/wp-content\/uploads\/2022\/01\/220119-Olympia-CortinaSkiWorldCup-2022-2-1024x768.jpg 1024w, https:\/\/www.radiopiu.net\/wordpress\/wp-content\/uploads\/2022\/01\/220119-Olympia-CortinaSkiWorldCup-2022-2-768x576.jpg 768w, https:\/\/www.radiopiu.net\/wordpress\/wp-content\/uploads\/2022\/01\/220119-Olympia-CortinaSkiWorldCup-2022-2-1536x1152.jpg 1536w, https:\/\/www.radiopiu.net\/wordpress\/wp-content\/uploads\/2022\/01\/220119-Olympia-CortinaSkiWorldCup-2022-2.jpg 2048w\" sizes=\"auto, (max-width: 232px) 100vw, 232px\" \/><\/a>tribuna mentre alle ore 10 verr\u00e0 dato lo start della prima concorrente della discesa. A seguire si svolger\u00e0 la cerimonia di premiazione alla finish area. Domenica 23 la seconda e conclusiva giornata di gare, dedicata al superG: anche in questo caso l\u2019apertura di parterre e tribuna avverr\u00e0 alle 8.30 mentre la gara prender\u00e0 il via alle ore 11.45. PUBBLICO PRESENTE \u2013 Gli appassionati potranno assistere dal vivo all\u2019evento. Le aree aperte al pubblico saranno usufruibili al 50 per cento della capienza massima: 500 persone in tribuna e altrettante nel parterre. Per accedervi \u00e8 necessario essere in possesso del biglietto nominale (acquistabile esclusivamente on line) e si dovr\u00e0 inoltre essere muniti di super green pass oltre che indossare correttamente la mascherina FFP2.<\/p>\n<p>&nbsp;<\/p>\n<p>&nbsp;<\/p>\n<p>&nbsp;<\/p>\n<p>&nbsp;<\/p>\n<hr \/>\n<p>&nbsp;<\/p>\n<p>&nbsp;<\/p>\n<blockquote>\n<h3><a href=\"https:\/\/www.radiopiu.net\/wordpress\/novita-allo-stadio-alvise-de-toni-di-alleghe\/palaghiaccio-alleghe\/\" rel=\"attachment wp-att-139543\"><img loading=\"lazy\" decoding=\"async\" class=\"wp-image-139543 alignleft\" src=\"https:\/\/www.radiopiu.net\/wordpress\/wp-content\/uploads\/2020\/05\/PALAGHIACCIO-Alleghe-300x225.jpg\" alt=\"\" width=\"153\" height=\"115\" srcset=\"https:\/\/www.radiopiu.net\/wordpress\/wp-content\/uploads\/2020\/05\/PALAGHIACCIO-Alleghe-300x225.jpg 300w, https:\/\/www.radiopiu.net\/wordpress\/wp-content\/uploads\/2020\/05\/PALAGHIACCIO-Alleghe.jpg 640w\" sizes=\"auto, (max-width: 153px) 100vw, 153px\" \/><\/a>PALAGHIACCIO DI ALLEGHE CON L&#8217;ALLEGHE HOCKEY: PATTINAGGIO PUBBLICO<\/h3>\n<\/blockquote>\n<h3><strong>Sabato dalle 21 alle 23.00 Domenica dalle 14.30 alle 16.30.\u00a0<\/strong><\/h3>\n<p>&nbsp;<\/p>\n<p>&nbsp;<\/p>\n<p>&nbsp;<\/p>\n<hr \/>\n<p>&nbsp;<\/p>\n<div><strong><a href=\"https:\/\/www.radiopiu.net\/wordpress\/desma-e-gli-impianti-di-risalita-a-forcella-aurine\/forcella-aurine-2\/\" rel=\"attachment wp-att-241538\"><img loading=\"lazy\" decoding=\"async\" class=\"wp-image-241538 alignleft\" src=\"https:\/\/www.radiopiu.net\/wordpress\/wp-content\/uploads\/2021\/11\/FORCELLA-AURINE-300x225.jpg\" sizes=\"auto, (max-width: 175px) 100vw, 175px\" srcset=\"https:\/\/www.radiopiu.net\/wordpress\/wp-content\/uploads\/2021\/11\/FORCELLA-AURINE-300x225.jpg 300w, https:\/\/www.radiopiu.net\/wordpress\/wp-content\/uploads\/2021\/11\/FORCELLA-AURINE-768x576.jpg 768w, https:\/\/www.radiopiu.net\/wordpress\/wp-content\/uploads\/2021\/11\/FORCELLA-AURINE.jpg 960w\" alt=\"\" width=\"175\" height=\"131\" \/><\/a>sabato 22 gennaio<\/strong><br \/>\n<strong>SERATA A FORCELLA AURINE\u00a0<\/strong><strong>PALE DI SAN MARTINO\u00a0<\/strong><strong>ESCURSIONISMO CON RACCHETTE DA NEVE<\/strong><\/div>\n<p><strong>AGORDO\u00a0<\/strong>\u00a0Con la sezione agordina del Cai prima escursione di questa nuova stagione. La partenza con le racchette da neve ai piedi \u00e8 prevista a Frassen\u00e9 Agordino e attraverso i boschi del Poi fino a Forcella Aurine dove, al Ristobar da Ghegi con una fumante e saporita spaghettata che dar\u00e0 il via ufficiale al programma 2022 della Sezione Agordina.\u00a0 La normativa prevede l\u2019obbligo del kit di autosoccorso (ARTVA, pala e sonda) per tutti i partecipanti alle attivit\u00e0 invernali.<\/p>\n<p>&nbsp;<\/p>\n<p>&nbsp;<\/p>\n<hr \/>\n<p>&nbsp;<\/p>\n<p>&nbsp;<\/p>\n<blockquote>\n<h3><a href=\"https:\/\/www.radiopiu.net\/wordpress\/giornale-radiopiu-20-gennaio-2022-direttore-mirko-mezzacasa\/cace2c2f-d7b6-44dc-8f27-51fcff7f4035\/\" rel=\"attachment wp-att-255046\"><img loading=\"lazy\" decoding=\"async\" class=\"size-medium wp-image-255046 alignleft\" src=\"https:\/\/www.radiopiu.net\/wordpress\/wp-content\/uploads\/2022\/01\/cace2c2f-d7b6-44dc-8f27-51fcff7f4035-300x169.jpg\" alt=\"\" width=\"300\" height=\"169\" srcset=\"https:\/\/www.radiopiu.net\/wordpress\/wp-content\/uploads\/2022\/01\/cace2c2f-d7b6-44dc-8f27-51fcff7f4035-300x169.jpg 300w, https:\/\/www.radiopiu.net\/wordpress\/wp-content\/uploads\/2022\/01\/cace2c2f-d7b6-44dc-8f27-51fcff7f4035-1024x576.jpg 1024w, https:\/\/www.radiopiu.net\/wordpress\/wp-content\/uploads\/2022\/01\/cace2c2f-d7b6-44dc-8f27-51fcff7f4035-768x432.jpg 768w, https:\/\/www.radiopiu.net\/wordpress\/wp-content\/uploads\/2022\/01\/cace2c2f-d7b6-44dc-8f27-51fcff7f4035-1536x864.jpg 1536w, https:\/\/www.radiopiu.net\/wordpress\/wp-content\/uploads\/2022\/01\/cace2c2f-d7b6-44dc-8f27-51fcff7f4035.jpg 1920w\" sizes=\"auto, (max-width: 300px) 100vw, 300px\" \/><\/a>DONNA AVVENTURA, A SAN TOMASO VERTIK AREA DOLOMITI<\/h3>\n<p><strong>VIDEO \u00a0<\/strong><strong style=\"color: #0000ff;\"><a style=\"color: #0000ff;\" href=\"https:\/\/www.facebook.com\/donnavventura\/videos\/3052062775033151\">CLICCA QUI<\/a><\/strong><\/p><\/blockquote>\n<p>&nbsp;<\/p>\n<p>&nbsp;<\/p>\n<p>&nbsp;<\/p>\n<p>&nbsp;<\/p>\n<p>&nbsp;<\/p>\n<hr \/>\n<div><\/div>\n<blockquote>\n<h3><a href=\"https:\/\/www.radiopiu.net\/wordpress\/giornale-radiopiu-18-gennaio-2022-direttore-mirko-mezzacasa\/falcade-dolomiti-week-4-kids-gennaio-2022-2\/\" rel=\"attachment wp-att-254692\"><img loading=\"lazy\" decoding=\"async\" class=\"wp-image-254692 alignleft\" src=\"https:\/\/www.radiopiu.net\/wordpress\/wp-content\/uploads\/2022\/01\/Falcade-Dolomiti-Week-4-kids-gennaio-2022-1-214x300.jpg\" alt=\"\" width=\"167\" height=\"234\" srcset=\"https:\/\/www.radiopiu.net\/wordpress\/wp-content\/uploads\/2022\/01\/Falcade-Dolomiti-Week-4-kids-gennaio-2022-1-214x300.jpg 214w, https:\/\/www.radiopiu.net\/wordpress\/wp-content\/uploads\/2022\/01\/Falcade-Dolomiti-Week-4-kids-gennaio-2022-1-730x1024.jpg 730w, https:\/\/www.radiopiu.net\/wordpress\/wp-content\/uploads\/2022\/01\/Falcade-Dolomiti-Week-4-kids-gennaio-2022-1-768x1077.jpg 768w, https:\/\/www.radiopiu.net\/wordpress\/wp-content\/uploads\/2022\/01\/Falcade-Dolomiti-Week-4-kids-gennaio-2022-1-1096x1536.jpg 1096w, https:\/\/www.radiopiu.net\/wordpress\/wp-content\/uploads\/2022\/01\/Falcade-Dolomiti-Week-4-kids-gennaio-2022-1.jpg 1276w\" sizes=\"auto, (max-width: 167px) 100vw, 167px\" \/><\/a>WEEK4KIDS 23 &#8211; 29 gennaio 2022<\/h3>\n<\/blockquote>\n<p><strong>FALCADE<\/strong>\u00a0 Dal 23 al 29 gennaio neve e sci con la \u00a0Scuola Sci Equipe che\u00a0 propone il corso di sci e snowboard al mattino dalle 10 alle 13 per i ragazzi dai 4 ai 14 anni, ed il pomeriggio tantissime attivit\u00e0 come da programma allegato, ogni giorno una divertente proposta per i pi\u00f9 piccoli e le loro famiglie. Domenica dalle\u00a0 17 nella sede della Scuola Sci &amp; Snowboard Equipe benvenuto in compagnia dei maestri di sci, Iscrizione ai corsi collettivi e presentazione del programma settimanale<\/p>\n<p>&nbsp;<\/p>\n<p>&nbsp;<\/p>\n<p>&nbsp;<\/p>\n<p>&nbsp;<\/p>\n<p>&nbsp;<\/p>\n<hr \/>\n<p>&nbsp;<\/p>\n<blockquote><p><span style=\"color: #ff0000;\"><strong>IL LIBRO<\/strong><\/span><\/p>\n<blockquote>\n<h3>DAL DOMINIO VISCONTEO ALLA PRIMA DEDIZIONE A VENEZIA<\/h3>\n<\/blockquote>\n<p><strong><a href=\"https:\/\/www.radiopiu.net\/wordpress\/giornale-radiopiu-26-01-2018-direttore-mirko-mezzacasa\/marco-perale-2\/\" rel=\"attachment wp-att-42325\"><img loading=\"lazy\" decoding=\"async\" class=\" wp-image-42325 alignleft\" src=\"https:\/\/www.radiopiu.net\/wordpress\/wp-content\/uploads\/2018\/01\/Marco-Perale-200x300.jpg\" alt=\"\" width=\"67\" height=\"101\" srcset=\"https:\/\/www.radiopiu.net\/wordpress\/wp-content\/uploads\/2018\/01\/Marco-Perale-200x300.jpg 200w, https:\/\/www.radiopiu.net\/wordpress\/wp-content\/uploads\/2018\/01\/Marco-Perale-768x1152.jpg 768w, https:\/\/www.radiopiu.net\/wordpress\/wp-content\/uploads\/2018\/01\/Marco-Perale-683x1024.jpg 683w\" sizes=\"auto, (max-width: 67px) 100vw, 67px\" \/><\/a>BELLUNO<\/strong> Si terr\u00e0 domani alle 17 nella Sala Bianchi di viale Fantuzzi la presentazione del libro &#8220;Belluno. Dal dominio visconteo alla prima dedizione a Venezia (1404)&#8221;, il nuovo studio di Enrico Bacchetti, fresco di stampa per l\u2019Istituto Veneto di Scienze, Lettere ed Arti e tratto dalle fonti dell\u2019Archivio storico comunale. L&#8217;introduzione sar\u00e0 curata da Marco Perale, assessore alla Cultura del Comune di Belluno. Interverranno l&#8217;autore, Enrico Bacchetti, e il professor Gian Maria Varanini dell\u2019Universit\u00e0 di Verona. Il libro si occupa di quanto avvenne a Belluno nella primavera del 1404, quando, caduto il precedente dominio dei Visconti, per la prima volta la Citt\u00e0 e il suo territorio pattuirono di entrare a far parte della Repubblica di Venezia.\u00a0 <em>\u00abQuesto volume &#8211; commenta l&#8217;assessore alla cultura Marco Perale &#8211; non ci permette solo di ricostruire una fase storica importante della nostra citt\u00e0, ma \u00e8 anche il modo storico e documentato con cui Belluno partecipa alle celebrazioni per i 1600 anni di fondazione della citt\u00e0 di Venezia\u00bb.<\/em><\/p><\/blockquote>\n<p>&nbsp;<\/p>\n<hr \/>\n<p>&nbsp;<\/p>\n<h2><span style=\"color: #ff0000;\">IERI ALLA RADIO\u00a0\u00a0<\/span><\/h2>\n<h2><span style=\"color: #800080;\">ALLO ZERO TERMICO DI RADIO PIU\u2019 CLAUDIA SOPPELSA E LE LEZIONI DI INGLESE<\/span><\/h2>\n<h3>INVERNO 2022: LO ZERO TERMICO E\u2019\u2026.A RADIO PIU\u2019.<\/h3>\n<blockquote><p><em><a href=\"https:\/\/www.radiopiu.net\/wordpress\/allo-zero-termico-di-radio-piu-claudia-soppelsa-e-le-lezioni-di-inglese\/claudia-soppelsa-2\/\" rel=\"attachment wp-att-254995\"><img loading=\"lazy\" decoding=\"async\" class=\" wp-image-254995 alignleft\" src=\"https:\/\/www.radiopiu.net\/wordpress\/wp-content\/uploads\/2022\/01\/CLAUDIA-SOPPELSA-300x169.jpeg\" alt=\"\" width=\"220\" height=\"124\" srcset=\"https:\/\/www.radiopiu.net\/wordpress\/wp-content\/uploads\/2022\/01\/CLAUDIA-SOPPELSA-300x169.jpeg 300w, https:\/\/www.radiopiu.net\/wordpress\/wp-content\/uploads\/2022\/01\/CLAUDIA-SOPPELSA-1024x577.jpeg 1024w, https:\/\/www.radiopiu.net\/wordpress\/wp-content\/uploads\/2022\/01\/CLAUDIA-SOPPELSA-768x432.jpeg 768w, https:\/\/www.radiopiu.net\/wordpress\/wp-content\/uploads\/2022\/01\/CLAUDIA-SOPPELSA-1536x865.jpeg 1536w, https:\/\/www.radiopiu.net\/wordpress\/wp-content\/uploads\/2022\/01\/CLAUDIA-SOPPELSA.jpeg 1600w\" sizes=\"auto, (max-width: 220px) 100vw, 220px\" \/><\/a>ZERO TERMICO E\u2019 UN VIAGGIO ALLA SCOPERTA DEL NOSTRO TERRITORIO, DALLA VOCE DEI PROTAGONISTI. TURISMO, SPORT, EVENTI, CULTURA, INTRATTENIMENTO. DAL LUNEDI\u2019 AL VENERDI ALLE 15.10 ALLE 20.30. ZERO TERMICO. UN APPUNTAMENTO IN COLLABORAZIONE CON: SPORT 203. LA NATURALE PORTA D\u2019INGRESSO\u2026.VERSO LO ZERO TERMICO. LOCALITA\u2019 LE CAMPE STRADA AGORDO BELLUNO. ABBIGLIAMENTO E ATTREZZATURA\u2026.DEDICATI A CHI AMA LA MONTAGNA.<\/em><\/p><\/blockquote>\n<p><strong>di Claudio Fontanive<\/strong><\/p>\n<p><strong>PUNTATA 08 DEL 19 GENNAIO 2022<\/strong><\/p>\n<audio class=\"wp-audio-shortcode\" id=\"audio-254932-7\" preload=\"none\" style=\"width: 100%;\" controls=\"controls\"><source type=\"audio\/mpeg\" src=\"https:\/\/www.radiopiu.net\/wordpress\/wp-content\/uploads\/2022\/01\/claudia-soppelsa-19-gennaio.mp3?_=7\" \/><a href=\"https:\/\/www.radiopiu.net\/wordpress\/wp-content\/uploads\/2022\/01\/claudia-soppelsa-19-gennaio.mp3\">https:\/\/www.radiopiu.net\/wordpress\/wp-content\/uploads\/2022\/01\/claudia-soppelsa-19-gennaio.mp3<\/a><\/audio>\n<p>&nbsp;<\/p>\n<hr \/>\n<p>&nbsp;<\/p>\n<blockquote>\n<h3>BELLUNO. CANCELLI STILI \u201cLIBERTY E ART NOUVEAU\u201d PER LE VILLE CHE OSPITARONO ANCHE DUE VESCOVI<\/h3>\n<\/blockquote>\n<p>&nbsp;<\/p>\n<p><strong>di\u00a0 RENATO BONA<\/strong><\/p>\n<p>Penultima ricognizione alla bella serie di \u201cCancelli in ferro battuto a Belluno\u201d (che \u00e8 il titolo del libro \u2013 ndr.) che Vincenzo Caputo ha effettuato nel 2009 per trasferirla poi nel volume che nel luglio dello stesso anno ha dato alle stampe (Tipografia Piave) per la serie \u201cQuaderni\u201d proposta dell\u2019Istituto bellunese di ricerche sociali e culturali. Hanno collaborato con Caputo l\u2019architetto Roberto Reolon per la descrizione tecnica e l\u2019esperto Augusto Burlon per la presentazione araldica. Partiamo da Cusighe dove nella piazzetta Giano Perale (oggi intitolata anche al fratello Agostino \u2013 ndr.).al civico 2, in buono stato di conservazione, possiamo vedere il cancello pedonale, in ferro battuto con ricci e fascette forgiate, disegno ottocentesco e cimasa alla spagnola, risalente agli anni Trenta, per l\u2019accesso alla Villa Perale ricostruita nel 1735 a causa di un incendio. In vari periodi (1936-1944) &#8211; ricorda Caputo &#8211; vi ha soggiornato il vescovo di Belluno e Feltre Giosu\u00e8 Cattarossi (1913-1944). Nella vicina via Dassi, civico 3, in buono stato, cancello pure anni Trenta, posizionato a nord dell\u2019antica Villa Perale, da cui si accede alla corte. E\u2019 a due ante con cimasa ad arco ribassato finemente lavorata, con motivo di eliche intrecciate la cui griglia verticale culmina con lance battute. Restiamo a Cusighe perch\u00e9 nella via Vittorio Veneto, civico 225, del XX secolo, in buono stato, all\u2019interno della corte di una casa padronale del 1908 con annesso rustico, si pu\u00f2 notare il cancello anni Trenta \u201cdi piccole dimensioni ma bello per la vivacit\u00e0 dei motivi che lo compongono\u201d: in stile liberty, con fiori variamente composti e intrecciati. Ci spostiamo a Mier, civico 283, per il cancello del XIX secolo, in buono stato, risalente a fine Ottocento, per l\u2019accesso ad una propriet\u00e0 con vecchio stabile; cancello gi\u00e0 in opera in altro sito e qui collocato da tempo con aggiunte laterali per adattarlo alla nuova sede. La lavorazione \u00e8 quella tipica ottocentesca con chiodature, fascette e piombi. Al civico 158 ecco, stessa epoca, in non buono stato, il cancello di scuola \u201cart nouveau\u201d con i caratteristici girasoli, d\u2019entrata alla Villa Corte ora albergo Carpenada. Originariamente, secolo XVIII, fu residenza estiva del vescovo Berlendis e successivamente propriet\u00e0 Corte e altri. A Modolo, civico 188, del XIX secolo, in buono stato, il cancello di accesso principale alla Villa Miari Fulcis, rivolto ad ovest, con eleganti motivi, sovrastante il cancello che \u00e8 di stile tardo barocco e caratterizzato da pannelli variamente ricamati. Sul retro delle scuderie della stessa Villa, rivolto ad ovest, ecco, in discrete condizioni, il cancello del XIX secolo \u201csquisita manifattura con orditura rinascimentale\u2026\u201d. C\u2019\u00e8 poi , stessi epoca e stato, il cancello ovest di accesso al giardino \u201cin cui prevale la lavorazione industriale\u201d. Non \u00e8 invece in buone condizioni il piccolo cancello al limite del giardino lato nord-est. E siamo ad Orzes, civico 91, per osservare il cancello ottocentesco a classica griglia verticale a barre quadre, di entrata alla ex Villa Rudio poi Doglioni e infine Sammartini, XIX secolo, in buono stato. Stessa via, civico 121, per il cancello, XIX secolo, in buono stato, forse della met\u00e0 Ottocento, cimato dalla lettera B (Barozzi). Nella casa mor\u00ec (1884) il sacerdote Sebastiano Barozzi, patriota e poeta del Risorgimento. Nelle due guerre mondiali, l\u2019edificio ospit\u00f2 i comandi austriaco e tedesco. Nella via Safforze, del XVII secolo, in non buone condizioni vi \u00e8 ci\u00f2 che resta dell\u2019entrata in ferro battuto antistante la Villa Fulcis-Montalban che ospit\u00f2 il generale Massena (1799), il vicer\u00e8 Eugenio (1809) e re Vittorio Emanuele III (1903). Villa distrutta dagli austriaci nel 1918. Localit\u00e0 Sagrogna, civico 50, per il cancello, in buono stato, dei primi Novecento, di accesso alla Villa Giulia (1777-1913) gi\u00e0 propriet\u00e0 Varola. Per Salce, civico 27, Vincenzo Caputo propone un dipinto murale ottocentesco all\u2019interno della Villa gi\u00e0 dei nobili Corte (secolo XVII) attribuito a Girolamo Moech (1792-1875) raffigurante il prospetto nord della villa \u201ccon il cancello come era in origine e cimato dallo stemma del casato\u201d. Stessa localit\u00e0, al civico 27, per il cancello, XVIII secolo in buono stato, di entrata nord della ex Villa Corte (secolo XVII); si tratta di un ampio manufatto di recupero, comprensivo dei pilastri della seconda met\u00e0 del XVIII secolo, proveniente dal Piemonte, collocato di recente. Per la stessa villa, del XX secolo e in buono stato ecco il \u201cgrazioso cancelletto dei primi Novecento, all\u2019interno della villa e qui collocato di recente; in origine era situato poco distante tra una colonna e un pilastrino ancora esistenti\u201d.<\/p>\n\n\t\t\t<style type='text\/css'>\n\t\t\t\t#gallery-4 {\n\t\t\t\t\tmargin: auto;\n\t\t\t\t}\n\t\t\t\t#gallery-4 .gallery-item {\n\t\t\t\t\tfloat: left;\n\t\t\t\t\tmargin-top: 10px;\n\t\t\t\t\ttext-align: center;\n\t\t\t\t\twidth: 16%;\n\t\t\t\t}\n\t\t\t\t#gallery-4 img {\n\t\t\t\t\tborder: 2px solid #cfcfcf;\n\t\t\t\t}\n\t\t\t\t#gallery-4 .gallery-caption {\n\t\t\t\t\tmargin-left: 0;\n\t\t\t\t}\n\t\t\t\t\/* see gallery_shortcode() in wp-includes\/media.php *\/\n\t\t\t<\/style>\n\t\t<div id='gallery-4' class='dt-gallery-container gallery galleryid-254932 gallery-columns-6 gallery-size-thumbnail'><dl class='gallery-item'>\n\t\t\t\t<dt class='gallery-icon landscape'>\n\t\t\t\t\t<a class=\"rollover rollover-zoom dt-pswp-item\" title=\"271263762_300553742049352_886948133104581762_n\" data-dt-img-description=\"\" data-large_image_width=\"296\" data-large_image_height=\"200\"href='https:\/\/www.radiopiu.net\/wordpress\/wp-content\/uploads\/2022\/01\/271263762_300553742049352_886948133104581762_n.jpg'><img loading=\"lazy\" decoding=\"async\" width=\"150\" height=\"150\" src=\"https:\/\/www.radiopiu.net\/wordpress\/wp-content\/uploads\/2022\/01\/271263762_300553742049352_886948133104581762_n-150x150.jpg\" class=\"attachment-thumbnail size-thumbnail\" alt=\"\" \/><\/a>\n\t\t\t\t<\/dt><\/dl><dl class='gallery-item'>\n\t\t\t\t<dt class='gallery-icon landscape'>\n\t\t\t\t\t<a class=\"rollover rollover-zoom dt-pswp-item\" title=\"271792242_1085554298948829_2534285150127058564_n\" data-dt-img-description=\"\" data-large_image_width=\"296\" data-large_image_height=\"206\"href='https:\/\/www.radiopiu.net\/wordpress\/wp-content\/uploads\/2022\/01\/271792242_1085554298948829_2534285150127058564_n.jpg'><img loading=\"lazy\" decoding=\"async\" width=\"150\" height=\"150\" src=\"https:\/\/www.radiopiu.net\/wordpress\/wp-content\/uploads\/2022\/01\/271792242_1085554298948829_2534285150127058564_n-150x150.jpg\" class=\"attachment-thumbnail size-thumbnail\" alt=\"\" \/><\/a>\n\t\t\t\t<\/dt><\/dl><dl class='gallery-item'>\n\t\t\t\t<dt class='gallery-icon landscape'>\n\t\t\t\t\t<a class=\"rollover rollover-zoom dt-pswp-item\" title=\"271703985_1052729685288779_3014196238115443116_n\" data-dt-img-description=\"\" data-large_image_width=\"296\" data-large_image_height=\"203\"href='https:\/\/www.radiopiu.net\/wordpress\/wp-content\/uploads\/2022\/01\/271703985_1052729685288779_3014196238115443116_n.jpg'><img loading=\"lazy\" decoding=\"async\" width=\"150\" height=\"150\" src=\"https:\/\/www.radiopiu.net\/wordpress\/wp-content\/uploads\/2022\/01\/271703985_1052729685288779_3014196238115443116_n-150x150.jpg\" class=\"attachment-thumbnail size-thumbnail\" alt=\"\" \/><\/a>\n\t\t\t\t<\/dt><\/dl><dl class='gallery-item'>\n\t\t\t\t<dt class='gallery-icon landscape'>\n\t\t\t\t\t<a class=\"rollover rollover-zoom dt-pswp-item\" title=\"271642550_4904448902953066_5179071522678683489_n\" data-dt-img-description=\"\" data-large_image_width=\"311\" data-large_image_height=\"206\"href='https:\/\/www.radiopiu.net\/wordpress\/wp-content\/uploads\/2022\/01\/271642550_4904448902953066_5179071522678683489_n.jpg'><img loading=\"lazy\" decoding=\"async\" width=\"150\" height=\"150\" src=\"https:\/\/www.radiopiu.net\/wordpress\/wp-content\/uploads\/2022\/01\/271642550_4904448902953066_5179071522678683489_n-150x150.jpg\" class=\"attachment-thumbnail size-thumbnail\" alt=\"\" \/><\/a>\n\t\t\t\t<\/dt><\/dl><dl class='gallery-item'>\n\t\t\t\t<dt class='gallery-icon landscape'>\n\t\t\t\t\t<a class=\"rollover rollover-zoom dt-pswp-item\" title=\"271715895_608037983790370_5176316665504785458_n\" data-dt-img-description=\"\" data-large_image_width=\"296\" data-large_image_height=\"200\"href='https:\/\/www.radiopiu.net\/wordpress\/wp-content\/uploads\/2022\/01\/271715895_608037983790370_5176316665504785458_n.jpg'><img loading=\"lazy\" decoding=\"async\" width=\"150\" height=\"150\" src=\"https:\/\/www.radiopiu.net\/wordpress\/wp-content\/uploads\/2022\/01\/271715895_608037983790370_5176316665504785458_n-150x150.jpg\" class=\"attachment-thumbnail size-thumbnail\" alt=\"\" \/><\/a>\n\t\t\t\t<\/dt><\/dl><dl class='gallery-item'>\n\t\t\t\t<dt class='gallery-icon landscape'>\n\t\t\t\t\t<a class=\"rollover rollover-zoom dt-pswp-item\" title=\"271672827_677897923580793_5320759394894503927_n\" data-dt-img-description=\"\" data-large_image_width=\"310\" data-large_image_height=\"206\"href='https:\/\/www.radiopiu.net\/wordpress\/wp-content\/uploads\/2022\/01\/271672827_677897923580793_5320759394894503927_n.jpg'><img loading=\"lazy\" decoding=\"async\" width=\"150\" height=\"150\" src=\"https:\/\/www.radiopiu.net\/wordpress\/wp-content\/uploads\/2022\/01\/271672827_677897923580793_5320759394894503927_n-150x150.jpg\" class=\"attachment-thumbnail size-thumbnail\" alt=\"\" \/><\/a>\n\t\t\t\t<\/dt><\/dl><br style=\"clear: both\" \/><dl class='gallery-item'>\n\t\t\t\t<dt class='gallery-icon landscape'>\n\t\t\t\t\t<a class=\"rollover rollover-zoom dt-pswp-item\" title=\"270060193_275473431321829_6949030174844119049_n\" data-dt-img-description=\"\" data-large_image_width=\"320\" data-large_image_height=\"205\"href='https:\/\/www.radiopiu.net\/wordpress\/wp-content\/uploads\/2022\/01\/270060193_275473431321829_6949030174844119049_n.jpg'><img loading=\"lazy\" decoding=\"async\" width=\"150\" height=\"150\" src=\"https:\/\/www.radiopiu.net\/wordpress\/wp-content\/uploads\/2022\/01\/270060193_275473431321829_6949030174844119049_n-150x150.jpg\" class=\"attachment-thumbnail size-thumbnail\" alt=\"\" \/><\/a>\n\t\t\t\t<\/dt><\/dl><dl class='gallery-item'>\n\t\t\t\t<dt class='gallery-icon landscape'>\n\t\t\t\t\t<a class=\"rollover rollover-zoom dt-pswp-item\" title=\"271540725_306517551498299_2360707780212579209_n\" data-dt-img-description=\"\" data-large_image_width=\"296\" data-large_image_height=\"201\"href='https:\/\/www.radiopiu.net\/wordpress\/wp-content\/uploads\/2022\/01\/271540725_306517551498299_2360707780212579209_n.jpg'><img loading=\"lazy\" decoding=\"async\" width=\"150\" height=\"150\" src=\"https:\/\/www.radiopiu.net\/wordpress\/wp-content\/uploads\/2022\/01\/271540725_306517551498299_2360707780212579209_n-150x150.jpg\" class=\"attachment-thumbnail size-thumbnail\" alt=\"\" \/><\/a>\n\t\t\t\t<\/dt><\/dl><dl class='gallery-item'>\n\t\t\t\t<dt class='gallery-icon landscape'>\n\t\t\t\t\t<a class=\"rollover rollover-zoom dt-pswp-item\" title=\"271651999_623382992212670_2525762160155299862_n\" data-dt-img-description=\"\" data-large_image_width=\"296\" data-large_image_height=\"205\"href='https:\/\/www.radiopiu.net\/wordpress\/wp-content\/uploads\/2022\/01\/271651999_623382992212670_2525762160155299862_n.jpg'><img loading=\"lazy\" decoding=\"async\" width=\"150\" height=\"150\" src=\"https:\/\/www.radiopiu.net\/wordpress\/wp-content\/uploads\/2022\/01\/271651999_623382992212670_2525762160155299862_n-150x150.jpg\" class=\"attachment-thumbnail size-thumbnail\" alt=\"\" \/><\/a>\n\t\t\t\t<\/dt><\/dl><dl class='gallery-item'>\n\t\t\t\t<dt class='gallery-icon landscape'>\n\t\t\t\t\t<a class=\"rollover rollover-zoom dt-pswp-item\" title=\"271412349_398019158786601_160937817912046087_n\" data-dt-img-description=\"\" data-large_image_width=\"309\" data-large_image_height=\"206\"href='https:\/\/www.radiopiu.net\/wordpress\/wp-content\/uploads\/2022\/01\/271412349_398019158786601_160937817912046087_n.jpg'><img loading=\"lazy\" decoding=\"async\" width=\"150\" height=\"150\" src=\"https:\/\/www.radiopiu.net\/wordpress\/wp-content\/uploads\/2022\/01\/271412349_398019158786601_160937817912046087_n-150x150.jpg\" class=\"attachment-thumbnail size-thumbnail\" alt=\"\" \/><\/a>\n\t\t\t\t<\/dt><\/dl><dl class='gallery-item'>\n\t\t\t\t<dt class='gallery-icon landscape'>\n\t\t\t\t\t<a class=\"rollover rollover-zoom dt-pswp-item\" title=\"271741548_462748192070048_8548604394420388776_n\" data-dt-img-description=\"\" data-large_image_width=\"296\" data-large_image_height=\"203\"href='https:\/\/www.radiopiu.net\/wordpress\/wp-content\/uploads\/2022\/01\/271741548_462748192070048_8548604394420388776_n.jpg'><img loading=\"lazy\" decoding=\"async\" width=\"150\" height=\"150\" src=\"https:\/\/www.radiopiu.net\/wordpress\/wp-content\/uploads\/2022\/01\/271741548_462748192070048_8548604394420388776_n-150x150.jpg\" class=\"attachment-thumbnail size-thumbnail\" alt=\"\" \/><\/a>\n\t\t\t\t<\/dt><\/dl><dl class='gallery-item'>\n\t\t\t\t<dt class='gallery-icon landscape'>\n\t\t\t\t\t<a class=\"rollover rollover-zoom dt-pswp-item\" title=\"271784055_3100343683590384_4736261974026614513_n\" data-dt-img-description=\"\" data-large_image_width=\"296\" data-large_image_height=\"205\"href='https:\/\/www.radiopiu.net\/wordpress\/wp-content\/uploads\/2022\/01\/271784055_3100343683590384_4736261974026614513_n.jpg'><img loading=\"lazy\" decoding=\"async\" width=\"150\" height=\"150\" src=\"https:\/\/www.radiopiu.net\/wordpress\/wp-content\/uploads\/2022\/01\/271784055_3100343683590384_4736261974026614513_n-150x150.jpg\" class=\"attachment-thumbnail size-thumbnail\" alt=\"\" \/><\/a>\n\t\t\t\t<\/dt><\/dl><br style=\"clear: both\" \/><dl class='gallery-item'>\n\t\t\t\t<dt class='gallery-icon landscape'>\n\t\t\t\t\t<a class=\"rollover rollover-zoom dt-pswp-item\" title=\"270819745_674370857274161_2147330643984286536_n\" data-dt-img-description=\"\" data-large_image_width=\"296\" data-large_image_height=\"203\"href='https:\/\/www.radiopiu.net\/wordpress\/wp-content\/uploads\/2022\/01\/270819745_674370857274161_2147330643984286536_n.jpg'><img loading=\"lazy\" decoding=\"async\" width=\"150\" height=\"150\" src=\"https:\/\/www.radiopiu.net\/wordpress\/wp-content\/uploads\/2022\/01\/270819745_674370857274161_2147330643984286536_n-150x150.jpg\" class=\"attachment-thumbnail size-thumbnail\" alt=\"\" \/><\/a>\n\t\t\t\t<\/dt><\/dl><dl class='gallery-item'>\n\t\t\t\t<dt class='gallery-icon landscape'>\n\t\t\t\t\t<a class=\"rollover rollover-zoom dt-pswp-item\" title=\"271538274_362042315256587_3954246322967245857_n\" data-dt-img-description=\"\" data-large_image_width=\"296\" data-large_image_height=\"203\"href='https:\/\/www.radiopiu.net\/wordpress\/wp-content\/uploads\/2022\/01\/271538274_362042315256587_3954246322967245857_n.jpg'><img loading=\"lazy\" decoding=\"async\" width=\"150\" height=\"150\" src=\"https:\/\/www.radiopiu.net\/wordpress\/wp-content\/uploads\/2022\/01\/271538274_362042315256587_3954246322967245857_n-150x150.jpg\" class=\"attachment-thumbnail size-thumbnail\" alt=\"\" \/><\/a>\n\t\t\t\t<\/dt><\/dl><dl class='gallery-item'>\n\t\t\t\t<dt class='gallery-icon landscape'>\n\t\t\t\t\t<a class=\"rollover rollover-zoom dt-pswp-item\" title=\"271796548_243377931278514_8331105122613967266_n\" data-dt-img-description=\"\" data-large_image_width=\"296\" data-large_image_height=\"204\"href='https:\/\/www.radiopiu.net\/wordpress\/wp-content\/uploads\/2022\/01\/271796548_243377931278514_8331105122613967266_n.jpg'><img loading=\"lazy\" decoding=\"async\" width=\"150\" height=\"150\" src=\"https:\/\/www.radiopiu.net\/wordpress\/wp-content\/uploads\/2022\/01\/271796548_243377931278514_8331105122613967266_n-150x150.jpg\" class=\"attachment-thumbnail size-thumbnail\" alt=\"\" \/><\/a>\n\t\t\t\t<\/dt><\/dl><dl class='gallery-item'>\n\t\t\t\t<dt class='gallery-icon landscape'>\n\t\t\t\t\t<a class=\"rollover rollover-zoom dt-pswp-item\" title=\"271708653_1961588367336518_5408471387156204085_n\" data-dt-img-description=\"\" data-large_image_width=\"296\" data-large_image_height=\"201\"href='https:\/\/www.radiopiu.net\/wordpress\/wp-content\/uploads\/2022\/01\/271708653_1961588367336518_5408471387156204085_n.jpg'><img loading=\"lazy\" decoding=\"async\" width=\"150\" height=\"150\" src=\"https:\/\/www.radiopiu.net\/wordpress\/wp-content\/uploads\/2022\/01\/271708653_1961588367336518_5408471387156204085_n-150x150.jpg\" class=\"attachment-thumbnail size-thumbnail\" alt=\"\" \/><\/a>\n\t\t\t\t<\/dt><\/dl><dl class='gallery-item'>\n\t\t\t\t<dt class='gallery-icon landscape'>\n\t\t\t\t\t<a class=\"rollover rollover-zoom dt-pswp-item\" title=\"271956307_235457478781595_3916405541941629362_n\" data-dt-img-description=\"\" data-large_image_width=\"280\" data-large_image_height=\"199\"href='https:\/\/www.radiopiu.net\/wordpress\/wp-content\/uploads\/2022\/01\/271956307_235457478781595_3916405541941629362_n.jpg'><img loading=\"lazy\" decoding=\"async\" width=\"150\" height=\"150\" src=\"https:\/\/www.radiopiu.net\/wordpress\/wp-content\/uploads\/2022\/01\/271956307_235457478781595_3916405541941629362_n-150x150.jpg\" class=\"attachment-thumbnail size-thumbnail\" alt=\"\" \/><\/a>\n\t\t\t\t<\/dt><\/dl>\n\t\t\t\t<br style='clear: both' \/>\n\t\t\t<\/div>\n\n<p>NELLE FOTO (riproduzioni dal libro di Vincenzo Caputo\u201dCancelli in ferro a Belluno\u201d): Cusighe: cancello di accesso alla Villa Perale; Via Dassi 3; Via Vittorio Veneto 225; Mier civici 283 e 158; Modolo cinque scorci e cancelli di Villa Miari Fulcis; via Orzers civici 81 e 121; via Safforze; Sagrogna; dipinto attribuito a Girolamo Moech e dedicato alla villa Corte di Salce; entrata nord della stessa villa; cancelletto nel giardino della Villa Corte.<\/p>\n<p>&nbsp;<\/p>\n<p>&nbsp;<\/p>\n<hr \/>\n<p>&nbsp;<\/p>\n<div>\n<div class=\"b654a4as d2edcug0\">\n<div class=\"rq0escxv hkbzh7o3 jwdofwj8 n8tt0mok r8blr3vg hyh9befq\">\n<p><a class=\"dt-pswp-item\" href=\"https:\/\/www.radiopiu.net\/wordpress\/wp-content\/uploads\/2020\/10\/pp.jpg\" data-dt-img-description=\"\" data-large_image_width=\"640\" data-large_image_height=\"640\"><img loading=\"lazy\" decoding=\"async\" class=\"wp-image-163678 alignleft\" src=\"https:\/\/www.radiopiu.net\/wordpress\/wp-content\/uploads\/2020\/10\/pp-300x300.jpg\" alt=\"\" width=\"106\" height=\"106\" srcset=\"https:\/\/www.radiopiu.net\/wordpress\/wp-content\/uploads\/2020\/10\/pp-300x300.jpg 300w, https:\/\/www.radiopiu.net\/wordpress\/wp-content\/uploads\/2020\/10\/pp-150x150.jpg 150w, https:\/\/www.radiopiu.net\/wordpress\/wp-content\/uploads\/2020\/10\/pp-125x125.jpg 125w, https:\/\/www.radiopiu.net\/wordpress\/wp-content\/uploads\/2020\/10\/pp-200x200.jpg 200w, https:\/\/www.radiopiu.net\/wordpress\/wp-content\/uploads\/2020\/10\/pp-80x80.jpg 80w, https:\/\/www.radiopiu.net\/wordpress\/wp-content\/uploads\/2020\/10\/pp-480x480.jpg 480w, https:\/\/www.radiopiu.net\/wordpress\/wp-content\/uploads\/2020\/10\/pp.jpg 640w\" sizes=\"auto, (max-width: 106px) 100vw, 106px\" \/><\/a><\/p>\n<\/div>\n<\/div>\n<\/div>\n<div>\n<div class=\"page-title-head hgroup\">\n<div class=\"page-title-head hgroup\">\n<div class=\"b654a4as d2edcug0\">\n<div class=\"j83agx80 btwxx1t3 lhclo0ds hop8lmos nkwizq5d scwd0bx6 roh60bw9\">\n<div class=\"rq0escxv hkbzh7o3 jwdofwj8 n8tt0mok r8blr3vg hyh9befq\">\n<div class=\"do00u71z l9j0dhe7 k4urcfbm\">\n<h2><span style=\"color: #000080;\">\u00a0<\/span><span style=\"color: #000080;\">DON CESARE, IL PENSIERO DEL GIORNO. ALLA RADIO ALLE 7 DEL MATTINO E ALLE 19.30 DELLA SERA.<\/span><\/h2>\n<\/div>\n<div class=\"do00u71z l9j0dhe7 k4urcfbm\">\n<audio class=\"wp-audio-shortcode\" id=\"audio-254932-8\" preload=\"none\" style=\"width: 100%;\" controls=\"controls\"><source type=\"audio\/mpeg\" src=\"https:\/\/www.radiopiu.net\/wordpress\/wp-content\/uploads\/2022\/01\/cesare-9.mp3?_=8\" \/><a href=\"https:\/\/www.radiopiu.net\/wordpress\/wp-content\/uploads\/2022\/01\/cesare-9.mp3\">https:\/\/www.radiopiu.net\/wordpress\/wp-content\/uploads\/2022\/01\/cesare-9.mp3<\/a><\/audio>\n<p>&nbsp;<\/p>\n<div>\n<div class=\"page-title-head hgroup\">\n<div class=\"page-title-head hgroup\">\n<div class=\"b654a4as d2edcug0\">\n<div class=\"j83agx80 btwxx1t3 lhclo0ds hop8lmos nkwizq5d scwd0bx6 roh60bw9\">\n<div class=\"rq0escxv hkbzh7o3 jwdofwj8 n8tt0mok r8blr3vg hyh9befq\">\n<div class=\"do00u71z l9j0dhe7 k4urcfbm\">\n<hr \/>\n<p>&nbsp;<\/p>\n<div>\n<div class=\"page-title-head hgroup\">\n<div class=\"page-title-head hgroup\">\n<div class=\"b654a4as d2edcug0\">\n<div class=\"j83agx80 btwxx1t3 lhclo0ds hop8lmos nkwizq5d scwd0bx6 roh60bw9\">\n<div class=\"rq0escxv hkbzh7o3 jwdofwj8 n8tt0mok r8blr3vg hyh9befq\">\n<div class=\"do00u71z l9j0dhe7 k4urcfbm\">\n<div class=\"ecm0bbzt e5nlhep0 a8c37x1j\">\n<div class=\"kvgmc6g5 cxmmr5t8 oygrvhab hcukyx3x c1et5uql\">\n<div class=\"gmail-kvgmc6g5 gmail-cxmmr5t8 gmail-oygrvhab gmail-hcukyx3x gmail-c1et5uql gmail-ii04i59q\">\n<div class=\"page-title-head hgroup\">\n<div class=\"page-title-head hgroup\">\n<div class=\"b654a4as d2edcug0\">\n<div class=\"j83agx80 btwxx1t3 lhclo0ds hop8lmos nkwizq5d scwd0bx6 roh60bw9\">\n<div class=\"rq0escxv hkbzh7o3 jwdofwj8 n8tt0mok r8blr3vg hyh9befq\">\n<div class=\"do00u71z l9j0dhe7 k4urcfbm\">\n<h3 class=\"kvgmc6g5 cxmmr5t8 oygrvhab hcukyx3x c1et5uql\"><span style=\"color: #0000ff;\"><strong>INFORMAZIONE il canale su TELEGRAM informazione di prima mano e in tempo reale. iscriviti ed aiutaci a farlo conoscere\u00a0\u00a0<\/strong><\/span><\/h3>\n<p>&nbsp;<\/p>\n<p>&nbsp;<\/p>\n<hr \/>\n<blockquote>\n<h3><\/h3>\n<h3><span style=\"color: #ff0000;\">IN VIVO VERSO, SETTIMA STAGIONE CON BRUNELLA MORO, DAL LUNEDI AL VENERDI ALLE 7.10, 10.10 E 18.50<\/span><\/h3>\n<h3>\u00a0CHE NE SAI di MANUELE CARBOGNO<\/h3>\n<\/blockquote>\n<p><strong>AUDIO<\/strong><\/p>\n<audio class=\"wp-audio-shortcode\" id=\"audio-254932-9\" preload=\"none\" style=\"width: 100%;\" controls=\"controls\"><source type=\"audio\/mpeg\" src=\"https:\/\/www.radiopiu.net\/wordpress\/wp-content\/uploads\/2022\/01\/03-MANUELE-CARBOGNO_CHE-NE-SAI.mp3?_=9\" \/><a href=\"https:\/\/www.radiopiu.net\/wordpress\/wp-content\/uploads\/2022\/01\/03-MANUELE-CARBOGNO_CHE-NE-SAI.mp3\">https:\/\/www.radiopiu.net\/wordpress\/wp-content\/uploads\/2022\/01\/03-MANUELE-CARBOGNO_CHE-NE-SAI.mp3<\/a><\/audio>\n<p>&nbsp;<\/p>\n<p><a href=\"https:\/\/www.radiopiu.net\/wordpress\/che-ne-sai-di-manuele-carbogno\/carbogno-foto\/\" rel=\"attachment wp-att-255013\"><img loading=\"lazy\" decoding=\"async\" class=\"wp-image-255013 alignleft\" src=\"https:\/\/www.radiopiu.net\/wordpress\/wp-content\/uploads\/2022\/01\/carbogno-foto-300x158.jpg\" alt=\"\" width=\"180\" height=\"95\" srcset=\"https:\/\/www.radiopiu.net\/wordpress\/wp-content\/uploads\/2022\/01\/carbogno-foto-300x158.jpg 300w, https:\/\/www.radiopiu.net\/wordpress\/wp-content\/uploads\/2022\/01\/carbogno-foto.jpg 310w\" sizes=\"auto, (max-width: 180px) 100vw, 180px\" \/><\/a><strong>CHE NE SAI<\/strong><\/p>\n<p>Che ne sai di una foglia che cade,<br \/>\nse mai hai girato il mondo,<br \/>\nche ne sai del lavoro,<br \/>\nse mai hai condiviso un cucchiaio di miele,<br \/>\nche ne sai di un fungo spontaneo,<br \/>\nse mai hai guardato il terreno.<br \/>\nE se mi siedo, tremo,<br \/>\nalle porte dell&#8217;inferno a ciel sereno,<br \/>\nognuno siede, al passar della nuvola,<br \/>\nognuno siede, nel suo viaggio.<\/p>\n<p><strong>LA RACCOLTA COMPLETA\u00a0 \u00a0<\/strong><\/p>\n<blockquote class=\"wp-embedded-content\" data-secret=\"r8U6DI6ib6\"><p><a href=\"https:\/\/www.radiopiu.net\/wordpress\/in-vivo-verso\/\">In Vivo Verso<\/a><\/p><\/blockquote>\n<p><iframe loading=\"lazy\" class=\"wp-embedded-content\" sandbox=\"allow-scripts\" security=\"restricted\" style=\"position: absolute; clip: rect(1px, 1px, 1px, 1px);\" title=\"&#8220;In Vivo Verso&#8221; &#8212; Radio Pi\u00f9\" src=\"https:\/\/www.radiopiu.net\/wordpress\/in-vivo-verso\/embed\/#?secret=r8U6DI6ib6\" data-secret=\"r8U6DI6ib6\" width=\"600\" height=\"338\" frameborder=\"0\" marginwidth=\"0\" marginheight=\"0\" scrolling=\"no\"><\/iframe><\/p>\n<p>&nbsp;<\/p>\n<hr \/>\n<p>&nbsp;<\/p>\n<h2><span style=\"color: #808000;\">GOCCE DI FILOSOFIA<\/span><\/h2>\n<p><strong>PUNTATA 118 DEL 19 GENNAIO 2021<\/strong><\/p>\n<audio class=\"wp-audio-shortcode\" id=\"audio-254932-10\" preload=\"none\" style=\"width: 100%;\" controls=\"controls\"><source type=\"audio\/mpeg\" src=\"https:\/\/www.radiopiu.net\/wordpress\/wp-content\/uploads\/2022\/01\/FI3-2.mp3?_=10\" \/><a href=\"https:\/\/www.radiopiu.net\/wordpress\/wp-content\/uploads\/2022\/01\/FI3-2.mp3\">https:\/\/www.radiopiu.net\/wordpress\/wp-content\/uploads\/2022\/01\/FI3-2.mp3<\/a><\/audio>\n<p>&nbsp;<\/p>\n<p><strong>raccolta completa<\/strong><\/p>\n<blockquote class=\"wp-embedded-content\" data-secret=\"u13mr2vkTv\"><p><a href=\"https:\/\/www.radiopiu.net\/wordpress\/gocce-filosofia\/\">Gocce di filosofia, PRIMA E SECONDA STAGIONE 2022<\/a><\/p><\/blockquote>\n<p><iframe loading=\"lazy\" class=\"wp-embedded-content\" sandbox=\"allow-scripts\" security=\"restricted\" style=\"position: absolute; clip: rect(1px, 1px, 1px, 1px);\" title=\"&#8220;Gocce di filosofia, PRIMA E SECONDA STAGIONE 2022&#8221; &#8212; Radio Pi\u00f9\" src=\"https:\/\/www.radiopiu.net\/wordpress\/gocce-filosofia\/embed\/#?secret=u13mr2vkTv\" data-secret=\"u13mr2vkTv\" width=\"600\" height=\"338\" frameborder=\"0\" marginwidth=\"0\" marginheight=\"0\" scrolling=\"no\"><\/iframe><\/p>\n<p>&nbsp;<\/p>\n<hr \/>\n<p>&nbsp;<\/p>\n<p><span style=\"color: #0000ff;\">MUSICA PIU&#8217;\u00a0<\/span><\/p>\n<p><a href=\"https:\/\/www.radiopiu.net\/wordpress\/giornale-radiopiu-20-settembre-2021-direttore-mirko-mezzacasa\/pp-79\/\" rel=\"attachment wp-att-232921\"><img loading=\"lazy\" decoding=\"async\" class=\"wp-image-232921 alignleft\" src=\"https:\/\/www.radiopiu.net\/wordpress\/wp-content\/uploads\/2021\/09\/pp-1-300x300.jpg\" alt=\"\" width=\"135\" height=\"135\" srcset=\"https:\/\/www.radiopiu.net\/wordpress\/wp-content\/uploads\/2021\/09\/pp-1-300x300.jpg 300w, https:\/\/www.radiopiu.net\/wordpress\/wp-content\/uploads\/2021\/09\/pp-1-150x150.jpg 150w, https:\/\/www.radiopiu.net\/wordpress\/wp-content\/uploads\/2021\/09\/pp-1.jpg 640w\" sizes=\"auto, (max-width: 135px) 100vw, 135px\" \/><\/a><\/p>\n<div class=\"mkdf-post-text\">\n<div class=\"mkdf-post-text-inner\">\n<div class=\"mkdf-post-text-main\">\n<div class=\"mkdf-post-text\">\n<div class=\"mkdf-post-text-inner\">\n<div class=\"mkdf-post-text-main\">\n<div class=\"mkdf-post-text\">\n<div class=\"mkdf-post-text-inner\">\n<div class=\"mkdf-post-text-main\">\n<div class=\"page-title-head hgroup\">\n<div class=\"page-title-head hgroup\">\n<div class=\"mkdf-post-text\">\n<div class=\"mkdf-post-text-inner\">\n<div class=\"mkdf-post-text-main\">\n<div class=\"mkdf-post-text\">\n<div class=\"mkdf-post-text-inner\">\n<div class=\"mkdf-post-text-main\">\n<div class=\"page-title-head hgroup\">\n<div class=\"page-title-head hgroup\">\n<div class=\"page-title-head hgroup\">\n<div class=\"page-title-head hgroup\">\n<div class=\"b654a4as d2edcug0\">\n<div class=\"page-title-head hgroup\">\n<div class=\"page-title-head hgroup\">\n<div class=\"page-title-head hgroup\">\n<div class=\"page-title-head hgroup\">\n<div class=\"b654a4as d2edcug0\">\n<div class=\"page-title-head hgroup\">\n<div class=\"page-title-head hgroup\">\n<div class=\"page-title-head hgroup\">\n<div class=\"page-title-head hgroup\">\n<div class=\"b654a4as d2edcug0\">\n<div class=\"mkdf-post-text\">\n<div class=\"mkdf-post-text-inner\">\n<div class=\"mkdf-post-text-main\">\n<div class=\"mkdf-post-text\">\n<div class=\"mkdf-post-text-inner\">\n<div class=\"mkdf-post-text-main\">\n<div class=\"mkdf-post-text\">\n<div class=\"mkdf-post-text-inner\">\n<div class=\"mkdf-post-text-main\">\n<div class=\"page-title-head hgroup\">\n<div class=\"page-title-head hgroup\">\n<div class=\"mkdf-post-text\">\n<div class=\"mkdf-post-text-inner\">\n<div class=\"mkdf-post-text-main\">\n<div class=\"mkdf-post-text\">\n<div class=\"mkdf-post-text-inner\">\n<div class=\"mkdf-post-text-main\">\n<div class=\"page-title-head hgroup\">\n<div class=\"page-title-head hgroup\">\n<div class=\"page-title-head hgroup\">\n<div class=\"page-title-head hgroup\">\n<div class=\"b654a4as d2edcug0\">\n<div class=\"page-title-head hgroup\">\n<div class=\"page-title-head hgroup\">\n<div class=\"page-title-head hgroup\">\n<div class=\"page-title-head hgroup\">\n<div class=\"b654a4as d2edcug0\">\n<div class=\"page-title-head hgroup\">\n<div class=\"page-title-head hgroup\">\n<div class=\"page-title-head hgroup\">\n<div class=\"page-title-head hgroup\">\n<div class=\"b654a4as d2edcug0\">\n<div><\/div>\n<div><\/div>\n<div>\n<p><strong>MUSICA ALLA RADIO, IL PROGRAMMA DI LORIS SCUSSEL &#8220;COLLAGE OPERAZIONE NOSTALGIA&#8221; DAL LUNEDI AL VENERDI ALLE 16.00\u00a0 E ALLE 23\u00a0<\/strong><\/p>\n<\/div>\n<p><strong>\u00a0\u00a0<\/strong><\/p>\n<p><strong>PUNTATA 523 DEL 19 GENNAIO 2022<\/strong><\/p>\n<audio class=\"wp-audio-shortcode\" id=\"audio-254932-11\" preload=\"none\" style=\"width: 100%;\" controls=\"controls\"><source type=\"audio\/mpeg\" src=\"https:\/\/www.radiopiu.net\/wordpress\/wp-content\/uploads\/2022\/01\/Collage-523.mp3?_=11\" \/><a href=\"https:\/\/www.radiopiu.net\/wordpress\/wp-content\/uploads\/2022\/01\/Collage-523.mp3\">https:\/\/www.radiopiu.net\/wordpress\/wp-content\/uploads\/2022\/01\/Collage-523.mp3<\/a><\/audio>\n<p><strong>\u00a0<\/strong><\/p>\n<\/div>\n<\/div>\n<\/div>\n<\/div>\n<\/div>\n<\/div>\n<\/div>\n<\/div>\n<\/div>\n<\/div>\n<\/div>\n<\/div>\n<\/div>\n<\/div>\n<\/div>\n<\/div>\n<\/div>\n<\/div>\n<\/div>\n<\/div>\n<\/div>\n<\/div>\n<\/div>\n<\/div>\n<\/div>\n<\/div>\n<\/div>\n<\/div>\n<\/div>\n<\/div>\n<\/div>\n<\/div>\n<\/div>\n<\/div>\n<\/div>\n<\/div>\n<\/div>\n<\/div>\n<\/div>\n<\/div>\n<\/div>\n<\/div>\n<\/div>\n<\/div>\n<\/div>\n<\/div>\n<\/div>\n<\/div>\n<\/div>\n<\/div>\n<\/div>\n<\/div>\n<\/div>\n<\/div>\n<\/div>\n<\/div>\n<\/div>\n<\/div>\n<\/div>\n<\/div>\n<\/div>\n<\/div>\n<\/div>\n<\/div>\n<p><strong><a href=\"https:\/\/www.radiopiu.net\/wordpress\/balli-e-musica-da-film-a-collage-operazione-nostalgia\/sophia-loren\/\" rel=\"attachment wp-att-254415\"><img loading=\"lazy\" decoding=\"async\" class=\" wp-image-254415 alignleft\" src=\"https:\/\/www.radiopiu.net\/wordpress\/wp-content\/uploads\/2022\/01\/Sophia-Loren-300x300.jpg\" alt=\"\" width=\"116\" height=\"116\" srcset=\"https:\/\/www.radiopiu.net\/wordpress\/wp-content\/uploads\/2022\/01\/Sophia-Loren-300x300.jpg 300w, https:\/\/www.radiopiu.net\/wordpress\/wp-content\/uploads\/2022\/01\/Sophia-Loren-150x150.jpg 150w, https:\/\/www.radiopiu.net\/wordpress\/wp-content\/uploads\/2022\/01\/Sophia-Loren.jpg 500w\" sizes=\"auto, (max-width: 116px) 100vw, 116px\" \/><\/a>di Loris Scussel<\/strong><\/p>\n<p>Sar\u00e0 dedicata ai balli l\u2019apertura della settimana di \u201cCollage operazione nostalgia\u201d che proseguir\u00e0 la programmazione occupando il proprio spazio quotidiano nell\u2019alternanza tra brani italiani ed internazionali inoltre mercoled\u00ec potremo ascoltare una puntata dedicata alle colonne sonore di alcuni film piuttosto famosi. Il programma andr\u00e0 in onda dal luned\u00ec al venerd\u00ec alle 16,00 e alle 23,00.<\/p>\n<p>&nbsp;<\/p>\n<p>&nbsp;<\/p>\n<hr \/>\n<p>&nbsp;<\/p>\n<p>&nbsp;<\/p>\n<blockquote class=\"wp-embedded-content\" data-secret=\"vh7JwJq18V\"><p><a href=\"https:\/\/www.radiopiu.net\/wordpress\/freemix-la-liberta-musicale-mixata-da-dj-athos-e-raccontata-da-dj-jack\/\">FREEMIX, LA LIBERTA&#8217; MUSICALE MIXATA DA DJ ATHOS E RACCONTATA DA DJ JACK<\/a><\/p><\/blockquote>\n<p><iframe loading=\"lazy\" class=\"wp-embedded-content\" sandbox=\"allow-scripts\" security=\"restricted\" style=\"position: absolute; clip: rect(1px, 1px, 1px, 1px);\" title=\"&#8220;FREEMIX, LA LIBERTA&#8217; MUSICALE MIXATA DA DJ ATHOS E RACCONTATA DA DJ JACK&#8221; &#8212; Radio Pi\u00f9\" src=\"https:\/\/www.radiopiu.net\/wordpress\/freemix-la-liberta-musicale-mixata-da-dj-athos-e-raccontata-da-dj-jack\/embed\/#?secret=vh7JwJq18V\" data-secret=\"vh7JwJq18V\" width=\"600\" height=\"338\" frameborder=\"0\" marginwidth=\"0\" marginheight=\"0\" scrolling=\"no\"><\/iframe><\/p>\n<p>&nbsp;<\/p>\n<blockquote class=\"wp-embedded-content\" data-secret=\"CdjfB2kKDl\"><p><a href=\"https:\/\/www.radiopiu.net\/wordpress\/da-ieri-alla-radio-in-palinsesto-loris-e-maurizio-con-la-grande-musica\/\">IL BLUES ALLA RADIO &#8230; COME NON L&#8217;AVETE MAI SENTITO PRIMA<\/a><\/p><\/blockquote>\n<p><iframe loading=\"lazy\" class=\"wp-embedded-content\" sandbox=\"allow-scripts\" security=\"restricted\" style=\"position: absolute; clip: rect(1px, 1px, 1px, 1px);\" title=\"&#8220;IL BLUES ALLA RADIO &#8230; COME NON L&#8217;AVETE MAI SENTITO PRIMA&#8221; &#8212; Radio Pi\u00f9\" src=\"https:\/\/www.radiopiu.net\/wordpress\/da-ieri-alla-radio-in-palinsesto-loris-e-maurizio-con-la-grande-musica\/embed\/#?secret=CdjfB2kKDl\" data-secret=\"CdjfB2kKDl\" width=\"600\" height=\"338\" frameborder=\"0\" marginwidth=\"0\" marginheight=\"0\" scrolling=\"no\"><\/iframe><\/p>\n<p>&nbsp;<\/p>\n<hr \/>\n<p>&nbsp;<\/p>\n<blockquote>\n<h3><span style=\"color: #0000ff;\">INFORMAZIONE il canale su TELEGRAM informazione di prima mano e in tempo reale. iscriviti ed aiutaci a farlo conoscere\u00a0\u00a0<\/span><\/h3>\n<\/blockquote>\n<div>\n<div class=\"page-title-head hgroup\">\n<div class=\"page-title-head hgroup\">\n<div class=\"page-title-head hgroup\">\n<div class=\"page-title-head hgroup\">\n<div class=\"b654a4as d2edcug0\">\n<div class=\"page-title-head hgroup\">\n<div class=\"page-title-head hgroup\">\n<div class=\"page-title-head hgroup\">\n<div class=\"page-title-head hgroup\">\n<div class=\"b654a4as d2edcug0\">\n<div class=\"page-title-head hgroup\">\n<div class=\"page-title-head hgroup\">\n<div class=\"page-title-head hgroup\">\n<div class=\"page-title-head hgroup\">\n<div class=\"page-title-head hgroup\">\n<div class=\"page-title-head hgroup\">\n<div class=\"page-title-head hgroup\">\n<div class=\"page-title-head hgroup\">\n<div class=\"page-title-head hgroup\">\n<div class=\"b654a4as d2edcug0\">\n<div class=\"page-title-head hgroup\">\n<div class=\"page-title-head hgroup\">\n<div class=\"page-title-head hgroup\">\n<div class=\"page-title-head hgroup\">\n<div class=\"b654a4as d2edcug0\">\n<div>\n<p>&nbsp;<\/p>\n<\/div>\n<div>\n<div class=\"page-title-head hgroup\">\n<div class=\"page-title-head hgroup\">\n<div class=\"page-title-head hgroup\">\n<div class=\"page-title-head hgroup\">\n<div class=\"page-title-head hgroup\">\n<div class=\"b654a4as d2edcug0\">\n<div>\n<hr \/>\n<\/div>\n<\/div>\n<div>\n<div>\n<p>&nbsp;<\/p>\n<\/div>\n<div>\n<div>\n<p>&nbsp;<\/p>\n<\/div>\n<div>\n<div>\n<p><strong>DUE MINUTI UN LIBRO, TUTTI I GIORNI ALLA RADIO ALLE 9.40 E ALLE 17.50\u00a0<\/strong><\/p>\n<div>\n<div>\n<p><strong>LA RACCOLTA COMPLETA\u00a0\u00a0<\/strong><\/p>\n<\/div>\n<div>\n<blockquote class=\"wp-embedded-content\" data-secret=\"R748t2LwXf\"><p><a href=\"https:\/\/www.radiopiu.net\/wordpress\/due-minuti-un-libro\/\">Due minuti un libro<\/a><\/p><\/blockquote>\n<p><iframe loading=\"lazy\" class=\"wp-embedded-content\" sandbox=\"allow-scripts\" security=\"restricted\" style=\"position: absolute; clip: rect(1px, 1px, 1px, 1px);\" title=\"&#8220;Due minuti un libro&#8221; &#8212; Radio Pi\u00f9\" src=\"https:\/\/www.radiopiu.net\/wordpress\/due-minuti-un-libro\/embed\/#?secret=R748t2LwXf\" data-secret=\"R748t2LwXf\" width=\"600\" height=\"338\" frameborder=\"0\" marginwidth=\"0\" marginheight=\"0\" scrolling=\"no\"><\/iframe><\/p>\n<\/div>\n<\/div>\n<\/div>\n<div class=\"mkdf-post-text\">\n<div class=\"mkdf-post-text-inner\">\n<div class=\"mkdf-post-text-main\">\n<div class=\"mkdf-post-text\">\n<div class=\"mkdf-post-text-inner\">\n<div class=\"mkdf-post-text-main\">\n<div class=\"mkdf-post-text\">\n<div class=\"mkdf-post-text-inner\">\n<div class=\"mkdf-post-text-main\">\n<div class=\"page-title-head hgroup\">\n<div class=\"page-title-head hgroup\">\n<div class=\"mkdf-post-text\">\n<div class=\"mkdf-post-text-inner\">\n<div class=\"mkdf-post-text-main\">\n<div class=\"mkdf-post-text\">\n<div class=\"mkdf-post-text-inner\">\n<div class=\"mkdf-post-text-main\">\n<div class=\"page-title-head hgroup\">\n<div class=\"page-title-head hgroup\">\n<div class=\"page-title-head hgroup\">\n<div class=\"page-title-head hgroup\">\n<div class=\"b654a4as d2edcug0\">\n<div class=\"page-title-head hgroup\">\n<div class=\"page-title-head hgroup\">\n<div class=\"page-title-head hgroup\">\n<div class=\"page-title-head hgroup\">\n<div class=\"b654a4as d2edcug0\">\n<div class=\"page-title-head hgroup\">\n<div class=\"page-title-head hgroup\">\n<div class=\"page-title-head hgroup\">\n<div class=\"page-title-head hgroup\">\n<div class=\"b654a4as d2edcug0\">\n<div>\n<p>&nbsp;<\/p>\n<\/div>\n<div>\n<hr \/>\n<p>&nbsp;<\/p>\n<\/div>\n<h2><span style=\"color: #808000;\">L&#8217;ALMANACCO LADINO\u00a0\u00a0<\/span><\/h2>\n<p><strong>PUNTATA DEL 17 GENNAIO 2022<\/strong><\/p>\n<audio class=\"wp-audio-shortcode\" id=\"audio-254932-12\" preload=\"none\" style=\"width: 100%;\" controls=\"controls\"><source type=\"audio\/mpeg\" src=\"https:\/\/www.radiopiu.net\/wordpress\/wp-content\/uploads\/2022\/01\/75\u00b0Almanacco-Ladino_Fodom-1.mp3?_=12\" \/><a href=\"https:\/\/www.radiopiu.net\/wordpress\/wp-content\/uploads\/2022\/01\/75\u00b0Almanacco-Ladino_Fodom-1.mp3\">https:\/\/www.radiopiu.net\/wordpress\/wp-content\/uploads\/2022\/01\/75\u00b0Almanacco-Ladino_Fodom-1.mp3<\/a><\/audio>\n<p>&nbsp;<\/p>\n<p><strong>LA RACCOLTA<\/strong><\/p>\n<blockquote class=\"wp-embedded-content\" data-secret=\"8yh6tYE7hm\"><p><a href=\"https:\/\/www.radiopiu.net\/wordpress\/almanacco-ladino\/\">Almanacco Ladino<\/a><\/p><\/blockquote>\n<p><iframe loading=\"lazy\" class=\"wp-embedded-content\" sandbox=\"allow-scripts\" security=\"restricted\" style=\"position: absolute; clip: rect(1px, 1px, 1px, 1px);\" title=\"&#8220;Almanacco Ladino&#8221; &#8212; Radio Pi\u00f9\" src=\"https:\/\/www.radiopiu.net\/wordpress\/almanacco-ladino\/embed\/#?secret=8yh6tYE7hm\" data-secret=\"8yh6tYE7hm\" width=\"600\" height=\"338\" frameborder=\"0\" marginwidth=\"0\" marginheight=\"0\" scrolling=\"no\"><\/iframe><\/p>\n<p>&nbsp;<\/p>\n<hr \/>\n<p>&nbsp;<\/p>\n<h2><span style=\"color: #33cccc;\">LA RASSEGNA STAMPA DA L&#8217;AMICO DEL POPOLO<\/span><\/h2>\n<p><strong><a href=\"https:\/\/www.radiopiu.net\/wordpress\/la-rassegna-stampa-da-lamico-del-popolo-15-gennaio-2022\/gerardi_conedera\/\" rel=\"attachment wp-att-254350\"><img loading=\"lazy\" decoding=\"async\" class=\" wp-image-254350 alignleft\" src=\"https:\/\/www.radiopiu.net\/wordpress\/wp-content\/uploads\/2022\/01\/Gerardi_Conedera-300x275.jpg\" alt=\"\" width=\"185\" height=\"170\" srcset=\"https:\/\/www.radiopiu.net\/wordpress\/wp-content\/uploads\/2022\/01\/Gerardi_Conedera-300x275.jpg 300w, https:\/\/www.radiopiu.net\/wordpress\/wp-content\/uploads\/2022\/01\/Gerardi_Conedera.jpg 762w\" sizes=\"auto, (max-width: 185px) 100vw, 185px\" \/><\/a>di Gianni Santomaso<\/strong><\/p>\n<p>Ospite: Anselmo Palini<\/p>\n<p>(foto: Wikipedia)<\/p>\n<audio class=\"wp-audio-shortcode\" id=\"audio-254932-13\" preload=\"none\" style=\"width: 100%;\" controls=\"controls\"><source type=\"audio\/mpeg\" src=\"https:\/\/www.radiopiu.net\/wordpress\/wp-content\/uploads\/2022\/01\/RASSEGNA-GIANNI-2.mp3?_=13\" \/><a href=\"https:\/\/www.radiopiu.net\/wordpress\/wp-content\/uploads\/2022\/01\/RASSEGNA-GIANNI-2.mp3\">https:\/\/www.radiopiu.net\/wordpress\/wp-content\/uploads\/2022\/01\/RASSEGNA-GIANNI-2.mp3<\/a><\/audio>\n<p>&nbsp;<\/p>\n<p><strong>LA RACCOLTA COMPLETA<\/strong><\/p>\n<blockquote class=\"wp-embedded-content\" data-secret=\"SmdVKlmtWS\"><p><a href=\"https:\/\/www.radiopiu.net\/wordpress\/rassegna-stampa-di-gianni-santomaso\/\">Rassegna stampa da l&#8217;amico del popolo &#8211; di Gianni Santomaso<\/a><\/p><\/blockquote>\n<p><iframe loading=\"lazy\" class=\"wp-embedded-content\" sandbox=\"allow-scripts\" security=\"restricted\" style=\"position: absolute; clip: rect(1px, 1px, 1px, 1px);\" title=\"&#8220;Rassegna stampa da l&#8217;amico del popolo &#8211; di Gianni Santomaso&#8221; &#8212; Radio Pi\u00f9\" src=\"https:\/\/www.radiopiu.net\/wordpress\/rassegna-stampa-di-gianni-santomaso\/embed\/#?secret=SmdVKlmtWS\" data-secret=\"SmdVKlmtWS\" width=\"600\" height=\"338\" frameborder=\"0\" marginwidth=\"0\" marginheight=\"0\" scrolling=\"no\"><\/iframe><\/p>\n<p>&nbsp;<\/p>\n<hr \/>\n<p>&nbsp;<\/p>\n<h2><span style=\"color: #800080;\">I RACCONTI DI PAOLO SOPPELSA\u00a0<\/span><\/h2>\n<p><strong>LA RACCOLTA COMPLETA<\/strong><\/p>\n<blockquote class=\"wp-embedded-content\" data-secret=\"ZN5yQoP3yf\"><p><a href=\"https:\/\/www.radiopiu.net\/wordpress\/i-racconti-di-paolo-soppelsa\/\">I racconti di Paolo Soppelsa<\/a><\/p><\/blockquote>\n<p><iframe loading=\"lazy\" class=\"wp-embedded-content\" sandbox=\"allow-scripts\" security=\"restricted\" style=\"position: absolute; clip: rect(1px, 1px, 1px, 1px);\" title=\"&#8220;I racconti di Paolo Soppelsa&#8221; &#8212; Radio Pi\u00f9\" src=\"https:\/\/www.radiopiu.net\/wordpress\/i-racconti-di-paolo-soppelsa\/embed\/#?secret=ZN5yQoP3yf\" data-secret=\"ZN5yQoP3yf\" width=\"600\" height=\"338\" frameborder=\"0\" marginwidth=\"0\" marginheight=\"0\" scrolling=\"no\"><\/iframe><\/p>\n<p>&nbsp;<\/p>\n<hr \/>\n<\/div>\n<div class=\"b654a4as d2edcug0\">\n<p>&nbsp;<\/p>\n<p><a href=\"https:\/\/www.radiopiu.net\/wordpress\/giornale-radiopiu-26-settembre-2018-direttore-mirko-mezzacasa\/viabilita-2\/\" rel=\"attachment wp-att-61954\"><img loading=\"lazy\" decoding=\"async\" class=\"aligncenter wp-image-61954 size-full\" src=\"https:\/\/www.radiopiu.net\/wordpress\/wp-content\/uploads\/2018\/09\/viabilita.jpeg\" sizes=\"auto, (max-width: 800px) 100vw, 800px\" srcset=\"https:\/\/www.radiopiu.net\/wordpress\/wp-content\/uploads\/2018\/09\/viabilita.jpeg 800w, https:\/\/www.radiopiu.net\/wordpress\/wp-content\/uploads\/2018\/09\/viabilita-300x38.jpeg 300w, https:\/\/www.radiopiu.net\/wordpress\/wp-content\/uploads\/2018\/09\/viabilita-768x96.jpeg 768w\" alt=\"\" width=\"800\" height=\"100\" \/><\/a><\/p>\n<div class=\"ecm0bbzt e5nlhep0 a8c37x1j\">\n<div class=\"kvgmc6g5 cxmmr5t8 oygrvhab hcukyx3x c1et5uql\">\n<div class=\"gmail-kvgmc6g5 gmail-cxmmr5t8 gmail-oygrvhab gmail-hcukyx3x gmail-c1et5uql gmail-ii04i59q\">\n<div class=\"page-title-head hgroup\">\n<div class=\"page-title-head hgroup\">\n<div class=\"b654a4as d2edcug0\">\n<div class=\"j83agx80 btwxx1t3 lhclo0ds hop8lmos nkwizq5d scwd0bx6 roh60bw9\">\n<div class=\"rq0escxv hkbzh7o3 jwdofwj8 n8tt0mok r8blr3vg hyh9befq\">\n<div class=\"do00u71z l9j0dhe7 k4urcfbm\">\n<div class=\"page-title-head hgroup\">\n<div class=\"page-title-head hgroup\">\n<div class=\"page-title-head hgroup\">\n<div class=\"page-title-head hgroup\">\n<div class=\"b654a4as d2edcug0\">\n<div class=\"page-title-head hgroup\">\n<div class=\"page-title-head hgroup\">\n<div class=\"page-title-head hgroup\">\n<div class=\"page-title-head hgroup\">\n<div class=\"b654a4as d2edcug0\">\n<div class=\"page-title-head hgroup\">\n<div class=\"page-title-head hgroup\">\n<div class=\"page-title-head hgroup\">\n<div class=\"page-title-head hgroup\">\n<div class=\"page-title-head hgroup\">\n<div class=\"page-title-head hgroup\">\n<div class=\"page-title-head hgroup\">\n<div class=\"page-title-head hgroup\">\n<div class=\"page-title-head hgroup\">\n<div class=\"b654a4as d2edcug0\">\n<div class=\"page-title-head hgroup\">\n<div class=\"page-title-head hgroup\">\n<div class=\"page-title-head hgroup\">\n<div class=\"page-title-head hgroup\">\n<div class=\"b654a4as d2edcug0\">\n<div class=\"page-title-head hgroup\">\n<div class=\"page-title-head hgroup\">\n<div class=\"page-title-head hgroup\">\n<div class=\"page-title-head hgroup\">\n<div class=\"page-title-head hgroup\">\n<div class=\"mkdf-post-text\">\n<div class=\"mkdf-post-text-inner\">\n<div class=\"mkdf-post-text-main\">\n<div class=\"mkdf-post-text\">\n<div class=\"mkdf-post-text-inner\">\n<div class=\"mkdf-post-text-main\">\n<div class=\"mkdf-post-text\">\n<div class=\"mkdf-post-text-inner\">\n<div class=\"mkdf-post-text-main\">\n<div class=\"page-title-head hgroup\">\n<div class=\"page-title-head hgroup\">\n<div class=\"mkdf-post-text\">\n<div class=\"mkdf-post-text-inner\">\n<div class=\"mkdf-post-text-main\">\n<div class=\"mkdf-post-text\">\n<div class=\"mkdf-post-text-inner\">\n<div class=\"mkdf-post-text-main\">\n<div class=\"page-title-head hgroup\">\n<div class=\"page-title-head hgroup\">\n<div class=\"page-title-head hgroup\">\n<div class=\"page-title-head hgroup\">\n<div class=\"b654a4as d2edcug0\">\n<div class=\"page-title-head hgroup\">\n<div class=\"page-title-head hgroup\">\n<div class=\"page-title-head hgroup\">\n<div class=\"page-title-head hgroup\">\n<div class=\"b654a4as d2edcug0\">\n<div class=\"page-title-head hgroup\">\n<div class=\"page-title-head hgroup\">\n<div class=\"page-title-head hgroup\">\n<div class=\"page-title-head hgroup\">\n<div class=\"b654a4as d2edcug0\">\n<div class=\"chat-input\">\n<div class=\"chat-input-container\">\n<div class=\"rows-wrapper chat-input-wrapper\">\n<div class=\"reply-wrapper\">\n<div class=\"btn-menu\">\n<div class=\"btn-menu-item tgico-replace rp\">\n<div class=\"c-ripple\">\n<div class=\"bubbles scrolled-down\">\n<div class=\"scrollable scrollable-y\">\n<div class=\"bubbles-inner has-rights is-chat is-channel\">\n<div class=\"bubbles-date-group\">\n<div class=\"bubble hide-name is-out can-have-tail is-group-first is-group-last is-read\" data-mid=\"5377294335\" data-peer-id=\"-1478820725\" data-timestamp=\"1638437407\">\n<div class=\"bubble-content-wrapper\">\n<div class=\"bubble-content\">\n<p class=\"message\" dir=\"auto\"><strong>\u00a0<\/strong><\/p>\n<\/div>\n<\/div>\n<\/div>\n<\/div>\n<\/div>\n<\/div>\n<\/div>\n<\/div>\n<\/div>\n<\/div>\n<\/div>\n<\/div>\n<\/div>\n<\/div>\n<\/div>\n<\/div>\n<\/div>\n<\/div>\n<\/div>\n<\/div>\n<\/div>\n<\/div>\n<\/div>\n<\/div>\n<\/div>\n<\/div>\n<\/div>\n<\/div>\n<\/div>\n<\/div>\n<\/div>\n<\/div>\n<\/div>\n<\/div>\n<\/div>\n<\/div>\n<\/div>\n<\/div>\n<\/div>\n<\/div>\n<\/div>\n<\/div>\n<\/div>\n<\/div>\n<\/div>\n<\/div>\n<\/div>\n<\/div>\n<\/div>\n<\/div>\n<\/div>\n<\/div>\n<\/div>\n<\/div>\n<\/div>\n<\/div>\n<\/div>\n<\/div>\n<\/div>\n<\/div>\n<\/div>\n<\/div>\n<\/div>\n<\/div>\n<\/div>\n<\/div>\n<\/div>\n<\/div>\n<\/div>\n<\/div>\n<\/div>\n<\/div>\n<\/div>\n<\/div>\n<\/div>\n<\/div>\n<\/div>\n<\/div>\n<\/div>\n<\/div>\n<\/div>\n<\/div>\n<\/div>\n<\/div>\n<\/div>\n<\/div>\n<\/div>\n<\/div>\n<\/div>\n<\/div>\n<\/div>\n<\/div>\n<\/div>\n<\/div>\n<\/div>\n<\/div>\n<\/div>\n<\/div>\n<\/div>\n<\/div>\n<\/div>\n<\/div>\n<\/div>\n<\/div>\n<\/div>\n<\/div>\n<\/div>\n<\/div>\n<\/div>\n<\/div>\n<\/div>\n<\/div>\n<\/div>\n<\/div>\n<\/div>\n<\/div>\n<\/div>\n<\/div>\n<\/div>\n<\/div>\n<\/div>\n<\/div>\n<\/div>\n<\/div>\n<\/div>\n<\/div>\n<\/div>\n<\/div>\n<\/div>\n<\/div>\n<\/div>\n<\/div>\n<\/div>\n<\/div>\n<\/div>\n<\/div>\n<\/div>\n<\/div>\n<\/div>\n<\/div>\n<\/div>\n<\/div>\n<\/div>\n<\/div>\n<\/div>\n<\/div>\n<\/div>\n<\/div>\n<\/div>\n<\/div>\n<\/div>\n<\/div>\n<\/div>\n<\/div>\n<\/div>\n<\/div>\n<\/div>\n<\/div>\n<\/div>\n<\/div>\n<\/div>\n<\/div>\n<\/div>\n<\/div>\n<\/div>\n<\/div>\n<\/div>\n<\/div>\n<div>\n<div class=\"page-title-head hgroup\">\n<div class=\"page-title-head hgroup\">\n<div class=\"b654a4as d2edcug0\">\n<div class=\"j83agx80 btwxx1t3 lhclo0ds hop8lmos nkwizq5d scwd0bx6 roh60bw9\">\n<div class=\"rq0escxv hkbzh7o3 jwdofwj8 n8tt0mok r8blr3vg hyh9befq\">\n<div class=\"do00u71z l9j0dhe7 k4urcfbm\">\n<div class=\"ecm0bbzt e5nlhep0 a8c37x1j\">\n<div class=\"kvgmc6g5 cxmmr5t8 oygrvhab hcukyx3x c1et5uql\">\n<div class=\"gmail-kvgmc6g5 gmail-cxmmr5t8 gmail-oygrvhab gmail-hcukyx3x gmail-c1et5uql gmail-ii04i59q\">\n<div class=\"page-title-head hgroup\">\n<div class=\"page-title-head hgroup\">\n<div class=\"b654a4as d2edcug0\">\n<div class=\"j83agx80 btwxx1t3 lhclo0ds hop8lmos nkwizq5d scwd0bx6 roh60bw9\">\n<div class=\"rq0escxv hkbzh7o3 jwdofwj8 n8tt0mok r8blr3vg hyh9befq\">\n<div class=\"do00u71z l9j0dhe7 k4urcfbm\">\n<div class=\"page-title-head hgroup\">\n<div class=\"page-title-head hgroup\">\n<div class=\"page-title-head hgroup\">\n<div class=\"page-title-head hgroup\">\n<div class=\"b654a4as d2edcug0\">\n<div class=\"page-title-head hgroup\">\n<div class=\"page-title-head hgroup\">\n<div class=\"page-title-head hgroup\">\n<div class=\"page-title-head hgroup\">\n<div class=\"b654a4as d2edcug0\">\n<div class=\"page-title-head hgroup\">\n<div class=\"page-title-head hgroup\">\n<div class=\"page-title-head hgroup\">\n<div class=\"page-title-head hgroup\">\n<div class=\"page-title-head hgroup\">\n<div class=\"page-title-head hgroup\">\n<div class=\"page-title-head hgroup\">\n<div class=\"page-title-head hgroup\">\n<div class=\"page-title-head hgroup\">\n<div class=\"b654a4as d2edcug0\">\n<div class=\"page-title-head hgroup\">\n<div class=\"page-title-head hgroup\">\n<div class=\"page-title-head hgroup\">\n<div class=\"page-title-head hgroup\">\n<div class=\"b654a4as d2edcug0\">\n<div class=\"page-title-head hgroup\">\n<div class=\"page-title-head hgroup\">\n<div class=\"page-title-head hgroup\">\n<div class=\"page-title-head hgroup\">\n<div class=\"page-title-head hgroup\">\n<div class=\"mkdf-post-text\">\n<div class=\"mkdf-post-text-inner\">\n<div class=\"mkdf-post-text-main\">\n<div class=\"mkdf-post-text\">\n<div class=\"mkdf-post-text-inner\">\n<div class=\"mkdf-post-text-main\">\n<div class=\"mkdf-post-text\">\n<div class=\"mkdf-post-text-inner\">\n<div class=\"mkdf-post-text-main\">\n<div class=\"page-title-head hgroup\">\n<div class=\"page-title-head hgroup\">\n<div class=\"mkdf-post-text\">\n<div class=\"mkdf-post-text-inner\">\n<div class=\"mkdf-post-text-main\">\n<div class=\"mkdf-post-text\">\n<div class=\"mkdf-post-text-inner\">\n<div class=\"mkdf-post-text-main\">\n<div class=\"page-title-head hgroup\">\n<div class=\"page-title-head hgroup\">\n<div class=\"page-title-head hgroup\">\n<div class=\"page-title-head hgroup\">\n<div class=\"b654a4as d2edcug0\">\n<div class=\"page-title-head hgroup\">\n<div class=\"page-title-head hgroup\">\n<div class=\"page-title-head hgroup\">\n<div class=\"page-title-head hgroup\">\n<div class=\"b654a4as d2edcug0\">\n<div class=\"page-title-head hgroup\">\n<div class=\"page-title-head hgroup\">\n<div class=\"page-title-head hgroup\">\n<div class=\"page-title-head hgroup\">\n<div class=\"b654a4as d2edcug0\">\n<div class=\"ecm0bbzt e5nlhep0 a8c37x1j\">\n<div class=\"kvgmc6g5 cxmmr5t8 oygrvhab hcukyx3x c1et5uql\">\n<div class=\"gmail-kvgmc6g5 gmail-cxmmr5t8 gmail-oygrvhab gmail-hcukyx3x gmail-c1et5uql gmail-ii04i59q\">\n<div class=\"page-title-head hgroup\">\n<div class=\"page-title-head hgroup\">\n<div class=\"b654a4as d2edcug0\">\n<div class=\"j83agx80 btwxx1t3 lhclo0ds hop8lmos nkwizq5d scwd0bx6 roh60bw9\">\n<div class=\"rq0escxv hkbzh7o3 jwdofwj8 n8tt0mok r8blr3vg hyh9befq\">\n<div class=\"do00u71z l9j0dhe7 k4urcfbm\">\n<div class=\"page-title-head hgroup\">\n<div class=\"page-title-head hgroup\">\n<div class=\"page-title-head hgroup\">\n<div class=\"page-title-head hgroup\">\n<div class=\"b654a4as d2edcug0\">\n<div class=\"page-title-head hgroup\">\n<div class=\"page-title-head hgroup\">\n<div class=\"page-title-head hgroup\">\n<div class=\"page-title-head hgroup\">\n<div class=\"b654a4as d2edcug0\">\n<div class=\"page-title-head hgroup\">\n<div class=\"page-title-head hgroup\">\n<div class=\"page-title-head hgroup\">\n<div class=\"page-title-head hgroup\">\n<div class=\"page-title-head hgroup\">\n<div class=\"page-title-head hgroup\">\n<div class=\"page-title-head hgroup\">\n<div class=\"page-title-head hgroup\">\n<div class=\"page-title-head hgroup\">\n<div class=\"b654a4as d2edcug0\">\n<div class=\"page-title-head hgroup\">\n<div class=\"page-title-head hgroup\">\n<div class=\"page-title-head hgroup\">\n<div class=\"page-title-head hgroup\">\n<div class=\"b654a4as d2edcug0\">\n<div class=\"page-title-head hgroup\">\n<div class=\"page-title-head hgroup\">\n<div class=\"page-title-head hgroup\">\n<div class=\"page-title-head hgroup\">\n<div class=\"page-title-head hgroup\">\n<div class=\"mkdf-post-text\">\n<div class=\"mkdf-post-text-inner\">\n<div class=\"mkdf-post-text-main\">\n<div class=\"mkdf-post-text\">\n<div class=\"mkdf-post-text-inner\">\n<div class=\"mkdf-post-text-main\">\n<div class=\"mkdf-post-text\">\n<div class=\"mkdf-post-text-inner\">\n<div class=\"mkdf-post-text-main\">\n<div class=\"page-title-head hgroup\">\n<div class=\"page-title-head hgroup\">\n<div class=\"mkdf-post-text\">\n<div class=\"mkdf-post-text-inner\">\n<div class=\"mkdf-post-text-main\">\n<div class=\"mkdf-post-text\">\n<div class=\"mkdf-post-text-inner\">\n<div class=\"mkdf-post-text-main\">\n<div class=\"page-title-head hgroup\">\n<div class=\"page-title-head hgroup\">\n<div class=\"page-title-head hgroup\">\n<div class=\"page-title-head hgroup\">\n<div class=\"b654a4as d2edcug0\">\n<div class=\"page-title-head hgroup\">\n<div class=\"page-title-head hgroup\">\n<div class=\"page-title-head hgroup\">\n<div class=\"page-title-head hgroup\">\n<div class=\"b654a4as d2edcug0\">\n<div class=\"page-title-head hgroup\">\n<div class=\"page-title-head hgroup\">\n<div class=\"page-title-head hgroup\">\n<div class=\"page-title-head hgroup\">\n<div class=\"b654a4as d2edcug0\">\n<blockquote class=\"wp-embedded-content\" data-secret=\"c6bGkxRmvy\"><p><a href=\"https:\/\/www.radiopiu.net\/wordpress\/viabilita\/\">viabilita<\/a><\/p><\/blockquote>\n<p><iframe loading=\"lazy\" class=\"wp-embedded-content\" sandbox=\"allow-scripts\" security=\"restricted\" style=\"position: absolute; clip: rect(1px, 1px, 1px, 1px);\" title=\"&#8220;viabilita&#8221; &#8212; Radio Pi\u00f9\" src=\"https:\/\/www.radiopiu.net\/wordpress\/viabilita\/embed\/#?secret=c6bGkxRmvy\" data-secret=\"c6bGkxRmvy\" width=\"600\" height=\"338\" frameborder=\"0\" marginwidth=\"0\" marginheight=\"0\" scrolling=\"no\"><\/iframe><\/p>\n<p>&nbsp;<\/p>\n<hr \/>\n<p>&nbsp;<\/p>\n<\/div>\n<div class=\"b654a4as d2edcug0\">\n<div class=\"ecm0bbzt e5nlhep0 a8c37x1j\">\n<div class=\"kvgmc6g5 cxmmr5t8 oygrvhab hcukyx3x c1et5uql\">\n<div class=\"gmail-kvgmc6g5 gmail-cxmmr5t8 gmail-oygrvhab gmail-hcukyx3x gmail-c1et5uql gmail-ii04i59q\">\n<div>\n<div class=\"page-title-head hgroup\">\n<div class=\"page-title-head hgroup\">\n<div class=\"b654a4as d2edcug0\">\n<div class=\"j83agx80 btwxx1t3 lhclo0ds hop8lmos nkwizq5d scwd0bx6 roh60bw9\">\n<div class=\"rq0escxv hkbzh7o3 jwdofwj8 n8tt0mok r8blr3vg hyh9befq\">\n<div class=\"do00u71z l9j0dhe7 k4urcfbm\">\n<div>\n<div class=\"page-title-head hgroup\">\n<div class=\"page-title-head hgroup\">\n<div class=\"page-title-head hgroup\">\n<div class=\"page-title-head hgroup\">\n<div class=\"b654a4as d2edcug0\">\n<div class=\"page-title-head hgroup\">\n<div class=\"page-title-head hgroup\">\n<div class=\"page-title-head hgroup\">\n<div class=\"page-title-head hgroup\">\n<div class=\"b654a4as d2edcug0\">\n<div class=\"page-title-head hgroup\">\n<div class=\"page-title-head hgroup\">\n<div class=\"page-title-head hgroup\">\n<div class=\"page-title-head hgroup\">\n<div class=\"page-title-head hgroup\">\n<div class=\"mkdf-post-text\">\n<div class=\"mkdf-post-text-inner\">\n<div class=\"mkdf-post-text-main\">\n<div class=\"mkdf-post-text\">\n<div class=\"mkdf-post-text-inner\">\n<div class=\"mkdf-post-text-main\">\n<div class=\"mkdf-post-text\">\n<div class=\"mkdf-post-text-inner\">\n<div class=\"mkdf-post-text-main\">\n<div class=\"page-title-head hgroup\">\n<div class=\"page-title-head hgroup\">\n<div class=\"mkdf-post-text\">\n<div class=\"mkdf-post-text-inner\">\n<div class=\"mkdf-post-text-main\">\n<div class=\"mkdf-post-text\">\n<div class=\"mkdf-post-text-inner\">\n<div class=\"mkdf-post-text-main\">\n<div>\n<div class=\"page-title-head hgroup\">\n<div class=\"page-title-head hgroup\">\n<div>\n<div class=\"page-title-head hgroup\">\n<div class=\"page-title-head hgroup\">\n<div class=\"b654a4as d2edcug0\">\n<div>\n<div class=\"page-title-head hgroup\" style=\"text-align: left;\">\n<div class=\"page-title-head hgroup\">\n<div dir=\"auto\">\n<p><a class=\"dt-pswp-item pspw-wrap-ready\" href=\"https:\/\/i0.wp.com\/www.radiopiu.net\/wordpress\/wp-content\/uploads\/2018\/09\/WhatsApp-Image-2018-09-20-at-16.04.06.jpeg?ssl=1\" data-dt-img-description=\"\" data-large_image_width=\"800\" data-large_image_height=\"100\"><img loading=\"lazy\" decoding=\"async\" class=\"aligncenter wp-image-61378 size-full jetpack-lazy-image jetpack-lazy-image--handled\" src=\"https:\/\/i0.wp.com\/www.radiopiu.net\/wordpress\/wp-content\/uploads\/2018\/09\/WhatsApp-Image-2018-09-20-at-16.04.06.jpeg?resize=800%2C100&amp;ssl=1\" sizes=\"auto, (max-width: 800px) 100vw, 800px\" srcset=\"https:\/\/i0.wp.com\/www.radiopiu.net\/wordpress\/wp-content\/uploads\/2018\/09\/WhatsApp-Image-2018-09-20-at-16.04.06.jpeg?w=800&amp;ssl=1 800w, https:\/\/i0.wp.com\/www.radiopiu.net\/wordpress\/wp-content\/uploads\/2018\/09\/WhatsApp-Image-2018-09-20-at-16.04.06.jpeg?resize=300%2C38&amp;ssl=1 300w, https:\/\/i0.wp.com\/www.radiopiu.net\/wordpress\/wp-content\/uploads\/2018\/09\/WhatsApp-Image-2018-09-20-at-16.04.06.jpeg?resize=768%2C96&amp;ssl=1 768w\" alt=\"\" width=\"800\" height=\"100\" data-lazy-loaded=\"1\" \/><\/a><\/p>\n<\/div>\n<\/div>\n<\/div>\n<\/div>\n<\/div>\n<\/div>\n<\/div>\n<\/div>\n<\/div>\n<\/div>\n<\/div>\n<\/div>\n<\/div>\n<\/div>\n<\/div>\n<\/div>\n<\/div>\n<\/div>\n<\/div>\n<\/div>\n<\/div>\n<\/div>\n<\/div>\n<\/div>\n<\/div>\n<\/div>\n<\/div>\n<\/div>\n<\/div>\n<\/div>\n<\/div>\n<\/div>\n<\/div>\n<\/div>\n<\/div>\n<\/div>\n<\/div>\n<\/div>\n<\/div>\n<\/div>\n<\/div>\n<\/div>\n<\/div>\n<\/div>\n<p>&nbsp;<\/p>\n<\/div>\n<\/div>\n<\/div>\n<\/div>\n<\/div>\n<\/div>\n<\/div>\n<\/div>\n<\/div>\n<\/div>\n<\/div>\n<\/div>\n<\/div>\n<\/div>\n<\/div>\n<\/div>\n<\/div>\n<\/div>\n<\/div>\n<\/div>\n<\/div>\n<\/div>\n<\/div>\n<\/div>\n<\/div>\n<\/div>\n<\/div>\n<\/div>\n<\/div>\n<\/div>\n<\/div>\n<\/div>\n<\/div>\n<\/div>\n<\/div>\n<\/div>\n<\/div>\n<\/div>\n<\/div>\n<\/div>\n<\/div>\n<\/div>\n<\/div>\n<\/div>\n<\/div>\n<\/div>\n<\/div>\n<\/div>\n<\/div>\n<\/div>\n<\/div>\n<\/div>\n<\/div>\n<\/div>\n<\/div>\n<\/div>\n<\/div>\n<\/div>\n<\/div>\n<\/div>\n<\/div>\n<\/div>\n<\/div>\n<\/div>\n<\/div>\n<\/div>\n<\/div>\n<\/div>\n<\/div>\n<\/div>\n<\/div>\n<\/div>\n<\/div>\n<\/div>\n<\/div>\n<\/div>\n<\/div>\n<\/div>\n<\/div>\n<\/div>\n<\/div>\n<\/div>\n<\/div>\n<\/div>\n<\/div>\n<\/div>\n<\/div>\n<\/div>\n<\/div>\n<\/div>\n<\/div>\n<\/div>\n<\/div>\n<\/div>\n<\/div>\n<\/div>\n<\/div>\n<\/div>\n<\/div>\n<\/div>\n<\/div>\n<\/div>\n<\/div>\n<\/div>\n<\/div>\n<\/div>\n<\/div>\n<\/div>\n<\/div>\n<\/div>\n<\/div>\n<\/div>\n<\/div>\n<\/div>\n<\/div>\n<\/div>\n<\/div>\n<\/div>\n<\/div>\n<\/div>\n<\/div>\n<\/div>\n<\/div>\n<\/div>\n<\/div>\n<\/div>\n<\/div>\n<\/div>\n<\/div>\n<\/div>\n<\/div>\n<\/div>\n<\/div>\n<\/div>\n<\/div>\n<\/div>\n<\/div>\n<\/div>\n<\/div>\n<\/div>\n<\/div>\n<\/div>\n<\/div>\n<\/div>\n<\/div>\n<\/div>\n<\/div>\n<\/div>\n<\/div>\n<\/div>\n<\/div>\n<\/div>\n<\/div>\n<\/div>\n<\/div>\n<\/div>\n<\/div>\n<\/div>\n<\/div>\n<\/div>\n<\/div>\n<\/div>\n<\/div>\n<\/div>\n<\/div>\n<\/div>\n<p><center><b>Giovedi 20<\/b><\/center><b>Tempo atteso: <\/b>Nottetempo copertura nuvolosa irregolare sulle Prealpi, pi\u00f9 consistente su Dolomiti. Dopo il primo mattino netto miglioramento del tempo con cielo generalmente sereno su gran parte della montagna veneta, eccetto sui settori pi\u00f9 settentrionali, dove qualche annuvolamento irregolare potr\u00e0 ridurre leggermente il soleggiamento. Ambiente decisamente pi\u00f9 ventilato, specie in alta quota.<br \/>\n<b>Precipitazioni: <\/b>Nottetempo e al primo mattino un po di neve burrascosa cadr\u00e0 sulle Dolomiti e qua e l\u00e0 anche sulle vette Prealpine (20\/40%), con apporti irrilevanti. Da met\u00e0 mattinata in poi fenomeni assenti (0%).<br \/>\n<b>Temperature: <\/b>In generale diminuzione in quota, dove le minime saranno osservate alla sera; tendenzialmente in calo nelle valli, ma con locali aumenti legati agli episodi di Foehn, che tenderanno a generalizzarsi. Su Prealpi a 1500 m min -4\u00b0C, max 1\u00b0C; a 2000 m min -7\u00b0C, max -3\u00b0C. Su Dolomiti a 2000 m min -9\u00b0C, max -4\u00b0C; a 3000 m min -14\u00b0C, max -9\u00b0C.<br \/>\n<b>Venti: <\/b>Nelle valli perlopi\u00f9 moderati dai quadranti settentrionali, a tratti potranno risultare tesi o forti per improvvise raffiche di Foehn. In quota inizialmente moderati\/tesi, poi tesi\/forti da nord-ovest, anche molto forti sulle vette dolomitiche pi\u00f9 alte nel tardo pomeriggio\/sera, a 20-40 km\/h a 2000 m, a 40-80 km\/h a 3000 m, con raffiche di 80\/100 km\/h.<\/p>\n<hr \/>\n<p><center><b>Venerdi 21<\/b><\/center><b>Tempo atteso: <\/b>Tempo ben soleggiato con cielo sereno sulla maggiore parte della montagna veneta. Potr\u00e0 fare eccezione il settore dolomitico settentrionale per temporanea presenza di annuvolamenti irregolari a ridosso delle vette. Il freddo sar\u00e0 decisamente pi\u00f9 intenso in quota con marcato effetto wind chill per forte ventilazione; far\u00e0 freddo anche nelle valli, nonostante il Foehn.<br \/>\n<b>Precipitazioni: <\/b>Assenti (0%).<br \/>\n<b>Temperature: <\/b>Ulteriore generale calo con gelo intenso in alta quota, meno nelle valli, dove sar\u00e0 il Foehn a determinare l&#8217;andamento termico con sbalzi improvvisi in un contesto mediamente pi\u00f9 freddo. Su Prealpi a 1500 m min -8\u00b0C, max -6\u00b0C; a 2000 m min -11\u00b0C, max -9\u00b0C. Su Dolomiti a 2000 m min -13\u00b0C, max -11\u00b0C; a 3000 m min -18\u00b0C, max -13\u00b0C.<br \/>\n<b>Venti: <\/b>Nelle valli il Foehn continuer\u00e0 a spirare in maniera abbastanza diffusa, con qualche forte raffica; in alta quota venti tesi\/forti da nord nord-ovest, in lieve attenuazione nelle ore centrali, prima di rafforzarsi di nuovo nel tardo pomeriggio\/sera, a 20-45 km\/h a 2000 m, a 60-80 km\/h a 3000 m, con raffiche superiori a 100 km\/h alle quote pi\u00f9 alte.<\/p>\n<hr \/>\n<p><center><b>Sabato 22<\/b><\/center>Bel tempo di stampo invernale con sole, cielo sereno, salvo qualche annuvolamento medio-alto verso nord. Aria secca e ottima visibilit\u00e0. Temperature in generale lieve ripresa, salvo calo delle minime nelle valli. Venti ancora tesi\/forti da nord in quota, a tratti molto forti oltre i 2300\/2500 m, perlopi\u00f9 moderati nelle valli, a tratti tesi o forti per improvvise raffiche di Foehn.<\/p>\n<hr \/>\n<p><center><b>Domenica 23<\/b><\/center>Bel tempo invernale con sole, cielo sereno, aria secca e ottima visibilit\u00e0. Temperature minime in lieve rialzo in quota, mentre nelle valli l&#8217;andamento sar\u00e0 in funzione del verificarsi del Foehn o meno; massime in generale leggera ripresa a tutte le quote. In quota venti ancora tesi da nord tra la notte e il primo mattino, poi tender\u00e0 ad attenuarsi; nelle valli persistono condizioni di Foehn in alcuni settori, altrove deboli di direzione variabile. Previsore: R.L.Th.<\/p>\n<p>&nbsp;<\/p>\n<hr \/>\n<p>&nbsp;<\/p>\n<p><a href=\"https:\/\/www.radiopiu.net\/wordpress\/giornale-radiopiu-15-settembre-2018-direttore-mirko-mezzacasa\/sport-7\/\" rel=\"attachment wp-att-60761\"><img loading=\"lazy\" decoding=\"async\" class=\"wp-image-60761 size-full aligncenter\" src=\"https:\/\/www.radiopiu.net\/wordpress\/wp-content\/uploads\/2018\/09\/sport.jpg\" alt=\"\" width=\"800\" height=\"100\" srcset=\"https:\/\/www.radiopiu.net\/wordpress\/wp-content\/uploads\/2018\/09\/sport.jpg 800w, https:\/\/www.radiopiu.net\/wordpress\/wp-content\/uploads\/2018\/09\/sport-300x38.jpg 300w, https:\/\/www.radiopiu.net\/wordpress\/wp-content\/uploads\/2018\/09\/sport-768x96.jpg 768w\" sizes=\"auto, (max-width: 800px) 100vw, 800px\" \/><\/a><\/p>\n<p>&nbsp;<\/p>\n<p><span style=\"color: #0000ff;\"><strong>HOCKEY SU GHIACCIO<\/strong><\/span><\/p>\n<blockquote>\n<h3>L&#8217;ALLEGHE ESCE DALLA COPPA ITALIA, ORA LA TESTA VA AL CAMPIONATO<\/h3>\n<\/blockquote>\n<p><strong><a href=\"https:\/\/www.radiopiu.net\/wordpress\/lalleghe-a-cavalese-per-continuare-la-striscia-positiva-di-vittorie\/alleghe-hockey-2-2\/\" rel=\"attachment wp-att-247057\"><img loading=\"lazy\" decoding=\"async\" class=\"size-medium wp-image-247057 alignleft\" src=\"https:\/\/www.radiopiu.net\/wordpress\/wp-content\/uploads\/2021\/12\/ALLEGHE-HOCKEY-2-300x200.jpg\" alt=\"\" width=\"300\" height=\"200\" srcset=\"https:\/\/www.radiopiu.net\/wordpress\/wp-content\/uploads\/2021\/12\/ALLEGHE-HOCKEY-2-300x200.jpg 300w, https:\/\/www.radiopiu.net\/wordpress\/wp-content\/uploads\/2021\/12\/ALLEGHE-HOCKEY-2-768x511.jpg 768w, https:\/\/www.radiopiu.net\/wordpress\/wp-content\/uploads\/2021\/12\/ALLEGHE-HOCKEY-2.jpg 1024w\" sizes=\"auto, (max-width: 300px) 100vw, 300px\" \/><\/a>ALLEGHE<\/strong> Sono bastati 36 minuti per far svanire all&#8217;Alleghe Hockey le speranze di accedere alla Final Four di Coppa Italia. La societ\u00e0 ci teneva a fare bella figura nel torneo anche perch\u00e8 nel giro di una settimana si decideva la squadra che si portava a casa la coppa. Una coppa mai arrivata ad Alleghe e mancata di un soffio in tre occasioni. Al De Toni il Pergine ha saputo essere superiore delle civette facendo vedere di essere in ottima forma. Una sconfitta che brucia per i biancorossi che hanno dovuto fare i conti con le assenze, in primis quella di Kiviranta trascinatore della squadra nelle ultime partite. Ora un lungo riposo per gli uomini di Fontana, un periodo per mettere in ordine le idee e cercare di affrontare la seconda parte del campionato con onore. L&#8217;Alleghe ritorner\u00e0 in campo il 27 gennaio quando al De Toni arriva il Fiemme per il Master Round della IHL.<\/p>\n<p><strong>L&#8217;INTERVISTA DI MATTEO MANFROI A MILOS GANZ, GIOCATORE DELL&#8217;ALLEGHE HOCKEY<\/strong><\/p>\n<audio class=\"wp-audio-shortcode\" id=\"audio-254932-14\" preload=\"none\" style=\"width: 100%;\" controls=\"controls\"><source type=\"audio\/mpeg\" src=\"https:\/\/www.radiopiu.net\/wordpress\/wp-content\/uploads\/2022\/01\/MATTEO-MILOS.mp3?_=14\" \/><a href=\"https:\/\/www.radiopiu.net\/wordpress\/wp-content\/uploads\/2022\/01\/MATTEO-MILOS.mp3\">https:\/\/www.radiopiu.net\/wordpress\/wp-content\/uploads\/2022\/01\/MATTEO-MILOS.mp3<\/a><\/audio>\n<p>&nbsp;<\/p>\n<hr \/>\n<p>&nbsp;<\/p>\n<p><span style=\"color: #0000ff;\"><strong>CALCIO<\/strong><\/span><\/p>\n<blockquote>\n<h3>ULTERIORE STOP DEI CAMPIONATI DI CALCIO. LA LEGA NAZIONALE DILETTANTI ANNUNCIA LE DATE PER LA RIPRESA DELLA STAGIONE<\/h3>\n<\/blockquote>\n<p><strong><a href=\"https:\/\/www.radiopiu.net\/wordpress\/il-covid-ferma-il-fiori-barp-mas-un-positivo-in-squadra-e-partita-con-il-cordignano-saltata\/calcio-covid\/\" rel=\"attachment wp-att-165863\"><img loading=\"lazy\" decoding=\"async\" class=\"size-medium wp-image-165863 alignleft\" src=\"https:\/\/www.radiopiu.net\/wordpress\/wp-content\/uploads\/2020\/10\/CALCIO-COVID-e1605539350488-300x199.jpg\" alt=\"\" width=\"300\" height=\"199\" srcset=\"https:\/\/www.radiopiu.net\/wordpress\/wp-content\/uploads\/2020\/10\/CALCIO-COVID-e1605539350488-300x199.jpg 300w, https:\/\/www.radiopiu.net\/wordpress\/wp-content\/uploads\/2020\/10\/CALCIO-COVID-e1605539350488-1024x678.jpg 1024w, https:\/\/www.radiopiu.net\/wordpress\/wp-content\/uploads\/2020\/10\/CALCIO-COVID-e1605539350488-768x508.jpg 768w, https:\/\/www.radiopiu.net\/wordpress\/wp-content\/uploads\/2020\/10\/CALCIO-COVID-e1605539350488-1536x1017.jpg 1536w, https:\/\/www.radiopiu.net\/wordpress\/wp-content\/uploads\/2020\/10\/CALCIO-COVID-e1605539350488.jpg 1920w\" sizes=\"auto, (max-width: 300px) 100vw, 300px\" \/><\/a>REDAZIONE<\/strong> La notizia era nell&#8217;aria da alcuni giorni ma nella serata di ieri \u00e8 arrivata la conferma della Lega Nazionale Dilettanti del Veneto. I campionati di calcio non ricominceranno il 30 gennaio come era stato deciso durante le festivit\u00e0 natalizie. Dopo l&#8217;assemblea di ieri si \u00e8 optato per prolungare lo stop dei campionati a livello regionale. Il 6 febbraio torneranno in campo le squadre dei campionati di Eccellenza maschile, la settimana dopo, il 13 febbraio, sar\u00e0 il turno di Promozione, Prima e Seconda Categoria. Sempre nello stesso fine settimana torneranno in campo anche gli Under 19, 17 e 15 ma riprender\u00e0 anche il campionato femminile di Eccellenza. La decisione di posticipare la ripresa dei campionati regionali (originariamente fissata per domenica 30 gennaio) \u00e8 stata adottata alla luce dell\u2019evoluzione dell\u2019emergenza sanitaria, al fine di garantire la massima tutela della salute di tutti i tesserati e il regolare svolgimento dei campionati. Agordina e Keralpen torneranno a calcare i campi dei rispettivi campionati domenica 13 febbraio.<\/p>\n<p>&nbsp;<\/p>\n<blockquote>\n<h3><span style=\"color: #0000ff;\">PALLAVOLO<\/span><\/h3>\n<p>ABBA PINETO-DA ROLD LOGISTICS BELLUNO 3-0<\/p><\/blockquote>\n<div class=\"moz-text-html\" lang=\"x-unicode\">\n<div dir=\"ltr\">\n<blockquote>\n<h3><\/h3>\n<\/blockquote>\n<p><em><b>Da Rold Logistics in emergenza, Pineto la spunta in tre set<\/b><\/em><\/p>\n<p><b>\u00a0<\/b><\/p>\n<p><b>PARZIALI:<\/b> 25-20, 25-15, 25-15. <b>DA ROLD LOGISTICS BELLUNO: <\/b>Maccabruni 2, De Santis 3, Graziani 3, Ostuzzi 8, Piazzetta 4, Mozzato 9; Pierobon (L), Guolla, Milani, Paganin. Allenatore: F. Da Re.\u00a0<b>ARBITRI:<\/b> Luigi Pasciari e Ugo Feriozzi.<span class=\"gmail-Apple-converted-space\">\u00a0<\/span><\/p>\n<p><a href=\"https:\/\/www.radiopiu.net\/wordpress\/giornale-radiopiu-20-gennaio-2022-direttore-mirko-mezzacasa\/franco_da_re_e_dario_da_roit\/\" rel=\"attachment wp-att-255135\"><img loading=\"lazy\" decoding=\"async\" class=\"size-medium wp-image-255135 alignleft\" src=\"https:\/\/www.radiopiu.net\/wordpress\/wp-content\/uploads\/2022\/01\/Franco_Da_Re_e_Dario_Da_Roit-300x200.jpg\" alt=\"\" width=\"300\" height=\"200\" srcset=\"https:\/\/www.radiopiu.net\/wordpress\/wp-content\/uploads\/2022\/01\/Franco_Da_Re_e_Dario_Da_Roit-300x200.jpg 300w, https:\/\/www.radiopiu.net\/wordpress\/wp-content\/uploads\/2022\/01\/Franco_Da_Re_e_Dario_Da_Roit-1024x684.jpg 1024w, https:\/\/www.radiopiu.net\/wordpress\/wp-content\/uploads\/2022\/01\/Franco_Da_Re_e_Dario_Da_Roit-768x513.jpg 768w, https:\/\/www.radiopiu.net\/wordpress\/wp-content\/uploads\/2022\/01\/Franco_Da_Re_e_Dario_Da_Roit-1536x1025.jpg 1536w, https:\/\/www.radiopiu.net\/wordpress\/wp-content\/uploads\/2022\/01\/Franco_Da_Re_e_Dario_Da_Roit.jpg 1600w\" sizes=\"auto, (max-width: 300px) 100vw, 300px\" \/><\/a>Alla capolista non si pu\u00f2 regalare nulla. Figuriamoci quattro giocatori e la guida tecnica. E invece la <b>Da Rold Logistics Belluno<\/b> si \u00e8 presentata all\u2019appuntamento in piena emergenza: fuori causa Giovanni Candeago (sulla via del recupero, in seguito all\u2019infortunio alla caviglia rimediato a fine novembre), il libero Martinez (dito fratturato sotto le festivit\u00e0 natalizie) e due elementi della rotazione come il secondo palleggiatore Della Vecchia e Alberto Gionchetti. Pu\u00f2 bastare? No, perch\u00e9 mancava pure la guida tecnica (oltre al vice Nesello): Diego Poletto non \u00e8 salito sul pullman per Pineto. Questo perch\u00e9 il coach potrebbe essere entrato in contatto con un positivo al Covid (comunque da verificare) e si \u00e8 scelto di non farlo partecipare alla trasferta.<span class=\"gmail-Apple-converted-space\"> \u00a0<\/span><b>LA GARA &#8211; <\/b>Insomma, per spremere punti dal confronto con l\u2019Abba, prima della classe, ci sarebbe voluto un miracolo pallavolistico, pi\u00f9 che un\u2019impresa. E la Drl, colpita dal virus dopo Santo Stefano e a secco di partite ufficiali da quasi un mese (24 giorni, per essere precisi), non \u00e8 riuscita a frenare la marcia di Pineto. O meglio, ha fatto quel che ha potuto: se l\u2019approccio al recupero di campionato si \u00e8 rivelato molto positivo, alla lunga i bellunesi hanno faticato a contenere il servizio della compagine abruzzese, il cui spessore si \u00e8 manifestato in vari fondamentali e in ampi tratti del match. Anche se i rinoceronti non si sono risparmiati. E, in particolare nel set d\u2019apertura, sono riusciti a mettere in seria difficolt\u00e0 i padroni di casa: il parziale \u00e8 rimasto in equilibrio fino al 18-16, grazie a un paio di ace di Ostuzzi. Ma l&#8217;Abba non era in vena di sconti. E d\u00e0 appuntamento a Graziani e compagni per mercoled\u00ec prossimo, quando andr\u00e0 in scena l\u2019ottavo di finale di Coppa Italia. In campionato, invece, si torna sotto rete domenica (ore 18): alla Spes Arena approderanno i bolognesi della Geetit. <span class=\"gmail-Apple-converted-space\">\u00a0<\/span><\/p>\n<blockquote><p><em><b>\u00a0<\/b>\u00abSapevamo che era una partita difficile &#8211; \u00e8 il commento di Franco Da Re, direttore generale e, per una sera, anche allenatore -; non giocavamo da diverse settimane e l\u2019aspetto fisico ha influito. Ci eravamo detti, per\u00f2, di non cedere e di reggere il pi\u00f9 possibile la potenza della prima in classifica. A tratti ce l\u2019abbiamo fatta, a tratti no: \u00e8 mancata un po\u2019 la battuta, cos\u00ec come la ricezione. E i nostri avversari hanno avuto il sopravvento. Va bene comunque, non era questa la gara da vincere: le sfide che servono per portare a casa la salvezza arrivano ora\u00bb.<span class=\"gmail-Apple-converted-space\">\u00a0<\/span><\/em><\/p><\/blockquote>\n<\/div>\n<\/div>\n<p><strong>FOTO: Franco Da Re e Dario Da Roit<\/strong><\/p>\n<p>&nbsp;<\/p>\n<p>&nbsp;<\/p>\n<\/div>\n<\/div>\n<\/div>\n<\/div>\n<\/div>\n<\/div>\n<\/div>\n","protected":false},"excerpt":{"rendered":"<p>INFORMAZIONE il canale su TELEGRAM informazione di prima mano e in tempo reale. iscriviti ed aiutaci a farlo conoscere\u00a0 \u00a0 \u00a0 Potenziamento offerta tamponi. Il covid point di Paludi \u00e8 attivo tutti i giorni con ampia fascia oraria, anche pomeridiana e serale, su prenotazione dal sito www.aulss1.veneto.it. Rimangono attivi i covid point di FELTRE (tutte&hellip;<\/p>\n","protected":false},"author":4,"featured_media":255045,"comment_status":"closed","ping_status":"open","sticky":false,"template":"","format":"standard","meta":{"_monsterinsights_skip_tracking":false,"_monsterinsights_sitenote_active":false,"_monsterinsights_sitenote_note":"","_monsterinsights_sitenote_category":0,"footnotes":""},"categories":[104,86,49],"tags":[],"class_list":["post-254932","post","type-post","status-publish","format-standard","has-post-thumbnail","hentry","category-evidenza_3","category-gr","category-news-18","category-104","category-86","category-49","description-off"],"img_url":"https:\/\/www.radiopiu.net\/wordpress\/wp-content\/uploads\/2022\/01\/272049158_659199645265250_8389442923113239362_n-1.jpg","_links":{"self":[{"href":"https:\/\/www.radiopiu.net\/wordpress\/wp-json\/wp\/v2\/posts\/254932","targetHints":{"allow":["GET"]}}],"collection":[{"href":"https:\/\/www.radiopiu.net\/wordpress\/wp-json\/wp\/v2\/posts"}],"about":[{"href":"https:\/\/www.radiopiu.net\/wordpress\/wp-json\/wp\/v2\/types\/post"}],"author":[{"embeddable":true,"href":"https:\/\/www.radiopiu.net\/wordpress\/wp-json\/wp\/v2\/users\/4"}],"replies":[{"embeddable":true,"href":"https:\/\/www.radiopiu.net\/wordpress\/wp-json\/wp\/v2\/comments?post=254932"}],"version-history":[{"count":0,"href":"https:\/\/www.radiopiu.net\/wordpress\/wp-json\/wp\/v2\/posts\/254932\/revisions"}],"wp:featuredmedia":[{"embeddable":true,"href":"https:\/\/www.radiopiu.net\/wordpress\/wp-json\/wp\/v2\/media\/255045"}],"wp:attachment":[{"href":"https:\/\/www.radiopiu.net\/wordpress\/wp-json\/wp\/v2\/media?parent=254932"}],"wp:term":[{"taxonomy":"category","embeddable":true,"href":"https:\/\/www.radiopiu.net\/wordpress\/wp-json\/wp\/v2\/categories?post=254932"},{"taxonomy":"post_tag","embeddable":true,"href":"https:\/\/www.radiopiu.net\/wordpress\/wp-json\/wp\/v2\/tags?post=254932"}],"curies":[{"name":"wp","href":"https:\/\/api.w.org\/{rel}","templated":true}]}}