{"id":254949,"date":"2022-01-19T05:35:16","date_gmt":"2022-01-19T04:35:16","guid":{"rendered":"https:\/\/www.radiopiu.net\/wordpress\/?p=254949"},"modified":"2022-01-19T05:35:17","modified_gmt":"2022-01-19T04:35:17","slug":"feltre-piange-marco-de-giacometti-gia-assessore-allurbanistica","status":"publish","type":"post","link":"https:\/\/www.radiopiu.net\/wordpress\/feltre-piange-marco-de-giacometti-gia-assessore-allurbanistica\/","title":{"rendered":"FELTRE PIANGE MARCO DE GIACOMETTI GIA&#8217; ASSESSORE ALL&#8217;URBANISTICA"},"content":{"rendered":"<div><strong>LUTTO A FELTRE\u00a0<\/strong><\/div>\n<div><\/div>\n<div>\n<div class=\"articlePlainTitle\"><strong><a href=\"https:\/\/www.radiopiu.net\/wordpress\/?attachment_id=254947\" rel=\"attachment wp-att-254947\"><img loading=\"lazy\" decoding=\"async\" class=\"wp-image-254947 alignleft\" src=\"https:\/\/www.radiopiu.net\/wordpress\/wp-content\/uploads\/2022\/01\/b87d84e6-f934-4bb5-af46-88ceb24718e1-300x224.jpg\" alt=\"\" width=\"126\" height=\"94\" srcset=\"https:\/\/www.radiopiu.net\/wordpress\/wp-content\/uploads\/2022\/01\/b87d84e6-f934-4bb5-af46-88ceb24718e1-300x224.jpg 300w, https:\/\/www.radiopiu.net\/wordpress\/wp-content\/uploads\/2022\/01\/b87d84e6-f934-4bb5-af46-88ceb24718e1-1024x766.jpg 1024w, https:\/\/www.radiopiu.net\/wordpress\/wp-content\/uploads\/2022\/01\/b87d84e6-f934-4bb5-af46-88ceb24718e1-768x574.jpg 768w, https:\/\/www.radiopiu.net\/wordpress\/wp-content\/uploads\/2022\/01\/b87d84e6-f934-4bb5-af46-88ceb24718e1-1536x1149.jpg 1536w, https:\/\/www.radiopiu.net\/wordpress\/wp-content\/uploads\/2022\/01\/b87d84e6-f934-4bb5-af46-88ceb24718e1.jpg 2000w\" sizes=\"auto, (max-width: 126px) 100vw, 126px\" \/><\/a>FELTRE<\/strong> \u00c8 morto l&#8217;ingegnere Marco De Giacometti, \u00a0esperto\u00a0 nel campo dell&#8217;adeguamento sismico,\u00a0 nome di riferimento per un settore intero, \u00e8 scomparso ieri pomeriggio a 61 anni, in modo tanto improvviso quanto inatteso, segnando in particolare le comunit\u00e0 di Pedavena, dove \u00e8 stato anche assessore all&#8217;urbanistica per diversi anni, e Feltre dove abitava nella frazione di Cart.\u00a0 Profondo cordoglio lo esprime anche il sindaco di Feltre Paolo Perenzin: <em>\u00abUna notizia improvvisa, che nessuno avrebbe voluto sentire. Sono costernato\u00bb, commenta. \u00abHa vissuto una parte importante della storia della nostra citt\u00e0 e ha lavorato con una perizia e una professionalit\u00e0 incredibili. Ma \u00e8 stato una risorsa importantissima per tutto il territorio, non solo per il Comune di Feltre. Esprimo a nome mio e di tutta l&#8217;amministrazione e del consiglio comunale la vicinanza alla famiglia\u00bb.\u00a0 \u00a0<\/em><\/div>\n<div class=\"articlePlainTitle\"><\/div>\n<\/div>\n","protected":false},"excerpt":{"rendered":"<p>LUTTO A FELTRE\u00a0 FELTRE \u00c8 morto l&#8217;ingegnere Marco De Giacometti, \u00a0esperto\u00a0 nel campo dell&#8217;adeguamento sismico,\u00a0 nome di riferimento per un settore intero, \u00e8 scomparso ieri pomeriggio a 61 anni, in modo tanto improvviso quanto inatteso, segnando in particolare le comunit\u00e0 di Pedavena, dove \u00e8 stato anche assessore all&#8217;urbanistica per diversi anni, e Feltre dove abitava&hellip;<\/p>\n","protected":false},"author":4,"featured_media":254947,"comment_status":"closed","ping_status":"open","sticky":false,"template":"","format":"standard","meta":{"_monsterinsights_skip_tracking":false,"_monsterinsights_sitenote_active":false,"_monsterinsights_sitenote_note":"","_monsterinsights_sitenote_category":0,"footnotes":""},"categories":[51,49],"tags":[],"class_list":["post-254949","post","type-post","status-publish","format-standard","has-post-thumbnail","hentry","category-evidenza-top","category-news-18","category-51","category-49","description-off"],"img_url":"https:\/\/www.radiopiu.net\/wordpress\/wp-content\/uploads\/2022\/01\/b87d84e6-f934-4bb5-af46-88ceb24718e1.jpg","_links":{"self":[{"href":"https:\/\/www.radiopiu.net\/wordpress\/wp-json\/wp\/v2\/posts\/254949","targetHints":{"allow":["GET"]}}],"collection":[{"href":"https:\/\/www.radiopiu.net\/wordpress\/wp-json\/wp\/v2\/posts"}],"about":[{"href":"https:\/\/www.radiopiu.net\/wordpress\/wp-json\/wp\/v2\/types\/post"}],"author":[{"embeddable":true,"href":"https:\/\/www.radiopiu.net\/wordpress\/wp-json\/wp\/v2\/users\/4"}],"replies":[{"embeddable":true,"href":"https:\/\/www.radiopiu.net\/wordpress\/wp-json\/wp\/v2\/comments?post=254949"}],"version-history":[{"count":0,"href":"https:\/\/www.radiopiu.net\/wordpress\/wp-json\/wp\/v2\/posts\/254949\/revisions"}],"wp:featuredmedia":[{"embeddable":true,"href":"https:\/\/www.radiopiu.net\/wordpress\/wp-json\/wp\/v2\/media\/254947"}],"wp:attachment":[{"href":"https:\/\/www.radiopiu.net\/wordpress\/wp-json\/wp\/v2\/media?parent=254949"}],"wp:term":[{"taxonomy":"category","embeddable":true,"href":"https:\/\/www.radiopiu.net\/wordpress\/wp-json\/wp\/v2\/categories?post=254949"},{"taxonomy":"post_tag","embeddable":true,"href":"https:\/\/www.radiopiu.net\/wordpress\/wp-json\/wp\/v2\/tags?post=254949"}],"curies":[{"name":"wp","href":"https:\/\/api.w.org\/{rel}","templated":true}]}}