{"id":254998,"date":"2022-01-19T12:29:47","date_gmt":"2022-01-19T11:29:47","guid":{"rendered":"https:\/\/www.radiopiu.net\/wordpress\/?p=254998"},"modified":"2022-01-19T12:29:47","modified_gmt":"2022-01-19T11:29:47","slug":"effetto-vaccino-nel-2021-diminuiscono-i-decessi-fra-gli-anziani-bellunesi-rispetto-al-periodo-pre-covid","status":"publish","type":"post","link":"https:\/\/www.radiopiu.net\/wordpress\/effetto-vaccino-nel-2021-diminuiscono-i-decessi-fra-gli-anziani-bellunesi-rispetto-al-periodo-pre-covid\/","title":{"rendered":"EFFETTO VACCINO, NEL 2021 DIMINUISCONO I DECESSI FRA GLI ANZIANI BELLUNESI RISPETTO AL PERIODO PRE-COVID"},"content":{"rendered":"<p><strong><a href=\"https:\/\/www.radiopiu.net\/wordpress\/giornale-radiopiu-06-febbraio-2019-direttore-mirko-mezzacasa\/logo_spi-cgil-800x445\/\" rel=\"attachment wp-att-75538\"><img loading=\"lazy\" decoding=\"async\" class=\"size-medium wp-image-75538 alignleft\" src=\"https:\/\/www.radiopiu.net\/wordpress\/wp-content\/uploads\/2019\/02\/Logo_Spi-CGIL-800x445-300x167.jpg\" alt=\"\" width=\"300\" height=\"167\" srcset=\"https:\/\/www.radiopiu.net\/wordpress\/wp-content\/uploads\/2019\/02\/Logo_Spi-CGIL-800x445-300x167.jpg 300w, https:\/\/www.radiopiu.net\/wordpress\/wp-content\/uploads\/2019\/02\/Logo_Spi-CGIL-800x445-768x427.jpg 768w, https:\/\/www.radiopiu.net\/wordpress\/wp-content\/uploads\/2019\/02\/Logo_Spi-CGIL-800x445.jpg 800w\" sizes=\"auto, (max-width: 300px) 100vw, 300px\" \/><\/a>BELLUNO<\/strong> Lo SPI CGIL di Belluno fa il punto sulle vaccinazioni e sulla mortalit\u00e0 in provincia di Belluno in periodo di pandemia. Lo fa con dati alla mano e un comunicato del segretario generale Maria Rita Gentilin.<\/p>\n<blockquote><p><em><strong>IL COMUNICATO<\/strong><\/em><\/p>\n<p><em>Prima in Veneto e fra le migliori in tutta Italia. Se si dovesse assegnare un premio alle province pi\u00f9 virtuose sul fronte dell\u2019efficacia vaccinale fra gli anziani, Belluno avrebbe di certo una menzione speciale. Infatti, in controtendenza rispetto ai dati della nostra regione, la provincia delle Dolomiti registra nel 2021 (primi dieci mesi) un numero di decessi inferiore alla media del periodo pre-pandemia (-0,4%) e, ovviamente, del 2020 (-4,5%). Cosa significa questo? Che, al contrario degli altri territori veneti, il Bellunese assorbe appieno i benefici dell\u2019inoculazione e viene solo sfiorato dal blocco della sanit\u00e0 ordinaria e dalle sue nefaste conseguenze.\u00a0 Secondo i dati Istat elaborato dallo Spi-Cgil del Veneto, fra gennaio e ottobre 2021 (ultimi numeri disponibili) in provincia sono morti 1.963 ultra65enni, contro i 2.056 del 2020 e i 1.971 della media 2015-2019, il lustro che ha preceduto il Covid. L\u2019effetto vaccino \u00e8 ben visibile fra gli over85, i pi\u00f9 colpiti dal virus che si \u00e8 infiltrato in modo nefasto soprattutto nelle case di riposo. Sempre nei primi dieci mesi dell\u2019anno appena trascorso, erano deceduti 1.025 grandi anziani, meno del 2020 (1.098) e del periodo pre-pandemia (1.068).\u00a0 \u00a0Il Bellunese, d\u2019altra parte, \u00e8 la provincia meno colpita dal Covid dell\u2019intero Veneto. E, guardando ai dati sui decessi in generale, questa confortante tendenza appare chiara. Prendiamo il capoluogo, per esempio: qui nel 2020 i decessi fra gli over 65 sono in numero inferiore al 2021 (che sconta in modo inequivocabile la mortalit\u00e0 di gennaio causata dalla tragica ondata \u201cveneta\u201d dell\u2019autunno 2020) e del periodo pre-covid (vedi tabelle). In provincia, dunque, non si ravvisano quelle tendenze preoccupanti emerse nei dati veneti (che indicano un aumento della mortalit\u00e0 di poco inferiore al 10% fra il 2021 e la media del 2015-2019). In questo caso, come denunciato da Elena di Gregorio, segretaria generale dello Spi Cgil del Veneto, nell\u2019anno appena passato grazie al vaccino si sono fermate le stragi nelle case di riposo ma il blocco della sanit\u00e0 ordinaria ha di certo influito sul numero di decessi fra le persone anziane in particolare ultra85enni.\u00a0Maria Rita Gentilin, segretaria generale dello Spi Cgil di Belluno: Confortano i numeri riferiti alla situazione che si \u00e8 verificata, per i parametri di riferimento sulle anziane e sugli anziani del nostro territorio. La\u00a0tempestivit\u00e0 della vaccinazione agli ospiti e alle ospiti\u00a0nelle case di riposo \u00e8 stata determinante come il lavoro di molti\u00a0medici di famiglia che si sono adoperati nelle operazioni di vaccinazioni a domicilio. Resta forte la preoccupazione per le tante persone, fra le quali molti anziani, che, a causa del Covid, si sono viste rinviare visite e interventi e queste attese di cura\u00a0 potrebbero aggravare le condizioni\u00a0 dello stato di salute\u201d.<\/em><\/p><\/blockquote>\n<p><strong>LA TABELLA (2 PAGINE)<\/strong><\/p>\n<a href=\"https:\/\/www.radiopiu.net\/wordpress\/wp-content\/uploads\/2022\/01\/decessi-BELLUNO.pdf\" class=\"pdfemb-viewer\" style=\"\" data-width=\"max\" data-height=\"max\" data-toolbar=\"top\" data-toolbar-fixed=\"on\">decessi BELLUNO<\/a>\n","protected":false},"excerpt":{"rendered":"<p>BELLUNO Lo SPI CGIL di Belluno fa il punto sulle vaccinazioni e sulla mortalit\u00e0 in provincia di Belluno in periodo di pandemia. Lo fa con dati alla mano e un comunicato del segretario generale Maria Rita Gentilin. IL COMUNICATO Prima in Veneto e fra le migliori in tutta Italia. Se si dovesse assegnare un premio&hellip;<\/p>\n","protected":false},"author":4,"featured_media":75538,"comment_status":"closed","ping_status":"open","sticky":false,"template":"","format":"standard","meta":{"_monsterinsights_skip_tracking":false,"_monsterinsights_sitenote_active":false,"_monsterinsights_sitenote_note":"","_monsterinsights_sitenote_category":0,"footnotes":""},"categories":[51,49],"tags":[],"class_list":["post-254998","post","type-post","status-publish","format-standard","has-post-thumbnail","hentry","category-evidenza-top","category-news-18","category-51","category-49","description-off"],"img_url":"https:\/\/www.radiopiu.net\/wordpress\/wp-content\/uploads\/2019\/02\/Logo_Spi-CGIL-800x445.jpg","_links":{"self":[{"href":"https:\/\/www.radiopiu.net\/wordpress\/wp-json\/wp\/v2\/posts\/254998","targetHints":{"allow":["GET"]}}],"collection":[{"href":"https:\/\/www.radiopiu.net\/wordpress\/wp-json\/wp\/v2\/posts"}],"about":[{"href":"https:\/\/www.radiopiu.net\/wordpress\/wp-json\/wp\/v2\/types\/post"}],"author":[{"embeddable":true,"href":"https:\/\/www.radiopiu.net\/wordpress\/wp-json\/wp\/v2\/users\/4"}],"replies":[{"embeddable":true,"href":"https:\/\/www.radiopiu.net\/wordpress\/wp-json\/wp\/v2\/comments?post=254998"}],"version-history":[{"count":0,"href":"https:\/\/www.radiopiu.net\/wordpress\/wp-json\/wp\/v2\/posts\/254998\/revisions"}],"wp:featuredmedia":[{"embeddable":true,"href":"https:\/\/www.radiopiu.net\/wordpress\/wp-json\/wp\/v2\/media\/75538"}],"wp:attachment":[{"href":"https:\/\/www.radiopiu.net\/wordpress\/wp-json\/wp\/v2\/media?parent=254998"}],"wp:term":[{"taxonomy":"category","embeddable":true,"href":"https:\/\/www.radiopiu.net\/wordpress\/wp-json\/wp\/v2\/categories?post=254998"},{"taxonomy":"post_tag","embeddable":true,"href":"https:\/\/www.radiopiu.net\/wordpress\/wp-json\/wp\/v2\/tags?post=254998"}],"curies":[{"name":"wp","href":"https:\/\/api.w.org\/{rel}","templated":true}]}}