{"id":255178,"date":"2022-01-21T05:30:25","date_gmt":"2022-01-21T04:30:25","guid":{"rendered":"https:\/\/www.radiopiu.net\/wordpress\/?p=255178"},"modified":"2022-01-21T05:45:58","modified_gmt":"2022-01-21T04:45:58","slug":"attivita-2021-della-polizia-locale-di-belluno-buoni-risultati-nonostante-le-difficolta-di-organico","status":"publish","type":"post","link":"https:\/\/www.radiopiu.net\/wordpress\/attivita-2021-della-polizia-locale-di-belluno-buoni-risultati-nonostante-le-difficolta-di-organico\/","title":{"rendered":"ATTIVIT\u00c0 2021 DELLA POLIZIA LOCALE DI BELLUNO: \u00abBUONI RISULTATI NONOSTANTE LE DIFFICOLT\u00c0 DI ORGANICO\u00bb"},"content":{"rendered":"<p><strong><a href=\"https:\/\/www.radiopiu.net\/wordpress\/sorpreso-senza-patente-e-assicurazione-denunciato-oltre-70-automobilisti-sorpresi-senza-assicurazione-nel-2020\/roberto-rossetti-comandante-polizia-locale-belluno-3\/\" rel=\"attachment wp-att-183678\"><img loading=\"lazy\" decoding=\"async\" class=\"size-medium wp-image-183678 alignleft\" src=\"https:\/\/www.radiopiu.net\/wordpress\/wp-content\/uploads\/2021\/01\/Roberto-Rossetti-Comandante-Polizia-Locale-Belluno-3-300x225.jpg\" alt=\"\" width=\"300\" height=\"225\" srcset=\"https:\/\/www.radiopiu.net\/wordpress\/wp-content\/uploads\/2021\/01\/Roberto-Rossetti-Comandante-Polizia-Locale-Belluno-3-300x225.jpg 300w, https:\/\/www.radiopiu.net\/wordpress\/wp-content\/uploads\/2021\/01\/Roberto-Rossetti-Comandante-Polizia-Locale-Belluno-3-1024x768.jpg 1024w, https:\/\/www.radiopiu.net\/wordpress\/wp-content\/uploads\/2021\/01\/Roberto-Rossetti-Comandante-Polizia-Locale-Belluno-3-768x576.jpg 768w, https:\/\/www.radiopiu.net\/wordpress\/wp-content\/uploads\/2021\/01\/Roberto-Rossetti-Comandante-Polizia-Locale-Belluno-3-1536x1152.jpg 1536w, https:\/\/www.radiopiu.net\/wordpress\/wp-content\/uploads\/2021\/01\/Roberto-Rossetti-Comandante-Polizia-Locale-Belluno-3-2048x1536.jpg 2048w\" sizes=\"auto, (max-width: 300px) 100vw, 300px\" \/><\/a>BELLUNO <\/strong>In occasione della Festa di San Sebastiano, patrono della Polizia Locale, arriva il bilancio dell&#8217;attivit\u00e0 2021 degli agenti del capoluogo: un bilancio che vede numeri importanti, soprattutto sul fronte dei controlli stradali, nonostante le difficolt\u00e0 di organico. Oltre 18mila le sanzioni elevate per controlli stradali nello scorso anno, quasi 10mila in pi\u00f9 rispetto al 2020 (18530 contro 8609). Il motivo principale? L&#8217;impennata di multe per eccesso di velocit\u00e0, quasi 11mila contro le 2600 dell&#8217;anno precedente, dovute in gran parte all&#8217;autovelox fisso e operativo 24 ore al giorno in Via Miari (un dato legato anche alla novit\u00e0 dell&#8217;impianto: come nel caso dell&#8217;autovelox di Via Marisiga, dopo il primo boom di sanzioni gli automobilisti tendono a ridurre la velocit\u00e0, tanto che a Levego si \u00e8 gi\u00e0 passati dalle oltre 1000 sanzioni al mese dei primi periodi \u2013 quasi 1500 nei primi due mesi &#8211; alle circa 500 degli ultimi mesi); a queste, si aggiungono anche le sanzioni per \u201cmancata comunicazione dei dati del conducente&#8221;. In calo, anche se restano importanti, il numero di controlli Covid (1740 contro i 2540 dell&#8217;anno prima) e delle relative sanzioni (72 nel 2020, 15 quello appena concluso): Rossetti sottolinea come per importanza e per numero di ore dedicate questo sia il secondo maggiore impegno che la polizia locale ha dovuto affrontare nel corso del 2021.<\/p>\n<p><strong>IL COMANDANTE DELLA POLIZIA LOCALE DI BELLUNO ROBERTO ROSSETTI<\/strong><\/p>\n<audio class=\"wp-audio-shortcode\" id=\"audio-255178-1\" preload=\"none\" style=\"width: 100%;\" controls=\"controls\"><source type=\"audio\/mpeg\" src=\"https:\/\/www.radiopiu.net\/wordpress\/wp-content\/uploads\/2022\/01\/Roberto-Rossetti-Comandante-Polizia-Locale-Belluno-Bilancio-Polizia-Locale-2021.mp3?_=1\" \/><a href=\"https:\/\/www.radiopiu.net\/wordpress\/wp-content\/uploads\/2022\/01\/Roberto-Rossetti-Comandante-Polizia-Locale-Belluno-Bilancio-Polizia-Locale-2021.mp3\">https:\/\/www.radiopiu.net\/wordpress\/wp-content\/uploads\/2022\/01\/Roberto-Rossetti-Comandante-Polizia-Locale-Belluno-Bilancio-Polizia-Locale-2021.mp3<\/a><\/audio>\n<p>&nbsp;<\/p>\n<p>&nbsp;<\/p>\n<p>&nbsp;<\/p>\n<p>*****<\/p>\n","protected":false},"excerpt":{"rendered":"<p>BELLUNO In occasione della Festa di San Sebastiano, patrono della Polizia Locale, arriva il bilancio dell&#8217;attivit\u00e0 2021 degli agenti del capoluogo: un bilancio che vede numeri importanti, soprattutto sul fronte dei controlli stradali, nonostante le difficolt\u00e0 di organico. Oltre 18mila le sanzioni elevate per controlli stradali nello scorso anno, quasi 10mila in pi\u00f9 rispetto al&hellip;<\/p>\n","protected":false},"author":4,"featured_media":183678,"comment_status":"closed","ping_status":"open","sticky":false,"template":"","format":"standard","meta":{"_monsterinsights_skip_tracking":false,"_monsterinsights_sitenote_active":false,"_monsterinsights_sitenote_note":"","_monsterinsights_sitenote_category":0,"footnotes":""},"categories":[51,49],"tags":[],"class_list":["post-255178","post","type-post","status-publish","format-standard","has-post-thumbnail","hentry","category-evidenza-top","category-news-18","category-51","category-49","description-off"],"img_url":"https:\/\/www.radiopiu.net\/wordpress\/wp-content\/uploads\/2021\/01\/Roberto-Rossetti-Comandante-Polizia-Locale-Belluno-3-scaled.jpg","_links":{"self":[{"href":"https:\/\/www.radiopiu.net\/wordpress\/wp-json\/wp\/v2\/posts\/255178","targetHints":{"allow":["GET"]}}],"collection":[{"href":"https:\/\/www.radiopiu.net\/wordpress\/wp-json\/wp\/v2\/posts"}],"about":[{"href":"https:\/\/www.radiopiu.net\/wordpress\/wp-json\/wp\/v2\/types\/post"}],"author":[{"embeddable":true,"href":"https:\/\/www.radiopiu.net\/wordpress\/wp-json\/wp\/v2\/users\/4"}],"replies":[{"embeddable":true,"href":"https:\/\/www.radiopiu.net\/wordpress\/wp-json\/wp\/v2\/comments?post=255178"}],"version-history":[{"count":0,"href":"https:\/\/www.radiopiu.net\/wordpress\/wp-json\/wp\/v2\/posts\/255178\/revisions"}],"wp:featuredmedia":[{"embeddable":true,"href":"https:\/\/www.radiopiu.net\/wordpress\/wp-json\/wp\/v2\/media\/183678"}],"wp:attachment":[{"href":"https:\/\/www.radiopiu.net\/wordpress\/wp-json\/wp\/v2\/media?parent=255178"}],"wp:term":[{"taxonomy":"category","embeddable":true,"href":"https:\/\/www.radiopiu.net\/wordpress\/wp-json\/wp\/v2\/categories?post=255178"},{"taxonomy":"post_tag","embeddable":true,"href":"https:\/\/www.radiopiu.net\/wordpress\/wp-json\/wp\/v2\/tags?post=255178"}],"curies":[{"name":"wp","href":"https:\/\/api.w.org\/{rel}","templated":true}]}}