{"id":255285,"date":"2022-01-21T05:53:03","date_gmt":"2022-01-21T04:53:03","guid":{"rendered":"https:\/\/www.radiopiu.net\/wordpress\/?p=255285"},"modified":"2022-01-21T06:02:43","modified_gmt":"2022-01-21T05:02:43","slug":"grazie-1000-anzi-no-diecimila","status":"publish","type":"post","link":"https:\/\/www.radiopiu.net\/wordpress\/grazie-1000-anzi-no-diecimila\/","title":{"rendered":"GRAZIE 1000 ANZI NO, DIECIMILA"},"content":{"rendered":"<blockquote><p><span style=\"color: #ff0000;\"><em>L\u2019aiuto di ciascuno \u00e8 prezioso!<\/em><\/span><\/p><\/blockquote>\n<p><strong><img loading=\"lazy\" decoding=\"async\" class=\"alignleft\" src=\"https:\/\/www.radiopiu.net\/wordpress\/wp-content\/uploads\/2021\/08\/ABVS-300x300.jpg\" width=\"195\" height=\"195\" \/>BELLUNO<\/strong> Appagante per un donatore vedersi recapitare il grazie della Presidente Gina Bortot, al pari di quel dato: oltre 10mila donazioni di sangue e plasma in un anno con un ritorno ai rassicuranti dati di due anni fa. &#8220;<em>Questo risultato\u00a0 &#8211; dice la Presidente &#8211; ci ripaga del grande lavoro svolto ed il Servizio Trasfusionale ha potuto rispondere positivamente alle richieste di sangue straordinarie ricevute da altri Ospedali della Regione, oltre al supporto annuale verso la Sardegna. Nel corso dell\u2019anno purtroppo n. 623 Donatori hanno cessato la loro attivit\u00e0 donazionale o per raggiunti limiti di et\u00e0 o per varie patologie. Quindi la nostra forza associativa \u00e8 diminuita! Vogliamo pertanto lanciare un messaggio di sensibilizzazione ed invitare chi \u00e8 in salute a pensare di diventare Donatore di Sangue, per continuare a garantire agli ammalati questo prezioso farmaco.<\/em> Informazioni al\u00a0numero 0437 27700 \u00e8 possibile ricevere le informazioni al riguardo.<\/p>\n","protected":false},"excerpt":{"rendered":"<p>L\u2019aiuto di ciascuno \u00e8 prezioso! BELLUNO Appagante per un donatore vedersi recapitare il grazie della Presidente Gina Bortot, al pari di quel dato: oltre 10mila donazioni di sangue e plasma in un anno con un ritorno ai rassicuranti dati di due anni fa. &#8220;Questo risultato\u00a0 &#8211; dice la Presidente &#8211; ci ripaga del grande lavoro&hellip;<\/p>\n","protected":false},"author":4,"featured_media":227476,"comment_status":"closed","ping_status":"open","sticky":false,"template":"","format":"standard","meta":{"_monsterinsights_skip_tracking":false,"_monsterinsights_sitenote_active":false,"_monsterinsights_sitenote_note":"","_monsterinsights_sitenote_category":0,"footnotes":""},"categories":[49],"tags":[],"class_list":["post-255285","post","type-post","status-publish","format-standard","has-post-thumbnail","hentry","category-news-18","category-49","description-off"],"img_url":"https:\/\/www.radiopiu.net\/wordpress\/wp-content\/uploads\/2021\/08\/ABVS.jpg","_links":{"self":[{"href":"https:\/\/www.radiopiu.net\/wordpress\/wp-json\/wp\/v2\/posts\/255285","targetHints":{"allow":["GET"]}}],"collection":[{"href":"https:\/\/www.radiopiu.net\/wordpress\/wp-json\/wp\/v2\/posts"}],"about":[{"href":"https:\/\/www.radiopiu.net\/wordpress\/wp-json\/wp\/v2\/types\/post"}],"author":[{"embeddable":true,"href":"https:\/\/www.radiopiu.net\/wordpress\/wp-json\/wp\/v2\/users\/4"}],"replies":[{"embeddable":true,"href":"https:\/\/www.radiopiu.net\/wordpress\/wp-json\/wp\/v2\/comments?post=255285"}],"version-history":[{"count":0,"href":"https:\/\/www.radiopiu.net\/wordpress\/wp-json\/wp\/v2\/posts\/255285\/revisions"}],"wp:featuredmedia":[{"embeddable":true,"href":"https:\/\/www.radiopiu.net\/wordpress\/wp-json\/wp\/v2\/media\/227476"}],"wp:attachment":[{"href":"https:\/\/www.radiopiu.net\/wordpress\/wp-json\/wp\/v2\/media?parent=255285"}],"wp:term":[{"taxonomy":"category","embeddable":true,"href":"https:\/\/www.radiopiu.net\/wordpress\/wp-json\/wp\/v2\/categories?post=255285"},{"taxonomy":"post_tag","embeddable":true,"href":"https:\/\/www.radiopiu.net\/wordpress\/wp-json\/wp\/v2\/tags?post=255285"}],"curies":[{"name":"wp","href":"https:\/\/api.w.org\/{rel}","templated":true}]}}