{"id":255323,"date":"2022-01-21T09:59:56","date_gmt":"2022-01-21T08:59:56","guid":{"rendered":"https:\/\/www.radiopiu.net\/wordpress\/?p=255323"},"modified":"2022-01-21T10:02:58","modified_gmt":"2022-01-21T09:02:58","slug":"acqua-inquinata-nella-frazione-alta-di-taibon","status":"publish","type":"post","link":"https:\/\/www.radiopiu.net\/wordpress\/acqua-inquinata-nella-frazione-alta-di-taibon\/","title":{"rendered":"ACQUA INQUINATA NELLA FRAZIONE ALTA DI TAIBON"},"content":{"rendered":"<p><strong><img loading=\"lazy\" decoding=\"async\" class=\"alignleft\" src=\"https:\/\/www.radiopiu.net\/wordpress\/wp-content\/uploads\/2018\/08\/ACQUA.jpeg\" width=\"193\" height=\"116\" \/>TAIBON<\/strong> Gestione Servizi Pubblici informa che in localit\u00e0 Col de Carrera l&#8217;acqua erogata dall&#8217; acquedotto non \u00e8 potabile e pu\u00f2 essere usata per scopi alimentari solo previa bollitura. GSP ha, comunque, gi\u00e0 adottato le necessarie misure per la disinfezione dell&#8217;acqua presente nei serbatoi e nella rete idrica con l&#8217;aggiunta di cloro. Ulteriori informazioni saranno fornite nei prossimi giorni.<\/p>\n","protected":false},"excerpt":{"rendered":"<p>TAIBON Gestione Servizi Pubblici informa che in localit\u00e0 Col de Carrera l&#8217;acqua erogata dall&#8217; acquedotto non \u00e8 potabile e pu\u00f2 essere usata per scopi alimentari solo previa bollitura. GSP ha, comunque, gi\u00e0 adottato le necessarie misure per la disinfezione dell&#8217;acqua presente nei serbatoi e nella rete idrica con l&#8217;aggiunta di cloro. Ulteriori informazioni saranno fornite&hellip;<\/p>\n","protected":false},"author":4,"featured_media":57052,"comment_status":"closed","ping_status":"open","sticky":false,"template":"","format":"standard","meta":{"_monsterinsights_skip_tracking":false,"_monsterinsights_sitenote_active":false,"_monsterinsights_sitenote_note":"","_monsterinsights_sitenote_category":0,"footnotes":""},"categories":[51,49],"tags":[],"class_list":["post-255323","post","type-post","status-publish","format-standard","has-post-thumbnail","hentry","category-evidenza-top","category-news-18","category-51","category-49","description-off"],"img_url":"https:\/\/www.radiopiu.net\/wordpress\/wp-content\/uploads\/2018\/08\/ACQUA.jpeg","_links":{"self":[{"href":"https:\/\/www.radiopiu.net\/wordpress\/wp-json\/wp\/v2\/posts\/255323","targetHints":{"allow":["GET"]}}],"collection":[{"href":"https:\/\/www.radiopiu.net\/wordpress\/wp-json\/wp\/v2\/posts"}],"about":[{"href":"https:\/\/www.radiopiu.net\/wordpress\/wp-json\/wp\/v2\/types\/post"}],"author":[{"embeddable":true,"href":"https:\/\/www.radiopiu.net\/wordpress\/wp-json\/wp\/v2\/users\/4"}],"replies":[{"embeddable":true,"href":"https:\/\/www.radiopiu.net\/wordpress\/wp-json\/wp\/v2\/comments?post=255323"}],"version-history":[{"count":0,"href":"https:\/\/www.radiopiu.net\/wordpress\/wp-json\/wp\/v2\/posts\/255323\/revisions"}],"wp:featuredmedia":[{"embeddable":true,"href":"https:\/\/www.radiopiu.net\/wordpress\/wp-json\/wp\/v2\/media\/57052"}],"wp:attachment":[{"href":"https:\/\/www.radiopiu.net\/wordpress\/wp-json\/wp\/v2\/media?parent=255323"}],"wp:term":[{"taxonomy":"category","embeddable":true,"href":"https:\/\/www.radiopiu.net\/wordpress\/wp-json\/wp\/v2\/categories?post=255323"},{"taxonomy":"post_tag","embeddable":true,"href":"https:\/\/www.radiopiu.net\/wordpress\/wp-json\/wp\/v2\/tags?post=255323"}],"curies":[{"name":"wp","href":"https:\/\/api.w.org\/{rel}","templated":true}]}}