{"id":255568,"date":"2022-01-23T14:05:23","date_gmt":"2022-01-23T13:05:23","guid":{"rendered":"https:\/\/www.radiopiu.net\/wordpress\/?p=255568"},"modified":"2022-01-23T14:05:24","modified_gmt":"2022-01-23T13:05:24","slug":"caro-energia-questanno-la-stangata-su-famiglie-e-imprese-venete-ammonta-a-89-miliardi","status":"publish","type":"post","link":"https:\/\/www.radiopiu.net\/wordpress\/caro-energia-questanno-la-stangata-su-famiglie-e-imprese-venete-ammonta-a-89-miliardi\/","title":{"rendered":"CARO ENERGIA: QUEST\u2019ANNO LA STANGATA SU FAMIGLIE E IMPRESE VENETE AMMONTA A 8,9 MILIARDI"},"content":{"rendered":"<p><a class=\"dt-pswp-item\" href=\"https:\/\/www.radiopiu.net\/wordpress\/wp-content\/uploads\/2022\/01\/Schermata-2022-01-22-alle-11.20.06.png\" data-dt-img-description=\"\" data-large_image_width=\"794\" data-large_image_height=\"308\"><img loading=\"lazy\" decoding=\"async\" class=\"alignleft size-medium wp-image-255571\" src=\"https:\/\/www.radiopiu.net\/wordpress\/wp-content\/uploads\/2022\/01\/Schermata-2022-01-22-alle-11.20.06-300x116.png\" alt=\"\" width=\"300\" height=\"116\" srcset=\"https:\/\/www.radiopiu.net\/wordpress\/wp-content\/uploads\/2022\/01\/Schermata-2022-01-22-alle-11.20.06-300x116.png 300w, https:\/\/www.radiopiu.net\/wordpress\/wp-content\/uploads\/2022\/01\/Schermata-2022-01-22-alle-11.20.06-768x298.png 768w, https:\/\/www.radiopiu.net\/wordpress\/wp-content\/uploads\/2022\/01\/Schermata-2022-01-22-alle-11.20.06.png 794w\" sizes=\"auto, (max-width: 300px) 100vw, 300px\" \/><\/a>Sebbene il Governo per il primo trimestre 2022 abbia erogato ben 5,5 miliardi di euro di aiuti a famiglie e imprese italiane per contrastare il caro bollette, questo importo rimane, purtroppo, del tutto insufficiente a mitigare gli aumenti che si registreranno quest\u2019anno. Appare evidente che bisogna fare molto di pi\u00f9. Infatti, a fronte di un rincaro di luce e gas che in Veneto per il 2022 ammonta complessivamente a 8,9 miliardi, il tasso di abbattimento degli aumenti nella nostra regione \u00e8 attualmente del 6 per cento. A dirlo \u00e8 l\u2019Ufficio studi della CGIA<\/p>\n<p><strong>Nel 2022 rincari per luce e gas di 8,9 miliardi<\/strong><br \/>\nSecondo una stima elaborata dall\u2019Ufficio studi della CGIA, nel 2022 famiglie e imprese venete subiranno un aumento del prezzo delle tariffe energetiche pari a 8,9 miliardi: 2,5 saranno in capo alle famiglie e 6,4 miliardi alle imprese. Come si \u00e8 giunti a questi risultati ? Per quanto riguarda le famiglie sono stati prese in considerazione le previsioni elaborate a fine 2021 da Nomisma Energia. Al netto di tutte le misure di mitigazione messe in campo dal Governo Draghi, secondo l\u2019istituto di ricerca bolognese una famiglia media pagher\u00e0 nel 2022 complessivamente 1.200 euro in pi\u00f9 . Pertanto, a fronte di poco pi\u00f9 di 2 milioni di famiglie presenti in Veneto, l\u2019incremento di prezzo per le utenze domestiche si dovrebbe attestare sui 2,5 miliardi di euro. Per quanto concerne le imprese, invece, si \u00e8 ipotizzato che per l\u2019anno in corso i consumi di energia elettrica e del gas eguaglieranno gli stessi registrati nel 2019 (anno pre-pandemia). Si \u00e8 inoltre stimata per il 2022 una tariffa media dell\u2019energia elettrica per le imprese pari a 150 euro per MWh. Si segnala, infatti, che le principali istituzioni prevedono sia per l\u2019energia elettrica sia per il gas una progressiva (anche se non velocissima) riduzione del costo nel corso di tutto il 2022. Il rincaro delle bollette della luce, pertanto, coster\u00e0 quest\u2019anno alle imprese venete 3,9 miliardi di euro. In riferimento al gas, per l\u2019anno in corso si \u00e8 stimata una tariffa media pari a 70 euro per MWh. Questa ipotesi ci ha permesso di calcolare per il 2022 un incremento di prezzo in capo alle utenze non domestiche pari a 2,5 miliardi (vedi Tab. 1).<\/p>\n<p><strong><a class=\"dt-pswp-item\" href=\"https:\/\/www.radiopiu.net\/wordpress\/wp-content\/uploads\/2022\/01\/Schermata-2022-01-22-alle-11.20.16.png\" data-dt-img-description=\"\" data-large_image_width=\"1170\" data-large_image_height=\"730\"><img loading=\"lazy\" decoding=\"async\" class=\"alignleft size-medium wp-image-255570\" src=\"https:\/\/www.radiopiu.net\/wordpress\/wp-content\/uploads\/2022\/01\/Schermata-2022-01-22-alle-11.20.16-300x187.png\" alt=\"\" width=\"300\" height=\"187\" srcset=\"https:\/\/www.radiopiu.net\/wordpress\/wp-content\/uploads\/2022\/01\/Schermata-2022-01-22-alle-11.20.16-300x187.png 300w, https:\/\/www.radiopiu.net\/wordpress\/wp-content\/uploads\/2022\/01\/Schermata-2022-01-22-alle-11.20.16-1024x639.png 1024w, https:\/\/www.radiopiu.net\/wordpress\/wp-content\/uploads\/2022\/01\/Schermata-2022-01-22-alle-11.20.16-768x479.png 768w, https:\/\/www.radiopiu.net\/wordpress\/wp-content\/uploads\/2022\/01\/Schermata-2022-01-22-alle-11.20.16.png 1170w\" sizes=\"auto, (max-width: 300px) 100vw, 300px\" \/><\/a>\u201cSolo\u201d 10,2 miliardi di aiuti: 35 mila lavoratori veneti rischiano il posto<\/strong><br \/>\nFino a ora il Governo Draghi ha approvato una serie di misure per mitigare gli aumenti delle tariffe energetiche che ammontano complessivamente a 10,2 miliardi: 4,7 sono stati erogati nella seconda parte del 2021, altri 3,8 sono stati introdotti con la legge di Bilancio 2022 a cui si aggiungono 1,7 miliardi stanziati ieri per decreto. Sebbene la cifra in termini assoluti sia molto significativa, la percentuale di abbattimento dei costi addizionali in capo a famiglie e imprese prevista nel 2022 \u00e8 comunque contenutissima: in Veneto \u00e8 del 6 per cento. E\u2019 evidente che con un debito pubblico che si attesta attorno al 155 per cento del Pil \u00e8 molto rischioso produrre ancora nuovo deficit. Ma \u00e8 altrettanto vero che se non verranno trovate nuove risorse in grado di calmierare le bollette energetiche, molte attivit\u00e0 imprenditoriali non reggeranno questi aumenti di costo e i soldi pubblici risparmiati dovranno essere spesi per pagare le Cig o l\u2019indennit\u00e0 di disoccupazione ai lavoratori che perderanno il posto. Se questi aumenti di prezzo dovessero perdurare per una buona parte di quest\u2019anno, non \u00e8 da escludere che 35 mila addetti veneti delle aziende energivore rischiano, anche temporaneamente, di rimanere a casa.<\/p>\n<p><strong>Nella secondo semestre del 2021 aumenti stellari di luce (+ 302%) e gas (+346%). Ma non per tutti<\/strong><br \/>\n<a class=\"dt-pswp-item\" href=\"https:\/\/www.radiopiu.net\/wordpress\/wp-content\/uploads\/2022\/01\/Schermata-2022-01-22-alle-11.20.23.png\" data-dt-img-description=\"\" data-large_image_width=\"1170\" data-large_image_height=\"730\"><img loading=\"lazy\" decoding=\"async\" class=\"alignleft size-medium wp-image-255569\" src=\"https:\/\/www.radiopiu.net\/wordpress\/wp-content\/uploads\/2022\/01\/Schermata-2022-01-22-alle-11.20.23-300x187.png\" alt=\"\" width=\"300\" height=\"187\" srcset=\"https:\/\/www.radiopiu.net\/wordpress\/wp-content\/uploads\/2022\/01\/Schermata-2022-01-22-alle-11.20.23-300x187.png 300w, https:\/\/www.radiopiu.net\/wordpress\/wp-content\/uploads\/2022\/01\/Schermata-2022-01-22-alle-11.20.23-1024x639.png 1024w, https:\/\/www.radiopiu.net\/wordpress\/wp-content\/uploads\/2022\/01\/Schermata-2022-01-22-alle-11.20.23-768x479.png 768w, https:\/\/www.radiopiu.net\/wordpress\/wp-content\/uploads\/2022\/01\/Schermata-2022-01-22-alle-11.20.23.png 1170w\" sizes=\"auto, (max-width: 300px) 100vw, 300px\" \/><\/a>Tra maggio e dicembre 2021 gli aumenti di prezzo delle componenti energetiche sono stati spaventosi: + 302 per cento per l\u2019energia elettrica e + 346 per cento per il gas. Se prima dell\u2019estate il prezzo si aggirava attorno ai 70 euro per megawattora, a fine anno \u00e8 schizzato a quota 281,2 euro. Ancor pi\u00f9 marcato l\u2019incremento di prezzo registrato dal gas. Se a maggio il costo era di 25,4 euro per megawattora, sette mesi dopo \u00e8 salito a 113,3 euro (vedi Graf.1 e Graf. 2). Va comunque segnalato che non tutti hanno subito questi rincari stellari. Le aziende che prima dell\u2019estate possedevano un contratto con il proprio fornitore a tariffa fissa, ad esempio, si sono \u201csalvate\u201d. Per contro, coloro che avevano in essere un contratto a tariffa variabile non hanno avuto scampo: gli aumenti di costo hanno messo a dura prova gli equilibri di bilancio.<\/p>\n","protected":false},"excerpt":{"rendered":"<p>Sebbene il Governo per il primo trimestre 2022 abbia erogato ben 5,5 miliardi di euro di aiuti a famiglie e imprese italiane per contrastare il caro bollette, questo importo rimane, purtroppo, del tutto insufficiente a mitigare gli aumenti che si registreranno quest\u2019anno. Appare evidente che bisogna fare molto di pi\u00f9. Infatti, a fronte di un&hellip;<\/p>\n","protected":false},"author":2,"featured_media":173482,"comment_status":"closed","ping_status":"open","sticky":false,"template":"","format":"standard","meta":{"_monsterinsights_skip_tracking":false,"_monsterinsights_sitenote_active":false,"_monsterinsights_sitenote_note":"","_monsterinsights_sitenote_category":0,"footnotes":""},"categories":[104,49],"tags":[],"class_list":["post-255568","post","type-post","status-publish","format-standard","has-post-thumbnail","hentry","category-evidenza_3","category-news-18","category-104","category-49","description-off"],"img_url":"https:\/\/www.radiopiu.net\/wordpress\/wp-content\/uploads\/2020\/11\/Osservatorio-prestiti_bassa.jpg","_links":{"self":[{"href":"https:\/\/www.radiopiu.net\/wordpress\/wp-json\/wp\/v2\/posts\/255568","targetHints":{"allow":["GET"]}}],"collection":[{"href":"https:\/\/www.radiopiu.net\/wordpress\/wp-json\/wp\/v2\/posts"}],"about":[{"href":"https:\/\/www.radiopiu.net\/wordpress\/wp-json\/wp\/v2\/types\/post"}],"author":[{"embeddable":true,"href":"https:\/\/www.radiopiu.net\/wordpress\/wp-json\/wp\/v2\/users\/2"}],"replies":[{"embeddable":true,"href":"https:\/\/www.radiopiu.net\/wordpress\/wp-json\/wp\/v2\/comments?post=255568"}],"version-history":[{"count":0,"href":"https:\/\/www.radiopiu.net\/wordpress\/wp-json\/wp\/v2\/posts\/255568\/revisions"}],"wp:featuredmedia":[{"embeddable":true,"href":"https:\/\/www.radiopiu.net\/wordpress\/wp-json\/wp\/v2\/media\/173482"}],"wp:attachment":[{"href":"https:\/\/www.radiopiu.net\/wordpress\/wp-json\/wp\/v2\/media?parent=255568"}],"wp:term":[{"taxonomy":"category","embeddable":true,"href":"https:\/\/www.radiopiu.net\/wordpress\/wp-json\/wp\/v2\/categories?post=255568"},{"taxonomy":"post_tag","embeddable":true,"href":"https:\/\/www.radiopiu.net\/wordpress\/wp-json\/wp\/v2\/tags?post=255568"}],"curies":[{"name":"wp","href":"https:\/\/api.w.org\/{rel}","templated":true}]}}