{"id":255592,"date":"2022-01-22T13:32:41","date_gmt":"2022-01-22T12:32:41","guid":{"rendered":"https:\/\/www.radiopiu.net\/wordpress\/?p=255592"},"modified":"2022-01-22T13:32:41","modified_gmt":"2022-01-22T12:32:41","slug":"covid-lunedi-24-gennaio-al-via-con-lattivazione-della-piattaforma-regionale-covid-19-dedicata-ai-soggetti-positivi","status":"publish","type":"post","link":"https:\/\/www.radiopiu.net\/wordpress\/covid-lunedi-24-gennaio-al-via-con-lattivazione-della-piattaforma-regionale-covid-19-dedicata-ai-soggetti-positivi\/","title":{"rendered":"COVID. LUNED\u00cc 24 GENNAIO AL VIA CON L\u2019ATTIVAZIONE DELLA \u201cPIATTAFORMA REGIONALE COVID-19\u201d DEDICATA AI SOGGETTI POSITIVI."},"content":{"rendered":"<p><strong><a href=\"https:\/\/www.radiopiu.net\/wordpress\/le-ultime-da-azienda-zero-i-dati-in-attesa-del-bollettino-ufficiale\/covid-19\/\" rel=\"attachment wp-att-173248\"><img loading=\"lazy\" decoding=\"async\" class=\"size-medium wp-image-173248 alignleft\" src=\"https:\/\/www.radiopiu.net\/wordpress\/wp-content\/uploads\/2020\/11\/covid-19-300x200.jpg\" alt=\"\" width=\"300\" height=\"200\" srcset=\"https:\/\/www.radiopiu.net\/wordpress\/wp-content\/uploads\/2020\/11\/covid-19-300x200.jpg 300w, https:\/\/www.radiopiu.net\/wordpress\/wp-content\/uploads\/2020\/11\/covid-19-1024x683.jpg 1024w, https:\/\/www.radiopiu.net\/wordpress\/wp-content\/uploads\/2020\/11\/covid-19-768x512.jpg 768w, https:\/\/www.radiopiu.net\/wordpress\/wp-content\/uploads\/2020\/11\/covid-19-1536x1024.jpg 1536w, https:\/\/www.radiopiu.net\/wordpress\/wp-content\/uploads\/2020\/11\/covid-19.jpg 1920w\" sizes=\"auto, (max-width: 300px) 100vw, 300px\" \/><\/a>VENEZIA <\/strong>In considerazione dell\u2019attuale scenario epidemiologico \u00e8 stata implementata dalla Regione del Veneto una Piattaforma web a disposizione dei cittadini. La \u201cPiattaforma regionale COVID-19\u201d \u00e8 stata sviluppata al fine di semplificare l\u2019accesso diretto dell\u2019utenza, uniformare i servizi e la comunicazione al cittadino e supportare le Aziende ULSS in alcuni aspetti della gestione dei nuovi casi positivi. Tale piattaforma sar\u00e0 gradualmente integrata con ulteriori funzionalit\u00e0 anche per quanto concerne i contatti di caso e per la gestione del contesto scolastico. Di seguito le quattro sezioni e le principali funzionalit\u00e0. <strong>Scheda personale COVID-19<\/strong>. La sezione sar\u00e0 consultabile per i cittadini che abbiano effettuato nella regione\u00a0 Veneto un tampone (antigenico o molecolare) risultato positivo. In questa sezione sar\u00e0 possibile registrare alcune informazioni per la sorveglianza epidemiologica come lo stato di sintomatico o asintomatico, nonch\u00e9 ottenere i certificati di inizio e fine isolamento ed il certificato di negativizzazione. Accesso mediante autenticazione con SPID o CIE. <strong>Informazioni utili<\/strong>. Questa sezione conterr\u00e0 del materiale informativo aggiornato secondo le attuali indicazioni ministeriali, sulle procedure ed i comportamenti da attuare in caso di infezione o di contatto con casi positivi. Accesso libero. <strong>Prenotazione tampone<\/strong>. In questa sezione sar\u00e0 possibile effettuare la prenotazione per tampone per tutti i soggetti risultati positivi ad un test effettuato nella regione Veneto e risultanti attualmente positivi, anche senza ricetta del Medico. <strong>Prenotazione appuntamento vaccinale<\/strong>. La piattaforma permette, inoltre, di accedere anche al gi\u00e0 esistente portale per la prenotazione di vaccinazioni anti Covid-19. Accesso mediante Codice fiscale e ultime 6 cifre tessera TEAM. Dal 24 gennaio la Piattaforma sar\u00e0 accessibile al link <a href=\"https:\/\/sorveglianzacovid.azero.veneto.it\/\">https:\/\/sorveglianzacovid.azero.veneto.it <\/a>A partire dal 24.1.2022, sar\u00e0 inviato un SMS a tutti i soggetti che abbiano effettuato nei 4 giorni precedenti un tampone con esito positivo disponibile negli applicativi regionali, invitandoli ad accedere alla piattaforma regionale. Successivamente ogni giorno sar\u00e0 inviato un SMS a tutti i nuovi soggetti positivi. <strong>Ulteriori sviluppi<\/strong>. \u00c8 gi\u00e0 in corso di attivazione la possibilit\u00e0 per i genitori di accedere alla scheda di sorveglianza del proprio figlio.<\/p>\n<p>&nbsp;<\/p>\n<p>&nbsp;<\/p>\n<p>&nbsp;<\/p>\n<p>*****<\/p>\n","protected":false},"excerpt":{"rendered":"<p>VENEZIA In considerazione dell\u2019attuale scenario epidemiologico \u00e8 stata implementata dalla Regione del Veneto una Piattaforma web a disposizione dei cittadini. La \u201cPiattaforma regionale COVID-19\u201d \u00e8 stata sviluppata al fine di semplificare l\u2019accesso diretto dell\u2019utenza, uniformare i servizi e la comunicazione al cittadino e supportare le Aziende ULSS in alcuni aspetti della gestione dei nuovi casi&hellip;<\/p>\n","protected":false},"author":4,"featured_media":173248,"comment_status":"closed","ping_status":"open","sticky":false,"template":"","format":"standard","meta":{"_monsterinsights_skip_tracking":false,"_monsterinsights_sitenote_active":false,"_monsterinsights_sitenote_note":"","_monsterinsights_sitenote_category":0,"footnotes":""},"categories":[49],"tags":[],"class_list":["post-255592","post","type-post","status-publish","format-standard","has-post-thumbnail","hentry","category-news-18","category-49","description-off"],"img_url":"https:\/\/www.radiopiu.net\/wordpress\/wp-content\/uploads\/2020\/11\/covid-19.jpg","_links":{"self":[{"href":"https:\/\/www.radiopiu.net\/wordpress\/wp-json\/wp\/v2\/posts\/255592","targetHints":{"allow":["GET"]}}],"collection":[{"href":"https:\/\/www.radiopiu.net\/wordpress\/wp-json\/wp\/v2\/posts"}],"about":[{"href":"https:\/\/www.radiopiu.net\/wordpress\/wp-json\/wp\/v2\/types\/post"}],"author":[{"embeddable":true,"href":"https:\/\/www.radiopiu.net\/wordpress\/wp-json\/wp\/v2\/users\/4"}],"replies":[{"embeddable":true,"href":"https:\/\/www.radiopiu.net\/wordpress\/wp-json\/wp\/v2\/comments?post=255592"}],"version-history":[{"count":0,"href":"https:\/\/www.radiopiu.net\/wordpress\/wp-json\/wp\/v2\/posts\/255592\/revisions"}],"wp:featuredmedia":[{"embeddable":true,"href":"https:\/\/www.radiopiu.net\/wordpress\/wp-json\/wp\/v2\/media\/173248"}],"wp:attachment":[{"href":"https:\/\/www.radiopiu.net\/wordpress\/wp-json\/wp\/v2\/media?parent=255592"}],"wp:term":[{"taxonomy":"category","embeddable":true,"href":"https:\/\/www.radiopiu.net\/wordpress\/wp-json\/wp\/v2\/categories?post=255592"},{"taxonomy":"post_tag","embeddable":true,"href":"https:\/\/www.radiopiu.net\/wordpress\/wp-json\/wp\/v2\/tags?post=255592"}],"curies":[{"name":"wp","href":"https:\/\/api.w.org\/{rel}","templated":true}]}}