{"id":255613,"date":"2022-01-23T16:30:36","date_gmt":"2022-01-23T15:30:36","guid":{"rendered":"https:\/\/www.radiopiu.net\/wordpress\/?p=255613"},"modified":"2022-01-24T06:02:59","modified_gmt":"2022-01-24T05:02:59","slug":"vola-dalla-cascata-di-ghiaccio-nei-serrai-di-sottoguda","status":"publish","type":"post","link":"https:\/\/www.radiopiu.net\/wordpress\/vola-dalla-cascata-di-ghiaccio-nei-serrai-di-sottoguda\/","title":{"rendered":"VOLA DALLA CASCATA DI GHIACCIO NEI SERRAI DI SOTTOGUDA"},"content":{"rendered":"<blockquote><p><strong><a href=\"https:\/\/www.radiopiu.net\/wordpress\/vola-dalla-cascata-di-ghiaccio-nei-serrai-di-sottoguda\/salt_20220122_150748_941\/\" rel=\"attachment wp-att-255614\"><img loading=\"lazy\" decoding=\"async\" class=\" wp-image-255614 alignleft\" src=\"https:\/\/www.radiopiu.net\/wordpress\/wp-content\/uploads\/2022\/01\/salt_20220122_150748_941-225x300.jpg\" alt=\"\" width=\"170\" height=\"227\" srcset=\"https:\/\/www.radiopiu.net\/wordpress\/wp-content\/uploads\/2022\/01\/salt_20220122_150748_941-225x300.jpg 225w, https:\/\/www.radiopiu.net\/wordpress\/wp-content\/uploads\/2022\/01\/salt_20220122_150748_941-768x1024.jpg 768w, https:\/\/www.radiopiu.net\/wordpress\/wp-content\/uploads\/2022\/01\/salt_20220122_150748_941-1152x1536.jpg 1152w, https:\/\/www.radiopiu.net\/wordpress\/wp-content\/uploads\/2022\/01\/salt_20220122_150748_941-1536x2048.jpg 1536w, https:\/\/www.radiopiu.net\/wordpress\/wp-content\/uploads\/2022\/01\/salt_20220122_150748_941.jpg 1773w\" sizes=\"auto, (max-width: 170px) 100vw, 170px\" \/><\/a>Per fortuna che i Serrai sono chiusi con cartelli ovunque<\/strong><\/p><\/blockquote>\n<p><strong>ROCCA PIETORE<\/strong> Attorno a mezzogiorno il Soccorso alpino della Val Pettorina \u00e8 stato attivato per uno scalatore volato da una cascata di ghiaccio nei Serrai di Sottoguda. R.O., 33 anni, di Valle Aurina (BZ), era caduto dalla Cattedrale per una decina di metri,\u00a0 riportando la sospetta frattura di una gamba, ed era poi stato calato a terra dal compagno. Una squadra ha raggiunto l&#8217;iceclimber in quad partendo dall&#8217;alto e una squadra a piedi dall&#8217;ingresso basso, per prestargli il primo aiuto, stabilizzandogli l&#8217;arto e coprendolo con un telo termico in attesa dell&#8217;elisoccorso. Arrivato sulla verticale, l&#8217;elicottero del Suem di Pieve di Cadore ha sbarcato il tecnico del Soccorso alpino dell&#8217;equipaggio nella profonda gola, con un verricello di 65 metri. La barella con l&#8217;infortunato \u00e8 stata poi recuperata con la stessa modalit\u00e0 e l&#8217;eliambulanza \u00e8 quindi volata in direzione dell&#8217;ospedale di Belluno.<\/p>\n<p>&nbsp;<\/p>\n<p>&nbsp;<\/p>\n<p>&nbsp;<\/p>\n<p>&nbsp;<\/p>\n<p>******<\/p>\n","protected":false},"excerpt":{"rendered":"<p>Per fortuna che i Serrai sono chiusi con cartelli ovunque ROCCA PIETORE Attorno a mezzogiorno il Soccorso alpino della Val Pettorina \u00e8 stato attivato per uno scalatore volato da una cascata di ghiaccio nei Serrai di Sottoguda. R.O., 33 anni, di Valle Aurina (BZ), era caduto dalla Cattedrale per una decina di metri,\u00a0 riportando la&hellip;<\/p>\n","protected":false},"author":4,"featured_media":255614,"comment_status":"closed","ping_status":"open","sticky":false,"template":"","format":"standard","meta":{"_monsterinsights_skip_tracking":false,"_monsterinsights_sitenote_active":false,"_monsterinsights_sitenote_note":"","_monsterinsights_sitenote_category":0,"footnotes":""},"categories":[51,49],"tags":[],"class_list":["post-255613","post","type-post","status-publish","format-standard","has-post-thumbnail","hentry","category-evidenza-top","category-news-18","category-51","category-49","description-off"],"img_url":"https:\/\/www.radiopiu.net\/wordpress\/wp-content\/uploads\/2022\/01\/salt_20220122_150748_941.jpg","_links":{"self":[{"href":"https:\/\/www.radiopiu.net\/wordpress\/wp-json\/wp\/v2\/posts\/255613","targetHints":{"allow":["GET"]}}],"collection":[{"href":"https:\/\/www.radiopiu.net\/wordpress\/wp-json\/wp\/v2\/posts"}],"about":[{"href":"https:\/\/www.radiopiu.net\/wordpress\/wp-json\/wp\/v2\/types\/post"}],"author":[{"embeddable":true,"href":"https:\/\/www.radiopiu.net\/wordpress\/wp-json\/wp\/v2\/users\/4"}],"replies":[{"embeddable":true,"href":"https:\/\/www.radiopiu.net\/wordpress\/wp-json\/wp\/v2\/comments?post=255613"}],"version-history":[{"count":0,"href":"https:\/\/www.radiopiu.net\/wordpress\/wp-json\/wp\/v2\/posts\/255613\/revisions"}],"wp:featuredmedia":[{"embeddable":true,"href":"https:\/\/www.radiopiu.net\/wordpress\/wp-json\/wp\/v2\/media\/255614"}],"wp:attachment":[{"href":"https:\/\/www.radiopiu.net\/wordpress\/wp-json\/wp\/v2\/media?parent=255613"}],"wp:term":[{"taxonomy":"category","embeddable":true,"href":"https:\/\/www.radiopiu.net\/wordpress\/wp-json\/wp\/v2\/categories?post=255613"},{"taxonomy":"post_tag","embeddable":true,"href":"https:\/\/www.radiopiu.net\/wordpress\/wp-json\/wp\/v2\/tags?post=255613"}],"curies":[{"name":"wp","href":"https:\/\/api.w.org\/{rel}","templated":true}]}}