{"id":255672,"date":"2022-01-24T13:30:24","date_gmt":"2022-01-24T12:30:24","guid":{"rendered":"https:\/\/www.radiopiu.net\/wordpress\/?p=255672"},"modified":"2022-01-24T05:58:56","modified_gmt":"2022-01-24T04:58:56","slug":"i-racconti-di-paolo-soppelsa-puntata-110","status":"publish","type":"post","link":"https:\/\/www.radiopiu.net\/wordpress\/i-racconti-di-paolo-soppelsa-puntata-110\/","title":{"rendered":"I RACCONTI DI PAOLO SOPPELSA &#8211; PUNTATA 110"},"content":{"rendered":"<p><strong>L&#8217;ANIMA DI GENNAIO<\/strong><\/p>\n<p><em><strong>AUDIO<\/strong><\/em><\/p>\n<audio class=\"wp-audio-shortcode\" id=\"audio-255672-1\" preload=\"none\" style=\"width: 100%;\" controls=\"controls\"><source type=\"audio\/mpeg\" src=\"https:\/\/www.radiopiu.net\/wordpress\/wp-content\/uploads\/2022\/01\/PAOLO-SOPPELSA-LANIMA-DI-GENNAIO.mp3?_=1\" \/><a href=\"https:\/\/www.radiopiu.net\/wordpress\/wp-content\/uploads\/2022\/01\/PAOLO-SOPPELSA-LANIMA-DI-GENNAIO.mp3\">https:\/\/www.radiopiu.net\/wordpress\/wp-content\/uploads\/2022\/01\/PAOLO-SOPPELSA-LANIMA-DI-GENNAIO.mp3<\/a><\/audio>\n<p>&nbsp;<\/p>\n<p><a href=\"https:\/\/www.radiopiu.net\/wordpress\/?attachment_id=255674\" rel=\"attachment wp-att-255674\"><img loading=\"lazy\" decoding=\"async\" class=\"size-medium wp-image-255674 alignleft\" src=\"https:\/\/www.radiopiu.net\/wordpress\/wp-content\/uploads\/2022\/01\/efe71300-85b0-44b6-abf8-55e04632b21e-300x225.jpg\" alt=\"\" width=\"300\" height=\"225\" srcset=\"https:\/\/www.radiopiu.net\/wordpress\/wp-content\/uploads\/2022\/01\/efe71300-85b0-44b6-abf8-55e04632b21e-300x225.jpg 300w, https:\/\/www.radiopiu.net\/wordpress\/wp-content\/uploads\/2022\/01\/efe71300-85b0-44b6-abf8-55e04632b21e-1024x768.jpg 1024w, https:\/\/www.radiopiu.net\/wordpress\/wp-content\/uploads\/2022\/01\/efe71300-85b0-44b6-abf8-55e04632b21e-768x576.jpg 768w, https:\/\/www.radiopiu.net\/wordpress\/wp-content\/uploads\/2022\/01\/efe71300-85b0-44b6-abf8-55e04632b21e-1536x1152.jpg 1536w, https:\/\/www.radiopiu.net\/wordpress\/wp-content\/uploads\/2022\/01\/efe71300-85b0-44b6-abf8-55e04632b21e.jpg 1600w\" sizes=\"auto, (max-width: 300px) 100vw, 300px\" \/><\/a>E&#8217; a Pavarui ormai spenti che sulla valle scende la grande quiete dell&#8217;inverno. Un lungo serpente di fari si muove al rallentatore lungo la 203 puntando la pianura. Auto cariche di sci e ricordi di vacanze trascorse sulla neve, uomini al volante e mogli assonnate di fianco; e sui sedili posteriori i bambini, che dai finestrini osservano per l&#8217;ultima volta le luminarie natalizie che all&#8217;indomani saranno spente. Un malinconico andare e poca voglia di parlare negli attimi in cui le feste iniziano a sfumare. Poche ore e poi l&#8217;anima di gennaio che cala sui paesi, entrando nelle case e nelle anime di chi resta a vivere la propria vita fra queste montagne agordine. \u00c8 mese serio gennaio, austero e tagliente con il suo freddo che pressoch\u00e9 sempre accompagna giornate che passano lente. E poi le notti, ancora lunghe e silenziose; un tempo la &#8220;brenta su &#8216;n te stradon&#8221; taceva a gennaio. Congelata, pareva dormire come i larici spogli che abitano sui ripidi versanti del Pelsa. Oggi quella &#8220;brenta&#8221; non esiste pi\u00f9 da tanti anni, l&#8217;anima di gennaio invece s\u00ec, e mi tiene compagnia durante le mie solitarie domeniche che trascorro sul monte. La si percepisce soprattutto a pomeriggio inoltrato, negli attimi che precedono l&#8217;arrivo del buio. C&#8217;\u00e8 il gran silenzio dell&#8217;inverno poco prima che scenda la sera. Un silenzio potente, assoluto, quasi inquietante. Un ripido strappo in salita percorso con passo leggero e poi la sosta l\u00ec, dove si apre il profondo canalone delle Valscure che scende in picchiata fino a raggiungere la S.P. 346 del passo San Pellegrino. Vecchi larici cresciuti sul ripido sfidano la fisica insieme a qualche camoscio che agile sale dritto per dritto quel baratro pressoch\u00e9 verticale. Che animale straordinario il camoscio; quanto invidio la sua potenza, l&#8217;equilibrio e la grazia che sfoggia quando \u00e8 in azione su questi terreni impossibili. Spesso all&#8217;imbrunire &#8220;sente sfraz\u00e0 d\u00f9 par sot&#8221;, ma non sempre riesco a vederlo lo straordinario alpinista a quattro zampe e le corna a uncino. Come di consueto mi fermo sull&#8217;orlo dell&#8217;orrido ad ammirare la Val del Biois; a gennaio, poco prima che arrivi il buio, questa visione regala sensazioni di vero e affilato inverno. \u00c8 freddo severo laggi\u00f9, e quasi notte. Fumano i camini delle case del Mas e il cielo grigio regala la giusta malinconia della domenica sera. Spesso penso alle persone al caldo &#8220;apede fornel&#8221;, ai bambini che giocano davanti alla TV, alle mamme che pensano a cosa preparare per cena. Vedo le finestre illuminate e penso a me, al mio consueto e solitario vagabondare &#8220;su sti troi fora sui or&#8221; in compagnia della sola anima di gennaio; che vita lass\u00f9, che momenti intensi vissuti in quel freddo e duro silenzio. Il gelo inizia a mordere e insieme alla sera scende la dolce malinconia del mio partire d&#8217;inverno. Poi attraverso le chiazze di neve dura come il marmo e quando imbocco la strada forestale \u00e8 ormai buio. Ho la pila frontale nello zaino, ma non la uso mai; scendo in compagnia dell&#8217;oscurit\u00e0 del mese principe della stagione dei silenzi, tanto lass\u00f9 conosco il terreno a memoria. E nel buio quel silenzio d&#8217;inverno \u00e8 ancora pi\u00f9 silenzio e a Colaz brilla la Stella del Pelsa. Poi, di l\u00ec a poco, \u00e8 nuovamente Strada Madre e, tre quarti d&#8217;ora pi\u00f9 tardi, a brillare saranno le luci della piccola citt\u00e0.<\/p>\n<p>&nbsp;<\/p>\n<p>&nbsp;<\/p>\n<p>&nbsp;<\/p>\n<p>*****<\/p>\n","protected":false},"excerpt":{"rendered":"<p>L&#8217;ANIMA DI GENNAIO AUDIO &nbsp; E&#8217; a Pavarui ormai spenti che sulla valle scende la grande quiete dell&#8217;inverno. Un lungo serpente di fari si muove al rallentatore lungo la 203 puntando la pianura. Auto cariche di sci e ricordi di vacanze trascorse sulla neve, uomini al volante e mogli assonnate di fianco; e sui sedili&hellip;<\/p>\n","protected":false},"author":4,"featured_media":255674,"comment_status":"closed","ping_status":"open","sticky":false,"template":"","format":"standard","meta":{"_monsterinsights_skip_tracking":false,"_monsterinsights_sitenote_active":false,"_monsterinsights_sitenote_note":"","_monsterinsights_sitenote_category":0,"footnotes":""},"categories":[104,49,112],"tags":[],"class_list":["post-255672","post","type-post","status-publish","format-standard","has-post-thumbnail","hentry","category-evidenza_3","category-news-18","category-racconti-soppelsa","category-104","category-49","category-112","description-off"],"img_url":"https:\/\/www.radiopiu.net\/wordpress\/wp-content\/uploads\/2022\/01\/efe71300-85b0-44b6-abf8-55e04632b21e.jpg","_links":{"self":[{"href":"https:\/\/www.radiopiu.net\/wordpress\/wp-json\/wp\/v2\/posts\/255672","targetHints":{"allow":["GET"]}}],"collection":[{"href":"https:\/\/www.radiopiu.net\/wordpress\/wp-json\/wp\/v2\/posts"}],"about":[{"href":"https:\/\/www.radiopiu.net\/wordpress\/wp-json\/wp\/v2\/types\/post"}],"author":[{"embeddable":true,"href":"https:\/\/www.radiopiu.net\/wordpress\/wp-json\/wp\/v2\/users\/4"}],"replies":[{"embeddable":true,"href":"https:\/\/www.radiopiu.net\/wordpress\/wp-json\/wp\/v2\/comments?post=255672"}],"version-history":[{"count":0,"href":"https:\/\/www.radiopiu.net\/wordpress\/wp-json\/wp\/v2\/posts\/255672\/revisions"}],"wp:featuredmedia":[{"embeddable":true,"href":"https:\/\/www.radiopiu.net\/wordpress\/wp-json\/wp\/v2\/media\/255674"}],"wp:attachment":[{"href":"https:\/\/www.radiopiu.net\/wordpress\/wp-json\/wp\/v2\/media?parent=255672"}],"wp:term":[{"taxonomy":"category","embeddable":true,"href":"https:\/\/www.radiopiu.net\/wordpress\/wp-json\/wp\/v2\/categories?post=255672"},{"taxonomy":"post_tag","embeddable":true,"href":"https:\/\/www.radiopiu.net\/wordpress\/wp-json\/wp\/v2\/tags?post=255672"}],"curies":[{"name":"wp","href":"https:\/\/api.w.org\/{rel}","templated":true}]}}