{"id":255700,"date":"2022-01-23T16:30:36","date_gmt":"2022-01-23T15:30:36","guid":{"rendered":"https:\/\/www.radiopiu.net\/wordpress\/?p=255700"},"modified":"2022-01-24T06:02:44","modified_gmt":"2022-01-24T05:02:44","slug":"perde-lorientamento-nella-neve-recuperata-dal-soccorso-alpino","status":"publish","type":"post","link":"https:\/\/www.radiopiu.net\/wordpress\/perde-lorientamento-nella-neve-recuperata-dal-soccorso-alpino\/","title":{"rendered":"PERDE L&#8217;ORIENTAMENTO NELLA NEVE, RECUPERATA DAL SOCCORSO ALPINO"},"content":{"rendered":"<p><strong><a href=\"https:\/\/www.radiopiu.net\/wordpress\/torna-la-festa-del-volontariato-cadorino-sabato-1-settembre\/soccorsoalpino\/\" rel=\"attachment wp-att-59164\"><img loading=\"lazy\" decoding=\"async\" class=\"wp-image-59164 alignleft\" src=\"https:\/\/www.radiopiu.net\/wordpress\/wp-content\/uploads\/2018\/08\/soccorsoalpino-300x300.jpg\" alt=\"\" width=\"118\" height=\"118\" srcset=\"https:\/\/www.radiopiu.net\/wordpress\/wp-content\/uploads\/2018\/08\/soccorsoalpino-300x300.jpg 300w, https:\/\/www.radiopiu.net\/wordpress\/wp-content\/uploads\/2018\/08\/soccorsoalpino-150x150.jpg 150w, https:\/\/www.radiopiu.net\/wordpress\/wp-content\/uploads\/2018\/08\/soccorsoalpino-768x768.jpg 768w, https:\/\/www.radiopiu.net\/wordpress\/wp-content\/uploads\/2018\/08\/soccorsoalpino-1024x1024.jpg 1024w, https:\/\/www.radiopiu.net\/wordpress\/wp-content\/uploads\/2018\/08\/soccorsoalpino.jpg 1200w\" sizes=\"auto, (max-width: 118px) 100vw, 118px\" \/><\/a>LIVINALLONGO<\/strong> Alle 13.50 circa il Suem 118 \u00e8 stato attivato dalla Centrale di GeoResQ, allertata da un&#8217;escursionista che si era smarrita perdendo l&#8217;orientamento sulla neve tra due sentieri in localit\u00e0 Ciampl\u00f2. Messa in contatto telefonico con il Soccorso alpino di Livinallongo, la donna \u00e8 stata rassicurata e indirizzata a rientrare sulla traccia corretta, mentre una squadra le andava incontro. Sempre al cellulare con lei, i soccorritori hanno raggiunto E.B., 39 anni, di Gaiarine (TV), che era riuscita ad arrivare sul sentiero, e la hanno accompagnata fino alla macchina.<\/p>\n<p>&nbsp;<\/p>\n<p>&nbsp;<\/p>\n<p>&nbsp;<\/p>\n<p>&nbsp;<\/p>\n<p>******<\/p>\n","protected":false},"excerpt":{"rendered":"<p>LIVINALLONGO Alle 13.50 circa il Suem 118 \u00e8 stato attivato dalla Centrale di GeoResQ, allertata da un&#8217;escursionista che si era smarrita perdendo l&#8217;orientamento sulla neve tra due sentieri in localit\u00e0 Ciampl\u00f2. Messa in contatto telefonico con il Soccorso alpino di Livinallongo, la donna \u00e8 stata rassicurata e indirizzata a rientrare sulla traccia corretta, mentre una&hellip;<\/p>\n","protected":false},"author":4,"featured_media":59164,"comment_status":"closed","ping_status":"open","sticky":false,"template":"","format":"standard","meta":{"_monsterinsights_skip_tracking":false,"_monsterinsights_sitenote_active":false,"_monsterinsights_sitenote_note":"","_monsterinsights_sitenote_category":0,"footnotes":""},"categories":[51,49],"tags":[],"class_list":["post-255700","post","type-post","status-publish","format-standard","has-post-thumbnail","hentry","category-evidenza-top","category-news-18","category-51","category-49","description-off"],"img_url":"https:\/\/www.radiopiu.net\/wordpress\/wp-content\/uploads\/2018\/08\/soccorsoalpino.jpg","_links":{"self":[{"href":"https:\/\/www.radiopiu.net\/wordpress\/wp-json\/wp\/v2\/posts\/255700","targetHints":{"allow":["GET"]}}],"collection":[{"href":"https:\/\/www.radiopiu.net\/wordpress\/wp-json\/wp\/v2\/posts"}],"about":[{"href":"https:\/\/www.radiopiu.net\/wordpress\/wp-json\/wp\/v2\/types\/post"}],"author":[{"embeddable":true,"href":"https:\/\/www.radiopiu.net\/wordpress\/wp-json\/wp\/v2\/users\/4"}],"replies":[{"embeddable":true,"href":"https:\/\/www.radiopiu.net\/wordpress\/wp-json\/wp\/v2\/comments?post=255700"}],"version-history":[{"count":0,"href":"https:\/\/www.radiopiu.net\/wordpress\/wp-json\/wp\/v2\/posts\/255700\/revisions"}],"wp:featuredmedia":[{"embeddable":true,"href":"https:\/\/www.radiopiu.net\/wordpress\/wp-json\/wp\/v2\/media\/59164"}],"wp:attachment":[{"href":"https:\/\/www.radiopiu.net\/wordpress\/wp-json\/wp\/v2\/media?parent=255700"}],"wp:term":[{"taxonomy":"category","embeddable":true,"href":"https:\/\/www.radiopiu.net\/wordpress\/wp-json\/wp\/v2\/categories?post=255700"},{"taxonomy":"post_tag","embeddable":true,"href":"https:\/\/www.radiopiu.net\/wordpress\/wp-json\/wp\/v2\/tags?post=255700"}],"curies":[{"name":"wp","href":"https:\/\/api.w.org\/{rel}","templated":true}]}}