{"id":255770,"date":"2022-01-23T23:59:17","date_gmt":"2022-01-23T22:59:17","guid":{"rendered":"https:\/\/www.radiopiu.net\/wordpress\/?p=255770"},"modified":"2022-01-24T05:59:10","modified_gmt":"2022-01-24T04:59:10","slug":"a-belluno-le-porte-dojona-e-rugo-torre-civica-e-i-resti-del-torrione","status":"publish","type":"post","link":"https:\/\/www.radiopiu.net\/wordpress\/a-belluno-le-porte-dojona-e-rugo-torre-civica-e-i-resti-del-torrione\/","title":{"rendered":"A BELLUNO LE PORTE DOJONA E RUGO TORRE CIVICA E I RESTI DEL TORRIONE"},"content":{"rendered":"<p><strong>di RENATO BONA<\/strong><\/p>\n<p>Davvero interessante ed utile l\u2019iniziativa portata avanti a livello nazionale dal sito \u201cmondimedievali.net\u201d di catalogare castelli, fortezze, rocche, torri, borghi, edifici fortificati e \u201cpalazzi del potere\u201d con una apprezata iniziativa culturale e didattica a cura del prof. Raffaele Licinio, ordinario di storia medievale nella facolt\u00e0 di lettere dell\u2019Universit\u00e0 di Bari (editore e webmaster Gianluca Lovreglio). Con 28, per ora, \u201cpezzi pregiati\u201d, la provincia di Belluno occupa il sesto posto nella graduatoria veneta, davanti a Rovigo 18 e preceduta da: Verona 54,Padova 46,Venezia 37, Vicenza 34, Treviso 30. Per quanto riguarda in particolare il capoluogo, oggi ci occupiamo delle Porte Dojona e Rugo; della Torre Civica e dei resti del Torrione. PORTA DOJONA &#8211; si pu\u00f2 leggere &#8211; prende il nome dal vicino torrione (Dojon) con cui costituiva un complesso fortificato, gi\u00e0 sede vescovile, all&#8217;angolo nord orientale delle antiche mura. L&#8217;arco interno venne innalzato nel 1289 da Vecello da Cusighe per il vescovo-conte Adalgerio da Vili alta: tale intervento, all&#8217;interno del rifacimento generale della cortina muraria resosi necessario dopo il tramonto del dominio di Ezzelino da Romano, \u00e8 testimoniato da una lastra in pietra, murata al di sopra dell&#8217;arco, che presenta la pi\u00f9 antica riproduzione dello stemma cittadino\u201d. Quanto al raddoppio rinascimentale, risulta essere opera di Niccol\u00f2 Tagliapietra e venne realizzato nel 1553. La copertura di collegamento tra la nuova e la vecchia porta fu decisa ed attuata nel 1622 e, almeno secondo tradizione, i battenti in legno originali sono ancora quelli rifatti dopo l&#8217;assedio imperiale del 1509. Il leone veneziano originale venne scalpellato dai Giacobini nel maggio del 1797. AI suo posto venne inserito alla fine dell&#8217;800 l&#8217;esemplare quattrocentesco che originariamente campeggiava sopra il primo arco e che era rimasto inglobato dalla copertura seicentesca, che lo aveva fortunosamente sottratto alla vista degli scalpellatori napoleonici. In chiusura viene ricordato che \u201cLa porta \u00e8 stata oggetto di un recentissimo, accurato restauro\u201d. I dati contenuti nel sito \u201cmondimedievali.net\u201d sono stati tratti da: \u201cufficiodelturismo.it\u201d. PORTA RUGO (dati che sono stati ripresi da: \u201c<span role=\"gridcell\"><a class=\"oajrlxb2 g5ia77u1 qu0x051f esr5mh6w e9989ue4 r7d6kgcz rq0escxv nhd2j8a9 nc684nl6 p7hjln8o kvgmc6g5 cxmmr5t8 oygrvhab hcukyx3x jb3vyjys rz4wbd8a qt6c0cv9 a8nywdso i1ao9s8h f1sip0of lzcic4wl gmql0nx0 gpro0wi8 oo483o9r\" tabindex=\"-1\" role=\"link\" href=\"https:\/\/l.facebook.com\/l.php?u=http%3A%2F%2Fwebdolomiti.net%2Fbelluno%3Ffbclid%3DIwAR1jezSeu3HoZHPgTr-h8nYx6PDAezrieJzx_7lzQk4m0kPA4r9nkIyAkj8&amp;h=AT2MKhPkaLaq74PGUoB286cTn4JR5HLHEe4YOdG49ANuKCrD-iBdBGfJWpuzBXGYKRur-jFV0xnoSvPMni28fBbv614Y1R_DsXt1k7oecmP31KXjZ6uTSyVASEeMlrdTcSmXCw\" target=\"_blank\" rel=\"nofollow noopener\">webdolomiti.net\/belluno<\/a><\/span>\u201d). Dalla via Torricelle (il nome deriva dalle torri e camminamenti che esistevano nelle possenti mura che circondavano la Porta Sud della citt\u00e0) si giunge a Porta Rugo, che si attraversa passando sotto l&#8217;arco ogivale e l&#8217;area aperta verso l&#8217;alto, caratteristiche queste di tutte le porte medioevali, per osservarne la struttura da sud, fuori le mura\u201d. Era ed \u00e8 questa la porta che conduceva a Borgo Piave e Borgo Pr\u00e0 e rappresentava la parte meridionale delle strutture murarie della citt\u00e0, costruite dopo il terremoto del 1348. Col passare dei secoli \u201c\u00e8 stata danneggiata e in parte ricostruita con forme architettoniche proprie dell&#8217;epoca dei rifacimenti. Nel 1622 \u00e8 stata ristrutturata, ridisegnandone la facciata dell&#8217;ingresso sud con stile seicentesco: doppie lesene verticali e timpano spezzato, mentre sono rimaste le pietre di arenaria di epoca medioevale\u201d. Sulla destra vi \u00e8 un edificio costruito con gli stessi materiali usati per la Porta, ci\u00f2 fa pensare che si tratti di una delle torri di cui era circondata questa parte della citt\u00e0. Ricordiamo il dipinto di Domenico Falce (1619-1697) \u201cVeduta di Belluno nel 1690\u201d perch\u00e9 nell\u2019opera sono ben visibili le antiche mura settentrionali e quelle meridionali intervallate da una serie di piccole torri, equidistanti secondo una misura determinata dal tiro delle balestre e archibugi. Ed eccoci a quel che resta del TORRIONE, precisando che: \u201cDell&#8217;antico castello Doglione rimane oggi un unico vestigio, nel massiccio torrione rotondo che &#8211; lo scriveva il prof. Bartolomeo Zanenga &#8211; nascosto dietro case di nuova costruzione o rimodernate, al di l\u00e0 di un cancello di ferro, \u00e8 oggi propriet\u00e0 privata&#8221; (famiglia Tison)\u201d. Un tempo la contrada era detta della \u201cMotta\u201d, il nome della porta del castello e, in tempi pi\u00f9 recenti, dopo la costruzione della chiesa delle Anime Purganti (da parte della Confraternita di San Giorgio), \u201cpiazza dell&#8217;Anima\u201d. Raggiunta Piazza Mazzini, si osserva sulla sinistra il cancello di accesso al cortile del Torrione. Da quass\u00f9, \u00e8 possibile vedere il vecchio quartiere di Borgo Pra dall&#8217;alto, affacciandosi dal muretto del cortile, cos\u00ec come il Quartiere Ardo, sulla sinistra. Il Torrione fu costruito probabilmente sulle rovine di un fortino romano, ma gi\u00e0 nel Cinquecento era nelle condizioni pressoch\u00e9 attuali. Nel X secolo al suo posto vi era un Castello detto Dollone e poi Doglion. \u00c8 quindi uno dei pi\u00f9 significativi monumenti storici della citt\u00e0. Salendovi si pu\u00f2 osservare non solo un bellissimo panorama, ma anche le finestrelle strombate utilizzate dai balestrieri per difendere la citt\u00e0. Scendendo si pu\u00f2 accedere al camminamento esterno dell&#8217;antico torrione, tramite una gradinata da dove \u201csono ben osservabili la grandezza dell&#8217;opera difensiva, lo spessore delle mura e&#8230;le edere di cui esso \u00e8 vittima\u201d (sito \u201c<span role=\"gridcell\"><a class=\"oajrlxb2 g5ia77u1 qu0x051f esr5mh6w e9989ue4 r7d6kgcz rq0escxv nhd2j8a9 nc684nl6 p7hjln8o kvgmc6g5 cxmmr5t8 oygrvhab hcukyx3x jb3vyjys rz4wbd8a qt6c0cv9 a8nywdso i1ao9s8h f1sip0of lzcic4wl gmql0nx0 gpro0wi8 oo483o9r\" tabindex=\"-1\" role=\"link\" href=\"https:\/\/l.facebook.com\/l.php?u=http%3A%2F%2Fwebdolomiti.net%2Fbelluno%3Ffbclid%3DIwAR28Xb6yKzardBfyA5URRFKLWFxs-D2Uibn1S205upjf1JQkIy01PQqwjaE&amp;h=AT2MKhPkaLaq74PGUoB286cTn4JR5HLHEe4YOdG49ANuKCrD-iBdBGfJWpuzBXGYKRur-jFV0xnoSvPMni28fBbv614Y1R_DsXt1k7oecmP31KXjZ6uTSyVASEeMlrdTcSmXCw\" target=\"_blank\" rel=\"nofollow noopener\">webdolomiti.net\/belluno<\/a><\/span>\u201d). Concludiamo con la TORRE CIVICA, Auditorium (notizie attinte dal sito \u201c<span role=\"gridcell\"><a class=\"oajrlxb2 g5ia77u1 qu0x051f esr5mh6w e9989ue4 r7d6kgcz rq0escxv nhd2j8a9 nc684nl6 p7hjln8o kvgmc6g5 cxmmr5t8 oygrvhab hcukyx3x jb3vyjys rz4wbd8a qt6c0cv9 a8nywdso i1ao9s8h f1sip0of lzcic4wl gmql0nx0 gpro0wi8 oo483o9r\" tabindex=\"-1\" role=\"link\" href=\"https:\/\/l.facebook.com\/l.php?u=http%3A%2F%2Fwww.bellunohotel.it%2F%3Ffbclid%3DIwAR1izky7IRXFbGDC2wLBT8wN-Sg7BcN5GyrA87rwkYdsbZkQwS3IUxaYvo4&amp;h=AT2MKhPkaLaq74PGUoB286cTn4JR5HLHEe4YOdG49ANuKCrD-iBdBGfJWpuzBXGYKRur-jFV0xnoSvPMni28fBbv614Y1R_DsXt1k7oecmP31KXjZ6uTSyVASEeMlrdTcSmXCw\" target=\"_blank\" rel=\"nofollow noopener\">www.bellunohotel.it<\/a><\/span>): \u201cAnticamente palazzo fortificato sede dei vescovi-conti, secondo la tradizione l&#8217;Auditorium venne eretto (o pi\u00f9 probabilmente ampliato e rafforzato) alla fine del XII secolo dal vescovo Gerardo de Taccoli, morto nel 1196 combattendo in battaglia contro i Trevigiani. La torre civica regge la campana al cui suono, dal 1403, si riuniva il Maggior Consiglio cittadino\u201d. Si ricorda quindi che una torre gemella, sull&#8217;angolo verso il Duomo, venne abbattuta nel 1516 per allargare la piazza di fronte al Duomo ma anticamente doveva essercene una terza, centrale, come mostra chiaramente l&#8217;antico sigillo vescovile che riproduceva proprio questo edificio\u201d. Ancora: \u201cPi\u00f9 volte rimaneggiato, il portale ed alcuni elementi dei finestroni superiori risalgono alla ristrutturazione attuata dal vescovo Giulio Berlendis nel XVII secolo. Gravemente danneggiato dal terremoto del 1873, sub\u00ec un totale rimaneggiamento interno curato dall&#8217;ing. Giorgio Pagani-Cesa, cui si sommarono gli interventi sulla facciata seguiti al nuovo sisma del 1936. Gi\u00e0 sede del Tribunale, ora \u00e8 adibito ad Auditorium comunale\u201d. NELLE FOTO: due vedute di Porta Dojona; altrettante di Porta Rugo; due dedicate ai resti del Torrione e due anche per la Torre Civica-Auditorium.<\/p>\n\n\t\t\t<style type='text\/css'>\n\t\t\t\t#gallery-1 {\n\t\t\t\t\tmargin: auto;\n\t\t\t\t}\n\t\t\t\t#gallery-1 .gallery-item {\n\t\t\t\t\tfloat: left;\n\t\t\t\t\tmargin-top: 10px;\n\t\t\t\t\ttext-align: center;\n\t\t\t\t\twidth: 25%;\n\t\t\t\t}\n\t\t\t\t#gallery-1 img {\n\t\t\t\t\tborder: 2px solid #cfcfcf;\n\t\t\t\t}\n\t\t\t\t#gallery-1 .gallery-caption {\n\t\t\t\t\tmargin-left: 0;\n\t\t\t\t}\n\t\t\t\t\/* see gallery_shortcode() in wp-includes\/media.php *\/\n\t\t\t<\/style>\n\t\t<div id='gallery-1' class='dt-gallery-container gallery galleryid-255770 gallery-columns-4 gallery-size-thumbnail'><dl class='gallery-item'>\n\t\t\t\t<dt class='gallery-icon portrait'>\n\t\t\t\t\t<a class=\"rollover rollover-zoom dt-pswp-item\" title=\"272199591_1837562213300209_5667631627476891695_n\" data-dt-img-description=\"\" data-large_image_width=\"192\" data-large_image_height=\"206\"href='https:\/\/www.radiopiu.net\/wordpress\/wp-content\/uploads\/2022\/01\/272199591_1837562213300209_5667631627476891695_n.jpg'><img loading=\"lazy\" decoding=\"async\" width=\"150\" height=\"150\" src=\"https:\/\/www.radiopiu.net\/wordpress\/wp-content\/uploads\/2022\/01\/272199591_1837562213300209_5667631627476891695_n-150x150.jpg\" class=\"attachment-thumbnail size-thumbnail\" alt=\"\" \/><\/a>\n\t\t\t\t<\/dt><\/dl><dl class='gallery-item'>\n\t\t\t\t<dt class='gallery-icon portrait'>\n\t\t\t\t\t<a class=\"rollover rollover-zoom dt-pswp-item\" title=\"271425678_1373763519725744_7927679627456550270_n\" data-dt-img-description=\"\" data-large_image_width=\"165\" data-large_image_height=\"206\"href='https:\/\/www.radiopiu.net\/wordpress\/wp-content\/uploads\/2022\/01\/271425678_1373763519725744_7927679627456550270_n.jpg'><img loading=\"lazy\" decoding=\"async\" width=\"150\" height=\"150\" src=\"https:\/\/www.radiopiu.net\/wordpress\/wp-content\/uploads\/2022\/01\/271425678_1373763519725744_7927679627456550270_n-150x150.jpg\" class=\"attachment-thumbnail size-thumbnail\" alt=\"\" \/><\/a>\n\t\t\t\t<\/dt><\/dl><dl class='gallery-item'>\n\t\t\t\t<dt class='gallery-icon portrait'>\n\t\t\t\t\t<a class=\"rollover rollover-zoom dt-pswp-item\" title=\"271918175_1223917358132319_1444500059038390707_n\" data-dt-img-description=\"\" data-large_image_width=\"155\" data-large_image_height=\"206\"href='https:\/\/www.radiopiu.net\/wordpress\/wp-content\/uploads\/2022\/01\/271918175_1223917358132319_1444500059038390707_n.jpg'><img loading=\"lazy\" decoding=\"async\" width=\"150\" height=\"150\" src=\"https:\/\/www.radiopiu.net\/wordpress\/wp-content\/uploads\/2022\/01\/271918175_1223917358132319_1444500059038390707_n-150x150.jpg\" class=\"attachment-thumbnail size-thumbnail\" alt=\"\" \/><\/a>\n\t\t\t\t<\/dt><\/dl><dl class='gallery-item'>\n\t\t\t\t<dt class='gallery-icon portrait'>\n\t\t\t\t\t<a class=\"rollover rollover-zoom dt-pswp-item\" title=\"271732175_256874849906124_6066687675460200483_n\" data-dt-img-description=\"\" data-large_image_width=\"157\" data-large_image_height=\"240\"href='https:\/\/www.radiopiu.net\/wordpress\/wp-content\/uploads\/2022\/01\/271732175_256874849906124_6066687675460200483_n.jpg'><img loading=\"lazy\" decoding=\"async\" width=\"150\" height=\"150\" src=\"https:\/\/www.radiopiu.net\/wordpress\/wp-content\/uploads\/2022\/01\/271732175_256874849906124_6066687675460200483_n-150x150.jpg\" class=\"attachment-thumbnail size-thumbnail\" alt=\"\" \/><\/a>\n\t\t\t\t<\/dt><\/dl><br style=\"clear: both\" \/><dl class='gallery-item'>\n\t\t\t\t<dt class='gallery-icon landscape'>\n\t\t\t\t\t<a class=\"rollover rollover-zoom dt-pswp-item\" title=\"270790138_5051393198224839_103724708374630717_n\" data-dt-img-description=\"\" data-large_image_width=\"274\" data-large_image_height=\"206\"href='https:\/\/www.radiopiu.net\/wordpress\/wp-content\/uploads\/2022\/01\/270790138_5051393198224839_103724708374630717_n.jpg'><img loading=\"lazy\" decoding=\"async\" width=\"150\" height=\"150\" src=\"https:\/\/www.radiopiu.net\/wordpress\/wp-content\/uploads\/2022\/01\/270790138_5051393198224839_103724708374630717_n-150x150.jpg\" class=\"attachment-thumbnail size-thumbnail\" alt=\"\" \/><\/a>\n\t\t\t\t<\/dt><\/dl><dl class='gallery-item'>\n\t\t\t\t<dt class='gallery-icon portrait'>\n\t\t\t\t\t<a class=\"rollover rollover-zoom dt-pswp-item\" title=\"271886076_461628632125989_8070187707778944203_n\" data-dt-img-description=\"\" data-large_image_width=\"173\" data-large_image_height=\"204\"href='https:\/\/www.radiopiu.net\/wordpress\/wp-content\/uploads\/2022\/01\/271886076_461628632125989_8070187707778944203_n.jpg'><img loading=\"lazy\" decoding=\"async\" width=\"150\" height=\"150\" src=\"https:\/\/www.radiopiu.net\/wordpress\/wp-content\/uploads\/2022\/01\/271886076_461628632125989_8070187707778944203_n-150x150.jpg\" class=\"attachment-thumbnail size-thumbnail\" alt=\"\" \/><\/a>\n\t\t\t\t<\/dt><\/dl><dl class='gallery-item'>\n\t\t\t\t<dt class='gallery-icon portrait'>\n\t\t\t\t\t<a class=\"rollover rollover-zoom dt-pswp-item\" title=\"271425678_438795151284522_3196448818976880988_n\" data-dt-img-description=\"\" data-large_image_width=\"160\" data-large_image_height=\"203\"href='https:\/\/www.radiopiu.net\/wordpress\/wp-content\/uploads\/2022\/01\/271425678_438795151284522_3196448818976880988_n.jpg'><img loading=\"lazy\" decoding=\"async\" width=\"150\" height=\"150\" src=\"https:\/\/www.radiopiu.net\/wordpress\/wp-content\/uploads\/2022\/01\/271425678_438795151284522_3196448818976880988_n-150x150.jpg\" class=\"attachment-thumbnail size-thumbnail\" alt=\"\" \/><\/a>\n\t\t\t\t<\/dt><\/dl><dl class='gallery-item'>\n\t\t\t\t<dt class='gallery-icon portrait'>\n\t\t\t\t\t<a class=\"rollover rollover-zoom dt-pswp-item\" title=\"271391502_239131801726367_3185371518680820810_n\" data-dt-img-description=\"\" data-large_image_width=\"150\" data-large_image_height=\"395\"href='https:\/\/www.radiopiu.net\/wordpress\/wp-content\/uploads\/2022\/01\/271391502_239131801726367_3185371518680820810_n.jpg'><img loading=\"lazy\" decoding=\"async\" width=\"150\" height=\"150\" src=\"https:\/\/www.radiopiu.net\/wordpress\/wp-content\/uploads\/2022\/01\/271391502_239131801726367_3185371518680820810_n-150x150.jpg\" class=\"attachment-thumbnail size-thumbnail\" alt=\"\" \/><\/a>\n\t\t\t\t<\/dt><\/dl><br style=\"clear: both\" \/>\n\t\t\t<\/div>\n\n<p>&nbsp;<\/p>\n","protected":false},"excerpt":{"rendered":"<p>di RENATO BONA Davvero interessante ed utile l\u2019iniziativa portata avanti a livello nazionale dal sito \u201cmondimedievali.net\u201d di catalogare castelli, fortezze, rocche, torri, borghi, edifici fortificati e \u201cpalazzi del potere\u201d con una apprezata iniziativa culturale e didattica a cura del prof. Raffaele Licinio, ordinario di storia medievale nella facolt\u00e0 di lettere dell\u2019Universit\u00e0 di Bari (editore e&hellip;<\/p>\n","protected":false},"author":4,"featured_media":255771,"comment_status":"closed","ping_status":"open","sticky":false,"template":"","format":"standard","meta":{"_monsterinsights_skip_tracking":false,"_monsterinsights_sitenote_active":false,"_monsterinsights_sitenote_note":"","_monsterinsights_sitenote_category":0,"footnotes":""},"categories":[104,49],"tags":[],"class_list":["post-255770","post","type-post","status-publish","format-standard","has-post-thumbnail","hentry","category-evidenza_3","category-news-18","category-104","category-49","description-off"],"img_url":"https:\/\/www.radiopiu.net\/wordpress\/wp-content\/uploads\/2022\/01\/272199591_1837562213300209_5667631627476891695_n.jpg","_links":{"self":[{"href":"https:\/\/www.radiopiu.net\/wordpress\/wp-json\/wp\/v2\/posts\/255770","targetHints":{"allow":["GET"]}}],"collection":[{"href":"https:\/\/www.radiopiu.net\/wordpress\/wp-json\/wp\/v2\/posts"}],"about":[{"href":"https:\/\/www.radiopiu.net\/wordpress\/wp-json\/wp\/v2\/types\/post"}],"author":[{"embeddable":true,"href":"https:\/\/www.radiopiu.net\/wordpress\/wp-json\/wp\/v2\/users\/4"}],"replies":[{"embeddable":true,"href":"https:\/\/www.radiopiu.net\/wordpress\/wp-json\/wp\/v2\/comments?post=255770"}],"version-history":[{"count":0,"href":"https:\/\/www.radiopiu.net\/wordpress\/wp-json\/wp\/v2\/posts\/255770\/revisions"}],"wp:featuredmedia":[{"embeddable":true,"href":"https:\/\/www.radiopiu.net\/wordpress\/wp-json\/wp\/v2\/media\/255771"}],"wp:attachment":[{"href":"https:\/\/www.radiopiu.net\/wordpress\/wp-json\/wp\/v2\/media?parent=255770"}],"wp:term":[{"taxonomy":"category","embeddable":true,"href":"https:\/\/www.radiopiu.net\/wordpress\/wp-json\/wp\/v2\/categories?post=255770"},{"taxonomy":"post_tag","embeddable":true,"href":"https:\/\/www.radiopiu.net\/wordpress\/wp-json\/wp\/v2\/tags?post=255770"}],"curies":[{"name":"wp","href":"https:\/\/api.w.org\/{rel}","templated":true}]}}