{"id":255798,"date":"2022-01-24T05:42:39","date_gmt":"2022-01-24T04:42:39","guid":{"rendered":"https:\/\/www.radiopiu.net\/wordpress\/?p=255798"},"modified":"2022-01-24T05:52:11","modified_gmt":"2022-01-24T04:52:11","slug":"londata-dei-bambini-di-giangiacomo-nicolini","status":"publish","type":"post","link":"https:\/\/www.radiopiu.net\/wordpress\/londata-dei-bambini-di-giangiacomo-nicolini\/","title":{"rendered":"L&#8217;ONDATA DEI BAMBINI&#8230; di GIANGIACOMO NICOLINI"},"content":{"rendered":"<blockquote>\n<h3><a href=\"https:\/\/www.radiopiu.net\/wordpress\/londata-dei-bambini-di-giangiacomo-nicolini\/th-296\/\" rel=\"attachment wp-att-255802\"><img loading=\"lazy\" decoding=\"async\" class=\" wp-image-255802 alignleft\" src=\"https:\/\/www.radiopiu.net\/wordpress\/wp-content\/uploads\/2022\/01\/th-13.jpg\" alt=\"\" width=\"119\" height=\"119\" srcset=\"https:\/\/www.radiopiu.net\/wordpress\/wp-content\/uploads\/2022\/01\/th-13.jpg 172w, https:\/\/www.radiopiu.net\/wordpress\/wp-content\/uploads\/2022\/01\/th-13-150x150.jpg 150w\" sizes=\"auto, (max-width: 119px) 100vw, 119px\" \/><\/a><\/h3>\n<p><strong>BELLUNO<\/strong> Da Facebook un contributo importante, soprattutto da chi parla con cognizione di causa, ovvero del \u00a0pediatra dell&#8217;ospedale San Martino, nonch\u00e8 consigliere comunale, Giangiacomo Nicolini<\/p>\n<p>&nbsp;<\/p>\n<p>&nbsp;<\/p>\n<div>\n<div class=\"\" dir=\"auto\">\n<div id=\"jsc_c_17z\" class=\"ecm0bbzt hv4rvrfc ihqw7lf3 dati1w0a\" data-ad-comet-preview=\"message\" data-ad-preview=\"message\">\n<div class=\"j83agx80 cbu4d94t ew0dbk1b irj2b8pg\">\n<div class=\"qzhwtbm6 knvmm38d\">\n<div class=\"kvgmc6g5 cxmmr5t8 oygrvhab hcukyx3x c1et5uql ii04i59q\">\n<div dir=\"auto\"><strong><a href=\"https:\/\/www.radiopiu.net\/wordpress\/londata-dei-bambini-di-giangiacomo-nicolini\/90867761_10218107686297713_2108294721418821632_n-2\/\" rel=\"attachment wp-att-255800\"><img loading=\"lazy\" decoding=\"async\" class=\"wp-image-255800 alignright\" src=\"https:\/\/www.radiopiu.net\/wordpress\/wp-content\/uploads\/2022\/01\/90867761_10218107686297713_2108294721418821632_n-300x298.jpg\" alt=\"\" width=\"166\" height=\"164\" srcset=\"https:\/\/www.radiopiu.net\/wordpress\/wp-content\/uploads\/2022\/01\/90867761_10218107686297713_2108294721418821632_n-300x298.jpg 300w, https:\/\/www.radiopiu.net\/wordpress\/wp-content\/uploads\/2022\/01\/90867761_10218107686297713_2108294721418821632_n-768x764.jpg 768w, https:\/\/www.radiopiu.net\/wordpress\/wp-content\/uploads\/2022\/01\/90867761_10218107686297713_2108294721418821632_n.jpg 960w\" sizes=\"auto, (max-width: 166px) 100vw, 166px\" \/><\/a>L\u2019ondata dei bambini, Il consiglio pi\u00f9 importante? State sereni, i vostri bimbi ne hanno bisogno!<\/strong><\/div>\n<\/div>\n<\/div>\n<\/div>\n<\/div>\n<\/div>\n<\/div>\n<\/blockquote>\n<div>\n<div class=\"\" dir=\"auto\">\n<div id=\"jsc_c_17z\" class=\"ecm0bbzt hv4rvrfc ihqw7lf3 dati1w0a\" data-ad-comet-preview=\"message\" data-ad-preview=\"message\">\n<div class=\"j83agx80 cbu4d94t ew0dbk1b irj2b8pg\">\n<div class=\"qzhwtbm6 knvmm38d\">\n<div class=\"cxmmr5t8 oygrvhab hcukyx3x c1et5uql o9v6fnle ii04i59q\">\n<div dir=\"auto\">Viene da chiamarla cos\u00ec, questa quarta ondata di covid, che fino ad ora aveva colpito tra il 5 e il 10% della popolazione pediatrica, e che attualmente vede almeno un 30% di contagiati tra i bambini. In ospedale da un po\u2019 di settimane quasi tutti i i bimbi che arrivano in pronto soccorso con varie sintomatologie sono positivi, e i sintomi sono tra i pi\u00f9 vari, comprendendo febbre, sintomi da raffreddamento, tosse, mal di gola, ma anche sintomi gastrointestinali quali vomito e diarrea, e a volte anche solamente dolori per esempio alla gola, alla schiena, o alla testa. Il messaggio principale che voglio trasmettere ai genitori \u00e8 di stare tranquilli, perch\u00e9 fortunatamente la quasi totalit\u00e0 delle infezioni da covid nei bimbi si comporta come una sindrome influenzale, indipendentemente dallo stato vaccinale, e la polmonite \u00e8 un evento molto pi\u00f9 raro che negli adulti. Questo non vuol dire che si debba sottostimare la pericolosit\u00e0 di questo virus, ma \u00e8 fondamentale restare sereni nella gestione dei sintomi. Ecco allora qualche semplice consiglio in caso di comparsa dei seguenti sintomi: &#8211; FEBBRE: potete usare tranquillamente il paracetamolo ( tachipirina) che nei bambini personalmente preferisco sempre ad ibuprofene ( es nurofen o simili) specialmente per la minore capacit\u00e0 di dare effetti collaterali. Non c\u2019\u00e8 una soglia sopra o sotto cui somministrare il farmaco ( il famoso \u201c sopra il 38\u201d), le linee guida ci suggeriscono \u201c quando il bambino \u00e8 irritabile \u201c. &#8211; RINITE: specie se il bimbo \u00e8 piccolo fate frequenti lavaggi nasali con soluzione fisiologica ( no ipertonica). &#8211; TOSSE: fate frequenti aerosol con soluzione fisiologica. Qualsiasi altro farmaco va dato SOLO su prescrizione del curante che va avvisato se il bambino respira male. Possono manifestarsi broncospasmo ( fischi e difficolt\u00e0 respiratoria) e laringospasmo ( tosse abbaiante o metallica) che vanno trattati con farmaci adeguati. Gli sciroppi per la tosse non hanno una valida efficacia. Personalmente non li consiglio mai. &#8211; VOMITO: come per qualsiasi gastroenterite NON date da bere per almeno 2-3 ore dall\u2019ultimo episodio e poi riprendere a idratare a piccoli sorsi con liquidi freddi e contenenti zuccheri e sali minerali, poi dieta leggera per qualche giorno. &#8211; DIARREA: evitate latticini ( si pu\u00f2 per\u00f2 continuare l\u2019allattamento al seno), succhi di frutta e verdura cotta. I fermenti lattici male non fanno ma che facciano bene \u00e8 comunque tutto da dimostrare e con adeguati distinguo tra le decine di prodotti in commercio. &#8211; DOLORI tipo mal di gola, mal di testa etc: potete sempre provare con paracetamolo ed in caso ibuprofene che \u00e8 un antidolorifico pi\u00f9 potente. Somministrare sempre a stomaco pieno. Un\u2019unica raccomandazione importante. Se il vostro bimbo ha avuto il covid e dopo 4-6 settimane sta di nuovo male con febbre o altri sintomi va avvisato il vostro medico che deve escludere la MIS-C, una sindrome infiammatoria multi organo, per fortuna rara ma che pu\u00f2 presentarsi specialmente in chi ha avuto una forma leggera di infezione da sars cov 2. Non correte in ospedale per la febbre dei vostri bimbi o i sintomi che ho descritto, ma recatevi a fare un tampone; se positivo comunicatelo al vostro pediatra che vi programmer\u00e0 il tampone di uscita.<\/div>\n<\/div>\n<\/div>\n<\/div>\n<\/div>\n<\/div>\n<\/div>\n<div>\n<div class=\"\" dir=\"auto\">\n<div id=\"jsc_c_17z\" class=\"ecm0bbzt hv4rvrfc ihqw7lf3 dati1w0a\" data-ad-comet-preview=\"message\" data-ad-preview=\"message\">\n<div class=\"j83agx80 cbu4d94t ew0dbk1b irj2b8pg\">\n<div class=\"qzhwtbm6 knvmm38d\">\n<div class=\"cxmmr5t8 oygrvhab hcukyx3x c1et5uql o9v6fnle ii04i59q\">\n<div dir=\"auto\"><\/div>\n<div dir=\"auto\"><\/div>\n<div dir=\"auto\"><\/div>\n<\/div>\n<\/div>\n<\/div>\n<\/div>\n<div dir=\"auto\">****<\/div>\n<\/div>\n<div id=\"jsc_c_180\" class=\"l9j0dhe7\">\n<div class=\"l9j0dhe7\">\n<div class=\"bp9cbjyn cwj9ozl2 j83agx80 cbu4d94t ni8dbmo4 stjgntxs l9j0dhe7 k4urcfbm\">\n<div class=\"do00u71z ni8dbmo4 stjgntxs l9j0dhe7\">\n<div class=\"pmk7jnqg kr520xx4\"><\/div>\n<\/div>\n<\/div>\n<\/div>\n<\/div>\n<\/div>\n<div>\n<div class=\"stjgntxs ni8dbmo4 l82x9zwi uo3d90p7 h905i5nu monazrh9\" data-visualcompletion=\"ignore-dynamic\">\n<div>\n<div>\n<div>\n<div class=\"tvfksri0 ozuftl9m\">\n<div class=\"rq0escxv l9j0dhe7 du4w35lb j83agx80 pfnyh3mw i1fnvgqd gs1a9yip owycx6da btwxx1t3 ph5uu5jm b3onmgus e5nlhep0 ecm0bbzt nkwizq5d roh60bw9 mysgfdmx hddg9phg\">\n<div class=\"rq0escxv l9j0dhe7 du4w35lb j83agx80 cbu4d94t d2edcug0 hpfvmrgz rj1gh0hx buofh1pr g5gj957u n8tt0mok hyh9befq iuny7tx3 ipjc6fyt\">\n<div class=\"oajrlxb2 gs1a9yip g5ia77u1 mtkw9kbi tlpljxtp qensuy8j ppp5ayq2 goun2846 ccm00jje s44p3ltw mk2mc5f4 rt8b4zig n8ej3o3l agehan2d sk4xxmp2 rq0escxv nhd2j8a9 mg4g778l pfnyh3mw p7hjln8o kvgmc6g5 cxmmr5t8 oygrvhab hcukyx3x tgvbjcpo hpfvmrgz jb3vyjys rz4wbd8a qt6c0cv9 a8nywdso l9j0dhe7 i1ao9s8h esuyzwwr f1sip0of du4w35lb n00je7tq arfg74bv qs9ysxi8 k77z8yql pq6dq46d btwxx1t3 abiwlrkh p8dawk7l lzcic4wl\" tabindex=\"0\" role=\"button\" aria-label=\"Invia questo elemento ai tuoi amici o pubblicalo sul tuo diario.\">\n<div class=\"rq0escxv l9j0dhe7 du4w35lb j83agx80 rj1gh0hx buofh1pr g5gj957u hpfvmrgz taijpn5t bp9cbjyn owycx6da btwxx1t3 d1544ag0 tw6a2znq jb3vyjys dlv3wnog rl04r1d5 mysgfdmx hddg9phg qu8okrzs g0qnabr5\">\n<div class=\"rq0escxv l9j0dhe7 du4w35lb j83agx80 cbu4d94t pfnyh3mw d2edcug0 hpfvmrgz ph5uu5jm b3onmgus iuny7tx3 ipjc6fyt\"><\/div>\n<div class=\"rq0escxv l9j0dhe7 du4w35lb j83agx80 cbu4d94t pfnyh3mw d2edcug0 hpfvmrgz ph5uu5jm b3onmgus iuny7tx3 ipjc6fyt\"><\/div>\n<\/div>\n<\/div>\n<\/div>\n<\/div>\n<\/div>\n<\/div>\n<\/div>\n<div class=\"cwj9ozl2 tvmbv18p\"><\/div>\n<\/div>\n<\/div>\n<\/div>\n","protected":false},"excerpt":{"rendered":"<p>BELLUNO Da Facebook un contributo importante, soprattutto da chi parla con cognizione di causa, ovvero del \u00a0pediatra dell&#8217;ospedale San Martino, nonch\u00e8 consigliere comunale, Giangiacomo Nicolini &nbsp; &nbsp; L\u2019ondata dei bambini, Il consiglio pi\u00f9 importante? State sereni, i vostri bimbi ne hanno bisogno! Viene da chiamarla cos\u00ec, questa quarta ondata di covid, che fino ad ora&hellip;<\/p>\n","protected":false},"author":4,"featured_media":255801,"comment_status":"closed","ping_status":"open","sticky":false,"template":"","format":"standard","meta":{"_monsterinsights_skip_tracking":false,"_monsterinsights_sitenote_active":false,"_monsterinsights_sitenote_note":"","_monsterinsights_sitenote_category":0,"footnotes":""},"categories":[51,49],"tags":[],"class_list":["post-255798","post","type-post","status-publish","format-standard","has-post-thumbnail","hentry","category-evidenza-top","category-news-18","category-51","category-49","description-off"],"img_url":"https:\/\/www.radiopiu.net\/wordpress\/wp-content\/uploads\/2022\/01\/272443209_10222433452079154_1948448024744915678_n.jpg","_links":{"self":[{"href":"https:\/\/www.radiopiu.net\/wordpress\/wp-json\/wp\/v2\/posts\/255798","targetHints":{"allow":["GET"]}}],"collection":[{"href":"https:\/\/www.radiopiu.net\/wordpress\/wp-json\/wp\/v2\/posts"}],"about":[{"href":"https:\/\/www.radiopiu.net\/wordpress\/wp-json\/wp\/v2\/types\/post"}],"author":[{"embeddable":true,"href":"https:\/\/www.radiopiu.net\/wordpress\/wp-json\/wp\/v2\/users\/4"}],"replies":[{"embeddable":true,"href":"https:\/\/www.radiopiu.net\/wordpress\/wp-json\/wp\/v2\/comments?post=255798"}],"version-history":[{"count":0,"href":"https:\/\/www.radiopiu.net\/wordpress\/wp-json\/wp\/v2\/posts\/255798\/revisions"}],"wp:featuredmedia":[{"embeddable":true,"href":"https:\/\/www.radiopiu.net\/wordpress\/wp-json\/wp\/v2\/media\/255801"}],"wp:attachment":[{"href":"https:\/\/www.radiopiu.net\/wordpress\/wp-json\/wp\/v2\/media?parent=255798"}],"wp:term":[{"taxonomy":"category","embeddable":true,"href":"https:\/\/www.radiopiu.net\/wordpress\/wp-json\/wp\/v2\/categories?post=255798"},{"taxonomy":"post_tag","embeddable":true,"href":"https:\/\/www.radiopiu.net\/wordpress\/wp-json\/wp\/v2\/tags?post=255798"}],"curies":[{"name":"wp","href":"https:\/\/api.w.org\/{rel}","templated":true}]}}