{"id":255902,"date":"2022-01-25T05:38:17","date_gmt":"2022-01-25T04:38:17","guid":{"rendered":"https:\/\/www.radiopiu.net\/wordpress\/?p=255902"},"modified":"2022-01-25T05:56:30","modified_gmt":"2022-01-25T04:56:30","slug":"da-luxottica-le-novita-con-lentrata-in-vigore-del-nuovo-decreto-legge","status":"publish","type":"post","link":"https:\/\/www.radiopiu.net\/wordpress\/da-luxottica-le-novita-con-lentrata-in-vigore-del-nuovo-decreto-legge\/","title":{"rendered":"DA LUXOTTICA LE NOVITA&#8217; CON L&#8217;ENTRATA IN VIGORE DEL NUOVO DECRETO LEGGE"},"content":{"rendered":"<p><strong><a href=\"https:\/\/www.radiopiu.net\/wordpress\/luxottica-primo-giorno-da-green\/926947f7-647d-43cb-a2b9-82bd99c18312\/\" rel=\"attachment wp-att-237172\"><img loading=\"lazy\" decoding=\"async\" class=\"size-medium wp-image-237172 alignleft\" src=\"https:\/\/www.radiopiu.net\/wordpress\/wp-content\/uploads\/2021\/10\/926947f7-647d-43cb-a2b9-82bd99c18312-300x224.jpg\" alt=\"\" width=\"300\" height=\"224\" srcset=\"https:\/\/www.radiopiu.net\/wordpress\/wp-content\/uploads\/2021\/10\/926947f7-647d-43cb-a2b9-82bd99c18312-300x224.jpg 300w, https:\/\/www.radiopiu.net\/wordpress\/wp-content\/uploads\/2021\/10\/926947f7-647d-43cb-a2b9-82bd99c18312-1024x766.jpg 1024w, https:\/\/www.radiopiu.net\/wordpress\/wp-content\/uploads\/2021\/10\/926947f7-647d-43cb-a2b9-82bd99c18312-768x574.jpg 768w, https:\/\/www.radiopiu.net\/wordpress\/wp-content\/uploads\/2021\/10\/926947f7-647d-43cb-a2b9-82bd99c18312-1536x1149.jpg 1536w, https:\/\/www.radiopiu.net\/wordpress\/wp-content\/uploads\/2021\/10\/926947f7-647d-43cb-a2b9-82bd99c18312.jpg 2000w\" sizes=\"auto, (max-width: 300px) 100vw, 300px\" \/><\/a>AGORDO<\/strong> Il 1 febbraio e il 15 febbraio entreranno in vigore le nuove regole per accedere al posto di lavoro con l&#8217;attuazione del nuovo decreto legge. Anche Luxottica si adegua alle nuove normative e ricorda che a partire dal 1 febbraio il Green Pass, ottenuto con guarigione o vaccinazione, avr\u00e0 una validit\u00e0 di 180 giorni. Se la certificazione \u00e8 scaduta o sta per scadere l&#8217;invito alle maestranze \u00e8 di prenotare in tempo la terza dose di vaccino. Altra novit\u00e0 a partire dal 15 febbraio. I dipendenti con pi\u00f9 di 50 anni di et\u00e0, per accedere al lavoro, dovranno presentare il Green Pass rafforzato che viene rilasciato in caso di guarigione o vaccinazione, quindi non include l&#8217;effettuazione di tampone. Luxottica ricorda a tutti i dipendenti del gruppo che il green pass \u00e8 possibile caricarlo sulla piattaforma esterna Cartsan, accessibile dal My Personal Desk del sito One Luxottica dedicato alle maestranze. L&#8217;invito a caricare la certificazione \u00e8 per evitare code ai tornelli al momento dell&#8217;accesso nel perimetro aziendale.<\/p>\n<p>&nbsp;<\/p>\n<p>&nbsp;<\/p>\n<p>&nbsp;<\/p>\n<p>*****<\/p>\n","protected":false},"excerpt":{"rendered":"<p>AGORDO Il 1 febbraio e il 15 febbraio entreranno in vigore le nuove regole per accedere al posto di lavoro con l&#8217;attuazione del nuovo decreto legge. Anche Luxottica si adegua alle nuove normative e ricorda che a partire dal 1 febbraio il Green Pass, ottenuto con guarigione o vaccinazione, avr\u00e0 una validit\u00e0 di 180 giorni.&hellip;<\/p>\n","protected":false},"author":4,"featured_media":237172,"comment_status":"closed","ping_status":"open","sticky":false,"template":"","format":"standard","meta":{"_monsterinsights_skip_tracking":false,"_monsterinsights_sitenote_active":false,"_monsterinsights_sitenote_note":"","_monsterinsights_sitenote_category":0,"footnotes":""},"categories":[51,49],"tags":[],"class_list":["post-255902","post","type-post","status-publish","format-standard","has-post-thumbnail","hentry","category-evidenza-top","category-news-18","category-51","category-49","description-off"],"img_url":"https:\/\/www.radiopiu.net\/wordpress\/wp-content\/uploads\/2021\/10\/926947f7-647d-43cb-a2b9-82bd99c18312.jpg","_links":{"self":[{"href":"https:\/\/www.radiopiu.net\/wordpress\/wp-json\/wp\/v2\/posts\/255902","targetHints":{"allow":["GET"]}}],"collection":[{"href":"https:\/\/www.radiopiu.net\/wordpress\/wp-json\/wp\/v2\/posts"}],"about":[{"href":"https:\/\/www.radiopiu.net\/wordpress\/wp-json\/wp\/v2\/types\/post"}],"author":[{"embeddable":true,"href":"https:\/\/www.radiopiu.net\/wordpress\/wp-json\/wp\/v2\/users\/4"}],"replies":[{"embeddable":true,"href":"https:\/\/www.radiopiu.net\/wordpress\/wp-json\/wp\/v2\/comments?post=255902"}],"version-history":[{"count":0,"href":"https:\/\/www.radiopiu.net\/wordpress\/wp-json\/wp\/v2\/posts\/255902\/revisions"}],"wp:featuredmedia":[{"embeddable":true,"href":"https:\/\/www.radiopiu.net\/wordpress\/wp-json\/wp\/v2\/media\/237172"}],"wp:attachment":[{"href":"https:\/\/www.radiopiu.net\/wordpress\/wp-json\/wp\/v2\/media?parent=255902"}],"wp:term":[{"taxonomy":"category","embeddable":true,"href":"https:\/\/www.radiopiu.net\/wordpress\/wp-json\/wp\/v2\/categories?post=255902"},{"taxonomy":"post_tag","embeddable":true,"href":"https:\/\/www.radiopiu.net\/wordpress\/wp-json\/wp\/v2\/tags?post=255902"}],"curies":[{"name":"wp","href":"https:\/\/api.w.org\/{rel}","templated":true}]}}