{"id":255975,"date":"2022-01-24T23:59:34","date_gmt":"2022-01-24T22:59:34","guid":{"rendered":"https:\/\/www.radiopiu.net\/wordpress\/?p=255975"},"modified":"2022-01-25T05:55:22","modified_gmt":"2022-01-25T04:55:22","slug":"dolomiti-bellunesi-ai-box-causa-covid-continuano-gli-allenamenti-a-ranghi-ridotti","status":"publish","type":"post","link":"https:\/\/www.radiopiu.net\/wordpress\/dolomiti-bellunesi-ai-box-causa-covid-continuano-gli-allenamenti-a-ranghi-ridotti\/","title":{"rendered":"DOLOMITI BELLUNESI AI BOX CAUSA COVID. CONTINUANO GLI ALLENAMENTI A RANGHI RIDOTTI"},"content":{"rendered":"<p><strong><a href=\"https:\/\/www.radiopiu.net\/wordpress\/dolomiti-bellunesi-il-punto-dopo-le-prime-5-giornate-di-campionato\/dolomiti-bellunesi\/\" rel=\"attachment wp-att-237637\"><img loading=\"lazy\" decoding=\"async\" class=\"size-medium wp-image-237637 alignleft\" src=\"https:\/\/www.radiopiu.net\/wordpress\/wp-content\/uploads\/2021\/10\/DOLOMITI-BELLUNESI-300x185.png\" alt=\"\" width=\"300\" height=\"185\" srcset=\"https:\/\/www.radiopiu.net\/wordpress\/wp-content\/uploads\/2021\/10\/DOLOMITI-BELLUNESI-300x185.png 300w, https:\/\/www.radiopiu.net\/wordpress\/wp-content\/uploads\/2021\/10\/DOLOMITI-BELLUNESI-1024x630.png 1024w, https:\/\/www.radiopiu.net\/wordpress\/wp-content\/uploads\/2021\/10\/DOLOMITI-BELLUNESI-768x473.png 768w, https:\/\/www.radiopiu.net\/wordpress\/wp-content\/uploads\/2021\/10\/DOLOMITI-BELLUNESI.png 1212w\" sizes=\"auto, (max-width: 300px) 100vw, 300px\" \/><\/a>BELLUNO<\/strong> Doveva essere il fine settimana che dava il via al calcio giocato nel campionato di Serie D ma per la Dolomiti Bellunesi non \u00e8 stato cos\u00ec. La squadra del capoluogo ha dovuto rinviare la sfida con il Mestre e molto probabilmente ci sar\u00e0 il rinvio anche della prossima trasferta contro il Levico Terme. All&#8217;interno del gruppo dei giocatori risultati positivi al Covid e quindi stop forzato. Nel frattempo continuano gli allenamenti a ranghi ridotti in attesa di poter calcare di nuovo i campi da gioco.<\/p>\n<p><strong>STEFANO MOSCA, GIOCATORE DELLA DOLOMITI BELLUNESI<\/strong><\/p>\n<audio class=\"wp-audio-shortcode\" id=\"audio-255975-1\" preload=\"none\" style=\"width: 100%;\" controls=\"controls\"><source type=\"audio\/mpeg\" src=\"https:\/\/www.radiopiu.net\/wordpress\/wp-content\/uploads\/2022\/01\/STEFANO-MOSCA.mp3?_=1\" \/><a href=\"https:\/\/www.radiopiu.net\/wordpress\/wp-content\/uploads\/2022\/01\/STEFANO-MOSCA.mp3\">https:\/\/www.radiopiu.net\/wordpress\/wp-content\/uploads\/2022\/01\/STEFANO-MOSCA.mp3<\/a><\/audio>\n<p>&nbsp;<\/p>\n<p>&nbsp;<\/p>\n<p>*****<\/p>\n","protected":false},"excerpt":{"rendered":"<p>BELLUNO Doveva essere il fine settimana che dava il via al calcio giocato nel campionato di Serie D ma per la Dolomiti Bellunesi non \u00e8 stato cos\u00ec. La squadra del capoluogo ha dovuto rinviare la sfida con il Mestre e molto probabilmente ci sar\u00e0 il rinvio anche della prossima trasferta contro il Levico Terme. All&#8217;interno&hellip;<\/p>\n","protected":false},"author":4,"featured_media":237637,"comment_status":"closed","ping_status":"open","sticky":false,"template":"","format":"standard","meta":{"_monsterinsights_skip_tracking":false,"_monsterinsights_sitenote_active":false,"_monsterinsights_sitenote_note":"","_monsterinsights_sitenote_category":0,"footnotes":""},"categories":[104,49],"tags":[],"class_list":["post-255975","post","type-post","status-publish","format-standard","has-post-thumbnail","hentry","category-evidenza_3","category-news-18","category-104","category-49","description-off"],"img_url":"https:\/\/www.radiopiu.net\/wordpress\/wp-content\/uploads\/2021\/10\/DOLOMITI-BELLUNESI.png","_links":{"self":[{"href":"https:\/\/www.radiopiu.net\/wordpress\/wp-json\/wp\/v2\/posts\/255975","targetHints":{"allow":["GET"]}}],"collection":[{"href":"https:\/\/www.radiopiu.net\/wordpress\/wp-json\/wp\/v2\/posts"}],"about":[{"href":"https:\/\/www.radiopiu.net\/wordpress\/wp-json\/wp\/v2\/types\/post"}],"author":[{"embeddable":true,"href":"https:\/\/www.radiopiu.net\/wordpress\/wp-json\/wp\/v2\/users\/4"}],"replies":[{"embeddable":true,"href":"https:\/\/www.radiopiu.net\/wordpress\/wp-json\/wp\/v2\/comments?post=255975"}],"version-history":[{"count":0,"href":"https:\/\/www.radiopiu.net\/wordpress\/wp-json\/wp\/v2\/posts\/255975\/revisions"}],"wp:featuredmedia":[{"embeddable":true,"href":"https:\/\/www.radiopiu.net\/wordpress\/wp-json\/wp\/v2\/media\/237637"}],"wp:attachment":[{"href":"https:\/\/www.radiopiu.net\/wordpress\/wp-json\/wp\/v2\/media?parent=255975"}],"wp:term":[{"taxonomy":"category","embeddable":true,"href":"https:\/\/www.radiopiu.net\/wordpress\/wp-json\/wp\/v2\/categories?post=255975"},{"taxonomy":"post_tag","embeddable":true,"href":"https:\/\/www.radiopiu.net\/wordpress\/wp-json\/wp\/v2\/tags?post=255975"}],"curies":[{"name":"wp","href":"https:\/\/api.w.org\/{rel}","templated":true}]}}