{"id":255980,"date":"2022-01-26T05:48:21","date_gmt":"2022-01-26T04:48:21","guid":{"rendered":"https:\/\/www.radiopiu.net\/wordpress\/?p=255980"},"modified":"2022-01-26T09:12:21","modified_gmt":"2022-01-26T08:12:21","slug":"giornale-radiopiu-26-gennaio-2022-direttore-mirko-mezzacasa","status":"publish","type":"post","link":"https:\/\/www.radiopiu.net\/wordpress\/giornale-radiopiu-26-gennaio-2022-direttore-mirko-mezzacasa\/","title":{"rendered":"GIORNALE RADIOPIU 26 GENNAIO 2022 DIRETTORE MIRKO MEZZACASA"},"content":{"rendered":"<h3 class=\"kvgmc6g5 cxmmr5t8 oygrvhab hcukyx3x c1et5uql\"><span style=\"color: #0000ff;\"><strong>\u00a0INFORMAZIONE il canale su TELEGRAM informazione di prima mano e in tempo reale. iscriviti ed aiutaci a farlo conoscere\u00a0\u00a0<\/strong><\/span><\/h3>\n<p>&nbsp;<\/p>\n<hr \/>\n<p>&nbsp;<\/p>\n<p>&nbsp;<\/p>\n<blockquote>\n<h3><a href=\"https:\/\/www.radiopiu.net\/wordpress\/giornale-radiopiu-26-gennaio-2022-direttore-mirko-mezzacasa\/409539_2774909059474_1196345269_n\/\" rel=\"attachment wp-att-256194\"><img loading=\"lazy\" decoding=\"async\" class=\"wp-image-256194 alignleft\" src=\"https:\/\/www.radiopiu.net\/wordpress\/wp-content\/uploads\/2022\/01\/409539_2774909059474_1196345269_n-170x300.jpg\" alt=\"\" width=\"126\" height=\"222\" srcset=\"https:\/\/www.radiopiu.net\/wordpress\/wp-content\/uploads\/2022\/01\/409539_2774909059474_1196345269_n-170x300.jpg 170w, https:\/\/www.radiopiu.net\/wordpress\/wp-content\/uploads\/2022\/01\/409539_2774909059474_1196345269_n.jpg 190w\" sizes=\"auto, (max-width: 126px) 100vw, 126px\" \/><\/a><\/h3>\n<h3>LA GOLIARDATA CHE NON HA FATTO RIDERE NESSUNO, QUALCHE &#8220;GRANDE&#8221; ELETTORE\u00a0 BELLUNESE PARE CHE A ROMA NON ABBIA NIENTE DI MEGLIO DA FARE CHE&#8230; DIVERTIRSI<\/h3>\n<\/blockquote>\n<p>Alessio Bortolini Presidente della Repubblica, anzi il sindaco Svaluto Ferro Presidente della Repubblica, l&#8217;altro giorno si era messo in coda come candidato anche Rocco Siffredi. Per la carica al Quirinale voti anche per Mauro Corona e Lotito. E&#8217; molto probabile che a proporre l&#8217;imprenditore di Blue Dress\u00a0 (allenatore della canottierI) e il sindaco di Perarolo sia stato qualche\u00a0 bellunese eletto per rappresentare i bellunesi con preparazione ed intelligenza che in questo caso sembrano parole sconosciute.<\/p>\n<p>&nbsp;<\/p>\n<p>&nbsp;<\/p>\n<hr \/>\n<p>&nbsp;<\/p>\n<blockquote>\n<h3>ACQUA INQUINATA NELLA FRAZIONE ALTA DI TAIBON<\/h3>\n<\/blockquote>\n<p><strong><img loading=\"lazy\" decoding=\"async\" class=\"alignleft\" src=\"https:\/\/www.radiopiu.net\/wordpress\/wp-content\/uploads\/2018\/08\/ACQUA.jpeg\" width=\"193\" height=\"116\" \/>TAIBON<\/strong> Gestione Servizi Pubblici informa che in localit\u00e0 Col de Carrera l&#8217;acqua erogata dall&#8217; acquedotto non \u00e8 potabile e pu\u00f2 essere usata per scopi alimentari solo previa bollitura. GSP ha, comunque, gi\u00e0 adottato le necessarie misure per la disinfezione dell&#8217;acqua presente nei serbatoi e nella rete idrica con l&#8217;aggiunta di cloro. Ulteriori informazioni saranno fornite nei prossimi giorni.<\/p>\n<p>&nbsp;<\/p>\n<p>&nbsp;<\/p>\n<hr \/>\n<p>&nbsp;<\/p>\n<blockquote>\n<h3><span style=\"color: #ff0000;\">LA CROCE VERDE VAL BIOIS COMUNICA I DISSERVIZI PER IL MESE DI GENNAIO 2022<\/span><\/h3>\n<\/blockquote>\n<p><strong><a href=\"https:\/\/www.radiopiu.net\/wordpress\/lassessore-gianpaolo-bottacin-ribatte-alle-accuse-del-presidente-della-croce-verde-val-biois-stefano-murer\/croce-verde-val-biois-2\/\" rel=\"attachment wp-att-153811\"><img loading=\"lazy\" decoding=\"async\" class=\" wp-image-153811 alignleft\" src=\"https:\/\/www.radiopiu.net\/wordpress\/wp-content\/uploads\/2020\/08\/CROCE-VERDE-VAL-BIOIS-300x225.jpg\" alt=\"\" width=\"185\" height=\"139\" srcset=\"https:\/\/www.radiopiu.net\/wordpress\/wp-content\/uploads\/2020\/08\/CROCE-VERDE-VAL-BIOIS-300x225.jpg 300w, https:\/\/www.radiopiu.net\/wordpress\/wp-content\/uploads\/2020\/08\/CROCE-VERDE-VAL-BIOIS-1024x768.jpg 1024w, https:\/\/www.radiopiu.net\/wordpress\/wp-content\/uploads\/2020\/08\/CROCE-VERDE-VAL-BIOIS-768x576.jpg 768w, https:\/\/www.radiopiu.net\/wordpress\/wp-content\/uploads\/2020\/08\/CROCE-VERDE-VAL-BIOIS-1536x1153.jpg 1536w, https:\/\/www.radiopiu.net\/wordpress\/wp-content\/uploads\/2020\/08\/CROCE-VERDE-VAL-BIOIS.jpg 1599w\" sizes=\"auto, (max-width: 185px) 100vw, 185px\" \/><\/a> <\/strong><\/p>\n<p><strong>\u00a0<\/strong><strong>FALCADE<\/strong> Anche nel mese di gennaio la Croce Verde Val Biois non assicura l&#8217;assistenza in alcune giornate. A comunicarlo il presidente Stefano Murer. Queste le date dei disservizi: DOMANI\u00a0 dalle 6 alle 20 VENERDI&#8217; 28 GENNAIO dalle 6:00 alle 20:00; SABATO 29 GENNAIO il servizio sar\u00e0 regolare, diversamente da quanto precedentemente comunicato. La Croce Verde Val Biois infatti ha recuperato un equipaggio per coprire il servizio h24 coordinato dal Suem 118.<\/p>\n<p>&nbsp;<\/p>\n<p>&nbsp;<\/p>\n<p>&nbsp;<\/p>\n<hr \/>\n<p>&nbsp;<\/p>\n<blockquote>\n<h3>ANCORA UN DECESSO COVID IN ULSS 1 DOLOMITI<\/h3>\n<\/blockquote>\n<p><strong>BELLUNO<\/strong> Nelle ultime 24 ore \u00e8 deceduto un uomo di 79 anni ricoverato in Pneumologia Covid a Belluno.<\/p>\n<p><span style=\"color: #ff0000;\"><strong><a href=\"https:\/\/www.radiopiu.net\/wordpress\/giornale-radiopiu-26-gennaio-2022-direttore-mirko-mezzacasa\/69f16252-befc-420e-8f0f-c8f7dca220be\/\" rel=\"attachment wp-att-256207\"><img loading=\"lazy\" decoding=\"async\" class=\"wp-image-256207 alignleft\" src=\"https:\/\/www.radiopiu.net\/wordpress\/wp-content\/uploads\/2022\/01\/69f16252-befc-420e-8f0f-c8f7dca220be-300x172.jpg\" alt=\"\" width=\"197\" height=\"113\" srcset=\"https:\/\/www.radiopiu.net\/wordpress\/wp-content\/uploads\/2022\/01\/69f16252-befc-420e-8f0f-c8f7dca220be-300x172.jpg 300w, https:\/\/www.radiopiu.net\/wordpress\/wp-content\/uploads\/2022\/01\/69f16252-befc-420e-8f0f-c8f7dca220be.jpg 620w\" sizes=\"auto, (max-width: 197px) 100vw, 197px\" \/><\/a>COVID NELL&#8217;AGORDINO, POSITIVI AL 25 GENNAIO<\/strong><\/span>: <strong>Taibon<\/strong> 40 positivi, 6 in isolamento, <strong>Colle Santa Lucia<\/strong> 16 positivi, <strong>Rocca Pietore<\/strong> 59 positivi, 8 in isolamento <strong>Canale d&#8217;Agordo<\/strong> 18 positivi 4 isolamento <strong>Livinallongo<\/strong> 35 positivi 1 isolamento <strong>Selva di Cadore<\/strong> 26 positivi <strong>Alleghe<\/strong> 53 positivi 11 isolamento <strong>Cencenighe<\/strong> 23 positivi 2 isolamento <span style=\"color: #ff0000;\"><strong>AL 24 GENNAIO<\/strong><\/span>: <strong>Agordo<\/strong> 172,<strong> Voltago<\/strong> 14, <strong>Falcade<\/strong> 49,<strong> Vallada<\/strong> 10, <strong>La Valle<\/strong> 35, <strong>Rivamonte<\/strong> 21, <strong>San Tomaso<\/strong> 9 <strong>Gosaldo<\/strong> 18<\/p>\n<p>&nbsp;<\/p>\n<p>&nbsp;<\/p>\n<hr \/>\n<p>&nbsp;<\/p>\n<blockquote>\n<h3>GIOVANNI CHISSALE&#8217; &#8220;IL TUO RICORDO, LA NOSTRA FORZA&#8221;<\/h3>\n<p><strong>di GIANNI SANTOMASO<\/strong><\/p>\n<audio class=\"wp-audio-shortcode\" id=\"audio-255980-1\" preload=\"none\" style=\"width: 100%;\" controls=\"controls\"><source type=\"audio\/mpeg\" src=\"https:\/\/www.radiopiu.net\/wordpress\/wp-content\/uploads\/2022\/01\/gianni-chissale.mp3?_=1\" \/><a href=\"https:\/\/www.radiopiu.net\/wordpress\/wp-content\/uploads\/2022\/01\/gianni-chissale.mp3\">https:\/\/www.radiopiu.net\/wordpress\/wp-content\/uploads\/2022\/01\/gianni-chissale.mp3<\/a><\/audio><\/blockquote>\n<p><strong>AGORDO<\/strong> La redazione di Radio Pi\u00f9 si unisce al dolore della famiglia Chissal\u00e8 per la perdita dell&#8217;amato Giovanni (79 anni) , marito di Giovanna, pap\u00e0 del sindaco Roberto Chissal\u00e8, di Rosita, Sonia e Fulvio.\u00a0 I funerali si svolgeranno domani alle 14 nella chiesa Arcidiaconale di Agordo.<\/p>\n<p><img loading=\"lazy\" decoding=\"async\" class=\"\" src=\"https:\/\/www.radiopiu.net\/wordpress\/wp-content\/uploads\/2022\/01\/26c5d295-5e74-48da-9bab-a4a74662f183.jpg\" width=\"191\" height=\"164\" \/><\/p>\n<p>&nbsp;<\/p>\n<hr \/>\n<p>&nbsp;<\/p>\n<blockquote>\n<h3>MONTAGNA SICURA: CARABINIERI AL LAVORO SUGLI SCI PER IL CONTROLLO PISTE<\/h3>\n<\/blockquote>\n<p><strong><a href=\"https:\/\/www.radiopiu.net\/wordpress\/ccbeka\/th-299\/\" rel=\"attachment wp-att-256060\"><img loading=\"lazy\" decoding=\"async\" class=\" wp-image-256060 alignleft\" src=\"https:\/\/www.radiopiu.net\/wordpress\/wp-content\/uploads\/2022\/01\/th-16.jpg\" alt=\"\" width=\"242\" height=\"161\" \/><\/a>BELLUNO<\/strong> Quasi 250 servizi svolti da inizio stagione, 284 interventi di soccorso a uomini (162) e donne (122), interventi importanti per portare aiuto e sollievo a 255 sciatori e 29 snowbordisti. Questi alcuni dei numeri di Carabinieri Sciatori destinati a crescere con le settimane bianche e i fine settimana sugli sci che ci separano dalla primavera.<\/p>\n<p>Tra gli incidenti pi\u00f9 probabili le cadute (240) e gli scontri (27). Gli uomini dell&#8217;Arma hanno prestato soccorso a 36 sciatori costretti alle cure ospedaliere con oltre 30 giorni di prognosi, 7 gli interventi con l&#8217;ausilio dell&#8217;elicottero. Non sono mancate le contravvenzioni (11) i controlli green pass ben 2839 e nessuna irregolarit\u00e0. Infine tra i compiti dei Carabinieri sulle piste anche i controlli nei rifugi, almeno 5 al giorno.\u00a0 I servizi svolti e gli interventi di soccorso nei comprensori, Cortina 83 servizi, 38 interventi di soccorso; Falcade 39-40; Val di Zoldo 39-29; Alleghe 38-107; Arabba 44-63. Le contravvenzioni sono state elevate anche per transito con pista chiusa, scorretto uso degli impianti, risalita con sci d&#8217;alpinismo a piste chiuse, violazione regolamenti piste.<\/p>\n<blockquote>\n<h3>IL COMANDANTE DEI CARABINIERI DELLA COMPAGNIA DI BELLUNO, TENENTE COLONELLO FRANCESCO RASTELLI<\/h3>\n<\/blockquote>\n<div style=\"width: 1200px;\" class=\"wp-video\"><video class=\"wp-video-shortcode\" id=\"video-255980-1\" width=\"1200\" height=\"675\" preload=\"metadata\" controls=\"controls\"><source type=\"video\/mp4\" src=\"https:\/\/www.radiopiu.net\/wordpress\/wp-content\/uploads\/2022\/01\/francesco-rastelli-tc.mp4?_=1\" \/><a href=\"https:\/\/www.radiopiu.net\/wordpress\/wp-content\/uploads\/2022\/01\/francesco-rastelli-tc.mp4\">https:\/\/www.radiopiu.net\/wordpress\/wp-content\/uploads\/2022\/01\/francesco-rastelli-tc.mp4<\/a><\/video><\/div>\n<p>&nbsp;<\/p>\n<hr \/>\n<p>&nbsp;<\/p>\n<p>&nbsp;<\/p>\n<blockquote>\n<h3>ALBANESE RECIDIVO, A BELLUNO NONOSTANTE IL FOGLIO DI VIA: INSEGUITO, PLACCATO E PORTATO IN QUESTURA DAGLI AGENTI DELLA QUESTURA. LE FOTO DA PIAZZA MARTIRI DI GIGI SOSSO<\/h3>\n<\/blockquote>\n\n\t\t\t<style type='text\/css'>\n\t\t\t\t#gallery-1 {\n\t\t\t\t\tmargin: auto;\n\t\t\t\t}\n\t\t\t\t#gallery-1 .gallery-item {\n\t\t\t\t\tfloat: left;\n\t\t\t\t\tmargin-top: 10px;\n\t\t\t\t\ttext-align: center;\n\t\t\t\t\twidth: 33%;\n\t\t\t\t}\n\t\t\t\t#gallery-1 img {\n\t\t\t\t\tborder: 2px solid #cfcfcf;\n\t\t\t\t}\n\t\t\t\t#gallery-1 .gallery-caption {\n\t\t\t\t\tmargin-left: 0;\n\t\t\t\t}\n\t\t\t\t\/* see gallery_shortcode() in wp-includes\/media.php *\/\n\t\t\t<\/style>\n\t\t<div id='gallery-1' class='dt-gallery-container gallery galleryid-255980 gallery-columns-3 gallery-size-thumbnail'><dl class='gallery-item'>\n\t\t\t\t<dt class='gallery-icon landscape'>\n\t\t\t\t\t<a class=\"rollover rollover-zoom dt-pswp-item\" title=\"e9c32dde-db76-475c-a3ff-516636895208\" data-dt-img-description=\"\" data-large_image_width=\"2000\" data-large_image_height=\"1500\"href='https:\/\/www.radiopiu.net\/wordpress\/wp-content\/uploads\/2022\/01\/e9c32dde-db76-475c-a3ff-516636895208.jpg'><img loading=\"lazy\" decoding=\"async\" width=\"150\" height=\"150\" src=\"https:\/\/www.radiopiu.net\/wordpress\/wp-content\/uploads\/2022\/01\/e9c32dde-db76-475c-a3ff-516636895208-150x150.jpg\" class=\"attachment-thumbnail size-thumbnail\" alt=\"\" \/><\/a>\n\t\t\t\t<\/dt><\/dl><dl class='gallery-item'>\n\t\t\t\t<dt class='gallery-icon portrait'>\n\t\t\t\t\t<a class=\"rollover rollover-zoom dt-pswp-item\" title=\"dbe92daa-fa28-48e4-878b-f96534a432c5\" data-dt-img-description=\"\" data-large_image_width=\"768\" data-large_image_height=\"1024\"href='https:\/\/www.radiopiu.net\/wordpress\/wp-content\/uploads\/2022\/01\/dbe92daa-fa28-48e4-878b-f96534a432c5.jpg'><img loading=\"lazy\" decoding=\"async\" width=\"150\" height=\"150\" src=\"https:\/\/www.radiopiu.net\/wordpress\/wp-content\/uploads\/2022\/01\/dbe92daa-fa28-48e4-878b-f96534a432c5-150x150.jpg\" class=\"attachment-thumbnail size-thumbnail\" alt=\"\" \/><\/a>\n\t\t\t\t<\/dt><\/dl><dl class='gallery-item'>\n\t\t\t\t<dt class='gallery-icon landscape'>\n\t\t\t\t\t<a class=\"rollover rollover-zoom dt-pswp-item\" title=\"81eabaf5-e683-47cc-b715-df3ba6c643bf\" data-dt-img-description=\"\" data-large_image_width=\"2000\" data-large_image_height=\"1500\"href='https:\/\/www.radiopiu.net\/wordpress\/wp-content\/uploads\/2022\/01\/81eabaf5-e683-47cc-b715-df3ba6c643bf.jpg'><img loading=\"lazy\" decoding=\"async\" width=\"150\" height=\"150\" src=\"https:\/\/www.radiopiu.net\/wordpress\/wp-content\/uploads\/2022\/01\/81eabaf5-e683-47cc-b715-df3ba6c643bf-150x150.jpg\" class=\"attachment-thumbnail size-thumbnail\" alt=\"\" \/><\/a>\n\t\t\t\t<\/dt><\/dl><br style=\"clear: both\" \/>\n\t\t\t<\/div>\n\n<p>&nbsp;<\/p>\n<p>&nbsp;<\/p>\n<hr \/>\n<p>&nbsp;<\/p>\n<blockquote>\n<h3>SOPRA IL CIELO DI VENEZIA LE FRECCE TRICOLORI ANNUNCIANO LE OLIMPIADI INVERNALI 2026<\/h3>\n<\/blockquote>\n\n\t\t\t<style type='text\/css'>\n\t\t\t\t#gallery-2 {\n\t\t\t\t\tmargin: auto;\n\t\t\t\t}\n\t\t\t\t#gallery-2 .gallery-item {\n\t\t\t\t\tfloat: left;\n\t\t\t\t\tmargin-top: 10px;\n\t\t\t\t\ttext-align: center;\n\t\t\t\t\twidth: 33%;\n\t\t\t\t}\n\t\t\t\t#gallery-2 img {\n\t\t\t\t\tborder: 2px solid #cfcfcf;\n\t\t\t\t}\n\t\t\t\t#gallery-2 .gallery-caption {\n\t\t\t\t\tmargin-left: 0;\n\t\t\t\t}\n\t\t\t\t\/* see gallery_shortcode() in wp-includes\/media.php *\/\n\t\t\t<\/style>\n\t\t<div id='gallery-2' class='dt-gallery-container gallery galleryid-255980 gallery-columns-3 gallery-size-thumbnail'><dl class='gallery-item'>\n\t\t\t\t<dt class='gallery-icon portrait'>\n\t\t\t\t\t<a class=\"rollover rollover-zoom dt-pswp-item\" title=\"WhatsApp Image 2022-01-25 at 11.42.44\" data-dt-img-description=\"\" data-large_image_width=\"1508\" data-large_image_height=\"2048\"href='https:\/\/www.radiopiu.net\/wordpress\/wp-content\/uploads\/2022\/01\/WhatsApp-Image-2022-01-25-at-11.42.44.jpeg'><img loading=\"lazy\" decoding=\"async\" width=\"150\" height=\"150\" src=\"https:\/\/www.radiopiu.net\/wordpress\/wp-content\/uploads\/2022\/01\/WhatsApp-Image-2022-01-25-at-11.42.44-150x150.jpeg\" class=\"attachment-thumbnail size-thumbnail\" alt=\"\" \/><\/a>\n\t\t\t\t<\/dt><\/dl><dl class='gallery-item'>\n\t\t\t\t<dt class='gallery-icon landscape'>\n\t\t\t\t\t<a class=\"rollover rollover-zoom dt-pswp-item\" title=\"WhatsApp Image 2022-01-25 at 11.05.26\" data-dt-img-description=\"\" data-large_image_width=\"2048\" data-large_image_height=\"1536\"href='https:\/\/www.radiopiu.net\/wordpress\/wp-content\/uploads\/2022\/01\/WhatsApp-Image-2022-01-25-at-11.05.26.jpeg'><img loading=\"lazy\" decoding=\"async\" width=\"150\" height=\"150\" src=\"https:\/\/www.radiopiu.net\/wordpress\/wp-content\/uploads\/2022\/01\/WhatsApp-Image-2022-01-25-at-11.05.26-150x150.jpeg\" class=\"attachment-thumbnail size-thumbnail\" alt=\"\" \/><\/a>\n\t\t\t\t<\/dt><\/dl><dl class='gallery-item'>\n\t\t\t\t<dt class='gallery-icon portrait'>\n\t\t\t\t\t<a class=\"rollover rollover-zoom dt-pswp-item\" title=\"WhatsApp Image 2022-01-25 at 11.42.40\" data-dt-img-description=\"\" data-large_image_width=\"1536\" data-large_image_height=\"2048\"href='https:\/\/www.radiopiu.net\/wordpress\/wp-content\/uploads\/2022\/01\/WhatsApp-Image-2022-01-25-at-11.42.40.jpeg'><img loading=\"lazy\" decoding=\"async\" width=\"150\" height=\"150\" src=\"https:\/\/www.radiopiu.net\/wordpress\/wp-content\/uploads\/2022\/01\/WhatsApp-Image-2022-01-25-at-11.42.40-150x150.jpeg\" class=\"attachment-thumbnail size-thumbnail\" alt=\"\" \/><\/a>\n\t\t\t\t<\/dt><\/dl><br style=\"clear: both\" \/>\n\t\t\t<\/div>\n\n<p><strong>VENEZIA<\/strong> Ieri i la scia bianca, rossa e verde della Pattuglia Acrobatica Nazionale dell\u2019Aeronautica Militare ha dipinto di il cielo di Venezia. Nella mattinata, infatti, le Frecce Tricolori sono sfrecciate sopra il Ponte di Rialto e sopra la Chiesa di San Giorgio Maggiore per segnare il primo appuntamento del percorso in preparazione all\u2019evento Olimpico di Milano Cortina 2026. Le Dolomiti Venete e pi\u00f9 precisamente Cortina, saranno sede dello Sci Alpino Femminile e delle discipline del bob, skeleton e slittino, oltre ad essere una delle tre venue dei giochi paralimpici del 2026. Le date delle gare olimpiche si svolgeranno tra il 6 e il 22 febbraio 2026.<\/p>\n<div style=\"width: 848px;\" class=\"wp-video\"><video class=\"wp-video-shortcode\" id=\"video-255980-2\" width=\"848\" height=\"480\" preload=\"metadata\" controls=\"controls\"><source type=\"video\/mp4\" src=\"https:\/\/www.radiopiu.net\/wordpress\/wp-content\/uploads\/2022\/01\/WhatsApp-Video-2022-01-25-at-11.19.30.mp4?_=2\" \/><a href=\"https:\/\/www.radiopiu.net\/wordpress\/wp-content\/uploads\/2022\/01\/WhatsApp-Video-2022-01-25-at-11.19.30.mp4\">https:\/\/www.radiopiu.net\/wordpress\/wp-content\/uploads\/2022\/01\/WhatsApp-Video-2022-01-25-at-11.19.30.mp4<\/a><\/video><\/div>\n<p>&nbsp;<\/p>\n<div style=\"width: 848px;\" class=\"wp-video\"><video class=\"wp-video-shortcode\" id=\"video-255980-3\" width=\"848\" height=\"480\" preload=\"metadata\" controls=\"controls\"><source type=\"video\/mp4\" src=\"https:\/\/www.radiopiu.net\/wordpress\/wp-content\/uploads\/2022\/01\/WhatsApp-Video-2022-01-25-at-11.19.40.mp4?_=3\" \/><a href=\"https:\/\/www.radiopiu.net\/wordpress\/wp-content\/uploads\/2022\/01\/WhatsApp-Video-2022-01-25-at-11.19.40.mp4\">https:\/\/www.radiopiu.net\/wordpress\/wp-content\/uploads\/2022\/01\/WhatsApp-Video-2022-01-25-at-11.19.40.mp4<\/a><\/video><\/div>\n<p>&nbsp;<\/p>\n<p>&nbsp;<\/p>\n<hr \/>\n<p>&nbsp;<\/p>\n<blockquote>\n<h3>VIA LIBERA DAL CONSIGLIO COMUNALE DI SAN TOMASO PER L&#8217;AMPLIAMENTO DELLA CAVA IN LOCALITA&#8217; I PIEGN<\/h3>\n<\/blockquote>\n<p><strong><a href=\"https:\/\/www.radiopiu.net\/wordpress\/giornale-radiopiu-19-novembre-2021-direttore-mirko-mezzacasa\/81aa72cc-d66b-44fa-afd5-7103ae531a24\/\" rel=\"attachment wp-att-243762\"><img loading=\"lazy\" decoding=\"async\" class=\" wp-image-243762 alignleft\" src=\"https:\/\/www.radiopiu.net\/wordpress\/wp-content\/uploads\/2021\/11\/81aa72cc-d66b-44fa-afd5-7103ae531a24-300x220.jpg\" alt=\"\" width=\"149\" height=\"109\" srcset=\"https:\/\/www.radiopiu.net\/wordpress\/wp-content\/uploads\/2021\/11\/81aa72cc-d66b-44fa-afd5-7103ae531a24-300x220.jpg 300w, https:\/\/www.radiopiu.net\/wordpress\/wp-content\/uploads\/2021\/11\/81aa72cc-d66b-44fa-afd5-7103ae531a24.jpg 512w\" sizes=\"auto, (max-width: 149px) 100vw, 149px\" \/><\/a>SAN TOMASO<\/strong><\/p>\n<p>di Gianni Santomaso<\/p>\n<audio class=\"wp-audio-shortcode\" id=\"audio-255980-2\" preload=\"none\" style=\"width: 100%;\" controls=\"controls\"><source type=\"audio\/mpeg\" src=\"https:\/\/www.radiopiu.net\/wordpress\/wp-content\/uploads\/2022\/01\/GIANNI-CAVA-PIEGN-SAN-TOMASO.mp3?_=2\" \/><a href=\"https:\/\/www.radiopiu.net\/wordpress\/wp-content\/uploads\/2022\/01\/GIANNI-CAVA-PIEGN-SAN-TOMASO.mp3\">https:\/\/www.radiopiu.net\/wordpress\/wp-content\/uploads\/2022\/01\/GIANNI-CAVA-PIEGN-SAN-TOMASO.mp3<\/a><\/audio>\n<p>&nbsp;<\/p>\n<hr \/>\n<p>&nbsp;<\/p>\n<blockquote>\n<h3>CASO BIANCHINI, C&#8217;E&#8217; LA DATA: 25 MARZO IL GIORNO DELL&#8217;UDIENZA SUL &#8220;FALSO&#8221;<\/h3>\n<\/blockquote>\n<p><strong><a href=\"https:\/\/www.radiopiu.net\/wordpress\/fabbria\/antonellafabbri\/\" rel=\"attachment wp-att-255639\"><img loading=\"lazy\" decoding=\"async\" class=\" wp-image-255639 alignleft\" src=\"https:\/\/www.radiopiu.net\/wordpress\/wp-content\/uploads\/2022\/01\/Antonellafabbri-300x200.jpg\" alt=\"\" width=\"194\" height=\"129\" srcset=\"https:\/\/www.radiopiu.net\/wordpress\/wp-content\/uploads\/2022\/01\/Antonellafabbri-300x200.jpg 300w, https:\/\/www.radiopiu.net\/wordpress\/wp-content\/uploads\/2022\/01\/Antonellafabbri.jpg 495w\" sizes=\"auto, (max-width: 194px) 100vw, 194px\" \/><\/a>BELLUNO<\/strong> Si terr\u00e0 il 25 marzo l&#8217;udienza preliminare per 4 indagati per\u00a0 reato di falso: Antonella Fabbri, Raffaele Zanella, Cristina Bortoluzzi e Tiziana Bortot dell&#8217;Ufficio Procedimenti disciplinari dell&#8217;Ulss 1 saranno in aula\u00a0 davanti al gup Enrica Marson. La Procura della Repubblica ha chiesto il loro rinvio a giudizio, perch\u00e9 avrebbero falsificato di un giorno la data di rientro di Roberto Bianchini dalla vacanza in Thailandia; i difensori replicheranno con la richiesta di proscioglimento per quello che \u00e8 gi\u00e0 stato definito un &#8220;falso innocuo&#8221;.\u00a0 Antonella Fabbri ha querelato un maresciallo della Finanza per calunnia, ha fatto opposizione alla richiesta di archiviazione.<\/p>\n<p>&nbsp;<\/p>\n<hr \/>\n<p>&nbsp;<\/p>\n<blockquote>\n<h3>VIGILI DEL FUOCO A TOMO<\/h3>\n<\/blockquote>\n<p><strong><a href=\"https:\/\/www.radiopiu.net\/wordpress\/domenica-esercitazione-dei-vigili-del-fuoco-a-falcade\/3ad5a980-5dd0-475a-991f-39b6c7d87e5c\/\" rel=\"attachment wp-att-222517\"><img loading=\"lazy\" decoding=\"async\" class=\"wp-image-222517 alignleft\" src=\"https:\/\/www.radiopiu.net\/wordpress\/wp-content\/uploads\/2021\/07\/3ad5a980-5dd0-475a-991f-39b6c7d87e5c-300x200.jpg\" alt=\"\" width=\"150\" height=\"100\" srcset=\"https:\/\/www.radiopiu.net\/wordpress\/wp-content\/uploads\/2021\/07\/3ad5a980-5dd0-475a-991f-39b6c7d87e5c-300x200.jpg 300w, https:\/\/www.radiopiu.net\/wordpress\/wp-content\/uploads\/2021\/07\/3ad5a980-5dd0-475a-991f-39b6c7d87e5c-1024x683.jpg 1024w, https:\/\/www.radiopiu.net\/wordpress\/wp-content\/uploads\/2021\/07\/3ad5a980-5dd0-475a-991f-39b6c7d87e5c-768x512.jpg 768w, https:\/\/www.radiopiu.net\/wordpress\/wp-content\/uploads\/2021\/07\/3ad5a980-5dd0-475a-991f-39b6c7d87e5c.jpg 1080w\" sizes=\"auto, (max-width: 150px) 100vw, 150px\" \/><\/a>FELTRE<\/strong> I pompieri di Feltre sono stati chiamati a Tomo per un camion di una ditta di combustibili rimasto in panne dopo aver imboccato una via dove era ancora presente la neve ed \u00e8 rimasto bloccato. La richiesta di aiuto \u00e8 giunta pi\u00f9 o meno alle 13,30 e l&#8217;intervento ha richiesto un&#8217;ora abbondante di lavoro con il rientro nella caserma di via Bagnols avvenuto poco prima delle 15. Il conducente ha cos\u00ec riprendere la consegna della bombole del gas.<\/p>\n<p>&nbsp;<\/p>\n<hr \/>\n<p>&nbsp;<\/p>\n<h1 style=\"text-align: center;\"><span style=\"color: #993366;\"><a href=\"https:\/\/www.radiopiu.net\/wordpress\/nuovi-sindaci\/risultati-elezioni-comunali-2021-amministrative-oggi-today-2\/\" rel=\"attachment wp-att-235320\"><img loading=\"lazy\" decoding=\"async\" class=\"wp-image-235320 aligncenter\" src=\"https:\/\/www.radiopiu.net\/wordpress\/wp-content\/uploads\/2021\/10\/risultati-elezioni-comunali-2021-amministrative-oggi-today-2-300x169.jpg\" alt=\"\" width=\"185\" height=\"104\" srcset=\"https:\/\/www.radiopiu.net\/wordpress\/wp-content\/uploads\/2021\/10\/risultati-elezioni-comunali-2021-amministrative-oggi-today-2-300x169.jpg 300w, https:\/\/www.radiopiu.net\/wordpress\/wp-content\/uploads\/2021\/10\/risultati-elezioni-comunali-2021-amministrative-oggi-today-2.jpg 640w\" sizes=\"auto, (max-width: 185px) 100vw, 185px\" \/><\/a>SPECIALE AMMINISTRATIVE DI PRIMAVERA, SI VOTA A RIVAMONTE E FALCADE\u00a0<\/span><\/h1>\n<p>&nbsp;<\/p>\n<hr \/>\n<blockquote>\n<h2><\/h2>\n<h2>A PRIMAVERA A RIVAMONTE SI VOTA, IL RITORNO DI VALTER TODESCO?<\/h2>\n<\/blockquote>\n<p><span style=\"color: #ff0000;\"><strong>dal notiziario del 6 gennaio 2022, anteprima dell&#8217;Epifania<\/strong><\/span><\/p>\n\n\t\t\t<style type='text\/css'>\n\t\t\t\t#gallery-3 {\n\t\t\t\t\tmargin: auto;\n\t\t\t\t}\n\t\t\t\t#gallery-3 .gallery-item {\n\t\t\t\t\tfloat: left;\n\t\t\t\t\tmargin-top: 10px;\n\t\t\t\t\ttext-align: center;\n\t\t\t\t\twidth: 50%;\n\t\t\t\t}\n\t\t\t\t#gallery-3 img {\n\t\t\t\t\tborder: 2px solid #cfcfcf;\n\t\t\t\t}\n\t\t\t\t#gallery-3 .gallery-caption {\n\t\t\t\t\tmargin-left: 0;\n\t\t\t\t}\n\t\t\t\t\/* see gallery_shortcode() in wp-includes\/media.php *\/\n\t\t\t<\/style>\n\t\t<div id='gallery-3' class='dt-gallery-container gallery galleryid-255980 gallery-columns-2 gallery-size-thumbnail'><dl class='gallery-item'>\n\t\t\t\t<dt class='gallery-icon landscape'>\n\t\t\t\t\t<a class=\"rollover rollover-zoom dt-pswp-item\" title=\"GIOVANNI DEON\" data-dt-img-description=\"\" data-large_image_width=\"228\" data-large_image_height=\"221\"href='https:\/\/www.radiopiu.net\/wordpress\/wp-content\/uploads\/2021\/05\/GIOVANNI-DEON.jpg'><img loading=\"lazy\" decoding=\"async\" width=\"150\" height=\"150\" src=\"https:\/\/www.radiopiu.net\/wordpress\/wp-content\/uploads\/2021\/05\/GIOVANNI-DEON-150x150.jpg\" class=\"attachment-thumbnail size-thumbnail\" alt=\"\" aria-describedby=\"gallery-3-212771\" \/><\/a>\n\t\t\t\t<\/dt>\n\t\t\t\t\t<dd class='wp-caption-text gallery-caption' id='gallery-3-212771'>\n\t\t\t\t\tNINO DEON\n\t\t\t\t\t<\/dd><\/dl><dl class='gallery-item'>\n\t\t\t\t<dt class='gallery-icon landscape'>\n\t\t\t\t\t<a class=\"rollover rollover-zoom dt-pswp-item\" title=\"pp\" data-dt-img-description=\"\" data-large_image_width=\"640\" data-large_image_height=\"640\"href='https:\/\/www.radiopiu.net\/wordpress\/wp-content\/uploads\/2022\/01\/pp.jpg'><img loading=\"lazy\" decoding=\"async\" width=\"150\" height=\"150\" src=\"https:\/\/www.radiopiu.net\/wordpress\/wp-content\/uploads\/2022\/01\/pp-150x150.jpg\" class=\"attachment-thumbnail size-thumbnail\" alt=\"\" aria-describedby=\"gallery-3-252480\" srcset=\"https:\/\/www.radiopiu.net\/wordpress\/wp-content\/uploads\/2022\/01\/pp-150x150.jpg 150w, https:\/\/www.radiopiu.net\/wordpress\/wp-content\/uploads\/2022\/01\/pp-300x300.jpg 300w, https:\/\/www.radiopiu.net\/wordpress\/wp-content\/uploads\/2022\/01\/pp.jpg 640w\" sizes=\"auto, (max-width: 150px) 100vw, 150px\" \/><\/a>\n\t\t\t\t<\/dt>\n\t\t\t\t\t<dd class='wp-caption-text gallery-caption' id='gallery-3-252480'>\n\t\t\t\t\tVALTER TODESCO\n\t\t\t\t\t<\/dd><\/dl><br style=\"clear: both\" \/>\n\t\t\t<\/div>\n\n<p><strong>RIVAMONTE<\/strong><\/p>\n<p><strong>di GIANNI SANTOMASO<\/strong><\/p>\n<audio class=\"wp-audio-shortcode\" id=\"audio-255980-3\" preload=\"none\" style=\"width: 100%;\" controls=\"controls\"><source type=\"audio\/mpeg\" src=\"https:\/\/www.radiopiu.net\/wordpress\/wp-content\/uploads\/2022\/01\/GIANNI-RIVAMONTE.mp3?_=3\" \/><a href=\"https:\/\/www.radiopiu.net\/wordpress\/wp-content\/uploads\/2022\/01\/GIANNI-RIVAMONTE.mp3\">https:\/\/www.radiopiu.net\/wordpress\/wp-content\/uploads\/2022\/01\/GIANNI-RIVAMONTE.mp3<\/a><\/audio>\n<p>&nbsp;<\/p>\n<hr \/>\n<p>&nbsp;<\/p>\n<p><span style=\"color: #ff0000;\"><strong>dal notiziario del 14\u00a0 gennaio 2022, anteprima <\/strong><\/span><\/p>\n<div class=\"page-title-head hgroup\">\n<blockquote>\n<h3 class=\"entry-title\">MAURO SALVATERRA PER ORA UNICO CANDIDATO SINDACO A FALCADE, A PRIMAVERA SI VOTA ANCHE A RIVAMONTE<\/h3>\n<\/blockquote>\n<\/div>\n<div class=\"page-title-breadcrumbs\"><\/div>\n<p><img loading=\"lazy\" decoding=\"async\" class=\"alignleft\" src=\"https:\/\/www.radiopiu.net\/wordpress\/wp-content\/uploads\/2021\/07\/mauro-salvaterra.jpg\" width=\"115\" height=\"165\" \/><strong>FALCADE\u00a0<\/strong><\/p>\n<p><strong>DI GIANNI SANTOMASO\u00a0<\/strong><\/p>\n<audio class=\"wp-audio-shortcode\" id=\"audio-255980-4\" preload=\"none\" style=\"width: 100%;\" controls=\"controls\"><source type=\"audio\/mpeg\" src=\"https:\/\/www.radiopiu.net\/wordpress\/wp-content\/uploads\/2022\/01\/GIANNI-SALVA.mp3?_=4\" \/><a href=\"https:\/\/www.radiopiu.net\/wordpress\/wp-content\/uploads\/2022\/01\/GIANNI-SALVA.mp3\">https:\/\/www.radiopiu.net\/wordpress\/wp-content\/uploads\/2022\/01\/GIANNI-SALVA.mp3<\/a><\/audio>\n<p>&nbsp;<\/p>\n<p>&nbsp;<\/p>\n<p>&nbsp;<\/p>\n<hr \/>\n<p>&nbsp;<\/p>\n<blockquote>\n<h3>DILLO A RADIO PIU&#8217;&#8230;LA FRAZIONE DI BRIES SENZA CARTELLONISTICA DI IDENTIFICAZIONE<\/h3>\n<\/blockquote>\n<p><strong>AGORDO<\/strong> Riceviamo e volentieri pubblichiamo una lettera arrivata in redazione da Davide Benvegn\u00f9, cittadino di Bries di Agordo, che lamenta la mancata cartellonistica di identificazione della frazione.<\/p>\n<blockquote><p><em>Nonostante varie richieste avanzate presso le ultime Amministrazioni al fine di ottenere l&#8217; istallazione di un cartello stradale, atto ad identificarne la posizione, ad oggi non \u00e8 stato conseguito alcun risultato. Eppure tutte le frazioni possono vantare un cartellonistica di eccellenza, addirittura corredata di toponimi in lingua locale. Per BRIES, nonostante si sviluppi lungo la viabilit\u00e0 principale che attraversa verso Nord tutto il territorio comunale, la situazione \u00e8 inspiegabilmente diversa. Superfluo sottolineare come tale anomalia comporti talvolta disguidi nella conegna delle merci e difficolt\u00e0 nella frequentazione di amici e conoscenti.<\/em><\/p>\n<p><em><strong>Davide Benvegn\u00f9 &#8211; cittadino di Bries<\/strong><\/em><\/p><\/blockquote>\n<p>&nbsp;<\/p>\n\n\t\t\t<style type='text\/css'>\n\t\t\t\t#gallery-4 {\n\t\t\t\t\tmargin: auto;\n\t\t\t\t}\n\t\t\t\t#gallery-4 .gallery-item {\n\t\t\t\t\tfloat: left;\n\t\t\t\t\tmargin-top: 10px;\n\t\t\t\t\ttext-align: center;\n\t\t\t\t\twidth: 50%;\n\t\t\t\t}\n\t\t\t\t#gallery-4 img {\n\t\t\t\t\tborder: 2px solid #cfcfcf;\n\t\t\t\t}\n\t\t\t\t#gallery-4 .gallery-caption {\n\t\t\t\t\tmargin-left: 0;\n\t\t\t\t}\n\t\t\t\t\/* see gallery_shortcode() in wp-includes\/media.php *\/\n\t\t\t<\/style>\n\t\t<div id='gallery-4' class='dt-gallery-container gallery galleryid-255980 gallery-columns-2 gallery-size-medium'><dl class='gallery-item'>\n\t\t\t\t<dt class='gallery-icon landscape'>\n\t\t\t\t\t<a class=\"rollover rollover-zoom dt-pswp-item\" title=\"1f01cbc8-d9ce-4976-a96e-603ebb97f13f\" data-dt-img-description=\"\" data-large_image_width=\"1920\" data-large_image_height=\"1080\"href='https:\/\/www.radiopiu.net\/wordpress\/wp-content\/uploads\/2022\/01\/1f01cbc8-d9ce-4976-a96e-603ebb97f13f.jpg'><img loading=\"lazy\" decoding=\"async\" width=\"300\" height=\"169\" src=\"https:\/\/www.radiopiu.net\/wordpress\/wp-content\/uploads\/2022\/01\/1f01cbc8-d9ce-4976-a96e-603ebb97f13f-300x169.jpg\" class=\"attachment-medium size-medium\" alt=\"\" srcset=\"https:\/\/www.radiopiu.net\/wordpress\/wp-content\/uploads\/2022\/01\/1f01cbc8-d9ce-4976-a96e-603ebb97f13f-300x169.jpg 300w, https:\/\/www.radiopiu.net\/wordpress\/wp-content\/uploads\/2022\/01\/1f01cbc8-d9ce-4976-a96e-603ebb97f13f-1024x576.jpg 1024w, https:\/\/www.radiopiu.net\/wordpress\/wp-content\/uploads\/2022\/01\/1f01cbc8-d9ce-4976-a96e-603ebb97f13f-768x432.jpg 768w, https:\/\/www.radiopiu.net\/wordpress\/wp-content\/uploads\/2022\/01\/1f01cbc8-d9ce-4976-a96e-603ebb97f13f-1536x864.jpg 1536w, https:\/\/www.radiopiu.net\/wordpress\/wp-content\/uploads\/2022\/01\/1f01cbc8-d9ce-4976-a96e-603ebb97f13f.jpg 1920w\" sizes=\"auto, (max-width: 300px) 100vw, 300px\" \/><\/a>\n\t\t\t\t<\/dt><\/dl><dl class='gallery-item'>\n\t\t\t\t<dt class='gallery-icon landscape'>\n\t\t\t\t\t<a class=\"rollover rollover-zoom dt-pswp-item\" title=\"7386fc65-8d8b-45f2-bb2a-208060722a78\" data-dt-img-description=\"\" data-large_image_width=\"1920\" data-large_image_height=\"1080\"href='https:\/\/www.radiopiu.net\/wordpress\/wp-content\/uploads\/2022\/01\/7386fc65-8d8b-45f2-bb2a-208060722a78.jpg'><img loading=\"lazy\" decoding=\"async\" width=\"300\" height=\"169\" src=\"https:\/\/www.radiopiu.net\/wordpress\/wp-content\/uploads\/2022\/01\/7386fc65-8d8b-45f2-bb2a-208060722a78-300x169.jpg\" class=\"attachment-medium size-medium\" alt=\"\" srcset=\"https:\/\/www.radiopiu.net\/wordpress\/wp-content\/uploads\/2022\/01\/7386fc65-8d8b-45f2-bb2a-208060722a78-300x169.jpg 300w, https:\/\/www.radiopiu.net\/wordpress\/wp-content\/uploads\/2022\/01\/7386fc65-8d8b-45f2-bb2a-208060722a78-1024x576.jpg 1024w, https:\/\/www.radiopiu.net\/wordpress\/wp-content\/uploads\/2022\/01\/7386fc65-8d8b-45f2-bb2a-208060722a78-768x432.jpg 768w, https:\/\/www.radiopiu.net\/wordpress\/wp-content\/uploads\/2022\/01\/7386fc65-8d8b-45f2-bb2a-208060722a78-1536x864.jpg 1536w, https:\/\/www.radiopiu.net\/wordpress\/wp-content\/uploads\/2022\/01\/7386fc65-8d8b-45f2-bb2a-208060722a78.jpg 1920w\" sizes=\"auto, (max-width: 300px) 100vw, 300px\" \/><\/a>\n\t\t\t\t<\/dt><\/dl><br style=\"clear: both\" \/>\n\t\t\t<\/div>\n\n<p>&nbsp;<\/p>\n<hr \/>\n<p>&nbsp;<\/p>\n<blockquote>\n<h3>DILLO A RADIO PIU&#8217;&#8230; QUELLO CHE FUNZIONA<\/h3>\n<\/blockquote>\n<p><strong>REDAZIONE<\/strong> Da Agordo riceviamo e volentieri pubblichiamo.<\/p>\n<blockquote><p><em><strong><a href=\"https:\/\/www.radiopiu.net\/wordpress\/dillo-a-radio-piu-quello-che-funziona\/th-298\/\" rel=\"attachment wp-att-256042\"><img loading=\"lazy\" decoding=\"async\" class=\"wp-image-256042 alignleft\" src=\"https:\/\/www.radiopiu.net\/wordpress\/wp-content\/uploads\/2022\/01\/th-15.jpg\" alt=\"\" width=\"128\" height=\"85\" \/><\/a>AGORDO <\/strong>A proposito delle notizie per mancanza di illuminazione nei vari posti del Comune di Agordo, disservizi che si verificano di tanto in tanto, ebbene io ho usato l&#8217;app Municipium per segnalare il guasto nel parcheggio di fronte all&#8217;asilo nido di Via Cappello e ha funzionato benissimo. Il giorno dopo \u00e8 stata riparata. Magari varrebbe la pena fare una segnalazione di questa possibilit\u00e0 di interfacciarsi direttamente e avere il problema risolto in tempi brevi.\u00a0<\/em><\/p><\/blockquote>\n<p>&nbsp;<\/p>\n<p>&nbsp;<\/p>\n<hr \/>\n<p>&nbsp;<\/p>\n<blockquote>\n<h3>I NUMERI DEL NATALE 21, EDIZIONE DI GRANDE SUCCESSO<\/h3>\n<\/blockquote>\n<p><strong>BELLUNO<\/strong>\u00a0 Natale e turismo, bilanci soddisfacenti\u00a0 per il Comune di Belluno e per i gestori del mercatino. Sono stati 323 gli accessi all&#8217;ufficio IAT di Piazza Duomo nei 19 giorni di apertura a dicembre, 147 lo scorso anno in 14 giorni. In un anno da circa 10 accessi al giorno a 17.\u00a0 Tra gli eventi, particolare successo hanno avuto tra i bambini San Nicol\u00f2 e il suo asinello Paolino e le giornate a ridosso del Natale dedicate ai giochi di una volta. Consensi\u00a0 per il Concorso Formaggi di latteria e di malga della provincia di Belluno. Sulla pista da ghiaccio sono state pi\u00f9 di 3900 le presenze, oltre 980 gli studenti dei vari istituti del capoluogo<\/p>\n<p><strong>L&#8217;ASSESSORE YUKI D&#8217;EMILIA\u00a0<\/strong><\/p>\n<div style=\"width: 1200px;\" class=\"wp-video\"><video class=\"wp-video-shortcode\" id=\"video-255980-4\" width=\"1200\" height=\"675\" preload=\"metadata\" controls=\"controls\"><source type=\"video\/mp4\" src=\"https:\/\/www.radiopiu.net\/wordpress\/wp-content\/uploads\/2022\/01\/dEmilia-Bilancio-Natale-2021-2022-1.mp4?_=4\" \/><a href=\"https:\/\/www.radiopiu.net\/wordpress\/wp-content\/uploads\/2022\/01\/dEmilia-Bilancio-Natale-2021-2022-1.mp4\">https:\/\/www.radiopiu.net\/wordpress\/wp-content\/uploads\/2022\/01\/dEmilia-Bilancio-Natale-2021-2022-1.mp4<\/a><\/video><\/div>\n<p>&nbsp;<\/p>\n<p>&nbsp;<\/p>\n<hr \/>\n<p>&nbsp;<\/p>\n<blockquote>\n<h3>VACCINAZIONI ANTI COVID IN PROVINCIA: L&#8217;84,3 % DELLA POPOLAZIONE OVER 5 HA RICEVUTO IL PRIMO CICLO<\/h3>\n<\/blockquote>\n<p><strong><a href=\"https:\/\/www.radiopiu.net\/wordpress\/vaccinazioni-anti-covid-in-provincia-l843-della-popolazione-over-5-ha-ricevuto-la-prima-dose\/vaccino-3\/\" rel=\"attachment wp-att-256141\"><img loading=\"lazy\" decoding=\"async\" class=\"size-medium wp-image-256141 alignleft\" src=\"https:\/\/www.radiopiu.net\/wordpress\/wp-content\/uploads\/2022\/01\/VACCINO-300x200.jpg\" alt=\"\" width=\"300\" height=\"200\" srcset=\"https:\/\/www.radiopiu.net\/wordpress\/wp-content\/uploads\/2022\/01\/VACCINO-300x200.jpg 300w, https:\/\/www.radiopiu.net\/wordpress\/wp-content\/uploads\/2022\/01\/VACCINO-1024x683.jpg 1024w, https:\/\/www.radiopiu.net\/wordpress\/wp-content\/uploads\/2022\/01\/VACCINO-768x512.jpg 768w, https:\/\/www.radiopiu.net\/wordpress\/wp-content\/uploads\/2022\/01\/VACCINO-1536x1025.jpg 1536w, https:\/\/www.radiopiu.net\/wordpress\/wp-content\/uploads\/2022\/01\/VACCINO.jpg 1920w\" sizes=\"auto, (max-width: 300px) 100vw, 300px\" \/><\/a>BELLUNO<\/strong> Aggiornamento settimanale sull&#8217;andamento della campagna vaccinale in provincia di Belluno a cura dell&#8217;Ulss 1 Dolomiti. Totale dosi somministrate: 419.560, 84,3% \u2013 162.934 persone vaccinate con primo ciclo over 5, 81,8% &#8211; 158.025 persone con ciclo completo over 5, 30.488 (15,8%)persone ancora da vaccinare over 5 anni. Di queste 7.956 sono risultate positive negli ultimi 90 giorni. Risultano vaccinati con almeno una dose: Il 27,9% dei 5-11 enni (3.033), l\u201980,6% % dei 12- 19 enni (11.455), l\u2019 85,5 % dei 20-29enni (16.193), l\u2019 81 % dei 30-39enni (16.177), l\u2019 80,3% dei 40-49enni (22.079), l\u201987,6% dei 50-59enni (29.097), l\u201990% dei 60-69enni (25.135), il 94,1% dei 70-79enni (22.377), circa il 100% degli over 80 (17.388). Le persone ancora da vaccinare sono cos\u00ec suddivise: 5-11 anni: 7.855 (72,1%), 12-19 anni: 2.759 (19,4%), 20-29 anni: 2.775 (14,6%), 30-39 anni: 3.718 (18,7%), 40-49 anni: 5.440 (19,8%), 50-59 anni: 4.138 (12,5%), 60-69 anni: 2.800 (10,0%), 70 79 anni: 1.406 (5,9%). Dal 1 gennaio al 24 gennaio 2022 sono state somministrate 4.296 prime dosi di cui 1.338 a persone con pi\u00f9 di 50 anni ( di queste, 1.149 sono state somministrate dopo il 7 gennaio 2022 \u2013 data di pubblicazione del decreto sull\u2019obbligo vaccinale per gli over 50). Nell\u2019ultima settimana le prime dose a persone con pi\u00f9 di 50 anni sono state 490. Gli over 50 non ancora vaccinati ad oggi sono 8.344. Di questi, circa 1.900 sono risultati positivi negli ultimi 90 giorni. 112.650 terze dosi gi\u00e0 somministrate, 78,8% della popolazione totale eleggibile gi\u00e0 vaccinato con dose booster, 87,4% degli over 80 eleggibili gi\u00e0 vaccinati con dose booster, 90,2% dei 70-79enni eleggibili gi\u00e0 vaccinati con dose booster, 87,6 % dei 60-69enni eleggibili gi\u00e0 vaccinati con dose booster, 83,5 % dei 50-59enni eleggibili gi\u00e0 vaccinati con dose booster, 78,1 % dei 40-49enni eleggibili gi\u00e0 vaccinati con dose booster, 63,6 % dei 30-39enni eleggibili gi\u00e0 vaccinati con dose booster, 58,1 % dei 20-29enni eleggibili gi\u00e0 vaccinati con dose booster, 49,3 % dei 12-19 enni eleggibili gi\u00e0 vaccinati con dose booster. Si precisa che l\u2019intervallo per il calcolo della popolazione eleggibile alla dose booster \u00e8 stato aggiornato a 4 mesi dalla conclusione dalla somministrazione dell\u2019ultima dose. Tra la popolazione eleggibile per la terza dose ci sono 8.111 ragazzi tra i 12 e i 19 anni, di questi ne sono stati gi\u00e0 vaccinati 4.000. Al Centro Vaccinale di SEDICO \u00e8 possibile l\u2019ACCESSO LIBERO oltre che per la prima anche per la dose booster TUTTI GIORNI DALLE 9.00 ALLE 20.00. Inoltre, \u00e8 stato inviato un SMS agli eleggibili per la dose booster con l\u2019invito a prenotarsi o effettuare la vaccinazione. Si ricorda che l\u2019intervallo tra la conclusione del ciclo primario e la possibile somministrazione della dose booster\u00a0 \u00e8 stato anticipato a 4 mesi.<\/p>\n<p>&nbsp;<\/p>\n<p>&nbsp;<\/p>\n<hr \/>\n<p>&nbsp;<\/p>\n<blockquote class=\"wp-embedded-content\" data-secret=\"XVVeqfzzYE\"><p><a href=\"https:\/\/www.radiopiu.net\/wordpress\/aggiornamentonaz2022gen25\/\">CORONAVIRUS: AGGIORNAMENTO NAZIONALE 25 GENNAIO 2022<\/a><\/p><\/blockquote>\n<p><iframe loading=\"lazy\" class=\"wp-embedded-content\" sandbox=\"allow-scripts\" security=\"restricted\" style=\"position: absolute; clip: rect(1px, 1px, 1px, 1px);\" title=\"&#8220;CORONAVIRUS: AGGIORNAMENTO NAZIONALE 25 GENNAIO 2022&#8221; &#8212; Radio Pi\u00f9\" src=\"https:\/\/www.radiopiu.net\/wordpress\/aggiornamentonaz2022gen25\/embed\/#?secret=XVVeqfzzYE\" data-secret=\"XVVeqfzzYE\" width=\"600\" height=\"338\" frameborder=\"0\" marginwidth=\"0\" marginheight=\"0\" scrolling=\"no\"><\/iframe><\/p>\n<p>&nbsp;<\/p>\n<blockquote class=\"wp-embedded-content\" data-secret=\"XRs9ycWR9Y\"><p><a href=\"https:\/\/www.radiopiu.net\/wordpress\/agg25as\/\">CON LE 53 VITTIME NELLE ULTIME 24 ORE I DECESSI SONO OLTRE 13MILA DA INIZIO EPIDEMIA, BOOM DI RICOVERI +125<\/a><\/p><\/blockquote>\n<p><iframe loading=\"lazy\" class=\"wp-embedded-content\" sandbox=\"allow-scripts\" security=\"restricted\" style=\"position: absolute; clip: rect(1px, 1px, 1px, 1px);\" title=\"&#8220;CON LE 53 VITTIME NELLE ULTIME 24 ORE I DECESSI SONO OLTRE 13MILA DA INIZIO EPIDEMIA, BOOM DI RICOVERI +125&#8221; &#8212; Radio Pi\u00f9\" src=\"https:\/\/www.radiopiu.net\/wordpress\/agg25as\/embed\/#?secret=XRs9ycWR9Y\" data-secret=\"XRs9ycWR9Y\" width=\"600\" height=\"338\" frameborder=\"0\" marginwidth=\"0\" marginheight=\"0\" scrolling=\"no\"><\/iframe><\/p>\n<p>&nbsp;<\/p>\n<h2>I GRAFICI DI TIZIANO DE COL<\/h2>\n\n\t\t\t<style type='text\/css'>\n\t\t\t\t#gallery-5 {\n\t\t\t\t\tmargin: auto;\n\t\t\t\t}\n\t\t\t\t#gallery-5 .gallery-item {\n\t\t\t\t\tfloat: left;\n\t\t\t\t\tmargin-top: 10px;\n\t\t\t\t\ttext-align: center;\n\t\t\t\t\twidth: 33%;\n\t\t\t\t}\n\t\t\t\t#gallery-5 img {\n\t\t\t\t\tborder: 2px solid #cfcfcf;\n\t\t\t\t}\n\t\t\t\t#gallery-5 .gallery-caption {\n\t\t\t\t\tmargin-left: 0;\n\t\t\t\t}\n\t\t\t\t\/* see gallery_shortcode() in wp-includes\/media.php *\/\n\t\t\t<\/style>\n\t\t<div id='gallery-5' class='dt-gallery-container gallery galleryid-255980 gallery-columns-3 gallery-size-medium'><dl class='gallery-item'>\n\t\t\t\t<dt class='gallery-icon landscape'>\n\t\t\t\t\t<a class=\"rollover rollover-zoom dt-pswp-item\" title=\"3520ec61-def2-4f9e-a540-5c49b66145e5\" data-dt-img-description=\"\" data-large_image_width=\"586\" data-large_image_height=\"356\"href='https:\/\/www.radiopiu.net\/wordpress\/wp-content\/uploads\/2022\/01\/3520ec61-def2-4f9e-a540-5c49b66145e5.jpg'><img loading=\"lazy\" decoding=\"async\" width=\"300\" height=\"182\" src=\"https:\/\/www.radiopiu.net\/wordpress\/wp-content\/uploads\/2022\/01\/3520ec61-def2-4f9e-a540-5c49b66145e5-300x182.jpg\" class=\"attachment-medium size-medium\" alt=\"\" srcset=\"https:\/\/www.radiopiu.net\/wordpress\/wp-content\/uploads\/2022\/01\/3520ec61-def2-4f9e-a540-5c49b66145e5-300x182.jpg 300w, https:\/\/www.radiopiu.net\/wordpress\/wp-content\/uploads\/2022\/01\/3520ec61-def2-4f9e-a540-5c49b66145e5.jpg 586w\" sizes=\"auto, (max-width: 300px) 100vw, 300px\" \/><\/a>\n\t\t\t\t<\/dt><\/dl><dl class='gallery-item'>\n\t\t\t\t<dt class='gallery-icon landscape'>\n\t\t\t\t\t<a class=\"rollover rollover-zoom dt-pswp-item\" title=\"2812a547-0c03-4744-94c3-6788e8be440f\" data-dt-img-description=\"\" data-large_image_width=\"618\" data-large_image_height=\"354\"href='https:\/\/www.radiopiu.net\/wordpress\/wp-content\/uploads\/2022\/01\/2812a547-0c03-4744-94c3-6788e8be440f.jpg'><img loading=\"lazy\" decoding=\"async\" width=\"300\" height=\"172\" src=\"https:\/\/www.radiopiu.net\/wordpress\/wp-content\/uploads\/2022\/01\/2812a547-0c03-4744-94c3-6788e8be440f-300x172.jpg\" class=\"attachment-medium size-medium\" alt=\"\" srcset=\"https:\/\/www.radiopiu.net\/wordpress\/wp-content\/uploads\/2022\/01\/2812a547-0c03-4744-94c3-6788e8be440f-300x172.jpg 300w, https:\/\/www.radiopiu.net\/wordpress\/wp-content\/uploads\/2022\/01\/2812a547-0c03-4744-94c3-6788e8be440f.jpg 618w\" sizes=\"auto, (max-width: 300px) 100vw, 300px\" \/><\/a>\n\t\t\t\t<\/dt><\/dl><dl class='gallery-item'>\n\t\t\t\t<dt class='gallery-icon landscape'>\n\t\t\t\t\t<a class=\"rollover rollover-zoom dt-pswp-item\" title=\"6c0632e1-6844-4b1b-b540-cc504c0626e2\" data-dt-img-description=\"\" data-large_image_width=\"598\" data-large_image_height=\"352\"href='https:\/\/www.radiopiu.net\/wordpress\/wp-content\/uploads\/2022\/01\/6c0632e1-6844-4b1b-b540-cc504c0626e2.jpg'><img loading=\"lazy\" decoding=\"async\" width=\"300\" height=\"177\" src=\"https:\/\/www.radiopiu.net\/wordpress\/wp-content\/uploads\/2022\/01\/6c0632e1-6844-4b1b-b540-cc504c0626e2-300x177.jpg\" class=\"attachment-medium size-medium\" alt=\"\" srcset=\"https:\/\/www.radiopiu.net\/wordpress\/wp-content\/uploads\/2022\/01\/6c0632e1-6844-4b1b-b540-cc504c0626e2-300x177.jpg 300w, https:\/\/www.radiopiu.net\/wordpress\/wp-content\/uploads\/2022\/01\/6c0632e1-6844-4b1b-b540-cc504c0626e2.jpg 598w\" sizes=\"auto, (max-width: 300px) 100vw, 300px\" \/><\/a>\n\t\t\t\t<\/dt><\/dl><br style=\"clear: both\" \/><dl class='gallery-item'>\n\t\t\t\t<dt class='gallery-icon landscape'>\n\t\t\t\t\t<a class=\"rollover rollover-zoom dt-pswp-item\" title=\"35bb7e41-ec59-459a-9f70-071ba882c58b\" data-dt-img-description=\"\" data-large_image_width=\"592\" data-large_image_height=\"355\"href='https:\/\/www.radiopiu.net\/wordpress\/wp-content\/uploads\/2022\/01\/35bb7e41-ec59-459a-9f70-071ba882c58b.jpg'><img loading=\"lazy\" decoding=\"async\" width=\"300\" height=\"180\" src=\"https:\/\/www.radiopiu.net\/wordpress\/wp-content\/uploads\/2022\/01\/35bb7e41-ec59-459a-9f70-071ba882c58b-300x180.jpg\" class=\"attachment-medium size-medium\" alt=\"\" srcset=\"https:\/\/www.radiopiu.net\/wordpress\/wp-content\/uploads\/2022\/01\/35bb7e41-ec59-459a-9f70-071ba882c58b-300x180.jpg 300w, https:\/\/www.radiopiu.net\/wordpress\/wp-content\/uploads\/2022\/01\/35bb7e41-ec59-459a-9f70-071ba882c58b.jpg 592w\" sizes=\"auto, (max-width: 300px) 100vw, 300px\" \/><\/a>\n\t\t\t\t<\/dt><\/dl><dl class='gallery-item'>\n\t\t\t\t<dt class='gallery-icon landscape'>\n\t\t\t\t\t<a class=\"rollover rollover-zoom dt-pswp-item\" title=\"ad003d8d-c7bb-4d56-8c12-77fec6fad509\" data-dt-img-description=\"\" data-large_image_width=\"606\" data-large_image_height=\"361\"href='https:\/\/www.radiopiu.net\/wordpress\/wp-content\/uploads\/2022\/01\/ad003d8d-c7bb-4d56-8c12-77fec6fad509.jpg'><img loading=\"lazy\" decoding=\"async\" width=\"300\" height=\"179\" src=\"https:\/\/www.radiopiu.net\/wordpress\/wp-content\/uploads\/2022\/01\/ad003d8d-c7bb-4d56-8c12-77fec6fad509-300x179.jpg\" class=\"attachment-medium size-medium\" alt=\"\" srcset=\"https:\/\/www.radiopiu.net\/wordpress\/wp-content\/uploads\/2022\/01\/ad003d8d-c7bb-4d56-8c12-77fec6fad509-300x179.jpg 300w, https:\/\/www.radiopiu.net\/wordpress\/wp-content\/uploads\/2022\/01\/ad003d8d-c7bb-4d56-8c12-77fec6fad509.jpg 606w\" sizes=\"auto, (max-width: 300px) 100vw, 300px\" \/><\/a>\n\t\t\t\t<\/dt><\/dl>\n\t\t\t\t<br style='clear: both' \/>\n\t\t\t<\/div>\n\n<p>&nbsp;<\/p>\n<hr \/>\n<p>&nbsp;<\/p>\n<blockquote>\n<h3>LA REGIONE VENETO ANTICIPA 135 MILIONI DI EURO PER LE AZIENDE DEL TRASPORTO PUBBLICO LOCALE IN ATTESA DEI FONDI STATALI. VICEPRESIDENTE DE BERTI \u201cGARANTITA LA CONTINUITA\u2019 DEL SERVIZIO\u201d<\/h3>\n<\/blockquote>\n<p>&nbsp;<\/p>\n<p><strong><a href=\"https:\/\/www.radiopiu.net\/wordpress\/cade-con-la-mountain-bike-e-si-ferisce-al-collo\/9ecd9b94-d553-435b-93a2-c268918bc743\/\" rel=\"attachment wp-att-145518\"><img loading=\"lazy\" decoding=\"async\" class=\" wp-image-145518 alignleft\" src=\"https:\/\/www.radiopiu.net\/wordpress\/wp-content\/uploads\/2020\/06\/9ecd9b94-d553-435b-93a2-c268918bc743-300x225.jpg\" alt=\"\" width=\"231\" height=\"173\" srcset=\"https:\/\/www.radiopiu.net\/wordpress\/wp-content\/uploads\/2020\/06\/9ecd9b94-d553-435b-93a2-c268918bc743-300x225.jpg 300w, https:\/\/www.radiopiu.net\/wordpress\/wp-content\/uploads\/2020\/06\/9ecd9b94-d553-435b-93a2-c268918bc743-1024x768.jpg 1024w, https:\/\/www.radiopiu.net\/wordpress\/wp-content\/uploads\/2020\/06\/9ecd9b94-d553-435b-93a2-c268918bc743-768x576.jpg 768w, https:\/\/www.radiopiu.net\/wordpress\/wp-content\/uploads\/2020\/06\/9ecd9b94-d553-435b-93a2-c268918bc743.jpg 1280w\" sizes=\"auto, (max-width: 231px) 100vw, 231px\" \/><\/a>VENEZIA<\/strong>\u00a0 \u00a0La Regione Veneto ha approvato un provvedimento che consente di anticipare alle aziende di trasporto pubblico locale le risorse necessarie allo svolgimento dei servizi ordinari di mobilit\u00e0 per i cittadini. Si tratta di uno stanziamento di oltre 135 milioni di euro, che supplisce con risorse regionali al ritardo nell\u2019assegnazione degli stanziamenti del Fondo Nazionale Trasporti. La legge statale che disciplina la ripartizione delle risorse del Fondo Nazionale Trasporti stabilisce che entro il 15 gennaio di ciascun anno il Ministero delle Infrastrutture e Mobilit\u00e0 Sostenibili assegni alle Regioni, a titolo di anticipazione, l\u201980% per cento dello stanziamento, mentre il restante 20% entro il 30 giugno. A fronte di un ritardo nel riparto, la Regione Veneto si \u00e8 dovuta dotare di una disposizione normativa ad hoc per autorizzare la Giunta ad anticipare annualmente, nei limiti delle proprie disponibilit\u00e0 di cassa, un importo non superiore ai 4\/12 della quota del Fondo Nazionale Trasporti attribuita alla Regione del Veneto nell\u2019anno precedente. Nel dettaglio, il provvedimento prevede che oltre 86 milioni di euro siano destinati ai servizi di trasporto pubblico locale automobilistico e di navigazione lagunare, garantendo la copertura finanziaria dei primi 4 mesi del 2022; oltre 48 milioni saranno inoltre destinati al trasporto ferroviario.<\/p>\n<p>&nbsp;<\/p>\n<p>&nbsp;<\/p>\n<hr \/>\n<p>&nbsp;<\/p>\n<blockquote>\n<h3>WEBINAR DEL CENTRO STUDI BELLUNESE &#8220;METTERE A FRUTTO LE RISORSE DEL TERRITORIO&#8221;<\/h3>\n<\/blockquote>\n<p><strong><a href=\"https:\/\/www.radiopiu.net\/wordpress\/giornale-radiopiu-26-gennaio-2022-direttore-mirko-mezzacasa\/th-300\/\" rel=\"attachment wp-att-256098\"><img loading=\"lazy\" decoding=\"async\" class=\" wp-image-256098 alignleft\" src=\"https:\/\/www.radiopiu.net\/wordpress\/wp-content\/uploads\/2022\/01\/th-17.jpg\" alt=\"\" width=\"273\" height=\"153\" \/><\/a>BELLUNO<\/strong> Una quarantina di Comuni, diverse Unioni Montane, funzionari della Provincia, rappresentanze dei sindacati e di altri soggetti (societ\u00e0 partecipate, consorzi turistici, Gal). Il primo focus sul Pnrr e le sue opportunit\u00e0 per il territorio bellunese ha riscosso un interesse diffuso.<em> \u00abUn segnale importante, perch\u00e9 d\u00e0 la misura di quanta attenzione ci sia attorno a un tema che da qui ai prossimi anni pu\u00f2 davvero cambiare il volto dell\u2019Italia e del Bellunese\u00bb<\/em> commenta il presidente della Provincia, Roberto Padrin, a margine del webinar sull\u2019argomento, organizzato dal Centro Studi Bellunese, in collaborazione con l\u2019ente Provincia e il Consorzio Bim Piave.\u00a0 Il gioco di squadra \u00e8 gi\u00e0 operativo: da qualche settimana \u00e8 attivo il gruppo di lavoro Supporto Comuni Pnrr.\u00a0 <em>\u00abNelle prossime settimane verranno coinvolti gli enti maggiormente interessati a sviluppare azioni comuni\u00bb<\/em> afferma Antonio Barattin, coordinatore del gruppo di lavoro Supporto Comuni Pnrr.\u00a0<em>\u00abIl supporto ai Comuni, in particolare quelli pi\u00f9 piccoli e meno strutturati, \u00e8 fondamentale in questa fase e il Consorzio si mette a disposizione\u00bb<\/em> afferma il presidente del Bim Piave, Marco Staunovo Polacco.\u00a0 Anche il Centro Studi Bellunese conferma il suo apporto attivo, a servizio degli enti locali, a maggior ragione in una partita importante come quella del Pnrr.<\/p>\n<p>&nbsp;<\/p>\n<hr \/>\n<p>&nbsp;<\/p>\n<blockquote>\n<h3>CAMBIA ANCORA IL SUPERBONUS E LA CONFARTIGIANATO TEME LA PARALISI DEL MERCATO <em style=\"font-size: 14px; font-weight: normal;\">\u00a0<\/em><\/h3>\n<\/blockquote>\n<p><em>Il Veneto (al 31 dicembre 2021dati Enea e Mite) \u00e8 la regione che in Italia ha pi\u00f9 utilizzato il Superbonus 110% pesando il numero di interventi rispetto al totale delle famiglie: si tratta di 6,3 interventi ogni 1.000 famiglie, contro una media nazionale di 3,65<\/em><\/p>\n<p><strong><a href=\"https:\/\/www.radiopiu.net\/wordpress\/giornale-radiopiu-26-gennaio-2022-direttore-mirko-mezzacasa\/th-302\/\" rel=\"attachment wp-att-256108\"><img loading=\"lazy\" decoding=\"async\" class=\" wp-image-256108 alignleft\" src=\"https:\/\/www.radiopiu.net\/wordpress\/wp-content\/uploads\/2022\/01\/th-19.jpg\" alt=\"\" width=\"132\" height=\"122\" \/><\/a>BELLUNO<\/strong> Il Decreto Sostegni ter cambia di nuovo le regole del Superbonus e dei bonus edilizi. Confartigianato esprime preoccupazione per il settore. <em>\u00abCon questi continui cambiamenti rischiamo di rendere inutili tutti i tentativi di rianimare il lavoro dell\u2019edilizia, che sconta una crisi di lungo corso\u00bb<\/em> afferma Fabio Zatta, presidente di mestiere dell\u2019edilizia di Confartigianato Belluno. Il testo del decreto prevede che il credito di imposta corrispondente a Superbonus, bonus ristrutturazioni, ecobonus, sismabonus e bonus facciate sia ceduto una sola volta. Questo significa che il beneficiario della detrazione potr\u00e0 cedere il credito ad altri soggetti (banche e intermediari finanziari), ma questi non potranno cederlo a loro volta. E poi, significa che i fornitori che praticano lo sconto in fattura potranno recuperare lo sconto sotto forma di credito di imposta e cederlo una sola volta ad altri soggetti, banche o intermediari finanziari, ma questi ultimi non potranno cederlo a loro volta. <em>\u00abAnche nel bellunese il mercato \u00e8 in ripresa, nonostante i rincari delle materie prime e la ormai cronica difficolt\u00e0 a reperire manodopera &#8211; conclude Zatta -. Dati che per\u00f2 potrebbero subire una battuta d\u2019arresto importante&#8221;.\u00a0<\/em><\/p>\n<p>&nbsp;<\/p>\n<p>&nbsp;<\/p>\n<hr \/>\n<p>&nbsp;<\/p>\n<blockquote>\n<h3>ASSUNZIONI IN ULSS 1 DOLOMITI: PROSEGUE LA CAMPAGNA DI RINFORZO DEL PERSONALE<\/h3>\n<\/blockquote>\n<p><strong><a href=\"https:\/\/www.radiopiu.net\/wordpress\/monoclonali-pronti-per-la-somministrazione-in-ulss-1-dolomiti\/ulss-1-2\/\" rel=\"attachment wp-att-198838\"><img loading=\"lazy\" decoding=\"async\" class=\"size-medium wp-image-198838 alignleft\" src=\"https:\/\/www.radiopiu.net\/wordpress\/wp-content\/uploads\/2021\/03\/ULSS-1-300x158.jpg\" alt=\"\" width=\"300\" height=\"158\" srcset=\"https:\/\/www.radiopiu.net\/wordpress\/wp-content\/uploads\/2021\/03\/ULSS-1-300x158.jpg 300w, https:\/\/www.radiopiu.net\/wordpress\/wp-content\/uploads\/2021\/03\/ULSS-1-768x404.jpg 768w, https:\/\/www.radiopiu.net\/wordpress\/wp-content\/uploads\/2021\/03\/ULSS-1.jpg 776w\" sizes=\"auto, (max-width: 300px) 100vw, 300px\" \/><\/a>BELLUNO <\/strong>Prosegue la campagna di rinforzo del personale dell\u2019Ulss Dolomiti. Sono state assunte le dottoresse Sara Zappadu, specializzanda in chirurgia vascolare, Livia\u00a0 Colandrea, specialista in Cardiologia e\u00a0 Paola Arrigoni, specializzanda in cardiologia. Inoltre, \u00e8 stata approvata la graduatoria dei candidati idonei, in esito all\u2019avviso pubblico per soli titoli indetto dall\u2019ulss Dolomiti per la ricerca di assistenti sanitari a tempo determinato, ed \u00e8 stata \u00a0disposta l\u2019assunzione di tutti e \u00a012 assistenti sanitari idonei, provenienti da tutta Italia. Infine, sono stati banditi due avvisi di mobilit\u00e0 da altre aziende per medici radiologi e medici anestesisti. \u00ab<em>Continua il nostro impegno per la ricerca di personale, seguendo tutte le strade possibili. Dobbiamo far conoscere la nostra realt\u00e0 anche all\u2019esterno per attrarre nuovi professionisti, che qui possono trovare un ambiente frizzante, una rete professionale ricca, che pu\u00f2 far crescere le competenze, e attiva anche nella ricerca e dotazioni tecnologiche allo stato dell\u2019arte. Inoltre, il territorio offre una alta qualit\u00e0 di vita, immersi nella bellezza di paesaggi mozzafiato, dove \u00e8 possibile praticare con facilit\u00e0 ogni tipo di sport e dove sono presenti diversi servizi per le giovani famiglie. In Ulss, ad esempio abbiamo un nido aziendale per i dipendenti e offriamo alloggi per i giovani professionisti, oltre a formazione specifica e incentivi economici ad esempio per la continuit\u00e0 assistenziale<\/em>\u00bb, commenta il Direttore Generale Maria Grazia Carraro.<\/p>\n<p>&nbsp;<\/p>\n<p>&nbsp;<\/p>\n<hr \/>\n<p>&nbsp;<\/p>\n<blockquote>\n<h3>VACCINAZIONI ANTI COVID AD ACCESSO LIBERO IN AGORDINO<\/h3>\n<\/blockquote>\n<p><strong><a href=\"https:\/\/www.radiopiu.net\/wordpress\/open-day-vaccinazioni-pediatriche-domenica-a-sedico\/vaccino-bambini\/\" rel=\"attachment wp-att-252796\"><img loading=\"lazy\" decoding=\"async\" class=\" wp-image-252796 alignleft\" src=\"https:\/\/www.radiopiu.net\/wordpress\/wp-content\/uploads\/2022\/01\/VACCINO-BAMBINI-300x215.png\" sizes=\"auto, (max-width: 141px) 100vw, 141px\" srcset=\"https:\/\/www.radiopiu.net\/wordpress\/wp-content\/uploads\/2022\/01\/VACCINO-BAMBINI-300x215.png 300w, https:\/\/www.radiopiu.net\/wordpress\/wp-content\/uploads\/2022\/01\/VACCINO-BAMBINI-1024x734.png 1024w, https:\/\/www.radiopiu.net\/wordpress\/wp-content\/uploads\/2022\/01\/VACCINO-BAMBINI-768x550.png 768w, https:\/\/www.radiopiu.net\/wordpress\/wp-content\/uploads\/2022\/01\/VACCINO-BAMBINI.png 1280w\" alt=\"\" width=\"141\" height=\"101\" \/><\/a>REDAZIONE<\/strong> Sono in programma alcune sedute di vaccinazioni anticovid ad accesso libero in Agordino destinate a tutte le categorie vaccinabili. Ad Alleghe luned\u00ec 31 gennaio presso la Sala Franceschini dello Stadio del ghiaccio dalle 10 alle 15, altre due giornate sono previste il 28 febbraio e il 28 marzo.\u00a0 Per aderire alla vaccinazione basta presentarsi con tessera sanitaria e scheda anamnestica compilata<\/p>\n<p>&nbsp;<\/p>\n<p>&nbsp;<\/p>\n<hr \/>\n<p>&nbsp;<\/p>\n<blockquote>\n<h3>STUDI CLINICI: 2 NUOVE RICERCHE IN ULSS DOLOMITI<\/h3>\n<\/blockquote>\n<p><strong>BELLUNO <\/strong>L\u2019Ulss Dolomiti \u00e8 impegnata anche nelle attivit\u00e0 di ricerca: il Nucleo per la ricerca clinica ha approvato la partecipazione a due studi clinici. <strong>Studio SERENI &#8211; <\/strong>\u201cEffetti di Semaglutide sul compenso metabolico in pazienti diabetici di tipo 2 con insufficienza renale in un setting di pratica clinica quotidiana\u201d. Lo studio sar\u00e0 condotto \u00a0alla Diabetologia dell&#8217;Ospedale di Feltre, sotto la diretta responsabilit\u00e0 della dott.ssa Anna Altomari. Si tratta di uno studio osservazionale non profit, retrospettivo, di coorte che ha come obiettivo quello di valutare se nella pratica clinica reale l&#8217;utilizzo di Semaglutide sia associato al miglioramento dei valori di emoglobina glicata in pazienti con diabete di tipo 2, con insufficienza renale, eleggibili al trattamento. <strong>Studio FIL <\/strong>\u201cTrattamento combinato di immunochemioterapia standard vs immunoterapia standard e chemioterapia a ridotto numero di cicli per il trattamento in prima linea di pazienti con Linfoma Follicolare ad elevato carico tumorale\u201d. Studio randomizzato in aperto di fase III; Promotore: Fondazione Italiana Linfomi ONLUS (FIL). Lo studio sar\u00e0 condotto dall\u2019Oncologia di Belluno e ha come obiettivo quello di dimostrare che nei pazienti con linfoma follicolare (FL) una strategia di trattamento che riduce il numero di cicli di chemioterapia in caso di risposta precoce all&#8217;immunochemioterapia non \u00e8 inferiore, in termini di sopravvivenza libera da progressione (PFS), rispetto alla terapia standard a dosi piene, e che i medicinali previsti dallo studio saranno impiegati per indicazioni gi\u00e0 autorizzate. \u00ab<em>Ancora una volta i professionisti dell\u2019Ulss Dolomiti \u00a0dimostrano di essere riconosciuti nel mondo scientifico e di saper abbinare l\u2019attivit\u00e0 clinica all\u2019attivit\u00e0 di studio e ricerca: la partecipazione agli studi clinici \u00e8 indice di qualit\u00e0. Questo \u00e8 un punto di forza delle nostre unit\u00e0 operative che dimostrano capacit\u00e0 di curare lo sviluppo professionale e la ricerca, stimolo di attrazione anche per i nuovi professionisti che qui possono trovare spazio anche in questo campo<\/em>\u00bb, commenta il Direttore Generale Maria Grazia Carraro.<\/p>\n<p>&nbsp;<\/p>\n<p>&nbsp;<\/p>\n<hr \/>\n<p>&nbsp;<\/p>\n<blockquote>\n<h3>LEGGERE PER I BAMBINI NEL GIORNO DELLA MEMORIA<\/h3>\n<p><em>Appuntamento sabato 29 gennaio alle 18 al\u00a0 Palazzo delle Contesse di Mel<\/em><\/p><\/blockquote>\n<p><strong>BORGO VALBELLUNA\u00a0<\/strong> In occasione della Giornata della Memoria, nel ricordo delle vittime dell\u2019Olocausto, l\u2019Amministrazione comunale di Borgo Valbelluna ha organizzato una lettura animata tratta dal libro \u201cLe valigie di Auschwitz\u201d e dedicata ai giovani. Giorgio Dell\u2019Osta Uzzel e Giulia Fretuti, del Duo G&amp;G\u00a0Lo spettacolo \u00e8 adatto a bambine e bambini dai 9 anni in su. \u00a0\u2013 Borgo<\/p>\n<p>&nbsp;<\/p>\n<p><strong>\u00a0E A SANTA GIUSTINA&#8230; domani e giovedi&#8217; prossimo\u00a0<\/strong><\/p>\n<p><strong><br \/>\n<\/strong>L\u2019Assessorato alla Cultura ha raccolto l\u2019adesione di una decina di lettori che proporranno al pubblico presente la sintesi e la lettura di passi di libri ispirati ai temi della Shoah. I due incontri si terranno nella sala al pianoterra del Centro Culturale di via cal de formiga 31, domani\u00a0 e gioved\u00ec 10 febbraio alle 20.15.<\/p>\n<p>&nbsp;<\/p>\n<p>&nbsp;<\/p>\n<p>&nbsp;<\/p>\n<hr \/>\n<p>&nbsp;<\/p>\n<blockquote>\n<h3>IL LIBRO, UNA STORIA DI GUERRA, AMORE, EMIGRAZIONE E RISCATTO<\/h3>\n<\/blockquote>\n<p><strong>BELLUNO<\/strong> Oggi a Belluno nella sede dell&#8217;Associazione Bellunesi nel Mondo sar\u00e0 presentata alla stampa la nuova pubblicazione dell&#8217;Istituto ladino Cesa de Jan &#8220;Ballando Bella Bimba.,Dalle Dolomiti alla Germania: una storia di guerra, amore, emigrazione e riscatto&#8221;\u00a0<b> <\/b>Interverranno: <b>Denni Dorigo:<\/b> direttore dell&#8217;Istitut Ladin \u201cCesa de Jan\u201d, Colle Santa Lucia <b>Luciana Palla: <\/b>curatrice della collana \u201cLadins da Souramont\u201d, edita dall\u2019Istitut Ladin \u201cCesa de Jan\u201d <b>Sara Agostini:<\/b> l&#8217;autrice<\/p>\n<div class=\"moz-text-html\" lang=\"x-unicode\">\n<blockquote><p><a href=\"https:\/\/www.radiopiu.net\/wordpress\/il-libro-una-storia-di-guerra-amore-emigrazione-e-riscatto\/copertina_bella_bambina_libro\/\" rel=\"attachment wp-att-255858\"><img loading=\"lazy\" decoding=\"async\" class=\" wp-image-255858 alignleft\" src=\"https:\/\/www.radiopiu.net\/wordpress\/wp-content\/uploads\/2022\/01\/copertina_bella_bambina_libro-209x300.jpg\" alt=\"\" width=\"187\" height=\"268\" srcset=\"https:\/\/www.radiopiu.net\/wordpress\/wp-content\/uploads\/2022\/01\/copertina_bella_bambina_libro-209x300.jpg 209w, https:\/\/www.radiopiu.net\/wordpress\/wp-content\/uploads\/2022\/01\/copertina_bella_bambina_libro-712x1024.jpg 712w, https:\/\/www.radiopiu.net\/wordpress\/wp-content\/uploads\/2022\/01\/copertina_bella_bambina_libro-768x1104.jpg 768w, https:\/\/www.radiopiu.net\/wordpress\/wp-content\/uploads\/2022\/01\/copertina_bella_bambina_libro.jpg 1000w\" sizes=\"auto, (max-width: 187px) 100vw, 187px\" \/><\/a>La storia narrata in questo libro da Sara Agostini, originaria di Colle Santa Lucia, coprendo un periodo di tempo che va dalla met\u00e0 dell&#8217;Ottocento agli anni Ottanta del Novecento, racconta la vita nel piccolo comune ladino di Colle Santa Lucia, la Grande Guerra, l&#8217;opzione per il Reich del 1939, il secondo conflitto mondiale e il miracolo economico nella Germania postbellica, attraverso le avventure e i destini intrecciati di due famiglie, i Frena e i Kinne, e di un uomo una donna, Rodolfo ed Eleonora. Rodolfo Frena, zio di Sara Agostini, nel secondo dopoguerra abbandona il paese natale di Colle Santa Lucia ed emigra in Germania a cercar fortuna. Sceso alla stazione di Monaco nel 1954, poco dopo incontra casualmente Eleonora, profuga proveniente dalla Slesia dalla quale la sua famiglia, insieme a tutto il gruppo di lingua tedesca, era stata cacciata con la fine dell&#8217;occupazione nazista della Polonia e il ritorno del paese in mano ai polacchi e contemporaneamente sotto l&#8217;occupazione russa. Tragedia terribile quella della famiglia Kinne, e di tante altre, epurazione etnica ancora poco nota al grande pubblico. Sara Agostini ricostruisce storicamente, ma con la leggerezza di un racconto, le tormentate esperienze di vita di Rodolfo ed Eleonora, entrambe persone &#8220;di confine&#8221; seppure provenienti uno dalle Dolomiti e l&#8217;altra dalle pianure della Slesia.\u00a0 Li unisce il desiderio di riscatto delle loro vite passate, la ricerca del successo nella Germania del miracolo economico, e naturalmente una storia d&#8217;amore tra due persone sradicate che si comprendono vicendevolmente.<\/p><\/blockquote>\n<\/div>\n<p>&nbsp;<\/p>\n<hr \/>\n<p>&nbsp;<\/p>\n<blockquote>\n<h3>A GIUGNO IL RADUNO DELLE AUTO STORICHE<\/h3>\n<\/blockquote>\n<p><strong> REDAZIONE<\/strong> Il raduno Triumph Spitfire si terr\u00e0 a giugno lungo le strade delle Dolomiti. Gi\u00e0 organizzato nel 2020 era stato annullato causa Covid. Saranno percorse le valli Bellunesi in lungo e in largo facendo tappa in musei e locali. Dalla Fabbrica in Pedavena di La Valle Agordina (25 giugno alle\u00a0 12)\u00a0 al Castello di Andraz, museo Vittorino Cazzetta di Selva di Cadore fino al\u00a0 Museo dell&#8217;Occhiale di Pieve di Cadore. Tutti i partecipanti sono soci del Registro Triumph Spitfire e vengono da tutt&#8217;Italia e dalla Svizzera Italiana,\u00a0 previsti una quarantina di equipaggi\u2026.<\/p>\n<a href=\"https:\/\/www.radiopiu.net\/wordpress\/wp-content\/uploads\/2022\/01\/locandina.pdf\" class=\"pdfemb-viewer\" style=\"\" data-width=\"max\" data-height=\"max\" data-toolbar=\"top\" data-toolbar-fixed=\"on\">locandina<\/a>\n<p>&nbsp;<\/p>\n<hr \/>\n<p>&nbsp;<\/p>\n<blockquote>\n<h3>ADOLE\u2013SCIENZA: INCONTRI ONLINE PER GENITORI<\/h3>\n<\/blockquote>\n<p><strong>BELLUNO <\/strong>Dal 28 gennaio Il Dipartimento Dipendenze dell\u2019Ulss Dolomiti ha organizzato una serie di incontri per genitori e adulti di riferimento di ragazzi adolescenti. Gli incontri si terranno online dalle 20.30 alle 22.00.<\/p>\n<p>&nbsp;<\/p>\n<p>&nbsp;<\/p>\n<hr \/>\n<p>&nbsp;<\/p>\n<blockquote>\n<h3><a href=\"https:\/\/www.radiopiu.net\/wordpress\/169-anniversario-di-fondazione-della-polizia-di-stato\/img-20210207-wa0009\/\" rel=\"attachment wp-att-202223\"><img loading=\"lazy\" decoding=\"async\" class=\"wp-image-202223 alignleft\" src=\"https:\/\/www.radiopiu.net\/wordpress\/wp-content\/uploads\/2021\/04\/IMG-20210207-WA0009-300x225.jpg\" alt=\"\" width=\"172\" height=\"129\" srcset=\"https:\/\/www.radiopiu.net\/wordpress\/wp-content\/uploads\/2021\/04\/IMG-20210207-WA0009-300x225.jpg 300w, https:\/\/www.radiopiu.net\/wordpress\/wp-content\/uploads\/2021\/04\/IMG-20210207-WA0009-1024x768.jpg 1024w, https:\/\/www.radiopiu.net\/wordpress\/wp-content\/uploads\/2021\/04\/IMG-20210207-WA0009-768x576.jpg 768w, https:\/\/www.radiopiu.net\/wordpress\/wp-content\/uploads\/2021\/04\/IMG-20210207-WA0009-1536x1152.jpg 1536w, https:\/\/www.radiopiu.net\/wordpress\/wp-content\/uploads\/2021\/04\/IMG-20210207-WA0009.jpg 1632w\" sizes=\"auto, (max-width: 172px) 100vw, 172px\" \/><\/a>LA POLIZIA DI STATO CERCA QUARANTA MEDICI<\/h3>\n<\/blockquote>\n<p><b>BELLUNO <\/b>E&#8217; stato pubblicato il concorso per titoli ed esami per l&#8217;assunzione di 40 medici per la Polizia di Stato. La domanda di partecipazione al concorso deve essere compilato entro 30 giorni attraverso il sito www.poliziadistato.it<\/p>\n<p>&nbsp;<\/p>\n<p>&nbsp;<\/p>\n<p>&nbsp;<\/p>\n<hr \/>\n<p>&nbsp;<\/p>\n<blockquote>\n<h3><br role=\"presentation\" \/><span dir=\"ltr\" role=\"presentation\">CONCORSO, PER TITOLI ED ESAMI, PER L\u2019AMMISSIONE DI 66 ALLIEVI UFFICIALI<\/span><\/h3>\n<\/blockquote>\n<p><strong>BELLUNO<\/strong> <span dir=\"ltr\" role=\"presentation\">E&#8217; stato pubblicato il <\/span><span dir=\"ltr\" role=\"presentation\">concorso, per titoli ed esami, per l\u2019ammissione di 15 tenenti in servizio permanente effettivo<\/span><span dir=\"ltr\" role=\"presentation\">. <\/span><span dir=\"ltr\" role=\"presentation\">Possono partecipare al concorso i cittadini<\/span><span dir=\"ltr\" role=\"presentation\"> in possesso del diploma di istruzione secondaria di secondo grado, coloro che<\/span><span dir=\"ltr\" role=\"presentation\"> lo conseguano nell\u2019anno scolastico 2022\/2023; abbiano compiuto il 17\u00b0 anno e <\/span><span dir=\"ltr\" role=\"presentation\">non abbiano superato il 22\u00b0. <\/span><span dir=\"ltr\" role=\"presentation\">La domanda di partecipazione al concorso va presentata\u00a0 entro le ore 12 del 17 febbraio (<\/span><span dir=\"ltr\" role=\"presentation\">https:\/\/concorsi.gdf.gov.it.)<\/span><\/p>\n<p>&nbsp;<\/p>\n<p>&nbsp;<\/p>\n<hr \/>\n<p>&nbsp;<\/p>\n<blockquote>\n<h3>DUE EVENTI A LIMANA PER LA GIORNATA DELLA MEMORIA E DEL RICORDO<\/h3>\n<\/blockquote>\n<p><strong>LIMANA <\/strong><span class=\"s1\">Il Comune di Limana, Assessorato alla Cultura e Biblioteca Comunale, in collaborazione con l&#8217;Associazione Culturale Teatro Laboratorio di Brescia, in occasione delle due imminenti ricorrenze, ovvero la Giornata della Memoria e la Giornata del Ricordo, \u00e8 lieto di presentare: <\/span><span class=\"s1\">SABATO 29 GENNAIO alle 20.30 &#8220;Il magnifico impostore. Giorgio Perlasca&#8221;. Monologo con immagini e musiche <\/span><span class=\"s1\">MERCOLEDI&#8217; 9 FEBBRAIO alle 20.30 &#8220;Sorelle. Una storia per ricordare la tragedia delle Foibe&#8221;, rappresentazione teatrale. <\/span><span class=\"s1\">Entrambe le serate si terranno presso la sala Luigi Nocivelli, ingresso dietro la Biblioteca Comunale di Limana, Via Ruggero Fiabane n. 3.<\/span><\/p>\n<p>&nbsp;<\/p>\n<hr \/>\n<p>&nbsp;<\/p>\n<p>&nbsp;<\/p>\n<blockquote>\n<h3><a href=\"https:\/\/www.radiopiu.net\/wordpress\/giornale-radiopiu-25-gennaio-2022-direttore-mirko-mezzacasa\/fotoexnovocappelletto-1\/\" rel=\"attachment wp-att-255873\"><img loading=\"lazy\" decoding=\"async\" class=\"wp-image-255873 alignleft\" src=\"https:\/\/www.radiopiu.net\/wordpress\/wp-content\/uploads\/2022\/01\/FotoExNovoCappelletto-1-300x225.jpg\" alt=\"\" width=\"185\" height=\"139\" srcset=\"https:\/\/www.radiopiu.net\/wordpress\/wp-content\/uploads\/2022\/01\/FotoExNovoCappelletto-1-300x225.jpg 300w, https:\/\/www.radiopiu.net\/wordpress\/wp-content\/uploads\/2022\/01\/FotoExNovoCappelletto-1-1024x768.jpg 1024w, https:\/\/www.radiopiu.net\/wordpress\/wp-content\/uploads\/2022\/01\/FotoExNovoCappelletto-1-768x576.jpg 768w, https:\/\/www.radiopiu.net\/wordpress\/wp-content\/uploads\/2022\/01\/FotoExNovoCappelletto-1-1536x1152.jpg 1536w, https:\/\/www.radiopiu.net\/wordpress\/wp-content\/uploads\/2022\/01\/FotoExNovoCappelletto-1.jpg 2048w\" sizes=\"auto, (max-width: 185px) 100vw, 185px\" \/><\/a>SANDRO CAPPELLETTO, EX NOVO ENSEMBLE, GIOVEDI AL COMUNALE<\/h3>\n<\/blockquote>\n<p><strong>BELLUNO<\/strong>\u00a0 \u00c8 dedicato alla Giornata della Memoria il secondo concerto della 69a Stagione del Circolo Culturale Bellunese, domani alle 20:30, Teatro Comunale di Belluno. Protagonisti dell&#8217;evento sono Sandro Cappelletto, drammaturgo e voce narrante, ed l&#8217;Ex Novo Ensemble, ovvero Davide Teodoro clarinetto, Carlo Lazzari violino, Carlo Teodoro violoncello e Aldo Orvieto pianoforte. Informazioni e biglietti su <span style=\"color: #0000ff;\"><a style=\"color: #0000ff;\" href=\"http:\/\/www.belcircolo.org\/?fbclid=IwAR2izSUAVTlC4hs0H96AbyD10mlC_ghaG9qpPXhlQOqEutlluBICQ3y_C2c\">www.belcircolo.or<\/a>g<\/span><\/p>\n<p>&nbsp;<\/p>\n<p>&nbsp;<\/p>\n<hr \/>\n<p>&nbsp;<\/p>\n<blockquote>\n<h3><a href=\"https:\/\/www.radiopiu.net\/wordpress\/giornale-radiopiu-07-aprile\/cai-agordo-2\/\" rel=\"attachment wp-att-127841\"><img loading=\"lazy\" decoding=\"async\" class=\"wp-image-127841 alignleft\" src=\"https:\/\/www.radiopiu.net\/wordpress\/wp-content\/uploads\/2020\/04\/cai-agordo.jpg\" alt=\"\" width=\"145\" height=\"83\" \/><\/a>IN COMELICO CON IL CAI DI AGORDO<\/h3>\n<p><em>Tempo: 5-6 ore Dislivello in salita: m. 650 Difficolt\u00e0: EAI &#8211; F<\/em><\/p><\/blockquote>\n<p><strong>AGORDO<\/strong> Dopo un buon avvio di stagione sui sentieri di casa, la Commissione Escursionismo sposta lo sguardo e le racchette da neve in Comelico, alla scoperta di un&#8217;insolita vetta sulla quale si erge un imponente totem raffigurante esseri e spiriti leggendari, tipici del posto. Il Monte Zovo \u00e8 una cima panoramica e facile da raggiungere. Iscrizioni al 380 6983040 dalle 16 alle 21 di oggi. La normativa prevede l&#8217;obbligo del kit di autosoccorso (ARTVA, pala e sonda)\u00a0per tutti i partecipanti alle attivit\u00e0 invernali.<\/p>\n<p>&nbsp;<\/p>\n<p>&nbsp;<\/p>\n<hr \/>\n<p>&nbsp;<\/p>\n<blockquote class=\"wp-embedded-content\" data-secret=\"VE115eZqKv\"><p><a href=\"https:\/\/www.radiopiu.net\/wordpress\/sollievo-e-serenita-nel-ricordo-di-giorgia-praloran\/\">SOLLIEVO E SERENITA&#8217; NEL RICORDO DI GIORGIA PRALORAN<\/a><\/p><\/blockquote>\n<p><iframe loading=\"lazy\" class=\"wp-embedded-content\" sandbox=\"allow-scripts\" security=\"restricted\" style=\"position: absolute; clip: rect(1px, 1px, 1px, 1px);\" title=\"&#8220;SOLLIEVO E SERENITA&#8217; NEL RICORDO DI GIORGIA PRALORAN&#8221; &#8212; Radio Pi\u00f9\" src=\"https:\/\/www.radiopiu.net\/wordpress\/sollievo-e-serenita-nel-ricordo-di-giorgia-praloran\/embed\/#?secret=VE115eZqKv\" data-secret=\"VE115eZqKv\" width=\"600\" height=\"338\" frameborder=\"0\" marginwidth=\"0\" marginheight=\"0\" scrolling=\"no\"><\/iframe><\/p>\n<p>&nbsp;<\/p>\n<hr \/>\n<p>&nbsp;<\/p>\n<p><span style=\"color: #ff0000;\"><strong>L&#8217;OPINIONE\u00a0\u00a0<\/strong><\/span><\/p>\n<h3><em>Concertazione &amp; Mobilitazione\u00a0\u00a0<\/em><\/h3>\n<blockquote><p><strong>di Franco Piacentini, Feltre.<\/strong><\/p>\n<p>La drammatica pandemia, oltre alle tantissime vite spezzate e alle notevoli sofferenze, ha fatto emergere, con maggiore evidenza, le criticit\u00e0 e le difficolt\u00e0 (anche) sui versanti: del lavoro; del potere d&#8217;acquisto delle retribuzioni e delle pensioni; delle (il pi\u00f9 delle volte) inumane condizioni\u00a0di vita delle persone: anziane, disabili, non autosufficienti e povere. A onor del vero queste criticit\u00e0 e difficolt\u00e0 erano presenti anche prima di questa pandemia. Comunque sulla situazione socio-economica dal 2020 ad oggi, di pesantissimo impatto sociale causa Covid 19, opportunamente, molti esperti in valutazioni statistiche, hanno rilevato e divulgato (anche utilizzando i mass-media) i dati (numeri e percentuali) sulle precarie situazioni delle famiglie meno abbienti, dei lavoratori, dei pensionati, dei disoccupati e della stragrande maggioranza\u00a0degli anziani. Nel condividere queste ricerche statistiche, compresi i preoccupanti dati recentemente pubblicati dalle Confederazioni Cgil Cisl Uil, dai Sindacati Pensionati e dai vari Servizi Fiscali\u00a0CAF, per evitare\u00a0 che rimangano solo numeri sulla carta, si dovrebbero (per il sottoscritto: devono velocemente) concretizzarsi urgentemente le seguenti due azioni: la formalizzazione di tavoli permanenti di concertazione (nazionali, regionali e locali) tra le parti istituzionali, sindacali, imprenditoriali e sociali; la mobilitazione popolare (pacifica ma incisiva) se dovessero permanere le indifferenze e le sottovalutazioni del Governo\u00a0 e del Parlamento, alle richieste (alle proposte) del Sindacato e del Terzo Settore. Le sofferenze delle persone fragili non possono essere scaricate solo sulle spalle del Volontariato, che costituzionalmente, comunque\u00a0di notevole impatto umanitario, ha soprattutto il ruolo della &#8220;sussidiariet\u00e0&#8221; e non della sostituzione nelle responsabilit\u00e0\u00a0e nei compiti delle Pubbliche Amministrazioni.\u00a0 \u00a0 \u00a0 \u00a0<strong><br \/>\n<\/strong><\/p><\/blockquote>\n<p>&nbsp;<\/p>\n<p>&nbsp;<\/p>\n<hr \/>\n<p>&nbsp;<\/p>\n<p>&nbsp;<\/p>\n<h2><span style=\"color: #ff0000;\">IERI ALLA RADIO\u00a0\u00a0<\/span><\/h2>\n<h3>INVERNO 2022: LO ZERO TERMICO E\u2019\u2026.A RADIO PIU\u2019.<\/h3>\n<blockquote><p><em><a href=\"https:\/\/www.radiopiu.net\/wordpress\/giornale-radiopiu-26-gennaio-2022-direttore-mirko-mezzacasa\/th-301\/\" rel=\"attachment wp-att-256103\"><img loading=\"lazy\" decoding=\"async\" class=\"wp-image-256103 alignleft\" src=\"https:\/\/www.radiopiu.net\/wordpress\/wp-content\/uploads\/2022\/01\/th-18.jpg\" alt=\"\" width=\"202\" height=\"134\" \/><\/a>ZERO TERMICO E\u2019 UN VIAGGIO ALLA SCOPERTA DEL NOSTRO TERRITORIO, DALLA VOCE DEI PROTAGONISTI. TURISMO, SPORT, EVENTI, CULTURA, INTRATTENIMENTO. DAL LUNEDI\u2019 AL VENERDI ALLE 15.10 ALLE 20.30. ZERO TERMICO. UN APPUNTAMENTO IN COLLABORAZIONE CON: SPORT 203. LA NATURALE PORTA D\u2019INGRESSO\u2026.VERSO LO ZERO TERMICO. LOCALITA\u2019 LE CAMPE STRADA AGORDO BELLUNO. ABBIGLIAMENTO E ATTREZZATURA\u2026.DEDICATI A CHI AMA LA MONTAGNA.<\/em><\/p><\/blockquote>\n<p><strong>di Claudio Fontanive PUNTATA 12, OSPITE SIMONE GAZZOLI MARTEDI 25 GENNAIO\u00a0 2022<\/strong><\/p>\n<audio class=\"wp-audio-shortcode\" id=\"audio-255980-5\" preload=\"none\" style=\"width: 100%;\" controls=\"controls\"><source type=\"audio\/mpeg\" src=\"https:\/\/www.radiopiu.net\/wordpress\/wp-content\/uploads\/2022\/01\/simone-gazzoli-sporthotel-25-gennaio.mp3?_=5\" \/><a href=\"https:\/\/www.radiopiu.net\/wordpress\/wp-content\/uploads\/2022\/01\/simone-gazzoli-sporthotel-25-gennaio.mp3\">https:\/\/www.radiopiu.net\/wordpress\/wp-content\/uploads\/2022\/01\/simone-gazzoli-sporthotel-25-gennaio.mp3<\/a><\/audio>\n<p>&nbsp;<\/p>\n<hr \/>\n<p>&nbsp;<\/p>\n<p>&nbsp;<\/p>\n<h2><span style=\"color: #ff0000;\"><a href=\"https:\/\/www.radiopiu.net\/wordpress\/giornale-radiopiu-26-gennaio-2022-direttore-mirko-mezzacasa\/266365a3-10e2-4c3b-a0b5-5a3226799534\/\" rel=\"attachment wp-att-256053\"><img loading=\"lazy\" decoding=\"async\" class=\"wp-image-256053 alignleft\" src=\"https:\/\/www.radiopiu.net\/wordpress\/wp-content\/uploads\/2022\/01\/266365a3-10e2-4c3b-a0b5-5a3226799534-300x169.jpg\" alt=\"\" width=\"213\" height=\"120\" srcset=\"https:\/\/www.radiopiu.net\/wordpress\/wp-content\/uploads\/2022\/01\/266365a3-10e2-4c3b-a0b5-5a3226799534-300x169.jpg 300w, https:\/\/www.radiopiu.net\/wordpress\/wp-content\/uploads\/2022\/01\/266365a3-10e2-4c3b-a0b5-5a3226799534-1024x576.jpg 1024w, https:\/\/www.radiopiu.net\/wordpress\/wp-content\/uploads\/2022\/01\/266365a3-10e2-4c3b-a0b5-5a3226799534-768x432.jpg 768w, https:\/\/www.radiopiu.net\/wordpress\/wp-content\/uploads\/2022\/01\/266365a3-10e2-4c3b-a0b5-5a3226799534-1536x864.jpg 1536w, https:\/\/www.radiopiu.net\/wordpress\/wp-content\/uploads\/2022\/01\/266365a3-10e2-4c3b-a0b5-5a3226799534.jpg 1600w\" sizes=\"auto, (max-width: 213px) 100vw, 213px\" \/><\/a>IERI ALLA RADIO<\/span><\/h2>\n<p>SPECIALE AUSER&#8230;SI RIPARTE CON LA GITA<\/p>\n<p><strong>OSPITE, IL SEGRETARIO PIETRO URPI\u00a0<\/strong><\/p>\n<p>&nbsp;<\/p>\n<p><strong>AUDIO\u00a0<\/strong><\/p>\n<audio class=\"wp-audio-shortcode\" id=\"audio-255980-6\" preload=\"none\" style=\"width: 100%;\" controls=\"controls\"><source type=\"audio\/mpeg\" src=\"https:\/\/www.radiopiu.net\/wordpress\/wp-content\/uploads\/2022\/01\/PIETRO-URPI.mp3?_=6\" \/><a href=\"https:\/\/www.radiopiu.net\/wordpress\/wp-content\/uploads\/2022\/01\/PIETRO-URPI.mp3\">https:\/\/www.radiopiu.net\/wordpress\/wp-content\/uploads\/2022\/01\/PIETRO-URPI.mp3<\/a><\/audio>\n<p>&nbsp;<\/p>\n<p>&nbsp;<\/p>\n<hr \/>\n<p>&nbsp;<\/p>\n<blockquote>\n<h3>LA GEOLOGIA DELLA PROVINCIA DI BELLUNO NEL CATALOGO (1993) CURATO DA LUIGI CANEVE<\/h3>\n<\/blockquote>\n<p><strong>di\u00a0 RENATO BONA<\/strong><\/p>\n<p>Nell\u2019ottobre del 1993 il Comune di Belluno patrocinava (e concorreva nella spesa) la stampa, realizzata grazie all\u2019Istituto bellunese di ricerche sociali e culturali con la tipografia Piave, il catalogo (che veniva dopo i precedenti \u201cI Dipinti\u201d e \u201cI Disegni\u201d) \u201cGeologia della Provincia di Belluno\u201d a cura di Luigi Caneve, anche per illustrare la sezione scientifica del Museo civico e l\u2019opera scientifica del prof. Torquato Taramelli. Il sindaco dell\u2019epoca, Maurizio Fistarol, esprimeva nella breve presentazione del volume soddisfazione per l\u2019allargamento delle competenze e degli interessi del Museo verso un nuovo campo di studi con l\u2019intendimento che la sezione scientifica, arricchita in futuro di nuovi reperti e degli erbari storici, possa rispondere alle richieste di studenti e appassionati\u201d. Preziose le collaborazioni di Simonetta Civran per il progetto grafico, impaginazione e tavole geologiche; Maurizio Pierobon per la tavola \u201cSerie stratigrafica delle Dolomiti Bellunesi\u201d; Giancarlo De Santi per foto campioni e riproduzioni fotografiche; Giandomenico Tono per 4 fotografie; la prof. Emiliana Casol per l\u2019organizzazione della sezione scientifica; i professori G.B. Pellegrini e P. Grandesso dell\u2019Universit\u00e0 di Padova che hanno garantito il rigore scientifico della pubblicazione. Proprio i due docenti universitari nella prefazione esordivano cos\u00ec: \u201cIn occasione della inaugurazione della \u2018collezione geologica di T. Taramelli\u2019, il Comune di Belluno \u2013 Museo civico \u2013 ha voluto ricordare l\u2019opera dell\u2019illustre geologo del Bellunese, invitando il dott. Luigi Caneve a riordinare la \u2018collezione\u2019, corredandola di un testo illustrativo redatto in forma divulgativa ma impostato su rigorosi criteri scientifici\u201d sicch\u00e9 \u201cil lavoro presenta una descrizione semplificata delle rocce, dei minerali e dei fossili, opportuna per una migliore comprensione sia della collezione sia della storia geologica dell\u2019area bellunese\u201d. Con la parte pi\u00f9 significativa di questo volume che \u201ctratta dell\u2019evoluzione della paleografia e dei diversi ambienti succedutisi nel tempo, dando luogo alla grande variet\u00e0 di formazioni rocciose e di paesaggi che oggi possiamo ammirare nella nostra regione\u201d. Grandesso-Pellegrini non mancavano di dire che \u201cSono proprio le bellezze naturali e le preziose testimonianze geologiche che attirarono il Taramelli in quest\u2019area e lo entusiasmarono fino a fargli scrivere, con quel suo stile, insolito per noi, ma senza dubbio poetico: \u2018L\u2019imponente magnificenza del paesaggio, la chiarezza delle differenze orografiche, che si davan l\u2019un con l\u2019altra risalto e la sintesi delle osservazioni scientifiche fatte, mi spingevano alla fantasia le successiva metamorfosi, per quella regione si ridusse a tal punto da presentare allo spettatore quell\u2019estetica armonia di tante varie bellezze e quel ricco complesso di rarit\u00e0 naturali, che muoiono nell\u2019ampio vallo della valle di Belluno\u201d. E concludevano: \u201cIl lavoro che il dott. Caneve presenta sembra un doveroso omaggio alla memoria del Maestro, interprete fedele della natura, a pi\u00f9 di cento anni dalla pubblicazione della famosa \u2018Carta geologica della provincia di Belluno\u2019\u201d. Concludiamo ricordando che il catalogo-libro \u00e8 articolato nei seguenti capitoli: \u201cLa Sezione Geologica del Museo civico di Belluno\u201d; \u201cL\u2019opera scientifica del prof. Torquato Taramelli\u201d; \u201cMinerali, rocce e fossili\u201d (I minerali, Le rocce, I fossili e l\u2019uomo: la Paleontologia; La geologia della provincia di Belluno); \u201cEre geologiche\u201d (Paleozoica, Mesozoica, Terziaria, Quaternaria); Bibliografia; Inventario dei materiali. E che &#8211; lo scrive la libera enciclopedia Wikipedia &#8211; Torquato Taramelli compiuti i 4 anni di studio universitario a Pavia come alunno del Collegio Ghisleri, ottenne la laurea in scienze naturali a Palermo divenendo poi assistente di Antonio Stoppani al politecnico di Milano. Dopo la partecipazione alla terza guerra d\u2019indipendenza divenne professore di storia naturale nell&#8217;Istituto tecnico di Udine. Dedic\u00f2 i suoi studi al territorio del Friuli dove nel 1874 fu fondatore e presidente della Societ\u00e0 Alpina Friulana, sezione locale del Cai. Lo stesso anno divenne professore all\u2019Universit\u00e0 di Genova trasferendosi per\u00f2 gi\u00e0 nel 1875 in quella di Pavia, come professore straordinario di mineralogia e geologia. Insegn\u00f2 anche paleontologia e geologia applicata e materiali da costruzione nella Scuola di applicazione per gli ingegneri a Pavia, citt\u00e0 nella quale fu rettore dell\u2019Universit\u00e0 tra il 1888 ed il 1891. Fondatore dell\u2019Istituto geologico italiano, presiedette le Societ\u00e0 geologica italiana, fu membro fondatore della Societ\u00e0 sismologica e componente della Commissione reale geodinamica. Dal 1887 al ministero dell\u2019agricoltura, industria e commercio prese parte al\u2019consiglio direttivo dell\u2019ufficio centrale di meteorologia e geodinamica ed organizz\u00f2 una rete di osservatori geodinamici. Tra i suoi lavori pi\u00f9 importanti, la Carta geologica d\u2019Italia e gli studi in sismologia, dedicati ai campi macrosismici di alcuni importanti eventi tellurici. Diede, fino alla scomparsa, un rilevante contributo a progetti di grandi opere di ingegneria civile e di sviluppo dell\u2019agricoltura. Il gruppo di geologi di cui fece parte diede origine alla \u201cnuova geologia\u201d che port\u00f2 a livelli europei la geologia italiana.<\/p>\n\n\t\t\t<style type='text\/css'>\n\t\t\t\t#gallery-6 {\n\t\t\t\t\tmargin: auto;\n\t\t\t\t}\n\t\t\t\t#gallery-6 .gallery-item {\n\t\t\t\t\tfloat: left;\n\t\t\t\t\tmargin-top: 10px;\n\t\t\t\t\ttext-align: center;\n\t\t\t\t\twidth: 20%;\n\t\t\t\t}\n\t\t\t\t#gallery-6 img {\n\t\t\t\t\tborder: 2px solid #cfcfcf;\n\t\t\t\t}\n\t\t\t\t#gallery-6 .gallery-caption {\n\t\t\t\t\tmargin-left: 0;\n\t\t\t\t}\n\t\t\t\t\/* see gallery_shortcode() in wp-includes\/media.php *\/\n\t\t\t<\/style>\n\t\t<div id='gallery-6' class='dt-gallery-container gallery galleryid-255980 gallery-columns-5 gallery-size-thumbnail'><dl class='gallery-item'>\n\t\t\t\t<dt class='gallery-icon landscape'>\n\t\t\t\t\t<a class=\"rollover rollover-zoom dt-pswp-item\" title=\"272777437_659360641855685_3645208546444804961_n\" data-dt-img-description=\"\" data-large_image_width=\"261\" data-large_image_height=\"202\"href='https:\/\/www.radiopiu.net\/wordpress\/wp-content\/uploads\/2022\/01\/272777437_659360641855685_3645208546444804961_n.jpg'><img loading=\"lazy\" decoding=\"async\" width=\"150\" height=\"150\" src=\"https:\/\/www.radiopiu.net\/wordpress\/wp-content\/uploads\/2022\/01\/272777437_659360641855685_3645208546444804961_n-150x150.jpg\" class=\"attachment-thumbnail size-thumbnail\" alt=\"\" \/><\/a>\n\t\t\t\t<\/dt><\/dl><dl class='gallery-item'>\n\t\t\t\t<dt class='gallery-icon portrait'>\n\t\t\t\t\t<a class=\"rollover rollover-zoom dt-pswp-item\" title=\"271439500_896616054356288_8377842707067821508_n\" data-dt-img-description=\"\" data-large_image_width=\"154\" data-large_image_height=\"225\"href='https:\/\/www.radiopiu.net\/wordpress\/wp-content\/uploads\/2022\/01\/271439500_896616054356288_8377842707067821508_n.jpg'><img loading=\"lazy\" decoding=\"async\" width=\"150\" height=\"150\" src=\"https:\/\/www.radiopiu.net\/wordpress\/wp-content\/uploads\/2022\/01\/271439500_896616054356288_8377842707067821508_n-150x150.jpg\" class=\"attachment-thumbnail size-thumbnail\" alt=\"\" \/><\/a>\n\t\t\t\t<\/dt><\/dl><dl class='gallery-item'>\n\t\t\t\t<dt class='gallery-icon portrait'>\n\t\t\t\t\t<a class=\"rollover rollover-zoom dt-pswp-item\" title=\"272168036_652334245953087_8140711676753273715_n\" data-dt-img-description=\"\" data-large_image_width=\"153\" data-large_image_height=\"240\"href='https:\/\/www.radiopiu.net\/wordpress\/wp-content\/uploads\/2022\/01\/272168036_652334245953087_8140711676753273715_n.jpg'><img loading=\"lazy\" decoding=\"async\" width=\"150\" height=\"150\" src=\"https:\/\/www.radiopiu.net\/wordpress\/wp-content\/uploads\/2022\/01\/272168036_652334245953087_8140711676753273715_n-150x150.jpg\" class=\"attachment-thumbnail size-thumbnail\" alt=\"\" \/><\/a>\n\t\t\t\t<\/dt><\/dl><dl class='gallery-item'>\n\t\t\t\t<dt class='gallery-icon landscape'>\n\t\t\t\t\t<a class=\"rollover rollover-zoom dt-pswp-item\" title=\"271954205_351739183184703_3292986886188204354_n\" data-dt-img-description=\"\" data-large_image_width=\"250\" data-large_image_height=\"206\"href='https:\/\/www.radiopiu.net\/wordpress\/wp-content\/uploads\/2022\/01\/271954205_351739183184703_3292986886188204354_n.jpg'><img loading=\"lazy\" decoding=\"async\" width=\"150\" height=\"150\" src=\"https:\/\/www.radiopiu.net\/wordpress\/wp-content\/uploads\/2022\/01\/271954205_351739183184703_3292986886188204354_n-150x150.jpg\" class=\"attachment-thumbnail size-thumbnail\" alt=\"\" \/><\/a>\n\t\t\t\t<\/dt><\/dl><dl class='gallery-item'>\n\t\t\t\t<dt class='gallery-icon landscape'>\n\t\t\t\t\t<a class=\"rollover rollover-zoom dt-pswp-item\" title=\"271936219_715541073187819_6882060872058655173_n\" data-dt-img-description=\"\" data-large_image_width=\"262\" data-large_image_height=\"206\"href='https:\/\/www.radiopiu.net\/wordpress\/wp-content\/uploads\/2022\/01\/271936219_715541073187819_6882060872058655173_n.jpg'><img loading=\"lazy\" decoding=\"async\" width=\"150\" height=\"150\" src=\"https:\/\/www.radiopiu.net\/wordpress\/wp-content\/uploads\/2022\/01\/271936219_715541073187819_6882060872058655173_n-150x150.jpg\" class=\"attachment-thumbnail size-thumbnail\" alt=\"\" \/><\/a>\n\t\t\t\t<\/dt><\/dl><br style=\"clear: both\" \/><dl class='gallery-item'>\n\t\t\t\t<dt class='gallery-icon landscape'>\n\t\t\t\t\t<a class=\"rollover rollover-zoom dt-pswp-item\" title=\"271753045_317909603603865_3354508101738963431_n\" data-dt-img-description=\"\" data-large_image_width=\"280\" data-large_image_height=\"206\"href='https:\/\/www.radiopiu.net\/wordpress\/wp-content\/uploads\/2022\/01\/271753045_317909603603865_3354508101738963431_n.jpg'><img loading=\"lazy\" decoding=\"async\" width=\"150\" height=\"150\" src=\"https:\/\/www.radiopiu.net\/wordpress\/wp-content\/uploads\/2022\/01\/271753045_317909603603865_3354508101738963431_n-150x150.jpg\" class=\"attachment-thumbnail size-thumbnail\" alt=\"\" \/><\/a>\n\t\t\t\t<\/dt><\/dl><dl class='gallery-item'>\n\t\t\t\t<dt class='gallery-icon landscape'>\n\t\t\t\t\t<a class=\"rollover rollover-zoom dt-pswp-item\" title=\"271965883_785658679014280_6514458311474009953_n\" data-dt-img-description=\"\" data-large_image_width=\"313\" data-large_image_height=\"206\"href='https:\/\/www.radiopiu.net\/wordpress\/wp-content\/uploads\/2022\/01\/271965883_785658679014280_6514458311474009953_n.jpg'><img loading=\"lazy\" decoding=\"async\" width=\"150\" height=\"150\" src=\"https:\/\/www.radiopiu.net\/wordpress\/wp-content\/uploads\/2022\/01\/271965883_785658679014280_6514458311474009953_n-150x150.jpg\" class=\"attachment-thumbnail size-thumbnail\" alt=\"\" \/><\/a>\n\t\t\t\t<\/dt><\/dl><dl class='gallery-item'>\n\t\t\t\t<dt class='gallery-icon landscape'>\n\t\t\t\t\t<a class=\"rollover rollover-zoom dt-pswp-item\" title=\"271482183_1800021813542022_1339513911972579155_n\" data-dt-img-description=\"\" data-large_image_width=\"275\" data-large_image_height=\"206\"href='https:\/\/www.radiopiu.net\/wordpress\/wp-content\/uploads\/2022\/01\/271482183_1800021813542022_1339513911972579155_n.jpg'><img loading=\"lazy\" decoding=\"async\" width=\"150\" height=\"150\" src=\"https:\/\/www.radiopiu.net\/wordpress\/wp-content\/uploads\/2022\/01\/271482183_1800021813542022_1339513911972579155_n-150x150.jpg\" class=\"attachment-thumbnail size-thumbnail\" alt=\"\" \/><\/a>\n\t\t\t\t<\/dt><\/dl><dl class='gallery-item'>\n\t\t\t\t<dt class='gallery-icon portrait'>\n\t\t\t\t\t<a class=\"rollover rollover-zoom dt-pswp-item\" title=\"271710607_483754156448866_4447948507682444926_n\" data-dt-img-description=\"\" data-large_image_width=\"159\" data-large_image_height=\"225\"href='https:\/\/www.radiopiu.net\/wordpress\/wp-content\/uploads\/2022\/01\/271710607_483754156448866_4447948507682444926_n.jpg'><img loading=\"lazy\" decoding=\"async\" width=\"150\" height=\"150\" src=\"https:\/\/www.radiopiu.net\/wordpress\/wp-content\/uploads\/2022\/01\/271710607_483754156448866_4447948507682444926_n-150x150.jpg\" class=\"attachment-thumbnail size-thumbnail\" alt=\"\" \/><\/a>\n\t\t\t\t<\/dt><\/dl><dl class='gallery-item'>\n\t\t\t\t<dt class='gallery-icon portrait'>\n\t\t\t\t\t<a class=\"rollover rollover-zoom dt-pswp-item\" title=\"271354241_3151792138434450_6527579461736992242_n\" data-dt-img-description=\"\" data-large_image_width=\"155\" data-large_image_height=\"260\"href='https:\/\/www.radiopiu.net\/wordpress\/wp-content\/uploads\/2022\/01\/271354241_3151792138434450_6527579461736992242_n.jpg'><img loading=\"lazy\" decoding=\"async\" width=\"150\" height=\"150\" src=\"https:\/\/www.radiopiu.net\/wordpress\/wp-content\/uploads\/2022\/01\/271354241_3151792138434450_6527579461736992242_n-150x150.jpg\" class=\"attachment-thumbnail size-thumbnail\" alt=\"\" \/><\/a>\n\t\t\t\t<\/dt><\/dl><br style=\"clear: both\" \/><dl class='gallery-item'>\n\t\t\t\t<dt class='gallery-icon landscape'>\n\t\t\t\t\t<a class=\"rollover rollover-zoom dt-pswp-item\" title=\"272046263_541233033533736_6719095156697962372_n\" data-dt-img-description=\"\" data-large_image_width=\"261\" data-large_image_height=\"205\"href='https:\/\/www.radiopiu.net\/wordpress\/wp-content\/uploads\/2022\/01\/272046263_541233033533736_6719095156697962372_n.jpg'><img loading=\"lazy\" decoding=\"async\" width=\"150\" height=\"150\" src=\"https:\/\/www.radiopiu.net\/wordpress\/wp-content\/uploads\/2022\/01\/272046263_541233033533736_6719095156697962372_n-150x150.jpg\" class=\"attachment-thumbnail size-thumbnail\" alt=\"\" \/><\/a>\n\t\t\t\t<\/dt><\/dl><dl class='gallery-item'>\n\t\t\t\t<dt class='gallery-icon landscape'>\n\t\t\t\t\t<a class=\"rollover rollover-zoom dt-pswp-item\" title=\"272007845_462225565478699_7120764476243170349_n\" data-dt-img-description=\"\" data-large_image_width=\"261\" data-large_image_height=\"205\"href='https:\/\/www.radiopiu.net\/wordpress\/wp-content\/uploads\/2022\/01\/272007845_462225565478699_7120764476243170349_n.jpg'><img loading=\"lazy\" decoding=\"async\" width=\"150\" height=\"150\" src=\"https:\/\/www.radiopiu.net\/wordpress\/wp-content\/uploads\/2022\/01\/272007845_462225565478699_7120764476243170349_n-150x150.jpg\" class=\"attachment-thumbnail size-thumbnail\" alt=\"\" \/><\/a>\n\t\t\t\t<\/dt><\/dl><dl class='gallery-item'>\n\t\t\t\t<dt class='gallery-icon portrait'>\n\t\t\t\t\t<a class=\"rollover rollover-zoom dt-pswp-item\" title=\"271906198_890882448267281_2163705408117182301_n\" data-dt-img-description=\"\" data-large_image_width=\"157\" data-large_image_height=\"206\"href='https:\/\/www.radiopiu.net\/wordpress\/wp-content\/uploads\/2022\/01\/271906198_890882448267281_2163705408117182301_n.jpg'><img loading=\"lazy\" decoding=\"async\" width=\"150\" height=\"150\" src=\"https:\/\/www.radiopiu.net\/wordpress\/wp-content\/uploads\/2022\/01\/271906198_890882448267281_2163705408117182301_n-150x150.jpg\" class=\"attachment-thumbnail size-thumbnail\" alt=\"\" \/><\/a>\n\t\t\t\t<\/dt><\/dl><dl class='gallery-item'>\n\t\t\t\t<dt class='gallery-icon portrait'>\n\t\t\t\t\t<a class=\"rollover rollover-zoom dt-pswp-item\" title=\"271898314_368282458471113_413536282447969098_n\" data-dt-img-description=\"\" data-large_image_width=\"153\" data-large_image_height=\"260\"href='https:\/\/www.radiopiu.net\/wordpress\/wp-content\/uploads\/2022\/01\/271898314_368282458471113_413536282447969098_n.jpg'><img loading=\"lazy\" decoding=\"async\" width=\"150\" height=\"150\" src=\"https:\/\/www.radiopiu.net\/wordpress\/wp-content\/uploads\/2022\/01\/271898314_368282458471113_413536282447969098_n-150x150.jpg\" class=\"attachment-thumbnail size-thumbnail\" alt=\"\" \/><\/a>\n\t\t\t\t<\/dt><\/dl>\n\t\t\t\t<br style='clear: both' \/>\n\t\t\t<\/div>\n\n<p>NELLE FOTO (riproduzioni dal libro di Luigi Caneve \u201cGeologia della Provincia di Belluno\u201d): la copertina del volume; immagine del prof. Torquato Taramelli il \u201cgeologo del Bellunese\u201d; stralcio della carte geologica della provincia di Belluno rilevata negli anni 1877-81 da Taramelli; forni per la fusione del rame della miniera di Val Imperina, lo stabilimento della miniera di Argentiera ad Auronzo, imbocco della miniera a Valle Inferna nello Zoldano, imbocco di Valle Imperina; calcite della cava di Vich di Ponte nelle Alpi, pirite di Valle Imperina, calcite del Focobon a Falcaede, galena della miniera zoldana di Valle Inferna; parete dolomitica della Tofana di Rozes; serie stratigrafica delle Dolomiti Bellunesi; rocce metamorfiche; ammonite in dolomia, cespo di coralli, megalodon g\u00fcmbeli, raibl; gesso rosa; placcs dentale di pesce, tre campioni di ammonite; impronte fossili;vertebre e costole di delfino fossile, vertebra di pesce, frustoli carboniosi e strobilo di conifera; mandibola di denticeto bellunese, denticeto \u2018squalodon bellunensis\u201d (tratto da G. Pilleri, 1985); dente di mammut, cranio di orso, osso del corno di bovide, incrostazioni calcaree con impronta di foglia.<\/p>\n<p>&nbsp;<\/p>\n<p>&nbsp;<\/p>\n<hr \/>\n<p>&nbsp;<\/p>\n<div>\n<div class=\"b654a4as d2edcug0\">\n<div class=\"rq0escxv hkbzh7o3 jwdofwj8 n8tt0mok r8blr3vg hyh9befq\">\n<p><a class=\"dt-pswp-item\" href=\"https:\/\/www.radiopiu.net\/wordpress\/wp-content\/uploads\/2020\/10\/pp.jpg\" data-dt-img-description=\"\" data-large_image_width=\"640\" data-large_image_height=\"640\"><img loading=\"lazy\" decoding=\"async\" class=\"wp-image-163678 alignleft\" src=\"https:\/\/www.radiopiu.net\/wordpress\/wp-content\/uploads\/2020\/10\/pp-300x300.jpg\" alt=\"\" width=\"106\" height=\"106\" srcset=\"https:\/\/www.radiopiu.net\/wordpress\/wp-content\/uploads\/2020\/10\/pp-300x300.jpg 300w, https:\/\/www.radiopiu.net\/wordpress\/wp-content\/uploads\/2020\/10\/pp-150x150.jpg 150w, https:\/\/www.radiopiu.net\/wordpress\/wp-content\/uploads\/2020\/10\/pp-125x125.jpg 125w, https:\/\/www.radiopiu.net\/wordpress\/wp-content\/uploads\/2020\/10\/pp-200x200.jpg 200w, https:\/\/www.radiopiu.net\/wordpress\/wp-content\/uploads\/2020\/10\/pp-80x80.jpg 80w, https:\/\/www.radiopiu.net\/wordpress\/wp-content\/uploads\/2020\/10\/pp-480x480.jpg 480w, https:\/\/www.radiopiu.net\/wordpress\/wp-content\/uploads\/2020\/10\/pp.jpg 640w\" sizes=\"auto, (max-width: 106px) 100vw, 106px\" \/><\/a><\/p>\n<\/div>\n<\/div>\n<\/div>\n<div>\n<div class=\"page-title-head hgroup\">\n<div class=\"page-title-head hgroup\">\n<div class=\"b654a4as d2edcug0\">\n<div class=\"j83agx80 btwxx1t3 lhclo0ds hop8lmos nkwizq5d scwd0bx6 roh60bw9\">\n<div class=\"rq0escxv hkbzh7o3 jwdofwj8 n8tt0mok r8blr3vg hyh9befq\">\n<div class=\"do00u71z l9j0dhe7 k4urcfbm\">\n<h2><span style=\"color: #000080;\">\u00a0<\/span><span style=\"color: #000080;\">DON CESARE, IL PENSIERO DEL GIORNO. ALLA RADIO ALLE 7 DEL MATTINO E ALLE 19.30 DELLA SERA.<\/span><\/h2>\n<\/div>\n<div class=\"do00u71z l9j0dhe7 k4urcfbm\">\n<audio class=\"wp-audio-shortcode\" id=\"audio-255980-7\" preload=\"none\" style=\"width: 100%;\" controls=\"controls\"><source type=\"audio\/mpeg\" src=\"https:\/\/www.radiopiu.net\/wordpress\/wp-content\/uploads\/2022\/01\/cesare-13.mp3?_=7\" \/><a href=\"https:\/\/www.radiopiu.net\/wordpress\/wp-content\/uploads\/2022\/01\/cesare-13.mp3\">https:\/\/www.radiopiu.net\/wordpress\/wp-content\/uploads\/2022\/01\/cesare-13.mp3<\/a><\/audio>\n<p>&nbsp;<\/p>\n<div>\n<div class=\"page-title-head hgroup\">\n<div class=\"page-title-head hgroup\">\n<div class=\"b654a4as d2edcug0\">\n<div class=\"j83agx80 btwxx1t3 lhclo0ds hop8lmos nkwizq5d scwd0bx6 roh60bw9\">\n<div class=\"rq0escxv hkbzh7o3 jwdofwj8 n8tt0mok r8blr3vg hyh9befq\">\n<div class=\"do00u71z l9j0dhe7 k4urcfbm\">\n<hr \/>\n<p>&nbsp;<\/p>\n<div>\n<div class=\"page-title-head hgroup\">\n<div class=\"page-title-head hgroup\">\n<div class=\"b654a4as d2edcug0\">\n<div class=\"j83agx80 btwxx1t3 lhclo0ds hop8lmos nkwizq5d scwd0bx6 roh60bw9\">\n<div class=\"rq0escxv hkbzh7o3 jwdofwj8 n8tt0mok r8blr3vg hyh9befq\">\n<div class=\"do00u71z l9j0dhe7 k4urcfbm\">\n<div class=\"ecm0bbzt e5nlhep0 a8c37x1j\">\n<div class=\"kvgmc6g5 cxmmr5t8 oygrvhab hcukyx3x c1et5uql\">\n<div class=\"gmail-kvgmc6g5 gmail-cxmmr5t8 gmail-oygrvhab gmail-hcukyx3x gmail-c1et5uql gmail-ii04i59q\">\n<div class=\"page-title-head hgroup\">\n<div class=\"page-title-head hgroup\">\n<div class=\"b654a4as d2edcug0\">\n<div class=\"j83agx80 btwxx1t3 lhclo0ds hop8lmos nkwizq5d scwd0bx6 roh60bw9\">\n<div class=\"rq0escxv hkbzh7o3 jwdofwj8 n8tt0mok r8blr3vg hyh9befq\">\n<div class=\"do00u71z l9j0dhe7 k4urcfbm\">\n<h3 class=\"kvgmc6g5 cxmmr5t8 oygrvhab hcukyx3x c1et5uql\"><span style=\"color: #0000ff;\"><strong>INFORMAZIONE il canale su TELEGRAM informazione di prima mano e in tempo reale. iscriviti ed aiutaci a farlo conoscere\u00a0\u00a0<\/strong><\/span><\/h3>\n<p>&nbsp;<\/p>\n<hr \/>\n<p>&nbsp;<\/p>\n<blockquote>\n<h3>DAL CIELO, DI JOHN FRANCIS DELLA PIETRA<\/h3>\n<\/blockquote>\n<p><strong>di John Francis Della Pietra<\/strong><\/p>\n<audio class=\"wp-audio-shortcode\" id=\"audio-255980-8\" preload=\"none\" style=\"width: 100%;\" controls=\"controls\"><source type=\"audio\/mpeg\" src=\"https:\/\/www.radiopiu.net\/wordpress\/wp-content\/uploads\/2022\/01\/JOHN-FRANCIS-DAL-CIELO.mp3?_=8\" \/><a href=\"https:\/\/www.radiopiu.net\/wordpress\/wp-content\/uploads\/2022\/01\/JOHN-FRANCIS-DAL-CIELO.mp3\">https:\/\/www.radiopiu.net\/wordpress\/wp-content\/uploads\/2022\/01\/JOHN-FRANCIS-DAL-CIELO.mp3<\/a><\/audio>\n<p>&nbsp;<\/p>\n<h3><strong><a href=\"https:\/\/www.radiopiu.net\/wordpress\/dal-cielo-di-john-francis-della-pietra\/ee99b29c-c6b4-4598-b2ff-1ba5d95fd3e3\/\" rel=\"attachment wp-att-256139\"><img loading=\"lazy\" decoding=\"async\" class=\"size-medium wp-image-256139 alignright\" src=\"https:\/\/www.radiopiu.net\/wordpress\/wp-content\/uploads\/2022\/01\/ee99b29c-c6b4-4598-b2ff-1ba5d95fd3e3-300x185.jpg\" alt=\"\" width=\"300\" height=\"185\" srcset=\"https:\/\/www.radiopiu.net\/wordpress\/wp-content\/uploads\/2022\/01\/ee99b29c-c6b4-4598-b2ff-1ba5d95fd3e3-300x185.jpg 300w, https:\/\/www.radiopiu.net\/wordpress\/wp-content\/uploads\/2022\/01\/ee99b29c-c6b4-4598-b2ff-1ba5d95fd3e3-768x474.jpg 768w, https:\/\/www.radiopiu.net\/wordpress\/wp-content\/uploads\/2022\/01\/ee99b29c-c6b4-4598-b2ff-1ba5d95fd3e3.jpg 960w\" sizes=\"auto, (max-width: 300px) 100vw, 300px\" \/><\/a>DAL CIELO<\/strong><\/h3>\n<p>Come sempre<br \/>\nC&#8217;aspettiamo qualcosa<br \/>\nDa lass\u00f9<br \/>\nUn&#8217;aiuto un&#8217;ausilio un conforto<br \/>\nQuando le difficolt\u00e0 terrene<br \/>\nSembrano avere il sopravvento<br \/>\nSu di noi<br \/>\nVolgiamo lo sguardo<br \/>\nOltre le cime le vette<br \/>\nNel suo infinito<br \/>\nLe preci che eleviamo<br \/>\nSpesso hanno un celeste interlocutore<br \/>\nChe \u00e8 rimasto vicino a noi<br \/>\nNel silente profondo<br \/>\nDall&#8217;azzurro traspare<br \/>\nVivido il ricordo<br \/>\n\u00c8 trascorso quasi un anno<br \/>\nLentamente ma inesorabile<br \/>\nLa sua vita umana<br \/>\nScivolava via<br \/>\nVerso una nuova dimensione<br \/>\nChe tutti dentro di noi<br \/>\nSappiamo essere<br \/>\nQuel cielo lass\u00f9<br \/>\nCos\u00ec ora ciascuno<br \/>\nNei suoi peculiari frangenti<br \/>\nA te si rivolge<br \/>\nPer avere<br \/>\nLa forza l&#8217;energia la calma la gioia<br \/>\nChe hai sempre trasmesso<br \/>\nCol tuo timido ma fermo sorriso<br \/>\nLe nostre voci si fan pi\u00f9 forti<br \/>\nA te le preghiere<br \/>\nPi\u00f9 accorate<br \/>\nNel percepire la tua guida e protezione<br \/>\nSu di noi<br \/>\nDi lass\u00f9 dalla folta schiera d angeli<br \/>\nGrazie<br \/>\nGigi<\/p>\n<p>&nbsp;<\/p>\n<p>&nbsp;<\/p>\n<hr \/>\n<p>&nbsp;<\/p>\n<div>\n<div class=\"page-title-head hgroup\">\n<div class=\"page-title-head hgroup\">\n<div class=\"b654a4as d2edcug0\">\n<div class=\"j83agx80 btwxx1t3 lhclo0ds hop8lmos nkwizq5d scwd0bx6 roh60bw9\">\n<div class=\"rq0escxv hkbzh7o3 jwdofwj8 n8tt0mok r8blr3vg hyh9befq\">\n<div class=\"do00u71z l9j0dhe7 k4urcfbm\">\n<div>\n<div class=\"page-title-head hgroup\">\n<div class=\"page-title-head hgroup\">\n<div class=\"b654a4as d2edcug0\">\n<div class=\"j83agx80 btwxx1t3 lhclo0ds hop8lmos nkwizq5d scwd0bx6 roh60bw9\">\n<div class=\"rq0escxv hkbzh7o3 jwdofwj8 n8tt0mok r8blr3vg hyh9befq\">\n<div class=\"do00u71z l9j0dhe7 k4urcfbm\">\n<div class=\"ecm0bbzt e5nlhep0 a8c37x1j\">\n<div class=\"kvgmc6g5 cxmmr5t8 oygrvhab hcukyx3x c1et5uql\">\n<div class=\"gmail-kvgmc6g5 gmail-cxmmr5t8 gmail-oygrvhab gmail-hcukyx3x gmail-c1et5uql gmail-ii04i59q\">\n<div class=\"page-title-head hgroup\">\n<div class=\"page-title-head hgroup\">\n<div class=\"b654a4as d2edcug0\">\n<div class=\"j83agx80 btwxx1t3 lhclo0ds hop8lmos nkwizq5d scwd0bx6 roh60bw9\">\n<div class=\"rq0escxv hkbzh7o3 jwdofwj8 n8tt0mok r8blr3vg hyh9befq\">\n<div class=\"do00u71z l9j0dhe7 k4urcfbm\">\n<blockquote>\n<h3><\/h3>\n<h3><span style=\"color: #ff0000;\">IN VIVO VERSO, SETTIMA STAGIONE CON BRUNELLA MORO, DAL LUNEDI AL VENERDI ALLE 7.10, 10.10 E 18.50\u00a0\u00a0<\/span><\/h3>\n<\/blockquote>\n<blockquote>\n<h3>DI TE di ANTONELLA LA FRAZIA<\/h3>\n<\/blockquote>\n<p><strong>AUDIO<\/strong><\/p>\n<audio class=\"wp-audio-shortcode\" id=\"audio-255980-9\" preload=\"none\" style=\"width: 100%;\" controls=\"controls\"><source type=\"audio\/mpeg\" src=\"https:\/\/www.radiopiu.net\/wordpress\/wp-content\/uploads\/2022\/01\/02-ANTONELLA-LA-FRAZIA-DI-TE.mp3?_=9\" \/><a href=\"https:\/\/www.radiopiu.net\/wordpress\/wp-content\/uploads\/2022\/01\/02-ANTONELLA-LA-FRAZIA-DI-TE.mp3\">https:\/\/www.radiopiu.net\/wordpress\/wp-content\/uploads\/2022\/01\/02-ANTONELLA-LA-FRAZIA-DI-TE.mp3<\/a><\/audio>\n<p>&nbsp;<\/p>\n<p><a href=\"https:\/\/www.radiopiu.net\/wordpress\/di-te-di-antonella-la-frazia\/2-antonella-la-frazia\/\" rel=\"attachment wp-att-256049\"><img loading=\"lazy\" decoding=\"async\" class=\"wp-image-256049 alignleft\" src=\"https:\/\/www.radiopiu.net\/wordpress\/wp-content\/uploads\/2022\/01\/2-ANTONELLA-LA-FRAZIA-300x298.jpg\" alt=\"\" width=\"184\" height=\"183\" srcset=\"https:\/\/www.radiopiu.net\/wordpress\/wp-content\/uploads\/2022\/01\/2-ANTONELLA-LA-FRAZIA-300x298.jpg 300w, https:\/\/www.radiopiu.net\/wordpress\/wp-content\/uploads\/2022\/01\/2-ANTONELLA-LA-FRAZIA-150x150.jpg 150w, https:\/\/www.radiopiu.net\/wordpress\/wp-content\/uploads\/2022\/01\/2-ANTONELLA-LA-FRAZIA.jpg 499w\" sizes=\"auto, (max-width: 184px) 100vw, 184px\" \/><\/a><strong>DI TE<\/strong><\/p>\n<p>Di te mi rimane<br \/>\nl&#8217;attesa,<br \/>\ndi gesti e parole,<br \/>\ndi abiti smessi,<br \/>\nlasciati sul letto.<br \/>\nDi te mi rimane<br \/>\nla notte,<br \/>\ndivisa a met\u00e0<br \/>\nfra amori diversi.<br \/>\nDi te mi rimangono<br \/>\nparole,<br \/>\nvendute per vere<br \/>\ne verit\u00e0 lise,<br \/>\nche rotolano<br \/>\nfra i muri di casa<br \/>\nDi te mi rimangono<br \/>\nStelle<br \/>\nperdute,<br \/>\nsognate,<br \/>\nposate su vecchi scrittoi<br \/>\ncome fermacarte sul cuore.<br \/>\nDi te mi rimane<br \/>\nun pensiero<br \/>\nche guarda lontano<br \/>\ne sa che di te<br \/>\nnon rimane poi tanto.<\/p>\n<p>&nbsp;<\/p>\n<p><strong>LA RACCOLTA COMPLETA\u00a0 \u00a0<\/strong><\/p>\n<blockquote class=\"wp-embedded-content\" data-secret=\"rYXibew5Cc\"><p><a href=\"https:\/\/www.radiopiu.net\/wordpress\/in-vivo-verso\/\">In Vivo Verso<\/a><\/p><\/blockquote>\n<p><iframe loading=\"lazy\" class=\"wp-embedded-content\" sandbox=\"allow-scripts\" security=\"restricted\" style=\"position: absolute; clip: rect(1px, 1px, 1px, 1px);\" title=\"&#8220;In Vivo Verso&#8221; &#8212; Radio Pi\u00f9\" src=\"https:\/\/www.radiopiu.net\/wordpress\/in-vivo-verso\/embed\/#?secret=rYXibew5Cc\" data-secret=\"rYXibew5Cc\" width=\"600\" height=\"338\" frameborder=\"0\" marginwidth=\"0\" marginheight=\"0\" scrolling=\"no\"><\/iframe><\/p>\n<p>&nbsp;<\/p>\n<hr \/>\n<p>&nbsp;<\/p>\n<h2><span style=\"color: #808000;\">GOCCE DI FILOSOFIA<\/span><\/h2>\n<p><strong>PUNTATA 122 DEL 25 GENNAIO 2022, CHIARA CAU<\/strong><\/p>\n<audio class=\"wp-audio-shortcode\" id=\"audio-255980-10\" preload=\"none\" style=\"width: 100%;\" controls=\"controls\"><source type=\"audio\/mpeg\" src=\"https:\/\/www.radiopiu.net\/wordpress\/wp-content\/uploads\/2022\/01\/FI2-3.mp3?_=10\" \/><a href=\"https:\/\/www.radiopiu.net\/wordpress\/wp-content\/uploads\/2022\/01\/FI2-3.mp3\">https:\/\/www.radiopiu.net\/wordpress\/wp-content\/uploads\/2022\/01\/FI2-3.mp3<\/a><\/audio>\n<p>&nbsp;<\/p>\n<p><strong>raccolta completa<\/strong><\/p>\n<blockquote class=\"wp-embedded-content\" data-secret=\"kcaIMoRnpS\"><p><a href=\"https:\/\/www.radiopiu.net\/wordpress\/gocce-filosofia\/\">Gocce di filosofia, PRIMA E SECONDA STAGIONE 2022<\/a><\/p><\/blockquote>\n<p><iframe loading=\"lazy\" class=\"wp-embedded-content\" sandbox=\"allow-scripts\" security=\"restricted\" style=\"position: absolute; clip: rect(1px, 1px, 1px, 1px);\" title=\"&#8220;Gocce di filosofia, PRIMA E SECONDA STAGIONE 2022&#8221; &#8212; Radio Pi\u00f9\" src=\"https:\/\/www.radiopiu.net\/wordpress\/gocce-filosofia\/embed\/#?secret=kcaIMoRnpS\" data-secret=\"kcaIMoRnpS\" width=\"600\" height=\"338\" frameborder=\"0\" marginwidth=\"0\" marginheight=\"0\" scrolling=\"no\"><\/iframe><\/p>\n<p>&nbsp;<\/p>\n<hr \/>\n<p>&nbsp;<\/p>\n<p><span style=\"color: #0000ff;\">MUSICA PIU&#8217;\u00a0<\/span><\/p>\n<p><a href=\"https:\/\/www.radiopiu.net\/wordpress\/giornale-radiopiu-20-settembre-2021-direttore-mirko-mezzacasa\/pp-79\/\" rel=\"attachment wp-att-232921\"><img loading=\"lazy\" decoding=\"async\" class=\"wp-image-232921 alignleft\" src=\"https:\/\/www.radiopiu.net\/wordpress\/wp-content\/uploads\/2021\/09\/pp-1-300x300.jpg\" alt=\"\" width=\"135\" height=\"135\" srcset=\"https:\/\/www.radiopiu.net\/wordpress\/wp-content\/uploads\/2021\/09\/pp-1-300x300.jpg 300w, https:\/\/www.radiopiu.net\/wordpress\/wp-content\/uploads\/2021\/09\/pp-1-150x150.jpg 150w, https:\/\/www.radiopiu.net\/wordpress\/wp-content\/uploads\/2021\/09\/pp-1.jpg 640w\" sizes=\"auto, (max-width: 135px) 100vw, 135px\" \/><\/a><\/p>\n<div class=\"mkdf-post-text\">\n<div class=\"mkdf-post-text-inner\">\n<div class=\"mkdf-post-text-main\">\n<div class=\"mkdf-post-text\">\n<div class=\"mkdf-post-text-inner\">\n<div class=\"mkdf-post-text-main\">\n<div class=\"mkdf-post-text\">\n<div class=\"mkdf-post-text-inner\">\n<div class=\"mkdf-post-text-main\">\n<div class=\"page-title-head hgroup\">\n<div class=\"page-title-head hgroup\">\n<div class=\"mkdf-post-text\">\n<div class=\"mkdf-post-text-inner\">\n<div class=\"mkdf-post-text-main\">\n<div class=\"mkdf-post-text\">\n<div class=\"mkdf-post-text-inner\">\n<div class=\"mkdf-post-text-main\">\n<div class=\"page-title-head hgroup\">\n<div class=\"page-title-head hgroup\">\n<div class=\"page-title-head hgroup\">\n<div class=\"page-title-head hgroup\">\n<div class=\"b654a4as d2edcug0\">\n<div class=\"page-title-head hgroup\">\n<div class=\"page-title-head hgroup\">\n<div class=\"page-title-head hgroup\">\n<div class=\"page-title-head hgroup\">\n<div class=\"b654a4as d2edcug0\">\n<div class=\"page-title-head hgroup\">\n<div class=\"page-title-head hgroup\">\n<div class=\"page-title-head hgroup\">\n<div class=\"page-title-head hgroup\">\n<div class=\"b654a4as d2edcug0\">\n<div class=\"mkdf-post-text\">\n<div class=\"mkdf-post-text-inner\">\n<div class=\"mkdf-post-text-main\">\n<div class=\"mkdf-post-text\">\n<div class=\"mkdf-post-text-inner\">\n<div class=\"mkdf-post-text-main\">\n<div class=\"mkdf-post-text\">\n<div class=\"mkdf-post-text-inner\">\n<div class=\"mkdf-post-text-main\">\n<div class=\"page-title-head hgroup\">\n<div class=\"page-title-head hgroup\">\n<div class=\"mkdf-post-text\">\n<div class=\"mkdf-post-text-inner\">\n<div class=\"mkdf-post-text-main\">\n<div class=\"mkdf-post-text\">\n<div class=\"mkdf-post-text-inner\">\n<div class=\"mkdf-post-text-main\">\n<div class=\"page-title-head hgroup\">\n<div class=\"page-title-head hgroup\">\n<div class=\"page-title-head hgroup\">\n<div class=\"page-title-head hgroup\">\n<div class=\"b654a4as d2edcug0\">\n<div class=\"page-title-head hgroup\">\n<div class=\"page-title-head hgroup\">\n<div class=\"page-title-head hgroup\">\n<div class=\"page-title-head hgroup\">\n<div class=\"b654a4as d2edcug0\">\n<div class=\"page-title-head hgroup\">\n<div class=\"page-title-head hgroup\">\n<div class=\"page-title-head hgroup\">\n<div class=\"page-title-head hgroup\">\n<div class=\"b654a4as d2edcug0\">\n<div><\/div>\n<div><\/div>\n<div>\n<p><strong>MUSICA ALLA RADIO, IL PROGRAMMA DI LORIS SCUSSEL &#8220;COLLAGE OPERAZIONE NOSTALGIA&#8221; DAL LUNEDI AL VENERDI ALLE 16.00\u00a0 E ALLE 23\u00a0<\/strong><\/p>\n<\/div>\n<p><strong>\u00a0\u00a0<\/strong><\/p>\n<p><strong>PUNTATA 527 DEL 25 GENNAIO 2022<\/strong><\/p>\n<audio class=\"wp-audio-shortcode\" id=\"audio-255980-11\" preload=\"none\" style=\"width: 100%;\" controls=\"controls\"><source type=\"audio\/mpeg\" src=\"https:\/\/www.radiopiu.net\/wordpress\/wp-content\/uploads\/2022\/01\/Collage-527.mp3?_=11\" \/><a href=\"https:\/\/www.radiopiu.net\/wordpress\/wp-content\/uploads\/2022\/01\/Collage-527.mp3\">https:\/\/www.radiopiu.net\/wordpress\/wp-content\/uploads\/2022\/01\/Collage-527.mp3<\/a><\/audio>\n<p>&nbsp;<\/p>\n<p><a href=\"https:\/\/www.radiopiu.net\/wordpress\/collage-operazione-nostalgia-questa-settimana-la-hit-parade-anni-60\/rokes_la_pioggia_che_va\/\" rel=\"attachment wp-att-255647\"><img loading=\"lazy\" decoding=\"async\" class=\" wp-image-255647 alignleft\" src=\"https:\/\/www.radiopiu.net\/wordpress\/wp-content\/uploads\/2022\/01\/rokes_la_pioggia_che_va-300x300.jpg\" alt=\"\" width=\"168\" height=\"168\" srcset=\"https:\/\/www.radiopiu.net\/wordpress\/wp-content\/uploads\/2022\/01\/rokes_la_pioggia_che_va-300x300.jpg 300w, https:\/\/www.radiopiu.net\/wordpress\/wp-content\/uploads\/2022\/01\/rokes_la_pioggia_che_va-150x150.jpg 150w, https:\/\/www.radiopiu.net\/wordpress\/wp-content\/uploads\/2022\/01\/rokes_la_pioggia_che_va.jpg 361w\" sizes=\"auto, (max-width: 168px) 100vw, 168px\" \/><\/a><\/p>\n<p>&nbsp;<\/p>\n<p>Hit Parade ma non solo a COLLAGE OPERAZIONE NOSTALGIA. La nuova settimana di \u201cCollage operazione nostalgia\u201d inizier\u00e0 con una selezione di successi dalle Hit Parade degli anni 60 poi nella consueta alternanza tra un brano internazionale e l\u2019altro ritroveremo i complessi beat particolarmente amati dai nostri ascoltatori ed i gruppi rock progressive italiani. Il programma andr\u00e0 in onda dal luned\u00ec al venerd\u00ec alle 16,00 e alle 23,00.<\/p>\n<p>&nbsp;<\/p>\n<p>&nbsp;<\/p>\n<p>&nbsp;<\/p>\n<p>&nbsp;<\/p>\n<\/div>\n<\/div>\n<\/div>\n<\/div>\n<\/div>\n<\/div>\n<\/div>\n<\/div>\n<\/div>\n<\/div>\n<\/div>\n<\/div>\n<\/div>\n<\/div>\n<\/div>\n<\/div>\n<\/div>\n<\/div>\n<\/div>\n<\/div>\n<\/div>\n<\/div>\n<\/div>\n<\/div>\n<\/div>\n<\/div>\n<\/div>\n<\/div>\n<\/div>\n<\/div>\n<\/div>\n<\/div>\n<\/div>\n<\/div>\n<\/div>\n<\/div>\n<\/div>\n<\/div>\n<\/div>\n<\/div>\n<\/div>\n<\/div>\n<\/div>\n<\/div>\n<\/div>\n<\/div>\n<\/div>\n<\/div>\n<\/div>\n<\/div>\n<\/div>\n<\/div>\n<\/div>\n<\/div>\n<\/div>\n<\/div>\n<\/div>\n<\/div>\n<\/div>\n<\/div>\n<\/div>\n<\/div>\n<\/div>\n<\/div>\n<hr \/>\n<p>&nbsp;<\/p>\n<p>&nbsp;<\/p>\n<blockquote class=\"wp-embedded-content\" data-secret=\"BTZd4fwYi5\"><p><a href=\"https:\/\/www.radiopiu.net\/wordpress\/freemix-la-liberta-musicale-mixata-da-dj-athos-e-raccontata-da-dj-jack\/\">FREEMIX, LA LIBERTA&#8217; MUSICALE MIXATA DA DJ ATHOS E RACCONTATA DA DJ JACK<\/a><\/p><\/blockquote>\n<p><iframe loading=\"lazy\" class=\"wp-embedded-content\" sandbox=\"allow-scripts\" security=\"restricted\" style=\"position: absolute; clip: rect(1px, 1px, 1px, 1px);\" title=\"&#8220;FREEMIX, LA LIBERTA&#8217; MUSICALE MIXATA DA DJ ATHOS E RACCONTATA DA DJ JACK&#8221; &#8212; Radio Pi\u00f9\" src=\"https:\/\/www.radiopiu.net\/wordpress\/freemix-la-liberta-musicale-mixata-da-dj-athos-e-raccontata-da-dj-jack\/embed\/#?secret=BTZd4fwYi5\" data-secret=\"BTZd4fwYi5\" width=\"600\" height=\"338\" frameborder=\"0\" marginwidth=\"0\" marginheight=\"0\" scrolling=\"no\"><\/iframe><\/p>\n<p>&nbsp;<\/p>\n<blockquote class=\"wp-embedded-content\" data-secret=\"SlMIhdWiZC\"><p><a href=\"https:\/\/www.radiopiu.net\/wordpress\/da-ieri-alla-radio-in-palinsesto-loris-e-maurizio-con-la-grande-musica\/\">IL BLUES ALLA RADIO &#8230; COME NON L&#8217;AVETE MAI SENTITO PRIMA<\/a><\/p><\/blockquote>\n<p><iframe loading=\"lazy\" class=\"wp-embedded-content\" sandbox=\"allow-scripts\" security=\"restricted\" style=\"position: absolute; clip: rect(1px, 1px, 1px, 1px);\" title=\"&#8220;IL BLUES ALLA RADIO &#8230; COME NON L&#8217;AVETE MAI SENTITO PRIMA&#8221; &#8212; Radio Pi\u00f9\" src=\"https:\/\/www.radiopiu.net\/wordpress\/da-ieri-alla-radio-in-palinsesto-loris-e-maurizio-con-la-grande-musica\/embed\/#?secret=SlMIhdWiZC\" data-secret=\"SlMIhdWiZC\" width=\"600\" height=\"338\" frameborder=\"0\" marginwidth=\"0\" marginheight=\"0\" scrolling=\"no\"><\/iframe><\/p>\n<p>&nbsp;<\/p>\n<hr \/>\n<p>&nbsp;<\/p>\n<blockquote>\n<h3><span style=\"color: #0000ff;\">INFORMAZIONE il canale su TELEGRAM informazione di prima mano e in tempo reale. iscriviti ed aiutaci a farlo conoscere\u00a0\u00a0<\/span><\/h3>\n<\/blockquote>\n<div>\n<div class=\"page-title-head hgroup\">\n<div class=\"page-title-head hgroup\">\n<div class=\"page-title-head hgroup\">\n<div class=\"page-title-head hgroup\">\n<div class=\"b654a4as d2edcug0\">\n<div class=\"page-title-head hgroup\">\n<div class=\"page-title-head hgroup\">\n<div class=\"page-title-head hgroup\">\n<div class=\"page-title-head hgroup\">\n<div class=\"b654a4as d2edcug0\">\n<div class=\"page-title-head hgroup\">\n<div class=\"page-title-head hgroup\">\n<div class=\"page-title-head hgroup\">\n<div class=\"page-title-head hgroup\">\n<div class=\"page-title-head hgroup\">\n<div class=\"page-title-head hgroup\">\n<div class=\"page-title-head hgroup\">\n<div class=\"page-title-head hgroup\">\n<div class=\"page-title-head hgroup\">\n<div class=\"b654a4as d2edcug0\">\n<div class=\"page-title-head hgroup\">\n<div class=\"page-title-head hgroup\">\n<div class=\"page-title-head hgroup\">\n<div class=\"page-title-head hgroup\">\n<div class=\"b654a4as d2edcug0\">\n<div>\n<p>&nbsp;<\/p>\n<\/div>\n<div>\n<div class=\"page-title-head hgroup\">\n<div class=\"page-title-head hgroup\">\n<div class=\"page-title-head hgroup\">\n<div class=\"page-title-head hgroup\">\n<div class=\"page-title-head hgroup\">\n<div class=\"b654a4as d2edcug0\">\n<div>\n<hr \/>\n<\/div>\n<\/div>\n<div>\n<div>\n<p>&nbsp;<\/p>\n<\/div>\n<div>\n<div>\n<p>&nbsp;<\/p>\n<\/div>\n<div>\n<div>\n<p><strong>DUE MINUTI UN LIBRO, TUTTI I GIORNI ALLA RADIO ALLE 9.40 E ALLE 17.50\u00a0<\/strong><\/p>\n<div>\n<div>\n<p><strong>LA RACCOLTA COMPLETA\u00a0\u00a0<\/strong><\/p>\n<\/div>\n<div>\n<blockquote class=\"wp-embedded-content\" data-secret=\"7ViCzkLHtM\"><p><a href=\"https:\/\/www.radiopiu.net\/wordpress\/due-minuti-un-libro\/\">Due minuti un libro<\/a><\/p><\/blockquote>\n<p><iframe loading=\"lazy\" class=\"wp-embedded-content\" sandbox=\"allow-scripts\" security=\"restricted\" style=\"position: absolute; clip: rect(1px, 1px, 1px, 1px);\" title=\"&#8220;Due minuti un libro&#8221; &#8212; Radio Pi\u00f9\" src=\"https:\/\/www.radiopiu.net\/wordpress\/due-minuti-un-libro\/embed\/#?secret=7ViCzkLHtM\" data-secret=\"7ViCzkLHtM\" width=\"600\" height=\"338\" frameborder=\"0\" marginwidth=\"0\" marginheight=\"0\" scrolling=\"no\"><\/iframe><\/p>\n<\/div>\n<\/div>\n<\/div>\n<div class=\"mkdf-post-text\">\n<div class=\"mkdf-post-text-inner\">\n<div class=\"mkdf-post-text-main\">\n<div class=\"mkdf-post-text\">\n<div class=\"mkdf-post-text-inner\">\n<div class=\"mkdf-post-text-main\">\n<div class=\"mkdf-post-text\">\n<div class=\"mkdf-post-text-inner\">\n<div class=\"mkdf-post-text-main\">\n<div class=\"page-title-head hgroup\">\n<div class=\"page-title-head hgroup\">\n<div class=\"mkdf-post-text\">\n<div class=\"mkdf-post-text-inner\">\n<div class=\"mkdf-post-text-main\">\n<div class=\"mkdf-post-text\">\n<div class=\"mkdf-post-text-inner\">\n<div class=\"mkdf-post-text-main\">\n<div class=\"page-title-head hgroup\">\n<div class=\"page-title-head hgroup\">\n<div class=\"page-title-head hgroup\">\n<div class=\"page-title-head hgroup\">\n<div class=\"b654a4as d2edcug0\">\n<div class=\"page-title-head hgroup\">\n<div class=\"page-title-head hgroup\">\n<div class=\"page-title-head hgroup\">\n<div class=\"page-title-head hgroup\">\n<div class=\"b654a4as d2edcug0\">\n<div class=\"page-title-head hgroup\">\n<div class=\"page-title-head hgroup\">\n<div class=\"page-title-head hgroup\">\n<div class=\"page-title-head hgroup\">\n<div class=\"b654a4as d2edcug0\">\n<div>\n<p>&nbsp;<\/p>\n<\/div>\n<div>\n<hr \/>\n<p>&nbsp;<\/p>\n<\/div>\n<h2><span style=\"color: #808000;\">L&#8217;ALMANACCO LADINO\u00a0\u00a0<\/span><\/h2>\n<p><strong>LA RACCOLTA<\/strong><\/p>\n<blockquote class=\"wp-embedded-content\" data-secret=\"MR4Rc529os\"><p><a href=\"https:\/\/www.radiopiu.net\/wordpress\/almanacco-ladino\/\">Almanacco Ladino<\/a><\/p><\/blockquote>\n<p><iframe loading=\"lazy\" class=\"wp-embedded-content\" sandbox=\"allow-scripts\" security=\"restricted\" style=\"position: absolute; clip: rect(1px, 1px, 1px, 1px);\" title=\"&#8220;Almanacco Ladino&#8221; &#8212; Radio Pi\u00f9\" src=\"https:\/\/www.radiopiu.net\/wordpress\/almanacco-ladino\/embed\/#?secret=MR4Rc529os\" data-secret=\"MR4Rc529os\" width=\"600\" height=\"338\" frameborder=\"0\" marginwidth=\"0\" marginheight=\"0\" scrolling=\"no\"><\/iframe><\/p>\n<p>&nbsp;<\/p>\n<hr \/>\n<p>&nbsp;<\/p>\n<h2><span style=\"color: #33cccc;\">LA RASSEGNA STAMPA DA L&#8217;AMICO DEL POPOLO<\/span><\/h2>\n<p><a href=\"https:\/\/www.radiopiu.net\/wordpress\/elezioni-comunali-2019-taibon-agordino\/taibon-silvia-tormen\/\" rel=\"attachment wp-att-86482\"><img loading=\"lazy\" decoding=\"async\" class=\"wp-image-86482 alignleft\" src=\"https:\/\/www.radiopiu.net\/wordpress\/wp-content\/uploads\/2019\/05\/TAIBON-SILVIA-TORMEN-199x300.jpeg\" alt=\"\" width=\"133\" height=\"201\" srcset=\"https:\/\/www.radiopiu.net\/wordpress\/wp-content\/uploads\/2019\/05\/TAIBON-SILVIA-TORMEN-199x300.jpeg 199w, https:\/\/www.radiopiu.net\/wordpress\/wp-content\/uploads\/2019\/05\/TAIBON-SILVIA-TORMEN-768x1157.jpeg 768w, https:\/\/www.radiopiu.net\/wordpress\/wp-content\/uploads\/2019\/05\/TAIBON-SILVIA-TORMEN-680x1024.jpeg 680w, https:\/\/www.radiopiu.net\/wordpress\/wp-content\/uploads\/2019\/05\/TAIBON-SILVIA-TORMEN.jpeg 1062w\" sizes=\"auto, (max-width: 133px) 100vw, 133px\" \/><\/a><strong>di Gianni Santomaso<\/strong><\/p>\n<p>OSPITE: Silvia Tormen, sindaco di Taibon<\/p>\n<audio class=\"wp-audio-shortcode\" id=\"audio-255980-12\" preload=\"none\" style=\"width: 100%;\" controls=\"controls\"><source type=\"audio\/mpeg\" src=\"https:\/\/www.radiopiu.net\/wordpress\/wp-content\/uploads\/2022\/01\/RASSEGNA-GIANNI-3.mp3?_=12\" \/><a href=\"https:\/\/www.radiopiu.net\/wordpress\/wp-content\/uploads\/2022\/01\/RASSEGNA-GIANNI-3.mp3\">https:\/\/www.radiopiu.net\/wordpress\/wp-content\/uploads\/2022\/01\/RASSEGNA-GIANNI-3.mp3<\/a><\/audio>\n<p>&nbsp;<\/p>\n<p><strong>LA RACCOLTA COMPLETA<\/strong><\/p>\n<blockquote class=\"wp-embedded-content\" data-secret=\"UplzR3F8K5\"><p><a href=\"https:\/\/www.radiopiu.net\/wordpress\/rassegna-stampa-di-gianni-santomaso\/\">Rassegna stampa da l&#8217;amico del popolo &#8211; di Gianni Santomaso<\/a><\/p><\/blockquote>\n<p><iframe loading=\"lazy\" class=\"wp-embedded-content\" sandbox=\"allow-scripts\" security=\"restricted\" style=\"position: absolute; clip: rect(1px, 1px, 1px, 1px);\" title=\"&#8220;Rassegna stampa da l&#8217;amico del popolo &#8211; di Gianni Santomaso&#8221; &#8212; Radio Pi\u00f9\" src=\"https:\/\/www.radiopiu.net\/wordpress\/rassegna-stampa-di-gianni-santomaso\/embed\/#?secret=UplzR3F8K5\" data-secret=\"UplzR3F8K5\" width=\"600\" height=\"338\" frameborder=\"0\" marginwidth=\"0\" marginheight=\"0\" scrolling=\"no\"><\/iframe><\/p>\n<p>&nbsp;<\/p>\n<hr \/>\n<p>&nbsp;<\/p>\n<h2><span style=\"color: #800080;\">I RACCONTI DI PAOLO SOPPELSA\u00a0<\/span><\/h2>\n<p><strong>LA RACCOLTA COMPLETA<\/strong><\/p>\n<blockquote class=\"wp-embedded-content\" data-secret=\"072Y1fJgFA\"><p><a href=\"https:\/\/www.radiopiu.net\/wordpress\/i-racconti-di-paolo-soppelsa\/\">I racconti di Paolo Soppelsa<\/a><\/p><\/blockquote>\n<p><iframe loading=\"lazy\" class=\"wp-embedded-content\" sandbox=\"allow-scripts\" security=\"restricted\" style=\"position: absolute; clip: rect(1px, 1px, 1px, 1px);\" title=\"&#8220;I racconti di Paolo Soppelsa&#8221; &#8212; Radio Pi\u00f9\" src=\"https:\/\/www.radiopiu.net\/wordpress\/i-racconti-di-paolo-soppelsa\/embed\/#?secret=072Y1fJgFA\" data-secret=\"072Y1fJgFA\" width=\"600\" height=\"338\" frameborder=\"0\" marginwidth=\"0\" marginheight=\"0\" scrolling=\"no\"><\/iframe><\/p>\n<p>&nbsp;<\/p>\n<hr \/>\n<\/div>\n<div class=\"b654a4as d2edcug0\">\n<p>&nbsp;<\/p>\n<p><a href=\"https:\/\/www.radiopiu.net\/wordpress\/giornale-radiopiu-26-settembre-2018-direttore-mirko-mezzacasa\/viabilita-2\/\" rel=\"attachment wp-att-61954\"><img loading=\"lazy\" decoding=\"async\" class=\"aligncenter wp-image-61954 size-full\" src=\"https:\/\/www.radiopiu.net\/wordpress\/wp-content\/uploads\/2018\/09\/viabilita.jpeg\" sizes=\"auto, (max-width: 800px) 100vw, 800px\" srcset=\"https:\/\/www.radiopiu.net\/wordpress\/wp-content\/uploads\/2018\/09\/viabilita.jpeg 800w, https:\/\/www.radiopiu.net\/wordpress\/wp-content\/uploads\/2018\/09\/viabilita-300x38.jpeg 300w, https:\/\/www.radiopiu.net\/wordpress\/wp-content\/uploads\/2018\/09\/viabilita-768x96.jpeg 768w\" alt=\"\" width=\"800\" height=\"100\" \/><\/a><\/p>\n<div class=\"ecm0bbzt e5nlhep0 a8c37x1j\">\n<div class=\"kvgmc6g5 cxmmr5t8 oygrvhab hcukyx3x c1et5uql\">\n<div class=\"gmail-kvgmc6g5 gmail-cxmmr5t8 gmail-oygrvhab gmail-hcukyx3x gmail-c1et5uql gmail-ii04i59q\">\n<div class=\"page-title-head hgroup\">\n<div class=\"page-title-head hgroup\">\n<div class=\"b654a4as d2edcug0\">\n<div class=\"j83agx80 btwxx1t3 lhclo0ds hop8lmos nkwizq5d scwd0bx6 roh60bw9\">\n<div class=\"rq0escxv hkbzh7o3 jwdofwj8 n8tt0mok r8blr3vg hyh9befq\">\n<div class=\"do00u71z l9j0dhe7 k4urcfbm\">\n<div class=\"page-title-head hgroup\">\n<div class=\"page-title-head hgroup\">\n<div class=\"page-title-head hgroup\">\n<div class=\"page-title-head hgroup\">\n<div class=\"b654a4as d2edcug0\">\n<div class=\"page-title-head hgroup\">\n<div class=\"page-title-head hgroup\">\n<div class=\"page-title-head hgroup\">\n<div class=\"page-title-head hgroup\">\n<div class=\"b654a4as d2edcug0\">\n<div class=\"page-title-head hgroup\">\n<div class=\"page-title-head hgroup\">\n<div class=\"page-title-head hgroup\">\n<div class=\"page-title-head hgroup\">\n<div class=\"page-title-head hgroup\">\n<div class=\"page-title-head hgroup\">\n<div class=\"page-title-head hgroup\">\n<div class=\"page-title-head hgroup\">\n<div class=\"page-title-head hgroup\">\n<div class=\"b654a4as d2edcug0\">\n<div class=\"page-title-head hgroup\">\n<div class=\"page-title-head hgroup\">\n<div class=\"page-title-head hgroup\">\n<div class=\"page-title-head hgroup\">\n<div class=\"b654a4as d2edcug0\">\n<div class=\"page-title-head hgroup\">\n<div class=\"page-title-head hgroup\">\n<div class=\"page-title-head hgroup\">\n<div class=\"page-title-head hgroup\">\n<div class=\"page-title-head hgroup\">\n<div class=\"mkdf-post-text\">\n<div class=\"mkdf-post-text-inner\">\n<div class=\"mkdf-post-text-main\">\n<div class=\"mkdf-post-text\">\n<div class=\"mkdf-post-text-inner\">\n<div class=\"mkdf-post-text-main\">\n<div class=\"mkdf-post-text\">\n<div class=\"mkdf-post-text-inner\">\n<div class=\"mkdf-post-text-main\">\n<div class=\"page-title-head hgroup\">\n<div class=\"page-title-head hgroup\">\n<div class=\"mkdf-post-text\">\n<div class=\"mkdf-post-text-inner\">\n<div class=\"mkdf-post-text-main\">\n<div class=\"mkdf-post-text\">\n<div class=\"mkdf-post-text-inner\">\n<div class=\"mkdf-post-text-main\">\n<div class=\"page-title-head hgroup\">\n<div class=\"page-title-head hgroup\">\n<div class=\"page-title-head hgroup\">\n<div class=\"page-title-head hgroup\">\n<div class=\"b654a4as d2edcug0\">\n<div class=\"page-title-head hgroup\">\n<div class=\"page-title-head hgroup\">\n<div class=\"page-title-head hgroup\">\n<div class=\"page-title-head hgroup\">\n<div class=\"b654a4as d2edcug0\">\n<div class=\"page-title-head hgroup\">\n<div class=\"page-title-head hgroup\">\n<div class=\"page-title-head hgroup\">\n<div class=\"page-title-head hgroup\">\n<div class=\"b654a4as d2edcug0\">\n<div class=\"chat-input\">\n<div class=\"chat-input-container\">\n<div class=\"rows-wrapper chat-input-wrapper\">\n<div class=\"reply-wrapper\">\n<div class=\"btn-menu\">\n<div class=\"btn-menu-item tgico-replace rp\">\n<div class=\"c-ripple\">\n<div class=\"bubbles scrolled-down\">\n<div class=\"scrollable scrollable-y\">\n<div class=\"bubbles-inner has-rights is-chat is-channel\">\n<div class=\"bubbles-date-group\">\n<div class=\"bubble hide-name is-out can-have-tail is-group-first is-group-last is-read\" data-mid=\"5377294335\" data-peer-id=\"-1478820725\" data-timestamp=\"1638437407\">\n<div class=\"bubble-content-wrapper\">\n<div class=\"bubble-content\">\n<p class=\"message\" dir=\"auto\"><strong>\u00a0\u00a0<\/strong><\/p>\n<blockquote>\n<h3>SENSO UNICO ALTERNATO E INTERDIZIONE TOTALE AL TRAFFICO DELLA STRADA PER NOACH<\/h3>\n<\/blockquote>\n<p><strong><a href=\"https:\/\/www.radiopiu.net\/wordpress\/giornale-radiopiu-16-giugno-2021-direttore-mirko-mezzacasa\/lavori-7\/\" rel=\"attachment wp-att-216176\"><img loading=\"lazy\" decoding=\"async\" class=\" wp-image-216176 alignleft\" src=\"https:\/\/www.radiopiu.net\/wordpress\/wp-content\/uploads\/2021\/06\/LAVORI.jpg\" alt=\"\" width=\"120\" height=\"105\" \/><\/a> <\/strong><strong>LA VALLE<\/strong> Dal 24 al 28 gennaio e dal 31 gennaio al 4 febbraio, dalle 8 alle 17, la strada di Noach sar\u00e0 transitabile a senso unico alternato regolato da semaforo per consentire dei lavori. A comunicarlo il comune di La Valle Agordina che con un&#8217;ordinanza impone anche l&#8217;interdizione totale al traffico nei giorni 29 e 30 gennaio e 5 e 6 febbraio. In questi due fine settimana la chiusura avverr\u00e0 alle 8 di sabato fino alle 17 di domenica. Il tratto di strada interessato parte da via Noach tra l&#8217;entrata della piazzola attrezzata per la produzione di biomasse e l&#8217;innesto della strada comunale con la regionale 203 Agordina.<\/p>\n<p dir=\"auto\">\n<\/div>\n<\/div>\n<\/div>\n<\/div>\n<\/div>\n<\/div>\n<\/div>\n<\/div>\n<\/div>\n<\/div>\n<\/div>\n<\/div>\n<\/div>\n<\/div>\n<\/div>\n<\/div>\n<\/div>\n<\/div>\n<\/div>\n<\/div>\n<\/div>\n<\/div>\n<\/div>\n<\/div>\n<\/div>\n<\/div>\n<\/div>\n<\/div>\n<\/div>\n<\/div>\n<\/div>\n<\/div>\n<\/div>\n<\/div>\n<\/div>\n<\/div>\n<\/div>\n<\/div>\n<\/div>\n<\/div>\n<\/div>\n<\/div>\n<\/div>\n<\/div>\n<\/div>\n<\/div>\n<\/div>\n<\/div>\n<\/div>\n<\/div>\n<\/div>\n<\/div>\n<\/div>\n<\/div>\n<\/div>\n<\/div>\n<\/div>\n<\/div>\n<\/div>\n<\/div>\n<\/div>\n<\/div>\n<\/div>\n<\/div>\n<\/div>\n<\/div>\n<\/div>\n<\/div>\n<\/div>\n<\/div>\n<\/div>\n<\/div>\n<\/div>\n<\/div>\n<\/div>\n<\/div>\n<\/div>\n<\/div>\n<\/div>\n<\/div>\n<\/div>\n<\/div>\n<\/div>\n<\/div>\n<\/div>\n<\/div>\n<\/div>\n<\/div>\n<\/div>\n<\/div>\n<\/div>\n<\/div>\n<\/div>\n<\/div>\n<\/div>\n<\/div>\n<\/div>\n<\/div>\n<\/div>\n<\/div>\n<\/div>\n<\/div>\n<\/div>\n<\/div>\n<\/div>\n<\/div>\n<\/div>\n<\/div>\n<\/div>\n<\/div>\n<\/div>\n<\/div>\n<\/div>\n<\/div>\n<\/div>\n<\/div>\n<\/div>\n<\/div>\n<\/div>\n<\/div>\n<\/div>\n<\/div>\n<\/div>\n<\/div>\n<\/div>\n<\/div>\n<\/div>\n<\/div>\n<\/div>\n<\/div>\n<\/div>\n<\/div>\n<\/div>\n<\/div>\n<\/div>\n<\/div>\n<\/div>\n<\/div>\n<\/div>\n<\/div>\n<\/div>\n<\/div>\n<\/div>\n<\/div>\n<\/div>\n<\/div>\n<\/div>\n<\/div>\n<\/div>\n<\/div>\n<\/div>\n<\/div>\n<\/div>\n<\/div>\n<\/div>\n<\/div>\n<\/div>\n<\/div>\n<\/div>\n<\/div>\n<\/div>\n<\/div>\n<\/div>\n<\/div>\n<\/div>\n<\/div>\n<\/div>\n<\/div>\n<div>\n<div class=\"page-title-head hgroup\">\n<div class=\"page-title-head hgroup\">\n<div class=\"b654a4as d2edcug0\">\n<div class=\"j83agx80 btwxx1t3 lhclo0ds hop8lmos nkwizq5d scwd0bx6 roh60bw9\">\n<div class=\"rq0escxv hkbzh7o3 jwdofwj8 n8tt0mok r8blr3vg hyh9befq\">\n<div class=\"do00u71z l9j0dhe7 k4urcfbm\">\n<div class=\"ecm0bbzt e5nlhep0 a8c37x1j\">\n<div class=\"kvgmc6g5 cxmmr5t8 oygrvhab hcukyx3x c1et5uql\">\n<div class=\"gmail-kvgmc6g5 gmail-cxmmr5t8 gmail-oygrvhab gmail-hcukyx3x gmail-c1et5uql gmail-ii04i59q\">\n<div class=\"page-title-head hgroup\">\n<div class=\"page-title-head hgroup\">\n<div class=\"b654a4as d2edcug0\">\n<div class=\"j83agx80 btwxx1t3 lhclo0ds hop8lmos nkwizq5d scwd0bx6 roh60bw9\">\n<div class=\"rq0escxv hkbzh7o3 jwdofwj8 n8tt0mok r8blr3vg hyh9befq\">\n<div class=\"do00u71z l9j0dhe7 k4urcfbm\">\n<div class=\"page-title-head hgroup\">\n<div class=\"page-title-head hgroup\">\n<div class=\"page-title-head hgroup\">\n<div class=\"page-title-head hgroup\">\n<div class=\"b654a4as d2edcug0\">\n<div class=\"page-title-head hgroup\">\n<div class=\"page-title-head hgroup\">\n<div class=\"page-title-head hgroup\">\n<div class=\"page-title-head hgroup\">\n<div class=\"b654a4as d2edcug0\">\n<div class=\"page-title-head hgroup\">\n<div class=\"page-title-head hgroup\">\n<div class=\"page-title-head hgroup\">\n<div class=\"page-title-head hgroup\">\n<div class=\"page-title-head hgroup\">\n<div class=\"page-title-head hgroup\">\n<div class=\"page-title-head hgroup\">\n<div class=\"page-title-head hgroup\">\n<div class=\"page-title-head hgroup\">\n<div class=\"b654a4as d2edcug0\">\n<div class=\"page-title-head hgroup\">\n<div class=\"page-title-head hgroup\">\n<div class=\"page-title-head hgroup\">\n<div class=\"page-title-head hgroup\">\n<div class=\"b654a4as d2edcug0\">\n<div class=\"page-title-head hgroup\">\n<div class=\"page-title-head hgroup\">\n<div class=\"page-title-head hgroup\">\n<div class=\"page-title-head hgroup\">\n<div class=\"page-title-head hgroup\">\n<div class=\"mkdf-post-text\">\n<div class=\"mkdf-post-text-inner\">\n<div class=\"mkdf-post-text-main\">\n<div class=\"mkdf-post-text\">\n<div class=\"mkdf-post-text-inner\">\n<div class=\"mkdf-post-text-main\">\n<div class=\"mkdf-post-text\">\n<div class=\"mkdf-post-text-inner\">\n<div class=\"mkdf-post-text-main\">\n<div class=\"page-title-head hgroup\">\n<div class=\"page-title-head hgroup\">\n<div class=\"mkdf-post-text\">\n<div class=\"mkdf-post-text-inner\">\n<div class=\"mkdf-post-text-main\">\n<div class=\"mkdf-post-text\">\n<div class=\"mkdf-post-text-inner\">\n<div class=\"mkdf-post-text-main\">\n<div class=\"page-title-head hgroup\">\n<div class=\"page-title-head hgroup\">\n<div class=\"page-title-head hgroup\">\n<div class=\"page-title-head hgroup\">\n<div class=\"b654a4as d2edcug0\">\n<div class=\"page-title-head hgroup\">\n<div class=\"page-title-head hgroup\">\n<div class=\"page-title-head hgroup\">\n<div class=\"page-title-head hgroup\">\n<div class=\"b654a4as d2edcug0\">\n<div class=\"page-title-head hgroup\">\n<div class=\"page-title-head hgroup\">\n<div class=\"page-title-head hgroup\">\n<div class=\"page-title-head hgroup\">\n<div class=\"b654a4as d2edcug0\">\n<div class=\"ecm0bbzt e5nlhep0 a8c37x1j\">\n<div class=\"kvgmc6g5 cxmmr5t8 oygrvhab hcukyx3x c1et5uql\">\n<div class=\"gmail-kvgmc6g5 gmail-cxmmr5t8 gmail-oygrvhab gmail-hcukyx3x gmail-c1et5uql gmail-ii04i59q\">\n<div class=\"page-title-head hgroup\">\n<div class=\"page-title-head hgroup\">\n<div class=\"b654a4as d2edcug0\">\n<div class=\"j83agx80 btwxx1t3 lhclo0ds hop8lmos nkwizq5d scwd0bx6 roh60bw9\">\n<div class=\"rq0escxv hkbzh7o3 jwdofwj8 n8tt0mok r8blr3vg hyh9befq\">\n<div class=\"do00u71z l9j0dhe7 k4urcfbm\">\n<div class=\"page-title-head hgroup\">\n<div class=\"page-title-head hgroup\">\n<div class=\"page-title-head hgroup\">\n<div class=\"page-title-head hgroup\">\n<div class=\"b654a4as d2edcug0\">\n<div class=\"page-title-head hgroup\">\n<div class=\"page-title-head hgroup\">\n<div class=\"page-title-head hgroup\">\n<div class=\"page-title-head hgroup\">\n<div class=\"b654a4as d2edcug0\">\n<div class=\"page-title-head hgroup\">\n<div class=\"page-title-head hgroup\">\n<div class=\"page-title-head hgroup\">\n<div class=\"page-title-head hgroup\">\n<div class=\"page-title-head hgroup\">\n<div class=\"page-title-head hgroup\">\n<div class=\"page-title-head hgroup\">\n<div class=\"page-title-head hgroup\">\n<div class=\"page-title-head hgroup\">\n<div class=\"b654a4as d2edcug0\">\n<div class=\"page-title-head hgroup\">\n<div class=\"page-title-head hgroup\">\n<div class=\"page-title-head hgroup\">\n<div class=\"page-title-head hgroup\">\n<div class=\"b654a4as d2edcug0\">\n<div class=\"page-title-head hgroup\">\n<div class=\"page-title-head hgroup\">\n<div class=\"page-title-head hgroup\">\n<div class=\"page-title-head hgroup\">\n<div class=\"page-title-head hgroup\">\n<div class=\"mkdf-post-text\">\n<div class=\"mkdf-post-text-inner\">\n<div class=\"mkdf-post-text-main\">\n<div class=\"mkdf-post-text\">\n<div class=\"mkdf-post-text-inner\">\n<div class=\"mkdf-post-text-main\">\n<div class=\"mkdf-post-text\">\n<div class=\"mkdf-post-text-inner\">\n<div class=\"mkdf-post-text-main\">\n<div class=\"page-title-head hgroup\">\n<div class=\"page-title-head hgroup\">\n<div class=\"mkdf-post-text\">\n<div class=\"mkdf-post-text-inner\">\n<div class=\"mkdf-post-text-main\">\n<div class=\"mkdf-post-text\">\n<div class=\"mkdf-post-text-inner\">\n<div class=\"mkdf-post-text-main\">\n<div class=\"page-title-head hgroup\">\n<div class=\"page-title-head hgroup\">\n<div class=\"page-title-head hgroup\">\n<div class=\"page-title-head hgroup\">\n<div class=\"b654a4as d2edcug0\">\n<div class=\"page-title-head hgroup\">\n<div class=\"page-title-head hgroup\">\n<div class=\"page-title-head hgroup\">\n<div class=\"page-title-head hgroup\">\n<div class=\"b654a4as d2edcug0\">\n<div class=\"page-title-head hgroup\">\n<div class=\"page-title-head hgroup\">\n<div class=\"page-title-head hgroup\">\n<div class=\"page-title-head hgroup\">\n<div class=\"b654a4as d2edcug0\">\n<blockquote class=\"wp-embedded-content\" data-secret=\"vNBAslvr4Q\"><p><a href=\"https:\/\/www.radiopiu.net\/wordpress\/viabilita\/\">viabilita<\/a><\/p><\/blockquote>\n<p><iframe loading=\"lazy\" class=\"wp-embedded-content\" sandbox=\"allow-scripts\" security=\"restricted\" style=\"position: absolute; clip: rect(1px, 1px, 1px, 1px);\" title=\"&#8220;viabilita&#8221; &#8212; Radio Pi\u00f9\" src=\"https:\/\/www.radiopiu.net\/wordpress\/viabilita\/embed\/#?secret=vNBAslvr4Q\" data-secret=\"vNBAslvr4Q\" width=\"600\" height=\"338\" frameborder=\"0\" marginwidth=\"0\" marginheight=\"0\" scrolling=\"no\"><\/iframe><\/p>\n<p>&nbsp;<\/p>\n<hr \/>\n<p>&nbsp;<\/p>\n<\/div>\n<div class=\"b654a4as d2edcug0\">\n<div class=\"ecm0bbzt e5nlhep0 a8c37x1j\">\n<div class=\"kvgmc6g5 cxmmr5t8 oygrvhab hcukyx3x c1et5uql\">\n<div class=\"gmail-kvgmc6g5 gmail-cxmmr5t8 gmail-oygrvhab gmail-hcukyx3x gmail-c1et5uql gmail-ii04i59q\">\n<div>\n<div class=\"page-title-head hgroup\">\n<div class=\"page-title-head hgroup\">\n<div class=\"b654a4as d2edcug0\">\n<div class=\"j83agx80 btwxx1t3 lhclo0ds hop8lmos nkwizq5d scwd0bx6 roh60bw9\">\n<div class=\"rq0escxv hkbzh7o3 jwdofwj8 n8tt0mok r8blr3vg hyh9befq\">\n<div class=\"do00u71z l9j0dhe7 k4urcfbm\">\n<div>\n<div class=\"page-title-head hgroup\">\n<div class=\"page-title-head hgroup\">\n<div class=\"page-title-head hgroup\">\n<div class=\"page-title-head hgroup\">\n<div class=\"b654a4as d2edcug0\">\n<div class=\"page-title-head hgroup\">\n<div class=\"page-title-head hgroup\">\n<div class=\"page-title-head hgroup\">\n<div class=\"page-title-head hgroup\">\n<div class=\"b654a4as d2edcug0\">\n<div class=\"page-title-head hgroup\">\n<div class=\"page-title-head hgroup\">\n<div class=\"page-title-head hgroup\">\n<div class=\"page-title-head hgroup\">\n<div class=\"page-title-head hgroup\">\n<div class=\"mkdf-post-text\">\n<div class=\"mkdf-post-text-inner\">\n<div class=\"mkdf-post-text-main\">\n<div class=\"mkdf-post-text\">\n<div class=\"mkdf-post-text-inner\">\n<div class=\"mkdf-post-text-main\">\n<div class=\"mkdf-post-text\">\n<div class=\"mkdf-post-text-inner\">\n<div class=\"mkdf-post-text-main\">\n<div class=\"page-title-head hgroup\">\n<div class=\"page-title-head hgroup\">\n<div class=\"mkdf-post-text\">\n<div class=\"mkdf-post-text-inner\">\n<div class=\"mkdf-post-text-main\">\n<div class=\"mkdf-post-text\">\n<div class=\"mkdf-post-text-inner\">\n<div class=\"mkdf-post-text-main\">\n<div>\n<div class=\"page-title-head hgroup\">\n<div class=\"page-title-head hgroup\">\n<div>\n<div class=\"page-title-head hgroup\">\n<div class=\"page-title-head hgroup\">\n<div class=\"b654a4as d2edcug0\">\n<div>\n<div class=\"page-title-head hgroup\" style=\"text-align: left;\">\n<div class=\"page-title-head hgroup\">\n<div dir=\"auto\">\n<p><a class=\"dt-pswp-item pspw-wrap-ready\" href=\"https:\/\/i0.wp.com\/www.radiopiu.net\/wordpress\/wp-content\/uploads\/2018\/09\/WhatsApp-Image-2018-09-20-at-16.04.06.jpeg?ssl=1\" data-dt-img-description=\"\" data-large_image_width=\"800\" data-large_image_height=\"100\"><img loading=\"lazy\" decoding=\"async\" class=\"aligncenter wp-image-61378 size-full jetpack-lazy-image jetpack-lazy-image--handled\" src=\"https:\/\/i0.wp.com\/www.radiopiu.net\/wordpress\/wp-content\/uploads\/2018\/09\/WhatsApp-Image-2018-09-20-at-16.04.06.jpeg?resize=800%2C100&amp;ssl=1\" sizes=\"auto, (max-width: 800px) 100vw, 800px\" srcset=\"https:\/\/i0.wp.com\/www.radiopiu.net\/wordpress\/wp-content\/uploads\/2018\/09\/WhatsApp-Image-2018-09-20-at-16.04.06.jpeg?w=800&amp;ssl=1 800w, https:\/\/i0.wp.com\/www.radiopiu.net\/wordpress\/wp-content\/uploads\/2018\/09\/WhatsApp-Image-2018-09-20-at-16.04.06.jpeg?resize=300%2C38&amp;ssl=1 300w, https:\/\/i0.wp.com\/www.radiopiu.net\/wordpress\/wp-content\/uploads\/2018\/09\/WhatsApp-Image-2018-09-20-at-16.04.06.jpeg?resize=768%2C96&amp;ssl=1 768w\" alt=\"\" width=\"800\" height=\"100\" data-lazy-loaded=\"1\" \/><\/a><\/p>\n<\/div>\n<\/div>\n<\/div>\n<\/div>\n<\/div>\n<\/div>\n<\/div>\n<\/div>\n<\/div>\n<\/div>\n<\/div>\n<\/div>\n<\/div>\n<\/div>\n<\/div>\n<\/div>\n<\/div>\n<\/div>\n<\/div>\n<\/div>\n<\/div>\n<\/div>\n<\/div>\n<\/div>\n<\/div>\n<\/div>\n<\/div>\n<\/div>\n<\/div>\n<\/div>\n<\/div>\n<\/div>\n<\/div>\n<\/div>\n<\/div>\n<\/div>\n<\/div>\n<\/div>\n<\/div>\n<\/div>\n<\/div>\n<\/div>\n<\/div>\n<\/div>\n<p>&nbsp;<\/p>\n<\/div>\n<\/div>\n<\/div>\n<\/div>\n<\/div>\n<\/div>\n<\/div>\n<\/div>\n<\/div>\n<\/div>\n<\/div>\n<\/div>\n<\/div>\n<\/div>\n<\/div>\n<\/div>\n<\/div>\n<\/div>\n<\/div>\n<\/div>\n<\/div>\n<\/div>\n<\/div>\n<\/div>\n<\/div>\n<\/div>\n<\/div>\n<\/div>\n<\/div>\n<\/div>\n<\/div>\n<\/div>\n<\/div>\n<\/div>\n<\/div>\n<\/div>\n<\/div>\n<\/div>\n<\/div>\n<\/div>\n<\/div>\n<\/div>\n<\/div>\n<\/div>\n<\/div>\n<\/div>\n<\/div>\n<\/div>\n<\/div>\n<\/div>\n<\/div>\n<\/div>\n<\/div>\n<\/div>\n<\/div>\n<\/div>\n<\/div>\n<\/div>\n<\/div>\n<\/div>\n<\/div>\n<\/div>\n<\/div>\n<\/div>\n<\/div>\n<\/div>\n<\/div>\n<\/div>\n<\/div>\n<\/div>\n<\/div>\n<\/div>\n<\/div>\n<\/div>\n<\/div>\n<\/div>\n<\/div>\n<\/div>\n<\/div>\n<\/div>\n<\/div>\n<\/div>\n<\/div>\n<\/div>\n<\/div>\n<\/div>\n<\/div>\n<\/div>\n<\/div>\n<\/div>\n<\/div>\n<\/div>\n<\/div>\n<\/div>\n<\/div>\n<\/div>\n<\/div>\n<\/div>\n<\/div>\n<\/div>\n<\/div>\n<\/div>\n<\/div>\n<\/div>\n<\/div>\n<\/div>\n<\/div>\n<\/div>\n<\/div>\n<\/div>\n<\/div>\n<\/div>\n<\/div>\n<\/div>\n<\/div>\n<\/div>\n<\/div>\n<\/div>\n<\/div>\n<\/div>\n<\/div>\n<\/div>\n<\/div>\n<\/div>\n<\/div>\n<\/div>\n<\/div>\n<\/div>\n<\/div>\n<\/div>\n<\/div>\n<\/div>\n<\/div>\n<\/div>\n<\/div>\n<\/div>\n<\/div>\n<\/div>\n<\/div>\n<\/div>\n<\/div>\n<\/div>\n<\/div>\n<\/div>\n<\/div>\n<\/div>\n<\/div>\n<\/div>\n<\/div>\n<\/div>\n<\/div>\n<\/div>\n<\/div>\n<\/div>\n<\/div>\n<\/div>\n<\/div>\n<\/div>\n<\/div>\n<\/div>\n<\/div>\n<\/div>\n<\/div>\n<\/div>\n<\/div>\n<\/div>\n<p><b>Mercoledi 26<\/b> <b>Tempo atteso: <\/b>Tempo stabile con cielo sereno ed ottima visibilit\u00e0, salvo possibili nubi basse o nebbie in alcuni fondovalle prealpini nelle ore pi\u00f9 fredde, in diradamento pi\u00f9 probabile rispetto a marted\u00ec durante le ore diurne. Dalla notte possibile arrivo di nubi alte da nord-ovest.<br \/>\n<b>Precipitazioni: <\/b>Assenti (0%)<br \/>\n<b>Temperature: <\/b>Stazionarie, con forte inversione termica nelle valli nelle ore pi\u00f9 fredde e in qualche valle in ombra anche di giorno. Clima mite per il periodo specie in quota anche nelle valli nei settori ben soleggiati. Su Prealpi a 1500 m min 3\u00b0C, max 7\u00b0C, a 2000 m min 0\u00b0C, max 5\u00b0C; su Dolomiti a 2000 m min -1\u00b0C, max 3\u00b0C, a 3000 m min -5\u00b0C, max -2\u00b0C.<br \/>\n<b>Venti: <\/b>Nelle valli deboli variabili, in quota moderati\/tesi da nord, nord-ovest a 15-25 km\/h a 2000 m, a 35-50 km\/h a 3000 m.<\/p>\n<hr \/>\n<p><b>Giovedi 27<\/b> <b>Tempo atteso: <\/b>Tempo stabile con presenza di nuvolosit\u00e0 alta, a tratti estesa nel corso della giornata e di possibili e temporanee nubi basse su alcuni settori prealpini nelle ore pi\u00f9 fredde.<br \/>\n<b>Precipitazioni: <\/b>Assenti (0%).<br \/>\n<b>Temperature: <\/b>Senza notevoli variazioni nelle valli, in lieve o contenuto aumento in alta montagna, con valori superiori alle medie del periodo; inversione termica nelle valli nelle ore pi\u00f9 fredde. Su Prealpi a 1500 m min 4\u00b0C, max 6\u00b0C, a 2000 m min 1\u00b0C, max 4\u00b0C; su Dolomiti a 2000 m min -1\u00b0C, max 1\u00b0C, a 3000 m min -6\u00b0C, max -3\u00b0C.<br \/>\n<b>Venti: <\/b>Nelle valli deboli variabili, in quota moderati\/tesi da nord-ovest in ulteriore lieve rinforzo dalla sera, a 15-25 km\/h a 2000 m, 40-55 km\/h a 3000 m.<\/p>\n<hr \/>\n<p><b>Venerdi 28<\/b>Fino al primo mattino residue nubi medio-alte in allontanamento verso sud fino a cielo generalmente poco nuvoloso. Nel corso della giornata possibili addensamenti sui settori dolomitici pi\u00f9 settentrionali dove non si esclude qualche sporadica e locale burrasca di neve in alta montagna ai confini con il Trentino Alto Adige, senza accumuli. Contesto termico via via pi\u00f9 freddo e pi\u00f9 tipicamente invernale con temperature in calo anche sensibile specie in quota ed attenuazione dell&#8217;inversione termica. Venti settentrionali in intensificazione fino a forti, specie sulle vette dolomitiche con possibili raffiche di Foehn in qualche fondovalle.<\/p>\n<hr \/>\n<p><b>Sabato 29<\/b>Tempo generalmente nuvoloso o parzialmente nuvoloso per nubi medio-alte. Precipitazioni generalmente assenti, salvo una probabilit\u00e0 molto bassa di qualche locale sporadico fiocco di neve fino a fondovalle al mattino e fino a 600-800 m nel pomeriggio, senza accumuli. Temperature pressoch\u00e8 stazionarie o in lieve calo le massime. Clima tipicamente invernale e ancora piuttosto ventoso in quota dove saranno tesi o forti da nord-est soprattutto sulle vette dolomitiche, in lieve attenuazione nella prima parte della giornata, in ulteriore rinforzo nel pomeriggio, ma soprattutto alla sera\/notte.<\/p>\n<\/div>\n<\/div>\n<\/div>\n<\/div>\n<\/div>\n<\/div>\n<\/div>\n<\/div>\n<\/div>\n<\/div>\n<\/div>\n<\/div>\n<\/div>\n<\/div>\n<\/div>\n<\/div>\n<\/div>\n<\/div>\n<\/div>\n<\/div>\n<\/div>\n<\/div>\n<\/div>\n<p>&nbsp;<\/p>\n<hr \/>\n<p>&nbsp;<\/p>\n<p><a href=\"https:\/\/www.radiopiu.net\/wordpress\/giornale-radiopiu-15-settembre-2018-direttore-mirko-mezzacasa\/sport-7\/\" rel=\"attachment wp-att-60761\"><img loading=\"lazy\" decoding=\"async\" class=\"wp-image-60761 size-full aligncenter\" src=\"https:\/\/www.radiopiu.net\/wordpress\/wp-content\/uploads\/2018\/09\/sport.jpg\" alt=\"\" width=\"800\" height=\"100\" srcset=\"https:\/\/www.radiopiu.net\/wordpress\/wp-content\/uploads\/2018\/09\/sport.jpg 800w, https:\/\/www.radiopiu.net\/wordpress\/wp-content\/uploads\/2018\/09\/sport-300x38.jpg 300w, https:\/\/www.radiopiu.net\/wordpress\/wp-content\/uploads\/2018\/09\/sport-768x96.jpg 768w\" sizes=\"auto, (max-width: 800px) 100vw, 800px\" \/><\/a><\/p>\n<\/div>\n<p>&nbsp;<\/p>\n<p><span style=\"color: #0000ff;\"><strong>BROOMBALL\u00a0\u00a0<\/strong><\/span><\/p>\n<blockquote>\n<h3>BROOMBALL BELLUNO IN SEMIFINALE<\/h3>\n<\/blockquote>\n<p><strong><a href=\"https:\/\/www.radiopiu.net\/wordpress\/broomball-belluno-in-semifinale\/82521149_10156673369211700_8994038280945139712_n\/\" rel=\"attachment wp-att-256186\"><img loading=\"lazy\" decoding=\"async\" class=\"wp-image-256186 alignleft\" src=\"https:\/\/www.radiopiu.net\/wordpress\/wp-content\/uploads\/2022\/01\/82521149_10156673369211700_8994038280945139712_n-245x300.jpg\" alt=\"\" width=\"177\" height=\"217\" srcset=\"https:\/\/www.radiopiu.net\/wordpress\/wp-content\/uploads\/2022\/01\/82521149_10156673369211700_8994038280945139712_n-245x300.jpg 245w, https:\/\/www.radiopiu.net\/wordpress\/wp-content\/uploads\/2022\/01\/82521149_10156673369211700_8994038280945139712_n-836x1024.jpg 836w, https:\/\/www.radiopiu.net\/wordpress\/wp-content\/uploads\/2022\/01\/82521149_10156673369211700_8994038280945139712_n-768x941.jpg 768w, https:\/\/www.radiopiu.net\/wordpress\/wp-content\/uploads\/2022\/01\/82521149_10156673369211700_8994038280945139712_n.jpg 1242w\" sizes=\"auto, (max-width: 177px) 100vw, 177px\" \/><\/a>BELLUNO<\/strong> Il Belluno Broomball vince ai rigori e conquista la\u00a0 semifinale battendo i Pochi 89 ai rigori. e i giallobl\u00f9\u00a0 chiudono la prima fase al secondo posto. Al Drio le rive di Feltre il grande protagonista \u00e8 stato il portiere Fabio Ampezzan, che ha mantenuto inviolata la porta. Ai tempi regolamentari\u00a0 finisce 0-0 e si vai rigori dove il pi\u00f9 freddo e lucido \u00e8 Daniele Cagnati che regala ai suoi una vittoria sudata e meritata. Classifica finale regular season: Neumarkt 13, Belluno 10, Leifers 10, Pochi &#8217;89 7, Bad Boys 2, Red Devils 1.<\/p>\n<p>&nbsp;<\/p>\n<p>&nbsp;<\/p>\n<p>&nbsp;<\/p>\n<p>&nbsp;<\/p>\n<p>&nbsp;<\/p>\n<p>&nbsp;<\/p>\n<hr \/>\n<p>&nbsp;<\/p>\n<p><span style=\"color: #0000ff;\"><strong>PALLAVOLO<\/strong><\/span><\/p>\n<blockquote>\n<h3>PER LA PALLAVOLO BELLUNO E&#8217; L&#8217;ORA DELLA COPPA ITALIA<\/h3>\n<\/blockquote>\n<p><a href=\"https:\/\/www.radiopiu.net\/wordpress\/giornale-radiopiu-26-gennaio-2022-direttore-mirko-mezzacasa\/ph-andrea-iommarini\/\" rel=\"attachment wp-att-256045\"><img loading=\"lazy\" decoding=\"async\" class=\"size-medium wp-image-256045 alignleft\" src=\"https:\/\/www.radiopiu.net\/wordpress\/wp-content\/uploads\/2022\/01\/I_rinoceronti_provano_a_murare_Pineto-300x200.jpeg\" alt=\"\" width=\"300\" height=\"200\" srcset=\"https:\/\/www.radiopiu.net\/wordpress\/wp-content\/uploads\/2022\/01\/I_rinoceronti_provano_a_murare_Pineto-300x200.jpeg 300w, https:\/\/www.radiopiu.net\/wordpress\/wp-content\/uploads\/2022\/01\/I_rinoceronti_provano_a_murare_Pineto.jpeg 553w\" sizes=\"auto, (max-width: 300px) 100vw, 300px\" \/><\/a><strong>BELLUNO<\/strong> Un altro mercoled\u00ec in viaggio per la Pallavolo Belluno, in provincia di Teramo dove andr\u00e0 in scena il terzo confronto stagionale con l\u2019Abba: dopo i due precedenti legati al campionato di Serie A3 Credem Banca, si gioca per un\u2019altra competizione. In palio, infatti, non ci sono i tre punti, ma un pass qualificazione per accedere ai quarti di finale della Del Monte Coppa Italia A3.\u00a0 \u00a0Questa sera alle 20.30 \u00a0il turno d\u2019esordio: \u00e8 un ottavo a eliminazione diretta.\u00a0 Chi vince se la vedr\u00e0 con la vincente della sfida tra Tinet Prata di Pordenone e Sol Lucernari Montecchio Maggiore. \u00a0Collettivo costretto a fare i conti con alcune assenze. Per questo, ben cinque giovani atleti della serie D, allenata da Andrea Salvadego, si aggregheranno al gruppo, Mattia Salti, Michael Cantoni, Mattia De Col e Christian Cesa, oltre al \u201cveterano\u201d Stefano Guolla, completeranno il roster che prender\u00e0 parte alla lunga trasferta in terra abruzzese.<\/p>\n<p>&nbsp;<\/p>\n<hr \/>\n<p>&nbsp;<\/p>\n<p><span style=\"color: #0000ff;\"><strong>NUOTO<\/strong><\/span><\/p>\n<blockquote>\n<h3>PODI E RECORD PERSONALI: LA SPORTIVAMENTE BELLUNO RISPLENDE A ODERZO<\/h3>\n<\/blockquote>\n<p><strong><a href=\"https:\/\/www.radiopiu.net\/wordpress\/giornale-radiopiu-26-gennaio-2022-direttore-mirko-mezzacasa\/staffetta_femminile_a_oderzo\/\" rel=\"attachment wp-att-256146\"><img loading=\"lazy\" decoding=\"async\" class=\"size-medium wp-image-256146 alignleft\" src=\"https:\/\/www.radiopiu.net\/wordpress\/wp-content\/uploads\/2022\/01\/Staffetta_femminile_a_Oderzo-300x225.jpg\" alt=\"\" width=\"300\" height=\"225\" srcset=\"https:\/\/www.radiopiu.net\/wordpress\/wp-content\/uploads\/2022\/01\/Staffetta_femminile_a_Oderzo-300x225.jpg 300w, https:\/\/www.radiopiu.net\/wordpress\/wp-content\/uploads\/2022\/01\/Staffetta_femminile_a_Oderzo-1024x768.jpg 1024w, https:\/\/www.radiopiu.net\/wordpress\/wp-content\/uploads\/2022\/01\/Staffetta_femminile_a_Oderzo-768x576.jpg 768w, https:\/\/www.radiopiu.net\/wordpress\/wp-content\/uploads\/2022\/01\/Staffetta_femminile_a_Oderzo-1536x1152.jpg 1536w, https:\/\/www.radiopiu.net\/wordpress\/wp-content\/uploads\/2022\/01\/Staffetta_femminile_a_Oderzo.jpg 1600w\" sizes=\"auto, (max-width: 300px) 100vw, 300px\" \/><\/a>BELLUNO <\/strong>Grandi risultati per la Sportivamente Belluno. Domenica scorsa (23 gennaio), la squadra si \u00e8 presentata nella piscina di Oderzo con 13 atleti di categoria, che hanno portato a casa nuovi record personali e prestazioni di alto livello. Tra le Ragazze, Minerva Dall\u2019O\u2019 (2007) chiude i 400 stile al sesto posto e lima di 4 secondi il suo personale (4\u201946\u201d5). Nei 200 delfino, invece, Sara Sommacal (2007) e Sofia Emilia Caldart (2006) si danno battaglia in corsie vicine e ottengono la terza e quarta posizione. La stessa Sara Sommacal primeggia tra gli Juniores nei 50 delfino (in 31\u201d5), mentre Sofia \u00e8 terza nei 50 rana (37\u201d4). Non da meno la sorella Camilla Petra Caldart (2008), che sfiora il podio nei 200 misti e abbatte il suo record (2\u201941\u201d2). E nel maschile? Luca Odolo (2006) \u00e8 protagonista nei 100 dorso: centra il secondo tempo assoluto e il primo per la categoria Ragazzi, oltre al nuovo record personale (1\u201903\u201d2). Ottimi, inoltre, i 200 rana di Nestore Casagrande (2004) e Tomaso Damiano Miari Fulcis (2007), saliti sui primi due gradini del podio nella categoria assoluti. Sempre Nestore \u00e8 il migliore fra gli Juniores nei 50 rana (33\u201d4), mentre Ivan Somacal (2007) contribuisce al quarto posto della staffetta 4&#215;100 mista e, nei 200 misti, tocca il muro dopo 2\u201923\u201d5, agguantando cos\u00ec la seconda piazza fra i Ragazzi. Molto soddisfatti gli allenatori Alberto Cassol e Giulia Bortot, che stanno gi\u00e0 preparando la squadra in vista delle prossime gare.<\/p>\n<p>&nbsp;<\/p>\n<p>&nbsp;<\/p>\n<hr \/>\n<p>&nbsp;<\/p>\n<blockquote class=\"wp-embedded-content\" data-secret=\"gMxEmEoSu4\"><p><a href=\"https:\/\/www.radiopiu.net\/wordpress\/la-snowboarder-lucia-dalmasso-da-falcade-corona-il-suo-sogno-le-olimpiadi-road-to-pechino-2022\/\">LA SNOWBOARDER LUCIA DALMASSO DA FALCADE, CORONA IL SUO SOGNO: LE OLIMPIADI. ROAD TO PECHINO 2022<\/a><\/p><\/blockquote>\n<p><iframe loading=\"lazy\" class=\"wp-embedded-content\" sandbox=\"allow-scripts\" security=\"restricted\" style=\"position: absolute; clip: rect(1px, 1px, 1px, 1px);\" title=\"&#8220;LA SNOWBOARDER LUCIA DALMASSO DA FALCADE, CORONA IL SUO SOGNO: LE OLIMPIADI. ROAD TO PECHINO 2022&#8221; &#8212; Radio Pi\u00f9\" src=\"https:\/\/www.radiopiu.net\/wordpress\/la-snowboarder-lucia-dalmasso-da-falcade-corona-il-suo-sogno-le-olimpiadi-road-to-pechino-2022\/embed\/#?secret=gMxEmEoSu4\" data-secret=\"gMxEmEoSu4\" width=\"600\" height=\"338\" frameborder=\"0\" marginwidth=\"0\" marginheight=\"0\" scrolling=\"no\"><\/iframe><\/p>\n<p>&nbsp;<\/p>\n<\/div>\n<\/div>\n<\/div>\n<\/div>\n<\/div>\n<\/div>\n","protected":false},"excerpt":{"rendered":"<p>\u00a0INFORMAZIONE il canale su TELEGRAM informazione di prima mano e in tempo reale. iscriviti ed aiutaci a farlo conoscere\u00a0\u00a0 &nbsp; &nbsp; &nbsp; LA GOLIARDATA CHE NON HA FATTO RIDERE NESSUNO, QUALCHE &#8220;GRANDE&#8221; ELETTORE\u00a0 BELLUNESE PARE CHE A ROMA NON ABBIA NIENTE DI MEGLIO DA FARE CHE&#8230; DIVERTIRSI Alessio Bortolini Presidente della Repubblica, anzi il sindaco&hellip;<\/p>\n","protected":false},"author":4,"featured_media":256201,"comment_status":"closed","ping_status":"open","sticky":false,"template":"","format":"standard","meta":{"_monsterinsights_skip_tracking":false,"_monsterinsights_sitenote_active":false,"_monsterinsights_sitenote_note":"","_monsterinsights_sitenote_category":0,"footnotes":""},"categories":[104,86,49],"tags":[],"class_list":["post-255980","post","type-post","status-publish","format-standard","has-post-thumbnail","hentry","category-evidenza_3","category-gr","category-news-18","category-104","category-86","category-49","description-off"],"img_url":"https:\/\/www.radiopiu.net\/wordpress\/wp-content\/uploads\/2022\/01\/81eabaf5-e683-47cc-b715-df3ba6c643bf.jpg","_links":{"self":[{"href":"https:\/\/www.radiopiu.net\/wordpress\/wp-json\/wp\/v2\/posts\/255980","targetHints":{"allow":["GET"]}}],"collection":[{"href":"https:\/\/www.radiopiu.net\/wordpress\/wp-json\/wp\/v2\/posts"}],"about":[{"href":"https:\/\/www.radiopiu.net\/wordpress\/wp-json\/wp\/v2\/types\/post"}],"author":[{"embeddable":true,"href":"https:\/\/www.radiopiu.net\/wordpress\/wp-json\/wp\/v2\/users\/4"}],"replies":[{"embeddable":true,"href":"https:\/\/www.radiopiu.net\/wordpress\/wp-json\/wp\/v2\/comments?post=255980"}],"version-history":[{"count":0,"href":"https:\/\/www.radiopiu.net\/wordpress\/wp-json\/wp\/v2\/posts\/255980\/revisions"}],"wp:featuredmedia":[{"embeddable":true,"href":"https:\/\/www.radiopiu.net\/wordpress\/wp-json\/wp\/v2\/media\/256201"}],"wp:attachment":[{"href":"https:\/\/www.radiopiu.net\/wordpress\/wp-json\/wp\/v2\/media?parent=255980"}],"wp:term":[{"taxonomy":"category","embeddable":true,"href":"https:\/\/www.radiopiu.net\/wordpress\/wp-json\/wp\/v2\/categories?post=255980"},{"taxonomy":"post_tag","embeddable":true,"href":"https:\/\/www.radiopiu.net\/wordpress\/wp-json\/wp\/v2\/tags?post=255980"}],"curies":[{"name":"wp","href":"https:\/\/api.w.org\/{rel}","templated":true}]}}