{"id":255992,"date":"2022-01-24T23:58:14","date_gmt":"2022-01-24T22:58:14","guid":{"rendered":"https:\/\/www.radiopiu.net\/wordpress\/?p=255992"},"modified":"2022-01-26T10:34:00","modified_gmt":"2022-01-26T09:34:00","slug":"unagordina-alle-olimpiadi-di-pechino-2022-lucia-dalmasso-convocata","status":"publish","type":"post","link":"https:\/\/www.radiopiu.net\/wordpress\/unagordina-alle-olimpiadi-di-pechino-2022-lucia-dalmasso-convocata\/","title":{"rendered":"QUANDO I SOGNI SI AVVERANO&#8230;ALLO ZERO TERMICO C&#8217;E&#8217; LUCIA"},"content":{"rendered":"<p>&nbsp;<\/p>\n<p><strong>\u00a0\u00a0<\/strong><\/p>\n<h2><span style=\"color: #ff0000;\"><img loading=\"lazy\" decoding=\"async\" class=\"alignleft\" src=\"https:\/\/www.radiopiu.net\/wordpress\/wp-content\/uploads\/2022\/01\/Schermata-2022-01-07-alle-10.51.06.png\" width=\"134\" height=\"118\" \/>IERI ALLA RADIO\u00a0\u00a0<\/span><\/h2>\n<p><strong>di Claudio Fontanive PUNTATA 13, OSPITE\u00a0 LUCIA DALMASSO\u00a0 MERCOLEDI 26 GENNAIO\u00a0 2022<\/strong><\/p>\n<audio class=\"wp-audio-shortcode\" id=\"audio-255992-1\" preload=\"none\" style=\"width: 100%;\" controls=\"controls\"><source type=\"audio\/mpeg\" src=\"https:\/\/www.radiopiu.net\/wordpress\/wp-content\/uploads\/2022\/01\/lucia-dal-masso-26-gennaio.mp3?_=1\" \/><a href=\"https:\/\/www.radiopiu.net\/wordpress\/wp-content\/uploads\/2022\/01\/lucia-dal-masso-26-gennaio.mp3\">https:\/\/www.radiopiu.net\/wordpress\/wp-content\/uploads\/2022\/01\/lucia-dal-masso-26-gennaio.mp3<\/a><\/audio>\n<p><strong>\u00a0\u00a0<\/strong><\/p>\n<p>&nbsp;<\/p>\n<hr \/>\n<p><strong>\u00a0<\/strong><\/p>\n<p><strong> 24 GENNAIO, L&#8217;ANTICIPAZIONE ALLA RADIO&#8230;<\/strong><\/p>\n<p><strong><a href=\"https:\/\/www.radiopiu.net\/wordpress\/lucia-dalmasso-in-coppa-del-mondo\/dalmasso-luvia-falcade-990x743\/\" rel=\"attachment wp-att-247571\"><img loading=\"lazy\" decoding=\"async\" class=\"size-medium wp-image-247571 alignleft\" src=\"https:\/\/www.radiopiu.net\/wordpress\/wp-content\/uploads\/2021\/12\/dalmasso-luvia-falcade-990x743-1-300x225.webp\" alt=\"\" width=\"300\" height=\"225\" srcset=\"https:\/\/www.radiopiu.net\/wordpress\/wp-content\/uploads\/2021\/12\/dalmasso-luvia-falcade-990x743-1-300x225.webp 300w, https:\/\/www.radiopiu.net\/wordpress\/wp-content\/uploads\/2021\/12\/dalmasso-luvia-falcade-990x743-1-768x576.webp 768w, https:\/\/www.radiopiu.net\/wordpress\/wp-content\/uploads\/2021\/12\/dalmasso-luvia-falcade-990x743-1.webp 990w\" sizes=\"auto, (max-width: 300px) 100vw, 300px\" \/><\/a>FALCADE<\/strong> La Federazione Italiana Sport Invernali ha ufficializzato gli atleti che parteciperanno alle Olimpiadi Invernali di Pechino 2022. Tra loro anche l&#8217;agordina Lucia Dalmasso che parteciper\u00e0 come atleta dello snowboard parallelo. Una stagione da incorniciare per la ragazza falcadina che si \u00e8 contraddistinta anche in coppa del mondo con degli ottimi risultati. La Dalmasso scender\u00e0 in pista marted\u00ec 8 febbraio quando alle 3:40 (ora italiana) inizieranno le qualificazioni dello slalom gigante parallelo femminile.<\/p>\n<p>&nbsp;<\/p>\n<p><strong>LE CONVOCAZIONI SUL SITO DELLA FISI <a href=\"https:\/\/www.fisi.org\/i-convocati-fisi-per-le-olimpiadi-di-pechino-2022-2\/\">CLICCA QUI<\/a><\/strong><\/p>\n<p>*****<\/p>\n","protected":false},"excerpt":{"rendered":"<p>&nbsp; \u00a0\u00a0 IERI ALLA RADIO\u00a0\u00a0 di Claudio Fontanive PUNTATA 13, OSPITE\u00a0 LUCIA DALMASSO\u00a0 MERCOLEDI 26 GENNAIO\u00a0 2022 \u00a0\u00a0 &nbsp; \u00a0 24 GENNAIO, L&#8217;ANTICIPAZIONE ALLA RADIO&#8230; FALCADE La Federazione Italiana Sport Invernali ha ufficializzato gli atleti che parteciperanno alle Olimpiadi Invernali di Pechino 2022. Tra loro anche l&#8217;agordina Lucia Dalmasso che parteciper\u00e0 come atleta dello snowboard&hellip;<\/p>\n","protected":false},"author":4,"featured_media":252747,"comment_status":"closed","ping_status":"open","sticky":false,"template":"","format":"standard","meta":{"_monsterinsights_skip_tracking":false,"_monsterinsights_sitenote_active":false,"_monsterinsights_sitenote_note":"","_monsterinsights_sitenote_category":0,"footnotes":""},"categories":[104,49],"tags":[],"class_list":["post-255992","post","type-post","status-publish","format-standard","has-post-thumbnail","hentry","category-evidenza_3","category-news-18","category-104","category-49","description-off"],"img_url":"https:\/\/www.radiopiu.net\/wordpress\/wp-content\/uploads\/2022\/01\/Schermata-2022-01-07-alle-10.51.06.png","_links":{"self":[{"href":"https:\/\/www.radiopiu.net\/wordpress\/wp-json\/wp\/v2\/posts\/255992","targetHints":{"allow":["GET"]}}],"collection":[{"href":"https:\/\/www.radiopiu.net\/wordpress\/wp-json\/wp\/v2\/posts"}],"about":[{"href":"https:\/\/www.radiopiu.net\/wordpress\/wp-json\/wp\/v2\/types\/post"}],"author":[{"embeddable":true,"href":"https:\/\/www.radiopiu.net\/wordpress\/wp-json\/wp\/v2\/users\/4"}],"replies":[{"embeddable":true,"href":"https:\/\/www.radiopiu.net\/wordpress\/wp-json\/wp\/v2\/comments?post=255992"}],"version-history":[{"count":0,"href":"https:\/\/www.radiopiu.net\/wordpress\/wp-json\/wp\/v2\/posts\/255992\/revisions"}],"wp:featuredmedia":[{"embeddable":true,"href":"https:\/\/www.radiopiu.net\/wordpress\/wp-json\/wp\/v2\/media\/252747"}],"wp:attachment":[{"href":"https:\/\/www.radiopiu.net\/wordpress\/wp-json\/wp\/v2\/media?parent=255992"}],"wp:term":[{"taxonomy":"category","embeddable":true,"href":"https:\/\/www.radiopiu.net\/wordpress\/wp-json\/wp\/v2\/categories?post=255992"},{"taxonomy":"post_tag","embeddable":true,"href":"https:\/\/www.radiopiu.net\/wordpress\/wp-json\/wp\/v2\/tags?post=255992"}],"curies":[{"name":"wp","href":"https:\/\/api.w.org\/{rel}","templated":true}]}}